{"id":18383,"date":"2015-10-15T21:06:33","date_gmt":"2015-10-16T02:06:33","guid":{"rendered":"http:\/\/www.lospoliticosveracruz.com.mx\/?p=18383"},"modified":"2015-10-15T21:06:33","modified_gmt":"2015-10-16T02:06:33","slug":"alianza-pan-prd-al-final-mancha-se-mancho","status":"publish","type":"post","link":"https:\/\/lospoliticosveracruz.com\/?p=18383","title":{"rendered":"Alianza PAN-PRD: al final, Mancha se manch\u00f3"},"content":{"rendered":"<p><a href=\"http:\/\/www.lospoliticosveracruz.com.mx\/wp-content\/uploads\/2015\/10\/Paco-Valencia.jpg\"><img loading=\"lazy\" decoding=\"async\" class=\"alignnone size-medium wp-image-18385\" src=\"http:\/\/www.lospoliticosveracruz.com.mx\/wp-content\/uploads\/2015\/10\/Paco-Valencia-300x193.jpg\" alt=\"Paco Valencia\" width=\"300\" height=\"193\" \/><\/a><\/p>\n<p><strong>Armando Ortiz<\/strong><\/p>\n<p><em>El Hijo Pr\u00f3digo<\/em><\/p>\n<p>En una comida con amigos periodistas realizada hace algunas semanas, en la que estuvo como anfitri\u00f3n el presidente del PAN en el estado, el joven Pepe Mancha, tuvimos la osad\u00eda de decirle al dirigente panista que tuviera cuidado con la pretendida alianza de su partido con el PRD. El joven l\u00edder, a quien minutos antes le hab\u00eda confesado mi vocaci\u00f3n lopezobradorista y mi total repudio a los sexenios del imb\u00e9cil Fox y del ebrio Calder\u00f3n, se me qued\u00f3 mirando con condescendencia, como quien pisa terreno firme y lo ve a uno volando bajo. En esa ocasi\u00f3n se\u00f1al\u00f3 que la alianza era inminente y que confiaban en el liderazgo de los dirigentes perredistas.<br \/>\nEntonces le dijimos lo que todo mundo enterado de pol\u00edtica en Veracruz sabe: \u201cFranco Cast\u00e1n es empleado de \u00c9rick Lagos. En el momento que \u00c9rick le diga traiciona, su perro fiel traicionar\u00e1\u201d. El joven l\u00edder me segu\u00eda mirando con esa condescendencia que ya se me hac\u00eda burla. \u201cEl PRD \u2013dije en lo personal- es una mierda y los que pretendan hacer alianzas con ellos quedar\u00e1n manchados de mierda\u201d. Al final Pepe Mancha sali\u00f3 manchado, poco, apenas una embarradita, pero manchado de esa mierda perredista.<br \/>\nEstoy seguro de que para la fecha en que comimos con el l\u00edder del PAN ya los que controlan al PRD ten\u00edan pensado anunciar la posible candidatura de Francisco Valencia. Ya hab\u00edan hablado con la revista L\u00edder para hacerle una entrevista, ya ten\u00edan la foto de portada que piensan exhibir en los espectaculares. \u00bfA poco el PRD tiene tanto dinero para eso?<br \/>\nFrancisco Valencia es parte del gobierno de Javier Duarte. Due\u00f1o de un restaurante donde mucho del presupuesto estatal ha quedado en comilonas pantagru\u00e9licas. Valencia fue en 2013 secretario de Comunicaciones. Actualmente es director de la Comisi\u00f3n de Agua del Estado de Veracruz (CAEV). Es gente de Duarte, gente de la cofrad\u00eda de la Fidelidad. Es in\u00fatil que lo presenten como una fuerza opositora, de una izquierda inexistente.<br \/>\nEn la entrevista de la revista L\u00edder sale una foto de \u00e9l, en camisa blanca. Se le ve sufriente porque sume la panza y aguanta la respiraci\u00f3n. Ah\u00ed dice: \u201cIndependientemente de alg\u00fan partido pol\u00edtico, sirvo a Veracruz, y el Gobernador me hizo el honor de invitarme porque no importan los colores ni las siglas sino servir a Veracruz\u201d.<br \/>\nNo le importan los colores pero viste de rojo en las giras con Duarte, no tendr\u00e1 problemas como candidato del PRD porque todo mundo sabe que este PRD en Veracruz es rojo. Se dice un gran servidor p\u00fablico que no se apabulla por las responsabilidades; curiosamente en ning\u00fan momento de la entrevista se dice que es honrado, porque saben que la honradez no est\u00e1 en los requisitos del PRD para encontrar candidato.<br \/>\nFrancisco Valencia es otro esfuerzo desesperado del gobierno por inflar candidatos imposibles, para mermar la cosecha de votos que tendr\u00e1n los que se oponen al continuismo de la Fidelidad. Pero este candidato sume la panza a la hora de las fotos y lo que el gobierno requiere es un candidato inflado, uno que se muestre con gran carisma, con la fuerza de arrastre que tienen los otros candidatos que no necesitan poses falsas para verse como lo que no son. Francisco Valencia est\u00e1 condenado a correr la misma suerte que el farsante de Buganza; y es que lo t\u00edteres no tienen vida, aunque as\u00ed lo creyera Don Quijote, los que les dan vida son los que les metan la mano por abajo.<br \/>\nAparte de todo esto el desprestigio del PRD en Veracruz es harto. Ha trascendido la prostituci\u00f3n que existe en ese partido donde los dirigentes de los \u00faltimos a\u00f1os bailan con quien les suene el morral del dinero. El fracaso del PRD est\u00e1 escrito en sus frentes como marca indeleble.<\/p>\n<p><strong>Postdata 1: Muy pronto vida y obra de la familia P\u00e9rez y Quintana<\/strong><br \/>\nMil gracias a los lectores que mandaron por email la vida y obra de la familia P\u00e9rez y Quintana. Por supuesto vamos a publicar esa informaci\u00f3n tan pronto la corroboremos. No es posible que muchos maestros se pasen decenas de a\u00f1os buscando una plaza completa, mientras esto vividores coloquen a sus familiares apenas terminando la educaci\u00f3n superior y a los pocos a\u00f1os los hagan directores o subdirectores de escuela. Tal es el caso de Sergio P\u00e9rez Virues, \u201cquien estando en la Secundaria Federal n\u00famero 4 de esta ciudad de Xalapa, a los pocos meses fue elevado al rango de subdirector en Actopan. De ah\u00ed se lo trajo el a\u00f1o pasado a la Federal n\u00famero 7 de Xalapa, como subdirector, en un tiempo record pisando la antig\u00fcedad y derechos de muchos maestros, que s\u00f3lo agacharon la cabeza\u201d.<br \/>\nArmando Ortiz aortiz52@hotmail.com<\/p>\n","protected":false},"excerpt":{"rendered":"<p>Armando Ortiz El Hijo Pr\u00f3digo En una comida con amigos periodistas realizada hace algunas semanas, en la que estuvo como anfitri\u00f3n el presidente del PAN en el estado, el joven Pepe Mancha, tuvimos la osad\u00eda de decirle al dirigente panista que tuviera cuidado con la pretendida alianza de su partido con el PRD. El joven [&hellip;]<\/p>\n","protected":false},"author":2,"featured_media":0,"comment_status":"open","ping_status":"open","sticky":false,"template":"","format":"standard","meta":{"tdm_status":"","tdm_grid_status":"","footnotes":""},"categories":[70],"tags":[141,3684,3683,1065],"class_list":{"0":"post-18383","1":"post","2":"type-post","3":"status-publish","4":"format-standard","6":"category-de-opinion","7":"tag-erick-lagos","8":"tag-francisco-valencia","9":"tag-franco-castan","10":"tag-pepe-mancha"},"yoast_head":"<!-- This site is optimized with the Yoast SEO plugin v27.4 - https:\/\/yoast.com\/product\/yoast-seo-wordpress\/ -->\n<title>Alianza PAN-PRD: al final, Mancha se manch\u00f3 - Los pol\u00edticos Veracruz<\/title>\n<meta name=\"robots\" content=\"index, follow, max-snippet:-1, max-image-preview:large, max-video-preview:-1\" \/>\n<link rel=\"canonical\" href=\"https:\/\/lospoliticosveracruz.com\/?p=18383\" \/>\n<meta property=\"og:locale\" content=\"es_ES\" \/>\n<meta property=\"og:type\" content=\"article\" \/>\n<meta property=\"og:title\" content=\"Alianza PAN-PRD: al final, Mancha se manch\u00f3 - Los pol\u00edticos Veracruz\" \/>\n<meta property=\"og:description\" content=\"Armando Ortiz El Hijo Pr\u00f3digo En una comida con amigos periodistas realizada hace algunas semanas, en la que estuvo como anfitri\u00f3n el presidente del PAN en el estado, el joven Pepe Mancha, tuvimos la osad\u00eda de decirle al dirigente panista que tuviera cuidado con la pretendida alianza de su partido con el PRD. El joven [&hellip;]\" \/>\n<meta property=\"og:url\" content=\"https:\/\/lospoliticosveracruz.com\/?p=18383\" \/>\n<meta property=\"og:site_name\" content=\"Los pol\u00edticos Veracruz\" \/>\n<meta property=\"article:publisher\" content=\"https:\/\/www.facebook.com\/people\/Notimemes-de-los-Polticos\/61565672886568\/\" \/>\n<meta property=\"article:published_time\" content=\"2015-10-16T02:06:33+00:00\" \/>\n<meta property=\"og:image\" content=\"http:\/\/www.lospoliticosveracruz.com.mx\/wp-content\/uploads\/2015\/10\/Paco-Valencia-300x193.jpg\" \/>\n<meta name=\"author\" content=\"Lo viste en Los Pol\u00edticos\" \/>\n<meta name=\"twitter:card\" content=\"summary_large_image\" \/>\n<meta name=\"twitter:creator\" content=\"@LosPoliticosVer\" \/>\n<meta name=\"twitter:site\" content=\"@LosPoliticosVer\" \/>\n<meta name=\"twitter:label1\" content=\"Escrito por\" \/>\n\t<meta name=\"twitter:data1\" content=\"Lo viste en Los Pol\u00edticos\" \/>\n\t<meta name=\"twitter:label2\" content=\"Tiempo de lectura\" \/>\n\t<meta name=\"twitter:data2\" content=\"4 minutos\" \/>\n<script type=\"application\/ld+json\" class=\"yoast-schema-graph\">{\"@context\":\"https:\\\/\\\/schema.org\",\"@graph\":[{\"@type\":\"Article\",\"@id\":\"https:\\\/\\\/lospoliticosveracruz.com\\\/?p=18383#article\",\"isPartOf\":{\"@id\":\"https:\\\/\\\/lospoliticosveracruz.com\\\/?p=18383\"},\"author\":{\"name\":\"Lo viste en Los Pol\u00edticos\",\"@id\":\"https:\\\/\\\/lospoliticosveracruz.com\\\/#\\\/schema\\\/person\\\/b8702bb0e538456e6efd07080bf2a4a2\"},\"headline\":\"Alianza PAN-PRD: al final, Mancha se manch\u00f3\",\"datePublished\":\"2015-10-16T02:06:33+00:00\",\"mainEntityOfPage\":{\"@id\":\"https:\\\/\\\/lospoliticosveracruz.com\\\/?p=18383\"},\"wordCount\":836,\"commentCount\":0,\"publisher\":{\"@id\":\"https:\\\/\\\/lospoliticosveracruz.com\\\/#organization\"},\"image\":{\"@id\":\"https:\\\/\\\/lospoliticosveracruz.com\\\/?p=18383#primaryimage\"},\"thumbnailUrl\":\"http:\\\/\\\/www.lospoliticosveracruz.com.mx\\\/wp-content\\\/uploads\\\/2015\\\/10\\\/Paco-Valencia-300x193.jpg\",\"keywords\":[\"Erick Lagos\",\"Francisco Valencia\",\"Franco Cast\u00e1n\",\"Pepe Mancha\"],\"articleSection\":[\"De Opini\u00f3n\"],\"inLanguage\":\"es\",\"potentialAction\":[{\"@type\":\"CommentAction\",\"name\":\"Comment\",\"target\":[\"https:\\\/\\\/lospoliticosveracruz.com\\\/?p=18383#respond\"]}]},{\"@type\":\"WebPage\",\"@id\":\"https:\\\/\\\/lospoliticosveracruz.com\\\/?p=18383\",\"url\":\"https:\\\/\\\/lospoliticosveracruz.com\\\/?p=18383\",\"name\":\"Alianza PAN-PRD: al final, Mancha se manch\u00f3 - Los pol\u00edticos Veracruz\",\"isPartOf\":{\"@id\":\"https:\\\/\\\/lospoliticosveracruz.com\\\/#website\"},\"primaryImageOfPage\":{\"@id\":\"https:\\\/\\\/lospoliticosveracruz.com\\\/?p=18383#primaryimage\"},\"image\":{\"@id\":\"https:\\\/\\\/lospoliticosveracruz.com\\\/?p=18383#primaryimage\"},\"thumbnailUrl\":\"http:\\\/\\\/www.lospoliticosveracruz.com.mx\\\/wp-content\\\/uploads\\\/2015\\\/10\\\/Paco-Valencia-300x193.jpg\",\"datePublished\":\"2015-10-16T02:06:33+00:00\",\"breadcrumb\":{\"@id\":\"https:\\\/\\\/lospoliticosveracruz.com\\\/?p=18383#breadcrumb\"},\"inLanguage\":\"es\",\"potentialAction\":[{\"@type\":\"ReadAction\",\"target\":[\"https:\\\/\\\/lospoliticosveracruz.com\\\/?p=18383\"]}]},{\"@type\":\"ImageObject\",\"inLanguage\":\"es\",\"@id\":\"https:\\\/\\\/lospoliticosveracruz.com\\\/?p=18383#primaryimage\",\"url\":\"http:\\\/\\\/www.lospoliticosveracruz.com.mx\\\/wp-content\\\/uploads\\\/2015\\\/10\\\/Paco-Valencia-300x193.jpg\",\"contentUrl\":\"http:\\\/\\\/www.lospoliticosveracruz.com.mx\\\/wp-content\\\/uploads\\\/2015\\\/10\\\/Paco-Valencia-300x193.jpg\"},{\"@type\":\"BreadcrumbList\",\"@id\":\"https:\\\/\\\/lospoliticosveracruz.com\\\/?p=18383#breadcrumb\",\"itemListElement\":[{\"@type\":\"ListItem\",\"position\":1,\"name\":\"Portada\",\"item\":\"https:\\\/\\\/lospoliticosveracruz.com\\\/\"},{\"@type\":\"ListItem\",\"position\":2,\"name\":\"Alianza PAN-PRD: al final, Mancha se manch\u00f3\"}]},{\"@type\":\"WebSite\",\"@id\":\"https:\\\/\\\/lospoliticosveracruz.com\\\/#website\",\"url\":\"https:\\\/\\\/lospoliticosveracruz.com\\\/\",\"name\":\"Los pol\u00edticos Veracruz\",\"description\":\"\",\"publisher\":{\"@id\":\"https:\\\/\\\/lospoliticosveracruz.com\\\/#organization\"},\"potentialAction\":[{\"@type\":\"SearchAction\",\"target\":{\"@type\":\"EntryPoint\",\"urlTemplate\":\"https:\\\/\\\/lospoliticosveracruz.com\\\/?s={search_term_string}\"},\"query-input\":{\"@type\":\"PropertyValueSpecification\",\"valueRequired\":true,\"valueName\":\"search_term_string\"}}],\"inLanguage\":\"es\"},{\"@type\":\"Organization\",\"@id\":\"https:\\\/\\\/lospoliticosveracruz.com\\\/#organization\",\"name\":\"Los pol\u00edticos Veracruz\",\"url\":\"https:\\\/\\\/lospoliticosveracruz.com\\\/\",\"logo\":{\"@type\":\"ImageObject\",\"inLanguage\":\"es\",\"@id\":\"https:\\\/\\\/lospoliticosveracruz.com\\\/#\\\/schema\\\/logo\\\/image\\\/\",\"url\":\"https:\\\/\\\/lospoliticosveracruz.com\\\/wp-content\\\/uploads\\\/2025\\\/12\\\/Logo-Nuevo-LOS-POLITICOS-1.jpg\",\"contentUrl\":\"https:\\\/\\\/lospoliticosveracruz.com\\\/wp-content\\\/uploads\\\/2025\\\/12\\\/Logo-Nuevo-LOS-POLITICOS-1.jpg\",\"width\":260,\"height\":70,\"caption\":\"Los pol\u00edticos Veracruz\"},\"image\":{\"@id\":\"https:\\\/\\\/lospoliticosveracruz.com\\\/#\\\/schema\\\/logo\\\/image\\\/\"},\"sameAs\":[\"https:\\\/\\\/www.facebook.com\\\/people\\\/Notimemes-de-los-Polticos\\\/61565672886568\\\/\",\"https:\\\/\\\/x.com\\\/LosPoliticosVer\"]},{\"@type\":\"Person\",\"@id\":\"https:\\\/\\\/lospoliticosveracruz.com\\\/#\\\/schema\\\/person\\\/b8702bb0e538456e6efd07080bf2a4a2\",\"name\":\"Lo viste en Los Pol\u00edticos\",\"image\":{\"@type\":\"ImageObject\",\"inLanguage\":\"es\",\"@id\":\"https:\\\/\\\/secure.gravatar.com\\\/avatar\\\/3a8de04a2656d44082be478bd6c086daa447c4651605818287b9532d3d0bd435?s=96&d=mm&r=g\",\"url\":\"https:\\\/\\\/secure.gravatar.com\\\/avatar\\\/3a8de04a2656d44082be478bd6c086daa447c4651605818287b9532d3d0bd435?s=96&d=mm&r=g\",\"contentUrl\":\"https:\\\/\\\/secure.gravatar.com\\\/avatar\\\/3a8de04a2656d44082be478bd6c086daa447c4651605818287b9532d3d0bd435?s=96&d=mm&r=g\",\"caption\":\"Lo viste en Los Pol\u00edticos\"},\"url\":\"https:\\\/\\\/lospoliticosveracruz.com\\\/?author=2\"}]}<\/script>\n<!-- \/ Yoast SEO plugin. -->","yoast_head_json":{"title":"Alianza PAN-PRD: al final, Mancha se manch\u00f3 - Los pol\u00edticos Veracruz","robots":{"index":"index","follow":"follow","max-snippet":"max-snippet:-1","max-image-preview":"max-image-preview:large","max-video-preview":"max-video-preview:-1"},"canonical":"https:\/\/lospoliticosveracruz.com\/?p=18383","og_locale":"es_ES","og_type":"article","og_title":"Alianza PAN-PRD: al final, Mancha se manch\u00f3 - Los pol\u00edticos Veracruz","og_description":"Armando Ortiz El Hijo Pr\u00f3digo En una comida con amigos periodistas realizada hace algunas semanas, en la que estuvo como anfitri\u00f3n el presidente del PAN en el estado, el joven Pepe Mancha, tuvimos la osad\u00eda de decirle al dirigente panista que tuviera cuidado con la pretendida alianza de su partido con el PRD. El joven [&hellip;]","og_url":"https:\/\/lospoliticosveracruz.com\/?p=18383","og_site_name":"Los pol\u00edticos Veracruz","article_publisher":"https:\/\/www.facebook.com\/people\/Notimemes-de-los-Polticos\/61565672886568\/","article_published_time":"2015-10-16T02:06:33+00:00","og_image":[{"url":"http:\/\/www.lospoliticosveracruz.com.mx\/wp-content\/uploads\/2015\/10\/Paco-Valencia-300x193.jpg","type":"","width":"","height":""}],"author":"Lo viste en Los Pol\u00edticos","twitter_card":"summary_large_image","twitter_creator":"@LosPoliticosVer","twitter_site":"@LosPoliticosVer","twitter_misc":{"Escrito por":"Lo viste en Los Pol\u00edticos","Tiempo de lectura":"4 minutos"},"schema":{"@context":"https:\/\/schema.org","@graph":[{"@type":"Article","@id":"https:\/\/lospoliticosveracruz.com\/?p=18383#article","isPartOf":{"@id":"https:\/\/lospoliticosveracruz.com\/?p=18383"},"author":{"name":"Lo viste en Los Pol\u00edticos","@id":"https:\/\/lospoliticosveracruz.com\/#\/schema\/person\/b8702bb0e538456e6efd07080bf2a4a2"},"headline":"Alianza PAN-PRD: al final, Mancha se manch\u00f3","datePublished":"2015-10-16T02:06:33+00:00","mainEntityOfPage":{"@id":"https:\/\/lospoliticosveracruz.com\/?p=18383"},"wordCount":836,"commentCount":0,"publisher":{"@id":"https:\/\/lospoliticosveracruz.com\/#organization"},"image":{"@id":"https:\/\/lospoliticosveracruz.com\/?p=18383#primaryimage"},"thumbnailUrl":"http:\/\/www.lospoliticosveracruz.com.mx\/wp-content\/uploads\/2015\/10\/Paco-Valencia-300x193.jpg","keywords":["Erick Lagos","Francisco Valencia","Franco Cast\u00e1n","Pepe Mancha"],"articleSection":["De Opini\u00f3n"],"inLanguage":"es","potentialAction":[{"@type":"CommentAction","name":"Comment","target":["https:\/\/lospoliticosveracruz.com\/?p=18383#respond"]}]},{"@type":"WebPage","@id":"https:\/\/lospoliticosveracruz.com\/?p=18383","url":"https:\/\/lospoliticosveracruz.com\/?p=18383","name":"Alianza PAN-PRD: al final, Mancha se manch\u00f3 - Los pol\u00edticos Veracruz","isPartOf":{"@id":"https:\/\/lospoliticosveracruz.com\/#website"},"primaryImageOfPage":{"@id":"https:\/\/lospoliticosveracruz.com\/?p=18383#primaryimage"},"image":{"@id":"https:\/\/lospoliticosveracruz.com\/?p=18383#primaryimage"},"thumbnailUrl":"http:\/\/www.lospoliticosveracruz.com.mx\/wp-content\/uploads\/2015\/10\/Paco-Valencia-300x193.jpg","datePublished":"2015-10-16T02:06:33+00:00","breadcrumb":{"@id":"https:\/\/lospoliticosveracruz.com\/?p=18383#breadcrumb"},"inLanguage":"es","potentialAction":[{"@type":"ReadAction","target":["https:\/\/lospoliticosveracruz.com\/?p=18383"]}]},{"@type":"ImageObject","inLanguage":"es","@id":"https:\/\/lospoliticosveracruz.com\/?p=18383#primaryimage","url":"http:\/\/www.lospoliticosveracruz.com.mx\/wp-content\/uploads\/2015\/10\/Paco-Valencia-300x193.jpg","contentUrl":"http:\/\/www.lospoliticosveracruz.com.mx\/wp-content\/uploads\/2015\/10\/Paco-Valencia-300x193.jpg"},{"@type":"BreadcrumbList","@id":"https:\/\/lospoliticosveracruz.com\/?p=18383#breadcrumb","itemListElement":[{"@type":"ListItem","position":1,"name":"Portada","item":"https:\/\/lospoliticosveracruz.com\/"},{"@type":"ListItem","position":2,"name":"Alianza PAN-PRD: al final, Mancha se manch\u00f3"}]},{"@type":"WebSite","@id":"https:\/\/lospoliticosveracruz.com\/#website","url":"https:\/\/lospoliticosveracruz.com\/","name":"Los pol\u00edticos Veracruz","description":"","publisher":{"@id":"https:\/\/lospoliticosveracruz.com\/#organization"},"potentialAction":[{"@type":"SearchAction","target":{"@type":"EntryPoint","urlTemplate":"https:\/\/lospoliticosveracruz.com\/?s={search_term_string}"},"query-input":{"@type":"PropertyValueSpecification","valueRequired":true,"valueName":"search_term_string"}}],"inLanguage":"es"},{"@type":"Organization","@id":"https:\/\/lospoliticosveracruz.com\/#organization","name":"Los pol\u00edticos Veracruz","url":"https:\/\/lospoliticosveracruz.com\/","logo":{"@type":"ImageObject","inLanguage":"es","@id":"https:\/\/lospoliticosveracruz.com\/#\/schema\/logo\/image\/","url":"https:\/\/lospoliticosveracruz.com\/wp-content\/uploads\/2025\/12\/Logo-Nuevo-LOS-POLITICOS-1.jpg","contentUrl":"https:\/\/lospoliticosveracruz.com\/wp-content\/uploads\/2025\/12\/Logo-Nuevo-LOS-POLITICOS-1.jpg","width":260,"height":70,"caption":"Los pol\u00edticos Veracruz"},"image":{"@id":"https:\/\/lospoliticosveracruz.com\/#\/schema\/logo\/image\/"},"sameAs":["https:\/\/www.facebook.com\/people\/Notimemes-de-los-Polticos\/61565672886568\/","https:\/\/x.com\/LosPoliticosVer"]},{"@type":"Person","@id":"https:\/\/lospoliticosveracruz.com\/#\/schema\/person\/b8702bb0e538456e6efd07080bf2a4a2","name":"Lo viste en Los Pol\u00edticos","image":{"@type":"ImageObject","inLanguage":"es","@id":"https:\/\/secure.gravatar.com\/avatar\/3a8de04a2656d44082be478bd6c086daa447c4651605818287b9532d3d0bd435?s=96&d=mm&r=g","url":"https:\/\/secure.gravatar.com\/avatar\/3a8de04a2656d44082be478bd6c086daa447c4651605818287b9532d3d0bd435?s=96&d=mm&r=g","contentUrl":"https:\/\/secure.gravatar.com\/avatar\/3a8de04a2656d44082be478bd6c086daa447c4651605818287b9532d3d0bd435?s=96&d=mm&r=g","caption":"Lo viste en Los Pol\u00edticos"},"url":"https:\/\/lospoliticosveracruz.com\/?author=2"}]}},"_links":{"self":[{"href":"https:\/\/lospoliticosveracruz.com\/index.php?rest_route=\/wp\/v2\/posts\/18383","targetHints":{"allow":["GET"]}}],"collection":[{"href":"https:\/\/lospoliticosveracruz.com\/index.php?rest_route=\/wp\/v2\/posts"}],"about":[{"href":"https:\/\/lospoliticosveracruz.com\/index.php?rest_route=\/wp\/v2\/types\/post"}],"author":[{"embeddable":true,"href":"https:\/\/lospoliticosveracruz.com\/index.php?rest_route=\/wp\/v2\/users\/2"}],"replies":[{"embeddable":true,"href":"https:\/\/lospoliticosveracruz.com\/index.php?rest_route=%2Fwp%2Fv2%2Fcomments&post=18383"}],"version-history":[{"count":1,"href":"https:\/\/lospoliticosveracruz.com\/index.php?rest_route=\/wp\/v2\/posts\/18383\/revisions"}],"predecessor-version":[{"id":18386,"href":"https:\/\/lospoliticosveracruz.com\/index.php?rest_route=\/wp\/v2\/posts\/18383\/revisions\/18386"}],"wp:attachment":[{"href":"https:\/\/lospoliticosveracruz.com\/index.php?rest_route=%2Fwp%2Fv2%2Fmedia&parent=18383"}],"wp:term":[{"taxonomy":"category","embeddable":true,"href":"https:\/\/lospoliticosveracruz.com\/index.php?rest_route=%2Fwp%2Fv2%2Fcategories&post=18383"},{"taxonomy":"post_tag","embeddable":true,"href":"https:\/\/lospoliticosveracruz.com\/index.php?rest_route=%2Fwp%2Fv2%2Ftags&post=18383"}],"curies":[{"name":"wp","href":"https:\/\/api.w.org\/{rel}","templated":true}]}}