{"id":18387,"date":"2015-10-15T21:17:28","date_gmt":"2015-10-16T02:17:28","guid":{"rendered":"http:\/\/www.lospoliticosveracruz.com.mx\/?p=18387"},"modified":"2015-10-15T21:17:28","modified_gmt":"2015-10-16T02:17:28","slug":"silva-una-designacion-que-no-camina","status":"publish","type":"post","link":"https:\/\/lospoliticosveracruz.com\/?p=18387","title":{"rendered":"Silva: Una designaci\u00f3n que no camina"},"content":{"rendered":"<p><a href=\"http:\/\/www.lospoliticosveracruz.com.mx\/wp-content\/uploads\/2015\/10\/Erika-Ayala-Molina-Palacios.jpg\"><img loading=\"lazy\" decoding=\"async\" class=\"alignnone size-medium wp-image-18391\" src=\"http:\/\/www.lospoliticosveracruz.com.mx\/wp-content\/uploads\/2015\/10\/Erika-Ayala-Molina-Palacios-300x157.jpg\" alt=\"Erika Ayala Molina Palacios\" width=\"300\" height=\"157\" \/><\/a><br \/>\n<strong>Marco Antonio Aguirre Rodr\u00edguez<\/strong><\/p>\n<p><em>M\u00edsticos y Terrenales<\/em><\/p>\n<p>Por eso ten\u00edan prisa de que Alberto Silva asumieses la posici\u00f3n, porque dejar que esto se calentase provocar\u00eda lo que est\u00e1 pasando, el rechazo a su llegada a la dirigencia estatal del PRI.<br \/>\nPero en contraparte se da un hecho inusitado: la salida de Fidel Herrera del pa\u00eds, el intento por descabezar, aunque sea por cuesti\u00f3n de imagen, al fidelato, al mandarlo como c\u00f3nsul a Barcelona.<br \/>\nUn consulado, por mucho que se le quiera dar una posici\u00f3n relevante, nunca lo ha sido, por eso no es necesario que el Senado ratifique los nombramientos.<br \/>\nAunque diga Fidel Herrera que estar\u00e1 cerca, la distancia siempre abre una gran brecha de comunicaci\u00f3n.<br \/>\nAs\u00ed que al parecer el momento no es el mejor para el fidelato.<br \/>\nPero empujaron, y fuerte, para que se le la nominaci\u00f3n a Alberto Silva.<br \/>\nNada m\u00e1s que el cabildeo no lo realiz\u00f3 ninguno de los insignes miembros del fidelato; ni los diputados Erick Lagos, ni Jorge Carvallo, mucho Tarek Abadal\u00e1 o Javier Herrera.<br \/>\nTuvieron que pedir el favor (\u00bfo pagaron el servicio?) a Enrique Jackson, el \u201casesor de a mill\u00f3n\u201d de pesos mensuales.<br \/>\nEl Partido nunca ha hecho la designaci\u00f3n de sus dirigentes de modo democr\u00e1tico, siempre se ha colocado a los mismos conforme a las circunstancias del momento.<br \/>\nPero hoy las circunstancias son contrarias al grupo en el poder, en el gobierno del estado de Veracruz.<br \/>\nLa aprobaci\u00f3n que dec\u00edan tener en M\u00e9xico, desde los c\u00edrculos cercanos de la Presidencia de la Rep\u00fablica, no ha se\u00f1ales para que Silva pueda colocar su estandarte en el PRI estatal.<br \/>\nPor lo pronto presionan aqu\u00ed, donde pueden hacerlo.<br \/>\nY los primeros a los que les dijeron que se pronuncien a favor de Alberto Silva fueron a Erika Ayala, de la CNOP, y Juan Carlos Molina Palacios, de la CNC, ambos cercanos al grupo de H\u00e9ctor Yunes.<br \/>\nAmbos tuvieron que acceder por aquello de la institucionalidad dentro de las dirigencias del PRI.<br \/>\nLa intenci\u00f3n de que ellos fueran los primeros es que se muestre como que H\u00e9ctor Yunes apoya a Alberto Silva, de manera tangencial.<br \/>\nLas presiones tambi\u00e9n se dieron con dirigentes de diverso tipo cercanos al grupo de Pepe Yunes, con la misma intenci\u00f3n de aparentar que le est\u00e1n ganado terreno.<br \/>\nPero esto no es as\u00ed.<br \/>\nDe hecho H\u00e9ctor Yunes respondi\u00f3 a los llamados de Alberto Silva a \u201cla unidad\u201d con un bolet\u00edn cr\u00edptico.<br \/>\nAlberto Silva dijo que los Senadores del PRI son sus amigos, y que sus criticas no lo afectan, pero en cambio les hizo un llamado \u201ca la unidad del partido, porque el enemigo a vencer est\u00e1 afuera.\u201d<br \/>\nH\u00e9ctor Yunes acus\u00f3 el golpe y en su bolet\u00edn de respuesta ponder\u00f3 su car\u00e1cter de ex presidente del Comit\u00e9 Directivo Estatal (CDE) del Partido Revolucionario Institucional (PRI), y en ese tenor manifest\u00f3 que\u00a0 \u201cla unidad no es, no puede ser un fin en s\u00ed mismo. Es un medio: uno, para construir un Veracruz mejor: con mayor bienestar, sensibilidad y decencia\u201d.<br \/>\nAgreg\u00f3 que entendiendo esta premisa, la unidad no se decreta, se construye. \u201cY nadie, que yo sepa construye a manotazos. La precipitaci\u00f3n es el mejor m\u00e9todo para destruir, no para construir\u201d.<br \/>\nEse fue su reclamo, pues, por el intento de asalto al partido.<br \/>\nPero tambi\u00e9n dej\u00f3 la puerta abierta: \u201cDe esta manera, dijo, para fortalecer la unidad partidista no s\u00f3lo de cara al proceso electoral de 2016, \u00aben todo momento mi partido siempre podr\u00e1 contar conmigo\u00bb.<br \/>\n\u00bfEn todo momento?, \u00bfincluyendo la asunci\u00f3n de Alberto Silva como dirigente estatal?.<br \/>\nPor su parte Jos\u00e9 Yunes mantiene la posici\u00f3n en contra de la llegada de Alberto Silva, tanto que hasta ahora se muestra dispuesto a no asistir al evento, en caso de que se haga.<br \/>\nH\u00e9ctor Yunes tampoco quiere asistir; de hecho ya dej\u00f3 correr la versi\u00f3n de que sale de M\u00e9xico para una gira internacional que empieza el 20 de octubre,<br \/>\nPor mientras ambos Yunes, hoy se muestran m\u00e1s cercanos uno al otro que en tiempos distintos.<br \/>\nY al fidelato le urge que Silva tome la posici\u00f3n.<br \/>\nCada d\u00eda son menos sus adeptos; cada d\u00eda la posibilidad de ser el candidato del PRI a la gubernatura es m\u00e1s lejana; cada d\u00eda la posibilidad de que el fidelato pueda ganar la elecci\u00f3n en el 2016, incluso desde otro partido, es m\u00e1s d\u00e9bil.<br \/>\nVaya, muestra de que ya no tienen todo consigo es que los exdirigentes del PRI estatal Amadeo Flores, Carlos Brito y Gonzalo Morgado se pronunciaorn en contra de la llegada de Alberto Silva a la dirigencia del PRI estatal.<br \/>\nIncluso Marco Antonio del \u00c1ngel, hijo de C\u00e9sar del \u00c1ngel, tambi\u00e9n se pronunci\u00f3 en contra y en contraparte ponder\u00f3 que \u00e9l puede ser el pr\u00f3ximo presidente del comit\u00e9 estatal de su partido.<br \/>\nLa insubordinaci\u00f3n total, porque los 400 Pueblos que dirige C\u00e9sar del \u00c1ngel siempre estuvieron a favor del fidelato, tanto con Fidel Herrera como gobernador, como con Javier Duarte en su papel de representante de ese grupo.<br \/>\nLos 400 Pueblos han trabajado cerca de Reynaldo Escobar. \u00bfInsubordinaci\u00f3n?.<br \/>\nPor eso las prisas, por eso las presiones.<br \/>\nLos m\u00edsticos y los que se sienten los grandes m\u00edsticos est\u00e1n en su lucha.<\/p>\n","protected":false},"excerpt":{"rendered":"<p>Marco Antonio Aguirre Rodr\u00edguez M\u00edsticos y Terrenales Por eso ten\u00edan prisa de que Alberto Silva asumieses la posici\u00f3n, porque dejar que esto se calentase provocar\u00eda lo que est\u00e1 pasando, el rechazo a su llegada a la dirigencia estatal del PRI. Pero en contraparte se da un hecho inusitado: la salida de Fidel Herrera del pa\u00eds, [&hellip;]<\/p>\n","protected":false},"author":2,"featured_media":0,"comment_status":"open","ping_status":"open","sticky":false,"template":"","format":"standard","meta":{"tdm_status":"","tdm_grid_status":"","footnotes":""},"categories":[70],"tags":[106,79,3256],"class_list":{"0":"post-18387","1":"post","2":"type-post","3":"status-publish","4":"format-standard","6":"category-de-opinion","7":"tag-erika-ayala","8":"tag-fidel-herrera","9":"tag-juan-carlos-molina-palacios"},"yoast_head":"<!-- This site is optimized with the Yoast SEO plugin v27.4 - https:\/\/yoast.com\/product\/yoast-seo-wordpress\/ -->\n<title>Silva: Una designaci\u00f3n que no camina - Los pol\u00edticos Veracruz<\/title>\n<meta name=\"robots\" content=\"index, follow, max-snippet:-1, max-image-preview:large, max-video-preview:-1\" \/>\n<link rel=\"canonical\" href=\"https:\/\/lospoliticosveracruz.com\/?p=18387\" \/>\n<meta property=\"og:locale\" content=\"es_ES\" \/>\n<meta property=\"og:type\" content=\"article\" \/>\n<meta property=\"og:title\" content=\"Silva: Una designaci\u00f3n que no camina - Los pol\u00edticos Veracruz\" \/>\n<meta property=\"og:description\" content=\"Marco Antonio Aguirre Rodr\u00edguez M\u00edsticos y Terrenales Por eso ten\u00edan prisa de que Alberto Silva asumieses la posici\u00f3n, porque dejar que esto se calentase provocar\u00eda lo que est\u00e1 pasando, el rechazo a su llegada a la dirigencia estatal del PRI. Pero en contraparte se da un hecho inusitado: la salida de Fidel Herrera del pa\u00eds, [&hellip;]\" \/>\n<meta property=\"og:url\" content=\"https:\/\/lospoliticosveracruz.com\/?p=18387\" \/>\n<meta property=\"og:site_name\" content=\"Los pol\u00edticos Veracruz\" \/>\n<meta property=\"article:publisher\" content=\"https:\/\/www.facebook.com\/people\/Notimemes-de-los-Polticos\/61565672886568\/\" \/>\n<meta property=\"article:published_time\" content=\"2015-10-16T02:17:28+00:00\" \/>\n<meta property=\"og:image\" content=\"http:\/\/www.lospoliticosveracruz.com.mx\/wp-content\/uploads\/2015\/10\/Erika-Ayala-Molina-Palacios-300x157.jpg\" \/>\n<meta name=\"author\" content=\"Lo viste en Los Pol\u00edticos\" \/>\n<meta name=\"twitter:card\" content=\"summary_large_image\" \/>\n<meta name=\"twitter:creator\" content=\"@LosPoliticosVer\" \/>\n<meta name=\"twitter:site\" content=\"@LosPoliticosVer\" \/>\n<meta name=\"twitter:label1\" content=\"Escrito por\" \/>\n\t<meta name=\"twitter:data1\" content=\"Lo viste en Los Pol\u00edticos\" \/>\n\t<meta name=\"twitter:label2\" content=\"Tiempo de lectura\" \/>\n\t<meta name=\"twitter:data2\" content=\"5 minutos\" \/>\n<script type=\"application\/ld+json\" class=\"yoast-schema-graph\">{\"@context\":\"https:\\\/\\\/schema.org\",\"@graph\":[{\"@type\":\"Article\",\"@id\":\"https:\\\/\\\/lospoliticosveracruz.com\\\/?p=18387#article\",\"isPartOf\":{\"@id\":\"https:\\\/\\\/lospoliticosveracruz.com\\\/?p=18387\"},\"author\":{\"name\":\"Lo viste en Los Pol\u00edticos\",\"@id\":\"https:\\\/\\\/lospoliticosveracruz.com\\\/#\\\/schema\\\/person\\\/b8702bb0e538456e6efd07080bf2a4a2\"},\"headline\":\"Silva: Una designaci\u00f3n que no camina\",\"datePublished\":\"2015-10-16T02:17:28+00:00\",\"mainEntityOfPage\":{\"@id\":\"https:\\\/\\\/lospoliticosveracruz.com\\\/?p=18387\"},\"wordCount\":917,\"commentCount\":0,\"publisher\":{\"@id\":\"https:\\\/\\\/lospoliticosveracruz.com\\\/#organization\"},\"image\":{\"@id\":\"https:\\\/\\\/lospoliticosveracruz.com\\\/?p=18387#primaryimage\"},\"thumbnailUrl\":\"http:\\\/\\\/www.lospoliticosveracruz.com.mx\\\/wp-content\\\/uploads\\\/2015\\\/10\\\/Erika-Ayala-Molina-Palacios-300x157.jpg\",\"keywords\":[\"Erika Ayala\",\"Fidel Herrera\",\"Juan Carlos Molina Palacios\"],\"articleSection\":[\"De Opini\u00f3n\"],\"inLanguage\":\"es\",\"potentialAction\":[{\"@type\":\"CommentAction\",\"name\":\"Comment\",\"target\":[\"https:\\\/\\\/lospoliticosveracruz.com\\\/?p=18387#respond\"]}]},{\"@type\":\"WebPage\",\"@id\":\"https:\\\/\\\/lospoliticosveracruz.com\\\/?p=18387\",\"url\":\"https:\\\/\\\/lospoliticosveracruz.com\\\/?p=18387\",\"name\":\"Silva: Una designaci\u00f3n que no camina - Los pol\u00edticos Veracruz\",\"isPartOf\":{\"@id\":\"https:\\\/\\\/lospoliticosveracruz.com\\\/#website\"},\"primaryImageOfPage\":{\"@id\":\"https:\\\/\\\/lospoliticosveracruz.com\\\/?p=18387#primaryimage\"},\"image\":{\"@id\":\"https:\\\/\\\/lospoliticosveracruz.com\\\/?p=18387#primaryimage\"},\"thumbnailUrl\":\"http:\\\/\\\/www.lospoliticosveracruz.com.mx\\\/wp-content\\\/uploads\\\/2015\\\/10\\\/Erika-Ayala-Molina-Palacios-300x157.jpg\",\"datePublished\":\"2015-10-16T02:17:28+00:00\",\"breadcrumb\":{\"@id\":\"https:\\\/\\\/lospoliticosveracruz.com\\\/?p=18387#breadcrumb\"},\"inLanguage\":\"es\",\"potentialAction\":[{\"@type\":\"ReadAction\",\"target\":[\"https:\\\/\\\/lospoliticosveracruz.com\\\/?p=18387\"]}]},{\"@type\":\"ImageObject\",\"inLanguage\":\"es\",\"@id\":\"https:\\\/\\\/lospoliticosveracruz.com\\\/?p=18387#primaryimage\",\"url\":\"http:\\\/\\\/www.lospoliticosveracruz.com.mx\\\/wp-content\\\/uploads\\\/2015\\\/10\\\/Erika-Ayala-Molina-Palacios-300x157.jpg\",\"contentUrl\":\"http:\\\/\\\/www.lospoliticosveracruz.com.mx\\\/wp-content\\\/uploads\\\/2015\\\/10\\\/Erika-Ayala-Molina-Palacios-300x157.jpg\"},{\"@type\":\"BreadcrumbList\",\"@id\":\"https:\\\/\\\/lospoliticosveracruz.com\\\/?p=18387#breadcrumb\",\"itemListElement\":[{\"@type\":\"ListItem\",\"position\":1,\"name\":\"Portada\",\"item\":\"https:\\\/\\\/lospoliticosveracruz.com\\\/\"},{\"@type\":\"ListItem\",\"position\":2,\"name\":\"Silva: Una designaci\u00f3n que no camina\"}]},{\"@type\":\"WebSite\",\"@id\":\"https:\\\/\\\/lospoliticosveracruz.com\\\/#website\",\"url\":\"https:\\\/\\\/lospoliticosveracruz.com\\\/\",\"name\":\"Los pol\u00edticos Veracruz\",\"description\":\"\",\"publisher\":{\"@id\":\"https:\\\/\\\/lospoliticosveracruz.com\\\/#organization\"},\"potentialAction\":[{\"@type\":\"SearchAction\",\"target\":{\"@type\":\"EntryPoint\",\"urlTemplate\":\"https:\\\/\\\/lospoliticosveracruz.com\\\/?s={search_term_string}\"},\"query-input\":{\"@type\":\"PropertyValueSpecification\",\"valueRequired\":true,\"valueName\":\"search_term_string\"}}],\"inLanguage\":\"es\"},{\"@type\":\"Organization\",\"@id\":\"https:\\\/\\\/lospoliticosveracruz.com\\\/#organization\",\"name\":\"Los pol\u00edticos Veracruz\",\"url\":\"https:\\\/\\\/lospoliticosveracruz.com\\\/\",\"logo\":{\"@type\":\"ImageObject\",\"inLanguage\":\"es\",\"@id\":\"https:\\\/\\\/lospoliticosveracruz.com\\\/#\\\/schema\\\/logo\\\/image\\\/\",\"url\":\"https:\\\/\\\/lospoliticosveracruz.com\\\/wp-content\\\/uploads\\\/2025\\\/12\\\/Logo-Nuevo-LOS-POLITICOS-1.jpg\",\"contentUrl\":\"https:\\\/\\\/lospoliticosveracruz.com\\\/wp-content\\\/uploads\\\/2025\\\/12\\\/Logo-Nuevo-LOS-POLITICOS-1.jpg\",\"width\":260,\"height\":70,\"caption\":\"Los pol\u00edticos Veracruz\"},\"image\":{\"@id\":\"https:\\\/\\\/lospoliticosveracruz.com\\\/#\\\/schema\\\/logo\\\/image\\\/\"},\"sameAs\":[\"https:\\\/\\\/www.facebook.com\\\/people\\\/Notimemes-de-los-Polticos\\\/61565672886568\\\/\",\"https:\\\/\\\/x.com\\\/LosPoliticosVer\"]},{\"@type\":\"Person\",\"@id\":\"https:\\\/\\\/lospoliticosveracruz.com\\\/#\\\/schema\\\/person\\\/b8702bb0e538456e6efd07080bf2a4a2\",\"name\":\"Lo viste en Los Pol\u00edticos\",\"image\":{\"@type\":\"ImageObject\",\"inLanguage\":\"es\",\"@id\":\"https:\\\/\\\/secure.gravatar.com\\\/avatar\\\/3a8de04a2656d44082be478bd6c086daa447c4651605818287b9532d3d0bd435?s=96&d=mm&r=g\",\"url\":\"https:\\\/\\\/secure.gravatar.com\\\/avatar\\\/3a8de04a2656d44082be478bd6c086daa447c4651605818287b9532d3d0bd435?s=96&d=mm&r=g\",\"contentUrl\":\"https:\\\/\\\/secure.gravatar.com\\\/avatar\\\/3a8de04a2656d44082be478bd6c086daa447c4651605818287b9532d3d0bd435?s=96&d=mm&r=g\",\"caption\":\"Lo viste en Los Pol\u00edticos\"},\"url\":\"https:\\\/\\\/lospoliticosveracruz.com\\\/?author=2\"}]}<\/script>\n<!-- \/ Yoast SEO plugin. -->","yoast_head_json":{"title":"Silva: Una designaci\u00f3n que no camina - Los pol\u00edticos Veracruz","robots":{"index":"index","follow":"follow","max-snippet":"max-snippet:-1","max-image-preview":"max-image-preview:large","max-video-preview":"max-video-preview:-1"},"canonical":"https:\/\/lospoliticosveracruz.com\/?p=18387","og_locale":"es_ES","og_type":"article","og_title":"Silva: Una designaci\u00f3n que no camina - Los pol\u00edticos Veracruz","og_description":"Marco Antonio Aguirre Rodr\u00edguez M\u00edsticos y Terrenales Por eso ten\u00edan prisa de que Alberto Silva asumieses la posici\u00f3n, porque dejar que esto se calentase provocar\u00eda lo que est\u00e1 pasando, el rechazo a su llegada a la dirigencia estatal del PRI. Pero en contraparte se da un hecho inusitado: la salida de Fidel Herrera del pa\u00eds, [&hellip;]","og_url":"https:\/\/lospoliticosveracruz.com\/?p=18387","og_site_name":"Los pol\u00edticos Veracruz","article_publisher":"https:\/\/www.facebook.com\/people\/Notimemes-de-los-Polticos\/61565672886568\/","article_published_time":"2015-10-16T02:17:28+00:00","og_image":[{"url":"http:\/\/www.lospoliticosveracruz.com.mx\/wp-content\/uploads\/2015\/10\/Erika-Ayala-Molina-Palacios-300x157.jpg","type":"","width":"","height":""}],"author":"Lo viste en Los Pol\u00edticos","twitter_card":"summary_large_image","twitter_creator":"@LosPoliticosVer","twitter_site":"@LosPoliticosVer","twitter_misc":{"Escrito por":"Lo viste en Los Pol\u00edticos","Tiempo de lectura":"5 minutos"},"schema":{"@context":"https:\/\/schema.org","@graph":[{"@type":"Article","@id":"https:\/\/lospoliticosveracruz.com\/?p=18387#article","isPartOf":{"@id":"https:\/\/lospoliticosveracruz.com\/?p=18387"},"author":{"name":"Lo viste en Los Pol\u00edticos","@id":"https:\/\/lospoliticosveracruz.com\/#\/schema\/person\/b8702bb0e538456e6efd07080bf2a4a2"},"headline":"Silva: Una designaci\u00f3n que no camina","datePublished":"2015-10-16T02:17:28+00:00","mainEntityOfPage":{"@id":"https:\/\/lospoliticosveracruz.com\/?p=18387"},"wordCount":917,"commentCount":0,"publisher":{"@id":"https:\/\/lospoliticosveracruz.com\/#organization"},"image":{"@id":"https:\/\/lospoliticosveracruz.com\/?p=18387#primaryimage"},"thumbnailUrl":"http:\/\/www.lospoliticosveracruz.com.mx\/wp-content\/uploads\/2015\/10\/Erika-Ayala-Molina-Palacios-300x157.jpg","keywords":["Erika Ayala","Fidel Herrera","Juan Carlos Molina Palacios"],"articleSection":["De Opini\u00f3n"],"inLanguage":"es","potentialAction":[{"@type":"CommentAction","name":"Comment","target":["https:\/\/lospoliticosveracruz.com\/?p=18387#respond"]}]},{"@type":"WebPage","@id":"https:\/\/lospoliticosveracruz.com\/?p=18387","url":"https:\/\/lospoliticosveracruz.com\/?p=18387","name":"Silva: Una designaci\u00f3n que no camina - Los pol\u00edticos Veracruz","isPartOf":{"@id":"https:\/\/lospoliticosveracruz.com\/#website"},"primaryImageOfPage":{"@id":"https:\/\/lospoliticosveracruz.com\/?p=18387#primaryimage"},"image":{"@id":"https:\/\/lospoliticosveracruz.com\/?p=18387#primaryimage"},"thumbnailUrl":"http:\/\/www.lospoliticosveracruz.com.mx\/wp-content\/uploads\/2015\/10\/Erika-Ayala-Molina-Palacios-300x157.jpg","datePublished":"2015-10-16T02:17:28+00:00","breadcrumb":{"@id":"https:\/\/lospoliticosveracruz.com\/?p=18387#breadcrumb"},"inLanguage":"es","potentialAction":[{"@type":"ReadAction","target":["https:\/\/lospoliticosveracruz.com\/?p=18387"]}]},{"@type":"ImageObject","inLanguage":"es","@id":"https:\/\/lospoliticosveracruz.com\/?p=18387#primaryimage","url":"http:\/\/www.lospoliticosveracruz.com.mx\/wp-content\/uploads\/2015\/10\/Erika-Ayala-Molina-Palacios-300x157.jpg","contentUrl":"http:\/\/www.lospoliticosveracruz.com.mx\/wp-content\/uploads\/2015\/10\/Erika-Ayala-Molina-Palacios-300x157.jpg"},{"@type":"BreadcrumbList","@id":"https:\/\/lospoliticosveracruz.com\/?p=18387#breadcrumb","itemListElement":[{"@type":"ListItem","position":1,"name":"Portada","item":"https:\/\/lospoliticosveracruz.com\/"},{"@type":"ListItem","position":2,"name":"Silva: Una designaci\u00f3n que no camina"}]},{"@type":"WebSite","@id":"https:\/\/lospoliticosveracruz.com\/#website","url":"https:\/\/lospoliticosveracruz.com\/","name":"Los pol\u00edticos Veracruz","description":"","publisher":{"@id":"https:\/\/lospoliticosveracruz.com\/#organization"},"potentialAction":[{"@type":"SearchAction","target":{"@type":"EntryPoint","urlTemplate":"https:\/\/lospoliticosveracruz.com\/?s={search_term_string}"},"query-input":{"@type":"PropertyValueSpecification","valueRequired":true,"valueName":"search_term_string"}}],"inLanguage":"es"},{"@type":"Organization","@id":"https:\/\/lospoliticosveracruz.com\/#organization","name":"Los pol\u00edticos Veracruz","url":"https:\/\/lospoliticosveracruz.com\/","logo":{"@type":"ImageObject","inLanguage":"es","@id":"https:\/\/lospoliticosveracruz.com\/#\/schema\/logo\/image\/","url":"https:\/\/lospoliticosveracruz.com\/wp-content\/uploads\/2025\/12\/Logo-Nuevo-LOS-POLITICOS-1.jpg","contentUrl":"https:\/\/lospoliticosveracruz.com\/wp-content\/uploads\/2025\/12\/Logo-Nuevo-LOS-POLITICOS-1.jpg","width":260,"height":70,"caption":"Los pol\u00edticos Veracruz"},"image":{"@id":"https:\/\/lospoliticosveracruz.com\/#\/schema\/logo\/image\/"},"sameAs":["https:\/\/www.facebook.com\/people\/Notimemes-de-los-Polticos\/61565672886568\/","https:\/\/x.com\/LosPoliticosVer"]},{"@type":"Person","@id":"https:\/\/lospoliticosveracruz.com\/#\/schema\/person\/b8702bb0e538456e6efd07080bf2a4a2","name":"Lo viste en Los Pol\u00edticos","image":{"@type":"ImageObject","inLanguage":"es","@id":"https:\/\/secure.gravatar.com\/avatar\/3a8de04a2656d44082be478bd6c086daa447c4651605818287b9532d3d0bd435?s=96&d=mm&r=g","url":"https:\/\/secure.gravatar.com\/avatar\/3a8de04a2656d44082be478bd6c086daa447c4651605818287b9532d3d0bd435?s=96&d=mm&r=g","contentUrl":"https:\/\/secure.gravatar.com\/avatar\/3a8de04a2656d44082be478bd6c086daa447c4651605818287b9532d3d0bd435?s=96&d=mm&r=g","caption":"Lo viste en Los Pol\u00edticos"},"url":"https:\/\/lospoliticosveracruz.com\/?author=2"}]}},"_links":{"self":[{"href":"https:\/\/lospoliticosveracruz.com\/index.php?rest_route=\/wp\/v2\/posts\/18387","targetHints":{"allow":["GET"]}}],"collection":[{"href":"https:\/\/lospoliticosveracruz.com\/index.php?rest_route=\/wp\/v2\/posts"}],"about":[{"href":"https:\/\/lospoliticosveracruz.com\/index.php?rest_route=\/wp\/v2\/types\/post"}],"author":[{"embeddable":true,"href":"https:\/\/lospoliticosveracruz.com\/index.php?rest_route=\/wp\/v2\/users\/2"}],"replies":[{"embeddable":true,"href":"https:\/\/lospoliticosveracruz.com\/index.php?rest_route=%2Fwp%2Fv2%2Fcomments&post=18387"}],"version-history":[{"count":1,"href":"https:\/\/lospoliticosveracruz.com\/index.php?rest_route=\/wp\/v2\/posts\/18387\/revisions"}],"predecessor-version":[{"id":18392,"href":"https:\/\/lospoliticosveracruz.com\/index.php?rest_route=\/wp\/v2\/posts\/18387\/revisions\/18392"}],"wp:attachment":[{"href":"https:\/\/lospoliticosveracruz.com\/index.php?rest_route=%2Fwp%2Fv2%2Fmedia&parent=18387"}],"wp:term":[{"taxonomy":"category","embeddable":true,"href":"https:\/\/lospoliticosveracruz.com\/index.php?rest_route=%2Fwp%2Fv2%2Fcategories&post=18387"},{"taxonomy":"post_tag","embeddable":true,"href":"https:\/\/lospoliticosveracruz.com\/index.php?rest_route=%2Fwp%2Fv2%2Ftags&post=18387"}],"curies":[{"name":"wp","href":"https:\/\/api.w.org\/{rel}","templated":true}]}}