{"id":18399,"date":"2015-10-16T08:19:09","date_gmt":"2015-10-16T13:19:09","guid":{"rendered":"http:\/\/www.lospoliticosveracruz.com.mx\/?p=18399"},"modified":"2015-10-16T08:19:09","modified_gmt":"2015-10-16T13:19:09","slug":"premian-a-alfredo-ferrari","status":"publish","type":"post","link":"https:\/\/lospoliticosveracruz.com\/?p=18399","title":{"rendered":"Premian a Alfredo Ferrari"},"content":{"rendered":"<p>&nbsp;<\/p>\n<p><a href=\"http:\/\/www.lospoliticosveracruz.com.mx\/wp-content\/uploads\/2015\/10\/Alfredo-Ferrari-Saavedra.jpg\"><img loading=\"lazy\" decoding=\"async\" class=\"alignnone size-medium wp-image-18400\" src=\"http:\/\/www.lospoliticosveracruz.com.mx\/wp-content\/uploads\/2015\/10\/Alfredo-Ferrari-Saavedra-300x200.jpg\" alt=\"Alfredo Ferrari Saavedra\" width=\"300\" height=\"200\" \/><\/a><\/p>\n<p><strong>Jos\u00e9 Ortiz Medina<\/strong><\/p>\n<p><em>En Corto&#8230; sin Cortes<\/em><\/p>\n<p>Todo mundo habla de Alberto Silva, quien de manera inminente asumir\u00e1 la dirigencia estatal del PRI el 25 de este mes, pero muy pocos se refieren a la extraordinaria labor que realiz\u00f3 el ahora ex presidente del CDE del partido tricolor, Alfredo Ferrari Saavedra.<br \/>\nAlfredo no s\u00f3lo fue pieza clave \u2013por supuesto que el principal art\u00edfice fue el primer priista del estado, Javier Duarte\u2014para que se ganaran 16 distritos en los pasados comicios, sino que fue factor importante para que se renovaran con gran asepsia pol\u00edtica las dirigencias de la CNOP, MT y hasta la Liga de Comunidades Agrarias, pues en el primer intento de imponer a \u00c9dgar D\u00edaz, el boque\u00f1o no oper\u00f3.<br \/>\nPor cierto, este jueves Alfredo Ferrari fue a la Ciudad de M\u00e9xico. Al parecer habr\u00eda sostenido una reuni\u00f3n con el l\u00edder nacional del Revolucionario Institucional, Manlio Fabio Beltrones, para ver lo concerniente a su renuncia.<br \/>\nY la noche de este jueves, el gobernador Javier Duarte de Ochoa design\u00f3 a Alfredo Ferrari Saavedra, en lugar del fidelista Ranulfo M\u00e1rquez Hern\u00e1ndez.<br \/>\nBien por Alfredo. Muy merecido.<\/p>\n<p>SI HAY UN DIPUTADO en la Legislatura de Veracruz que se ha caracterizado por no emitir su voto en bloque y acorde con las l\u00edneas marcadas por su partido, ese es el pri\u00edsta Ricardo Ahued Bardahuil. Su reciente voto en contra del aumento al Impuesto a la Remuneraci\u00f3n al Trabajo Personal, tambi\u00e9n conocido como \u201cimpuesto a la n\u00f3mina\u201d, es la secuencia de una cadena de diferencias entre la postura del ex alcalde de Xalapa y la l\u00ednea marcada por la bancada pri\u00edsta en el Congreso local. Ricardo Ahued no vot\u00f3 en sentido favorable a la propuesta del gobernador Javier Duarte, porque consider\u00f3 que el aumento a ese gravamen afectar\u00eda a los empresarios y, en general, a los veracruzanos. En la generaci\u00f3n de empleos tambi\u00e9n habr\u00eda consecuencias negativas, explic\u00f3. Junto con el tambi\u00e9n ex alcalde de la capital del estado, David Velasco Chedraui, el legislador por el distrito de Xalapa Urbano es de los pocos empresarios en esta legislatura; los dos, por cierto, sufragaron en contra del aumento al \u201cimpuesto a la n\u00f3mina\u201d. Sin embargo, en el caso de Ahued Bardahuil, su voto en un sentido diferente al de su bancada ha sido una constante. Quienes le conocen afirman que se trata de un legislador congruente con sus ideas, que no acepta l\u00edneas o imposiciones a la hora de emitir un pronunciamiento o voto en la Legislatura; tambi\u00e9n hay, por otra parte, quienes le critican ese distanciamiento con su partido e, incluso, con el gobierno estatal, al que tambi\u00e9n le ha rechazado iniciativas. Hasta hoy, a Ricardo Ahued le han documentado cinco votos en contra de los intereses de su bancada: en el caso de la reforma energ\u00e9tica el sufragio del ex alcalde xalape\u00f1o fue en abstenci\u00f3n y no a favor, como el resto de los diputados pri\u00edstas; en la reforma a la Ley del Medio Ambiente, turnada a la Legislatura por el ejecutivo estatal, Ahued tambi\u00e9n se abstuvo; rechaz\u00f3 la Ley de Tr\u00e1nsito y Seguridad Vial enviada tambi\u00e9n por la administraci\u00f3n estatal; sufrag\u00f3 en contra de la privatizaci\u00f3n del Sistema de Agua y Saneamiento (SAS) de Veracruz-Boca del R\u00edo-Medell\u00edn; y m\u00e1s recientemente, vot\u00f3 contra el incremento al \u201cimpuesto a la n\u00f3mina\u201d, y reproch\u00f3 la simulaci\u00f3n en el Congreso veracruzano porque \u2013dijo\u2013 no se puede trabajar por encargo, porque eso \u201cdenigra el trabajo legislativo\u201d.<\/p>\n<p>Y AHORA CON el cambio de la dirigencia estatal del PRI, es menester que ya haya cambio de delegado del CEN. Ese par\u00e1sito llamado Jes\u00fas Medell\u00edn, pues que ya se vaya. Ya sangr\u00f3 mucho al erario, pues de tantos a\u00f1os de vivir en el Hotel Xalapa, le tuvieron que comprar una residencia en Las \u00e1nimas. Pero Chucho anda presumiendo que le van a hacer lo que el viento a Ju\u00e1rez, ya que argumenta que con frecuencia es invitado de lujo a las funciones de cine que hay en la Casa de Gobierno.<\/p>\n<p>SUMAR ES EL verbo que practica el alcalde Am\u00e9rico Z\u00fa\u00f1iga Mart\u00ednez para lograr hacer m\u00e1s obra p\u00fablica en Xalapa, y ha encontrado una amplia respuesta en la sociedad y en la iniciativa privada. Por ejemplo, este jueves fue inaugurada una calle m\u00e1s que se realiza con el patrocinio de los vecinos, de los empresarios del grupo Chedraui, y del Ayuntamiento que emprendi\u00f3 un programa llamado \u201cJuntos por la Capital\u201d con el cual se logra hacer obra p\u00fablica que beneficia a toda la ciudad. Este mismo jueves el alcalde inaugur\u00f3 esta calle Jos\u00e9 Alfredo Jim\u00e9nez ubicada en la colonia Miguel Alem\u00e1n y esta misma semana hab\u00eda inaugurado tambi\u00e9n la calle Ferrocarril Interoce\u00e1nico. Como se ve, viene fuerte el cierre de a\u00f1o para el mun\u00edcipe xalape\u00f1o en funci\u00f3n de inauguraciones. Luego de sembrar, ser\u00e1 tiempo de cosechar obras que hacen mejor a Xalapa.<\/p>\n<p>LAS DECLARACIONES que hizo Juan Nicol\u00e1s Callejas Arroyo en el rancho San Juli\u00e1n fueron descontextualizadas. \u00c9l no dijo que \u201cun Yunes ser\u00e1 gobernador\u201d, en referencia al senador oriundo de Perote. Lo que dijo el l\u00edder de la bancada priista en el Congreso local fue que en diversas etapas de su vida pol\u00edtica ha tenido buena relaci\u00f3n con muchos Yunes, de todos los colores, y remat\u00f3 que es muy probable que \u201cun Yunes ser\u00e1 gobernador\u201d. O sea, que no hubo dedicatoria para nadie\u2026 Aunque Pepe es muy amigo suyo.<\/p>\n<p>AH\u00cd LES VA otra primicia. Pues resulta que el pasado mi\u00e9rcoles fue visto desayunando en La gavia, de esta capital, Fernando C\u00f3rdoba Lobo, quien se apresta \u2013seg\u00fan una de nuestras enteradas fuentes- a asumir un cargo en la administraci\u00f3n duartista. Dicen que tambi\u00e9n un General tendr\u00e1 acomodo en el gabinete de JDO.<\/p>\n<p>QUE DICE Antonio Francisco Valencia Garc\u00eda, titular de la Comisi\u00f3n del Agua del Estado de Veracruz, que no s\u00f3lo quiere ser candidato a gobernador del PRD\u2026 sino tambi\u00e9n abanderado de la alianza de ese instituto pol\u00edtico con Acci\u00f3n Nacional. Servidos.<\/p>\n<p>CON TODAS las redes sociales, la internet, y otros grandes avances de la tecnolog\u00eda, \u00bfFidel Herrera Beltr\u00e1n realmente estar\u00e1 exiliado en Barcelona, que es la capital mundial de la modernidad en las telecomunicaciones? Ya se ver\u00e1.<\/p>\n","protected":false},"excerpt":{"rendered":"<p>&nbsp; Jos\u00e9 Ortiz Medina En Corto&#8230; sin Cortes Todo mundo habla de Alberto Silva, quien de manera inminente asumir\u00e1 la dirigencia estatal del PRI el 25 de este mes, pero muy pocos se refieren a la extraordinaria labor que realiz\u00f3 el ahora ex presidente del CDE del partido tricolor, Alfredo Ferrari Saavedra. Alfredo no s\u00f3lo [&hellip;]<\/p>\n","protected":false},"author":2,"featured_media":0,"comment_status":"open","ping_status":"open","sticky":false,"template":"","format":"standard","meta":{"tdm_status":"","tdm_grid_status":"","footnotes":""},"categories":[70],"tags":[1378,539,617,2812],"class_list":{"0":"post-18399","1":"post","2":"type-post","3":"status-publish","4":"format-standard","6":"category-de-opinion","7":"tag-alfredo-ferrari-saavedra","8":"tag-americo-zuniga-martinez","9":"tag-manlio-fabio-beltrones","10":"tag-ricardo-ahued-bardahuil"},"yoast_head":"<!-- This site is optimized with the Yoast SEO plugin v27.4 - https:\/\/yoast.com\/product\/yoast-seo-wordpress\/ -->\n<title>Premian a Alfredo Ferrari - Los pol\u00edticos Veracruz<\/title>\n<meta name=\"robots\" content=\"index, follow, max-snippet:-1, max-image-preview:large, max-video-preview:-1\" \/>\n<link rel=\"canonical\" href=\"https:\/\/lospoliticosveracruz.com\/?p=18399\" \/>\n<meta property=\"og:locale\" content=\"es_ES\" \/>\n<meta property=\"og:type\" content=\"article\" \/>\n<meta property=\"og:title\" content=\"Premian a Alfredo Ferrari - Los pol\u00edticos Veracruz\" \/>\n<meta property=\"og:description\" content=\"&nbsp; Jos\u00e9 Ortiz Medina En Corto&#8230; sin Cortes Todo mundo habla de Alberto Silva, quien de manera inminente asumir\u00e1 la dirigencia estatal del PRI el 25 de este mes, pero muy pocos se refieren a la extraordinaria labor que realiz\u00f3 el ahora ex presidente del CDE del partido tricolor, Alfredo Ferrari Saavedra. Alfredo no s\u00f3lo [&hellip;]\" \/>\n<meta property=\"og:url\" content=\"https:\/\/lospoliticosveracruz.com\/?p=18399\" \/>\n<meta property=\"og:site_name\" content=\"Los pol\u00edticos Veracruz\" \/>\n<meta property=\"article:publisher\" content=\"https:\/\/www.facebook.com\/people\/Notimemes-de-los-Polticos\/61565672886568\/\" \/>\n<meta property=\"article:published_time\" content=\"2015-10-16T13:19:09+00:00\" \/>\n<meta property=\"og:image\" content=\"http:\/\/www.lospoliticosveracruz.com.mx\/wp-content\/uploads\/2015\/10\/Alfredo-Ferrari-Saavedra-300x200.jpg\" \/>\n<meta name=\"author\" content=\"Lo viste en Los Pol\u00edticos\" \/>\n<meta name=\"twitter:card\" content=\"summary_large_image\" \/>\n<meta name=\"twitter:creator\" content=\"@LosPoliticosVer\" \/>\n<meta name=\"twitter:site\" content=\"@LosPoliticosVer\" \/>\n<meta name=\"twitter:label1\" content=\"Escrito por\" \/>\n\t<meta name=\"twitter:data1\" content=\"Lo viste en Los Pol\u00edticos\" \/>\n\t<meta name=\"twitter:label2\" content=\"Tiempo de lectura\" \/>\n\t<meta name=\"twitter:data2\" content=\"5 minutos\" \/>\n<script type=\"application\/ld+json\" class=\"yoast-schema-graph\">{\"@context\":\"https:\\\/\\\/schema.org\",\"@graph\":[{\"@type\":\"Article\",\"@id\":\"https:\\\/\\\/lospoliticosveracruz.com\\\/?p=18399#article\",\"isPartOf\":{\"@id\":\"https:\\\/\\\/lospoliticosveracruz.com\\\/?p=18399\"},\"author\":{\"name\":\"Lo viste en Los Pol\u00edticos\",\"@id\":\"https:\\\/\\\/lospoliticosveracruz.com\\\/#\\\/schema\\\/person\\\/b8702bb0e538456e6efd07080bf2a4a2\"},\"headline\":\"Premian a Alfredo Ferrari\",\"datePublished\":\"2015-10-16T13:19:09+00:00\",\"mainEntityOfPage\":{\"@id\":\"https:\\\/\\\/lospoliticosveracruz.com\\\/?p=18399\"},\"wordCount\":1100,\"commentCount\":0,\"publisher\":{\"@id\":\"https:\\\/\\\/lospoliticosveracruz.com\\\/#organization\"},\"image\":{\"@id\":\"https:\\\/\\\/lospoliticosveracruz.com\\\/?p=18399#primaryimage\"},\"thumbnailUrl\":\"http:\\\/\\\/www.lospoliticosveracruz.com.mx\\\/wp-content\\\/uploads\\\/2015\\\/10\\\/Alfredo-Ferrari-Saavedra-300x200.jpg\",\"keywords\":[\"Alfredo Ferrari Saavedra\",\"Am\u00e9rico Z\u00fa\u00f1iga Mart\u00ednez\",\"Manlio Fabio Beltrones\",\"Ricardo Ahued Bardahuil\"],\"articleSection\":[\"De Opini\u00f3n\"],\"inLanguage\":\"es\",\"potentialAction\":[{\"@type\":\"CommentAction\",\"name\":\"Comment\",\"target\":[\"https:\\\/\\\/lospoliticosveracruz.com\\\/?p=18399#respond\"]}]},{\"@type\":\"WebPage\",\"@id\":\"https:\\\/\\\/lospoliticosveracruz.com\\\/?p=18399\",\"url\":\"https:\\\/\\\/lospoliticosveracruz.com\\\/?p=18399\",\"name\":\"Premian a Alfredo Ferrari - Los pol\u00edticos Veracruz\",\"isPartOf\":{\"@id\":\"https:\\\/\\\/lospoliticosveracruz.com\\\/#website\"},\"primaryImageOfPage\":{\"@id\":\"https:\\\/\\\/lospoliticosveracruz.com\\\/?p=18399#primaryimage\"},\"image\":{\"@id\":\"https:\\\/\\\/lospoliticosveracruz.com\\\/?p=18399#primaryimage\"},\"thumbnailUrl\":\"http:\\\/\\\/www.lospoliticosveracruz.com.mx\\\/wp-content\\\/uploads\\\/2015\\\/10\\\/Alfredo-Ferrari-Saavedra-300x200.jpg\",\"datePublished\":\"2015-10-16T13:19:09+00:00\",\"breadcrumb\":{\"@id\":\"https:\\\/\\\/lospoliticosveracruz.com\\\/?p=18399#breadcrumb\"},\"inLanguage\":\"es\",\"potentialAction\":[{\"@type\":\"ReadAction\",\"target\":[\"https:\\\/\\\/lospoliticosveracruz.com\\\/?p=18399\"]}]},{\"@type\":\"ImageObject\",\"inLanguage\":\"es\",\"@id\":\"https:\\\/\\\/lospoliticosveracruz.com\\\/?p=18399#primaryimage\",\"url\":\"http:\\\/\\\/www.lospoliticosveracruz.com.mx\\\/wp-content\\\/uploads\\\/2015\\\/10\\\/Alfredo-Ferrari-Saavedra-300x200.jpg\",\"contentUrl\":\"http:\\\/\\\/www.lospoliticosveracruz.com.mx\\\/wp-content\\\/uploads\\\/2015\\\/10\\\/Alfredo-Ferrari-Saavedra-300x200.jpg\"},{\"@type\":\"BreadcrumbList\",\"@id\":\"https:\\\/\\\/lospoliticosveracruz.com\\\/?p=18399#breadcrumb\",\"itemListElement\":[{\"@type\":\"ListItem\",\"position\":1,\"name\":\"Portada\",\"item\":\"https:\\\/\\\/lospoliticosveracruz.com\\\/\"},{\"@type\":\"ListItem\",\"position\":2,\"name\":\"Premian a Alfredo Ferrari\"}]},{\"@type\":\"WebSite\",\"@id\":\"https:\\\/\\\/lospoliticosveracruz.com\\\/#website\",\"url\":\"https:\\\/\\\/lospoliticosveracruz.com\\\/\",\"name\":\"Los pol\u00edticos Veracruz\",\"description\":\"\",\"publisher\":{\"@id\":\"https:\\\/\\\/lospoliticosveracruz.com\\\/#organization\"},\"potentialAction\":[{\"@type\":\"SearchAction\",\"target\":{\"@type\":\"EntryPoint\",\"urlTemplate\":\"https:\\\/\\\/lospoliticosveracruz.com\\\/?s={search_term_string}\"},\"query-input\":{\"@type\":\"PropertyValueSpecification\",\"valueRequired\":true,\"valueName\":\"search_term_string\"}}],\"inLanguage\":\"es\"},{\"@type\":\"Organization\",\"@id\":\"https:\\\/\\\/lospoliticosveracruz.com\\\/#organization\",\"name\":\"Los pol\u00edticos Veracruz\",\"url\":\"https:\\\/\\\/lospoliticosveracruz.com\\\/\",\"logo\":{\"@type\":\"ImageObject\",\"inLanguage\":\"es\",\"@id\":\"https:\\\/\\\/lospoliticosveracruz.com\\\/#\\\/schema\\\/logo\\\/image\\\/\",\"url\":\"https:\\\/\\\/lospoliticosveracruz.com\\\/wp-content\\\/uploads\\\/2025\\\/12\\\/Logo-Nuevo-LOS-POLITICOS-1.jpg\",\"contentUrl\":\"https:\\\/\\\/lospoliticosveracruz.com\\\/wp-content\\\/uploads\\\/2025\\\/12\\\/Logo-Nuevo-LOS-POLITICOS-1.jpg\",\"width\":260,\"height\":70,\"caption\":\"Los pol\u00edticos Veracruz\"},\"image\":{\"@id\":\"https:\\\/\\\/lospoliticosveracruz.com\\\/#\\\/schema\\\/logo\\\/image\\\/\"},\"sameAs\":[\"https:\\\/\\\/www.facebook.com\\\/people\\\/Notimemes-de-los-Polticos\\\/61565672886568\\\/\",\"https:\\\/\\\/x.com\\\/LosPoliticosVer\"]},{\"@type\":\"Person\",\"@id\":\"https:\\\/\\\/lospoliticosveracruz.com\\\/#\\\/schema\\\/person\\\/b8702bb0e538456e6efd07080bf2a4a2\",\"name\":\"Lo viste en Los Pol\u00edticos\",\"image\":{\"@type\":\"ImageObject\",\"inLanguage\":\"es\",\"@id\":\"https:\\\/\\\/secure.gravatar.com\\\/avatar\\\/3a8de04a2656d44082be478bd6c086daa447c4651605818287b9532d3d0bd435?s=96&d=mm&r=g\",\"url\":\"https:\\\/\\\/secure.gravatar.com\\\/avatar\\\/3a8de04a2656d44082be478bd6c086daa447c4651605818287b9532d3d0bd435?s=96&d=mm&r=g\",\"contentUrl\":\"https:\\\/\\\/secure.gravatar.com\\\/avatar\\\/3a8de04a2656d44082be478bd6c086daa447c4651605818287b9532d3d0bd435?s=96&d=mm&r=g\",\"caption\":\"Lo viste en Los Pol\u00edticos\"},\"url\":\"https:\\\/\\\/lospoliticosveracruz.com\\\/?author=2\"}]}<\/script>\n<!-- \/ Yoast SEO plugin. -->","yoast_head_json":{"title":"Premian a Alfredo Ferrari - Los pol\u00edticos Veracruz","robots":{"index":"index","follow":"follow","max-snippet":"max-snippet:-1","max-image-preview":"max-image-preview:large","max-video-preview":"max-video-preview:-1"},"canonical":"https:\/\/lospoliticosveracruz.com\/?p=18399","og_locale":"es_ES","og_type":"article","og_title":"Premian a Alfredo Ferrari - Los pol\u00edticos Veracruz","og_description":"&nbsp; Jos\u00e9 Ortiz Medina En Corto&#8230; sin Cortes Todo mundo habla de Alberto Silva, quien de manera inminente asumir\u00e1 la dirigencia estatal del PRI el 25 de este mes, pero muy pocos se refieren a la extraordinaria labor que realiz\u00f3 el ahora ex presidente del CDE del partido tricolor, Alfredo Ferrari Saavedra. Alfredo no s\u00f3lo [&hellip;]","og_url":"https:\/\/lospoliticosveracruz.com\/?p=18399","og_site_name":"Los pol\u00edticos Veracruz","article_publisher":"https:\/\/www.facebook.com\/people\/Notimemes-de-los-Polticos\/61565672886568\/","article_published_time":"2015-10-16T13:19:09+00:00","og_image":[{"url":"http:\/\/www.lospoliticosveracruz.com.mx\/wp-content\/uploads\/2015\/10\/Alfredo-Ferrari-Saavedra-300x200.jpg","type":"","width":"","height":""}],"author":"Lo viste en Los Pol\u00edticos","twitter_card":"summary_large_image","twitter_creator":"@LosPoliticosVer","twitter_site":"@LosPoliticosVer","twitter_misc":{"Escrito por":"Lo viste en Los Pol\u00edticos","Tiempo de lectura":"5 minutos"},"schema":{"@context":"https:\/\/schema.org","@graph":[{"@type":"Article","@id":"https:\/\/lospoliticosveracruz.com\/?p=18399#article","isPartOf":{"@id":"https:\/\/lospoliticosveracruz.com\/?p=18399"},"author":{"name":"Lo viste en Los Pol\u00edticos","@id":"https:\/\/lospoliticosveracruz.com\/#\/schema\/person\/b8702bb0e538456e6efd07080bf2a4a2"},"headline":"Premian a Alfredo Ferrari","datePublished":"2015-10-16T13:19:09+00:00","mainEntityOfPage":{"@id":"https:\/\/lospoliticosveracruz.com\/?p=18399"},"wordCount":1100,"commentCount":0,"publisher":{"@id":"https:\/\/lospoliticosveracruz.com\/#organization"},"image":{"@id":"https:\/\/lospoliticosveracruz.com\/?p=18399#primaryimage"},"thumbnailUrl":"http:\/\/www.lospoliticosveracruz.com.mx\/wp-content\/uploads\/2015\/10\/Alfredo-Ferrari-Saavedra-300x200.jpg","keywords":["Alfredo Ferrari Saavedra","Am\u00e9rico Z\u00fa\u00f1iga Mart\u00ednez","Manlio Fabio Beltrones","Ricardo Ahued Bardahuil"],"articleSection":["De Opini\u00f3n"],"inLanguage":"es","potentialAction":[{"@type":"CommentAction","name":"Comment","target":["https:\/\/lospoliticosveracruz.com\/?p=18399#respond"]}]},{"@type":"WebPage","@id":"https:\/\/lospoliticosveracruz.com\/?p=18399","url":"https:\/\/lospoliticosveracruz.com\/?p=18399","name":"Premian a Alfredo Ferrari - Los pol\u00edticos Veracruz","isPartOf":{"@id":"https:\/\/lospoliticosveracruz.com\/#website"},"primaryImageOfPage":{"@id":"https:\/\/lospoliticosveracruz.com\/?p=18399#primaryimage"},"image":{"@id":"https:\/\/lospoliticosveracruz.com\/?p=18399#primaryimage"},"thumbnailUrl":"http:\/\/www.lospoliticosveracruz.com.mx\/wp-content\/uploads\/2015\/10\/Alfredo-Ferrari-Saavedra-300x200.jpg","datePublished":"2015-10-16T13:19:09+00:00","breadcrumb":{"@id":"https:\/\/lospoliticosveracruz.com\/?p=18399#breadcrumb"},"inLanguage":"es","potentialAction":[{"@type":"ReadAction","target":["https:\/\/lospoliticosveracruz.com\/?p=18399"]}]},{"@type":"ImageObject","inLanguage":"es","@id":"https:\/\/lospoliticosveracruz.com\/?p=18399#primaryimage","url":"http:\/\/www.lospoliticosveracruz.com.mx\/wp-content\/uploads\/2015\/10\/Alfredo-Ferrari-Saavedra-300x200.jpg","contentUrl":"http:\/\/www.lospoliticosveracruz.com.mx\/wp-content\/uploads\/2015\/10\/Alfredo-Ferrari-Saavedra-300x200.jpg"},{"@type":"BreadcrumbList","@id":"https:\/\/lospoliticosveracruz.com\/?p=18399#breadcrumb","itemListElement":[{"@type":"ListItem","position":1,"name":"Portada","item":"https:\/\/lospoliticosveracruz.com\/"},{"@type":"ListItem","position":2,"name":"Premian a Alfredo Ferrari"}]},{"@type":"WebSite","@id":"https:\/\/lospoliticosveracruz.com\/#website","url":"https:\/\/lospoliticosveracruz.com\/","name":"Los pol\u00edticos Veracruz","description":"","publisher":{"@id":"https:\/\/lospoliticosveracruz.com\/#organization"},"potentialAction":[{"@type":"SearchAction","target":{"@type":"EntryPoint","urlTemplate":"https:\/\/lospoliticosveracruz.com\/?s={search_term_string}"},"query-input":{"@type":"PropertyValueSpecification","valueRequired":true,"valueName":"search_term_string"}}],"inLanguage":"es"},{"@type":"Organization","@id":"https:\/\/lospoliticosveracruz.com\/#organization","name":"Los pol\u00edticos Veracruz","url":"https:\/\/lospoliticosveracruz.com\/","logo":{"@type":"ImageObject","inLanguage":"es","@id":"https:\/\/lospoliticosveracruz.com\/#\/schema\/logo\/image\/","url":"https:\/\/lospoliticosveracruz.com\/wp-content\/uploads\/2025\/12\/Logo-Nuevo-LOS-POLITICOS-1.jpg","contentUrl":"https:\/\/lospoliticosveracruz.com\/wp-content\/uploads\/2025\/12\/Logo-Nuevo-LOS-POLITICOS-1.jpg","width":260,"height":70,"caption":"Los pol\u00edticos Veracruz"},"image":{"@id":"https:\/\/lospoliticosveracruz.com\/#\/schema\/logo\/image\/"},"sameAs":["https:\/\/www.facebook.com\/people\/Notimemes-de-los-Polticos\/61565672886568\/","https:\/\/x.com\/LosPoliticosVer"]},{"@type":"Person","@id":"https:\/\/lospoliticosveracruz.com\/#\/schema\/person\/b8702bb0e538456e6efd07080bf2a4a2","name":"Lo viste en Los Pol\u00edticos","image":{"@type":"ImageObject","inLanguage":"es","@id":"https:\/\/secure.gravatar.com\/avatar\/3a8de04a2656d44082be478bd6c086daa447c4651605818287b9532d3d0bd435?s=96&d=mm&r=g","url":"https:\/\/secure.gravatar.com\/avatar\/3a8de04a2656d44082be478bd6c086daa447c4651605818287b9532d3d0bd435?s=96&d=mm&r=g","contentUrl":"https:\/\/secure.gravatar.com\/avatar\/3a8de04a2656d44082be478bd6c086daa447c4651605818287b9532d3d0bd435?s=96&d=mm&r=g","caption":"Lo viste en Los Pol\u00edticos"},"url":"https:\/\/lospoliticosveracruz.com\/?author=2"}]}},"_links":{"self":[{"href":"https:\/\/lospoliticosveracruz.com\/index.php?rest_route=\/wp\/v2\/posts\/18399","targetHints":{"allow":["GET"]}}],"collection":[{"href":"https:\/\/lospoliticosveracruz.com\/index.php?rest_route=\/wp\/v2\/posts"}],"about":[{"href":"https:\/\/lospoliticosveracruz.com\/index.php?rest_route=\/wp\/v2\/types\/post"}],"author":[{"embeddable":true,"href":"https:\/\/lospoliticosveracruz.com\/index.php?rest_route=\/wp\/v2\/users\/2"}],"replies":[{"embeddable":true,"href":"https:\/\/lospoliticosveracruz.com\/index.php?rest_route=%2Fwp%2Fv2%2Fcomments&post=18399"}],"version-history":[{"count":1,"href":"https:\/\/lospoliticosveracruz.com\/index.php?rest_route=\/wp\/v2\/posts\/18399\/revisions"}],"predecessor-version":[{"id":18401,"href":"https:\/\/lospoliticosveracruz.com\/index.php?rest_route=\/wp\/v2\/posts\/18399\/revisions\/18401"}],"wp:attachment":[{"href":"https:\/\/lospoliticosveracruz.com\/index.php?rest_route=%2Fwp%2Fv2%2Fmedia&parent=18399"}],"wp:term":[{"taxonomy":"category","embeddable":true,"href":"https:\/\/lospoliticosveracruz.com\/index.php?rest_route=%2Fwp%2Fv2%2Fcategories&post=18399"},{"taxonomy":"post_tag","embeddable":true,"href":"https:\/\/lospoliticosveracruz.com\/index.php?rest_route=%2Fwp%2Fv2%2Ftags&post=18399"}],"curies":[{"name":"wp","href":"https:\/\/api.w.org\/{rel}","templated":true}]}}