{"id":18402,"date":"2015-10-16T08:41:00","date_gmt":"2015-10-16T13:41:00","guid":{"rendered":"http:\/\/www.lospoliticosveracruz.com.mx\/?p=18402"},"modified":"2015-10-16T08:41:00","modified_gmt":"2015-10-16T13:41:00","slug":"le-paga-la-cuenta-el-gobernador-a-ferrari","status":"publish","type":"post","link":"https:\/\/lospoliticosveracruz.com\/?p=18402","title":{"rendered":"Le paga la cuenta el gobernador a Ferrari"},"content":{"rendered":"<p><a href=\"http:\/\/www.lospoliticosveracruz.com.mx\/wp-content\/uploads\/2015\/10\/Alfredo-Ferrari-Saavedra1.jpg\"><img loading=\"lazy\" decoding=\"async\" class=\"alignnone size-medium wp-image-18403\" src=\"http:\/\/www.lospoliticosveracruz.com.mx\/wp-content\/uploads\/2015\/10\/Alfredo-Ferrari-Saavedra1-300x169.jpg\" alt=\"Alfredo Ferrari Saavedra\" width=\"300\" height=\"169\" \/><\/a><\/p>\n<p><strong>Valeria Marcial<\/strong><br \/>\n<em>En Pol\u00edtica Personas y Personalidades<\/em><\/p>\n<p>\u201cHay mucho por hacer en este pa\u00eds, ojal\u00e1 y todos nos ocupemos por hacer nuestra parte\u201d: Manlio Fabio Beltrones<\/p>\n<p>De llegar Alberto Silva al PRI, muchos se preguntaron \u00bfa d\u00f3nde se ir\u00eda Alfredo Ferrari Saavedra?, pues resulta que para todos hay lugar en el Gabinete Veracruzano y este viernes toma protesta como Secretario de Desarrollo Social en la entidad, Alfredo Ferrari, quien entreg\u00f3 \u201cbuenas cuentas\u201d al Partido Revolucionario Institucional (PRI), instituci\u00f3n a la que sirve desde el pasado 5 de enero como dirigente estatal, primero como interino y luego fue ratificado en marzo, junto con Corintia Cruz.<br \/>\nFerrari Saavedra, en la pasada elecci\u00f3n del 7 de junio le entreg\u00f3 buenas cifras al tricolor, 16 de 21 diputaciones es significativo; s\u00f3lo se perdieron Boca del R\u00edo, Veracruz, Coatzacoalcos, Poza Rica y Xalapa, cuayas plazas eran una \u201cmisi\u00f3n imposible\u201d.<br \/>\nLos perdedores fueron Anilu Ingram, Carolina Gudi\u00f1o, Elizabeth Morales, Rafael Garc\u00eda Bringas y V\u00edctor Salas Lima. Peeeero sin duda, no guardan rencores, porque en pol\u00edtica la vida da muchas vueltas y seguro pronto tendr\u00e1n cargo, como Elizabeth Morales que desde hace unas semanas ya despacha en Profeco, y entonces podr\u00e1n cobr\u00e1rselas o dejarla pasar\u2026 Si no preg\u00fantenles a los empresarios.<br \/>\nSi bien dice Beltrones \u201cAmores y resentimientos no deben matar el conocimiento\u201d, se\u00f1alaba en una entrevista, el l\u00edder del PRI Nacional, quiz\u00e1 ese mensaje ser\u00e1 bueno se los recuerde a los Yunes rebeldes, los que no se disciplinaron para que Alberto Silva Ramos llegue a la dirigencia estatal, cargo al que llegar\u00e1, llegar\u00e1 porque ya lo decidieron desde Palacio de Gobierno.<br \/>\nPara muestra un mensaje de 140 caracteres, y es que a trav\u00e9s de su cuenta de Twitter el gobernador @Javier_Duarte inform\u00f3 del cambio en la Secretaria de Desarrollo Social, dependencia que estaba a cargo de Ranulfo M\u00e1rquez.<br \/>\nAh\u00ed Duarte de Ochoa inform\u00f3 que este viernes tomar\u00e1 protesta a Alfredo Ferrari Saavedra, en Sedesol Veracruz. (El acto tendr\u00e1 lugar en punto de las 10 de la ma\u00f1ana en Sala de Banderas de Palacio de Gobierno).<br \/>\nLuego entonces queda ac\u00e9fala la silla de la Dirigencia Estatal del tricolor, lugar que queda libre para que \u00e9l ex Coordinador General de Comunicaci\u00f3n Social del gobierno de Javier Duarte llegue. As\u00ed que Silva Ramos llegar\u00eda sin dejar el cargo de Diputado Federal, porque puede conjugar ambas labores.<\/p>\n<p>En la Red del Pajarito, el mandatario veracruzano, mostr\u00f3 dos mensajes con fotograf\u00edas de ex presidentes del PRI de Veracruz, en el primer twet dice que ex dirigentes se suman a que Alberto Silva Ramos sea el nuevo l\u00edder.<br \/>\nJDO a las 22:13 subi\u00f3 una foto de Adolfo Mota, Erick Lagos y Jorge Carvallo Delf\u00edn, con el \u201cCisne\u201d, 12 minutos despu\u00e9s public\u00f3 otro mensaje con fotograf\u00edas de \u00abLos Ex Ptes del @Priveracruz @elimoralesg, Manuel Ramos G, Edmundo Mtz Zaleta y Ra\u00fal Ramos V\u201d.<br \/>\nCon estos mensajes es muy evidente que en el pr\u00f3ximo Consejo Pol\u00edtico del PRI, que se dice podr\u00eda ser este domingo 18 en el World Trade Center, Silva Ramos ser\u00e1 propuesto para llevar las riendas de ese partido pol\u00edtico, pues ya no habr\u00e1 dirigente en la Silla.<br \/>\nNo por nada, todos los l\u00edderes de sectores, organizaciones y sindicatos afines al PRI salieron a decir que si van con Silva Ramos. CNOP, CNC; MT, CNOG, etc, etc.<br \/>\nY es as\u00ed como se pagada la cuenta con Ferrari Saavedra\u2026<br \/>\nSi de pagar cuentas se trata, el gobernador Duarte sabe bien quienes le quedan a deber y a quienes le tiene pendientes, pues el ex alcalde de Tuxpan, siempre lo ha defendido a capa y espada, por eso hoy se mantiene en el \u00e1nimo de los que mandan en Casa Veracruz.<br \/>\nSilva Ramos es de los pocos en presidir una comisi\u00f3n en el Congreso del Estado, y si llega a la dirigencia del PRI, se monta de nuevo al caballo de la candidatura a la gubernatura. De la foto que subi\u00f3 el gober, a las 22:25, tooooodos quieren ser, pero s\u00f3lo del que salga m\u00e1s cuero de esa correa, saldr\u00e1 el posible abanderado del partido rojo a la gubernatura de dos\u2026<\/p>\n<p><strong>Breves<\/strong><br \/>\nContentos andan muchos con la llegada de los televisores digitales que entreg\u00f3 la Delegaci\u00f3n de Sedesol, que tiene a cargo Marcelo Montiel. \u00a1Qu\u00e9 bueno que si llegaron!<br \/>\nEste 16, despu\u00e9s de las 11 de la ma\u00f1ana, el Jurado Calificador elegir\u00e1 a los ganadores del Premio Estatal del Deporte 2015.<br \/>\nSe dice que el nuevo Director T\u00e9cnico de la Selecci\u00f3n Mexicana, Juan Carlos Osorio, podr\u00eda presenciar el pr\u00f3ximo partido de los Tiburones Rojos contra Santos en el Pirata. \u00bfEn qui\u00e9n estar\u00e1 interesado?<br \/>\nFelicidades a los chicos de Fragmentos de vida; Xalapa, una exposici\u00f3n de 49 fotograf\u00edas que se presenta en el Centro Recreativo Xalape\u00f1o, una muestra del trabajo de fotoreporteros de diversos medios de comunicaci\u00f3n del \u00e1rea de sociales en la capital veracruzana. Felicidades a Monserrat Caicero, An\u00edbal Alvarado, Juli\u00e1n Espinoza, Mayt\u00e9 Landa, Jes\u00fas Mart\u00ednez, Jorge Negroe y Paula G\u00f3mez.<\/p>\n","protected":false},"excerpt":{"rendered":"<p>Valeria Marcial En Pol\u00edtica Personas y Personalidades \u201cHay mucho por hacer en este pa\u00eds, ojal\u00e1 y todos nos ocupemos por hacer nuestra parte\u201d: Manlio Fabio Beltrones De llegar Alberto Silva al PRI, muchos se preguntaron \u00bfa d\u00f3nde se ir\u00eda Alfredo Ferrari Saavedra?, pues resulta que para todos hay lugar en el Gabinete Veracruzano y este [&hellip;]<\/p>\n","protected":false},"author":2,"featured_media":0,"comment_status":"open","ping_status":"open","sticky":false,"template":"","format":"standard","meta":{"tdm_status":"","tdm_grid_status":"","footnotes":""},"categories":[70],"tags":[1378,2325,133,251,1221],"class_list":{"0":"post-18402","1":"post","2":"type-post","3":"status-publish","4":"format-standard","6":"category-de-opinion","7":"tag-alfredo-ferrari-saavedra","8":"tag-carolina-gudino","9":"tag-elizabeth-morales","10":"tag-pri","11":"tag-rafael-garcia-bringas"},"yoast_head":"<!-- This site is optimized with the Yoast SEO plugin v27.4 - https:\/\/yoast.com\/product\/yoast-seo-wordpress\/ -->\n<title>Le paga la cuenta el gobernador a Ferrari - Los pol\u00edticos Veracruz<\/title>\n<meta name=\"robots\" content=\"index, follow, max-snippet:-1, max-image-preview:large, max-video-preview:-1\" \/>\n<link rel=\"canonical\" href=\"https:\/\/lospoliticosveracruz.com\/?p=18402\" \/>\n<meta property=\"og:locale\" content=\"es_ES\" \/>\n<meta property=\"og:type\" content=\"article\" \/>\n<meta property=\"og:title\" content=\"Le paga la cuenta el gobernador a Ferrari - Los pol\u00edticos Veracruz\" \/>\n<meta property=\"og:description\" content=\"Valeria Marcial En Pol\u00edtica Personas y Personalidades \u201cHay mucho por hacer en este pa\u00eds, ojal\u00e1 y todos nos ocupemos por hacer nuestra parte\u201d: Manlio Fabio Beltrones De llegar Alberto Silva al PRI, muchos se preguntaron \u00bfa d\u00f3nde se ir\u00eda Alfredo Ferrari Saavedra?, pues resulta que para todos hay lugar en el Gabinete Veracruzano y este [&hellip;]\" \/>\n<meta property=\"og:url\" content=\"https:\/\/lospoliticosveracruz.com\/?p=18402\" \/>\n<meta property=\"og:site_name\" content=\"Los pol\u00edticos Veracruz\" \/>\n<meta property=\"article:publisher\" content=\"https:\/\/www.facebook.com\/people\/Notimemes-de-los-Polticos\/61565672886568\/\" \/>\n<meta property=\"article:published_time\" content=\"2015-10-16T13:41:00+00:00\" \/>\n<meta property=\"og:image\" content=\"http:\/\/www.lospoliticosveracruz.com.mx\/wp-content\/uploads\/2015\/10\/Alfredo-Ferrari-Saavedra1-300x169.jpg\" \/>\n<meta name=\"author\" content=\"Lo viste en Los Pol\u00edticos\" \/>\n<meta name=\"twitter:card\" content=\"summary_large_image\" \/>\n<meta name=\"twitter:creator\" content=\"@LosPoliticosVer\" \/>\n<meta name=\"twitter:site\" content=\"@LosPoliticosVer\" \/>\n<meta name=\"twitter:label1\" content=\"Escrito por\" \/>\n\t<meta name=\"twitter:data1\" content=\"Lo viste en Los Pol\u00edticos\" \/>\n\t<meta name=\"twitter:label2\" content=\"Tiempo de lectura\" \/>\n\t<meta name=\"twitter:data2\" content=\"4 minutos\" \/>\n<script type=\"application\/ld+json\" class=\"yoast-schema-graph\">{\"@context\":\"https:\\\/\\\/schema.org\",\"@graph\":[{\"@type\":\"Article\",\"@id\":\"https:\\\/\\\/lospoliticosveracruz.com\\\/?p=18402#article\",\"isPartOf\":{\"@id\":\"https:\\\/\\\/lospoliticosveracruz.com\\\/?p=18402\"},\"author\":{\"name\":\"Lo viste en Los Pol\u00edticos\",\"@id\":\"https:\\\/\\\/lospoliticosveracruz.com\\\/#\\\/schema\\\/person\\\/b8702bb0e538456e6efd07080bf2a4a2\"},\"headline\":\"Le paga la cuenta el gobernador a Ferrari\",\"datePublished\":\"2015-10-16T13:41:00+00:00\",\"mainEntityOfPage\":{\"@id\":\"https:\\\/\\\/lospoliticosveracruz.com\\\/?p=18402\"},\"wordCount\":869,\"commentCount\":0,\"publisher\":{\"@id\":\"https:\\\/\\\/lospoliticosveracruz.com\\\/#organization\"},\"image\":{\"@id\":\"https:\\\/\\\/lospoliticosveracruz.com\\\/?p=18402#primaryimage\"},\"thumbnailUrl\":\"http:\\\/\\\/www.lospoliticosveracruz.com.mx\\\/wp-content\\\/uploads\\\/2015\\\/10\\\/Alfredo-Ferrari-Saavedra1-300x169.jpg\",\"keywords\":[\"Alfredo Ferrari Saavedra\",\"Carolina Gudi\u00f1o\",\"Elizabeth Morales\",\"PRI\",\"Rafael Garc\u00eda Bringas\"],\"articleSection\":[\"De Opini\u00f3n\"],\"inLanguage\":\"es\",\"potentialAction\":[{\"@type\":\"CommentAction\",\"name\":\"Comment\",\"target\":[\"https:\\\/\\\/lospoliticosveracruz.com\\\/?p=18402#respond\"]}]},{\"@type\":\"WebPage\",\"@id\":\"https:\\\/\\\/lospoliticosveracruz.com\\\/?p=18402\",\"url\":\"https:\\\/\\\/lospoliticosveracruz.com\\\/?p=18402\",\"name\":\"Le paga la cuenta el gobernador a Ferrari - Los pol\u00edticos Veracruz\",\"isPartOf\":{\"@id\":\"https:\\\/\\\/lospoliticosveracruz.com\\\/#website\"},\"primaryImageOfPage\":{\"@id\":\"https:\\\/\\\/lospoliticosveracruz.com\\\/?p=18402#primaryimage\"},\"image\":{\"@id\":\"https:\\\/\\\/lospoliticosveracruz.com\\\/?p=18402#primaryimage\"},\"thumbnailUrl\":\"http:\\\/\\\/www.lospoliticosveracruz.com.mx\\\/wp-content\\\/uploads\\\/2015\\\/10\\\/Alfredo-Ferrari-Saavedra1-300x169.jpg\",\"datePublished\":\"2015-10-16T13:41:00+00:00\",\"breadcrumb\":{\"@id\":\"https:\\\/\\\/lospoliticosveracruz.com\\\/?p=18402#breadcrumb\"},\"inLanguage\":\"es\",\"potentialAction\":[{\"@type\":\"ReadAction\",\"target\":[\"https:\\\/\\\/lospoliticosveracruz.com\\\/?p=18402\"]}]},{\"@type\":\"ImageObject\",\"inLanguage\":\"es\",\"@id\":\"https:\\\/\\\/lospoliticosveracruz.com\\\/?p=18402#primaryimage\",\"url\":\"http:\\\/\\\/www.lospoliticosveracruz.com.mx\\\/wp-content\\\/uploads\\\/2015\\\/10\\\/Alfredo-Ferrari-Saavedra1-300x169.jpg\",\"contentUrl\":\"http:\\\/\\\/www.lospoliticosveracruz.com.mx\\\/wp-content\\\/uploads\\\/2015\\\/10\\\/Alfredo-Ferrari-Saavedra1-300x169.jpg\"},{\"@type\":\"BreadcrumbList\",\"@id\":\"https:\\\/\\\/lospoliticosveracruz.com\\\/?p=18402#breadcrumb\",\"itemListElement\":[{\"@type\":\"ListItem\",\"position\":1,\"name\":\"Portada\",\"item\":\"https:\\\/\\\/lospoliticosveracruz.com\\\/\"},{\"@type\":\"ListItem\",\"position\":2,\"name\":\"Le paga la cuenta el gobernador a Ferrari\"}]},{\"@type\":\"WebSite\",\"@id\":\"https:\\\/\\\/lospoliticosveracruz.com\\\/#website\",\"url\":\"https:\\\/\\\/lospoliticosveracruz.com\\\/\",\"name\":\"Los pol\u00edticos Veracruz\",\"description\":\"\",\"publisher\":{\"@id\":\"https:\\\/\\\/lospoliticosveracruz.com\\\/#organization\"},\"potentialAction\":[{\"@type\":\"SearchAction\",\"target\":{\"@type\":\"EntryPoint\",\"urlTemplate\":\"https:\\\/\\\/lospoliticosveracruz.com\\\/?s={search_term_string}\"},\"query-input\":{\"@type\":\"PropertyValueSpecification\",\"valueRequired\":true,\"valueName\":\"search_term_string\"}}],\"inLanguage\":\"es\"},{\"@type\":\"Organization\",\"@id\":\"https:\\\/\\\/lospoliticosveracruz.com\\\/#organization\",\"name\":\"Los pol\u00edticos Veracruz\",\"url\":\"https:\\\/\\\/lospoliticosveracruz.com\\\/\",\"logo\":{\"@type\":\"ImageObject\",\"inLanguage\":\"es\",\"@id\":\"https:\\\/\\\/lospoliticosveracruz.com\\\/#\\\/schema\\\/logo\\\/image\\\/\",\"url\":\"https:\\\/\\\/lospoliticosveracruz.com\\\/wp-content\\\/uploads\\\/2025\\\/12\\\/Logo-Nuevo-LOS-POLITICOS-1.jpg\",\"contentUrl\":\"https:\\\/\\\/lospoliticosveracruz.com\\\/wp-content\\\/uploads\\\/2025\\\/12\\\/Logo-Nuevo-LOS-POLITICOS-1.jpg\",\"width\":260,\"height\":70,\"caption\":\"Los pol\u00edticos Veracruz\"},\"image\":{\"@id\":\"https:\\\/\\\/lospoliticosveracruz.com\\\/#\\\/schema\\\/logo\\\/image\\\/\"},\"sameAs\":[\"https:\\\/\\\/www.facebook.com\\\/people\\\/Notimemes-de-los-Polticos\\\/61565672886568\\\/\",\"https:\\\/\\\/x.com\\\/LosPoliticosVer\"]},{\"@type\":\"Person\",\"@id\":\"https:\\\/\\\/lospoliticosveracruz.com\\\/#\\\/schema\\\/person\\\/b8702bb0e538456e6efd07080bf2a4a2\",\"name\":\"Lo viste en Los Pol\u00edticos\",\"image\":{\"@type\":\"ImageObject\",\"inLanguage\":\"es\",\"@id\":\"https:\\\/\\\/secure.gravatar.com\\\/avatar\\\/3a8de04a2656d44082be478bd6c086daa447c4651605818287b9532d3d0bd435?s=96&d=mm&r=g\",\"url\":\"https:\\\/\\\/secure.gravatar.com\\\/avatar\\\/3a8de04a2656d44082be478bd6c086daa447c4651605818287b9532d3d0bd435?s=96&d=mm&r=g\",\"contentUrl\":\"https:\\\/\\\/secure.gravatar.com\\\/avatar\\\/3a8de04a2656d44082be478bd6c086daa447c4651605818287b9532d3d0bd435?s=96&d=mm&r=g\",\"caption\":\"Lo viste en Los Pol\u00edticos\"},\"url\":\"https:\\\/\\\/lospoliticosveracruz.com\\\/?author=2\"}]}<\/script>\n<!-- \/ Yoast SEO plugin. -->","yoast_head_json":{"title":"Le paga la cuenta el gobernador a Ferrari - Los pol\u00edticos Veracruz","robots":{"index":"index","follow":"follow","max-snippet":"max-snippet:-1","max-image-preview":"max-image-preview:large","max-video-preview":"max-video-preview:-1"},"canonical":"https:\/\/lospoliticosveracruz.com\/?p=18402","og_locale":"es_ES","og_type":"article","og_title":"Le paga la cuenta el gobernador a Ferrari - Los pol\u00edticos Veracruz","og_description":"Valeria Marcial En Pol\u00edtica Personas y Personalidades \u201cHay mucho por hacer en este pa\u00eds, ojal\u00e1 y todos nos ocupemos por hacer nuestra parte\u201d: Manlio Fabio Beltrones De llegar Alberto Silva al PRI, muchos se preguntaron \u00bfa d\u00f3nde se ir\u00eda Alfredo Ferrari Saavedra?, pues resulta que para todos hay lugar en el Gabinete Veracruzano y este [&hellip;]","og_url":"https:\/\/lospoliticosveracruz.com\/?p=18402","og_site_name":"Los pol\u00edticos Veracruz","article_publisher":"https:\/\/www.facebook.com\/people\/Notimemes-de-los-Polticos\/61565672886568\/","article_published_time":"2015-10-16T13:41:00+00:00","og_image":[{"url":"http:\/\/www.lospoliticosveracruz.com.mx\/wp-content\/uploads\/2015\/10\/Alfredo-Ferrari-Saavedra1-300x169.jpg","type":"","width":"","height":""}],"author":"Lo viste en Los Pol\u00edticos","twitter_card":"summary_large_image","twitter_creator":"@LosPoliticosVer","twitter_site":"@LosPoliticosVer","twitter_misc":{"Escrito por":"Lo viste en Los Pol\u00edticos","Tiempo de lectura":"4 minutos"},"schema":{"@context":"https:\/\/schema.org","@graph":[{"@type":"Article","@id":"https:\/\/lospoliticosveracruz.com\/?p=18402#article","isPartOf":{"@id":"https:\/\/lospoliticosveracruz.com\/?p=18402"},"author":{"name":"Lo viste en Los Pol\u00edticos","@id":"https:\/\/lospoliticosveracruz.com\/#\/schema\/person\/b8702bb0e538456e6efd07080bf2a4a2"},"headline":"Le paga la cuenta el gobernador a Ferrari","datePublished":"2015-10-16T13:41:00+00:00","mainEntityOfPage":{"@id":"https:\/\/lospoliticosveracruz.com\/?p=18402"},"wordCount":869,"commentCount":0,"publisher":{"@id":"https:\/\/lospoliticosveracruz.com\/#organization"},"image":{"@id":"https:\/\/lospoliticosveracruz.com\/?p=18402#primaryimage"},"thumbnailUrl":"http:\/\/www.lospoliticosveracruz.com.mx\/wp-content\/uploads\/2015\/10\/Alfredo-Ferrari-Saavedra1-300x169.jpg","keywords":["Alfredo Ferrari Saavedra","Carolina Gudi\u00f1o","Elizabeth Morales","PRI","Rafael Garc\u00eda Bringas"],"articleSection":["De Opini\u00f3n"],"inLanguage":"es","potentialAction":[{"@type":"CommentAction","name":"Comment","target":["https:\/\/lospoliticosveracruz.com\/?p=18402#respond"]}]},{"@type":"WebPage","@id":"https:\/\/lospoliticosveracruz.com\/?p=18402","url":"https:\/\/lospoliticosveracruz.com\/?p=18402","name":"Le paga la cuenta el gobernador a Ferrari - Los pol\u00edticos Veracruz","isPartOf":{"@id":"https:\/\/lospoliticosveracruz.com\/#website"},"primaryImageOfPage":{"@id":"https:\/\/lospoliticosveracruz.com\/?p=18402#primaryimage"},"image":{"@id":"https:\/\/lospoliticosveracruz.com\/?p=18402#primaryimage"},"thumbnailUrl":"http:\/\/www.lospoliticosveracruz.com.mx\/wp-content\/uploads\/2015\/10\/Alfredo-Ferrari-Saavedra1-300x169.jpg","datePublished":"2015-10-16T13:41:00+00:00","breadcrumb":{"@id":"https:\/\/lospoliticosveracruz.com\/?p=18402#breadcrumb"},"inLanguage":"es","potentialAction":[{"@type":"ReadAction","target":["https:\/\/lospoliticosveracruz.com\/?p=18402"]}]},{"@type":"ImageObject","inLanguage":"es","@id":"https:\/\/lospoliticosveracruz.com\/?p=18402#primaryimage","url":"http:\/\/www.lospoliticosveracruz.com.mx\/wp-content\/uploads\/2015\/10\/Alfredo-Ferrari-Saavedra1-300x169.jpg","contentUrl":"http:\/\/www.lospoliticosveracruz.com.mx\/wp-content\/uploads\/2015\/10\/Alfredo-Ferrari-Saavedra1-300x169.jpg"},{"@type":"BreadcrumbList","@id":"https:\/\/lospoliticosveracruz.com\/?p=18402#breadcrumb","itemListElement":[{"@type":"ListItem","position":1,"name":"Portada","item":"https:\/\/lospoliticosveracruz.com\/"},{"@type":"ListItem","position":2,"name":"Le paga la cuenta el gobernador a Ferrari"}]},{"@type":"WebSite","@id":"https:\/\/lospoliticosveracruz.com\/#website","url":"https:\/\/lospoliticosveracruz.com\/","name":"Los pol\u00edticos Veracruz","description":"","publisher":{"@id":"https:\/\/lospoliticosveracruz.com\/#organization"},"potentialAction":[{"@type":"SearchAction","target":{"@type":"EntryPoint","urlTemplate":"https:\/\/lospoliticosveracruz.com\/?s={search_term_string}"},"query-input":{"@type":"PropertyValueSpecification","valueRequired":true,"valueName":"search_term_string"}}],"inLanguage":"es"},{"@type":"Organization","@id":"https:\/\/lospoliticosveracruz.com\/#organization","name":"Los pol\u00edticos Veracruz","url":"https:\/\/lospoliticosveracruz.com\/","logo":{"@type":"ImageObject","inLanguage":"es","@id":"https:\/\/lospoliticosveracruz.com\/#\/schema\/logo\/image\/","url":"https:\/\/lospoliticosveracruz.com\/wp-content\/uploads\/2025\/12\/Logo-Nuevo-LOS-POLITICOS-1.jpg","contentUrl":"https:\/\/lospoliticosveracruz.com\/wp-content\/uploads\/2025\/12\/Logo-Nuevo-LOS-POLITICOS-1.jpg","width":260,"height":70,"caption":"Los pol\u00edticos Veracruz"},"image":{"@id":"https:\/\/lospoliticosveracruz.com\/#\/schema\/logo\/image\/"},"sameAs":["https:\/\/www.facebook.com\/people\/Notimemes-de-los-Polticos\/61565672886568\/","https:\/\/x.com\/LosPoliticosVer"]},{"@type":"Person","@id":"https:\/\/lospoliticosveracruz.com\/#\/schema\/person\/b8702bb0e538456e6efd07080bf2a4a2","name":"Lo viste en Los Pol\u00edticos","image":{"@type":"ImageObject","inLanguage":"es","@id":"https:\/\/secure.gravatar.com\/avatar\/3a8de04a2656d44082be478bd6c086daa447c4651605818287b9532d3d0bd435?s=96&d=mm&r=g","url":"https:\/\/secure.gravatar.com\/avatar\/3a8de04a2656d44082be478bd6c086daa447c4651605818287b9532d3d0bd435?s=96&d=mm&r=g","contentUrl":"https:\/\/secure.gravatar.com\/avatar\/3a8de04a2656d44082be478bd6c086daa447c4651605818287b9532d3d0bd435?s=96&d=mm&r=g","caption":"Lo viste en Los Pol\u00edticos"},"url":"https:\/\/lospoliticosveracruz.com\/?author=2"}]}},"_links":{"self":[{"href":"https:\/\/lospoliticosveracruz.com\/index.php?rest_route=\/wp\/v2\/posts\/18402","targetHints":{"allow":["GET"]}}],"collection":[{"href":"https:\/\/lospoliticosveracruz.com\/index.php?rest_route=\/wp\/v2\/posts"}],"about":[{"href":"https:\/\/lospoliticosveracruz.com\/index.php?rest_route=\/wp\/v2\/types\/post"}],"author":[{"embeddable":true,"href":"https:\/\/lospoliticosveracruz.com\/index.php?rest_route=\/wp\/v2\/users\/2"}],"replies":[{"embeddable":true,"href":"https:\/\/lospoliticosveracruz.com\/index.php?rest_route=%2Fwp%2Fv2%2Fcomments&post=18402"}],"version-history":[{"count":1,"href":"https:\/\/lospoliticosveracruz.com\/index.php?rest_route=\/wp\/v2\/posts\/18402\/revisions"}],"predecessor-version":[{"id":18404,"href":"https:\/\/lospoliticosveracruz.com\/index.php?rest_route=\/wp\/v2\/posts\/18402\/revisions\/18404"}],"wp:attachment":[{"href":"https:\/\/lospoliticosveracruz.com\/index.php?rest_route=%2Fwp%2Fv2%2Fmedia&parent=18402"}],"wp:term":[{"taxonomy":"category","embeddable":true,"href":"https:\/\/lospoliticosveracruz.com\/index.php?rest_route=%2Fwp%2Fv2%2Fcategories&post=18402"},{"taxonomy":"post_tag","embeddable":true,"href":"https:\/\/lospoliticosveracruz.com\/index.php?rest_route=%2Fwp%2Fv2%2Ftags&post=18402"}],"curies":[{"name":"wp","href":"https:\/\/api.w.org\/{rel}","templated":true}]}}