{"id":18430,"date":"2015-10-18T20:10:29","date_gmt":"2015-10-19T01:10:29","guid":{"rendered":"http:\/\/www.lospoliticosveracruz.com.mx\/?p=18430"},"modified":"2015-10-18T20:10:29","modified_gmt":"2015-10-19T01:10:29","slug":"dante-candidato-fuerte-por-morena","status":"publish","type":"post","link":"https:\/\/lospoliticosveracruz.com\/?p=18430","title":{"rendered":"Dante, candidato fuerte por Morena"},"content":{"rendered":"<p><a href=\"http:\/\/www.lospoliticosveracruz.com.mx\/wp-content\/uploads\/2015\/03\/Dante-Delgado.jpg\"><img loading=\"lazy\" decoding=\"async\" class=\"alignnone size-medium wp-image-15498\" src=\"http:\/\/www.lospoliticosveracruz.com.mx\/wp-content\/uploads\/2015\/03\/Dante-Delgado-300x200.jpg\" alt=\"Dante Delgado\" width=\"300\" height=\"200\" \/><\/a><br \/>\n<strong>Marco Antonio Aguirre Rodr\u00edguez<\/strong><\/p>\n<p><em>M\u00edsticos y Terrenales<\/em><\/p>\n<p>Dante Delgado Rannauro puede ser el tercer candidato fuerte en las elecciones de 2016.<br \/>\nEn los integrantes del Movimiento de Regeneraci\u00f3n Nacional (Morena) hay una corriente que ve con buenos ojos que el exgobernador de Veracruz sea el candidato que se oponga a los Yunes, tanto azules como rojos, como representante de una verdadera tendencia de izquierda.<br \/>\nDe hecho Dante Delgado ha tenido una buena relaci\u00f3n con Andr\u00e9s Manuel L\u00f3pez Obrador desde hace mucho tiempo y el hoy dirigente de Morena es precisamente quien impuls\u00f3 a Dante en las alianzas del PRD.<br \/>\nDante Delgado a\u00fan cuando ha perdido en las elecciones para el gobierno del estado en las que ha participado, hoy por hoy es la figura identificada con la izquierda que mejor nivel tiene en las encuestas, por encima de otros nombres que se han manejado como posibles candidatos, incluido el del ahora diputado federal por Xalapa, Cuitl\u00e1huac Garc\u00eda Jim\u00e9nez, quien es el Promotor de la Soberan\u00eda Nacional en el Estado de Veracruz, por Morena.<br \/>\nDante Delgado dijo el s\u00e1bado a sus copartidarios, aqu\u00ed en Veracruz, que ir\u00e1n solos para la contienda del 2016, e igualmente mencion\u00f3 que no est\u00e1 pensando en volver a ser candidato.<br \/>\nPero su llegada al estado y sus declaraciones tronantes tienen un sentido. Es pol\u00edtico de mucho tiempo y sabe el efecto que quiere causar con su presencia y sus palabras.<br \/>\nAdem\u00e1s de que los encuentros con los dirigentes de Morena se han dado.<br \/>\nLa figura del exgobernador de Veracruz toma fuerza porque en Morena ya se est\u00e1n repitieron en la elecci\u00f3n de su dirigente estatal los vicios electorales que llevaron al traste de la credibilidad al PRD.<br \/>\nEste s\u00e1bado se realiz\u00f3 la elecci\u00f3n del dirigente estatal de Morena, en una contienda en la que se confrontaron Manuel Huerta Ladr\u00f3n de Guevara y Marco Antonio Medina P\u00e9rez.<br \/>\nManuel Huerta result\u00f3 electo en un universo de 210 delegados, 10 por cada distrito electoral, con 88 votos a favor, mientras que su contrincante obtuvo 87.<br \/>\nPero\u2026<br \/>\nMarco Antonio Medina impugn\u00f3 el proceso porque encontraron lo que al parecer son dos actas clonadas, \u201cdescoloridas\u201d.<br \/>\nAnte esto el caso ser\u00e1 llevado a la Comisi\u00f3n de Honestidad y Justicia de Morena, para que decidan.<br \/>\nEn Morena saben el da\u00f1o de imagen p\u00fablica, e interna, que pueden provocar estos conflictos, por ello sus procesos de selecci\u00f3n de dirigentes los llevan como acto interno, secreto, al grado de que los militantes que proporcionen informaci\u00f3n violan los estatutos y se exponen a las sanciones que se marcan en estos.<br \/>\n\u00bfEs conveniente que se tenga \u00e9sta secrec\u00eda.<br \/>\nTom\u00e1s Pliego Calvo, Secretario Nacional de Organizaci\u00f3n de Morena y presidente del segundo Congreso Estatal de Veracruz, considera que s\u00ed.<br \/>\n\u00bfQui\u00e9n meti\u00f3 esas actas?<br \/>\nDif\u00edcil saberlo desde afuera y qui\u00e9n sabe si adentro logren dilucidarlo.<br \/>\n\u00bfA qui\u00e9n benefician esas actas?<br \/>\nDefinitivamente, al partido no, porque empieza a minarse su credibilidad.<br \/>\nMorena es un partido apenas en construcci\u00f3n, que gan\u00f3 dos diputaciones en el estado por el rechazo de la poblaci\u00f3n a los candidatos del PRI y del PAN en Xalapa y Coatzacoalcos.<br \/>\nPero si empiezan as\u00ed, \u00bfc\u00f3mo podr\u00e1n afianzarse?.<br \/>\nDe entrada el resultado caus\u00f3 sorpresa, porque de ambos aspirantes a la dirigencia estatal, el m\u00e1s conocido (al menos hacia fuera del partido) es Manuel Huerta, quien fue diputado federal por el PRD en la anterior legislatura, mientras que Marco Antonio Medina, tiene una posici\u00f3n clave en la dirigencia nacional de Morena, donde es el Secretario de Finanzas, m\u00e1s tiene muy poca presencia en el estado; naci\u00f3 en Tuxpan, pero desde que se fue a estudiar la carrera universitaria al Distrito Federal realiz\u00f3 actividad pol\u00edtica en la capital del pa\u00eds.<br \/>\nDentro de las huestes de Morena si lo conocen y eso es lo que importa, porque la elecci\u00f3n la hacen sus delegados distritales.<br \/>\nAs\u00ed pues, si Morena crece y realmente se posiciona como partido pol\u00edtico en Veracruz, y la figura de Dante Delgado se redimensiona, \u00e9ste puede ser el tercer candidato fuerte en la contienda.<br \/>\nMorena tiene un rango de crecimiento a\u00fan desconocido, del tama\u00f1o de los simpatizantes de izquierda dispersos, de los inconformes con el gobierno de Javier Duarte y de los candidatos que pongan en el PRI y en el PAN y la real atracci\u00f3n de votantes que tengan.<br \/>\nUn candidato d\u00e9bil del PRI, frente a uno fuerte del PAN y otro fuerte de Morena, perder\u00e1.<br \/>\nUn candidato d\u00e9bil del PAN frente a un candidato fuerte del PRI y otro fuerte de Morena, perder\u00e1.<br \/>\nUn candidato independiente frente a candidatos fuertes en los partidos pol\u00edticos, qui\u00e9n sabe c\u00f3mo le pueda ir.<br \/>\nAs\u00ed que: piensen bien a qui\u00e9n habr\u00e1n de poner, porque ni siquiera una gran cantidad de recursos para compra de votos puede garantizar el triunfo frente a un candidato fuerte.<br \/>\nLos terrenales no habr\u00e1n de escoger al candidato de Duarte, es seguro, pero si se decantar\u00e1n a favor de cualquiera que pueda dejar fuera al fidelato.<br \/>\nDante puede ser el tercer candidato fuerte.<\/p>\n<p>H\u00c9CTOR YUNES Y LA CORRUPTA ODERBRECHT. Oderbrecht es un consorcio brasile\u00f1o que ha hecho m\u00faltiples negocios con Javier Duarte y el fidelato, incluyendo el que se le entregase el sistema de agua potable de la zona conurbada Veracruz-Boca del R\u00edo-Medell\u00edn.<br \/>\nY Oderbrecht es un consorcio cuyo presidente est\u00e1 preso en Brasil por corrupci\u00f3n.<br \/>\nSin embargo este domingo H\u00e9ctor Yunes hizo declaraciones a favor de la construcci\u00f3n del proyecto Etileno XXI, el cual realiza Oderbrecht, precisamente, junto con la empresa mexicana Braskem Idesa.<br \/>\nOderbrecht ha sido se\u00f1alado en el sur del estado de diversas irregularidades, que incluyen la explotaci\u00f3n de sus trabajadores y el da\u00f1o ambiental a la zona, as\u00ed como la evasi\u00f3n de impuestos al municipio.<br \/>\n\u00bfC\u00f3mo pues llega H\u00e9ctor Yunes a avalar a \u00e9sta empresa?<br \/>\nDice el dicho: Dime con quien andas y te dir\u00e9 qui\u00e9n eres.<br \/>\nY H\u00e9ctor Yunes no es, para nada, inocente palomita, sabe bien d\u00f3nde se mete.<br \/>\nNo es conveniente para su imagen asociarse con empresas corruptas.<\/p>\n<p>XALAPA, IMPULSOR DE DATOS ABIERTOS. Xalapa, junto con Zapopan, se convirtieron en municipios impulsores de la pol\u00edtica de datos abiertos.<br \/>\nEn Xalapa hay una gran disposici\u00f3n de las personas para utilizar la informaci\u00f3n disponible para mejorar su calidad de vida, prueba de ello es que Xalapa fue el primer municipio en publicar sus datos abiertos dentro de la Estrategia Digital Nacional, enalteci\u00f3 el Director de An\u00e1lisis de Datos Abiertos de la Estrategia Digital Nacional de la Oficina de la Presidencia de la Rep\u00fablica, Carlos Castro Correa, durante la clausura del Hackathon Estatal Veracruz 2015, se\u00f1al\u00f3 que<br \/>\nExplic\u00f3 que al revisar el n\u00famero de descargas de datos.gob.mx, se puede comprobar que \u00e9ste tambi\u00e9n es el municipio con mayor movimiento del pa\u00eds, lo que demuestra el inter\u00e9s de la ciudadan\u00eda en mejorar su entorno.<br \/>\nLos datos abiertos pueden utilizarse para resolver diversos problemas sociales, en materia de salud, servicios p\u00fablicos y bienestar social, entre otros, por ello es muy importante que est\u00e9n disponibles para todos.<\/p>\n<p>BRITO Y MORGADO, \u00bfCAMBIO DE BANDO?. Carlos Brito y Gonzalo Morgado Huesca en diferentes momentos se han mostrado a favor de la candidatura de Pepe Yunes al gobierno del estado de Veracruz para el 2016.<br \/>\nEn ese tenor primero dijeron, junto con Felipe Amadeo Flores Espinosa, que estaban en desacuerdo en la llegada de Alberto Silva a la dirigencia estatal del PRI.<br \/>\nPero el s\u00e1bado Carlos Brito ofreci\u00f3 un desayuno a Javier Duarte y a Alberto Silva, junto con otros pol\u00edticos y algunos periodistas, donde Javier Duarte se hecho para atr\u00e1s en el compromiso de apoyar a uno de los Yunes rojos, cuando dijo que no tiene candidato a la gubernatura en el 2016, pero que la llegada de Silva al PRI estatal lo coloca en posici\u00f3n de buscar esa nominaci\u00f3n y que va en contra de \u201clos de enfrente\u201d.<br \/>\nLa informaci\u00f3n period\u00edstica difundida asienta que Brito y Morgado ya no se pronunciaron contra Silva, y en cambio hasta dijeron que asistir\u00e1n a su toma de posesi\u00f3n como dirigente estatal del PRI.<br \/>\nMuy poco aguantaron en la construcci\u00f3n de un proyecto de un gobierno diferente al fidelato.<br \/>\nRegresan al redil \u00bflos convencieron con prebendas o con amenazas?.<br \/>\n\u00bfO se entregaron solitos?<\/p>\n","protected":false},"excerpt":{"rendered":"<p>Marco Antonio Aguirre Rodr\u00edguez M\u00edsticos y Terrenales Dante Delgado Rannauro puede ser el tercer candidato fuerte en las elecciones de 2016. En los integrantes del Movimiento de Regeneraci\u00f3n Nacional (Morena) hay una corriente que ve con buenos ojos que el exgobernador de Veracruz sea el candidato que se oponga a los Yunes, tanto azules como [&hellip;]<\/p>\n","protected":false},"author":2,"featured_media":0,"comment_status":"open","ping_status":"open","sticky":false,"template":"","format":"standard","meta":{"tdm_status":"","tdm_grid_status":"","footnotes":""},"categories":[70],"tags":[618,1563,1006,1850,3711,1026],"class_list":{"0":"post-18430","1":"post","2":"type-post","3":"status-publish","4":"format-standard","6":"category-de-opinion","7":"tag-andres-manuel-lopez-obrador","8":"tag-cuitlahuac-garcia-jimenez","9":"tag-dante-delgado-rannauro","10":"tag-manuel-huerta-ladron-de-guevara","11":"tag-marco-antonio-medina-perez","12":"tag-morena"},"yoast_head":"<!-- This site is optimized with the Yoast SEO plugin v27.4 - https:\/\/yoast.com\/product\/yoast-seo-wordpress\/ -->\n<title>Dante, candidato fuerte por Morena - Los pol\u00edticos Veracruz<\/title>\n<meta name=\"robots\" content=\"index, follow, max-snippet:-1, max-image-preview:large, max-video-preview:-1\" \/>\n<link rel=\"canonical\" href=\"https:\/\/lospoliticosveracruz.com\/?p=18430\" \/>\n<meta property=\"og:locale\" content=\"es_ES\" \/>\n<meta property=\"og:type\" content=\"article\" \/>\n<meta property=\"og:title\" content=\"Dante, candidato fuerte por Morena - Los pol\u00edticos Veracruz\" \/>\n<meta property=\"og:description\" content=\"Marco Antonio Aguirre Rodr\u00edguez M\u00edsticos y Terrenales Dante Delgado Rannauro puede ser el tercer candidato fuerte en las elecciones de 2016. En los integrantes del Movimiento de Regeneraci\u00f3n Nacional (Morena) hay una corriente que ve con buenos ojos que el exgobernador de Veracruz sea el candidato que se oponga a los Yunes, tanto azules como [&hellip;]\" \/>\n<meta property=\"og:url\" content=\"https:\/\/lospoliticosveracruz.com\/?p=18430\" \/>\n<meta property=\"og:site_name\" content=\"Los pol\u00edticos Veracruz\" \/>\n<meta property=\"article:publisher\" content=\"https:\/\/www.facebook.com\/people\/Notimemes-de-los-Polticos\/61565672886568\/\" \/>\n<meta property=\"article:published_time\" content=\"2015-10-19T01:10:29+00:00\" \/>\n<meta property=\"og:image\" content=\"http:\/\/www.lospoliticosveracruz.com.mx\/wp-content\/uploads\/2015\/03\/Dante-Delgado-300x200.jpg\" \/>\n<meta name=\"author\" content=\"Lo viste en Los Pol\u00edticos\" \/>\n<meta name=\"twitter:card\" content=\"summary_large_image\" \/>\n<meta name=\"twitter:creator\" content=\"@LosPoliticosVer\" \/>\n<meta name=\"twitter:site\" content=\"@LosPoliticosVer\" \/>\n<meta name=\"twitter:label1\" content=\"Escrito por\" \/>\n\t<meta name=\"twitter:data1\" content=\"Lo viste en Los Pol\u00edticos\" \/>\n\t<meta name=\"twitter:label2\" content=\"Tiempo de lectura\" \/>\n\t<meta name=\"twitter:data2\" content=\"7 minutos\" \/>\n<script type=\"application\/ld+json\" class=\"yoast-schema-graph\">{\"@context\":\"https:\\\/\\\/schema.org\",\"@graph\":[{\"@type\":\"Article\",\"@id\":\"https:\\\/\\\/lospoliticosveracruz.com\\\/?p=18430#article\",\"isPartOf\":{\"@id\":\"https:\\\/\\\/lospoliticosveracruz.com\\\/?p=18430\"},\"author\":{\"name\":\"Lo viste en Los Pol\u00edticos\",\"@id\":\"https:\\\/\\\/lospoliticosveracruz.com\\\/#\\\/schema\\\/person\\\/b8702bb0e538456e6efd07080bf2a4a2\"},\"headline\":\"Dante, candidato fuerte por Morena\",\"datePublished\":\"2015-10-19T01:10:29+00:00\",\"mainEntityOfPage\":{\"@id\":\"https:\\\/\\\/lospoliticosveracruz.com\\\/?p=18430\"},\"wordCount\":1446,\"commentCount\":0,\"publisher\":{\"@id\":\"https:\\\/\\\/lospoliticosveracruz.com\\\/#organization\"},\"image\":{\"@id\":\"https:\\\/\\\/lospoliticosveracruz.com\\\/?p=18430#primaryimage\"},\"thumbnailUrl\":\"http:\\\/\\\/www.lospoliticosveracruz.com.mx\\\/wp-content\\\/uploads\\\/2015\\\/03\\\/Dante-Delgado-300x200.jpg\",\"keywords\":[\"Andr\u00e9s Manuel L\u00f3pez Obrador\",\"Cuitl\u00e1huac Garc\u00eda Jim\u00e9nez\",\"Dante Delgado Rannauro\",\"Manuel Huerta Ladr\u00f3n de Guevara\",\"Marco Antonio Medina P\u00e9rez\",\"Morena\"],\"articleSection\":[\"De Opini\u00f3n\"],\"inLanguage\":\"es\",\"potentialAction\":[{\"@type\":\"CommentAction\",\"name\":\"Comment\",\"target\":[\"https:\\\/\\\/lospoliticosveracruz.com\\\/?p=18430#respond\"]}]},{\"@type\":\"WebPage\",\"@id\":\"https:\\\/\\\/lospoliticosveracruz.com\\\/?p=18430\",\"url\":\"https:\\\/\\\/lospoliticosveracruz.com\\\/?p=18430\",\"name\":\"Dante, candidato fuerte por Morena - Los pol\u00edticos Veracruz\",\"isPartOf\":{\"@id\":\"https:\\\/\\\/lospoliticosveracruz.com\\\/#website\"},\"primaryImageOfPage\":{\"@id\":\"https:\\\/\\\/lospoliticosveracruz.com\\\/?p=18430#primaryimage\"},\"image\":{\"@id\":\"https:\\\/\\\/lospoliticosveracruz.com\\\/?p=18430#primaryimage\"},\"thumbnailUrl\":\"http:\\\/\\\/www.lospoliticosveracruz.com.mx\\\/wp-content\\\/uploads\\\/2015\\\/03\\\/Dante-Delgado-300x200.jpg\",\"datePublished\":\"2015-10-19T01:10:29+00:00\",\"breadcrumb\":{\"@id\":\"https:\\\/\\\/lospoliticosveracruz.com\\\/?p=18430#breadcrumb\"},\"inLanguage\":\"es\",\"potentialAction\":[{\"@type\":\"ReadAction\",\"target\":[\"https:\\\/\\\/lospoliticosveracruz.com\\\/?p=18430\"]}]},{\"@type\":\"ImageObject\",\"inLanguage\":\"es\",\"@id\":\"https:\\\/\\\/lospoliticosveracruz.com\\\/?p=18430#primaryimage\",\"url\":\"http:\\\/\\\/www.lospoliticosveracruz.com.mx\\\/wp-content\\\/uploads\\\/2015\\\/03\\\/Dante-Delgado-300x200.jpg\",\"contentUrl\":\"http:\\\/\\\/www.lospoliticosveracruz.com.mx\\\/wp-content\\\/uploads\\\/2015\\\/03\\\/Dante-Delgado-300x200.jpg\"},{\"@type\":\"BreadcrumbList\",\"@id\":\"https:\\\/\\\/lospoliticosveracruz.com\\\/?p=18430#breadcrumb\",\"itemListElement\":[{\"@type\":\"ListItem\",\"position\":1,\"name\":\"Portada\",\"item\":\"https:\\\/\\\/lospoliticosveracruz.com\\\/\"},{\"@type\":\"ListItem\",\"position\":2,\"name\":\"Dante, candidato fuerte por Morena\"}]},{\"@type\":\"WebSite\",\"@id\":\"https:\\\/\\\/lospoliticosveracruz.com\\\/#website\",\"url\":\"https:\\\/\\\/lospoliticosveracruz.com\\\/\",\"name\":\"Los pol\u00edticos Veracruz\",\"description\":\"\",\"publisher\":{\"@id\":\"https:\\\/\\\/lospoliticosveracruz.com\\\/#organization\"},\"potentialAction\":[{\"@type\":\"SearchAction\",\"target\":{\"@type\":\"EntryPoint\",\"urlTemplate\":\"https:\\\/\\\/lospoliticosveracruz.com\\\/?s={search_term_string}\"},\"query-input\":{\"@type\":\"PropertyValueSpecification\",\"valueRequired\":true,\"valueName\":\"search_term_string\"}}],\"inLanguage\":\"es\"},{\"@type\":\"Organization\",\"@id\":\"https:\\\/\\\/lospoliticosveracruz.com\\\/#organization\",\"name\":\"Los pol\u00edticos Veracruz\",\"url\":\"https:\\\/\\\/lospoliticosveracruz.com\\\/\",\"logo\":{\"@type\":\"ImageObject\",\"inLanguage\":\"es\",\"@id\":\"https:\\\/\\\/lospoliticosveracruz.com\\\/#\\\/schema\\\/logo\\\/image\\\/\",\"url\":\"https:\\\/\\\/lospoliticosveracruz.com\\\/wp-content\\\/uploads\\\/2025\\\/12\\\/Logo-Nuevo-LOS-POLITICOS-1.jpg\",\"contentUrl\":\"https:\\\/\\\/lospoliticosveracruz.com\\\/wp-content\\\/uploads\\\/2025\\\/12\\\/Logo-Nuevo-LOS-POLITICOS-1.jpg\",\"width\":260,\"height\":70,\"caption\":\"Los pol\u00edticos Veracruz\"},\"image\":{\"@id\":\"https:\\\/\\\/lospoliticosveracruz.com\\\/#\\\/schema\\\/logo\\\/image\\\/\"},\"sameAs\":[\"https:\\\/\\\/www.facebook.com\\\/people\\\/Notimemes-de-los-Polticos\\\/61565672886568\\\/\",\"https:\\\/\\\/x.com\\\/LosPoliticosVer\"]},{\"@type\":\"Person\",\"@id\":\"https:\\\/\\\/lospoliticosveracruz.com\\\/#\\\/schema\\\/person\\\/b8702bb0e538456e6efd07080bf2a4a2\",\"name\":\"Lo viste en Los Pol\u00edticos\",\"image\":{\"@type\":\"ImageObject\",\"inLanguage\":\"es\",\"@id\":\"https:\\\/\\\/secure.gravatar.com\\\/avatar\\\/3a8de04a2656d44082be478bd6c086daa447c4651605818287b9532d3d0bd435?s=96&d=mm&r=g\",\"url\":\"https:\\\/\\\/secure.gravatar.com\\\/avatar\\\/3a8de04a2656d44082be478bd6c086daa447c4651605818287b9532d3d0bd435?s=96&d=mm&r=g\",\"contentUrl\":\"https:\\\/\\\/secure.gravatar.com\\\/avatar\\\/3a8de04a2656d44082be478bd6c086daa447c4651605818287b9532d3d0bd435?s=96&d=mm&r=g\",\"caption\":\"Lo viste en Los Pol\u00edticos\"},\"url\":\"https:\\\/\\\/lospoliticosveracruz.com\\\/?author=2\"}]}<\/script>\n<!-- \/ Yoast SEO plugin. -->","yoast_head_json":{"title":"Dante, candidato fuerte por Morena - Los pol\u00edticos Veracruz","robots":{"index":"index","follow":"follow","max-snippet":"max-snippet:-1","max-image-preview":"max-image-preview:large","max-video-preview":"max-video-preview:-1"},"canonical":"https:\/\/lospoliticosveracruz.com\/?p=18430","og_locale":"es_ES","og_type":"article","og_title":"Dante, candidato fuerte por Morena - Los pol\u00edticos Veracruz","og_description":"Marco Antonio Aguirre Rodr\u00edguez M\u00edsticos y Terrenales Dante Delgado Rannauro puede ser el tercer candidato fuerte en las elecciones de 2016. En los integrantes del Movimiento de Regeneraci\u00f3n Nacional (Morena) hay una corriente que ve con buenos ojos que el exgobernador de Veracruz sea el candidato que se oponga a los Yunes, tanto azules como [&hellip;]","og_url":"https:\/\/lospoliticosveracruz.com\/?p=18430","og_site_name":"Los pol\u00edticos Veracruz","article_publisher":"https:\/\/www.facebook.com\/people\/Notimemes-de-los-Polticos\/61565672886568\/","article_published_time":"2015-10-19T01:10:29+00:00","og_image":[{"url":"http:\/\/www.lospoliticosveracruz.com.mx\/wp-content\/uploads\/2015\/03\/Dante-Delgado-300x200.jpg","type":"","width":"","height":""}],"author":"Lo viste en Los Pol\u00edticos","twitter_card":"summary_large_image","twitter_creator":"@LosPoliticosVer","twitter_site":"@LosPoliticosVer","twitter_misc":{"Escrito por":"Lo viste en Los Pol\u00edticos","Tiempo de lectura":"7 minutos"},"schema":{"@context":"https:\/\/schema.org","@graph":[{"@type":"Article","@id":"https:\/\/lospoliticosveracruz.com\/?p=18430#article","isPartOf":{"@id":"https:\/\/lospoliticosveracruz.com\/?p=18430"},"author":{"name":"Lo viste en Los Pol\u00edticos","@id":"https:\/\/lospoliticosveracruz.com\/#\/schema\/person\/b8702bb0e538456e6efd07080bf2a4a2"},"headline":"Dante, candidato fuerte por Morena","datePublished":"2015-10-19T01:10:29+00:00","mainEntityOfPage":{"@id":"https:\/\/lospoliticosveracruz.com\/?p=18430"},"wordCount":1446,"commentCount":0,"publisher":{"@id":"https:\/\/lospoliticosveracruz.com\/#organization"},"image":{"@id":"https:\/\/lospoliticosveracruz.com\/?p=18430#primaryimage"},"thumbnailUrl":"http:\/\/www.lospoliticosveracruz.com.mx\/wp-content\/uploads\/2015\/03\/Dante-Delgado-300x200.jpg","keywords":["Andr\u00e9s Manuel L\u00f3pez Obrador","Cuitl\u00e1huac Garc\u00eda Jim\u00e9nez","Dante Delgado Rannauro","Manuel Huerta Ladr\u00f3n de Guevara","Marco Antonio Medina P\u00e9rez","Morena"],"articleSection":["De Opini\u00f3n"],"inLanguage":"es","potentialAction":[{"@type":"CommentAction","name":"Comment","target":["https:\/\/lospoliticosveracruz.com\/?p=18430#respond"]}]},{"@type":"WebPage","@id":"https:\/\/lospoliticosveracruz.com\/?p=18430","url":"https:\/\/lospoliticosveracruz.com\/?p=18430","name":"Dante, candidato fuerte por Morena - Los pol\u00edticos Veracruz","isPartOf":{"@id":"https:\/\/lospoliticosveracruz.com\/#website"},"primaryImageOfPage":{"@id":"https:\/\/lospoliticosveracruz.com\/?p=18430#primaryimage"},"image":{"@id":"https:\/\/lospoliticosveracruz.com\/?p=18430#primaryimage"},"thumbnailUrl":"http:\/\/www.lospoliticosveracruz.com.mx\/wp-content\/uploads\/2015\/03\/Dante-Delgado-300x200.jpg","datePublished":"2015-10-19T01:10:29+00:00","breadcrumb":{"@id":"https:\/\/lospoliticosveracruz.com\/?p=18430#breadcrumb"},"inLanguage":"es","potentialAction":[{"@type":"ReadAction","target":["https:\/\/lospoliticosveracruz.com\/?p=18430"]}]},{"@type":"ImageObject","inLanguage":"es","@id":"https:\/\/lospoliticosveracruz.com\/?p=18430#primaryimage","url":"http:\/\/www.lospoliticosveracruz.com.mx\/wp-content\/uploads\/2015\/03\/Dante-Delgado-300x200.jpg","contentUrl":"http:\/\/www.lospoliticosveracruz.com.mx\/wp-content\/uploads\/2015\/03\/Dante-Delgado-300x200.jpg"},{"@type":"BreadcrumbList","@id":"https:\/\/lospoliticosveracruz.com\/?p=18430#breadcrumb","itemListElement":[{"@type":"ListItem","position":1,"name":"Portada","item":"https:\/\/lospoliticosveracruz.com\/"},{"@type":"ListItem","position":2,"name":"Dante, candidato fuerte por Morena"}]},{"@type":"WebSite","@id":"https:\/\/lospoliticosveracruz.com\/#website","url":"https:\/\/lospoliticosveracruz.com\/","name":"Los pol\u00edticos Veracruz","description":"","publisher":{"@id":"https:\/\/lospoliticosveracruz.com\/#organization"},"potentialAction":[{"@type":"SearchAction","target":{"@type":"EntryPoint","urlTemplate":"https:\/\/lospoliticosveracruz.com\/?s={search_term_string}"},"query-input":{"@type":"PropertyValueSpecification","valueRequired":true,"valueName":"search_term_string"}}],"inLanguage":"es"},{"@type":"Organization","@id":"https:\/\/lospoliticosveracruz.com\/#organization","name":"Los pol\u00edticos Veracruz","url":"https:\/\/lospoliticosveracruz.com\/","logo":{"@type":"ImageObject","inLanguage":"es","@id":"https:\/\/lospoliticosveracruz.com\/#\/schema\/logo\/image\/","url":"https:\/\/lospoliticosveracruz.com\/wp-content\/uploads\/2025\/12\/Logo-Nuevo-LOS-POLITICOS-1.jpg","contentUrl":"https:\/\/lospoliticosveracruz.com\/wp-content\/uploads\/2025\/12\/Logo-Nuevo-LOS-POLITICOS-1.jpg","width":260,"height":70,"caption":"Los pol\u00edticos Veracruz"},"image":{"@id":"https:\/\/lospoliticosveracruz.com\/#\/schema\/logo\/image\/"},"sameAs":["https:\/\/www.facebook.com\/people\/Notimemes-de-los-Polticos\/61565672886568\/","https:\/\/x.com\/LosPoliticosVer"]},{"@type":"Person","@id":"https:\/\/lospoliticosveracruz.com\/#\/schema\/person\/b8702bb0e538456e6efd07080bf2a4a2","name":"Lo viste en Los Pol\u00edticos","image":{"@type":"ImageObject","inLanguage":"es","@id":"https:\/\/secure.gravatar.com\/avatar\/3a8de04a2656d44082be478bd6c086daa447c4651605818287b9532d3d0bd435?s=96&d=mm&r=g","url":"https:\/\/secure.gravatar.com\/avatar\/3a8de04a2656d44082be478bd6c086daa447c4651605818287b9532d3d0bd435?s=96&d=mm&r=g","contentUrl":"https:\/\/secure.gravatar.com\/avatar\/3a8de04a2656d44082be478bd6c086daa447c4651605818287b9532d3d0bd435?s=96&d=mm&r=g","caption":"Lo viste en Los Pol\u00edticos"},"url":"https:\/\/lospoliticosveracruz.com\/?author=2"}]}},"_links":{"self":[{"href":"https:\/\/lospoliticosveracruz.com\/index.php?rest_route=\/wp\/v2\/posts\/18430","targetHints":{"allow":["GET"]}}],"collection":[{"href":"https:\/\/lospoliticosveracruz.com\/index.php?rest_route=\/wp\/v2\/posts"}],"about":[{"href":"https:\/\/lospoliticosveracruz.com\/index.php?rest_route=\/wp\/v2\/types\/post"}],"author":[{"embeddable":true,"href":"https:\/\/lospoliticosveracruz.com\/index.php?rest_route=\/wp\/v2\/users\/2"}],"replies":[{"embeddable":true,"href":"https:\/\/lospoliticosveracruz.com\/index.php?rest_route=%2Fwp%2Fv2%2Fcomments&post=18430"}],"version-history":[{"count":1,"href":"https:\/\/lospoliticosveracruz.com\/index.php?rest_route=\/wp\/v2\/posts\/18430\/revisions"}],"predecessor-version":[{"id":18431,"href":"https:\/\/lospoliticosveracruz.com\/index.php?rest_route=\/wp\/v2\/posts\/18430\/revisions\/18431"}],"wp:attachment":[{"href":"https:\/\/lospoliticosveracruz.com\/index.php?rest_route=%2Fwp%2Fv2%2Fmedia&parent=18430"}],"wp:term":[{"taxonomy":"category","embeddable":true,"href":"https:\/\/lospoliticosveracruz.com\/index.php?rest_route=%2Fwp%2Fv2%2Fcategories&post=18430"},{"taxonomy":"post_tag","embeddable":true,"href":"https:\/\/lospoliticosveracruz.com\/index.php?rest_route=%2Fwp%2Fv2%2Ftags&post=18430"}],"curies":[{"name":"wp","href":"https:\/\/api.w.org\/{rel}","templated":true}]}}