{"id":18444,"date":"2015-10-19T08:06:05","date_gmt":"2015-10-19T13:06:05","guid":{"rendered":"http:\/\/www.lospoliticosveracruz.com.mx\/?p=18444"},"modified":"2015-10-19T08:06:05","modified_gmt":"2015-10-19T13:06:05","slug":"huasteca-veracruzana-una-region-de-miedo","status":"publish","type":"post","link":"https:\/\/lospoliticosveracruz.com\/?p=18444","title":{"rendered":"Huasteca veracruzana, una regi\u00f3n de miedo"},"content":{"rendered":"<p><a href=\"http:\/\/www.lospoliticosveracruz.com.mx\/wp-content\/uploads\/2015\/10\/Huasteca.jpg\"><img loading=\"lazy\" decoding=\"async\" class=\"alignnone size-medium wp-image-18445\" src=\"http:\/\/www.lospoliticosveracruz.com.mx\/wp-content\/uploads\/2015\/10\/Huasteca-300x201.jpg\" alt=\"Huasteca\" width=\"300\" height=\"201\" \/><\/a><\/p>\n<p><strong>Luis Alberto Romero<\/strong><\/p>\n<p><em>Hora Cero<\/em><\/p>\n<p>Hace diez d\u00edas, en este mismo espacio hablaba sobre la inseguridad en la regi\u00f3n huasteca, a prop\u00f3sito de la visita, que finalmente fue cancelada, del secretario de Gobernaci\u00f3n, Miguel \u00c1ngel Osorio Chong.<br \/>\nDesde esa zona, que limita con los estados de Tamaulipas, Hidalgo y San Luis Potos\u00ed, nos reportan que a pesar de los constantes operativos implementados por efectivos estatales y federales, la delincuencia sigue desatada y no s\u00f3lo afecta al norte veracruzano, sino a la regi\u00f3n que comprende desde Tampico, Ciudad Madero, Altamira, Aldama y Gonz\u00e1lez, hasta Huejutla, en la entidad que gobierna Jos\u00e9 Francisco Olvera Ruiz, pasando por San Vicente, Tanqui\u00e1n de Escobedo y San Mart\u00edn Chalchicuautla, en la huasteca potosina.<br \/>\nPobladores de la Huasteca Alta veracruzana apuntan que la incidencia delictiva se percibe a la baja en horarios matutinos; sin embargo, el problema se mantiene y la actividad comercial decrece despu\u00e9s de las seis de la tarde; por la noche, los habitantes de los municipios de Tepetzintla, Ixcatepec, Tantoyuca, Tempoal, El Higo, Pueblo Viejo, Tampico Alto y, sobre todo, P\u00e1nuco, pr\u00e1cticamente no salen a la calle, mucho menos a la carretera.<br \/>\nLas extorsiones, robos, intimidaciones, asaltos con violencia y exigencia de cuotas y cobro de piso son temas comunes entre los pocos empresarios de esa zona; levantones y secuestros forman parte del glosario cotidiano en la Huasteca. A eso se debe la petici\u00f3n de apoyo, de auxilio, que lanzan empresarios y comerciantes del sur de Tamaulipas y norte de Veracruz.<br \/>\nEl drama, nos cuentan, alcanza a todos los sectores sociales; en el ejido El Moralillo, P\u00e1nuco, por ejemplo, los pescadores dicen que ya es m\u00e1s probable encontrar un cad\u00e1ver que peces en el r\u00edo. En ese lugar, hace un par de semanas fue hallado un arsenal en una bodega ubicada a un costado de la carretera.<br \/>\nEl miedo de la poblaci\u00f3n, en todo caso, es comprensible; la gente de esos lugares teme que se intensifique el brote de violencia.<\/p>\n<p><strong>Cr\u00edmenes frecuentes<\/strong><br \/>\nEn el sur de Tamaulipas, por cierto, en los recientes 15 meses se reportaron 18 homicidios; presuntamente, dos fueron cometidos por los integrantes de una banda conocida como \u201cLos Payasos\u201d; el resto, 16 asesinatos, no fueron esclarecidos.<br \/>\nEn junio de 2014, el gobierno de la Federaci\u00f3n comision\u00f3 a la Polic\u00eda Federal Investigadora a esa regi\u00f3n tamaulipeca; no hubo resultados porque la mayor\u00eda de los cr\u00edmenes quedaron impunes; debido a ello, a partir del primero de octubre del presente a\u00f1o regres\u00f3 a la actividad la Polic\u00eda Ministerial de Tamaulipas, con nuevos elementos y diferentes mandos. Esa es la dependencia que tendr\u00e1 bajo su responsabilidad la investigaci\u00f3n de 16 homicidios, entre los que se encuentra el de la empleada bancaria Jessica Le\u00f3n Serrano, quien fuera asesinada e inhumada clandestinamente en la playa de Miramar.<br \/>\nOtro crimen sin esclarecer es el de Carlos Mara\u00f1\u00f3n Mora, victimado de 18 pu\u00f1aladas; otro m\u00e1s, en la colonia 15 de mayo de Tampico, donde dos j\u00f3venes perdieron la vida\u2026 y as\u00ed, son historias lamentablemente frecuentes en esa regi\u00f3n, donde la poblaci\u00f3n pide a gritos que los gobiernos estatales de Veracruz, Tamaulipas, San Luis Potos\u00ed e Hidalgo no s\u00f3lo anuncien trabajo coordinado, sino que implementen acciones m\u00e1s concretas en cuanto a la vigilancia, a fin de garantizar la seguridad y la integridad f\u00edsica y patrimonial de quienes viven en esa conflictiva zona, y que la Federaci\u00f3n refuerce su presencia, con m\u00e1s elementos tanto de la Marina como de la Gendarmer\u00eda Nacional.<\/p>\n<p><strong>Puente Veracruz-Tamaulipas, freno al desarrollo<\/strong><br \/>\nPor cierto, este 17 de octubre se cumplieron 27 a\u00f1os de que fue inaugurado el puente que cruza el r\u00edo P\u00e1nuco y que comunica a Veracruz con Tamaulipas; en ese contexto, empresarios que se mueven en esos l\u00edmites territoriales piden que la caseta de peaje desaparezca o, en su defecto, se corra al sur para ubicarse en el municipio de Tampico Alto. Se trata de una petici\u00f3n que data de hace al menos una d\u00e9cada.<br \/>\nPara concretar la propuesta, piden la intervenci\u00f3n de dos legisladoras federales, la tamaulipeca Mercedes del Carmen Guill\u00e9n Vicente, del distrito Octavo de Tamaulipas, supuesta hermana de Sebasti\u00e1n Guill\u00e9n, el subcomandante Marcos, ex cabeza visible del Ej\u00e9rcito Zapatista de Liberaci\u00f3n Nacional, EZLN, y de la veracruzana Sof\u00eda de Le\u00f3n Maza, distrito Uno de P\u00e1nuco.<br \/>\nEste fin de semana, el alcalde de Pueblo Viejo, Manuel Cuan Delgado (a quien se recuerda por que hace un a\u00f1o se avent\u00f3 la puntada, probablemente por ignorancia, de colocarse la banda presidencial para la ceremonia del Grito de Independencia) retom\u00f3 el tema del puente y la exigencia de la cancelaci\u00f3n del cobro en la caseta de peaje; dijo que la inversi\u00f3n para su construcci\u00f3n ya fue recuperada y que actualmente, la cuota por cruzar esa v\u00eda es un freno al desarrollo y a la actividad comercial y empresarial. Apunta que esa regi\u00f3n enfrenta un atraso de al menos dos d\u00e9cadas. @luisromero85<\/p>\n","protected":false},"excerpt":{"rendered":"<p>Luis Alberto Romero Hora Cero Hace diez d\u00edas, en este mismo espacio hablaba sobre la inseguridad en la regi\u00f3n huasteca, a prop\u00f3sito de la visita, que finalmente fue cancelada, del secretario de Gobernaci\u00f3n, Miguel \u00c1ngel Osorio Chong. Desde esa zona, que limita con los estados de Tamaulipas, Hidalgo y San Luis Potos\u00ed, nos reportan que [&hellip;]<\/p>\n","protected":false},"author":2,"featured_media":0,"comment_status":"open","ping_status":"open","sticky":false,"template":"","format":"standard","meta":{"tdm_status":"","tdm_grid_status":"","footnotes":""},"categories":[70],"tags":[3156,3724,196,3725,445,3723,3041,380,195],"class_list":{"0":"post-18444","1":"post","2":"type-post","3":"status-publish","4":"format-standard","6":"category-de-opinion","7":"tag-hidalgo","8":"tag-huasteca","9":"tag-inseguridad","10":"tag-los-payasos","11":"tag-miguel-angel-osorio-chong","12":"tag-san-luis-potosi","13":"tag-sofia-de-leon-maza","14":"tag-tamaulipas","15":"tag-veracruz"},"yoast_head":"<!-- This site is optimized with the Yoast SEO plugin v27.4 - https:\/\/yoast.com\/product\/yoast-seo-wordpress\/ -->\n<title>Huasteca veracruzana, una regi\u00f3n de miedo - Los pol\u00edticos Veracruz<\/title>\n<meta name=\"robots\" content=\"index, follow, max-snippet:-1, max-image-preview:large, max-video-preview:-1\" \/>\n<link rel=\"canonical\" href=\"https:\/\/lospoliticosveracruz.com\/?p=18444\" \/>\n<meta property=\"og:locale\" content=\"es_ES\" \/>\n<meta property=\"og:type\" content=\"article\" \/>\n<meta property=\"og:title\" content=\"Huasteca veracruzana, una regi\u00f3n de miedo - Los pol\u00edticos Veracruz\" \/>\n<meta property=\"og:description\" content=\"Luis Alberto Romero Hora Cero Hace diez d\u00edas, en este mismo espacio hablaba sobre la inseguridad en la regi\u00f3n huasteca, a prop\u00f3sito de la visita, que finalmente fue cancelada, del secretario de Gobernaci\u00f3n, Miguel \u00c1ngel Osorio Chong. Desde esa zona, que limita con los estados de Tamaulipas, Hidalgo y San Luis Potos\u00ed, nos reportan que [&hellip;]\" \/>\n<meta property=\"og:url\" content=\"https:\/\/lospoliticosveracruz.com\/?p=18444\" \/>\n<meta property=\"og:site_name\" content=\"Los pol\u00edticos Veracruz\" \/>\n<meta property=\"article:publisher\" content=\"https:\/\/www.facebook.com\/people\/Notimemes-de-los-Polticos\/61565672886568\/\" \/>\n<meta property=\"article:published_time\" content=\"2015-10-19T13:06:05+00:00\" \/>\n<meta property=\"og:image\" content=\"http:\/\/www.lospoliticosveracruz.com.mx\/wp-content\/uploads\/2015\/10\/Huasteca-300x201.jpg\" \/>\n<meta name=\"author\" content=\"Lo viste en Los Pol\u00edticos\" \/>\n<meta name=\"twitter:card\" content=\"summary_large_image\" \/>\n<meta name=\"twitter:creator\" content=\"@LosPoliticosVer\" \/>\n<meta name=\"twitter:site\" content=\"@LosPoliticosVer\" \/>\n<meta name=\"twitter:label1\" content=\"Escrito por\" \/>\n\t<meta name=\"twitter:data1\" content=\"Lo viste en Los Pol\u00edticos\" \/>\n\t<meta name=\"twitter:label2\" content=\"Tiempo de lectura\" \/>\n\t<meta name=\"twitter:data2\" content=\"4 minutos\" \/>\n<script type=\"application\/ld+json\" class=\"yoast-schema-graph\">{\"@context\":\"https:\\\/\\\/schema.org\",\"@graph\":[{\"@type\":\"Article\",\"@id\":\"https:\\\/\\\/lospoliticosveracruz.com\\\/?p=18444#article\",\"isPartOf\":{\"@id\":\"https:\\\/\\\/lospoliticosveracruz.com\\\/?p=18444\"},\"author\":{\"name\":\"Lo viste en Los Pol\u00edticos\",\"@id\":\"https:\\\/\\\/lospoliticosveracruz.com\\\/#\\\/schema\\\/person\\\/b8702bb0e538456e6efd07080bf2a4a2\"},\"headline\":\"Huasteca veracruzana, una regi\u00f3n de miedo\",\"datePublished\":\"2015-10-19T13:06:05+00:00\",\"mainEntityOfPage\":{\"@id\":\"https:\\\/\\\/lospoliticosveracruz.com\\\/?p=18444\"},\"wordCount\":867,\"commentCount\":0,\"publisher\":{\"@id\":\"https:\\\/\\\/lospoliticosveracruz.com\\\/#organization\"},\"image\":{\"@id\":\"https:\\\/\\\/lospoliticosveracruz.com\\\/?p=18444#primaryimage\"},\"thumbnailUrl\":\"http:\\\/\\\/www.lospoliticosveracruz.com.mx\\\/wp-content\\\/uploads\\\/2015\\\/10\\\/Huasteca-300x201.jpg\",\"keywords\":[\"Hidalgo\",\"Huasteca\",\"inseguridad\",\"Los Payasos\",\"Miguel \u00c1ngel Osorio Chong\",\"San Luis Potos\u00ed\",\"Sof\u00eda de Le\u00f3n Maza\",\"Tamaulipas\",\"Veracruz\"],\"articleSection\":[\"De Opini\u00f3n\"],\"inLanguage\":\"es\",\"potentialAction\":[{\"@type\":\"CommentAction\",\"name\":\"Comment\",\"target\":[\"https:\\\/\\\/lospoliticosveracruz.com\\\/?p=18444#respond\"]}]},{\"@type\":\"WebPage\",\"@id\":\"https:\\\/\\\/lospoliticosveracruz.com\\\/?p=18444\",\"url\":\"https:\\\/\\\/lospoliticosveracruz.com\\\/?p=18444\",\"name\":\"Huasteca veracruzana, una regi\u00f3n de miedo - Los pol\u00edticos Veracruz\",\"isPartOf\":{\"@id\":\"https:\\\/\\\/lospoliticosveracruz.com\\\/#website\"},\"primaryImageOfPage\":{\"@id\":\"https:\\\/\\\/lospoliticosveracruz.com\\\/?p=18444#primaryimage\"},\"image\":{\"@id\":\"https:\\\/\\\/lospoliticosveracruz.com\\\/?p=18444#primaryimage\"},\"thumbnailUrl\":\"http:\\\/\\\/www.lospoliticosveracruz.com.mx\\\/wp-content\\\/uploads\\\/2015\\\/10\\\/Huasteca-300x201.jpg\",\"datePublished\":\"2015-10-19T13:06:05+00:00\",\"breadcrumb\":{\"@id\":\"https:\\\/\\\/lospoliticosveracruz.com\\\/?p=18444#breadcrumb\"},\"inLanguage\":\"es\",\"potentialAction\":[{\"@type\":\"ReadAction\",\"target\":[\"https:\\\/\\\/lospoliticosveracruz.com\\\/?p=18444\"]}]},{\"@type\":\"ImageObject\",\"inLanguage\":\"es\",\"@id\":\"https:\\\/\\\/lospoliticosveracruz.com\\\/?p=18444#primaryimage\",\"url\":\"http:\\\/\\\/www.lospoliticosveracruz.com.mx\\\/wp-content\\\/uploads\\\/2015\\\/10\\\/Huasteca-300x201.jpg\",\"contentUrl\":\"http:\\\/\\\/www.lospoliticosveracruz.com.mx\\\/wp-content\\\/uploads\\\/2015\\\/10\\\/Huasteca-300x201.jpg\"},{\"@type\":\"BreadcrumbList\",\"@id\":\"https:\\\/\\\/lospoliticosveracruz.com\\\/?p=18444#breadcrumb\",\"itemListElement\":[{\"@type\":\"ListItem\",\"position\":1,\"name\":\"Portada\",\"item\":\"https:\\\/\\\/lospoliticosveracruz.com\\\/\"},{\"@type\":\"ListItem\",\"position\":2,\"name\":\"Huasteca veracruzana, una regi\u00f3n de miedo\"}]},{\"@type\":\"WebSite\",\"@id\":\"https:\\\/\\\/lospoliticosveracruz.com\\\/#website\",\"url\":\"https:\\\/\\\/lospoliticosveracruz.com\\\/\",\"name\":\"Los pol\u00edticos Veracruz\",\"description\":\"\",\"publisher\":{\"@id\":\"https:\\\/\\\/lospoliticosveracruz.com\\\/#organization\"},\"potentialAction\":[{\"@type\":\"SearchAction\",\"target\":{\"@type\":\"EntryPoint\",\"urlTemplate\":\"https:\\\/\\\/lospoliticosveracruz.com\\\/?s={search_term_string}\"},\"query-input\":{\"@type\":\"PropertyValueSpecification\",\"valueRequired\":true,\"valueName\":\"search_term_string\"}}],\"inLanguage\":\"es\"},{\"@type\":\"Organization\",\"@id\":\"https:\\\/\\\/lospoliticosveracruz.com\\\/#organization\",\"name\":\"Los pol\u00edticos Veracruz\",\"url\":\"https:\\\/\\\/lospoliticosveracruz.com\\\/\",\"logo\":{\"@type\":\"ImageObject\",\"inLanguage\":\"es\",\"@id\":\"https:\\\/\\\/lospoliticosveracruz.com\\\/#\\\/schema\\\/logo\\\/image\\\/\",\"url\":\"https:\\\/\\\/lospoliticosveracruz.com\\\/wp-content\\\/uploads\\\/2025\\\/12\\\/Logo-Nuevo-LOS-POLITICOS-1.jpg\",\"contentUrl\":\"https:\\\/\\\/lospoliticosveracruz.com\\\/wp-content\\\/uploads\\\/2025\\\/12\\\/Logo-Nuevo-LOS-POLITICOS-1.jpg\",\"width\":260,\"height\":70,\"caption\":\"Los pol\u00edticos Veracruz\"},\"image\":{\"@id\":\"https:\\\/\\\/lospoliticosveracruz.com\\\/#\\\/schema\\\/logo\\\/image\\\/\"},\"sameAs\":[\"https:\\\/\\\/www.facebook.com\\\/people\\\/Notimemes-de-los-Polticos\\\/61565672886568\\\/\",\"https:\\\/\\\/x.com\\\/LosPoliticosVer\"]},{\"@type\":\"Person\",\"@id\":\"https:\\\/\\\/lospoliticosveracruz.com\\\/#\\\/schema\\\/person\\\/b8702bb0e538456e6efd07080bf2a4a2\",\"name\":\"Lo viste en Los Pol\u00edticos\",\"image\":{\"@type\":\"ImageObject\",\"inLanguage\":\"es\",\"@id\":\"https:\\\/\\\/secure.gravatar.com\\\/avatar\\\/3a8de04a2656d44082be478bd6c086daa447c4651605818287b9532d3d0bd435?s=96&d=mm&r=g\",\"url\":\"https:\\\/\\\/secure.gravatar.com\\\/avatar\\\/3a8de04a2656d44082be478bd6c086daa447c4651605818287b9532d3d0bd435?s=96&d=mm&r=g\",\"contentUrl\":\"https:\\\/\\\/secure.gravatar.com\\\/avatar\\\/3a8de04a2656d44082be478bd6c086daa447c4651605818287b9532d3d0bd435?s=96&d=mm&r=g\",\"caption\":\"Lo viste en Los Pol\u00edticos\"},\"url\":\"https:\\\/\\\/lospoliticosveracruz.com\\\/?author=2\"}]}<\/script>\n<!-- \/ Yoast SEO plugin. -->","yoast_head_json":{"title":"Huasteca veracruzana, una regi\u00f3n de miedo - Los pol\u00edticos Veracruz","robots":{"index":"index","follow":"follow","max-snippet":"max-snippet:-1","max-image-preview":"max-image-preview:large","max-video-preview":"max-video-preview:-1"},"canonical":"https:\/\/lospoliticosveracruz.com\/?p=18444","og_locale":"es_ES","og_type":"article","og_title":"Huasteca veracruzana, una regi\u00f3n de miedo - Los pol\u00edticos Veracruz","og_description":"Luis Alberto Romero Hora Cero Hace diez d\u00edas, en este mismo espacio hablaba sobre la inseguridad en la regi\u00f3n huasteca, a prop\u00f3sito de la visita, que finalmente fue cancelada, del secretario de Gobernaci\u00f3n, Miguel \u00c1ngel Osorio Chong. Desde esa zona, que limita con los estados de Tamaulipas, Hidalgo y San Luis Potos\u00ed, nos reportan que [&hellip;]","og_url":"https:\/\/lospoliticosveracruz.com\/?p=18444","og_site_name":"Los pol\u00edticos Veracruz","article_publisher":"https:\/\/www.facebook.com\/people\/Notimemes-de-los-Polticos\/61565672886568\/","article_published_time":"2015-10-19T13:06:05+00:00","og_image":[{"url":"http:\/\/www.lospoliticosveracruz.com.mx\/wp-content\/uploads\/2015\/10\/Huasteca-300x201.jpg","type":"","width":"","height":""}],"author":"Lo viste en Los Pol\u00edticos","twitter_card":"summary_large_image","twitter_creator":"@LosPoliticosVer","twitter_site":"@LosPoliticosVer","twitter_misc":{"Escrito por":"Lo viste en Los Pol\u00edticos","Tiempo de lectura":"4 minutos"},"schema":{"@context":"https:\/\/schema.org","@graph":[{"@type":"Article","@id":"https:\/\/lospoliticosveracruz.com\/?p=18444#article","isPartOf":{"@id":"https:\/\/lospoliticosveracruz.com\/?p=18444"},"author":{"name":"Lo viste en Los Pol\u00edticos","@id":"https:\/\/lospoliticosveracruz.com\/#\/schema\/person\/b8702bb0e538456e6efd07080bf2a4a2"},"headline":"Huasteca veracruzana, una regi\u00f3n de miedo","datePublished":"2015-10-19T13:06:05+00:00","mainEntityOfPage":{"@id":"https:\/\/lospoliticosveracruz.com\/?p=18444"},"wordCount":867,"commentCount":0,"publisher":{"@id":"https:\/\/lospoliticosveracruz.com\/#organization"},"image":{"@id":"https:\/\/lospoliticosveracruz.com\/?p=18444#primaryimage"},"thumbnailUrl":"http:\/\/www.lospoliticosveracruz.com.mx\/wp-content\/uploads\/2015\/10\/Huasteca-300x201.jpg","keywords":["Hidalgo","Huasteca","inseguridad","Los Payasos","Miguel \u00c1ngel Osorio Chong","San Luis Potos\u00ed","Sof\u00eda de Le\u00f3n Maza","Tamaulipas","Veracruz"],"articleSection":["De Opini\u00f3n"],"inLanguage":"es","potentialAction":[{"@type":"CommentAction","name":"Comment","target":["https:\/\/lospoliticosveracruz.com\/?p=18444#respond"]}]},{"@type":"WebPage","@id":"https:\/\/lospoliticosveracruz.com\/?p=18444","url":"https:\/\/lospoliticosveracruz.com\/?p=18444","name":"Huasteca veracruzana, una regi\u00f3n de miedo - Los pol\u00edticos Veracruz","isPartOf":{"@id":"https:\/\/lospoliticosveracruz.com\/#website"},"primaryImageOfPage":{"@id":"https:\/\/lospoliticosveracruz.com\/?p=18444#primaryimage"},"image":{"@id":"https:\/\/lospoliticosveracruz.com\/?p=18444#primaryimage"},"thumbnailUrl":"http:\/\/www.lospoliticosveracruz.com.mx\/wp-content\/uploads\/2015\/10\/Huasteca-300x201.jpg","datePublished":"2015-10-19T13:06:05+00:00","breadcrumb":{"@id":"https:\/\/lospoliticosveracruz.com\/?p=18444#breadcrumb"},"inLanguage":"es","potentialAction":[{"@type":"ReadAction","target":["https:\/\/lospoliticosveracruz.com\/?p=18444"]}]},{"@type":"ImageObject","inLanguage":"es","@id":"https:\/\/lospoliticosveracruz.com\/?p=18444#primaryimage","url":"http:\/\/www.lospoliticosveracruz.com.mx\/wp-content\/uploads\/2015\/10\/Huasteca-300x201.jpg","contentUrl":"http:\/\/www.lospoliticosveracruz.com.mx\/wp-content\/uploads\/2015\/10\/Huasteca-300x201.jpg"},{"@type":"BreadcrumbList","@id":"https:\/\/lospoliticosveracruz.com\/?p=18444#breadcrumb","itemListElement":[{"@type":"ListItem","position":1,"name":"Portada","item":"https:\/\/lospoliticosveracruz.com\/"},{"@type":"ListItem","position":2,"name":"Huasteca veracruzana, una regi\u00f3n de miedo"}]},{"@type":"WebSite","@id":"https:\/\/lospoliticosveracruz.com\/#website","url":"https:\/\/lospoliticosveracruz.com\/","name":"Los pol\u00edticos Veracruz","description":"","publisher":{"@id":"https:\/\/lospoliticosveracruz.com\/#organization"},"potentialAction":[{"@type":"SearchAction","target":{"@type":"EntryPoint","urlTemplate":"https:\/\/lospoliticosveracruz.com\/?s={search_term_string}"},"query-input":{"@type":"PropertyValueSpecification","valueRequired":true,"valueName":"search_term_string"}}],"inLanguage":"es"},{"@type":"Organization","@id":"https:\/\/lospoliticosveracruz.com\/#organization","name":"Los pol\u00edticos Veracruz","url":"https:\/\/lospoliticosveracruz.com\/","logo":{"@type":"ImageObject","inLanguage":"es","@id":"https:\/\/lospoliticosveracruz.com\/#\/schema\/logo\/image\/","url":"https:\/\/lospoliticosveracruz.com\/wp-content\/uploads\/2025\/12\/Logo-Nuevo-LOS-POLITICOS-1.jpg","contentUrl":"https:\/\/lospoliticosveracruz.com\/wp-content\/uploads\/2025\/12\/Logo-Nuevo-LOS-POLITICOS-1.jpg","width":260,"height":70,"caption":"Los pol\u00edticos Veracruz"},"image":{"@id":"https:\/\/lospoliticosveracruz.com\/#\/schema\/logo\/image\/"},"sameAs":["https:\/\/www.facebook.com\/people\/Notimemes-de-los-Polticos\/61565672886568\/","https:\/\/x.com\/LosPoliticosVer"]},{"@type":"Person","@id":"https:\/\/lospoliticosveracruz.com\/#\/schema\/person\/b8702bb0e538456e6efd07080bf2a4a2","name":"Lo viste en Los Pol\u00edticos","image":{"@type":"ImageObject","inLanguage":"es","@id":"https:\/\/secure.gravatar.com\/avatar\/3a8de04a2656d44082be478bd6c086daa447c4651605818287b9532d3d0bd435?s=96&d=mm&r=g","url":"https:\/\/secure.gravatar.com\/avatar\/3a8de04a2656d44082be478bd6c086daa447c4651605818287b9532d3d0bd435?s=96&d=mm&r=g","contentUrl":"https:\/\/secure.gravatar.com\/avatar\/3a8de04a2656d44082be478bd6c086daa447c4651605818287b9532d3d0bd435?s=96&d=mm&r=g","caption":"Lo viste en Los Pol\u00edticos"},"url":"https:\/\/lospoliticosveracruz.com\/?author=2"}]}},"_links":{"self":[{"href":"https:\/\/lospoliticosveracruz.com\/index.php?rest_route=\/wp\/v2\/posts\/18444","targetHints":{"allow":["GET"]}}],"collection":[{"href":"https:\/\/lospoliticosveracruz.com\/index.php?rest_route=\/wp\/v2\/posts"}],"about":[{"href":"https:\/\/lospoliticosveracruz.com\/index.php?rest_route=\/wp\/v2\/types\/post"}],"author":[{"embeddable":true,"href":"https:\/\/lospoliticosveracruz.com\/index.php?rest_route=\/wp\/v2\/users\/2"}],"replies":[{"embeddable":true,"href":"https:\/\/lospoliticosveracruz.com\/index.php?rest_route=%2Fwp%2Fv2%2Fcomments&post=18444"}],"version-history":[{"count":1,"href":"https:\/\/lospoliticosveracruz.com\/index.php?rest_route=\/wp\/v2\/posts\/18444\/revisions"}],"predecessor-version":[{"id":18446,"href":"https:\/\/lospoliticosveracruz.com\/index.php?rest_route=\/wp\/v2\/posts\/18444\/revisions\/18446"}],"wp:attachment":[{"href":"https:\/\/lospoliticosveracruz.com\/index.php?rest_route=%2Fwp%2Fv2%2Fmedia&parent=18444"}],"wp:term":[{"taxonomy":"category","embeddable":true,"href":"https:\/\/lospoliticosveracruz.com\/index.php?rest_route=%2Fwp%2Fv2%2Fcategories&post=18444"},{"taxonomy":"post_tag","embeddable":true,"href":"https:\/\/lospoliticosveracruz.com\/index.php?rest_route=%2Fwp%2Fv2%2Ftags&post=18444"}],"curies":[{"name":"wp","href":"https:\/\/api.w.org\/{rel}","templated":true}]}}