{"id":18455,"date":"2015-10-19T17:27:04","date_gmt":"2015-10-19T22:27:04","guid":{"rendered":"http:\/\/www.lospoliticosveracruz.com.mx\/?p=18455"},"modified":"2015-10-19T17:27:04","modified_gmt":"2015-10-19T22:27:04","slug":"desconton-a-abuelitos","status":"publish","type":"post","link":"https:\/\/lospoliticosveracruz.com\/?p=18455","title":{"rendered":"\u00a1Descont\u00f3n a abuelitos!"},"content":{"rendered":"<blockquote><p><a href=\"http:\/\/www.lospoliticosveracruz.com.mx\/wp-content\/uploads\/2015\/10\/predial.jpg\"><img loading=\"lazy\" decoding=\"async\" class=\"alignnone size-medium wp-image-18456\" src=\"http:\/\/www.lospoliticosveracruz.com.mx\/wp-content\/uploads\/2015\/10\/predial-300x222.jpg\" alt=\"predial\" width=\"300\" height=\"222\" \/><\/a><\/p>\n<p>Importante, que pensionados y jubilados actualicen sus datos, para obtener rebajas\u00a0en Predial 2016;\u00a0alta de datos y resellos, \u00a0durante octubre y noviembre<\/p><\/blockquote>\n<p>Es importante que los pensionados, jubilados y adultos mayores con su tarjeta de INAPAM, actualicen sus datos en el Ayuntamiento de Xalapa, para que puedan tener acceso a los descuentos del 50 por ciento en el pago del Predial 2016, as\u00ed lo inform\u00f3 el regidor Rogelio Jes\u00fas \u00c1lvarez Arroyo, presidente de la comisi\u00f3n edilicia de Hacienda y Patrimonio municipal.<\/p>\n<p>Dijo que durante octubre y noviembre, se instal\u00f3 un m\u00f3dulo en bajos del palacio municipal, de 9 a 14 horas, para brindar atenci\u00f3n a este importante sector de la poblaci\u00f3n en el Programa de empadronamiento para el pago del predial y limpia p\u00fablica 2016 a los pensionados, jubilados y personas de la tercera edad.<\/p>\n<p>\u201cEs muy importante que acudan a revisar su alta y al resello de la credencial, para que a partir del 04 de enero de 2016 que iniciemos con el cobro del predial, su pago sea m\u00e1s \u00e1gil y reciban una mejor atenci\u00f3n\u201d, se\u00f1al\u00f3.<\/p>\n<p>Los requisitos para las personas de nuevo ingreso son, original y copia de recibo de impuesto predial y limpia p\u00fablica 2015; credencial de elector en donde la direcci\u00f3n coincida con la propiedad a pagar; credencial vigente del pensionado o INAPAM; \u00faltimo tal\u00f3n de pensionado y\/o jubilado.<\/p>\n<p>Adem\u00e1s, acta de matrimonio, en caso de que el predio est\u00e9 a nombre del c\u00f3nyuge; acta de defunci\u00f3n, en caso de que la solicitud sea presentada por la viuda, o acta de nacimiento de alguno de los hijos de ambos; copia de escrituras, en caso de que la propiedad est\u00e9 a nombre del pensionado y tenga m\u00e1s de dos copropietarios.<\/p>\n<p>Si ya est\u00e1 dado de alta y s\u00f3lo necesita el \u201cresello\u201d, tendr\u00eda que presentar solamente la credencial expedida por el Ayuntamiento, la credencial de elector, donde la direcci\u00f3n coincida con la propiedad a pagar y la credencial de jubilado o INAPAM expedida por la instituci\u00f3n.<\/p>\n<p>Las personas que pagan esta contribuci\u00f3n deben ser habitantes permanentes del inmueble. Quedan fuera de \u00e9ste derecho, las personas que hayan transmitido la propiedad, aun cuando conserven el usufructo vitalicio. En caso de que el titular no se presente, deber\u00e1 expedir una carta poder. Si tiene m\u00e1s de una propiedad, el beneficio s\u00f3lo se aplicar\u00e1 a una.<\/p>\n<p>\u201cLos pensionados, los jubilados y los adultos mayores son el sector de la poblaci\u00f3n m\u00e1s cumplido con este impuesto. Por eso les estamos dando todas las facilidades para que eviten largas colas a partir del 4 de enero\u201d, indic\u00f3, al se\u00f1alar que con estos impuestos, la sociedad xalape\u00f1a contribuya a la transformaci\u00f3n de Xalapa, con grandes obras y acciones que se est\u00e1n realizando.<\/p>\n","protected":false},"excerpt":{"rendered":"<p>Importante, que pensionados y jubilados actualicen sus datos, para obtener rebajas\u00a0en Predial 2016;\u00a0alta de datos y resellos, \u00a0durante octubre y noviembre Es importante que los pensionados, jubilados y adultos mayores con su tarjeta de INAPAM, actualicen sus datos en el Ayuntamiento de Xalapa, para que puedan tener acceso a los descuentos del 50 por ciento [&hellip;]<\/p>\n","protected":false},"author":2,"featured_media":0,"comment_status":"open","ping_status":"open","sticky":false,"template":"","format":"standard","meta":{"tdm_status":"","tdm_grid_status":"","footnotes":""},"categories":[73],"tags":[1534,3531,3729,3730],"class_list":{"0":"post-18455","1":"post","2":"type-post","3":"status-publish","4":"format-standard","6":"category-de-boleto","7":"tag-ayuntamiento-de-xalapa","8":"tag-inapam","9":"tag-predial-2016","10":"tag-rogelio-jesus-alvarez-arroyo"},"yoast_head":"<!-- This site is optimized with the Yoast SEO plugin v27.4 - https:\/\/yoast.com\/product\/yoast-seo-wordpress\/ -->\n<title>\u00a1Descont\u00f3n a abuelitos! - Los pol\u00edticos Veracruz<\/title>\n<meta name=\"robots\" content=\"index, follow, max-snippet:-1, max-image-preview:large, max-video-preview:-1\" \/>\n<link rel=\"canonical\" href=\"https:\/\/lospoliticosveracruz.com\/?p=18455\" \/>\n<meta property=\"og:locale\" content=\"es_ES\" \/>\n<meta property=\"og:type\" content=\"article\" \/>\n<meta property=\"og:title\" content=\"\u00a1Descont\u00f3n a abuelitos! - Los pol\u00edticos Veracruz\" \/>\n<meta property=\"og:description\" content=\"Importante, que pensionados y jubilados actualicen sus datos, para obtener rebajas\u00a0en Predial 2016;\u00a0alta de datos y resellos, \u00a0durante octubre y noviembre Es importante que los pensionados, jubilados y adultos mayores con su tarjeta de INAPAM, actualicen sus datos en el Ayuntamiento de Xalapa, para que puedan tener acceso a los descuentos del 50 por ciento [&hellip;]\" \/>\n<meta property=\"og:url\" content=\"https:\/\/lospoliticosveracruz.com\/?p=18455\" \/>\n<meta property=\"og:site_name\" content=\"Los pol\u00edticos Veracruz\" \/>\n<meta property=\"article:publisher\" content=\"https:\/\/www.facebook.com\/people\/Notimemes-de-los-Polticos\/61565672886568\/\" \/>\n<meta property=\"article:published_time\" content=\"2015-10-19T22:27:04+00:00\" \/>\n<meta property=\"og:image\" content=\"http:\/\/www.lospoliticosveracruz.com.mx\/wp-content\/uploads\/2015\/10\/predial-300x222.jpg\" \/>\n<meta name=\"author\" content=\"Lo viste en Los Pol\u00edticos\" \/>\n<meta name=\"twitter:card\" content=\"summary_large_image\" \/>\n<meta name=\"twitter:creator\" content=\"@LosPoliticosVer\" \/>\n<meta name=\"twitter:site\" content=\"@LosPoliticosVer\" \/>\n<meta name=\"twitter:label1\" content=\"Escrito por\" \/>\n\t<meta name=\"twitter:data1\" content=\"Lo viste en Los Pol\u00edticos\" \/>\n\t<meta name=\"twitter:label2\" content=\"Tiempo de lectura\" \/>\n\t<meta name=\"twitter:data2\" content=\"2 minutos\" \/>\n<script type=\"application\/ld+json\" class=\"yoast-schema-graph\">{\"@context\":\"https:\\\/\\\/schema.org\",\"@graph\":[{\"@type\":\"Article\",\"@id\":\"https:\\\/\\\/lospoliticosveracruz.com\\\/?p=18455#article\",\"isPartOf\":{\"@id\":\"https:\\\/\\\/lospoliticosveracruz.com\\\/?p=18455\"},\"author\":{\"name\":\"Lo viste en Los Pol\u00edticos\",\"@id\":\"https:\\\/\\\/lospoliticosveracruz.com\\\/#\\\/schema\\\/person\\\/b8702bb0e538456e6efd07080bf2a4a2\"},\"headline\":\"\u00a1Descont\u00f3n a abuelitos!\",\"datePublished\":\"2015-10-19T22:27:04+00:00\",\"mainEntityOfPage\":{\"@id\":\"https:\\\/\\\/lospoliticosveracruz.com\\\/?p=18455\"},\"wordCount\":474,\"commentCount\":0,\"publisher\":{\"@id\":\"https:\\\/\\\/lospoliticosveracruz.com\\\/#organization\"},\"image\":{\"@id\":\"https:\\\/\\\/lospoliticosveracruz.com\\\/?p=18455#primaryimage\"},\"thumbnailUrl\":\"http:\\\/\\\/www.lospoliticosveracruz.com.mx\\\/wp-content\\\/uploads\\\/2015\\\/10\\\/predial-300x222.jpg\",\"keywords\":[\"ayuntamiento de Xalapa\",\"Inapam\",\"Predial 2016\",\"Rogelio Jes\u00fas \u00c1lvarez Arroyo\"],\"articleSection\":[\"De Boleto\"],\"inLanguage\":\"es\",\"potentialAction\":[{\"@type\":\"CommentAction\",\"name\":\"Comment\",\"target\":[\"https:\\\/\\\/lospoliticosveracruz.com\\\/?p=18455#respond\"]}]},{\"@type\":\"WebPage\",\"@id\":\"https:\\\/\\\/lospoliticosveracruz.com\\\/?p=18455\",\"url\":\"https:\\\/\\\/lospoliticosveracruz.com\\\/?p=18455\",\"name\":\"\u00a1Descont\u00f3n a abuelitos! - Los pol\u00edticos Veracruz\",\"isPartOf\":{\"@id\":\"https:\\\/\\\/lospoliticosveracruz.com\\\/#website\"},\"primaryImageOfPage\":{\"@id\":\"https:\\\/\\\/lospoliticosveracruz.com\\\/?p=18455#primaryimage\"},\"image\":{\"@id\":\"https:\\\/\\\/lospoliticosveracruz.com\\\/?p=18455#primaryimage\"},\"thumbnailUrl\":\"http:\\\/\\\/www.lospoliticosveracruz.com.mx\\\/wp-content\\\/uploads\\\/2015\\\/10\\\/predial-300x222.jpg\",\"datePublished\":\"2015-10-19T22:27:04+00:00\",\"breadcrumb\":{\"@id\":\"https:\\\/\\\/lospoliticosveracruz.com\\\/?p=18455#breadcrumb\"},\"inLanguage\":\"es\",\"potentialAction\":[{\"@type\":\"ReadAction\",\"target\":[\"https:\\\/\\\/lospoliticosveracruz.com\\\/?p=18455\"]}]},{\"@type\":\"ImageObject\",\"inLanguage\":\"es\",\"@id\":\"https:\\\/\\\/lospoliticosveracruz.com\\\/?p=18455#primaryimage\",\"url\":\"http:\\\/\\\/www.lospoliticosveracruz.com.mx\\\/wp-content\\\/uploads\\\/2015\\\/10\\\/predial-300x222.jpg\",\"contentUrl\":\"http:\\\/\\\/www.lospoliticosveracruz.com.mx\\\/wp-content\\\/uploads\\\/2015\\\/10\\\/predial-300x222.jpg\"},{\"@type\":\"BreadcrumbList\",\"@id\":\"https:\\\/\\\/lospoliticosveracruz.com\\\/?p=18455#breadcrumb\",\"itemListElement\":[{\"@type\":\"ListItem\",\"position\":1,\"name\":\"Portada\",\"item\":\"https:\\\/\\\/lospoliticosveracruz.com\\\/\"},{\"@type\":\"ListItem\",\"position\":2,\"name\":\"\u00a1Descont\u00f3n a abuelitos!\"}]},{\"@type\":\"WebSite\",\"@id\":\"https:\\\/\\\/lospoliticosveracruz.com\\\/#website\",\"url\":\"https:\\\/\\\/lospoliticosveracruz.com\\\/\",\"name\":\"Los pol\u00edticos Veracruz\",\"description\":\"\",\"publisher\":{\"@id\":\"https:\\\/\\\/lospoliticosveracruz.com\\\/#organization\"},\"potentialAction\":[{\"@type\":\"SearchAction\",\"target\":{\"@type\":\"EntryPoint\",\"urlTemplate\":\"https:\\\/\\\/lospoliticosveracruz.com\\\/?s={search_term_string}\"},\"query-input\":{\"@type\":\"PropertyValueSpecification\",\"valueRequired\":true,\"valueName\":\"search_term_string\"}}],\"inLanguage\":\"es\"},{\"@type\":\"Organization\",\"@id\":\"https:\\\/\\\/lospoliticosveracruz.com\\\/#organization\",\"name\":\"Los pol\u00edticos Veracruz\",\"url\":\"https:\\\/\\\/lospoliticosveracruz.com\\\/\",\"logo\":{\"@type\":\"ImageObject\",\"inLanguage\":\"es\",\"@id\":\"https:\\\/\\\/lospoliticosveracruz.com\\\/#\\\/schema\\\/logo\\\/image\\\/\",\"url\":\"https:\\\/\\\/lospoliticosveracruz.com\\\/wp-content\\\/uploads\\\/2025\\\/12\\\/Logo-Nuevo-LOS-POLITICOS-1.jpg\",\"contentUrl\":\"https:\\\/\\\/lospoliticosveracruz.com\\\/wp-content\\\/uploads\\\/2025\\\/12\\\/Logo-Nuevo-LOS-POLITICOS-1.jpg\",\"width\":260,\"height\":70,\"caption\":\"Los pol\u00edticos Veracruz\"},\"image\":{\"@id\":\"https:\\\/\\\/lospoliticosveracruz.com\\\/#\\\/schema\\\/logo\\\/image\\\/\"},\"sameAs\":[\"https:\\\/\\\/www.facebook.com\\\/people\\\/Notimemes-de-los-Polticos\\\/61565672886568\\\/\",\"https:\\\/\\\/x.com\\\/LosPoliticosVer\"]},{\"@type\":\"Person\",\"@id\":\"https:\\\/\\\/lospoliticosveracruz.com\\\/#\\\/schema\\\/person\\\/b8702bb0e538456e6efd07080bf2a4a2\",\"name\":\"Lo viste en Los Pol\u00edticos\",\"image\":{\"@type\":\"ImageObject\",\"inLanguage\":\"es\",\"@id\":\"https:\\\/\\\/secure.gravatar.com\\\/avatar\\\/3a8de04a2656d44082be478bd6c086daa447c4651605818287b9532d3d0bd435?s=96&d=mm&r=g\",\"url\":\"https:\\\/\\\/secure.gravatar.com\\\/avatar\\\/3a8de04a2656d44082be478bd6c086daa447c4651605818287b9532d3d0bd435?s=96&d=mm&r=g\",\"contentUrl\":\"https:\\\/\\\/secure.gravatar.com\\\/avatar\\\/3a8de04a2656d44082be478bd6c086daa447c4651605818287b9532d3d0bd435?s=96&d=mm&r=g\",\"caption\":\"Lo viste en Los Pol\u00edticos\"},\"url\":\"https:\\\/\\\/lospoliticosveracruz.com\\\/?author=2\"}]}<\/script>\n<!-- \/ Yoast SEO plugin. -->","yoast_head_json":{"title":"\u00a1Descont\u00f3n a abuelitos! - Los pol\u00edticos Veracruz","robots":{"index":"index","follow":"follow","max-snippet":"max-snippet:-1","max-image-preview":"max-image-preview:large","max-video-preview":"max-video-preview:-1"},"canonical":"https:\/\/lospoliticosveracruz.com\/?p=18455","og_locale":"es_ES","og_type":"article","og_title":"\u00a1Descont\u00f3n a abuelitos! - Los pol\u00edticos Veracruz","og_description":"Importante, que pensionados y jubilados actualicen sus datos, para obtener rebajas\u00a0en Predial 2016;\u00a0alta de datos y resellos, \u00a0durante octubre y noviembre Es importante que los pensionados, jubilados y adultos mayores con su tarjeta de INAPAM, actualicen sus datos en el Ayuntamiento de Xalapa, para que puedan tener acceso a los descuentos del 50 por ciento [&hellip;]","og_url":"https:\/\/lospoliticosveracruz.com\/?p=18455","og_site_name":"Los pol\u00edticos Veracruz","article_publisher":"https:\/\/www.facebook.com\/people\/Notimemes-de-los-Polticos\/61565672886568\/","article_published_time":"2015-10-19T22:27:04+00:00","og_image":[{"url":"http:\/\/www.lospoliticosveracruz.com.mx\/wp-content\/uploads\/2015\/10\/predial-300x222.jpg","type":"","width":"","height":""}],"author":"Lo viste en Los Pol\u00edticos","twitter_card":"summary_large_image","twitter_creator":"@LosPoliticosVer","twitter_site":"@LosPoliticosVer","twitter_misc":{"Escrito por":"Lo viste en Los Pol\u00edticos","Tiempo de lectura":"2 minutos"},"schema":{"@context":"https:\/\/schema.org","@graph":[{"@type":"Article","@id":"https:\/\/lospoliticosveracruz.com\/?p=18455#article","isPartOf":{"@id":"https:\/\/lospoliticosveracruz.com\/?p=18455"},"author":{"name":"Lo viste en Los Pol\u00edticos","@id":"https:\/\/lospoliticosveracruz.com\/#\/schema\/person\/b8702bb0e538456e6efd07080bf2a4a2"},"headline":"\u00a1Descont\u00f3n a abuelitos!","datePublished":"2015-10-19T22:27:04+00:00","mainEntityOfPage":{"@id":"https:\/\/lospoliticosveracruz.com\/?p=18455"},"wordCount":474,"commentCount":0,"publisher":{"@id":"https:\/\/lospoliticosveracruz.com\/#organization"},"image":{"@id":"https:\/\/lospoliticosveracruz.com\/?p=18455#primaryimage"},"thumbnailUrl":"http:\/\/www.lospoliticosveracruz.com.mx\/wp-content\/uploads\/2015\/10\/predial-300x222.jpg","keywords":["ayuntamiento de Xalapa","Inapam","Predial 2016","Rogelio Jes\u00fas \u00c1lvarez Arroyo"],"articleSection":["De Boleto"],"inLanguage":"es","potentialAction":[{"@type":"CommentAction","name":"Comment","target":["https:\/\/lospoliticosveracruz.com\/?p=18455#respond"]}]},{"@type":"WebPage","@id":"https:\/\/lospoliticosveracruz.com\/?p=18455","url":"https:\/\/lospoliticosveracruz.com\/?p=18455","name":"\u00a1Descont\u00f3n a abuelitos! - Los pol\u00edticos Veracruz","isPartOf":{"@id":"https:\/\/lospoliticosveracruz.com\/#website"},"primaryImageOfPage":{"@id":"https:\/\/lospoliticosveracruz.com\/?p=18455#primaryimage"},"image":{"@id":"https:\/\/lospoliticosveracruz.com\/?p=18455#primaryimage"},"thumbnailUrl":"http:\/\/www.lospoliticosveracruz.com.mx\/wp-content\/uploads\/2015\/10\/predial-300x222.jpg","datePublished":"2015-10-19T22:27:04+00:00","breadcrumb":{"@id":"https:\/\/lospoliticosveracruz.com\/?p=18455#breadcrumb"},"inLanguage":"es","potentialAction":[{"@type":"ReadAction","target":["https:\/\/lospoliticosveracruz.com\/?p=18455"]}]},{"@type":"ImageObject","inLanguage":"es","@id":"https:\/\/lospoliticosveracruz.com\/?p=18455#primaryimage","url":"http:\/\/www.lospoliticosveracruz.com.mx\/wp-content\/uploads\/2015\/10\/predial-300x222.jpg","contentUrl":"http:\/\/www.lospoliticosveracruz.com.mx\/wp-content\/uploads\/2015\/10\/predial-300x222.jpg"},{"@type":"BreadcrumbList","@id":"https:\/\/lospoliticosveracruz.com\/?p=18455#breadcrumb","itemListElement":[{"@type":"ListItem","position":1,"name":"Portada","item":"https:\/\/lospoliticosveracruz.com\/"},{"@type":"ListItem","position":2,"name":"\u00a1Descont\u00f3n a abuelitos!"}]},{"@type":"WebSite","@id":"https:\/\/lospoliticosveracruz.com\/#website","url":"https:\/\/lospoliticosveracruz.com\/","name":"Los pol\u00edticos Veracruz","description":"","publisher":{"@id":"https:\/\/lospoliticosveracruz.com\/#organization"},"potentialAction":[{"@type":"SearchAction","target":{"@type":"EntryPoint","urlTemplate":"https:\/\/lospoliticosveracruz.com\/?s={search_term_string}"},"query-input":{"@type":"PropertyValueSpecification","valueRequired":true,"valueName":"search_term_string"}}],"inLanguage":"es"},{"@type":"Organization","@id":"https:\/\/lospoliticosveracruz.com\/#organization","name":"Los pol\u00edticos Veracruz","url":"https:\/\/lospoliticosveracruz.com\/","logo":{"@type":"ImageObject","inLanguage":"es","@id":"https:\/\/lospoliticosveracruz.com\/#\/schema\/logo\/image\/","url":"https:\/\/lospoliticosveracruz.com\/wp-content\/uploads\/2025\/12\/Logo-Nuevo-LOS-POLITICOS-1.jpg","contentUrl":"https:\/\/lospoliticosveracruz.com\/wp-content\/uploads\/2025\/12\/Logo-Nuevo-LOS-POLITICOS-1.jpg","width":260,"height":70,"caption":"Los pol\u00edticos Veracruz"},"image":{"@id":"https:\/\/lospoliticosveracruz.com\/#\/schema\/logo\/image\/"},"sameAs":["https:\/\/www.facebook.com\/people\/Notimemes-de-los-Polticos\/61565672886568\/","https:\/\/x.com\/LosPoliticosVer"]},{"@type":"Person","@id":"https:\/\/lospoliticosveracruz.com\/#\/schema\/person\/b8702bb0e538456e6efd07080bf2a4a2","name":"Lo viste en Los Pol\u00edticos","image":{"@type":"ImageObject","inLanguage":"es","@id":"https:\/\/secure.gravatar.com\/avatar\/3a8de04a2656d44082be478bd6c086daa447c4651605818287b9532d3d0bd435?s=96&d=mm&r=g","url":"https:\/\/secure.gravatar.com\/avatar\/3a8de04a2656d44082be478bd6c086daa447c4651605818287b9532d3d0bd435?s=96&d=mm&r=g","contentUrl":"https:\/\/secure.gravatar.com\/avatar\/3a8de04a2656d44082be478bd6c086daa447c4651605818287b9532d3d0bd435?s=96&d=mm&r=g","caption":"Lo viste en Los Pol\u00edticos"},"url":"https:\/\/lospoliticosveracruz.com\/?author=2"}]}},"_links":{"self":[{"href":"https:\/\/lospoliticosveracruz.com\/index.php?rest_route=\/wp\/v2\/posts\/18455","targetHints":{"allow":["GET"]}}],"collection":[{"href":"https:\/\/lospoliticosveracruz.com\/index.php?rest_route=\/wp\/v2\/posts"}],"about":[{"href":"https:\/\/lospoliticosveracruz.com\/index.php?rest_route=\/wp\/v2\/types\/post"}],"author":[{"embeddable":true,"href":"https:\/\/lospoliticosveracruz.com\/index.php?rest_route=\/wp\/v2\/users\/2"}],"replies":[{"embeddable":true,"href":"https:\/\/lospoliticosveracruz.com\/index.php?rest_route=%2Fwp%2Fv2%2Fcomments&post=18455"}],"version-history":[{"count":1,"href":"https:\/\/lospoliticosveracruz.com\/index.php?rest_route=\/wp\/v2\/posts\/18455\/revisions"}],"predecessor-version":[{"id":18457,"href":"https:\/\/lospoliticosveracruz.com\/index.php?rest_route=\/wp\/v2\/posts\/18455\/revisions\/18457"}],"wp:attachment":[{"href":"https:\/\/lospoliticosveracruz.com\/index.php?rest_route=%2Fwp%2Fv2%2Fmedia&parent=18455"}],"wp:term":[{"taxonomy":"category","embeddable":true,"href":"https:\/\/lospoliticosveracruz.com\/index.php?rest_route=%2Fwp%2Fv2%2Fcategories&post=18455"},{"taxonomy":"post_tag","embeddable":true,"href":"https:\/\/lospoliticosveracruz.com\/index.php?rest_route=%2Fwp%2Fv2%2Ftags&post=18455"}],"curies":[{"name":"wp","href":"https:\/\/api.w.org\/{rel}","templated":true}]}}