{"id":18461,"date":"2015-10-19T21:17:21","date_gmt":"2015-10-20T02:17:21","guid":{"rendered":"http:\/\/www.lospoliticosveracruz.com.mx\/?p=18461"},"modified":"2015-10-19T21:17:21","modified_gmt":"2015-10-20T02:17:21","slug":"medidas-tardias","status":"publish","type":"post","link":"https:\/\/lospoliticosveracruz.com\/?p=18461","title":{"rendered":"Medidas tard\u00edas"},"content":{"rendered":"<p><a href=\"http:\/\/www.lospoliticosveracruz.com.mx\/wp-content\/uploads\/2015\/04\/Adolfo-Mota-e1428936692801.jpg\"><img loading=\"lazy\" decoding=\"async\" class=\"alignnone size-medium wp-image-15723\" src=\"http:\/\/www.lospoliticosveracruz.com.mx\/wp-content\/uploads\/2015\/04\/Adolfo-Mota-300x300.jpg\" alt=\"Adolfo Mota\" width=\"300\" height=\"300\" \/><\/a><\/p>\n<p><strong>Ricardo V\u00e1zquez Salazar<\/strong><\/p>\n<p><em>Esfera Pol\u00edtica<\/em><\/p>\n<p>Las disposiciones adoptadas est\u00e1n fuera de estaci\u00f3n; eran para haberse implementado al principio, no al final. Es la implementaci\u00f3n de pr\u00e1cticas a destiempo, caducas, objetivamente inadaptadas a las condiciones presentes. Son obsoletas porque no hab\u00eda otra alternativa.<\/p>\n<p>El anuncio que hizo este lunes el gobernador Javier Duarte de Ochoa, del cese de 2 mil 173 \u201caviadores\u201d -casos de cobros en n\u00f3mina, sin trabajar- en la Secretar\u00eda de Educaci\u00f3n de Veracruz, despu\u00e9s de una exhaustiva -y retardada- revisi\u00f3n a la plantilla laboral.<\/p>\n<p>Las medidas se aplicar\u00e1n despu\u00e9s de casi cinco a\u00f1os, en la agon\u00eda de la presente administraci\u00f3n estatal, cuando ya no hay dinero para lo m\u00e1s elemental. Ni para pagar \u201caviadores\u201d.<\/p>\n<p>No obstante que a nivel nacional Veracruz recibe el mayor presupuesto para el Fondo de Aportaciones para la Educaci\u00f3n B\u00e1sica y Normal, FAEB, s\u00f3lo superado por el Estado de M\u00e9xico; parad\u00f3jicamente es uno de los estados con mayor rezago educativo en el pa\u00eds; circunstancias parecidas a Chiapas y Oaxaca. 2 millones 700 mil veracruzanos en condici\u00f3n de analfabetismo.<\/p>\n<p>As\u00ed que durante los m\u00e1s de cuatro a\u00f1os que estuvo al frente de la Secretar\u00eda de Educaci\u00f3n de Veracruz, Adolfo Mota Hern\u00e1ndez, hoy diputado federal, mantuvo 2,173 \u201caviadores\u201d. \u00bfCon el consentimiento de qui\u00e9n? \u00bfPara qui\u00e9n era toda esa gran cantidad de dinero que se cobraba quincenalmente?<\/p>\n<p>Con toda raz\u00f3n, ahora la ciudadan\u00eda se explica por qu\u00e9 durante esos m\u00e1s de cuatro a\u00f1os, el rezago educativo permaneci\u00f3 inm\u00f3vil, cero avances en abatimiento de analfabetismo en Veracruz, como lo registr\u00f3 y dio a conocer en su momento el INEGI. La infraestructura educativa en el abandono; ni\u00f1os y j\u00f3venes tomando clases debajo de los \u00e1rboles, expuestos a las extremas inclemencias climatol\u00f3gicas, tal y como se ha ventilado en medios nacionales.<\/p>\n<p>Pero c\u00f3mo no iba a estar el sector educativo en la entidad hecho un desastre, si esos m\u00e1s de dos mil \u201caviadores\u201d mamaban una buena parte de la ubre presupuestal de la SEV; lam\u00edan millones de pesos cada a\u00f1o.<\/p>\n<p>El destino final de ese enorme recurso desviado solo los involucrados lo conocen.<\/p>\n<p>Javier Duarte revel\u00f3 tambi\u00e9n que existen mil 585 plazas estatales que pertenecen a funcionarios p\u00fablicos, que hoy son consideradas como excedentes \u2013se entiende que no se justifican-. El Ejecutivo estatal inform\u00f3 que se llevar\u00e1 a cabo un ajuste a la normatividad vigente para determinar las horas legalmente permitidas a los trabajadores del sector educativo. Aqu\u00ed habr\u00e1 que ver si van a cancelar plazas a l\u00edderes sindicales y actores pol\u00edticos que cobran cada quincena, tres, cuatro o m\u00e1s plazas, sin devengarlas claro.<\/p>\n<p>Con base en los datos proporcionados por Duarte de Ochoa, en el curso de la actual administraci\u00f3n se ha malversado m\u00e1s de 4 mil millones de pesos, monto que corresponde \u00fanicamente a \u201caviadores\u201d de la SEV.<\/p>\n<p>\u00bfCu\u00e1ntos miles de millones de pesos m\u00e1s se han despilfarrado en otras secretar\u00edas? Lo que acaba de anunciar el gobernador, que ha venido sucediendo en la de Educaci\u00f3n, es una considerable suma de dinero malgastado, nada despreciable.<\/p>\n<p>Con el Programa Nacional de Mejoramiento de la Infraestructura Educativa, con la regionalizaci\u00f3n de la educaci\u00f3n, acuerdos firmados este lunes en la Conferencia Nacional de Gobernadores, Conago; le va a costar trabajo a Aurelio Nu\u00f1o obtener buenos resultados en Veracruz. Lo que no hicieron en cinco a\u00f1os de la administraci\u00f3n estatal que est\u00e1 feneciendo, no lo van a hacer en el \u00faltimo a\u00f1o.<\/p>\n<p>rvazquez002@yahoo.com.mx<\/p>\n","protected":false},"excerpt":{"rendered":"<p>Ricardo V\u00e1zquez Salazar Esfera Pol\u00edtica Las disposiciones adoptadas est\u00e1n fuera de estaci\u00f3n; eran para haberse implementado al principio, no al final. Es la implementaci\u00f3n de pr\u00e1cticas a destiempo, caducas, objetivamente inadaptadas a las condiciones presentes. Son obsoletas porque no hab\u00eda otra alternativa. El anuncio que hizo este lunes el gobernador Javier Duarte de Ochoa, del [&hellip;]<\/p>\n","protected":false},"author":2,"featured_media":0,"comment_status":"open","ping_status":"open","sticky":false,"template":"","format":"standard","meta":{"tdm_status":"","tdm_grid_status":"","footnotes":""},"categories":[70],"tags":[260,195],"class_list":{"0":"post-18461","1":"post","2":"type-post","3":"status-publish","4":"format-standard","6":"category-de-opinion","7":"tag-javier-duarte-de-ochoa","8":"tag-veracruz"},"yoast_head":"<!-- This site is optimized with the Yoast SEO plugin v27.4 - https:\/\/yoast.com\/product\/yoast-seo-wordpress\/ -->\n<title>Medidas tard\u00edas - Los pol\u00edticos Veracruz<\/title>\n<meta name=\"robots\" content=\"index, follow, max-snippet:-1, max-image-preview:large, max-video-preview:-1\" \/>\n<link rel=\"canonical\" href=\"https:\/\/lospoliticosveracruz.com\/?p=18461\" \/>\n<meta property=\"og:locale\" content=\"es_ES\" \/>\n<meta property=\"og:type\" content=\"article\" \/>\n<meta property=\"og:title\" content=\"Medidas tard\u00edas - Los pol\u00edticos Veracruz\" \/>\n<meta property=\"og:description\" content=\"Ricardo V\u00e1zquez Salazar Esfera Pol\u00edtica Las disposiciones adoptadas est\u00e1n fuera de estaci\u00f3n; eran para haberse implementado al principio, no al final. Es la implementaci\u00f3n de pr\u00e1cticas a destiempo, caducas, objetivamente inadaptadas a las condiciones presentes. Son obsoletas porque no hab\u00eda otra alternativa. El anuncio que hizo este lunes el gobernador Javier Duarte de Ochoa, del [&hellip;]\" \/>\n<meta property=\"og:url\" content=\"https:\/\/lospoliticosveracruz.com\/?p=18461\" \/>\n<meta property=\"og:site_name\" content=\"Los pol\u00edticos Veracruz\" \/>\n<meta property=\"article:publisher\" content=\"https:\/\/www.facebook.com\/people\/Notimemes-de-los-Polticos\/61565672886568\/\" \/>\n<meta property=\"article:published_time\" content=\"2015-10-20T02:17:21+00:00\" \/>\n<meta property=\"og:image\" content=\"http:\/\/www.lospoliticosveracruz.com.mx\/wp-content\/uploads\/2015\/04\/Adolfo-Mota-300x300.jpg\" \/>\n<meta name=\"author\" content=\"Lo viste en Los Pol\u00edticos\" \/>\n<meta name=\"twitter:card\" content=\"summary_large_image\" \/>\n<meta name=\"twitter:creator\" content=\"@LosPoliticosVer\" \/>\n<meta name=\"twitter:site\" content=\"@LosPoliticosVer\" \/>\n<meta name=\"twitter:label1\" content=\"Escrito por\" \/>\n\t<meta name=\"twitter:data1\" content=\"Lo viste en Los Pol\u00edticos\" \/>\n\t<meta name=\"twitter:label2\" content=\"Tiempo de lectura\" \/>\n\t<meta name=\"twitter:data2\" content=\"3 minutos\" \/>\n<script type=\"application\/ld+json\" class=\"yoast-schema-graph\">{\"@context\":\"https:\\\/\\\/schema.org\",\"@graph\":[{\"@type\":\"Article\",\"@id\":\"https:\\\/\\\/lospoliticosveracruz.com\\\/?p=18461#article\",\"isPartOf\":{\"@id\":\"https:\\\/\\\/lospoliticosveracruz.com\\\/?p=18461\"},\"author\":{\"name\":\"Lo viste en Los Pol\u00edticos\",\"@id\":\"https:\\\/\\\/lospoliticosveracruz.com\\\/#\\\/schema\\\/person\\\/b8702bb0e538456e6efd07080bf2a4a2\"},\"headline\":\"Medidas tard\u00edas\",\"datePublished\":\"2015-10-20T02:17:21+00:00\",\"mainEntityOfPage\":{\"@id\":\"https:\\\/\\\/lospoliticosveracruz.com\\\/?p=18461\"},\"wordCount\":621,\"commentCount\":0,\"publisher\":{\"@id\":\"https:\\\/\\\/lospoliticosveracruz.com\\\/#organization\"},\"image\":{\"@id\":\"https:\\\/\\\/lospoliticosveracruz.com\\\/?p=18461#primaryimage\"},\"thumbnailUrl\":\"http:\\\/\\\/www.lospoliticosveracruz.com.mx\\\/wp-content\\\/uploads\\\/2015\\\/04\\\/Adolfo-Mota-300x300.jpg\",\"keywords\":[\"Javier Duarte de Ochoa\",\"Veracruz\"],\"articleSection\":[\"De Opini\u00f3n\"],\"inLanguage\":\"es\",\"potentialAction\":[{\"@type\":\"CommentAction\",\"name\":\"Comment\",\"target\":[\"https:\\\/\\\/lospoliticosveracruz.com\\\/?p=18461#respond\"]}]},{\"@type\":\"WebPage\",\"@id\":\"https:\\\/\\\/lospoliticosveracruz.com\\\/?p=18461\",\"url\":\"https:\\\/\\\/lospoliticosveracruz.com\\\/?p=18461\",\"name\":\"Medidas tard\u00edas - Los pol\u00edticos Veracruz\",\"isPartOf\":{\"@id\":\"https:\\\/\\\/lospoliticosveracruz.com\\\/#website\"},\"primaryImageOfPage\":{\"@id\":\"https:\\\/\\\/lospoliticosveracruz.com\\\/?p=18461#primaryimage\"},\"image\":{\"@id\":\"https:\\\/\\\/lospoliticosveracruz.com\\\/?p=18461#primaryimage\"},\"thumbnailUrl\":\"http:\\\/\\\/www.lospoliticosveracruz.com.mx\\\/wp-content\\\/uploads\\\/2015\\\/04\\\/Adolfo-Mota-300x300.jpg\",\"datePublished\":\"2015-10-20T02:17:21+00:00\",\"breadcrumb\":{\"@id\":\"https:\\\/\\\/lospoliticosveracruz.com\\\/?p=18461#breadcrumb\"},\"inLanguage\":\"es\",\"potentialAction\":[{\"@type\":\"ReadAction\",\"target\":[\"https:\\\/\\\/lospoliticosveracruz.com\\\/?p=18461\"]}]},{\"@type\":\"ImageObject\",\"inLanguage\":\"es\",\"@id\":\"https:\\\/\\\/lospoliticosveracruz.com\\\/?p=18461#primaryimage\",\"url\":\"http:\\\/\\\/www.lospoliticosveracruz.com.mx\\\/wp-content\\\/uploads\\\/2015\\\/04\\\/Adolfo-Mota-300x300.jpg\",\"contentUrl\":\"http:\\\/\\\/www.lospoliticosveracruz.com.mx\\\/wp-content\\\/uploads\\\/2015\\\/04\\\/Adolfo-Mota-300x300.jpg\"},{\"@type\":\"BreadcrumbList\",\"@id\":\"https:\\\/\\\/lospoliticosveracruz.com\\\/?p=18461#breadcrumb\",\"itemListElement\":[{\"@type\":\"ListItem\",\"position\":1,\"name\":\"Portada\",\"item\":\"https:\\\/\\\/lospoliticosveracruz.com\\\/\"},{\"@type\":\"ListItem\",\"position\":2,\"name\":\"Medidas tard\u00edas\"}]},{\"@type\":\"WebSite\",\"@id\":\"https:\\\/\\\/lospoliticosveracruz.com\\\/#website\",\"url\":\"https:\\\/\\\/lospoliticosveracruz.com\\\/\",\"name\":\"Los pol\u00edticos Veracruz\",\"description\":\"\",\"publisher\":{\"@id\":\"https:\\\/\\\/lospoliticosveracruz.com\\\/#organization\"},\"potentialAction\":[{\"@type\":\"SearchAction\",\"target\":{\"@type\":\"EntryPoint\",\"urlTemplate\":\"https:\\\/\\\/lospoliticosveracruz.com\\\/?s={search_term_string}\"},\"query-input\":{\"@type\":\"PropertyValueSpecification\",\"valueRequired\":true,\"valueName\":\"search_term_string\"}}],\"inLanguage\":\"es\"},{\"@type\":\"Organization\",\"@id\":\"https:\\\/\\\/lospoliticosveracruz.com\\\/#organization\",\"name\":\"Los pol\u00edticos Veracruz\",\"url\":\"https:\\\/\\\/lospoliticosveracruz.com\\\/\",\"logo\":{\"@type\":\"ImageObject\",\"inLanguage\":\"es\",\"@id\":\"https:\\\/\\\/lospoliticosveracruz.com\\\/#\\\/schema\\\/logo\\\/image\\\/\",\"url\":\"https:\\\/\\\/lospoliticosveracruz.com\\\/wp-content\\\/uploads\\\/2025\\\/12\\\/Logo-Nuevo-LOS-POLITICOS-1.jpg\",\"contentUrl\":\"https:\\\/\\\/lospoliticosveracruz.com\\\/wp-content\\\/uploads\\\/2025\\\/12\\\/Logo-Nuevo-LOS-POLITICOS-1.jpg\",\"width\":260,\"height\":70,\"caption\":\"Los pol\u00edticos Veracruz\"},\"image\":{\"@id\":\"https:\\\/\\\/lospoliticosveracruz.com\\\/#\\\/schema\\\/logo\\\/image\\\/\"},\"sameAs\":[\"https:\\\/\\\/www.facebook.com\\\/people\\\/Notimemes-de-los-Polticos\\\/61565672886568\\\/\",\"https:\\\/\\\/x.com\\\/LosPoliticosVer\"]},{\"@type\":\"Person\",\"@id\":\"https:\\\/\\\/lospoliticosveracruz.com\\\/#\\\/schema\\\/person\\\/b8702bb0e538456e6efd07080bf2a4a2\",\"name\":\"Lo viste en Los Pol\u00edticos\",\"image\":{\"@type\":\"ImageObject\",\"inLanguage\":\"es\",\"@id\":\"https:\\\/\\\/secure.gravatar.com\\\/avatar\\\/3a8de04a2656d44082be478bd6c086daa447c4651605818287b9532d3d0bd435?s=96&d=mm&r=g\",\"url\":\"https:\\\/\\\/secure.gravatar.com\\\/avatar\\\/3a8de04a2656d44082be478bd6c086daa447c4651605818287b9532d3d0bd435?s=96&d=mm&r=g\",\"contentUrl\":\"https:\\\/\\\/secure.gravatar.com\\\/avatar\\\/3a8de04a2656d44082be478bd6c086daa447c4651605818287b9532d3d0bd435?s=96&d=mm&r=g\",\"caption\":\"Lo viste en Los Pol\u00edticos\"},\"url\":\"https:\\\/\\\/lospoliticosveracruz.com\\\/?author=2\"}]}<\/script>\n<!-- \/ Yoast SEO plugin. -->","yoast_head_json":{"title":"Medidas tard\u00edas - Los pol\u00edticos Veracruz","robots":{"index":"index","follow":"follow","max-snippet":"max-snippet:-1","max-image-preview":"max-image-preview:large","max-video-preview":"max-video-preview:-1"},"canonical":"https:\/\/lospoliticosveracruz.com\/?p=18461","og_locale":"es_ES","og_type":"article","og_title":"Medidas tard\u00edas - Los pol\u00edticos Veracruz","og_description":"Ricardo V\u00e1zquez Salazar Esfera Pol\u00edtica Las disposiciones adoptadas est\u00e1n fuera de estaci\u00f3n; eran para haberse implementado al principio, no al final. Es la implementaci\u00f3n de pr\u00e1cticas a destiempo, caducas, objetivamente inadaptadas a las condiciones presentes. Son obsoletas porque no hab\u00eda otra alternativa. El anuncio que hizo este lunes el gobernador Javier Duarte de Ochoa, del [&hellip;]","og_url":"https:\/\/lospoliticosveracruz.com\/?p=18461","og_site_name":"Los pol\u00edticos Veracruz","article_publisher":"https:\/\/www.facebook.com\/people\/Notimemes-de-los-Polticos\/61565672886568\/","article_published_time":"2015-10-20T02:17:21+00:00","og_image":[{"url":"http:\/\/www.lospoliticosveracruz.com.mx\/wp-content\/uploads\/2015\/04\/Adolfo-Mota-300x300.jpg","type":"","width":"","height":""}],"author":"Lo viste en Los Pol\u00edticos","twitter_card":"summary_large_image","twitter_creator":"@LosPoliticosVer","twitter_site":"@LosPoliticosVer","twitter_misc":{"Escrito por":"Lo viste en Los Pol\u00edticos","Tiempo de lectura":"3 minutos"},"schema":{"@context":"https:\/\/schema.org","@graph":[{"@type":"Article","@id":"https:\/\/lospoliticosveracruz.com\/?p=18461#article","isPartOf":{"@id":"https:\/\/lospoliticosveracruz.com\/?p=18461"},"author":{"name":"Lo viste en Los Pol\u00edticos","@id":"https:\/\/lospoliticosveracruz.com\/#\/schema\/person\/b8702bb0e538456e6efd07080bf2a4a2"},"headline":"Medidas tard\u00edas","datePublished":"2015-10-20T02:17:21+00:00","mainEntityOfPage":{"@id":"https:\/\/lospoliticosveracruz.com\/?p=18461"},"wordCount":621,"commentCount":0,"publisher":{"@id":"https:\/\/lospoliticosveracruz.com\/#organization"},"image":{"@id":"https:\/\/lospoliticosveracruz.com\/?p=18461#primaryimage"},"thumbnailUrl":"http:\/\/www.lospoliticosveracruz.com.mx\/wp-content\/uploads\/2015\/04\/Adolfo-Mota-300x300.jpg","keywords":["Javier Duarte de Ochoa","Veracruz"],"articleSection":["De Opini\u00f3n"],"inLanguage":"es","potentialAction":[{"@type":"CommentAction","name":"Comment","target":["https:\/\/lospoliticosveracruz.com\/?p=18461#respond"]}]},{"@type":"WebPage","@id":"https:\/\/lospoliticosveracruz.com\/?p=18461","url":"https:\/\/lospoliticosveracruz.com\/?p=18461","name":"Medidas tard\u00edas - Los pol\u00edticos Veracruz","isPartOf":{"@id":"https:\/\/lospoliticosveracruz.com\/#website"},"primaryImageOfPage":{"@id":"https:\/\/lospoliticosveracruz.com\/?p=18461#primaryimage"},"image":{"@id":"https:\/\/lospoliticosveracruz.com\/?p=18461#primaryimage"},"thumbnailUrl":"http:\/\/www.lospoliticosveracruz.com.mx\/wp-content\/uploads\/2015\/04\/Adolfo-Mota-300x300.jpg","datePublished":"2015-10-20T02:17:21+00:00","breadcrumb":{"@id":"https:\/\/lospoliticosveracruz.com\/?p=18461#breadcrumb"},"inLanguage":"es","potentialAction":[{"@type":"ReadAction","target":["https:\/\/lospoliticosveracruz.com\/?p=18461"]}]},{"@type":"ImageObject","inLanguage":"es","@id":"https:\/\/lospoliticosveracruz.com\/?p=18461#primaryimage","url":"http:\/\/www.lospoliticosveracruz.com.mx\/wp-content\/uploads\/2015\/04\/Adolfo-Mota-300x300.jpg","contentUrl":"http:\/\/www.lospoliticosveracruz.com.mx\/wp-content\/uploads\/2015\/04\/Adolfo-Mota-300x300.jpg"},{"@type":"BreadcrumbList","@id":"https:\/\/lospoliticosveracruz.com\/?p=18461#breadcrumb","itemListElement":[{"@type":"ListItem","position":1,"name":"Portada","item":"https:\/\/lospoliticosveracruz.com\/"},{"@type":"ListItem","position":2,"name":"Medidas tard\u00edas"}]},{"@type":"WebSite","@id":"https:\/\/lospoliticosveracruz.com\/#website","url":"https:\/\/lospoliticosveracruz.com\/","name":"Los pol\u00edticos Veracruz","description":"","publisher":{"@id":"https:\/\/lospoliticosveracruz.com\/#organization"},"potentialAction":[{"@type":"SearchAction","target":{"@type":"EntryPoint","urlTemplate":"https:\/\/lospoliticosveracruz.com\/?s={search_term_string}"},"query-input":{"@type":"PropertyValueSpecification","valueRequired":true,"valueName":"search_term_string"}}],"inLanguage":"es"},{"@type":"Organization","@id":"https:\/\/lospoliticosveracruz.com\/#organization","name":"Los pol\u00edticos Veracruz","url":"https:\/\/lospoliticosveracruz.com\/","logo":{"@type":"ImageObject","inLanguage":"es","@id":"https:\/\/lospoliticosveracruz.com\/#\/schema\/logo\/image\/","url":"https:\/\/lospoliticosveracruz.com\/wp-content\/uploads\/2025\/12\/Logo-Nuevo-LOS-POLITICOS-1.jpg","contentUrl":"https:\/\/lospoliticosveracruz.com\/wp-content\/uploads\/2025\/12\/Logo-Nuevo-LOS-POLITICOS-1.jpg","width":260,"height":70,"caption":"Los pol\u00edticos Veracruz"},"image":{"@id":"https:\/\/lospoliticosveracruz.com\/#\/schema\/logo\/image\/"},"sameAs":["https:\/\/www.facebook.com\/people\/Notimemes-de-los-Polticos\/61565672886568\/","https:\/\/x.com\/LosPoliticosVer"]},{"@type":"Person","@id":"https:\/\/lospoliticosveracruz.com\/#\/schema\/person\/b8702bb0e538456e6efd07080bf2a4a2","name":"Lo viste en Los Pol\u00edticos","image":{"@type":"ImageObject","inLanguage":"es","@id":"https:\/\/secure.gravatar.com\/avatar\/3a8de04a2656d44082be478bd6c086daa447c4651605818287b9532d3d0bd435?s=96&d=mm&r=g","url":"https:\/\/secure.gravatar.com\/avatar\/3a8de04a2656d44082be478bd6c086daa447c4651605818287b9532d3d0bd435?s=96&d=mm&r=g","contentUrl":"https:\/\/secure.gravatar.com\/avatar\/3a8de04a2656d44082be478bd6c086daa447c4651605818287b9532d3d0bd435?s=96&d=mm&r=g","caption":"Lo viste en Los Pol\u00edticos"},"url":"https:\/\/lospoliticosveracruz.com\/?author=2"}]}},"_links":{"self":[{"href":"https:\/\/lospoliticosveracruz.com\/index.php?rest_route=\/wp\/v2\/posts\/18461","targetHints":{"allow":["GET"]}}],"collection":[{"href":"https:\/\/lospoliticosveracruz.com\/index.php?rest_route=\/wp\/v2\/posts"}],"about":[{"href":"https:\/\/lospoliticosveracruz.com\/index.php?rest_route=\/wp\/v2\/types\/post"}],"author":[{"embeddable":true,"href":"https:\/\/lospoliticosveracruz.com\/index.php?rest_route=\/wp\/v2\/users\/2"}],"replies":[{"embeddable":true,"href":"https:\/\/lospoliticosveracruz.com\/index.php?rest_route=%2Fwp%2Fv2%2Fcomments&post=18461"}],"version-history":[{"count":1,"href":"https:\/\/lospoliticosveracruz.com\/index.php?rest_route=\/wp\/v2\/posts\/18461\/revisions"}],"predecessor-version":[{"id":18462,"href":"https:\/\/lospoliticosveracruz.com\/index.php?rest_route=\/wp\/v2\/posts\/18461\/revisions\/18462"}],"wp:attachment":[{"href":"https:\/\/lospoliticosveracruz.com\/index.php?rest_route=%2Fwp%2Fv2%2Fmedia&parent=18461"}],"wp:term":[{"taxonomy":"category","embeddable":true,"href":"https:\/\/lospoliticosveracruz.com\/index.php?rest_route=%2Fwp%2Fv2%2Fcategories&post=18461"},{"taxonomy":"post_tag","embeddable":true,"href":"https:\/\/lospoliticosveracruz.com\/index.php?rest_route=%2Fwp%2Fv2%2Ftags&post=18461"}],"curies":[{"name":"wp","href":"https:\/\/api.w.org\/{rel}","templated":true}]}}