{"id":18463,"date":"2015-10-19T21:43:36","date_gmt":"2015-10-20T02:43:36","guid":{"rendered":"http:\/\/www.lospoliticosveracruz.com.mx\/?p=18463"},"modified":"2015-10-19T21:43:36","modified_gmt":"2015-10-20T02:43:36","slug":"justicia-por-propia-mano","status":"publish","type":"post","link":"https:\/\/lospoliticosveracruz.com\/?p=18463","title":{"rendered":"Justicia por propia mano"},"content":{"rendered":"<figure id=\"attachment_18464\" aria-describedby=\"caption-attachment-18464\" style=\"width: 300px\" class=\"wp-caption alignnone\"><a href=\"http:\/\/www.lospoliticosveracruz.com.mx\/wp-content\/uploads\/2015\/10\/Francisco-Licona-sopla-las-velitas-de-su-pastel.jpg\"><img loading=\"lazy\" decoding=\"async\" class=\"wp-image-18464 size-medium\" src=\"http:\/\/www.lospoliticosveracruz.com.mx\/wp-content\/uploads\/2015\/10\/Francisco-Licona-sopla-las-velitas-de-su-pastel-300x182.jpg\" alt=\"Francisco Licona sopla las velitas de su pastel\" width=\"300\" height=\"182\" \/><\/a><figcaption id=\"caption-attachment-18464\" class=\"wp-caption-text\">Francisco Licona sopla las velitas de su pastel<\/figcaption><\/figure>\n<p><strong>Brenda Caballero<\/strong><br \/>\n<em>N\u00fameros Rojos<\/em><\/p>\n<p>\u201cDetuvimos al Ladr\u00f3n\u201d, me dice un vecino, mientras me ense\u00f1a las fotos de un var\u00f3n en su celular. \u201cEstaba robando en un departamento y los vecinos nos unimos y lo agarramos\u201d<br \/>\n\u00bfY qu\u00e9 pas\u00f3?\u00ad le pregunt\u00e9.<br \/>\n\u201cHablamos a la polic\u00eda y se lo llevaron\u201d, menos mal que no lo lincharon pens\u00e9, pues en la foto hab\u00eda m\u00e1s de seis personas presentes y el acusado yac\u00eda amarrado de pies y manos en el suelo.<br \/>\nPero \u00bfQu\u00e9 pas\u00f3 con el delincuente? \u00bfest\u00e1 preso? \u00bfsali\u00f3 en libertad?<br \/>\nEl magistrado Presidente del Tribunal Superior de Justica en el Estado, Alberto Sosa Hern\u00e1ndez, se reuni\u00f3 ayer con integrantes de la Apever No\u00e9 Vald\u00e9s con los que platic\u00f3 sobre diversos temas como el Nuevo Sistema Penal Acusatorio, la impartici\u00f3n de justicia, as\u00ed como la percepci\u00f3n ciudadana. Definitivamente nos aclar\u00f3 muchas dudas a los que no somos abogados.<br \/>\nSosa Hern\u00e1ndez, originario de Lerdo de Tejada, con 66 a\u00f1os de edad y m\u00e1s de 30 trabajando para el poder judicial, se\u00f1ala que la percepci\u00f3n del funcionamiento del Nuevo Sistema Penal depende en gran medida de la situaci\u00f3n en la que se encuentre cada individuo. Es decir, si el acusado es un familiar directo o alguien a quien se aprecie o se estime demasiado, definitivamente esperaremos que tenga los beneficios que se tienen en la ley. Caso contrario, si la persona de nuestro afecto fuese la agraviada, definitivamente exigir\u00edamos la reparaci\u00f3n del da\u00f1o en caso de un da\u00f1o patrimonial y la sanci\u00f3n correspondiente.<br \/>\nEl ahora Presidente que se inici\u00f3 como defensor de oficio, mencion\u00f3 que deben de tener presentes varios aspectos en el Nuevo Sistema: en primer lugar, que la persecuci\u00f3n de los delitos corresponde a dos instituciones anteriores a los juzgados del Poder Judicial; en principio, a la Secretar\u00eda de Seguridad P\u00fablica, que es la que tiene a su cargo la detenci\u00f3n de la persona si act\u00faa en flagrancia; y la Fiscal\u00eda, que es la encargada de consignarlo de acuerdo a las pruebas presentadas y bien cimentadas.<br \/>\nPosteriormente, se pasar\u00e1 a la defensor\u00eda p\u00fablica y se turnar\u00e1 el caso al Juzgado Correspondiente por parte de la Fiscal\u00eda, para la consignaci\u00f3n del Juez, que con base a todos los elementos, defina si es auto de libertad o auto de formal prisi\u00f3n.<br \/>\nDefinitivamente, los cuatro entes deben estar bien preparados.<br \/>\nPero lo m\u00e1s importante es que la ciudadan\u00eda est\u00e9 preparada para aceptar las decisiones judiciales de este nuevo Sistema porque ahora se obtendr\u00e1 la libertad por delitos menores o mediante la fianza si la alcanza, por lo que ya no se requerir\u00e1 de Ceresos tan grandes pues pocas personas estar\u00e1n privadas de la libertad.<br \/>\nClaro que si no existe la preparaci\u00f3n suficiente, la sociedad dir\u00e1 \u201c\u00bfPor qu\u00e9 el se\u00f1or se encuentra en libertad si ha cometido este delito? \u00bfPor qu\u00e9 no est\u00e1 en la c\u00e1rcel? Definitivamente, ser\u00e1 un verdadero reto para el Poder Judicial.<br \/>\nRealz\u00f3 la importancia que tiene el Poder Judicial de cumplir con el mandamiento constitucional del Nuevo Sistema Penal Acusatorio Adversarial que tiene como fecha el 16 \u00f3 17 de junio de 2016, aunque mencion\u00f3 la necesidad de una serie de recursos para que haya nuevos inmuebles para las salas de juicios orales para un buen funcionamiento y sugiri\u00f3 que se ubiquen en el Centro de Reinserci\u00f3n Social pues en casos de delitos graves ser\u00eda peligroso trasladarlos de un lugar a otro.<br \/>\nAlgo me preocupa, le digo, creo no estamos preparados como ciudadanos a este nuevo modelo de sistema \u00bfno se corre el riesgo de que al no ver al causante del delito tras las rejas se tome justicia por propia mano?<br \/>\nConfiado en su experiencia, me contesta: \u201cDesde tiempos inmemoriales se ha visto la situaci\u00f3n de hacer justicia por propia mano; sin embargo, no ser\u00eda lo correcto, puesto que cualquiera que estuviera en esa hip\u00f3tesis estar\u00eda actualizando tambi\u00e9n otro delito y ser\u00eda m\u00e1s problem\u00e1tico para aquella persona\u201d.<br \/>\nDe repente, vuelvo a recordar las fotos del celular de mi vecino, \u00bfser\u00e1 que pronto estemos preparados?<br \/>\n<strong>\u00bfConoce los Xoloitzcuintles?<\/strong><br \/>\nEl Centro INAH Veracruz hace una cordial invitaci\u00f3n a la presentaci\u00f3n del libro \u201cXoloitzcuintles. Tomo 2 La verdad\u201d, de Rosario Cabrera Vera, qui\u00e9n adem\u00e1s de escritora es Promotora y Defensora de los Xoloitzcuintles. El pr\u00f3logo es del Doctor Ra\u00fal Valadez Az\u00faa.<br \/>\nLa cita es este jueves 22 de octubre a las 19 horas, en la Biblioteca y Archivos Hist\u00f3ricos de Veracruz (Centro Hist\u00f3rico).<br \/>\n\u00a1No se pierda esta experiencia de asistir y conocerlos!<\/p>\n<p>Email:caballero_brenda@hotmail.com<\/p>\n","protected":false},"excerpt":{"rendered":"<p>Brenda Caballero N\u00fameros Rojos \u201cDetuvimos al Ladr\u00f3n\u201d, me dice un vecino, mientras me ense\u00f1a las fotos de un var\u00f3n en su celular. \u201cEstaba robando en un departamento y los vecinos nos unimos y lo agarramos\u201d \u00bfY qu\u00e9 pas\u00f3?\u00ad le pregunt\u00e9. \u201cHablamos a la polic\u00eda y se lo llevaron\u201d, menos mal que no lo lincharon pens\u00e9, [&hellip;]<\/p>\n","protected":false},"author":2,"featured_media":0,"comment_status":"open","ping_status":"open","sticky":false,"template":"","format":"standard","meta":{"tdm_status":"","tdm_grid_status":"","footnotes":""},"categories":[70],"tags":[1780,82,3734],"class_list":{"0":"post-18463","1":"post","2":"type-post","3":"status-publish","4":"format-standard","6":"category-de-opinion","7":"tag-lerdo-de-tejada","8":"tag-poder-judicial","9":"tag-tribunal-superior-de-justica-en-el-estado"},"yoast_head":"<!-- This site is optimized with the Yoast SEO plugin v27.4 - https:\/\/yoast.com\/product\/yoast-seo-wordpress\/ -->\n<title>Justicia por propia mano - Los pol\u00edticos Veracruz<\/title>\n<meta name=\"robots\" content=\"index, follow, max-snippet:-1, max-image-preview:large, max-video-preview:-1\" \/>\n<link rel=\"canonical\" href=\"https:\/\/lospoliticosveracruz.com\/?p=18463\" \/>\n<meta property=\"og:locale\" content=\"es_ES\" \/>\n<meta property=\"og:type\" content=\"article\" \/>\n<meta property=\"og:title\" content=\"Justicia por propia mano - Los pol\u00edticos Veracruz\" \/>\n<meta property=\"og:description\" content=\"Brenda Caballero N\u00fameros Rojos \u201cDetuvimos al Ladr\u00f3n\u201d, me dice un vecino, mientras me ense\u00f1a las fotos de un var\u00f3n en su celular. \u201cEstaba robando en un departamento y los vecinos nos unimos y lo agarramos\u201d \u00bfY qu\u00e9 pas\u00f3?\u00ad le pregunt\u00e9. \u201cHablamos a la polic\u00eda y se lo llevaron\u201d, menos mal que no lo lincharon pens\u00e9, [&hellip;]\" \/>\n<meta property=\"og:url\" content=\"https:\/\/lospoliticosveracruz.com\/?p=18463\" \/>\n<meta property=\"og:site_name\" content=\"Los pol\u00edticos Veracruz\" \/>\n<meta property=\"article:publisher\" content=\"https:\/\/www.facebook.com\/people\/Notimemes-de-los-Polticos\/61565672886568\/\" \/>\n<meta property=\"article:published_time\" content=\"2015-10-20T02:43:36+00:00\" \/>\n<meta property=\"og:image\" content=\"http:\/\/www.lospoliticosveracruz.com.mx\/wp-content\/uploads\/2015\/10\/Francisco-Licona-sopla-las-velitas-de-su-pastel-300x182.jpg\" \/>\n<meta name=\"author\" content=\"Lo viste en Los Pol\u00edticos\" \/>\n<meta name=\"twitter:card\" content=\"summary_large_image\" \/>\n<meta name=\"twitter:creator\" content=\"@LosPoliticosVer\" \/>\n<meta name=\"twitter:site\" content=\"@LosPoliticosVer\" \/>\n<meta name=\"twitter:label1\" content=\"Escrito por\" \/>\n\t<meta name=\"twitter:data1\" content=\"Lo viste en Los Pol\u00edticos\" \/>\n\t<meta name=\"twitter:label2\" content=\"Tiempo de lectura\" \/>\n\t<meta name=\"twitter:data2\" content=\"4 minutos\" \/>\n<script type=\"application\/ld+json\" class=\"yoast-schema-graph\">{\"@context\":\"https:\\\/\\\/schema.org\",\"@graph\":[{\"@type\":\"Article\",\"@id\":\"https:\\\/\\\/lospoliticosveracruz.com\\\/?p=18463#article\",\"isPartOf\":{\"@id\":\"https:\\\/\\\/lospoliticosveracruz.com\\\/?p=18463\"},\"author\":{\"name\":\"Lo viste en Los Pol\u00edticos\",\"@id\":\"https:\\\/\\\/lospoliticosveracruz.com\\\/#\\\/schema\\\/person\\\/b8702bb0e538456e6efd07080bf2a4a2\"},\"headline\":\"Justicia por propia mano\",\"datePublished\":\"2015-10-20T02:43:36+00:00\",\"mainEntityOfPage\":{\"@id\":\"https:\\\/\\\/lospoliticosveracruz.com\\\/?p=18463\"},\"wordCount\":811,\"commentCount\":0,\"publisher\":{\"@id\":\"https:\\\/\\\/lospoliticosveracruz.com\\\/#organization\"},\"image\":{\"@id\":\"https:\\\/\\\/lospoliticosveracruz.com\\\/?p=18463#primaryimage\"},\"thumbnailUrl\":\"http:\\\/\\\/www.lospoliticosveracruz.com.mx\\\/wp-content\\\/uploads\\\/2015\\\/10\\\/Francisco-Licona-sopla-las-velitas-de-su-pastel-300x182.jpg\",\"keywords\":[\"Lerdo de Tejada\",\"Poder Judicial\",\"Tribunal Superior de Justica en el Estado\"],\"articleSection\":[\"De Opini\u00f3n\"],\"inLanguage\":\"es\",\"potentialAction\":[{\"@type\":\"CommentAction\",\"name\":\"Comment\",\"target\":[\"https:\\\/\\\/lospoliticosveracruz.com\\\/?p=18463#respond\"]}]},{\"@type\":\"WebPage\",\"@id\":\"https:\\\/\\\/lospoliticosveracruz.com\\\/?p=18463\",\"url\":\"https:\\\/\\\/lospoliticosveracruz.com\\\/?p=18463\",\"name\":\"Justicia por propia mano - Los pol\u00edticos Veracruz\",\"isPartOf\":{\"@id\":\"https:\\\/\\\/lospoliticosveracruz.com\\\/#website\"},\"primaryImageOfPage\":{\"@id\":\"https:\\\/\\\/lospoliticosveracruz.com\\\/?p=18463#primaryimage\"},\"image\":{\"@id\":\"https:\\\/\\\/lospoliticosveracruz.com\\\/?p=18463#primaryimage\"},\"thumbnailUrl\":\"http:\\\/\\\/www.lospoliticosveracruz.com.mx\\\/wp-content\\\/uploads\\\/2015\\\/10\\\/Francisco-Licona-sopla-las-velitas-de-su-pastel-300x182.jpg\",\"datePublished\":\"2015-10-20T02:43:36+00:00\",\"breadcrumb\":{\"@id\":\"https:\\\/\\\/lospoliticosveracruz.com\\\/?p=18463#breadcrumb\"},\"inLanguage\":\"es\",\"potentialAction\":[{\"@type\":\"ReadAction\",\"target\":[\"https:\\\/\\\/lospoliticosveracruz.com\\\/?p=18463\"]}]},{\"@type\":\"ImageObject\",\"inLanguage\":\"es\",\"@id\":\"https:\\\/\\\/lospoliticosveracruz.com\\\/?p=18463#primaryimage\",\"url\":\"http:\\\/\\\/www.lospoliticosveracruz.com.mx\\\/wp-content\\\/uploads\\\/2015\\\/10\\\/Francisco-Licona-sopla-las-velitas-de-su-pastel-300x182.jpg\",\"contentUrl\":\"http:\\\/\\\/www.lospoliticosveracruz.com.mx\\\/wp-content\\\/uploads\\\/2015\\\/10\\\/Francisco-Licona-sopla-las-velitas-de-su-pastel-300x182.jpg\"},{\"@type\":\"BreadcrumbList\",\"@id\":\"https:\\\/\\\/lospoliticosveracruz.com\\\/?p=18463#breadcrumb\",\"itemListElement\":[{\"@type\":\"ListItem\",\"position\":1,\"name\":\"Portada\",\"item\":\"https:\\\/\\\/lospoliticosveracruz.com\\\/\"},{\"@type\":\"ListItem\",\"position\":2,\"name\":\"Justicia por propia mano\"}]},{\"@type\":\"WebSite\",\"@id\":\"https:\\\/\\\/lospoliticosveracruz.com\\\/#website\",\"url\":\"https:\\\/\\\/lospoliticosveracruz.com\\\/\",\"name\":\"Los pol\u00edticos Veracruz\",\"description\":\"\",\"publisher\":{\"@id\":\"https:\\\/\\\/lospoliticosveracruz.com\\\/#organization\"},\"potentialAction\":[{\"@type\":\"SearchAction\",\"target\":{\"@type\":\"EntryPoint\",\"urlTemplate\":\"https:\\\/\\\/lospoliticosveracruz.com\\\/?s={search_term_string}\"},\"query-input\":{\"@type\":\"PropertyValueSpecification\",\"valueRequired\":true,\"valueName\":\"search_term_string\"}}],\"inLanguage\":\"es\"},{\"@type\":\"Organization\",\"@id\":\"https:\\\/\\\/lospoliticosveracruz.com\\\/#organization\",\"name\":\"Los pol\u00edticos Veracruz\",\"url\":\"https:\\\/\\\/lospoliticosveracruz.com\\\/\",\"logo\":{\"@type\":\"ImageObject\",\"inLanguage\":\"es\",\"@id\":\"https:\\\/\\\/lospoliticosveracruz.com\\\/#\\\/schema\\\/logo\\\/image\\\/\",\"url\":\"https:\\\/\\\/lospoliticosveracruz.com\\\/wp-content\\\/uploads\\\/2025\\\/12\\\/Logo-Nuevo-LOS-POLITICOS-1.jpg\",\"contentUrl\":\"https:\\\/\\\/lospoliticosveracruz.com\\\/wp-content\\\/uploads\\\/2025\\\/12\\\/Logo-Nuevo-LOS-POLITICOS-1.jpg\",\"width\":260,\"height\":70,\"caption\":\"Los pol\u00edticos Veracruz\"},\"image\":{\"@id\":\"https:\\\/\\\/lospoliticosveracruz.com\\\/#\\\/schema\\\/logo\\\/image\\\/\"},\"sameAs\":[\"https:\\\/\\\/www.facebook.com\\\/people\\\/Notimemes-de-los-Polticos\\\/61565672886568\\\/\",\"https:\\\/\\\/x.com\\\/LosPoliticosVer\"]},{\"@type\":\"Person\",\"@id\":\"https:\\\/\\\/lospoliticosveracruz.com\\\/#\\\/schema\\\/person\\\/b8702bb0e538456e6efd07080bf2a4a2\",\"name\":\"Lo viste en Los Pol\u00edticos\",\"image\":{\"@type\":\"ImageObject\",\"inLanguage\":\"es\",\"@id\":\"https:\\\/\\\/secure.gravatar.com\\\/avatar\\\/3a8de04a2656d44082be478bd6c086daa447c4651605818287b9532d3d0bd435?s=96&d=mm&r=g\",\"url\":\"https:\\\/\\\/secure.gravatar.com\\\/avatar\\\/3a8de04a2656d44082be478bd6c086daa447c4651605818287b9532d3d0bd435?s=96&d=mm&r=g\",\"contentUrl\":\"https:\\\/\\\/secure.gravatar.com\\\/avatar\\\/3a8de04a2656d44082be478bd6c086daa447c4651605818287b9532d3d0bd435?s=96&d=mm&r=g\",\"caption\":\"Lo viste en Los Pol\u00edticos\"},\"url\":\"https:\\\/\\\/lospoliticosveracruz.com\\\/?author=2\"}]}<\/script>\n<!-- \/ Yoast SEO plugin. -->","yoast_head_json":{"title":"Justicia por propia mano - Los pol\u00edticos Veracruz","robots":{"index":"index","follow":"follow","max-snippet":"max-snippet:-1","max-image-preview":"max-image-preview:large","max-video-preview":"max-video-preview:-1"},"canonical":"https:\/\/lospoliticosveracruz.com\/?p=18463","og_locale":"es_ES","og_type":"article","og_title":"Justicia por propia mano - Los pol\u00edticos Veracruz","og_description":"Brenda Caballero N\u00fameros Rojos \u201cDetuvimos al Ladr\u00f3n\u201d, me dice un vecino, mientras me ense\u00f1a las fotos de un var\u00f3n en su celular. \u201cEstaba robando en un departamento y los vecinos nos unimos y lo agarramos\u201d \u00bfY qu\u00e9 pas\u00f3?\u00ad le pregunt\u00e9. \u201cHablamos a la polic\u00eda y se lo llevaron\u201d, menos mal que no lo lincharon pens\u00e9, [&hellip;]","og_url":"https:\/\/lospoliticosveracruz.com\/?p=18463","og_site_name":"Los pol\u00edticos Veracruz","article_publisher":"https:\/\/www.facebook.com\/people\/Notimemes-de-los-Polticos\/61565672886568\/","article_published_time":"2015-10-20T02:43:36+00:00","og_image":[{"url":"http:\/\/www.lospoliticosveracruz.com.mx\/wp-content\/uploads\/2015\/10\/Francisco-Licona-sopla-las-velitas-de-su-pastel-300x182.jpg","type":"","width":"","height":""}],"author":"Lo viste en Los Pol\u00edticos","twitter_card":"summary_large_image","twitter_creator":"@LosPoliticosVer","twitter_site":"@LosPoliticosVer","twitter_misc":{"Escrito por":"Lo viste en Los Pol\u00edticos","Tiempo de lectura":"4 minutos"},"schema":{"@context":"https:\/\/schema.org","@graph":[{"@type":"Article","@id":"https:\/\/lospoliticosveracruz.com\/?p=18463#article","isPartOf":{"@id":"https:\/\/lospoliticosveracruz.com\/?p=18463"},"author":{"name":"Lo viste en Los Pol\u00edticos","@id":"https:\/\/lospoliticosveracruz.com\/#\/schema\/person\/b8702bb0e538456e6efd07080bf2a4a2"},"headline":"Justicia por propia mano","datePublished":"2015-10-20T02:43:36+00:00","mainEntityOfPage":{"@id":"https:\/\/lospoliticosveracruz.com\/?p=18463"},"wordCount":811,"commentCount":0,"publisher":{"@id":"https:\/\/lospoliticosveracruz.com\/#organization"},"image":{"@id":"https:\/\/lospoliticosveracruz.com\/?p=18463#primaryimage"},"thumbnailUrl":"http:\/\/www.lospoliticosveracruz.com.mx\/wp-content\/uploads\/2015\/10\/Francisco-Licona-sopla-las-velitas-de-su-pastel-300x182.jpg","keywords":["Lerdo de Tejada","Poder Judicial","Tribunal Superior de Justica en el Estado"],"articleSection":["De Opini\u00f3n"],"inLanguage":"es","potentialAction":[{"@type":"CommentAction","name":"Comment","target":["https:\/\/lospoliticosveracruz.com\/?p=18463#respond"]}]},{"@type":"WebPage","@id":"https:\/\/lospoliticosveracruz.com\/?p=18463","url":"https:\/\/lospoliticosveracruz.com\/?p=18463","name":"Justicia por propia mano - Los pol\u00edticos Veracruz","isPartOf":{"@id":"https:\/\/lospoliticosveracruz.com\/#website"},"primaryImageOfPage":{"@id":"https:\/\/lospoliticosveracruz.com\/?p=18463#primaryimage"},"image":{"@id":"https:\/\/lospoliticosveracruz.com\/?p=18463#primaryimage"},"thumbnailUrl":"http:\/\/www.lospoliticosveracruz.com.mx\/wp-content\/uploads\/2015\/10\/Francisco-Licona-sopla-las-velitas-de-su-pastel-300x182.jpg","datePublished":"2015-10-20T02:43:36+00:00","breadcrumb":{"@id":"https:\/\/lospoliticosveracruz.com\/?p=18463#breadcrumb"},"inLanguage":"es","potentialAction":[{"@type":"ReadAction","target":["https:\/\/lospoliticosveracruz.com\/?p=18463"]}]},{"@type":"ImageObject","inLanguage":"es","@id":"https:\/\/lospoliticosveracruz.com\/?p=18463#primaryimage","url":"http:\/\/www.lospoliticosveracruz.com.mx\/wp-content\/uploads\/2015\/10\/Francisco-Licona-sopla-las-velitas-de-su-pastel-300x182.jpg","contentUrl":"http:\/\/www.lospoliticosveracruz.com.mx\/wp-content\/uploads\/2015\/10\/Francisco-Licona-sopla-las-velitas-de-su-pastel-300x182.jpg"},{"@type":"BreadcrumbList","@id":"https:\/\/lospoliticosveracruz.com\/?p=18463#breadcrumb","itemListElement":[{"@type":"ListItem","position":1,"name":"Portada","item":"https:\/\/lospoliticosveracruz.com\/"},{"@type":"ListItem","position":2,"name":"Justicia por propia mano"}]},{"@type":"WebSite","@id":"https:\/\/lospoliticosveracruz.com\/#website","url":"https:\/\/lospoliticosveracruz.com\/","name":"Los pol\u00edticos Veracruz","description":"","publisher":{"@id":"https:\/\/lospoliticosveracruz.com\/#organization"},"potentialAction":[{"@type":"SearchAction","target":{"@type":"EntryPoint","urlTemplate":"https:\/\/lospoliticosveracruz.com\/?s={search_term_string}"},"query-input":{"@type":"PropertyValueSpecification","valueRequired":true,"valueName":"search_term_string"}}],"inLanguage":"es"},{"@type":"Organization","@id":"https:\/\/lospoliticosveracruz.com\/#organization","name":"Los pol\u00edticos Veracruz","url":"https:\/\/lospoliticosveracruz.com\/","logo":{"@type":"ImageObject","inLanguage":"es","@id":"https:\/\/lospoliticosveracruz.com\/#\/schema\/logo\/image\/","url":"https:\/\/lospoliticosveracruz.com\/wp-content\/uploads\/2025\/12\/Logo-Nuevo-LOS-POLITICOS-1.jpg","contentUrl":"https:\/\/lospoliticosveracruz.com\/wp-content\/uploads\/2025\/12\/Logo-Nuevo-LOS-POLITICOS-1.jpg","width":260,"height":70,"caption":"Los pol\u00edticos Veracruz"},"image":{"@id":"https:\/\/lospoliticosveracruz.com\/#\/schema\/logo\/image\/"},"sameAs":["https:\/\/www.facebook.com\/people\/Notimemes-de-los-Polticos\/61565672886568\/","https:\/\/x.com\/LosPoliticosVer"]},{"@type":"Person","@id":"https:\/\/lospoliticosveracruz.com\/#\/schema\/person\/b8702bb0e538456e6efd07080bf2a4a2","name":"Lo viste en Los Pol\u00edticos","image":{"@type":"ImageObject","inLanguage":"es","@id":"https:\/\/secure.gravatar.com\/avatar\/3a8de04a2656d44082be478bd6c086daa447c4651605818287b9532d3d0bd435?s=96&d=mm&r=g","url":"https:\/\/secure.gravatar.com\/avatar\/3a8de04a2656d44082be478bd6c086daa447c4651605818287b9532d3d0bd435?s=96&d=mm&r=g","contentUrl":"https:\/\/secure.gravatar.com\/avatar\/3a8de04a2656d44082be478bd6c086daa447c4651605818287b9532d3d0bd435?s=96&d=mm&r=g","caption":"Lo viste en Los Pol\u00edticos"},"url":"https:\/\/lospoliticosveracruz.com\/?author=2"}]}},"_links":{"self":[{"href":"https:\/\/lospoliticosveracruz.com\/index.php?rest_route=\/wp\/v2\/posts\/18463","targetHints":{"allow":["GET"]}}],"collection":[{"href":"https:\/\/lospoliticosveracruz.com\/index.php?rest_route=\/wp\/v2\/posts"}],"about":[{"href":"https:\/\/lospoliticosveracruz.com\/index.php?rest_route=\/wp\/v2\/types\/post"}],"author":[{"embeddable":true,"href":"https:\/\/lospoliticosveracruz.com\/index.php?rest_route=\/wp\/v2\/users\/2"}],"replies":[{"embeddable":true,"href":"https:\/\/lospoliticosveracruz.com\/index.php?rest_route=%2Fwp%2Fv2%2Fcomments&post=18463"}],"version-history":[{"count":1,"href":"https:\/\/lospoliticosveracruz.com\/index.php?rest_route=\/wp\/v2\/posts\/18463\/revisions"}],"predecessor-version":[{"id":18465,"href":"https:\/\/lospoliticosveracruz.com\/index.php?rest_route=\/wp\/v2\/posts\/18463\/revisions\/18465"}],"wp:attachment":[{"href":"https:\/\/lospoliticosveracruz.com\/index.php?rest_route=%2Fwp%2Fv2%2Fmedia&parent=18463"}],"wp:term":[{"taxonomy":"category","embeddable":true,"href":"https:\/\/lospoliticosveracruz.com\/index.php?rest_route=%2Fwp%2Fv2%2Fcategories&post=18463"},{"taxonomy":"post_tag","embeddable":true,"href":"https:\/\/lospoliticosveracruz.com\/index.php?rest_route=%2Fwp%2Fv2%2Ftags&post=18463"}],"curies":[{"name":"wp","href":"https:\/\/api.w.org\/{rel}","templated":true}]}}