{"id":18469,"date":"2015-10-19T22:07:20","date_gmt":"2015-10-20T03:07:20","guid":{"rendered":"http:\/\/www.lospoliticosveracruz.com.mx\/?p=18469"},"modified":"2015-10-19T22:07:20","modified_gmt":"2015-10-20T03:07:20","slug":"la-lista-de-aviadores","status":"publish","type":"post","link":"https:\/\/lospoliticosveracruz.com\/?p=18469","title":{"rendered":"La lista de aviadores"},"content":{"rendered":"<p><a href=\"http:\/\/www.lospoliticosveracruz.com.mx\/wp-content\/uploads\/2015\/10\/Javier-Duarte1.jpg\"><img loading=\"lazy\" decoding=\"async\" class=\"alignnone size-medium wp-image-18470\" src=\"http:\/\/www.lospoliticosveracruz.com.mx\/wp-content\/uploads\/2015\/10\/Javier-Duarte1-300x144.jpg\" alt=\"Javier Duarte\" width=\"300\" height=\"144\" \/><\/a><br \/>\n<strong>Salvador Mu\u00f1oz<\/strong><\/p>\n<p><em>Los Pol\u00edticos<\/em><\/p>\n<p>La nota que bien debe ser tomada como buena, por la medida que asume el Gobierno del Estado, se convierte en punto de cr\u00edtica.<br \/>\nS\u00ed, al menos en las primeras horas de la ma\u00f1ana, cuando el Gobernador Javier Duarte de Ochoa anunci\u00f3 el cese fulminante de todos esos tipos que cobran sin hacer nada, dije: \u201c\u00a1se va a quedar con menos de medio Gabinete!\u201d Pero me respond\u00ed de manera inmediata que eso no era posible\u2026<br \/>\n\u00bfCobrar sin hacer nada? \u00bfA poco se ir\u00eda duro y a la cabeza contra algunos diputados? \u00a1Tampoco! adem\u00e1s, es otro poder en el que no tiene injerencia (si solt\u00f3 la carcajada entonces debo pensar que funcion\u00f3 mi sarcasmo).<br \/>\nBueno, pero si no se refer\u00eda a los de su Gabinete ni a los diputados\u2026 \u00bfpara qui\u00e9n era la amenaza? \u00bfpara el encargado de dar el tiempo meteorol\u00f3gico? \u00a1no! \u00a1era para la legendaria Fuerza A\u00e9rea Veracruzana de la Secretar\u00eda de Educaci\u00f3n!<br \/>\nII<br \/>\nEn el mon\u00f3logo de ayer (je, as\u00ed le dicen a su conferencia de prensa los reporteros de la fuente), el Gobernador anunci\u00f3 el despido de 2 mil 173 personas que ostentan plazas de la Secretar\u00eda de Educaci\u00f3n (SEV) sin desempe\u00f1ar en forma efectiva su jornada de trabajo \u2013conocidos com\u00fanmente como aviadores\u2013, quienes causan un agravio a las finanzas p\u00fablicas de 815.3 millones de pesos anuales. Cese inmediato y cancelaci\u00f3n definitiva de estas plazas fue la orden.<br \/>\n\u00bfA poco no es para festejar la desaparici\u00f3n de la Fuerza A\u00e9rea Veracruzana de la SEV? \u00a1Pues claro! Pero, entonces\u2026 \u00bfa qu\u00e9 obedecen las cr\u00edticas contra esta medida?<br \/>\nQuiz\u00e1s a dos razones:<br \/>\n1.- Que se hayan tardado, al menos en este sexenio, cinco a\u00f1os para \u201cdescubrirla\u201d\u2026 y<br \/>\n2.- Que no se act\u00fae en otras \u00e1reas y dependencias donde se concentra a estos \u201caviadores\u201d.<br \/>\nIII<br \/>\nPor supuesto, la demanda natural tanto en el gremio reporteril como en la sociedad, es una: \u201c\u00a1nombres! \u00a1queremos nombres!\u201d<br \/>\nAqu\u00ed, una lista, con y sin nombres, de algunos personajes que quiz\u00e1s usted identifica y pertenecen a esa \u201cFuerza A\u00e9rea\u201d de otras dependencias que se niega a morir:<br \/>\n* En Sedarpa tenemos a Ram\u00f3n Ferrari Pardi\u00f1o, mejor conocido entre los aviadores como \u201cEl Avi\u00f3n\u201d&#8230; luego se lo explico.<br \/>\n* En la Liga de Comunidades Agrarias tienen una avioneta pero est\u00e1n dispuestos a quedarse con el Piloto Juan Carlos Molina Palacios y dejar la nave al Museo Interactivo de Xalapa.<br \/>\n* Y si cre\u00edan que ir\u00edan por esos funcionarios del Gabinete (que siguen dentro o est\u00e1n como diputados federales) que se hicieron de avionetas durante este sexenio, \u00e9sos siguen en el aire.<br \/>\n* Guillermo Herrera Mendoza, subsecretario de Turismo, bien podr\u00eda caber en la Fuerza A\u00e9rea Veracruzana\u2026 nom\u00e1s se la pasa \u201cplaneando\u201d y no precisamente haciendo planes.<br \/>\n* Por supuesto, no puede pasar de largo el Fiscul\u00edn Luis \u00c1ngel Bravo Contreras, quien ataca duro y a la cabeza al alcalde de Boca del R\u00edo, pero \u201cse hace del avi\u00f3n\u201d con uno que otro del Gabinete que bien merece el mismo tratamiento del edil por enriquecimiento inexplicable.<br \/>\n* Claro, sigiloso y astuto como es Am\u00e9rico Z\u00fa\u00f1iga Mart\u00ednez, tambi\u00e9n tiene a sus aviadores y \u00a1hasta torre de control!, \u00e9sta ubicada en el Centro de Atenci\u00f3n M\u00faltiple. Digo, si no, \u00bfa qu\u00e9 obedece la presencia de Jacob Zayas?: \u201c\u00a1El avi\u00f3n, jefe, el avi\u00f3n!\u201d<\/p>\n<p>IV<br \/>\nAunque a fuerza de ser sinceros, hemos de comentar que el cese fulminante de 2 mil 173 \u201caviadores\u201d en la SEV, no es algo nuevo en el Gobierno estatal. Hace algunos a\u00f1os, hubo un antecedente de ello. No s\u00f3lo acab\u00f3 con \u201caviadores\u201d sino tambi\u00e9n con las aeronaves en lo que se podr\u00eda llamar su primer ensayo contra la Fuerza A\u00e9rea Veracruzana. \u00bfNo se acuerda? \u00a1Pues cuando \u201cdestruy\u00f3\u201d el Museo del Transporte para dar paso a una de las oficinas m\u00e1s grandotas que tiene el Gobierno del Estado: El Palacio del DIF estatal.<br \/>\n\u00a1Mayday! \u00a1mayday! \u00a1Naves hostiles me disparan! \u00a1mayday! \u00a1mayday!<\/p>\n<p>smcainito@gmail.com<\/p>\n","protected":false},"excerpt":{"rendered":"<p>Salvador Mu\u00f1oz Los Pol\u00edticos La nota que bien debe ser tomada como buena, por la medida que asume el Gobierno del Estado, se convierte en punto de cr\u00edtica. S\u00ed, al menos en las primeras horas de la ma\u00f1ana, cuando el Gobernador Javier Duarte de Ochoa anunci\u00f3 el cese fulminante de todos esos tipos que cobran [&hellip;]<\/p>\n","protected":false},"author":2,"featured_media":0,"comment_status":"open","ping_status":"open","sticky":false,"template":"","format":"standard","meta":{"tdm_status":"","tdm_grid_status":"","footnotes":""},"categories":[70],"tags":[539,601,788,451,1508,3059,260,3256,496,3737,3595,2038,88,198],"class_list":{"0":"post-18469","1":"post","2":"type-post","3":"status-publish","4":"format-standard","6":"category-de-opinion","7":"tag-americo-zuniga-martinez","8":"tag-boca-del-rio","9":"tag-dif-estatal","10":"tag-gobernador","11":"tag-guillermo-herrera-mendoza","12":"tag-jacob-zayas","13":"tag-javier-duarte-de-ochoa","14":"tag-juan-carlos-molina-palacios","15":"tag-luis-angel-bravo-contreras","16":"tag-museo-del-transporte","17":"tag-museo-interactivo-de-xalapa","18":"tag-ramon-ferrari-pardino","19":"tag-sev","20":"tag-turismo"},"yoast_head":"<!-- This site is optimized with the Yoast SEO plugin v27.4 - https:\/\/yoast.com\/product\/yoast-seo-wordpress\/ -->\n<title>La lista de aviadores - Los pol\u00edticos Veracruz<\/title>\n<meta name=\"robots\" content=\"index, follow, max-snippet:-1, max-image-preview:large, max-video-preview:-1\" \/>\n<link rel=\"canonical\" href=\"https:\/\/lospoliticosveracruz.com\/?p=18469\" \/>\n<meta property=\"og:locale\" content=\"es_ES\" \/>\n<meta property=\"og:type\" content=\"article\" \/>\n<meta property=\"og:title\" content=\"La lista de aviadores - Los pol\u00edticos Veracruz\" \/>\n<meta property=\"og:description\" content=\"Salvador Mu\u00f1oz Los Pol\u00edticos La nota que bien debe ser tomada como buena, por la medida que asume el Gobierno del Estado, se convierte en punto de cr\u00edtica. S\u00ed, al menos en las primeras horas de la ma\u00f1ana, cuando el Gobernador Javier Duarte de Ochoa anunci\u00f3 el cese fulminante de todos esos tipos que cobran [&hellip;]\" \/>\n<meta property=\"og:url\" content=\"https:\/\/lospoliticosveracruz.com\/?p=18469\" \/>\n<meta property=\"og:site_name\" content=\"Los pol\u00edticos Veracruz\" \/>\n<meta property=\"article:publisher\" content=\"https:\/\/www.facebook.com\/people\/Notimemes-de-los-Polticos\/61565672886568\/\" \/>\n<meta property=\"article:published_time\" content=\"2015-10-20T03:07:20+00:00\" \/>\n<meta property=\"og:image\" content=\"http:\/\/www.lospoliticosveracruz.com.mx\/wp-content\/uploads\/2015\/10\/Javier-Duarte1-300x144.jpg\" \/>\n<meta name=\"author\" content=\"Lo viste en Los Pol\u00edticos\" \/>\n<meta name=\"twitter:card\" content=\"summary_large_image\" \/>\n<meta name=\"twitter:creator\" content=\"@LosPoliticosVer\" \/>\n<meta name=\"twitter:site\" content=\"@LosPoliticosVer\" \/>\n<meta name=\"twitter:label1\" content=\"Escrito por\" \/>\n\t<meta name=\"twitter:data1\" content=\"Lo viste en Los Pol\u00edticos\" \/>\n\t<meta name=\"twitter:label2\" content=\"Tiempo de lectura\" \/>\n\t<meta name=\"twitter:data2\" content=\"3 minutos\" \/>\n<script type=\"application\/ld+json\" class=\"yoast-schema-graph\">{\"@context\":\"https:\\\/\\\/schema.org\",\"@graph\":[{\"@type\":\"Article\",\"@id\":\"https:\\\/\\\/lospoliticosveracruz.com\\\/?p=18469#article\",\"isPartOf\":{\"@id\":\"https:\\\/\\\/lospoliticosveracruz.com\\\/?p=18469\"},\"author\":{\"name\":\"Lo viste en Los Pol\u00edticos\",\"@id\":\"https:\\\/\\\/lospoliticosveracruz.com\\\/#\\\/schema\\\/person\\\/b8702bb0e538456e6efd07080bf2a4a2\"},\"headline\":\"La lista de aviadores\",\"datePublished\":\"2015-10-20T03:07:20+00:00\",\"mainEntityOfPage\":{\"@id\":\"https:\\\/\\\/lospoliticosveracruz.com\\\/?p=18469\"},\"wordCount\":698,\"commentCount\":1,\"publisher\":{\"@id\":\"https:\\\/\\\/lospoliticosveracruz.com\\\/#organization\"},\"image\":{\"@id\":\"https:\\\/\\\/lospoliticosveracruz.com\\\/?p=18469#primaryimage\"},\"thumbnailUrl\":\"http:\\\/\\\/www.lospoliticosveracruz.com.mx\\\/wp-content\\\/uploads\\\/2015\\\/10\\\/Javier-Duarte1-300x144.jpg\",\"keywords\":[\"Am\u00e9rico Z\u00fa\u00f1iga Mart\u00ednez\",\"Boca del R\u00edo\",\"DIF estatal\",\"gobernador\",\"Guillermo Herrera Mendoza\",\"Jacob Zayas\",\"Javier Duarte de Ochoa\",\"Juan Carlos Molina Palacios\",\"Luis Angel Bravo Contreras\",\"Museo del Transporte\",\"Museo Interactivo de Xalapa\",\"Ram\u00f3n Ferrari Pardi\u00f1o\",\"SEV\",\"Turismo\"],\"articleSection\":[\"De Opini\u00f3n\"],\"inLanguage\":\"es\",\"potentialAction\":[{\"@type\":\"CommentAction\",\"name\":\"Comment\",\"target\":[\"https:\\\/\\\/lospoliticosveracruz.com\\\/?p=18469#respond\"]}]},{\"@type\":\"WebPage\",\"@id\":\"https:\\\/\\\/lospoliticosveracruz.com\\\/?p=18469\",\"url\":\"https:\\\/\\\/lospoliticosveracruz.com\\\/?p=18469\",\"name\":\"La lista de aviadores - Los pol\u00edticos Veracruz\",\"isPartOf\":{\"@id\":\"https:\\\/\\\/lospoliticosveracruz.com\\\/#website\"},\"primaryImageOfPage\":{\"@id\":\"https:\\\/\\\/lospoliticosveracruz.com\\\/?p=18469#primaryimage\"},\"image\":{\"@id\":\"https:\\\/\\\/lospoliticosveracruz.com\\\/?p=18469#primaryimage\"},\"thumbnailUrl\":\"http:\\\/\\\/www.lospoliticosveracruz.com.mx\\\/wp-content\\\/uploads\\\/2015\\\/10\\\/Javier-Duarte1-300x144.jpg\",\"datePublished\":\"2015-10-20T03:07:20+00:00\",\"breadcrumb\":{\"@id\":\"https:\\\/\\\/lospoliticosveracruz.com\\\/?p=18469#breadcrumb\"},\"inLanguage\":\"es\",\"potentialAction\":[{\"@type\":\"ReadAction\",\"target\":[\"https:\\\/\\\/lospoliticosveracruz.com\\\/?p=18469\"]}]},{\"@type\":\"ImageObject\",\"inLanguage\":\"es\",\"@id\":\"https:\\\/\\\/lospoliticosveracruz.com\\\/?p=18469#primaryimage\",\"url\":\"http:\\\/\\\/www.lospoliticosveracruz.com.mx\\\/wp-content\\\/uploads\\\/2015\\\/10\\\/Javier-Duarte1-300x144.jpg\",\"contentUrl\":\"http:\\\/\\\/www.lospoliticosveracruz.com.mx\\\/wp-content\\\/uploads\\\/2015\\\/10\\\/Javier-Duarte1-300x144.jpg\"},{\"@type\":\"BreadcrumbList\",\"@id\":\"https:\\\/\\\/lospoliticosveracruz.com\\\/?p=18469#breadcrumb\",\"itemListElement\":[{\"@type\":\"ListItem\",\"position\":1,\"name\":\"Portada\",\"item\":\"https:\\\/\\\/lospoliticosveracruz.com\\\/\"},{\"@type\":\"ListItem\",\"position\":2,\"name\":\"La lista de aviadores\"}]},{\"@type\":\"WebSite\",\"@id\":\"https:\\\/\\\/lospoliticosveracruz.com\\\/#website\",\"url\":\"https:\\\/\\\/lospoliticosveracruz.com\\\/\",\"name\":\"Los pol\u00edticos Veracruz\",\"description\":\"\",\"publisher\":{\"@id\":\"https:\\\/\\\/lospoliticosveracruz.com\\\/#organization\"},\"potentialAction\":[{\"@type\":\"SearchAction\",\"target\":{\"@type\":\"EntryPoint\",\"urlTemplate\":\"https:\\\/\\\/lospoliticosveracruz.com\\\/?s={search_term_string}\"},\"query-input\":{\"@type\":\"PropertyValueSpecification\",\"valueRequired\":true,\"valueName\":\"search_term_string\"}}],\"inLanguage\":\"es\"},{\"@type\":\"Organization\",\"@id\":\"https:\\\/\\\/lospoliticosveracruz.com\\\/#organization\",\"name\":\"Los pol\u00edticos Veracruz\",\"url\":\"https:\\\/\\\/lospoliticosveracruz.com\\\/\",\"logo\":{\"@type\":\"ImageObject\",\"inLanguage\":\"es\",\"@id\":\"https:\\\/\\\/lospoliticosveracruz.com\\\/#\\\/schema\\\/logo\\\/image\\\/\",\"url\":\"https:\\\/\\\/lospoliticosveracruz.com\\\/wp-content\\\/uploads\\\/2025\\\/12\\\/Logo-Nuevo-LOS-POLITICOS-1.jpg\",\"contentUrl\":\"https:\\\/\\\/lospoliticosveracruz.com\\\/wp-content\\\/uploads\\\/2025\\\/12\\\/Logo-Nuevo-LOS-POLITICOS-1.jpg\",\"width\":260,\"height\":70,\"caption\":\"Los pol\u00edticos Veracruz\"},\"image\":{\"@id\":\"https:\\\/\\\/lospoliticosveracruz.com\\\/#\\\/schema\\\/logo\\\/image\\\/\"},\"sameAs\":[\"https:\\\/\\\/www.facebook.com\\\/people\\\/Notimemes-de-los-Polticos\\\/61565672886568\\\/\",\"https:\\\/\\\/x.com\\\/LosPoliticosVer\"]},{\"@type\":\"Person\",\"@id\":\"https:\\\/\\\/lospoliticosveracruz.com\\\/#\\\/schema\\\/person\\\/b8702bb0e538456e6efd07080bf2a4a2\",\"name\":\"Lo viste en Los Pol\u00edticos\",\"image\":{\"@type\":\"ImageObject\",\"inLanguage\":\"es\",\"@id\":\"https:\\\/\\\/secure.gravatar.com\\\/avatar\\\/3a8de04a2656d44082be478bd6c086daa447c4651605818287b9532d3d0bd435?s=96&d=mm&r=g\",\"url\":\"https:\\\/\\\/secure.gravatar.com\\\/avatar\\\/3a8de04a2656d44082be478bd6c086daa447c4651605818287b9532d3d0bd435?s=96&d=mm&r=g\",\"contentUrl\":\"https:\\\/\\\/secure.gravatar.com\\\/avatar\\\/3a8de04a2656d44082be478bd6c086daa447c4651605818287b9532d3d0bd435?s=96&d=mm&r=g\",\"caption\":\"Lo viste en Los Pol\u00edticos\"},\"url\":\"https:\\\/\\\/lospoliticosveracruz.com\\\/?author=2\"}]}<\/script>\n<!-- \/ Yoast SEO plugin. -->","yoast_head_json":{"title":"La lista de aviadores - Los pol\u00edticos Veracruz","robots":{"index":"index","follow":"follow","max-snippet":"max-snippet:-1","max-image-preview":"max-image-preview:large","max-video-preview":"max-video-preview:-1"},"canonical":"https:\/\/lospoliticosveracruz.com\/?p=18469","og_locale":"es_ES","og_type":"article","og_title":"La lista de aviadores - Los pol\u00edticos Veracruz","og_description":"Salvador Mu\u00f1oz Los Pol\u00edticos La nota que bien debe ser tomada como buena, por la medida que asume el Gobierno del Estado, se convierte en punto de cr\u00edtica. S\u00ed, al menos en las primeras horas de la ma\u00f1ana, cuando el Gobernador Javier Duarte de Ochoa anunci\u00f3 el cese fulminante de todos esos tipos que cobran [&hellip;]","og_url":"https:\/\/lospoliticosveracruz.com\/?p=18469","og_site_name":"Los pol\u00edticos Veracruz","article_publisher":"https:\/\/www.facebook.com\/people\/Notimemes-de-los-Polticos\/61565672886568\/","article_published_time":"2015-10-20T03:07:20+00:00","og_image":[{"url":"http:\/\/www.lospoliticosveracruz.com.mx\/wp-content\/uploads\/2015\/10\/Javier-Duarte1-300x144.jpg","type":"","width":"","height":""}],"author":"Lo viste en Los Pol\u00edticos","twitter_card":"summary_large_image","twitter_creator":"@LosPoliticosVer","twitter_site":"@LosPoliticosVer","twitter_misc":{"Escrito por":"Lo viste en Los Pol\u00edticos","Tiempo de lectura":"3 minutos"},"schema":{"@context":"https:\/\/schema.org","@graph":[{"@type":"Article","@id":"https:\/\/lospoliticosveracruz.com\/?p=18469#article","isPartOf":{"@id":"https:\/\/lospoliticosveracruz.com\/?p=18469"},"author":{"name":"Lo viste en Los Pol\u00edticos","@id":"https:\/\/lospoliticosveracruz.com\/#\/schema\/person\/b8702bb0e538456e6efd07080bf2a4a2"},"headline":"La lista de aviadores","datePublished":"2015-10-20T03:07:20+00:00","mainEntityOfPage":{"@id":"https:\/\/lospoliticosveracruz.com\/?p=18469"},"wordCount":698,"commentCount":1,"publisher":{"@id":"https:\/\/lospoliticosveracruz.com\/#organization"},"image":{"@id":"https:\/\/lospoliticosveracruz.com\/?p=18469#primaryimage"},"thumbnailUrl":"http:\/\/www.lospoliticosveracruz.com.mx\/wp-content\/uploads\/2015\/10\/Javier-Duarte1-300x144.jpg","keywords":["Am\u00e9rico Z\u00fa\u00f1iga Mart\u00ednez","Boca del R\u00edo","DIF estatal","gobernador","Guillermo Herrera Mendoza","Jacob Zayas","Javier Duarte de Ochoa","Juan Carlos Molina Palacios","Luis Angel Bravo Contreras","Museo del Transporte","Museo Interactivo de Xalapa","Ram\u00f3n Ferrari Pardi\u00f1o","SEV","Turismo"],"articleSection":["De Opini\u00f3n"],"inLanguage":"es","potentialAction":[{"@type":"CommentAction","name":"Comment","target":["https:\/\/lospoliticosveracruz.com\/?p=18469#respond"]}]},{"@type":"WebPage","@id":"https:\/\/lospoliticosveracruz.com\/?p=18469","url":"https:\/\/lospoliticosveracruz.com\/?p=18469","name":"La lista de aviadores - Los pol\u00edticos Veracruz","isPartOf":{"@id":"https:\/\/lospoliticosveracruz.com\/#website"},"primaryImageOfPage":{"@id":"https:\/\/lospoliticosveracruz.com\/?p=18469#primaryimage"},"image":{"@id":"https:\/\/lospoliticosveracruz.com\/?p=18469#primaryimage"},"thumbnailUrl":"http:\/\/www.lospoliticosveracruz.com.mx\/wp-content\/uploads\/2015\/10\/Javier-Duarte1-300x144.jpg","datePublished":"2015-10-20T03:07:20+00:00","breadcrumb":{"@id":"https:\/\/lospoliticosveracruz.com\/?p=18469#breadcrumb"},"inLanguage":"es","potentialAction":[{"@type":"ReadAction","target":["https:\/\/lospoliticosveracruz.com\/?p=18469"]}]},{"@type":"ImageObject","inLanguage":"es","@id":"https:\/\/lospoliticosveracruz.com\/?p=18469#primaryimage","url":"http:\/\/www.lospoliticosveracruz.com.mx\/wp-content\/uploads\/2015\/10\/Javier-Duarte1-300x144.jpg","contentUrl":"http:\/\/www.lospoliticosveracruz.com.mx\/wp-content\/uploads\/2015\/10\/Javier-Duarte1-300x144.jpg"},{"@type":"BreadcrumbList","@id":"https:\/\/lospoliticosveracruz.com\/?p=18469#breadcrumb","itemListElement":[{"@type":"ListItem","position":1,"name":"Portada","item":"https:\/\/lospoliticosveracruz.com\/"},{"@type":"ListItem","position":2,"name":"La lista de aviadores"}]},{"@type":"WebSite","@id":"https:\/\/lospoliticosveracruz.com\/#website","url":"https:\/\/lospoliticosveracruz.com\/","name":"Los pol\u00edticos Veracruz","description":"","publisher":{"@id":"https:\/\/lospoliticosveracruz.com\/#organization"},"potentialAction":[{"@type":"SearchAction","target":{"@type":"EntryPoint","urlTemplate":"https:\/\/lospoliticosveracruz.com\/?s={search_term_string}"},"query-input":{"@type":"PropertyValueSpecification","valueRequired":true,"valueName":"search_term_string"}}],"inLanguage":"es"},{"@type":"Organization","@id":"https:\/\/lospoliticosveracruz.com\/#organization","name":"Los pol\u00edticos Veracruz","url":"https:\/\/lospoliticosveracruz.com\/","logo":{"@type":"ImageObject","inLanguage":"es","@id":"https:\/\/lospoliticosveracruz.com\/#\/schema\/logo\/image\/","url":"https:\/\/lospoliticosveracruz.com\/wp-content\/uploads\/2025\/12\/Logo-Nuevo-LOS-POLITICOS-1.jpg","contentUrl":"https:\/\/lospoliticosveracruz.com\/wp-content\/uploads\/2025\/12\/Logo-Nuevo-LOS-POLITICOS-1.jpg","width":260,"height":70,"caption":"Los pol\u00edticos Veracruz"},"image":{"@id":"https:\/\/lospoliticosveracruz.com\/#\/schema\/logo\/image\/"},"sameAs":["https:\/\/www.facebook.com\/people\/Notimemes-de-los-Polticos\/61565672886568\/","https:\/\/x.com\/LosPoliticosVer"]},{"@type":"Person","@id":"https:\/\/lospoliticosveracruz.com\/#\/schema\/person\/b8702bb0e538456e6efd07080bf2a4a2","name":"Lo viste en Los Pol\u00edticos","image":{"@type":"ImageObject","inLanguage":"es","@id":"https:\/\/secure.gravatar.com\/avatar\/3a8de04a2656d44082be478bd6c086daa447c4651605818287b9532d3d0bd435?s=96&d=mm&r=g","url":"https:\/\/secure.gravatar.com\/avatar\/3a8de04a2656d44082be478bd6c086daa447c4651605818287b9532d3d0bd435?s=96&d=mm&r=g","contentUrl":"https:\/\/secure.gravatar.com\/avatar\/3a8de04a2656d44082be478bd6c086daa447c4651605818287b9532d3d0bd435?s=96&d=mm&r=g","caption":"Lo viste en Los Pol\u00edticos"},"url":"https:\/\/lospoliticosveracruz.com\/?author=2"}]}},"_links":{"self":[{"href":"https:\/\/lospoliticosveracruz.com\/index.php?rest_route=\/wp\/v2\/posts\/18469","targetHints":{"allow":["GET"]}}],"collection":[{"href":"https:\/\/lospoliticosveracruz.com\/index.php?rest_route=\/wp\/v2\/posts"}],"about":[{"href":"https:\/\/lospoliticosveracruz.com\/index.php?rest_route=\/wp\/v2\/types\/post"}],"author":[{"embeddable":true,"href":"https:\/\/lospoliticosveracruz.com\/index.php?rest_route=\/wp\/v2\/users\/2"}],"replies":[{"embeddable":true,"href":"https:\/\/lospoliticosveracruz.com\/index.php?rest_route=%2Fwp%2Fv2%2Fcomments&post=18469"}],"version-history":[{"count":1,"href":"https:\/\/lospoliticosveracruz.com\/index.php?rest_route=\/wp\/v2\/posts\/18469\/revisions"}],"predecessor-version":[{"id":18471,"href":"https:\/\/lospoliticosveracruz.com\/index.php?rest_route=\/wp\/v2\/posts\/18469\/revisions\/18471"}],"wp:attachment":[{"href":"https:\/\/lospoliticosveracruz.com\/index.php?rest_route=%2Fwp%2Fv2%2Fmedia&parent=18469"}],"wp:term":[{"taxonomy":"category","embeddable":true,"href":"https:\/\/lospoliticosveracruz.com\/index.php?rest_route=%2Fwp%2Fv2%2Fcategories&post=18469"},{"taxonomy":"post_tag","embeddable":true,"href":"https:\/\/lospoliticosveracruz.com\/index.php?rest_route=%2Fwp%2Fv2%2Ftags&post=18469"}],"curies":[{"name":"wp","href":"https:\/\/api.w.org\/{rel}","templated":true}]}}