{"id":18475,"date":"2015-10-20T08:28:03","date_gmt":"2015-10-20T13:28:03","guid":{"rendered":"http:\/\/www.lospoliticosveracruz.com.mx\/?p=18475"},"modified":"2015-10-20T08:28:03","modified_gmt":"2015-10-20T13:28:03","slug":"miyuli-candidato-de-pan-prd","status":"publish","type":"post","link":"https:\/\/lospoliticosveracruz.com\/?p=18475","title":{"rendered":"Miyuli, \u00bfcandidato de PAN-PRD?"},"content":{"rendered":"<p><a href=\"http:\/\/www.lospoliticosveracruz.com.mx\/wp-content\/uploads\/2015\/10\/Yunes-Linares-Rogelio-Franco.jpg\"><img loading=\"lazy\" decoding=\"async\" class=\"alignnone size-medium wp-image-18476\" src=\"http:\/\/www.lospoliticosveracruz.com.mx\/wp-content\/uploads\/2015\/10\/Yunes-Linares-Rogelio-Franco-300x216.jpg\" alt=\"Yunes Linares Rogelio Franco\" width=\"300\" height=\"216\" \/><\/a><\/p>\n<p><strong>Jos\u00e9 Ortiz Medina<\/strong><\/p>\n<p><em>En Corto&#8230; sin Cortes<\/em><\/p>\n<p>El pasado jueves 15 de este mes, trascendi\u00f3 que se habr\u00eda suscitado una reuni\u00f3n muy peculiar.<br \/>\nCuentan que en la Ciudad de M\u00e9xico, el diputado federal panista, Miguel \u00c1ngel Yunes Linares, se habr\u00eda reunido con prominentes dirigentes del PRD nacional. En dicho c\u00f3nclave del partido del sol azteca, aseguran que tambi\u00e9n estuvo presente el dirigente del Partido de la Revoluci\u00f3n Democr\u00e1tica en el estado de Veracruz, ese mercenario de la pol\u00edtica llamado Rogelio Franco Cast\u00e1n, que lo mismo pacta con Dios que con el diablo, con los rojos y ahora con los azules.<br \/>\nNo se necesita ser muy avezado en temas grillescos como para adivinar lo que platicaron o dialogaron tan conspicuos personajes. Por supuesto que la charla gir\u00f3 en torno a una eventual alianza PRD-PAN, en la que podr\u00edan (conste que decimos, \u201cpodr\u00edan\u201d) tener como abanderado a la gubernatura veracruzana a Yunes Linares.<br \/>\nY pareciera que los astros se le acomodan al chole\u00f1o. Y es que el dirigente nacional saliente del PRD, Carlos Navarrete Ruiz, es proclive a las alianzas y el prospecto a relevarlo, Agust\u00edn Basave, le dice qu\u00edtate a Charly porque \u00e9l (Agust\u00edn) es m\u00e1s aliancista y pragm\u00e1tico. No por nada, Basave ha declarado que la mejor v\u00eda para sacar al PRI de Los pinos, es precisamente ir juntos con Acci\u00f3n Nacional en 2018. Y la antesala de este proyecto, ser\u00edan las coaliciones azul-amarillas en las entidades federativas, Veracruz incluido.<br \/>\nAgust\u00edn Basave va en caballo de hacienda. No hay nadie con posibilidades reales para que le disputen la elecci\u00f3n interna que ser\u00e1 a fines de noviembre.<br \/>\nLos que medio le hacen cosquillas son Beatriz Mojica Morga, quien perdi\u00f3 la elecci\u00f3n a gobernador en Guerrero y un gris Fernando Belaunzar\u00e1n.<br \/>\nAdem\u00e1s, Basave pertenece a la corriente de Los chuchos, que hoy por hoy,<br \/>\nmantienen el control de ese instituto pol\u00edtico.<br \/>\nPero vale la pena destacar que quien sea el candidato de esa probable alianza pues debe saber que no hay muchas garant\u00edas de triunfo, habida cuenta de que el PAN est\u00e1 de capa ca\u00edda y dividido por culpa de los Yunes. Ah\u00ed est\u00e1n los magros resultados de Acci\u00f3n Nacional en la pasada elecci\u00f3n federal.<br \/>\nY qu\u00e9 decir del partido del sol azteca, al que s\u00f3lo le queda el cascar\u00f3n por las renuncias de miles de destacados militantes que han encontrado cobijo en Morena, la franquicia que regentea Andr\u00e9s Manuel L\u00f3pez Obrador.<br \/>\nA eso le a\u00f1adimos la terrible crisis de credibilidad que enfrenta el PRD, por dirigentes voraces que se venden por un plato de lentejas con el gobierno de los rojos. Rogelio Franco, es un ejemplo claro de esto.<br \/>\nNo dudamos que de efectuarse esa alianza, los operadores rojos van a maniobrar para que miles de perredistas dimitan para pasarse a las filas del PRI.<br \/>\nYa se ver\u00e1.<\/p>\n<p>DE INMEJORABLE fuente nos informan que el titular de la Fiscal\u00eda Regional en la zona Centro-Xalapa, de la Fiscal\u00eda General del Estado de Veracruz, Alberto Linares Vernet, fue recientemente intervenido quir\u00fargicamente, por un problema de sinusitis, problema m\u00e9dico que consiste en la inflamaci\u00f3n de los senos paranasales, lo que dificulta la respiraci\u00f3n. Se trata de una intervenci\u00f3n relativamente simple; todo parece indicar que el fiscal regional se recupera de manera satisfactoria de la operaci\u00f3n. Recordamos que al iniciar abril de 2014, Linares Vernet fue designado por el fiscal veracruzano, Luis \u00c1ngel Bravo, como coordinador de agentes del Ministerio P\u00fablico Especializado en Delitos Cometidos por Servidores P\u00fablicos; de ah\u00ed pas\u00f3, dos meses despu\u00e9s, a la Fiscal\u00eda Regional para la zona Centro-Xalapa. Antes de incorporarse al equipo de la Fiscal\u00eda veracruzana, Alberto Linares se desempe\u00f1\u00f3 como agente del Ministerio P\u00fablico de la Federaci\u00f3n.<\/p>\n<p>ESTE LUNES trascendi\u00f3 que en el Distrito Federal, el coordinador de los diputados del Partido Revolucionario Institucional, C\u00e9sar Camacho Quiroz, se reuni\u00f3 con los integrantes de la bancada veracruzana en San L\u00e1zaro. El di\u00e1logo entre el ex dirigente nacional del PRI y los diputados federales pri\u00edstas por Veracruz se llev\u00f3 a efecto en las oficinas del coordinador del grupo veracruzano, Erick Lagos Hern\u00e1ndez, quien no s\u00f3lo demuestra que es eficaz para ganar una elecci\u00f3n con amplio margen, sino que tambi\u00e9n es muy confiable para llevar el liderazgo de los representantes veracruzanos del tricolor y para el trabajo de gestor\u00eda. El tema, nos dicen, gir\u00f3 en torno al presupuesto base cero, que actualmente se discute en la C\u00e1mara Baja del Congreso de la Uni\u00f3n y cuya implementaci\u00f3n, al menos en teor\u00eda, permitir\u00e1 que las dependencias gubernamentales apliquen de manera m\u00e1s eficiente los recursos p\u00fablicos.<\/p>\n<p>LUEGO DE QUE el pasado viernes, los representantes de los diferentes partidos pol\u00edticos ante el IEV se pronunciaron por la llegada al \u00e1rea de Comunicaci\u00f3n Social de un o una profesional con el perfil adecuado, este lunes, el consejero presidente del \u00f3rgano electoral, Alejandro Bonilla, propuso a la comunic\u00f3loga Liz Mariana Bravo Flores, quien cuenta con la licenciatura en Ciencias y T\u00e9cnicas de la Comunicaci\u00f3n por la Universidad de Xalapa y postgrado en esa misma \u00e1rea del conocimiento. La propuesta fue aceptada de forma un\u00e1nime no solo por los representantes de los partidos, sino tambi\u00e9n por los consejeros electorales. Bravo Flores pas\u00f3 de la jefatura de asesores del IEV a la titularidad del departamento de Comunicaci\u00f3n Social. Cuenta con una amplia experiencia en el servicio p\u00fablico: ha sido enlace de prensa de la Secretar\u00eda de Desarrollo Econ\u00f3mico y Portuario, conductora y productora de programas de radio y televisi\u00f3n de la SEDECOP, jefa del departamento de Prevenci\u00f3n de Riesgos, Evaluaci\u00f3n y Saneamiento de la Secretar\u00eda de Protecci\u00f3n Civil, as\u00ed como directora de medios y de empresas de la iniciativa privada. En el pasado proceso para la integraci\u00f3n del OPLE Veracruz, Liz Mariana Bravo se postul\u00f3 para desempe\u00f1arse como consejera, quedando cerca de alcanzar dicho objetivo. Sin duda, se trata de una atinada designaci\u00f3n en el IEV. Enhorabuena.<\/p>\n","protected":false},"excerpt":{"rendered":"<p>Jos\u00e9 Ortiz Medina En Corto&#8230; sin Cortes El pasado jueves 15 de este mes, trascendi\u00f3 que se habr\u00eda suscitado una reuni\u00f3n muy peculiar. Cuentan que en la Ciudad de M\u00e9xico, el diputado federal panista, Miguel \u00c1ngel Yunes Linares, se habr\u00eda reunido con prominentes dirigentes del PRD nacional. En dicho c\u00f3nclave del partido del sol azteca, [&hellip;]<\/p>\n","protected":false},"author":2,"featured_media":0,"comment_status":"open","ping_status":"open","sticky":false,"template":"","format":"standard","meta":{"tdm_status":"","tdm_grid_status":"","footnotes":""},"categories":[70],"tags":[3126,428,808],"class_list":{"0":"post-18475","1":"post","2":"type-post","3":"status-publish","4":"format-standard","6":"category-de-opinion","7":"tag-carlos-navarrete-ruiz","8":"tag-miguel-angel-yunes-linares","9":"tag-rogelio-franco-castan"},"yoast_head":"<!-- This site is optimized with the Yoast SEO plugin v27.4 - https:\/\/yoast.com\/product\/yoast-seo-wordpress\/ -->\n<title>Miyuli, \u00bfcandidato de PAN-PRD? - Los pol\u00edticos Veracruz<\/title>\n<meta name=\"robots\" content=\"index, follow, max-snippet:-1, max-image-preview:large, max-video-preview:-1\" \/>\n<link rel=\"canonical\" href=\"https:\/\/lospoliticosveracruz.com\/?p=18475\" \/>\n<meta property=\"og:locale\" content=\"es_ES\" \/>\n<meta property=\"og:type\" content=\"article\" \/>\n<meta property=\"og:title\" content=\"Miyuli, \u00bfcandidato de PAN-PRD? - Los pol\u00edticos Veracruz\" \/>\n<meta property=\"og:description\" content=\"Jos\u00e9 Ortiz Medina En Corto&#8230; sin Cortes El pasado jueves 15 de este mes, trascendi\u00f3 que se habr\u00eda suscitado una reuni\u00f3n muy peculiar. Cuentan que en la Ciudad de M\u00e9xico, el diputado federal panista, Miguel \u00c1ngel Yunes Linares, se habr\u00eda reunido con prominentes dirigentes del PRD nacional. En dicho c\u00f3nclave del partido del sol azteca, [&hellip;]\" \/>\n<meta property=\"og:url\" content=\"https:\/\/lospoliticosveracruz.com\/?p=18475\" \/>\n<meta property=\"og:site_name\" content=\"Los pol\u00edticos Veracruz\" \/>\n<meta property=\"article:publisher\" content=\"https:\/\/www.facebook.com\/people\/Notimemes-de-los-Polticos\/61565672886568\/\" \/>\n<meta property=\"article:published_time\" content=\"2015-10-20T13:28:03+00:00\" \/>\n<meta property=\"og:image\" content=\"http:\/\/www.lospoliticosveracruz.com.mx\/wp-content\/uploads\/2015\/10\/Yunes-Linares-Rogelio-Franco-300x216.jpg\" \/>\n<meta name=\"author\" content=\"Lo viste en Los Pol\u00edticos\" \/>\n<meta name=\"twitter:card\" content=\"summary_large_image\" \/>\n<meta name=\"twitter:creator\" content=\"@LosPoliticosVer\" \/>\n<meta name=\"twitter:site\" content=\"@LosPoliticosVer\" \/>\n<meta name=\"twitter:label1\" content=\"Escrito por\" \/>\n\t<meta name=\"twitter:data1\" content=\"Lo viste en Los Pol\u00edticos\" \/>\n\t<meta name=\"twitter:label2\" content=\"Tiempo de lectura\" \/>\n\t<meta name=\"twitter:data2\" content=\"5 minutos\" \/>\n<script type=\"application\/ld+json\" class=\"yoast-schema-graph\">{\"@context\":\"https:\\\/\\\/schema.org\",\"@graph\":[{\"@type\":\"Article\",\"@id\":\"https:\\\/\\\/lospoliticosveracruz.com\\\/?p=18475#article\",\"isPartOf\":{\"@id\":\"https:\\\/\\\/lospoliticosveracruz.com\\\/?p=18475\"},\"author\":{\"name\":\"Lo viste en Los Pol\u00edticos\",\"@id\":\"https:\\\/\\\/lospoliticosveracruz.com\\\/#\\\/schema\\\/person\\\/b8702bb0e538456e6efd07080bf2a4a2\"},\"headline\":\"Miyuli, \u00bfcandidato de PAN-PRD?\",\"datePublished\":\"2015-10-20T13:28:03+00:00\",\"mainEntityOfPage\":{\"@id\":\"https:\\\/\\\/lospoliticosveracruz.com\\\/?p=18475\"},\"wordCount\":1054,\"commentCount\":0,\"publisher\":{\"@id\":\"https:\\\/\\\/lospoliticosveracruz.com\\\/#organization\"},\"image\":{\"@id\":\"https:\\\/\\\/lospoliticosveracruz.com\\\/?p=18475#primaryimage\"},\"thumbnailUrl\":\"http:\\\/\\\/www.lospoliticosveracruz.com.mx\\\/wp-content\\\/uploads\\\/2015\\\/10\\\/Yunes-Linares-Rogelio-Franco-300x216.jpg\",\"keywords\":[\"Carlos Navarrete Ruiz\",\"Miguel Angel Yunes Linares\",\"Rogelio Franco Cast\u00e1n\"],\"articleSection\":[\"De Opini\u00f3n\"],\"inLanguage\":\"es\",\"potentialAction\":[{\"@type\":\"CommentAction\",\"name\":\"Comment\",\"target\":[\"https:\\\/\\\/lospoliticosveracruz.com\\\/?p=18475#respond\"]}]},{\"@type\":\"WebPage\",\"@id\":\"https:\\\/\\\/lospoliticosveracruz.com\\\/?p=18475\",\"url\":\"https:\\\/\\\/lospoliticosveracruz.com\\\/?p=18475\",\"name\":\"Miyuli, \u00bfcandidato de PAN-PRD? - Los pol\u00edticos Veracruz\",\"isPartOf\":{\"@id\":\"https:\\\/\\\/lospoliticosveracruz.com\\\/#website\"},\"primaryImageOfPage\":{\"@id\":\"https:\\\/\\\/lospoliticosveracruz.com\\\/?p=18475#primaryimage\"},\"image\":{\"@id\":\"https:\\\/\\\/lospoliticosveracruz.com\\\/?p=18475#primaryimage\"},\"thumbnailUrl\":\"http:\\\/\\\/www.lospoliticosveracruz.com.mx\\\/wp-content\\\/uploads\\\/2015\\\/10\\\/Yunes-Linares-Rogelio-Franco-300x216.jpg\",\"datePublished\":\"2015-10-20T13:28:03+00:00\",\"breadcrumb\":{\"@id\":\"https:\\\/\\\/lospoliticosveracruz.com\\\/?p=18475#breadcrumb\"},\"inLanguage\":\"es\",\"potentialAction\":[{\"@type\":\"ReadAction\",\"target\":[\"https:\\\/\\\/lospoliticosveracruz.com\\\/?p=18475\"]}]},{\"@type\":\"ImageObject\",\"inLanguage\":\"es\",\"@id\":\"https:\\\/\\\/lospoliticosveracruz.com\\\/?p=18475#primaryimage\",\"url\":\"http:\\\/\\\/www.lospoliticosveracruz.com.mx\\\/wp-content\\\/uploads\\\/2015\\\/10\\\/Yunes-Linares-Rogelio-Franco-300x216.jpg\",\"contentUrl\":\"http:\\\/\\\/www.lospoliticosveracruz.com.mx\\\/wp-content\\\/uploads\\\/2015\\\/10\\\/Yunes-Linares-Rogelio-Franco-300x216.jpg\"},{\"@type\":\"BreadcrumbList\",\"@id\":\"https:\\\/\\\/lospoliticosveracruz.com\\\/?p=18475#breadcrumb\",\"itemListElement\":[{\"@type\":\"ListItem\",\"position\":1,\"name\":\"Portada\",\"item\":\"https:\\\/\\\/lospoliticosveracruz.com\\\/\"},{\"@type\":\"ListItem\",\"position\":2,\"name\":\"Miyuli, \u00bfcandidato de PAN-PRD?\"}]},{\"@type\":\"WebSite\",\"@id\":\"https:\\\/\\\/lospoliticosveracruz.com\\\/#website\",\"url\":\"https:\\\/\\\/lospoliticosveracruz.com\\\/\",\"name\":\"Los pol\u00edticos Veracruz\",\"description\":\"\",\"publisher\":{\"@id\":\"https:\\\/\\\/lospoliticosveracruz.com\\\/#organization\"},\"potentialAction\":[{\"@type\":\"SearchAction\",\"target\":{\"@type\":\"EntryPoint\",\"urlTemplate\":\"https:\\\/\\\/lospoliticosveracruz.com\\\/?s={search_term_string}\"},\"query-input\":{\"@type\":\"PropertyValueSpecification\",\"valueRequired\":true,\"valueName\":\"search_term_string\"}}],\"inLanguage\":\"es\"},{\"@type\":\"Organization\",\"@id\":\"https:\\\/\\\/lospoliticosveracruz.com\\\/#organization\",\"name\":\"Los pol\u00edticos Veracruz\",\"url\":\"https:\\\/\\\/lospoliticosveracruz.com\\\/\",\"logo\":{\"@type\":\"ImageObject\",\"inLanguage\":\"es\",\"@id\":\"https:\\\/\\\/lospoliticosveracruz.com\\\/#\\\/schema\\\/logo\\\/image\\\/\",\"url\":\"https:\\\/\\\/lospoliticosveracruz.com\\\/wp-content\\\/uploads\\\/2025\\\/12\\\/Logo-Nuevo-LOS-POLITICOS-1.jpg\",\"contentUrl\":\"https:\\\/\\\/lospoliticosveracruz.com\\\/wp-content\\\/uploads\\\/2025\\\/12\\\/Logo-Nuevo-LOS-POLITICOS-1.jpg\",\"width\":260,\"height\":70,\"caption\":\"Los pol\u00edticos Veracruz\"},\"image\":{\"@id\":\"https:\\\/\\\/lospoliticosveracruz.com\\\/#\\\/schema\\\/logo\\\/image\\\/\"},\"sameAs\":[\"https:\\\/\\\/www.facebook.com\\\/people\\\/Notimemes-de-los-Polticos\\\/61565672886568\\\/\",\"https:\\\/\\\/x.com\\\/LosPoliticosVer\"]},{\"@type\":\"Person\",\"@id\":\"https:\\\/\\\/lospoliticosveracruz.com\\\/#\\\/schema\\\/person\\\/b8702bb0e538456e6efd07080bf2a4a2\",\"name\":\"Lo viste en Los Pol\u00edticos\",\"image\":{\"@type\":\"ImageObject\",\"inLanguage\":\"es\",\"@id\":\"https:\\\/\\\/secure.gravatar.com\\\/avatar\\\/3a8de04a2656d44082be478bd6c086daa447c4651605818287b9532d3d0bd435?s=96&d=mm&r=g\",\"url\":\"https:\\\/\\\/secure.gravatar.com\\\/avatar\\\/3a8de04a2656d44082be478bd6c086daa447c4651605818287b9532d3d0bd435?s=96&d=mm&r=g\",\"contentUrl\":\"https:\\\/\\\/secure.gravatar.com\\\/avatar\\\/3a8de04a2656d44082be478bd6c086daa447c4651605818287b9532d3d0bd435?s=96&d=mm&r=g\",\"caption\":\"Lo viste en Los Pol\u00edticos\"},\"url\":\"https:\\\/\\\/lospoliticosveracruz.com\\\/?author=2\"}]}<\/script>\n<!-- \/ Yoast SEO plugin. -->","yoast_head_json":{"title":"Miyuli, \u00bfcandidato de PAN-PRD? - Los pol\u00edticos Veracruz","robots":{"index":"index","follow":"follow","max-snippet":"max-snippet:-1","max-image-preview":"max-image-preview:large","max-video-preview":"max-video-preview:-1"},"canonical":"https:\/\/lospoliticosveracruz.com\/?p=18475","og_locale":"es_ES","og_type":"article","og_title":"Miyuli, \u00bfcandidato de PAN-PRD? - Los pol\u00edticos Veracruz","og_description":"Jos\u00e9 Ortiz Medina En Corto&#8230; sin Cortes El pasado jueves 15 de este mes, trascendi\u00f3 que se habr\u00eda suscitado una reuni\u00f3n muy peculiar. Cuentan que en la Ciudad de M\u00e9xico, el diputado federal panista, Miguel \u00c1ngel Yunes Linares, se habr\u00eda reunido con prominentes dirigentes del PRD nacional. En dicho c\u00f3nclave del partido del sol azteca, [&hellip;]","og_url":"https:\/\/lospoliticosveracruz.com\/?p=18475","og_site_name":"Los pol\u00edticos Veracruz","article_publisher":"https:\/\/www.facebook.com\/people\/Notimemes-de-los-Polticos\/61565672886568\/","article_published_time":"2015-10-20T13:28:03+00:00","og_image":[{"url":"http:\/\/www.lospoliticosveracruz.com.mx\/wp-content\/uploads\/2015\/10\/Yunes-Linares-Rogelio-Franco-300x216.jpg","type":"","width":"","height":""}],"author":"Lo viste en Los Pol\u00edticos","twitter_card":"summary_large_image","twitter_creator":"@LosPoliticosVer","twitter_site":"@LosPoliticosVer","twitter_misc":{"Escrito por":"Lo viste en Los Pol\u00edticos","Tiempo de lectura":"5 minutos"},"schema":{"@context":"https:\/\/schema.org","@graph":[{"@type":"Article","@id":"https:\/\/lospoliticosveracruz.com\/?p=18475#article","isPartOf":{"@id":"https:\/\/lospoliticosveracruz.com\/?p=18475"},"author":{"name":"Lo viste en Los Pol\u00edticos","@id":"https:\/\/lospoliticosveracruz.com\/#\/schema\/person\/b8702bb0e538456e6efd07080bf2a4a2"},"headline":"Miyuli, \u00bfcandidato de PAN-PRD?","datePublished":"2015-10-20T13:28:03+00:00","mainEntityOfPage":{"@id":"https:\/\/lospoliticosveracruz.com\/?p=18475"},"wordCount":1054,"commentCount":0,"publisher":{"@id":"https:\/\/lospoliticosveracruz.com\/#organization"},"image":{"@id":"https:\/\/lospoliticosveracruz.com\/?p=18475#primaryimage"},"thumbnailUrl":"http:\/\/www.lospoliticosveracruz.com.mx\/wp-content\/uploads\/2015\/10\/Yunes-Linares-Rogelio-Franco-300x216.jpg","keywords":["Carlos Navarrete Ruiz","Miguel Angel Yunes Linares","Rogelio Franco Cast\u00e1n"],"articleSection":["De Opini\u00f3n"],"inLanguage":"es","potentialAction":[{"@type":"CommentAction","name":"Comment","target":["https:\/\/lospoliticosveracruz.com\/?p=18475#respond"]}]},{"@type":"WebPage","@id":"https:\/\/lospoliticosveracruz.com\/?p=18475","url":"https:\/\/lospoliticosveracruz.com\/?p=18475","name":"Miyuli, \u00bfcandidato de PAN-PRD? - Los pol\u00edticos Veracruz","isPartOf":{"@id":"https:\/\/lospoliticosveracruz.com\/#website"},"primaryImageOfPage":{"@id":"https:\/\/lospoliticosveracruz.com\/?p=18475#primaryimage"},"image":{"@id":"https:\/\/lospoliticosveracruz.com\/?p=18475#primaryimage"},"thumbnailUrl":"http:\/\/www.lospoliticosveracruz.com.mx\/wp-content\/uploads\/2015\/10\/Yunes-Linares-Rogelio-Franco-300x216.jpg","datePublished":"2015-10-20T13:28:03+00:00","breadcrumb":{"@id":"https:\/\/lospoliticosveracruz.com\/?p=18475#breadcrumb"},"inLanguage":"es","potentialAction":[{"@type":"ReadAction","target":["https:\/\/lospoliticosveracruz.com\/?p=18475"]}]},{"@type":"ImageObject","inLanguage":"es","@id":"https:\/\/lospoliticosveracruz.com\/?p=18475#primaryimage","url":"http:\/\/www.lospoliticosveracruz.com.mx\/wp-content\/uploads\/2015\/10\/Yunes-Linares-Rogelio-Franco-300x216.jpg","contentUrl":"http:\/\/www.lospoliticosveracruz.com.mx\/wp-content\/uploads\/2015\/10\/Yunes-Linares-Rogelio-Franco-300x216.jpg"},{"@type":"BreadcrumbList","@id":"https:\/\/lospoliticosveracruz.com\/?p=18475#breadcrumb","itemListElement":[{"@type":"ListItem","position":1,"name":"Portada","item":"https:\/\/lospoliticosveracruz.com\/"},{"@type":"ListItem","position":2,"name":"Miyuli, \u00bfcandidato de PAN-PRD?"}]},{"@type":"WebSite","@id":"https:\/\/lospoliticosveracruz.com\/#website","url":"https:\/\/lospoliticosveracruz.com\/","name":"Los pol\u00edticos Veracruz","description":"","publisher":{"@id":"https:\/\/lospoliticosveracruz.com\/#organization"},"potentialAction":[{"@type":"SearchAction","target":{"@type":"EntryPoint","urlTemplate":"https:\/\/lospoliticosveracruz.com\/?s={search_term_string}"},"query-input":{"@type":"PropertyValueSpecification","valueRequired":true,"valueName":"search_term_string"}}],"inLanguage":"es"},{"@type":"Organization","@id":"https:\/\/lospoliticosveracruz.com\/#organization","name":"Los pol\u00edticos Veracruz","url":"https:\/\/lospoliticosveracruz.com\/","logo":{"@type":"ImageObject","inLanguage":"es","@id":"https:\/\/lospoliticosveracruz.com\/#\/schema\/logo\/image\/","url":"https:\/\/lospoliticosveracruz.com\/wp-content\/uploads\/2025\/12\/Logo-Nuevo-LOS-POLITICOS-1.jpg","contentUrl":"https:\/\/lospoliticosveracruz.com\/wp-content\/uploads\/2025\/12\/Logo-Nuevo-LOS-POLITICOS-1.jpg","width":260,"height":70,"caption":"Los pol\u00edticos Veracruz"},"image":{"@id":"https:\/\/lospoliticosveracruz.com\/#\/schema\/logo\/image\/"},"sameAs":["https:\/\/www.facebook.com\/people\/Notimemes-de-los-Polticos\/61565672886568\/","https:\/\/x.com\/LosPoliticosVer"]},{"@type":"Person","@id":"https:\/\/lospoliticosveracruz.com\/#\/schema\/person\/b8702bb0e538456e6efd07080bf2a4a2","name":"Lo viste en Los Pol\u00edticos","image":{"@type":"ImageObject","inLanguage":"es","@id":"https:\/\/secure.gravatar.com\/avatar\/3a8de04a2656d44082be478bd6c086daa447c4651605818287b9532d3d0bd435?s=96&d=mm&r=g","url":"https:\/\/secure.gravatar.com\/avatar\/3a8de04a2656d44082be478bd6c086daa447c4651605818287b9532d3d0bd435?s=96&d=mm&r=g","contentUrl":"https:\/\/secure.gravatar.com\/avatar\/3a8de04a2656d44082be478bd6c086daa447c4651605818287b9532d3d0bd435?s=96&d=mm&r=g","caption":"Lo viste en Los Pol\u00edticos"},"url":"https:\/\/lospoliticosveracruz.com\/?author=2"}]}},"_links":{"self":[{"href":"https:\/\/lospoliticosveracruz.com\/index.php?rest_route=\/wp\/v2\/posts\/18475","targetHints":{"allow":["GET"]}}],"collection":[{"href":"https:\/\/lospoliticosveracruz.com\/index.php?rest_route=\/wp\/v2\/posts"}],"about":[{"href":"https:\/\/lospoliticosveracruz.com\/index.php?rest_route=\/wp\/v2\/types\/post"}],"author":[{"embeddable":true,"href":"https:\/\/lospoliticosveracruz.com\/index.php?rest_route=\/wp\/v2\/users\/2"}],"replies":[{"embeddable":true,"href":"https:\/\/lospoliticosveracruz.com\/index.php?rest_route=%2Fwp%2Fv2%2Fcomments&post=18475"}],"version-history":[{"count":1,"href":"https:\/\/lospoliticosveracruz.com\/index.php?rest_route=\/wp\/v2\/posts\/18475\/revisions"}],"predecessor-version":[{"id":18477,"href":"https:\/\/lospoliticosveracruz.com\/index.php?rest_route=\/wp\/v2\/posts\/18475\/revisions\/18477"}],"wp:attachment":[{"href":"https:\/\/lospoliticosveracruz.com\/index.php?rest_route=%2Fwp%2Fv2%2Fmedia&parent=18475"}],"wp:term":[{"taxonomy":"category","embeddable":true,"href":"https:\/\/lospoliticosveracruz.com\/index.php?rest_route=%2Fwp%2Fv2%2Fcategories&post=18475"},{"taxonomy":"post_tag","embeddable":true,"href":"https:\/\/lospoliticosveracruz.com\/index.php?rest_route=%2Fwp%2Fv2%2Ftags&post=18475"}],"curies":[{"name":"wp","href":"https:\/\/api.w.org\/{rel}","templated":true}]}}