{"id":18484,"date":"2015-10-20T20:54:09","date_gmt":"2015-10-21T01:54:09","guid":{"rendered":"http:\/\/www.lospoliticosveracruz.com.mx\/?p=18484"},"modified":"2015-10-20T20:54:09","modified_gmt":"2015-10-21T01:54:09","slug":"en-el-pri-la-traicion-si-paga-y-con-creces","status":"publish","type":"post","link":"https:\/\/lospoliticosveracruz.com\/?p=18484","title":{"rendered":"En el PRI, la traici\u00f3n s\u00ed paga y con creces\u2026"},"content":{"rendered":"<p><a href=\"http:\/\/www.lospoliticosveracruz.com.mx\/wp-content\/uploads\/2015\/10\/Regina-V\u00e1zquez-Saut.jpg\"><img loading=\"lazy\" decoding=\"async\" class=\"alignnone size-medium wp-image-18485\" src=\"http:\/\/www.lospoliticosveracruz.com.mx\/wp-content\/uploads\/2015\/10\/Regina-V\u00e1zquez-Saut-300x201.jpg\" alt=\"Regina V\u00e1zquez Saut\" width=\"300\" height=\"201\" \/><\/a><br \/>\n<strong>Miriam Gracia Maga\u00f1a<\/strong><\/p>\n<p><em>Pasillos y Antesalas<\/em><\/p>\n<p>Resulta realmente incomprensible, que destacados militantes del PRI l\u00e9ase Senadores, diputados o dinosaurios que no representan nada pero que tienen toda clase de canonj\u00edas, hayan cuestionado la designaci\u00f3n de Alberto Silva Ramos que toda su vida ha sido militante del tricolor, pero nadie absolutamente nadie ha dicho nada de Regina V\u00e1zquez Saut, quien llega como secretaria general del Revolucionario Institucional. La verdad no comprendo c\u00f3mo se han rasgado las vestiduras por lo que llaman una imposici\u00f3n en la persona del diputado federal por Tuxpan, pero nadie ha mostrado su molestia ante el arribo de una oportunista, de la cual su \u00fanico m\u00e9rito es ser hija de Cirilo V\u00e1squez y haber militado en el Partido de Acci\u00f3n Nacional, entonces en el PRI la traici\u00f3n si paga.<\/p>\n<p>Lo mismo ocurre con el actual Contralor General del estado, Ricardo Garc\u00eda Guzm\u00e1n quien es conocido por todos por ser traidor y desleal, v\u00e9anlo ahora, ya preparando todo para que su hijo Rodrigo Garc\u00eda Escalante mejor conocido como uno de los integrantes de los \u201cPorkis\u201d, quienes dieron muerto al joven Palomeque hace varios a\u00f1os atr\u00e1s, sea el candidato a diputado local por P\u00e1nuco, como si ese distrito no estuviera harto ya de ellos. Vaya hasta Manuel de Le\u00f3n Maza ya se reuni\u00f3 con \u00e9l, en un restaurante de comida con nombre del equipo de f\u00fatbol soccer que m\u00e1s copas del mundo ha ganado. Los comensales que se encontraban ah\u00ed no daban cr\u00e9dito a ver juntos a Garc\u00eda Guzm\u00e1n y De Le\u00f3n Maza, enemigos de anta\u00f1o, con ellos se estaban los delegados de este partido en la zona norte y que el ex titular del \u00c1rea Administrativa de la Secretaria de Gobierno puso a la disposici\u00f3n del Contralor General. Ricardo estuvo en el PRI, despu\u00e9s en el PAN y ahora es un militante \u201cdistinguido\u201d del tricolor. Y que me dicen de Jos\u00e9 Rat\u00f3n perd\u00f3n Ram\u00f3n Guti\u00e9rrez de Velasco, todav\u00eda se recuerda cuando el actual Gobernador de Veracruz, Javier Duarte de Ochoa era candidato y Jos\u00e9 Ram\u00f3n junto a Miguel \u00c1ngel Yunes orquestaron una campa\u00f1a de descalificaci\u00f3n del mandatario estatal en donde no tan s\u00f3lo lo ofend\u00edan como funcionario p\u00fablico sino c\u00f3mo persona y v\u00e9anlo ahora flamante legislador local. Esto es una bofetada a la militancia partidista que toda la vida ha sido leal y disciplinada y que sigue esperando oportunidades m\u00e1s que merecidas y ganadas para una candidatura de elecci\u00f3n popular. As\u00ed que ya lo saben, si quieren ser candidatos a presidentes municipales, diputados o senadores renuncien al PRI, militen unos a\u00f1os en el PAN y ser\u00e1n recibidos con bombos y platillos en el edificio de Ruiz Cortines, al menos la Secretaria General de ese partido tendr\u00e1n asegurada.<\/p>\n<p>Correo electr\u00f3nico: labrujatuxtleca@gmail.com<br \/>\nTwitter: @miriamgrissel<br \/>\nFacebook: miriam.graciamagana.3<\/p>\n","protected":false},"excerpt":{"rendered":"<p>Miriam Gracia Maga\u00f1a Pasillos y Antesalas Resulta realmente incomprensible, que destacados militantes del PRI l\u00e9ase Senadores, diputados o dinosaurios que no representan nada pero que tienen toda clase de canonj\u00edas, hayan cuestionado la designaci\u00f3n de Alberto Silva Ramos que toda su vida ha sido militante del tricolor, pero nadie absolutamente nadie ha dicho nada de [&hellip;]<\/p>\n","protected":false},"author":2,"featured_media":0,"comment_status":"open","ping_status":"open","sticky":false,"template":"","format":"standard","meta":{"tdm_status":"","tdm_grid_status":"","footnotes":""},"categories":[70],"tags":[345,1510,251,3686,1272,3722,195],"class_list":{"0":"post-18484","1":"post","2":"type-post","3":"status-publish","4":"format-standard","6":"category-de-opinion","7":"tag-manuel-de-leon-maza","8":"tag-miguel-angel-yunes","9":"tag-pri","10":"tag-regina-vazquez-saut","11":"tag-ricardo-garcia-guzman","12":"tag-rodrigo-garcia-escalante","13":"tag-veracruz"},"yoast_head":"<!-- This site is optimized with the Yoast SEO plugin v27.4 - https:\/\/yoast.com\/product\/yoast-seo-wordpress\/ -->\n<title>En el PRI, la traici\u00f3n s\u00ed paga y con creces\u2026 - Los pol\u00edticos Veracruz<\/title>\n<meta name=\"robots\" content=\"index, follow, max-snippet:-1, max-image-preview:large, max-video-preview:-1\" \/>\n<link rel=\"canonical\" href=\"https:\/\/lospoliticosveracruz.com\/?p=18484\" \/>\n<meta property=\"og:locale\" content=\"es_ES\" \/>\n<meta property=\"og:type\" content=\"article\" \/>\n<meta property=\"og:title\" content=\"En el PRI, la traici\u00f3n s\u00ed paga y con creces\u2026 - Los pol\u00edticos Veracruz\" \/>\n<meta property=\"og:description\" content=\"Miriam Gracia Maga\u00f1a Pasillos y Antesalas Resulta realmente incomprensible, que destacados militantes del PRI l\u00e9ase Senadores, diputados o dinosaurios que no representan nada pero que tienen toda clase de canonj\u00edas, hayan cuestionado la designaci\u00f3n de Alberto Silva Ramos que toda su vida ha sido militante del tricolor, pero nadie absolutamente nadie ha dicho nada de [&hellip;]\" \/>\n<meta property=\"og:url\" content=\"https:\/\/lospoliticosveracruz.com\/?p=18484\" \/>\n<meta property=\"og:site_name\" content=\"Los pol\u00edticos Veracruz\" \/>\n<meta property=\"article:publisher\" content=\"https:\/\/www.facebook.com\/people\/Notimemes-de-los-Polticos\/61565672886568\/\" \/>\n<meta property=\"article:published_time\" content=\"2015-10-21T01:54:09+00:00\" \/>\n<meta property=\"og:image\" content=\"https:\/\/lospoliticosveracruz.com\/wp-content\/uploads\/2016\/07\/Logo-Dor.jpg\" \/>\n\t<meta property=\"og:image:width\" content=\"200\" \/>\n\t<meta property=\"og:image:height\" content=\"200\" \/>\n\t<meta property=\"og:image:type\" content=\"image\/jpeg\" \/>\n<meta name=\"author\" content=\"Lo viste en Los Pol\u00edticos\" \/>\n<meta name=\"twitter:card\" content=\"summary_large_image\" \/>\n<meta name=\"twitter:creator\" content=\"@LosPoliticosVer\" \/>\n<meta name=\"twitter:site\" content=\"@LosPoliticosVer\" \/>\n<meta name=\"twitter:label1\" content=\"Escrito por\" \/>\n\t<meta name=\"twitter:data1\" content=\"Lo viste en Los Pol\u00edticos\" \/>\n\t<meta name=\"twitter:label2\" content=\"Tiempo de lectura\" \/>\n\t<meta name=\"twitter:data2\" content=\"3 minutos\" \/>\n<script type=\"application\/ld+json\" class=\"yoast-schema-graph\">{\"@context\":\"https:\\\/\\\/schema.org\",\"@graph\":[{\"@type\":\"Article\",\"@id\":\"https:\\\/\\\/lospoliticosveracruz.com\\\/?p=18484#article\",\"isPartOf\":{\"@id\":\"https:\\\/\\\/lospoliticosveracruz.com\\\/?p=18484\"},\"author\":{\"name\":\"Lo viste en Los Pol\u00edticos\",\"@id\":\"https:\\\/\\\/lospoliticosveracruz.com\\\/#\\\/schema\\\/person\\\/b8702bb0e538456e6efd07080bf2a4a2\"},\"headline\":\"En el PRI, la traici\u00f3n s\u00ed paga y con creces\u2026\",\"datePublished\":\"2015-10-21T01:54:09+00:00\",\"mainEntityOfPage\":{\"@id\":\"https:\\\/\\\/lospoliticosveracruz.com\\\/?p=18484\"},\"wordCount\":516,\"commentCount\":0,\"publisher\":{\"@id\":\"https:\\\/\\\/lospoliticosveracruz.com\\\/#organization\"},\"keywords\":[\"Manuel de Le\u00f3n Maza\",\"Miguel \u00c1ngel Yunes\",\"PRI\",\"Regina V\u00e1zquez Saut\",\"Ricardo Garc\u00eda Guzm\u00e1n\",\"Rodrigo Garc\u00eda Escalante\",\"Veracruz\"],\"articleSection\":[\"De Opini\u00f3n\"],\"inLanguage\":\"es\",\"potentialAction\":[{\"@type\":\"CommentAction\",\"name\":\"Comment\",\"target\":[\"https:\\\/\\\/lospoliticosveracruz.com\\\/?p=18484#respond\"]}]},{\"@type\":\"WebPage\",\"@id\":\"https:\\\/\\\/lospoliticosveracruz.com\\\/?p=18484\",\"url\":\"https:\\\/\\\/lospoliticosveracruz.com\\\/?p=18484\",\"name\":\"En el PRI, la traici\u00f3n s\u00ed paga y con creces\u2026 - Los pol\u00edticos Veracruz\",\"isPartOf\":{\"@id\":\"https:\\\/\\\/lospoliticosveracruz.com\\\/#website\"},\"datePublished\":\"2015-10-21T01:54:09+00:00\",\"breadcrumb\":{\"@id\":\"https:\\\/\\\/lospoliticosveracruz.com\\\/?p=18484#breadcrumb\"},\"inLanguage\":\"es\",\"potentialAction\":[{\"@type\":\"ReadAction\",\"target\":[\"https:\\\/\\\/lospoliticosveracruz.com\\\/?p=18484\"]}]},{\"@type\":\"BreadcrumbList\",\"@id\":\"https:\\\/\\\/lospoliticosveracruz.com\\\/?p=18484#breadcrumb\",\"itemListElement\":[{\"@type\":\"ListItem\",\"position\":1,\"name\":\"Portada\",\"item\":\"https:\\\/\\\/lospoliticosveracruz.com\\\/\"},{\"@type\":\"ListItem\",\"position\":2,\"name\":\"En el PRI, la traici\u00f3n s\u00ed paga y con creces\u2026\"}]},{\"@type\":\"WebSite\",\"@id\":\"https:\\\/\\\/lospoliticosveracruz.com\\\/#website\",\"url\":\"https:\\\/\\\/lospoliticosveracruz.com\\\/\",\"name\":\"Los pol\u00edticos Veracruz\",\"description\":\"\",\"publisher\":{\"@id\":\"https:\\\/\\\/lospoliticosveracruz.com\\\/#organization\"},\"potentialAction\":[{\"@type\":\"SearchAction\",\"target\":{\"@type\":\"EntryPoint\",\"urlTemplate\":\"https:\\\/\\\/lospoliticosveracruz.com\\\/?s={search_term_string}\"},\"query-input\":{\"@type\":\"PropertyValueSpecification\",\"valueRequired\":true,\"valueName\":\"search_term_string\"}}],\"inLanguage\":\"es\"},{\"@type\":\"Organization\",\"@id\":\"https:\\\/\\\/lospoliticosveracruz.com\\\/#organization\",\"name\":\"Los pol\u00edticos Veracruz\",\"url\":\"https:\\\/\\\/lospoliticosveracruz.com\\\/\",\"logo\":{\"@type\":\"ImageObject\",\"inLanguage\":\"es\",\"@id\":\"https:\\\/\\\/lospoliticosveracruz.com\\\/#\\\/schema\\\/logo\\\/image\\\/\",\"url\":\"https:\\\/\\\/lospoliticosveracruz.com\\\/wp-content\\\/uploads\\\/2025\\\/12\\\/Logo-Nuevo-LOS-POLITICOS-1.jpg\",\"contentUrl\":\"https:\\\/\\\/lospoliticosveracruz.com\\\/wp-content\\\/uploads\\\/2025\\\/12\\\/Logo-Nuevo-LOS-POLITICOS-1.jpg\",\"width\":260,\"height\":70,\"caption\":\"Los pol\u00edticos Veracruz\"},\"image\":{\"@id\":\"https:\\\/\\\/lospoliticosveracruz.com\\\/#\\\/schema\\\/logo\\\/image\\\/\"},\"sameAs\":[\"https:\\\/\\\/www.facebook.com\\\/people\\\/Notimemes-de-los-Polticos\\\/61565672886568\\\/\",\"https:\\\/\\\/x.com\\\/LosPoliticosVer\"]},{\"@type\":\"Person\",\"@id\":\"https:\\\/\\\/lospoliticosveracruz.com\\\/#\\\/schema\\\/person\\\/b8702bb0e538456e6efd07080bf2a4a2\",\"name\":\"Lo viste en Los Pol\u00edticos\",\"image\":{\"@type\":\"ImageObject\",\"inLanguage\":\"es\",\"@id\":\"https:\\\/\\\/secure.gravatar.com\\\/avatar\\\/3a8de04a2656d44082be478bd6c086daa447c4651605818287b9532d3d0bd435?s=96&d=mm&r=g\",\"url\":\"https:\\\/\\\/secure.gravatar.com\\\/avatar\\\/3a8de04a2656d44082be478bd6c086daa447c4651605818287b9532d3d0bd435?s=96&d=mm&r=g\",\"contentUrl\":\"https:\\\/\\\/secure.gravatar.com\\\/avatar\\\/3a8de04a2656d44082be478bd6c086daa447c4651605818287b9532d3d0bd435?s=96&d=mm&r=g\",\"caption\":\"Lo viste en Los Pol\u00edticos\"},\"url\":\"https:\\\/\\\/lospoliticosveracruz.com\\\/?author=2\"}]}<\/script>\n<!-- \/ Yoast SEO plugin. -->","yoast_head_json":{"title":"En el PRI, la traici\u00f3n s\u00ed paga y con creces\u2026 - Los pol\u00edticos Veracruz","robots":{"index":"index","follow":"follow","max-snippet":"max-snippet:-1","max-image-preview":"max-image-preview:large","max-video-preview":"max-video-preview:-1"},"canonical":"https:\/\/lospoliticosveracruz.com\/?p=18484","og_locale":"es_ES","og_type":"article","og_title":"En el PRI, la traici\u00f3n s\u00ed paga y con creces\u2026 - Los pol\u00edticos Veracruz","og_description":"Miriam Gracia Maga\u00f1a Pasillos y Antesalas Resulta realmente incomprensible, que destacados militantes del PRI l\u00e9ase Senadores, diputados o dinosaurios que no representan nada pero que tienen toda clase de canonj\u00edas, hayan cuestionado la designaci\u00f3n de Alberto Silva Ramos que toda su vida ha sido militante del tricolor, pero nadie absolutamente nadie ha dicho nada de [&hellip;]","og_url":"https:\/\/lospoliticosveracruz.com\/?p=18484","og_site_name":"Los pol\u00edticos Veracruz","article_publisher":"https:\/\/www.facebook.com\/people\/Notimemes-de-los-Polticos\/61565672886568\/","article_published_time":"2015-10-21T01:54:09+00:00","og_image":[{"width":200,"height":200,"url":"https:\/\/lospoliticosveracruz.com\/wp-content\/uploads\/2016\/07\/Logo-Dor.jpg","type":"image\/jpeg"}],"author":"Lo viste en Los Pol\u00edticos","twitter_card":"summary_large_image","twitter_creator":"@LosPoliticosVer","twitter_site":"@LosPoliticosVer","twitter_misc":{"Escrito por":"Lo viste en Los Pol\u00edticos","Tiempo de lectura":"3 minutos"},"schema":{"@context":"https:\/\/schema.org","@graph":[{"@type":"Article","@id":"https:\/\/lospoliticosveracruz.com\/?p=18484#article","isPartOf":{"@id":"https:\/\/lospoliticosveracruz.com\/?p=18484"},"author":{"name":"Lo viste en Los Pol\u00edticos","@id":"https:\/\/lospoliticosveracruz.com\/#\/schema\/person\/b8702bb0e538456e6efd07080bf2a4a2"},"headline":"En el PRI, la traici\u00f3n s\u00ed paga y con creces\u2026","datePublished":"2015-10-21T01:54:09+00:00","mainEntityOfPage":{"@id":"https:\/\/lospoliticosveracruz.com\/?p=18484"},"wordCount":516,"commentCount":0,"publisher":{"@id":"https:\/\/lospoliticosveracruz.com\/#organization"},"keywords":["Manuel de Le\u00f3n Maza","Miguel \u00c1ngel Yunes","PRI","Regina V\u00e1zquez Saut","Ricardo Garc\u00eda Guzm\u00e1n","Rodrigo Garc\u00eda Escalante","Veracruz"],"articleSection":["De Opini\u00f3n"],"inLanguage":"es","potentialAction":[{"@type":"CommentAction","name":"Comment","target":["https:\/\/lospoliticosveracruz.com\/?p=18484#respond"]}]},{"@type":"WebPage","@id":"https:\/\/lospoliticosveracruz.com\/?p=18484","url":"https:\/\/lospoliticosveracruz.com\/?p=18484","name":"En el PRI, la traici\u00f3n s\u00ed paga y con creces\u2026 - Los pol\u00edticos Veracruz","isPartOf":{"@id":"https:\/\/lospoliticosveracruz.com\/#website"},"datePublished":"2015-10-21T01:54:09+00:00","breadcrumb":{"@id":"https:\/\/lospoliticosveracruz.com\/?p=18484#breadcrumb"},"inLanguage":"es","potentialAction":[{"@type":"ReadAction","target":["https:\/\/lospoliticosveracruz.com\/?p=18484"]}]},{"@type":"BreadcrumbList","@id":"https:\/\/lospoliticosveracruz.com\/?p=18484#breadcrumb","itemListElement":[{"@type":"ListItem","position":1,"name":"Portada","item":"https:\/\/lospoliticosveracruz.com\/"},{"@type":"ListItem","position":2,"name":"En el PRI, la traici\u00f3n s\u00ed paga y con creces\u2026"}]},{"@type":"WebSite","@id":"https:\/\/lospoliticosveracruz.com\/#website","url":"https:\/\/lospoliticosveracruz.com\/","name":"Los pol\u00edticos Veracruz","description":"","publisher":{"@id":"https:\/\/lospoliticosveracruz.com\/#organization"},"potentialAction":[{"@type":"SearchAction","target":{"@type":"EntryPoint","urlTemplate":"https:\/\/lospoliticosveracruz.com\/?s={search_term_string}"},"query-input":{"@type":"PropertyValueSpecification","valueRequired":true,"valueName":"search_term_string"}}],"inLanguage":"es"},{"@type":"Organization","@id":"https:\/\/lospoliticosveracruz.com\/#organization","name":"Los pol\u00edticos Veracruz","url":"https:\/\/lospoliticosveracruz.com\/","logo":{"@type":"ImageObject","inLanguage":"es","@id":"https:\/\/lospoliticosveracruz.com\/#\/schema\/logo\/image\/","url":"https:\/\/lospoliticosveracruz.com\/wp-content\/uploads\/2025\/12\/Logo-Nuevo-LOS-POLITICOS-1.jpg","contentUrl":"https:\/\/lospoliticosveracruz.com\/wp-content\/uploads\/2025\/12\/Logo-Nuevo-LOS-POLITICOS-1.jpg","width":260,"height":70,"caption":"Los pol\u00edticos Veracruz"},"image":{"@id":"https:\/\/lospoliticosveracruz.com\/#\/schema\/logo\/image\/"},"sameAs":["https:\/\/www.facebook.com\/people\/Notimemes-de-los-Polticos\/61565672886568\/","https:\/\/x.com\/LosPoliticosVer"]},{"@type":"Person","@id":"https:\/\/lospoliticosveracruz.com\/#\/schema\/person\/b8702bb0e538456e6efd07080bf2a4a2","name":"Lo viste en Los Pol\u00edticos","image":{"@type":"ImageObject","inLanguage":"es","@id":"https:\/\/secure.gravatar.com\/avatar\/3a8de04a2656d44082be478bd6c086daa447c4651605818287b9532d3d0bd435?s=96&d=mm&r=g","url":"https:\/\/secure.gravatar.com\/avatar\/3a8de04a2656d44082be478bd6c086daa447c4651605818287b9532d3d0bd435?s=96&d=mm&r=g","contentUrl":"https:\/\/secure.gravatar.com\/avatar\/3a8de04a2656d44082be478bd6c086daa447c4651605818287b9532d3d0bd435?s=96&d=mm&r=g","caption":"Lo viste en Los Pol\u00edticos"},"url":"https:\/\/lospoliticosveracruz.com\/?author=2"}]}},"_links":{"self":[{"href":"https:\/\/lospoliticosveracruz.com\/index.php?rest_route=\/wp\/v2\/posts\/18484","targetHints":{"allow":["GET"]}}],"collection":[{"href":"https:\/\/lospoliticosveracruz.com\/index.php?rest_route=\/wp\/v2\/posts"}],"about":[{"href":"https:\/\/lospoliticosveracruz.com\/index.php?rest_route=\/wp\/v2\/types\/post"}],"author":[{"embeddable":true,"href":"https:\/\/lospoliticosveracruz.com\/index.php?rest_route=\/wp\/v2\/users\/2"}],"replies":[{"embeddable":true,"href":"https:\/\/lospoliticosveracruz.com\/index.php?rest_route=%2Fwp%2Fv2%2Fcomments&post=18484"}],"version-history":[{"count":1,"href":"https:\/\/lospoliticosveracruz.com\/index.php?rest_route=\/wp\/v2\/posts\/18484\/revisions"}],"predecessor-version":[{"id":18486,"href":"https:\/\/lospoliticosveracruz.com\/index.php?rest_route=\/wp\/v2\/posts\/18484\/revisions\/18486"}],"wp:attachment":[{"href":"https:\/\/lospoliticosveracruz.com\/index.php?rest_route=%2Fwp%2Fv2%2Fmedia&parent=18484"}],"wp:term":[{"taxonomy":"category","embeddable":true,"href":"https:\/\/lospoliticosveracruz.com\/index.php?rest_route=%2Fwp%2Fv2%2Fcategories&post=18484"},{"taxonomy":"post_tag","embeddable":true,"href":"https:\/\/lospoliticosveracruz.com\/index.php?rest_route=%2Fwp%2Fv2%2Ftags&post=18484"}],"curies":[{"name":"wp","href":"https:\/\/api.w.org\/{rel}","templated":true}]}}