{"id":18558,"date":"2015-10-22T20:25:59","date_gmt":"2015-10-23T01:25:59","guid":{"rendered":"http:\/\/www.lospoliticosveracruz.com.mx\/?p=18558"},"modified":"2015-10-22T20:25:59","modified_gmt":"2015-10-23T01:25:59","slug":"autorretrato","status":"publish","type":"post","link":"https:\/\/lospoliticosveracruz.com\/?p=18558","title":{"rendered":"Autorretrato"},"content":{"rendered":"<p><a href=\"http:\/\/www.lospoliticosveracruz.com.mx\/wp-content\/uploads\/2015\/10\/Armando-Ortiz.jpg\"><img loading=\"lazy\" decoding=\"async\" class=\"alignnone size-medium wp-image-18559\" src=\"http:\/\/www.lospoliticosveracruz.com.mx\/wp-content\/uploads\/2015\/10\/Armando-Ortiz-300x189.jpg\" alt=\"Armando Ortiz\" width=\"300\" height=\"189\" \/><\/a><\/p>\n<p><strong>Armando Ortiz<\/strong><\/p>\n<p><em>El Hijo Pr\u00f3digo<\/em><\/p>\n<p>Este que ven aqu\u00ed, de mente abierta, de ideas muchas, de paciencia poca, hermano de sus amigos y amigo de sus hermanos; que gusta viajar despierto en los autobuses para mirar el paisaje, que gusta de la soledad del mar y del tumulto de la plaza p\u00fablica, que vive de lo que dice y dice de lo que vive; este hombre que naci\u00f3 en la d\u00e9cada de los sesentas, en el a\u00f1o de la matanza, que agradece una buena charla, como se agradece un buen tinto, este hombre gusta de mirar la lluvia y extra\u00f1a mojarse en ella, pero no lo hace porque ha entendido que ya no es lo mismo hacerlo a los quince que pasados los cuarenta.<br \/>\nEste hombre naci\u00f3 bajo el signo de Escorpio y no se explica las coincidencias, pero su car\u00e1cter es tal cual su hor\u00f3scopo dicta: \u201cproclive a la violencia, un tanto incontrolable, transforma su sexualidad en erotismo y ah\u00ed se acomoda, en el juego que lo divierte y le place. Eros y T\u00e1natos lo rigen, pero se olvida del segundo mientras se distrae con el primero. Tiene el don de crear, pero no de creer, por eso desconf\u00eda de las malas personas y sobre todo de los buenos gobernantes.<br \/>\nEste hombre que naci\u00f3 en los d\u00edas en que la luna es m\u00e1s hermosa, en el d\u00e9cimo mes que tiene nombre de octavo, gusta de la palabra en los libros; tiene una devoci\u00f3n por Borges y aunque no ha le\u00eddo m\u00e1s que tres vol\u00famenes de Marguerite Yourcenar la considera de sus favoritas. No sabe declamar pero le gusta escuchar a sus amigos que s\u00ed saben. Este hombre alguna vez quiso ser poeta y enga\u00f1\u00f3 con sus poemas a un jurado universitario que le dio un premio de consolaci\u00f3n de 15 mil pesos. Tiene escondido en su librero El declamador sin maestro, pero cuando cita a un poeta, cita a Paz, a Pessoa o a Pacheco, lo que lo hace ser un poco hip\u00f3crita.<br \/>\nEste hombre se ha le\u00eddo la Biblia tres veces, pero nunca ha ido a misa; no se confiesa porque no cree en la penitencia y porque de todos modos no oculta gran cosa; comete pecados como todas las personas, nada del otro mundo. No tiene vicios y eso es lo que m\u00e1s lamenta, porque como dicen por ah\u00ed, \u201cno se puede confiar en una persona sin vicios\u201d.<br \/>\nEste hombre tiene buen apetito, aunque su est\u00f3mago no est\u00e9 muy de acuerdo. Gusta de los pipianes que prepara su hermana y de los chilatoles y caldos de pescado en casa de su madre. Es compulsivo, obsesivo y para colmo obcecado. Tiene problemas con el rechazo y por eso es f\u00e1cil quit\u00e1rselo de encima. No le gustan las antesalas, ni que las personas lo citen y que luego se disculpen porque no van a llegar. Prefiere la honradez a la cortes\u00eda, prefiere la verdad a la mentira, y no que no mienta, pero es que no sabe mentir, aunque reconoce de inmediato a los mentirosos.<br \/>\nEste hombre que naci\u00f3 un 25 de octubre ha publicado libros, sembrado \u00e1rboles, procreado hijos, pero no se quiere morir todav\u00eda, aunque para algunos ya no tenga nada que aportar. De hecho vive con la zozobra de que va a durar muchos a\u00f1os y por eso se hizo escritor y periodista.<br \/>\nEste hombre conoci\u00f3 tarde el amor, pero lo tom\u00f3 y no piensa dejarlo ir, \u201cno ahora que conozco la dicha y no pretendo devolverla, aunque la haya pedido prestada s\u00f3lo para unos cuantos d\u00edas\u201d.<br \/>\nEste que ven aqu\u00ed, moreno, de rostro grande, de frente amplia, de sonrisa dif\u00edcil, de cabello abundante pero indomable, robusto a pesar de \u00e9l, a pesar de las horas que se pasa corriendo en el gimnasio, no sabe combinar la camisa con la corbata, por eso ha prescindido de \u00e9stas.<br \/>\nEste que ven aqu\u00ed tiene por nombre Armando Ortiz, pero lo que m\u00e1s ha influido en su vida es lo que le viene de su madre, una mujer llamada Victoria Ram\u00edrez.<\/p>\n<p>aortiz52@hotmail.com<\/p>\n","protected":false},"excerpt":{"rendered":"<p>Armando Ortiz El Hijo Pr\u00f3digo Este que ven aqu\u00ed, de mente abierta, de ideas muchas, de paciencia poca, hermano de sus amigos y amigo de sus hermanos; que gusta viajar despierto en los autobuses para mirar el paisaje, que gusta de la soledad del mar y del tumulto de la plaza p\u00fablica, que vive de [&hellip;]<\/p>\n","protected":false},"author":2,"featured_media":0,"comment_status":"open","ping_status":"open","sticky":false,"template":"","format":"standard","meta":{"tdm_status":"","tdm_grid_status":"","footnotes":""},"categories":[75],"tags":[517,3796],"class_list":{"0":"post-18558","1":"post","2":"type-post","3":"status-publish","4":"format-standard","6":"category-cine-libros-y-mas","7":"tag-armando-ortiz","8":"tag-el-declamador-sin-maestro"},"yoast_head":"<!-- This site is optimized with the Yoast SEO plugin v27.4 - https:\/\/yoast.com\/product\/yoast-seo-wordpress\/ -->\n<title>Autorretrato - Los pol\u00edticos Veracruz<\/title>\n<meta name=\"robots\" content=\"index, follow, max-snippet:-1, max-image-preview:large, max-video-preview:-1\" \/>\n<link rel=\"canonical\" href=\"https:\/\/lospoliticosveracruz.com\/?p=18558\" \/>\n<meta property=\"og:locale\" content=\"es_ES\" \/>\n<meta property=\"og:type\" content=\"article\" \/>\n<meta property=\"og:title\" content=\"Autorretrato - Los pol\u00edticos Veracruz\" \/>\n<meta property=\"og:description\" content=\"Armando Ortiz El Hijo Pr\u00f3digo Este que ven aqu\u00ed, de mente abierta, de ideas muchas, de paciencia poca, hermano de sus amigos y amigo de sus hermanos; que gusta viajar despierto en los autobuses para mirar el paisaje, que gusta de la soledad del mar y del tumulto de la plaza p\u00fablica, que vive de [&hellip;]\" \/>\n<meta property=\"og:url\" content=\"https:\/\/lospoliticosveracruz.com\/?p=18558\" \/>\n<meta property=\"og:site_name\" content=\"Los pol\u00edticos Veracruz\" \/>\n<meta property=\"article:publisher\" content=\"https:\/\/www.facebook.com\/people\/Notimemes-de-los-Polticos\/61565672886568\/\" \/>\n<meta property=\"article:published_time\" content=\"2015-10-23T01:25:59+00:00\" \/>\n<meta property=\"og:image\" content=\"http:\/\/www.lospoliticosveracruz.com.mx\/wp-content\/uploads\/2015\/10\/Armando-Ortiz-300x189.jpg\" \/>\n<meta name=\"author\" content=\"Lo viste en Los Pol\u00edticos\" \/>\n<meta name=\"twitter:card\" content=\"summary_large_image\" \/>\n<meta name=\"twitter:creator\" content=\"@LosPoliticosVer\" \/>\n<meta name=\"twitter:site\" content=\"@LosPoliticosVer\" \/>\n<meta name=\"twitter:label1\" content=\"Escrito por\" \/>\n\t<meta name=\"twitter:data1\" content=\"Lo viste en Los Pol\u00edticos\" \/>\n\t<meta name=\"twitter:label2\" content=\"Tiempo de lectura\" \/>\n\t<meta name=\"twitter:data2\" content=\"4 minutos\" \/>\n<script type=\"application\/ld+json\" class=\"yoast-schema-graph\">{\"@context\":\"https:\\\/\\\/schema.org\",\"@graph\":[{\"@type\":\"Article\",\"@id\":\"https:\\\/\\\/lospoliticosveracruz.com\\\/?p=18558#article\",\"isPartOf\":{\"@id\":\"https:\\\/\\\/lospoliticosveracruz.com\\\/?p=18558\"},\"author\":{\"name\":\"Lo viste en Los Pol\u00edticos\",\"@id\":\"https:\\\/\\\/lospoliticosveracruz.com\\\/#\\\/schema\\\/person\\\/b8702bb0e538456e6efd07080bf2a4a2\"},\"headline\":\"Autorretrato\",\"datePublished\":\"2015-10-23T01:25:59+00:00\",\"mainEntityOfPage\":{\"@id\":\"https:\\\/\\\/lospoliticosveracruz.com\\\/?p=18558\"},\"wordCount\":705,\"commentCount\":0,\"publisher\":{\"@id\":\"https:\\\/\\\/lospoliticosveracruz.com\\\/#organization\"},\"image\":{\"@id\":\"https:\\\/\\\/lospoliticosveracruz.com\\\/?p=18558#primaryimage\"},\"thumbnailUrl\":\"http:\\\/\\\/www.lospoliticosveracruz.com.mx\\\/wp-content\\\/uploads\\\/2015\\\/10\\\/Armando-Ortiz-300x189.jpg\",\"keywords\":[\"Armando Ortiz\",\"El declamador sin maestro\"],\"articleSection\":[\"Cine, Libros y m\u00e1s\"],\"inLanguage\":\"es\",\"potentialAction\":[{\"@type\":\"CommentAction\",\"name\":\"Comment\",\"target\":[\"https:\\\/\\\/lospoliticosveracruz.com\\\/?p=18558#respond\"]}]},{\"@type\":\"WebPage\",\"@id\":\"https:\\\/\\\/lospoliticosveracruz.com\\\/?p=18558\",\"url\":\"https:\\\/\\\/lospoliticosveracruz.com\\\/?p=18558\",\"name\":\"Autorretrato - Los pol\u00edticos Veracruz\",\"isPartOf\":{\"@id\":\"https:\\\/\\\/lospoliticosveracruz.com\\\/#website\"},\"primaryImageOfPage\":{\"@id\":\"https:\\\/\\\/lospoliticosveracruz.com\\\/?p=18558#primaryimage\"},\"image\":{\"@id\":\"https:\\\/\\\/lospoliticosveracruz.com\\\/?p=18558#primaryimage\"},\"thumbnailUrl\":\"http:\\\/\\\/www.lospoliticosveracruz.com.mx\\\/wp-content\\\/uploads\\\/2015\\\/10\\\/Armando-Ortiz-300x189.jpg\",\"datePublished\":\"2015-10-23T01:25:59+00:00\",\"breadcrumb\":{\"@id\":\"https:\\\/\\\/lospoliticosveracruz.com\\\/?p=18558#breadcrumb\"},\"inLanguage\":\"es\",\"potentialAction\":[{\"@type\":\"ReadAction\",\"target\":[\"https:\\\/\\\/lospoliticosveracruz.com\\\/?p=18558\"]}]},{\"@type\":\"ImageObject\",\"inLanguage\":\"es\",\"@id\":\"https:\\\/\\\/lospoliticosveracruz.com\\\/?p=18558#primaryimage\",\"url\":\"http:\\\/\\\/www.lospoliticosveracruz.com.mx\\\/wp-content\\\/uploads\\\/2015\\\/10\\\/Armando-Ortiz-300x189.jpg\",\"contentUrl\":\"http:\\\/\\\/www.lospoliticosveracruz.com.mx\\\/wp-content\\\/uploads\\\/2015\\\/10\\\/Armando-Ortiz-300x189.jpg\"},{\"@type\":\"BreadcrumbList\",\"@id\":\"https:\\\/\\\/lospoliticosveracruz.com\\\/?p=18558#breadcrumb\",\"itemListElement\":[{\"@type\":\"ListItem\",\"position\":1,\"name\":\"Portada\",\"item\":\"https:\\\/\\\/lospoliticosveracruz.com\\\/\"},{\"@type\":\"ListItem\",\"position\":2,\"name\":\"Autorretrato\"}]},{\"@type\":\"WebSite\",\"@id\":\"https:\\\/\\\/lospoliticosveracruz.com\\\/#website\",\"url\":\"https:\\\/\\\/lospoliticosveracruz.com\\\/\",\"name\":\"Los pol\u00edticos Veracruz\",\"description\":\"\",\"publisher\":{\"@id\":\"https:\\\/\\\/lospoliticosveracruz.com\\\/#organization\"},\"potentialAction\":[{\"@type\":\"SearchAction\",\"target\":{\"@type\":\"EntryPoint\",\"urlTemplate\":\"https:\\\/\\\/lospoliticosveracruz.com\\\/?s={search_term_string}\"},\"query-input\":{\"@type\":\"PropertyValueSpecification\",\"valueRequired\":true,\"valueName\":\"search_term_string\"}}],\"inLanguage\":\"es\"},{\"@type\":\"Organization\",\"@id\":\"https:\\\/\\\/lospoliticosveracruz.com\\\/#organization\",\"name\":\"Los pol\u00edticos Veracruz\",\"url\":\"https:\\\/\\\/lospoliticosveracruz.com\\\/\",\"logo\":{\"@type\":\"ImageObject\",\"inLanguage\":\"es\",\"@id\":\"https:\\\/\\\/lospoliticosveracruz.com\\\/#\\\/schema\\\/logo\\\/image\\\/\",\"url\":\"https:\\\/\\\/lospoliticosveracruz.com\\\/wp-content\\\/uploads\\\/2025\\\/12\\\/Logo-Nuevo-LOS-POLITICOS-1.jpg\",\"contentUrl\":\"https:\\\/\\\/lospoliticosveracruz.com\\\/wp-content\\\/uploads\\\/2025\\\/12\\\/Logo-Nuevo-LOS-POLITICOS-1.jpg\",\"width\":260,\"height\":70,\"caption\":\"Los pol\u00edticos Veracruz\"},\"image\":{\"@id\":\"https:\\\/\\\/lospoliticosveracruz.com\\\/#\\\/schema\\\/logo\\\/image\\\/\"},\"sameAs\":[\"https:\\\/\\\/www.facebook.com\\\/people\\\/Notimemes-de-los-Polticos\\\/61565672886568\\\/\",\"https:\\\/\\\/x.com\\\/LosPoliticosVer\"]},{\"@type\":\"Person\",\"@id\":\"https:\\\/\\\/lospoliticosveracruz.com\\\/#\\\/schema\\\/person\\\/b8702bb0e538456e6efd07080bf2a4a2\",\"name\":\"Lo viste en Los Pol\u00edticos\",\"image\":{\"@type\":\"ImageObject\",\"inLanguage\":\"es\",\"@id\":\"https:\\\/\\\/secure.gravatar.com\\\/avatar\\\/3a8de04a2656d44082be478bd6c086daa447c4651605818287b9532d3d0bd435?s=96&d=mm&r=g\",\"url\":\"https:\\\/\\\/secure.gravatar.com\\\/avatar\\\/3a8de04a2656d44082be478bd6c086daa447c4651605818287b9532d3d0bd435?s=96&d=mm&r=g\",\"contentUrl\":\"https:\\\/\\\/secure.gravatar.com\\\/avatar\\\/3a8de04a2656d44082be478bd6c086daa447c4651605818287b9532d3d0bd435?s=96&d=mm&r=g\",\"caption\":\"Lo viste en Los Pol\u00edticos\"},\"url\":\"https:\\\/\\\/lospoliticosveracruz.com\\\/?author=2\"}]}<\/script>\n<!-- \/ Yoast SEO plugin. -->","yoast_head_json":{"title":"Autorretrato - Los pol\u00edticos Veracruz","robots":{"index":"index","follow":"follow","max-snippet":"max-snippet:-1","max-image-preview":"max-image-preview:large","max-video-preview":"max-video-preview:-1"},"canonical":"https:\/\/lospoliticosveracruz.com\/?p=18558","og_locale":"es_ES","og_type":"article","og_title":"Autorretrato - Los pol\u00edticos Veracruz","og_description":"Armando Ortiz El Hijo Pr\u00f3digo Este que ven aqu\u00ed, de mente abierta, de ideas muchas, de paciencia poca, hermano de sus amigos y amigo de sus hermanos; que gusta viajar despierto en los autobuses para mirar el paisaje, que gusta de la soledad del mar y del tumulto de la plaza p\u00fablica, que vive de [&hellip;]","og_url":"https:\/\/lospoliticosveracruz.com\/?p=18558","og_site_name":"Los pol\u00edticos Veracruz","article_publisher":"https:\/\/www.facebook.com\/people\/Notimemes-de-los-Polticos\/61565672886568\/","article_published_time":"2015-10-23T01:25:59+00:00","og_image":[{"url":"http:\/\/www.lospoliticosveracruz.com.mx\/wp-content\/uploads\/2015\/10\/Armando-Ortiz-300x189.jpg","type":"","width":"","height":""}],"author":"Lo viste en Los Pol\u00edticos","twitter_card":"summary_large_image","twitter_creator":"@LosPoliticosVer","twitter_site":"@LosPoliticosVer","twitter_misc":{"Escrito por":"Lo viste en Los Pol\u00edticos","Tiempo de lectura":"4 minutos"},"schema":{"@context":"https:\/\/schema.org","@graph":[{"@type":"Article","@id":"https:\/\/lospoliticosveracruz.com\/?p=18558#article","isPartOf":{"@id":"https:\/\/lospoliticosveracruz.com\/?p=18558"},"author":{"name":"Lo viste en Los Pol\u00edticos","@id":"https:\/\/lospoliticosveracruz.com\/#\/schema\/person\/b8702bb0e538456e6efd07080bf2a4a2"},"headline":"Autorretrato","datePublished":"2015-10-23T01:25:59+00:00","mainEntityOfPage":{"@id":"https:\/\/lospoliticosveracruz.com\/?p=18558"},"wordCount":705,"commentCount":0,"publisher":{"@id":"https:\/\/lospoliticosveracruz.com\/#organization"},"image":{"@id":"https:\/\/lospoliticosveracruz.com\/?p=18558#primaryimage"},"thumbnailUrl":"http:\/\/www.lospoliticosveracruz.com.mx\/wp-content\/uploads\/2015\/10\/Armando-Ortiz-300x189.jpg","keywords":["Armando Ortiz","El declamador sin maestro"],"articleSection":["Cine, Libros y m\u00e1s"],"inLanguage":"es","potentialAction":[{"@type":"CommentAction","name":"Comment","target":["https:\/\/lospoliticosveracruz.com\/?p=18558#respond"]}]},{"@type":"WebPage","@id":"https:\/\/lospoliticosveracruz.com\/?p=18558","url":"https:\/\/lospoliticosveracruz.com\/?p=18558","name":"Autorretrato - Los pol\u00edticos Veracruz","isPartOf":{"@id":"https:\/\/lospoliticosveracruz.com\/#website"},"primaryImageOfPage":{"@id":"https:\/\/lospoliticosveracruz.com\/?p=18558#primaryimage"},"image":{"@id":"https:\/\/lospoliticosveracruz.com\/?p=18558#primaryimage"},"thumbnailUrl":"http:\/\/www.lospoliticosveracruz.com.mx\/wp-content\/uploads\/2015\/10\/Armando-Ortiz-300x189.jpg","datePublished":"2015-10-23T01:25:59+00:00","breadcrumb":{"@id":"https:\/\/lospoliticosveracruz.com\/?p=18558#breadcrumb"},"inLanguage":"es","potentialAction":[{"@type":"ReadAction","target":["https:\/\/lospoliticosveracruz.com\/?p=18558"]}]},{"@type":"ImageObject","inLanguage":"es","@id":"https:\/\/lospoliticosveracruz.com\/?p=18558#primaryimage","url":"http:\/\/www.lospoliticosveracruz.com.mx\/wp-content\/uploads\/2015\/10\/Armando-Ortiz-300x189.jpg","contentUrl":"http:\/\/www.lospoliticosveracruz.com.mx\/wp-content\/uploads\/2015\/10\/Armando-Ortiz-300x189.jpg"},{"@type":"BreadcrumbList","@id":"https:\/\/lospoliticosveracruz.com\/?p=18558#breadcrumb","itemListElement":[{"@type":"ListItem","position":1,"name":"Portada","item":"https:\/\/lospoliticosveracruz.com\/"},{"@type":"ListItem","position":2,"name":"Autorretrato"}]},{"@type":"WebSite","@id":"https:\/\/lospoliticosveracruz.com\/#website","url":"https:\/\/lospoliticosveracruz.com\/","name":"Los pol\u00edticos Veracruz","description":"","publisher":{"@id":"https:\/\/lospoliticosveracruz.com\/#organization"},"potentialAction":[{"@type":"SearchAction","target":{"@type":"EntryPoint","urlTemplate":"https:\/\/lospoliticosveracruz.com\/?s={search_term_string}"},"query-input":{"@type":"PropertyValueSpecification","valueRequired":true,"valueName":"search_term_string"}}],"inLanguage":"es"},{"@type":"Organization","@id":"https:\/\/lospoliticosveracruz.com\/#organization","name":"Los pol\u00edticos Veracruz","url":"https:\/\/lospoliticosveracruz.com\/","logo":{"@type":"ImageObject","inLanguage":"es","@id":"https:\/\/lospoliticosveracruz.com\/#\/schema\/logo\/image\/","url":"https:\/\/lospoliticosveracruz.com\/wp-content\/uploads\/2025\/12\/Logo-Nuevo-LOS-POLITICOS-1.jpg","contentUrl":"https:\/\/lospoliticosveracruz.com\/wp-content\/uploads\/2025\/12\/Logo-Nuevo-LOS-POLITICOS-1.jpg","width":260,"height":70,"caption":"Los pol\u00edticos Veracruz"},"image":{"@id":"https:\/\/lospoliticosveracruz.com\/#\/schema\/logo\/image\/"},"sameAs":["https:\/\/www.facebook.com\/people\/Notimemes-de-los-Polticos\/61565672886568\/","https:\/\/x.com\/LosPoliticosVer"]},{"@type":"Person","@id":"https:\/\/lospoliticosveracruz.com\/#\/schema\/person\/b8702bb0e538456e6efd07080bf2a4a2","name":"Lo viste en Los Pol\u00edticos","image":{"@type":"ImageObject","inLanguage":"es","@id":"https:\/\/secure.gravatar.com\/avatar\/3a8de04a2656d44082be478bd6c086daa447c4651605818287b9532d3d0bd435?s=96&d=mm&r=g","url":"https:\/\/secure.gravatar.com\/avatar\/3a8de04a2656d44082be478bd6c086daa447c4651605818287b9532d3d0bd435?s=96&d=mm&r=g","contentUrl":"https:\/\/secure.gravatar.com\/avatar\/3a8de04a2656d44082be478bd6c086daa447c4651605818287b9532d3d0bd435?s=96&d=mm&r=g","caption":"Lo viste en Los Pol\u00edticos"},"url":"https:\/\/lospoliticosveracruz.com\/?author=2"}]}},"_links":{"self":[{"href":"https:\/\/lospoliticosveracruz.com\/index.php?rest_route=\/wp\/v2\/posts\/18558","targetHints":{"allow":["GET"]}}],"collection":[{"href":"https:\/\/lospoliticosveracruz.com\/index.php?rest_route=\/wp\/v2\/posts"}],"about":[{"href":"https:\/\/lospoliticosveracruz.com\/index.php?rest_route=\/wp\/v2\/types\/post"}],"author":[{"embeddable":true,"href":"https:\/\/lospoliticosveracruz.com\/index.php?rest_route=\/wp\/v2\/users\/2"}],"replies":[{"embeddable":true,"href":"https:\/\/lospoliticosveracruz.com\/index.php?rest_route=%2Fwp%2Fv2%2Fcomments&post=18558"}],"version-history":[{"count":1,"href":"https:\/\/lospoliticosveracruz.com\/index.php?rest_route=\/wp\/v2\/posts\/18558\/revisions"}],"predecessor-version":[{"id":18560,"href":"https:\/\/lospoliticosveracruz.com\/index.php?rest_route=\/wp\/v2\/posts\/18558\/revisions\/18560"}],"wp:attachment":[{"href":"https:\/\/lospoliticosveracruz.com\/index.php?rest_route=%2Fwp%2Fv2%2Fmedia&parent=18558"}],"wp:term":[{"taxonomy":"category","embeddable":true,"href":"https:\/\/lospoliticosveracruz.com\/index.php?rest_route=%2Fwp%2Fv2%2Fcategories&post=18558"},{"taxonomy":"post_tag","embeddable":true,"href":"https:\/\/lospoliticosveracruz.com\/index.php?rest_route=%2Fwp%2Fv2%2Ftags&post=18558"}],"curies":[{"name":"wp","href":"https:\/\/api.w.org\/{rel}","templated":true}]}}