{"id":18561,"date":"2015-10-22T21:56:16","date_gmt":"2015-10-23T02:56:16","guid":{"rendered":"http:\/\/www.lospoliticosveracruz.com.mx\/?p=18561"},"modified":"2015-10-22T21:56:16","modified_gmt":"2015-10-23T02:56:16","slug":"la-fila-de-acreedores-el-de-atras-paga","status":"publish","type":"post","link":"https:\/\/lospoliticosveracruz.com\/?p=18561","title":{"rendered":"La fila de acreedores\u2026 el de atr\u00e1s paga"},"content":{"rendered":"<p><a href=\"http:\/\/www.lospoliticosveracruz.com.mx\/wp-content\/uploads\/2015\/08\/deuda.jpg\"><img loading=\"lazy\" decoding=\"async\" class=\"alignnone size-medium wp-image-17577\" src=\"http:\/\/www.lospoliticosveracruz.com.mx\/wp-content\/uploads\/2015\/08\/deuda-300x157.jpg\" alt=\"deuda\" width=\"300\" height=\"157\" \/><\/a><br \/>\n<strong>Luis Alberto Romero<\/strong><\/p>\n<p><em>Hora Cero<\/em><\/p>\n<p>Este jueves, la Diputaci\u00f3n Permanente de la Legislatura del Estado dio entrada a la iniciativa planteada por el gobernador Javier Duarte para reestructurar la deuda p\u00fablica heredada por la presente administraci\u00f3n.<br \/>\nDe aprobarse, como es seguro que ocurra, se autorizar\u00eda al gobierno de la entidad a contratar tres cr\u00e9ditos por un total de 21 mil 70 millones de pesos, con lo que se pagar\u00eda, al menos en teor\u00eda, m\u00e1s de la mitad de la deuda veracruzana, que asciende a poco m\u00e1s de 41 mil 661 millones.<br \/>\nEn t\u00e9rminos pr\u00e1cticos, el gobierno del estado pagar\u00eda la vieja deuda, contratando un nuevo cr\u00e9dito; al final, el monto no cambia, pero s\u00ed podr\u00eda modificarse, con esa reestructuraci\u00f3n, las condiciones y los plazos de pago.<br \/>\nDicha propuesta plantea dejar en garant\u00eda las futuras participaciones federales.<br \/>\nCon estos tres nuevos cr\u00e9ditos, la presente administraci\u00f3n habr\u00e1 hecho, en sus primeros cinco a\u00f1os, 25 contratos de deuda p\u00fablica: 19 para supuesta inversi\u00f3n productiva; 3 para reestructurar pasivos; y otros 3 que ser\u00edan aprobados por la presente Legislatura en este nuevo proceso.<br \/>\nEn total, de acuerdo con datos del Registro de Obligaciones y Empr\u00e9stitos de Entidades Federativas y Municipios, de la Secretar\u00eda de Hacienda, la deuda que hered\u00f3 la presente administraci\u00f3n estatal, en 2010, fue de casi 21 mil 500 millones de pesos; los cr\u00e9ditos que se anuncian hoy pr\u00e1cticamente cubrir\u00edan esos pasivos.<br \/>\nQuedar\u00e1 pendiente por saldar, primero, los cr\u00e9ditos contratados por la presente administraci\u00f3n, m\u00e1s de 20 mil 160 millones de pesos; y, segundo, las nuevas obligaciones, que representar\u00e1n 21 mil 70 millones; adem\u00e1s de la deuda con proveedores, constructores, contratistas y prestadores de servicios, una millonada que heredar\u00e1 el pr\u00f3ximo gobernador veracruzano, quien al asumir el cargo, en vez del tradicional besamanos encontrar\u00e1 una fila de acreedores con la mano abierta y la palma hacia arriba.<\/p>\n<p><strong>La confianza ciudadana<\/strong><br \/>\nLa casa encuestadora Consulta Mitofsky dio a conocer los resultados de un trabajo sobre la confianza ciudadana en las instituciones de nuestro pa\u00eds.<br \/>\nSe trata de un ejercicio que lleva a cabo cada a\u00f1o, desde hace poco m\u00e1s de una d\u00e9cada. Destaca que ninguna instituci\u00f3n de M\u00e9xico ha incrementado sus niveles de confianza; al contrario, cada a\u00f1o pierden m\u00e1s puntos.<br \/>\nEste 2015, los que fueron mejor evaluados son las Universidades, con 7.3; la Iglesia, con 7.1; y el Ej\u00e9rcito, con 7.0.<br \/>\nEse ejercicio de medici\u00f3n ubica a siete instancias con un nivel de confianza medio: la Comisi\u00f3n Nacional de los Derechos Humanos, 6.9; las estaciones de radio y los medios de comunicaci\u00f3n (los ubican por separado pero tuvieron el mismo resultado, 6.6; los empresarios, 6.5; la Suprema Corte de Justicia de la Naci\u00f3n, 6.3; bancos, 6.2; las cadenas de televisi\u00f3n, 6.2; y el Instituto Nacional Electoral, 6.1, a punto de pasar a la escala de los reprobados.<br \/>\nEn ese ranking, seis obtuvieron calificaci\u00f3n reprobatoria: la Presidencia, 5.7; los sindicatos, 5.4; los senadores, 5.3, al igual que los cuerpos policiacos; los diputados, 5.2; y, al fondo de la tabla, los partidos pol\u00edticos, que registraron un nivel de confianza de 4.9.<br \/>\nSon datos que, aunque no eval\u00faan el desempe\u00f1o de esas instancias, sino la percepci\u00f3n de los ciudadanos, resultan de utilidad y nos mueven a la reflexi\u00f3n porque la mayor\u00eda de los sectores reprobados se ubican en el gobierno, excepto sindicatos y partidos, a los que los mexicanos perciben como altamente corruptos.<br \/>\nEstos son, por cierto, los peores resultados de las instituciones evaluadas en los \u00faltimos 11 a\u00f1os; la gente cada vez conf\u00eda menos y de esa tendencia no hay actor p\u00fablico que se salve.<\/p>\n<p><strong>El baby shower del IVAI<\/strong><br \/>\nProbablemente, la consejera presidenta del Instituto Veracruzano de Acceso a la Informaci\u00f3n, Yolli Garc\u00eda \u00c1lvarez, no midi\u00f3 las reacciones que provocar\u00eda la celebraci\u00f3n de un baby shower en las instalaciones del IVAI.<br \/>\nEs probable, tambi\u00e9n, que no exista repercusi\u00f3n alguna por la organizaci\u00f3n de ese festejo; sin embargo, queda la impresi\u00f3n de que ese organismo y su presidenta deben cuidar mucho m\u00e1s las formas. Garc\u00eda \u00c1lvarez sostiene que el pastel y los bocadillos que se sirvieron corrieron a cargo de los empleados y no hay motivo para no creerle; el problema es que para esa fiesta se utilizaron las oficinas, la sala de sesiones, la energ\u00eda el\u00e9ctrica y hasta el tiempo de los trabajadores en horario laboral.<br \/>\nPor la ma\u00f1ana de este jueves, el consejero Fernando Aguilera de Hombre declar\u00f3 que se investigar\u00eda el tema; no necesita ir muy lejos porque la propia presidenta del organismo se encarg\u00f3 de autorizar la fiesta.<br \/>\nPor supuesto, debido a que es un asunto de menor importancia, no se espera sanci\u00f3n o amonestaci\u00f3n alguna; ojal\u00e1, sin embargo, la consejera Yolli Garc\u00eda cuide m\u00e1s las formas en el futuro y no nos vaya a sorprender con que ahora va a organizar una kerm\u00e9s. @luisromero85<\/p>\n","protected":false},"excerpt":{"rendered":"<p>Luis Alberto Romero Hora Cero Este jueves, la Diputaci\u00f3n Permanente de la Legislatura del Estado dio entrada a la iniciativa planteada por el gobernador Javier Duarte para reestructurar la deuda p\u00fablica heredada por la presente administraci\u00f3n. De aprobarse, como es seguro que ocurra, se autorizar\u00eda al gobierno de la entidad a contratar tres cr\u00e9ditos por [&hellip;]<\/p>\n","protected":false},"author":2,"featured_media":0,"comment_status":"open","ping_status":"open","sticky":false,"template":"","format":"standard","meta":{"tdm_status":"","tdm_grid_status":"","footnotes":""},"categories":[70],"tags":[1248,1559,985,3797],"class_list":{"0":"post-18561","1":"post","2":"type-post","3":"status-publish","4":"format-standard","6":"category-de-opinion","7":"tag-deuda-publica","8":"tag-fernando-aguilera-de-hombre","9":"tag-ivai","10":"tag-reestructurar"},"yoast_head":"<!-- This site is optimized with the Yoast SEO plugin v27.4 - https:\/\/yoast.com\/product\/yoast-seo-wordpress\/ -->\n<title>La fila de acreedores\u2026 el de atr\u00e1s paga - Los pol\u00edticos Veracruz<\/title>\n<meta name=\"robots\" content=\"index, follow, max-snippet:-1, max-image-preview:large, max-video-preview:-1\" \/>\n<link rel=\"canonical\" href=\"https:\/\/lospoliticosveracruz.com\/?p=18561\" \/>\n<meta property=\"og:locale\" content=\"es_ES\" \/>\n<meta property=\"og:type\" content=\"article\" \/>\n<meta property=\"og:title\" content=\"La fila de acreedores\u2026 el de atr\u00e1s paga - Los pol\u00edticos Veracruz\" \/>\n<meta property=\"og:description\" content=\"Luis Alberto Romero Hora Cero Este jueves, la Diputaci\u00f3n Permanente de la Legislatura del Estado dio entrada a la iniciativa planteada por el gobernador Javier Duarte para reestructurar la deuda p\u00fablica heredada por la presente administraci\u00f3n. De aprobarse, como es seguro que ocurra, se autorizar\u00eda al gobierno de la entidad a contratar tres cr\u00e9ditos por [&hellip;]\" \/>\n<meta property=\"og:url\" content=\"https:\/\/lospoliticosveracruz.com\/?p=18561\" \/>\n<meta property=\"og:site_name\" content=\"Los pol\u00edticos Veracruz\" \/>\n<meta property=\"article:publisher\" content=\"https:\/\/www.facebook.com\/people\/Notimemes-de-los-Polticos\/61565672886568\/\" \/>\n<meta property=\"article:published_time\" content=\"2015-10-23T02:56:16+00:00\" \/>\n<meta property=\"og:image\" content=\"http:\/\/www.lospoliticosveracruz.com.mx\/wp-content\/uploads\/2015\/08\/deuda-300x157.jpg\" \/>\n<meta name=\"author\" content=\"Lo viste en Los Pol\u00edticos\" \/>\n<meta name=\"twitter:card\" content=\"summary_large_image\" \/>\n<meta name=\"twitter:creator\" content=\"@LosPoliticosVer\" \/>\n<meta name=\"twitter:site\" content=\"@LosPoliticosVer\" \/>\n<meta name=\"twitter:label1\" content=\"Escrito por\" \/>\n\t<meta name=\"twitter:data1\" content=\"Lo viste en Los Pol\u00edticos\" \/>\n\t<meta name=\"twitter:label2\" content=\"Tiempo de lectura\" \/>\n\t<meta name=\"twitter:data2\" content=\"4 minutos\" \/>\n<script type=\"application\/ld+json\" class=\"yoast-schema-graph\">{\"@context\":\"https:\\\/\\\/schema.org\",\"@graph\":[{\"@type\":\"Article\",\"@id\":\"https:\\\/\\\/lospoliticosveracruz.com\\\/?p=18561#article\",\"isPartOf\":{\"@id\":\"https:\\\/\\\/lospoliticosveracruz.com\\\/?p=18561\"},\"author\":{\"name\":\"Lo viste en Los Pol\u00edticos\",\"@id\":\"https:\\\/\\\/lospoliticosveracruz.com\\\/#\\\/schema\\\/person\\\/b8702bb0e538456e6efd07080bf2a4a2\"},\"headline\":\"La fila de acreedores\u2026 el de atr\u00e1s paga\",\"datePublished\":\"2015-10-23T02:56:16+00:00\",\"mainEntityOfPage\":{\"@id\":\"https:\\\/\\\/lospoliticosveracruz.com\\\/?p=18561\"},\"wordCount\":849,\"commentCount\":0,\"publisher\":{\"@id\":\"https:\\\/\\\/lospoliticosveracruz.com\\\/#organization\"},\"image\":{\"@id\":\"https:\\\/\\\/lospoliticosveracruz.com\\\/?p=18561#primaryimage\"},\"thumbnailUrl\":\"http:\\\/\\\/www.lospoliticosveracruz.com.mx\\\/wp-content\\\/uploads\\\/2015\\\/08\\\/deuda-300x157.jpg\",\"keywords\":[\"deuda p\u00fablica\",\"Fernando Aguilera de Hombre\",\"IVAI\",\"reestructurar\"],\"articleSection\":[\"De Opini\u00f3n\"],\"inLanguage\":\"es\",\"potentialAction\":[{\"@type\":\"CommentAction\",\"name\":\"Comment\",\"target\":[\"https:\\\/\\\/lospoliticosveracruz.com\\\/?p=18561#respond\"]}]},{\"@type\":\"WebPage\",\"@id\":\"https:\\\/\\\/lospoliticosveracruz.com\\\/?p=18561\",\"url\":\"https:\\\/\\\/lospoliticosveracruz.com\\\/?p=18561\",\"name\":\"La fila de acreedores\u2026 el de atr\u00e1s paga - Los pol\u00edticos Veracruz\",\"isPartOf\":{\"@id\":\"https:\\\/\\\/lospoliticosveracruz.com\\\/#website\"},\"primaryImageOfPage\":{\"@id\":\"https:\\\/\\\/lospoliticosveracruz.com\\\/?p=18561#primaryimage\"},\"image\":{\"@id\":\"https:\\\/\\\/lospoliticosveracruz.com\\\/?p=18561#primaryimage\"},\"thumbnailUrl\":\"http:\\\/\\\/www.lospoliticosveracruz.com.mx\\\/wp-content\\\/uploads\\\/2015\\\/08\\\/deuda-300x157.jpg\",\"datePublished\":\"2015-10-23T02:56:16+00:00\",\"breadcrumb\":{\"@id\":\"https:\\\/\\\/lospoliticosveracruz.com\\\/?p=18561#breadcrumb\"},\"inLanguage\":\"es\",\"potentialAction\":[{\"@type\":\"ReadAction\",\"target\":[\"https:\\\/\\\/lospoliticosveracruz.com\\\/?p=18561\"]}]},{\"@type\":\"ImageObject\",\"inLanguage\":\"es\",\"@id\":\"https:\\\/\\\/lospoliticosveracruz.com\\\/?p=18561#primaryimage\",\"url\":\"http:\\\/\\\/www.lospoliticosveracruz.com.mx\\\/wp-content\\\/uploads\\\/2015\\\/08\\\/deuda-300x157.jpg\",\"contentUrl\":\"http:\\\/\\\/www.lospoliticosveracruz.com.mx\\\/wp-content\\\/uploads\\\/2015\\\/08\\\/deuda-300x157.jpg\"},{\"@type\":\"BreadcrumbList\",\"@id\":\"https:\\\/\\\/lospoliticosveracruz.com\\\/?p=18561#breadcrumb\",\"itemListElement\":[{\"@type\":\"ListItem\",\"position\":1,\"name\":\"Portada\",\"item\":\"https:\\\/\\\/lospoliticosveracruz.com\\\/\"},{\"@type\":\"ListItem\",\"position\":2,\"name\":\"La fila de acreedores\u2026 el de atr\u00e1s paga\"}]},{\"@type\":\"WebSite\",\"@id\":\"https:\\\/\\\/lospoliticosveracruz.com\\\/#website\",\"url\":\"https:\\\/\\\/lospoliticosveracruz.com\\\/\",\"name\":\"Los pol\u00edticos Veracruz\",\"description\":\"\",\"publisher\":{\"@id\":\"https:\\\/\\\/lospoliticosveracruz.com\\\/#organization\"},\"potentialAction\":[{\"@type\":\"SearchAction\",\"target\":{\"@type\":\"EntryPoint\",\"urlTemplate\":\"https:\\\/\\\/lospoliticosveracruz.com\\\/?s={search_term_string}\"},\"query-input\":{\"@type\":\"PropertyValueSpecification\",\"valueRequired\":true,\"valueName\":\"search_term_string\"}}],\"inLanguage\":\"es\"},{\"@type\":\"Organization\",\"@id\":\"https:\\\/\\\/lospoliticosveracruz.com\\\/#organization\",\"name\":\"Los pol\u00edticos Veracruz\",\"url\":\"https:\\\/\\\/lospoliticosveracruz.com\\\/\",\"logo\":{\"@type\":\"ImageObject\",\"inLanguage\":\"es\",\"@id\":\"https:\\\/\\\/lospoliticosveracruz.com\\\/#\\\/schema\\\/logo\\\/image\\\/\",\"url\":\"https:\\\/\\\/lospoliticosveracruz.com\\\/wp-content\\\/uploads\\\/2025\\\/12\\\/Logo-Nuevo-LOS-POLITICOS-1.jpg\",\"contentUrl\":\"https:\\\/\\\/lospoliticosveracruz.com\\\/wp-content\\\/uploads\\\/2025\\\/12\\\/Logo-Nuevo-LOS-POLITICOS-1.jpg\",\"width\":260,\"height\":70,\"caption\":\"Los pol\u00edticos Veracruz\"},\"image\":{\"@id\":\"https:\\\/\\\/lospoliticosveracruz.com\\\/#\\\/schema\\\/logo\\\/image\\\/\"},\"sameAs\":[\"https:\\\/\\\/www.facebook.com\\\/people\\\/Notimemes-de-los-Polticos\\\/61565672886568\\\/\",\"https:\\\/\\\/x.com\\\/LosPoliticosVer\"]},{\"@type\":\"Person\",\"@id\":\"https:\\\/\\\/lospoliticosveracruz.com\\\/#\\\/schema\\\/person\\\/b8702bb0e538456e6efd07080bf2a4a2\",\"name\":\"Lo viste en Los Pol\u00edticos\",\"image\":{\"@type\":\"ImageObject\",\"inLanguage\":\"es\",\"@id\":\"https:\\\/\\\/secure.gravatar.com\\\/avatar\\\/3a8de04a2656d44082be478bd6c086daa447c4651605818287b9532d3d0bd435?s=96&d=mm&r=g\",\"url\":\"https:\\\/\\\/secure.gravatar.com\\\/avatar\\\/3a8de04a2656d44082be478bd6c086daa447c4651605818287b9532d3d0bd435?s=96&d=mm&r=g\",\"contentUrl\":\"https:\\\/\\\/secure.gravatar.com\\\/avatar\\\/3a8de04a2656d44082be478bd6c086daa447c4651605818287b9532d3d0bd435?s=96&d=mm&r=g\",\"caption\":\"Lo viste en Los Pol\u00edticos\"},\"url\":\"https:\\\/\\\/lospoliticosveracruz.com\\\/?author=2\"}]}<\/script>\n<!-- \/ Yoast SEO plugin. -->","yoast_head_json":{"title":"La fila de acreedores\u2026 el de atr\u00e1s paga - Los pol\u00edticos Veracruz","robots":{"index":"index","follow":"follow","max-snippet":"max-snippet:-1","max-image-preview":"max-image-preview:large","max-video-preview":"max-video-preview:-1"},"canonical":"https:\/\/lospoliticosveracruz.com\/?p=18561","og_locale":"es_ES","og_type":"article","og_title":"La fila de acreedores\u2026 el de atr\u00e1s paga - Los pol\u00edticos Veracruz","og_description":"Luis Alberto Romero Hora Cero Este jueves, la Diputaci\u00f3n Permanente de la Legislatura del Estado dio entrada a la iniciativa planteada por el gobernador Javier Duarte para reestructurar la deuda p\u00fablica heredada por la presente administraci\u00f3n. De aprobarse, como es seguro que ocurra, se autorizar\u00eda al gobierno de la entidad a contratar tres cr\u00e9ditos por [&hellip;]","og_url":"https:\/\/lospoliticosveracruz.com\/?p=18561","og_site_name":"Los pol\u00edticos Veracruz","article_publisher":"https:\/\/www.facebook.com\/people\/Notimemes-de-los-Polticos\/61565672886568\/","article_published_time":"2015-10-23T02:56:16+00:00","og_image":[{"url":"http:\/\/www.lospoliticosveracruz.com.mx\/wp-content\/uploads\/2015\/08\/deuda-300x157.jpg","type":"","width":"","height":""}],"author":"Lo viste en Los Pol\u00edticos","twitter_card":"summary_large_image","twitter_creator":"@LosPoliticosVer","twitter_site":"@LosPoliticosVer","twitter_misc":{"Escrito por":"Lo viste en Los Pol\u00edticos","Tiempo de lectura":"4 minutos"},"schema":{"@context":"https:\/\/schema.org","@graph":[{"@type":"Article","@id":"https:\/\/lospoliticosveracruz.com\/?p=18561#article","isPartOf":{"@id":"https:\/\/lospoliticosveracruz.com\/?p=18561"},"author":{"name":"Lo viste en Los Pol\u00edticos","@id":"https:\/\/lospoliticosveracruz.com\/#\/schema\/person\/b8702bb0e538456e6efd07080bf2a4a2"},"headline":"La fila de acreedores\u2026 el de atr\u00e1s paga","datePublished":"2015-10-23T02:56:16+00:00","mainEntityOfPage":{"@id":"https:\/\/lospoliticosveracruz.com\/?p=18561"},"wordCount":849,"commentCount":0,"publisher":{"@id":"https:\/\/lospoliticosveracruz.com\/#organization"},"image":{"@id":"https:\/\/lospoliticosveracruz.com\/?p=18561#primaryimage"},"thumbnailUrl":"http:\/\/www.lospoliticosveracruz.com.mx\/wp-content\/uploads\/2015\/08\/deuda-300x157.jpg","keywords":["deuda p\u00fablica","Fernando Aguilera de Hombre","IVAI","reestructurar"],"articleSection":["De Opini\u00f3n"],"inLanguage":"es","potentialAction":[{"@type":"CommentAction","name":"Comment","target":["https:\/\/lospoliticosveracruz.com\/?p=18561#respond"]}]},{"@type":"WebPage","@id":"https:\/\/lospoliticosveracruz.com\/?p=18561","url":"https:\/\/lospoliticosveracruz.com\/?p=18561","name":"La fila de acreedores\u2026 el de atr\u00e1s paga - Los pol\u00edticos Veracruz","isPartOf":{"@id":"https:\/\/lospoliticosveracruz.com\/#website"},"primaryImageOfPage":{"@id":"https:\/\/lospoliticosveracruz.com\/?p=18561#primaryimage"},"image":{"@id":"https:\/\/lospoliticosveracruz.com\/?p=18561#primaryimage"},"thumbnailUrl":"http:\/\/www.lospoliticosveracruz.com.mx\/wp-content\/uploads\/2015\/08\/deuda-300x157.jpg","datePublished":"2015-10-23T02:56:16+00:00","breadcrumb":{"@id":"https:\/\/lospoliticosveracruz.com\/?p=18561#breadcrumb"},"inLanguage":"es","potentialAction":[{"@type":"ReadAction","target":["https:\/\/lospoliticosveracruz.com\/?p=18561"]}]},{"@type":"ImageObject","inLanguage":"es","@id":"https:\/\/lospoliticosveracruz.com\/?p=18561#primaryimage","url":"http:\/\/www.lospoliticosveracruz.com.mx\/wp-content\/uploads\/2015\/08\/deuda-300x157.jpg","contentUrl":"http:\/\/www.lospoliticosveracruz.com.mx\/wp-content\/uploads\/2015\/08\/deuda-300x157.jpg"},{"@type":"BreadcrumbList","@id":"https:\/\/lospoliticosveracruz.com\/?p=18561#breadcrumb","itemListElement":[{"@type":"ListItem","position":1,"name":"Portada","item":"https:\/\/lospoliticosveracruz.com\/"},{"@type":"ListItem","position":2,"name":"La fila de acreedores\u2026 el de atr\u00e1s paga"}]},{"@type":"WebSite","@id":"https:\/\/lospoliticosveracruz.com\/#website","url":"https:\/\/lospoliticosveracruz.com\/","name":"Los pol\u00edticos Veracruz","description":"","publisher":{"@id":"https:\/\/lospoliticosveracruz.com\/#organization"},"potentialAction":[{"@type":"SearchAction","target":{"@type":"EntryPoint","urlTemplate":"https:\/\/lospoliticosveracruz.com\/?s={search_term_string}"},"query-input":{"@type":"PropertyValueSpecification","valueRequired":true,"valueName":"search_term_string"}}],"inLanguage":"es"},{"@type":"Organization","@id":"https:\/\/lospoliticosveracruz.com\/#organization","name":"Los pol\u00edticos Veracruz","url":"https:\/\/lospoliticosveracruz.com\/","logo":{"@type":"ImageObject","inLanguage":"es","@id":"https:\/\/lospoliticosveracruz.com\/#\/schema\/logo\/image\/","url":"https:\/\/lospoliticosveracruz.com\/wp-content\/uploads\/2025\/12\/Logo-Nuevo-LOS-POLITICOS-1.jpg","contentUrl":"https:\/\/lospoliticosveracruz.com\/wp-content\/uploads\/2025\/12\/Logo-Nuevo-LOS-POLITICOS-1.jpg","width":260,"height":70,"caption":"Los pol\u00edticos Veracruz"},"image":{"@id":"https:\/\/lospoliticosveracruz.com\/#\/schema\/logo\/image\/"},"sameAs":["https:\/\/www.facebook.com\/people\/Notimemes-de-los-Polticos\/61565672886568\/","https:\/\/x.com\/LosPoliticosVer"]},{"@type":"Person","@id":"https:\/\/lospoliticosveracruz.com\/#\/schema\/person\/b8702bb0e538456e6efd07080bf2a4a2","name":"Lo viste en Los Pol\u00edticos","image":{"@type":"ImageObject","inLanguage":"es","@id":"https:\/\/secure.gravatar.com\/avatar\/3a8de04a2656d44082be478bd6c086daa447c4651605818287b9532d3d0bd435?s=96&d=mm&r=g","url":"https:\/\/secure.gravatar.com\/avatar\/3a8de04a2656d44082be478bd6c086daa447c4651605818287b9532d3d0bd435?s=96&d=mm&r=g","contentUrl":"https:\/\/secure.gravatar.com\/avatar\/3a8de04a2656d44082be478bd6c086daa447c4651605818287b9532d3d0bd435?s=96&d=mm&r=g","caption":"Lo viste en Los Pol\u00edticos"},"url":"https:\/\/lospoliticosveracruz.com\/?author=2"}]}},"_links":{"self":[{"href":"https:\/\/lospoliticosveracruz.com\/index.php?rest_route=\/wp\/v2\/posts\/18561","targetHints":{"allow":["GET"]}}],"collection":[{"href":"https:\/\/lospoliticosveracruz.com\/index.php?rest_route=\/wp\/v2\/posts"}],"about":[{"href":"https:\/\/lospoliticosveracruz.com\/index.php?rest_route=\/wp\/v2\/types\/post"}],"author":[{"embeddable":true,"href":"https:\/\/lospoliticosveracruz.com\/index.php?rest_route=\/wp\/v2\/users\/2"}],"replies":[{"embeddable":true,"href":"https:\/\/lospoliticosveracruz.com\/index.php?rest_route=%2Fwp%2Fv2%2Fcomments&post=18561"}],"version-history":[{"count":1,"href":"https:\/\/lospoliticosveracruz.com\/index.php?rest_route=\/wp\/v2\/posts\/18561\/revisions"}],"predecessor-version":[{"id":18562,"href":"https:\/\/lospoliticosveracruz.com\/index.php?rest_route=\/wp\/v2\/posts\/18561\/revisions\/18562"}],"wp:attachment":[{"href":"https:\/\/lospoliticosveracruz.com\/index.php?rest_route=%2Fwp%2Fv2%2Fmedia&parent=18561"}],"wp:term":[{"taxonomy":"category","embeddable":true,"href":"https:\/\/lospoliticosveracruz.com\/index.php?rest_route=%2Fwp%2Fv2%2Fcategories&post=18561"},{"taxonomy":"post_tag","embeddable":true,"href":"https:\/\/lospoliticosveracruz.com\/index.php?rest_route=%2Fwp%2Fv2%2Ftags&post=18561"}],"curies":[{"name":"wp","href":"https:\/\/api.w.org\/{rel}","templated":true}]}}