{"id":18563,"date":"2015-10-22T22:04:37","date_gmt":"2015-10-23T03:04:37","guid":{"rendered":"http:\/\/www.lospoliticosveracruz.com.mx\/?p=18563"},"modified":"2015-10-22T22:04:37","modified_gmt":"2015-10-23T03:04:37","slug":"carros-voladores","status":"publish","type":"post","link":"https:\/\/lospoliticosveracruz.com\/?p=18563","title":{"rendered":"\u00a1Carros voladores!"},"content":{"rendered":"<p><a href=\"http:\/\/www.lospoliticosveracruz.com.mx\/wp-content\/uploads\/2015\/10\/Armando-Adriano-Fabre.jpg\"><img loading=\"lazy\" decoding=\"async\" class=\"alignnone size-medium wp-image-18564\" src=\"http:\/\/www.lospoliticosveracruz.com.mx\/wp-content\/uploads\/2015\/10\/Armando-Adriano-Fabre-300x187.jpg\" alt=\"Dia de la Bandera\" width=\"300\" height=\"187\" \/><\/a><br \/>\n<strong>Salvador Mu\u00f1oz<\/strong><\/p>\n<p><em>Los Pol\u00edticos<\/em><\/p>\n<p>Cuando pens\u00e9 que ya hab\u00eda pasado la efervescencia de \u201cVolver al Futuro\u201d, \u00a1cosas de la vida! el chisme de ayer fue que \u00a1s\u00ed hay carros voladores!<br \/>\nHa de pensar el lector que de seguro, alg\u00fan pa\u00eds como Jap\u00f3n o Alemania, chipocludos en eso de la tecnolog\u00eda automotriz, alcanz\u00f3 el desarrollo para llevar a cabo estos niveles de avanzada que s\u00f3lo son posibles en pel\u00edculas de ciencia ficci\u00f3n.<br \/>\n\u00a1Pues no! y aunque no me crea, es aqu\u00ed, en Veracruz, en la hermosa Xalapa, donde en breve, es seguro, se d\u00e9 a conocer este prodigio de tecnolog\u00eda.<br \/>\nII<br \/>\nHe de comentar que fue fortuito que la delegada de Profeco, Elizabeth Morales, ahora tenga chamba extra con la nueva lista de instrumentos de medici\u00f3n que tendr\u00e1 que verificar. Vamos, nada tiene que ver que en Veracruz tengamos carros voladores.<br \/>\nY es que entre los instrumentos a revisar por parte de Profeco est\u00e1n los alcohol\u00edmetros y pistolas de velocidad de radar.<br \/>\nAunque si nos atenemos a las normas oficiales de calibraci\u00f3n, hemos de suponer que tambi\u00e9n entren los nuevos aparatos que se encargan de atormentar a los conductores que gustan de meter la pata al carro y vayan como alma que lleva el diablo por las calles de Xalapa.<br \/>\nEntonces, para quienes refunfu\u00f1an de las foto-multas, tranquilos, es probable que en breve, la delegada de Profeco revise esas cajas grises amenazantes a nuestro paso, claro, si nos atenemos a que si miden velocidad, deben ser sujetos de calibraci\u00f3n y verificaci\u00f3n obligatoria.<br \/>\nIII<br \/>\nYa la se\u00f1ora de los N\u00fameros Rojos, Brenda Caballero, cit\u00f3 la serie de problemas que trajo consigo la aplicaci\u00f3n de foto-multas, sobre todo en concesionarios de taxis que, al contratar choferes, \u00e9stos poco o nada hacen por conducir a la velocidad permitida, lo que ha llevado a \u201crenuncias\u201d para evitar pagar las multas, y desembolsos por parte del due\u00f1o de las placas.<br \/>\nHubo un caso de una maestra que se negaba a pagar una foto-multa porque aseguraba que el carro, a la hora que la infraccionaban, deb\u00eda de estar en su lugar de trabajo\u2026 por supuesto, de all\u00ed se desprendi\u00f3 dos cosas: o alguien de su trabajo agarraba el veh\u00edculo mientras ella daba clases\u2026 \u00a1o la maestra se iba de pinta!<br \/>\nPero el nuevo fen\u00f3meno que se da con las multas es con los empleados de Gobierno del Estado\u2026<br \/>\nSe dice del que trabaja en Comunicaci\u00f3n Social que cada ma\u00f1ana tiene que entregar la s\u00edntesis al Gobernador, al director Pav\u00f3n, al secretario de Gobierno y que, en aras de cumplir su trabajo, no se dio cuenta y \u00a1zaz! \u00a1foto-multa! y por si eso fuera poco, hasta Juicio en la DGCS para que explicara su exceso de velocidad.<br \/>\nO qu\u00e9 me dicen de los choferes que son instados por sus jefes, directores, secretarios y subsecretarios a que le metan la pata porque tienen que llegar puntuales al gimnasio\u2026 digo, a la Junta con el Se\u00f1or.<br \/>\nIV<br \/>\nPero creo que nos desviamos del tema importante de esta columna: \u00a1El primer carro volador en Veracruz!<br \/>\nS\u00ed, parece incre\u00edble el asunto pero es una realidad.<br \/>\nTodo indica que el inventor de esta unidad es \u00a1un funcionario de Gobierno del Estado!<br \/>\nDe acuerdo a los estudios recabados, antes, buscaba apoyo econ\u00f3mico tanto del Gobierno como de empresas para llevar a cabo su proyecto pero no lo encontr\u00f3, por lo que ahora, adem\u00e1s de su trabajo como empleado del Gobernador Javier Duarte de Ochoa, \u00a1busca otra chamba!<br \/>\nSe trata de Armando Adriano Fabre, joven talentoso, inteligente y estudioso, que desde que se aplica en serio la foto-multa, \u00a1lleva m\u00e1s de cinco!<br \/>\nPor supuesto, \u00bfse imagina de d\u00f3nde saca para pagar las infracciones? \u00a1exacto! por fin encontr\u00f3 el apoyo que buscaba para seguir sus experimentos con su carro volador\u2026 \u00a1los pensionados pagan! \u00bfY el carro? \u00abof-cors\u00bb, tampoco es suyo\u2026 si dijimos que era inteligente como para que agarre su propio carro y lo multen.<br \/>\nLa pregunta es si Tr\u00e1nsito del Estado tiene contemplada alguna sanci\u00f3n a los reincidentes como Adriano Fabre y otros, porque es seguro que no ha de ser el \u00fanico\u2026 o mientras paguen, \u00a1qu\u00e9 importa si su carro vuela!<\/p>\n<p>smcainito@gmail.com<\/p>\n","protected":false},"excerpt":{"rendered":"<p>Salvador Mu\u00f1oz Los Pol\u00edticos Cuando pens\u00e9 que ya hab\u00eda pasado la efervescencia de \u201cVolver al Futuro\u201d, \u00a1cosas de la vida! el chisme de ayer fue que \u00a1s\u00ed hay carros voladores! Ha de pensar el lector que de seguro, alg\u00fan pa\u00eds como Jap\u00f3n o Alemania, chipocludos en eso de la tecnolog\u00eda automotriz, alcanz\u00f3 el desarrollo para [&hellip;]<\/p>\n","protected":false},"author":2,"featured_media":0,"comment_status":"open","ping_status":"open","sticky":false,"template":"","format":"standard","meta":{"tdm_status":"","tdm_grid_status":"","footnotes":""},"categories":[70],"tags":[2687,3798,133,2983,3799,195,96],"class_list":{"0":"post-18563","1":"post","2":"type-post","3":"status-publish","4":"format-standard","6":"category-de-opinion","7":"tag-brenda-caballero","8":"tag-carros-voladores","9":"tag-elizabeth-morales","10":"tag-fotomultas","11":"tag-numeros-rojos","12":"tag-veracruz","13":"tag-xalapa"},"yoast_head":"<!-- This site is optimized with the Yoast SEO plugin v27.4 - https:\/\/yoast.com\/product\/yoast-seo-wordpress\/ -->\n<title>\u00a1Carros voladores! - Los pol\u00edticos Veracruz<\/title>\n<meta name=\"robots\" content=\"index, follow, max-snippet:-1, max-image-preview:large, max-video-preview:-1\" \/>\n<link rel=\"canonical\" href=\"https:\/\/lospoliticosveracruz.com\/?p=18563\" \/>\n<meta property=\"og:locale\" content=\"es_ES\" \/>\n<meta property=\"og:type\" content=\"article\" \/>\n<meta property=\"og:title\" content=\"\u00a1Carros voladores! - Los pol\u00edticos Veracruz\" \/>\n<meta property=\"og:description\" content=\"Salvador Mu\u00f1oz Los Pol\u00edticos Cuando pens\u00e9 que ya hab\u00eda pasado la efervescencia de \u201cVolver al Futuro\u201d, \u00a1cosas de la vida! el chisme de ayer fue que \u00a1s\u00ed hay carros voladores! Ha de pensar el lector que de seguro, alg\u00fan pa\u00eds como Jap\u00f3n o Alemania, chipocludos en eso de la tecnolog\u00eda automotriz, alcanz\u00f3 el desarrollo para [&hellip;]\" \/>\n<meta property=\"og:url\" content=\"https:\/\/lospoliticosveracruz.com\/?p=18563\" \/>\n<meta property=\"og:site_name\" content=\"Los pol\u00edticos Veracruz\" \/>\n<meta property=\"article:publisher\" content=\"https:\/\/www.facebook.com\/people\/Notimemes-de-los-Polticos\/61565672886568\/\" \/>\n<meta property=\"article:published_time\" content=\"2015-10-23T03:04:37+00:00\" \/>\n<meta property=\"og:image\" content=\"http:\/\/www.lospoliticosveracruz.com.mx\/wp-content\/uploads\/2015\/10\/Armando-Adriano-Fabre-300x187.jpg\" \/>\n<meta name=\"author\" content=\"Lo viste en Los Pol\u00edticos\" \/>\n<meta name=\"twitter:card\" content=\"summary_large_image\" \/>\n<meta name=\"twitter:creator\" content=\"@LosPoliticosVer\" \/>\n<meta name=\"twitter:site\" content=\"@LosPoliticosVer\" \/>\n<meta name=\"twitter:label1\" content=\"Escrito por\" \/>\n\t<meta name=\"twitter:data1\" content=\"Lo viste en Los Pol\u00edticos\" \/>\n\t<meta name=\"twitter:label2\" content=\"Tiempo de lectura\" \/>\n\t<meta name=\"twitter:data2\" content=\"4 minutos\" \/>\n<script type=\"application\/ld+json\" class=\"yoast-schema-graph\">{\"@context\":\"https:\\\/\\\/schema.org\",\"@graph\":[{\"@type\":\"Article\",\"@id\":\"https:\\\/\\\/lospoliticosveracruz.com\\\/?p=18563#article\",\"isPartOf\":{\"@id\":\"https:\\\/\\\/lospoliticosveracruz.com\\\/?p=18563\"},\"author\":{\"name\":\"Lo viste en Los Pol\u00edticos\",\"@id\":\"https:\\\/\\\/lospoliticosveracruz.com\\\/#\\\/schema\\\/person\\\/b8702bb0e538456e6efd07080bf2a4a2\"},\"headline\":\"\u00a1Carros voladores!\",\"datePublished\":\"2015-10-23T03:04:37+00:00\",\"mainEntityOfPage\":{\"@id\":\"https:\\\/\\\/lospoliticosveracruz.com\\\/?p=18563\"},\"wordCount\":730,\"commentCount\":0,\"publisher\":{\"@id\":\"https:\\\/\\\/lospoliticosveracruz.com\\\/#organization\"},\"image\":{\"@id\":\"https:\\\/\\\/lospoliticosveracruz.com\\\/?p=18563#primaryimage\"},\"thumbnailUrl\":\"http:\\\/\\\/www.lospoliticosveracruz.com.mx\\\/wp-content\\\/uploads\\\/2015\\\/10\\\/Armando-Adriano-Fabre-300x187.jpg\",\"keywords\":[\"Brenda Caballero\",\"carros voladores\",\"Elizabeth Morales\",\"fotomultas\",\"N\u00fameros Rojos\",\"Veracruz\",\"Xalapa\"],\"articleSection\":[\"De Opini\u00f3n\"],\"inLanguage\":\"es\",\"potentialAction\":[{\"@type\":\"CommentAction\",\"name\":\"Comment\",\"target\":[\"https:\\\/\\\/lospoliticosveracruz.com\\\/?p=18563#respond\"]}]},{\"@type\":\"WebPage\",\"@id\":\"https:\\\/\\\/lospoliticosveracruz.com\\\/?p=18563\",\"url\":\"https:\\\/\\\/lospoliticosveracruz.com\\\/?p=18563\",\"name\":\"\u00a1Carros voladores! - Los pol\u00edticos Veracruz\",\"isPartOf\":{\"@id\":\"https:\\\/\\\/lospoliticosveracruz.com\\\/#website\"},\"primaryImageOfPage\":{\"@id\":\"https:\\\/\\\/lospoliticosveracruz.com\\\/?p=18563#primaryimage\"},\"image\":{\"@id\":\"https:\\\/\\\/lospoliticosveracruz.com\\\/?p=18563#primaryimage\"},\"thumbnailUrl\":\"http:\\\/\\\/www.lospoliticosveracruz.com.mx\\\/wp-content\\\/uploads\\\/2015\\\/10\\\/Armando-Adriano-Fabre-300x187.jpg\",\"datePublished\":\"2015-10-23T03:04:37+00:00\",\"breadcrumb\":{\"@id\":\"https:\\\/\\\/lospoliticosveracruz.com\\\/?p=18563#breadcrumb\"},\"inLanguage\":\"es\",\"potentialAction\":[{\"@type\":\"ReadAction\",\"target\":[\"https:\\\/\\\/lospoliticosveracruz.com\\\/?p=18563\"]}]},{\"@type\":\"ImageObject\",\"inLanguage\":\"es\",\"@id\":\"https:\\\/\\\/lospoliticosveracruz.com\\\/?p=18563#primaryimage\",\"url\":\"http:\\\/\\\/www.lospoliticosveracruz.com.mx\\\/wp-content\\\/uploads\\\/2015\\\/10\\\/Armando-Adriano-Fabre-300x187.jpg\",\"contentUrl\":\"http:\\\/\\\/www.lospoliticosveracruz.com.mx\\\/wp-content\\\/uploads\\\/2015\\\/10\\\/Armando-Adriano-Fabre-300x187.jpg\"},{\"@type\":\"BreadcrumbList\",\"@id\":\"https:\\\/\\\/lospoliticosveracruz.com\\\/?p=18563#breadcrumb\",\"itemListElement\":[{\"@type\":\"ListItem\",\"position\":1,\"name\":\"Portada\",\"item\":\"https:\\\/\\\/lospoliticosveracruz.com\\\/\"},{\"@type\":\"ListItem\",\"position\":2,\"name\":\"\u00a1Carros voladores!\"}]},{\"@type\":\"WebSite\",\"@id\":\"https:\\\/\\\/lospoliticosveracruz.com\\\/#website\",\"url\":\"https:\\\/\\\/lospoliticosveracruz.com\\\/\",\"name\":\"Los pol\u00edticos Veracruz\",\"description\":\"\",\"publisher\":{\"@id\":\"https:\\\/\\\/lospoliticosveracruz.com\\\/#organization\"},\"potentialAction\":[{\"@type\":\"SearchAction\",\"target\":{\"@type\":\"EntryPoint\",\"urlTemplate\":\"https:\\\/\\\/lospoliticosveracruz.com\\\/?s={search_term_string}\"},\"query-input\":{\"@type\":\"PropertyValueSpecification\",\"valueRequired\":true,\"valueName\":\"search_term_string\"}}],\"inLanguage\":\"es\"},{\"@type\":\"Organization\",\"@id\":\"https:\\\/\\\/lospoliticosveracruz.com\\\/#organization\",\"name\":\"Los pol\u00edticos Veracruz\",\"url\":\"https:\\\/\\\/lospoliticosveracruz.com\\\/\",\"logo\":{\"@type\":\"ImageObject\",\"inLanguage\":\"es\",\"@id\":\"https:\\\/\\\/lospoliticosveracruz.com\\\/#\\\/schema\\\/logo\\\/image\\\/\",\"url\":\"https:\\\/\\\/lospoliticosveracruz.com\\\/wp-content\\\/uploads\\\/2025\\\/12\\\/Logo-Nuevo-LOS-POLITICOS-1.jpg\",\"contentUrl\":\"https:\\\/\\\/lospoliticosveracruz.com\\\/wp-content\\\/uploads\\\/2025\\\/12\\\/Logo-Nuevo-LOS-POLITICOS-1.jpg\",\"width\":260,\"height\":70,\"caption\":\"Los pol\u00edticos Veracruz\"},\"image\":{\"@id\":\"https:\\\/\\\/lospoliticosveracruz.com\\\/#\\\/schema\\\/logo\\\/image\\\/\"},\"sameAs\":[\"https:\\\/\\\/www.facebook.com\\\/people\\\/Notimemes-de-los-Polticos\\\/61565672886568\\\/\",\"https:\\\/\\\/x.com\\\/LosPoliticosVer\"]},{\"@type\":\"Person\",\"@id\":\"https:\\\/\\\/lospoliticosveracruz.com\\\/#\\\/schema\\\/person\\\/b8702bb0e538456e6efd07080bf2a4a2\",\"name\":\"Lo viste en Los Pol\u00edticos\",\"image\":{\"@type\":\"ImageObject\",\"inLanguage\":\"es\",\"@id\":\"https:\\\/\\\/secure.gravatar.com\\\/avatar\\\/3a8de04a2656d44082be478bd6c086daa447c4651605818287b9532d3d0bd435?s=96&d=mm&r=g\",\"url\":\"https:\\\/\\\/secure.gravatar.com\\\/avatar\\\/3a8de04a2656d44082be478bd6c086daa447c4651605818287b9532d3d0bd435?s=96&d=mm&r=g\",\"contentUrl\":\"https:\\\/\\\/secure.gravatar.com\\\/avatar\\\/3a8de04a2656d44082be478bd6c086daa447c4651605818287b9532d3d0bd435?s=96&d=mm&r=g\",\"caption\":\"Lo viste en Los Pol\u00edticos\"},\"url\":\"https:\\\/\\\/lospoliticosveracruz.com\\\/?author=2\"}]}<\/script>\n<!-- \/ Yoast SEO plugin. -->","yoast_head_json":{"title":"\u00a1Carros voladores! - Los pol\u00edticos Veracruz","robots":{"index":"index","follow":"follow","max-snippet":"max-snippet:-1","max-image-preview":"max-image-preview:large","max-video-preview":"max-video-preview:-1"},"canonical":"https:\/\/lospoliticosveracruz.com\/?p=18563","og_locale":"es_ES","og_type":"article","og_title":"\u00a1Carros voladores! - Los pol\u00edticos Veracruz","og_description":"Salvador Mu\u00f1oz Los Pol\u00edticos Cuando pens\u00e9 que ya hab\u00eda pasado la efervescencia de \u201cVolver al Futuro\u201d, \u00a1cosas de la vida! el chisme de ayer fue que \u00a1s\u00ed hay carros voladores! Ha de pensar el lector que de seguro, alg\u00fan pa\u00eds como Jap\u00f3n o Alemania, chipocludos en eso de la tecnolog\u00eda automotriz, alcanz\u00f3 el desarrollo para [&hellip;]","og_url":"https:\/\/lospoliticosveracruz.com\/?p=18563","og_site_name":"Los pol\u00edticos Veracruz","article_publisher":"https:\/\/www.facebook.com\/people\/Notimemes-de-los-Polticos\/61565672886568\/","article_published_time":"2015-10-23T03:04:37+00:00","og_image":[{"url":"http:\/\/www.lospoliticosveracruz.com.mx\/wp-content\/uploads\/2015\/10\/Armando-Adriano-Fabre-300x187.jpg","type":"","width":"","height":""}],"author":"Lo viste en Los Pol\u00edticos","twitter_card":"summary_large_image","twitter_creator":"@LosPoliticosVer","twitter_site":"@LosPoliticosVer","twitter_misc":{"Escrito por":"Lo viste en Los Pol\u00edticos","Tiempo de lectura":"4 minutos"},"schema":{"@context":"https:\/\/schema.org","@graph":[{"@type":"Article","@id":"https:\/\/lospoliticosveracruz.com\/?p=18563#article","isPartOf":{"@id":"https:\/\/lospoliticosveracruz.com\/?p=18563"},"author":{"name":"Lo viste en Los Pol\u00edticos","@id":"https:\/\/lospoliticosveracruz.com\/#\/schema\/person\/b8702bb0e538456e6efd07080bf2a4a2"},"headline":"\u00a1Carros voladores!","datePublished":"2015-10-23T03:04:37+00:00","mainEntityOfPage":{"@id":"https:\/\/lospoliticosveracruz.com\/?p=18563"},"wordCount":730,"commentCount":0,"publisher":{"@id":"https:\/\/lospoliticosveracruz.com\/#organization"},"image":{"@id":"https:\/\/lospoliticosveracruz.com\/?p=18563#primaryimage"},"thumbnailUrl":"http:\/\/www.lospoliticosveracruz.com.mx\/wp-content\/uploads\/2015\/10\/Armando-Adriano-Fabre-300x187.jpg","keywords":["Brenda Caballero","carros voladores","Elizabeth Morales","fotomultas","N\u00fameros Rojos","Veracruz","Xalapa"],"articleSection":["De Opini\u00f3n"],"inLanguage":"es","potentialAction":[{"@type":"CommentAction","name":"Comment","target":["https:\/\/lospoliticosveracruz.com\/?p=18563#respond"]}]},{"@type":"WebPage","@id":"https:\/\/lospoliticosveracruz.com\/?p=18563","url":"https:\/\/lospoliticosveracruz.com\/?p=18563","name":"\u00a1Carros voladores! - Los pol\u00edticos Veracruz","isPartOf":{"@id":"https:\/\/lospoliticosveracruz.com\/#website"},"primaryImageOfPage":{"@id":"https:\/\/lospoliticosveracruz.com\/?p=18563#primaryimage"},"image":{"@id":"https:\/\/lospoliticosveracruz.com\/?p=18563#primaryimage"},"thumbnailUrl":"http:\/\/www.lospoliticosveracruz.com.mx\/wp-content\/uploads\/2015\/10\/Armando-Adriano-Fabre-300x187.jpg","datePublished":"2015-10-23T03:04:37+00:00","breadcrumb":{"@id":"https:\/\/lospoliticosveracruz.com\/?p=18563#breadcrumb"},"inLanguage":"es","potentialAction":[{"@type":"ReadAction","target":["https:\/\/lospoliticosveracruz.com\/?p=18563"]}]},{"@type":"ImageObject","inLanguage":"es","@id":"https:\/\/lospoliticosveracruz.com\/?p=18563#primaryimage","url":"http:\/\/www.lospoliticosveracruz.com.mx\/wp-content\/uploads\/2015\/10\/Armando-Adriano-Fabre-300x187.jpg","contentUrl":"http:\/\/www.lospoliticosveracruz.com.mx\/wp-content\/uploads\/2015\/10\/Armando-Adriano-Fabre-300x187.jpg"},{"@type":"BreadcrumbList","@id":"https:\/\/lospoliticosveracruz.com\/?p=18563#breadcrumb","itemListElement":[{"@type":"ListItem","position":1,"name":"Portada","item":"https:\/\/lospoliticosveracruz.com\/"},{"@type":"ListItem","position":2,"name":"\u00a1Carros voladores!"}]},{"@type":"WebSite","@id":"https:\/\/lospoliticosveracruz.com\/#website","url":"https:\/\/lospoliticosveracruz.com\/","name":"Los pol\u00edticos Veracruz","description":"","publisher":{"@id":"https:\/\/lospoliticosveracruz.com\/#organization"},"potentialAction":[{"@type":"SearchAction","target":{"@type":"EntryPoint","urlTemplate":"https:\/\/lospoliticosveracruz.com\/?s={search_term_string}"},"query-input":{"@type":"PropertyValueSpecification","valueRequired":true,"valueName":"search_term_string"}}],"inLanguage":"es"},{"@type":"Organization","@id":"https:\/\/lospoliticosveracruz.com\/#organization","name":"Los pol\u00edticos Veracruz","url":"https:\/\/lospoliticosveracruz.com\/","logo":{"@type":"ImageObject","inLanguage":"es","@id":"https:\/\/lospoliticosveracruz.com\/#\/schema\/logo\/image\/","url":"https:\/\/lospoliticosveracruz.com\/wp-content\/uploads\/2025\/12\/Logo-Nuevo-LOS-POLITICOS-1.jpg","contentUrl":"https:\/\/lospoliticosveracruz.com\/wp-content\/uploads\/2025\/12\/Logo-Nuevo-LOS-POLITICOS-1.jpg","width":260,"height":70,"caption":"Los pol\u00edticos Veracruz"},"image":{"@id":"https:\/\/lospoliticosveracruz.com\/#\/schema\/logo\/image\/"},"sameAs":["https:\/\/www.facebook.com\/people\/Notimemes-de-los-Polticos\/61565672886568\/","https:\/\/x.com\/LosPoliticosVer"]},{"@type":"Person","@id":"https:\/\/lospoliticosveracruz.com\/#\/schema\/person\/b8702bb0e538456e6efd07080bf2a4a2","name":"Lo viste en Los Pol\u00edticos","image":{"@type":"ImageObject","inLanguage":"es","@id":"https:\/\/secure.gravatar.com\/avatar\/3a8de04a2656d44082be478bd6c086daa447c4651605818287b9532d3d0bd435?s=96&d=mm&r=g","url":"https:\/\/secure.gravatar.com\/avatar\/3a8de04a2656d44082be478bd6c086daa447c4651605818287b9532d3d0bd435?s=96&d=mm&r=g","contentUrl":"https:\/\/secure.gravatar.com\/avatar\/3a8de04a2656d44082be478bd6c086daa447c4651605818287b9532d3d0bd435?s=96&d=mm&r=g","caption":"Lo viste en Los Pol\u00edticos"},"url":"https:\/\/lospoliticosveracruz.com\/?author=2"}]}},"_links":{"self":[{"href":"https:\/\/lospoliticosveracruz.com\/index.php?rest_route=\/wp\/v2\/posts\/18563","targetHints":{"allow":["GET"]}}],"collection":[{"href":"https:\/\/lospoliticosveracruz.com\/index.php?rest_route=\/wp\/v2\/posts"}],"about":[{"href":"https:\/\/lospoliticosveracruz.com\/index.php?rest_route=\/wp\/v2\/types\/post"}],"author":[{"embeddable":true,"href":"https:\/\/lospoliticosveracruz.com\/index.php?rest_route=\/wp\/v2\/users\/2"}],"replies":[{"embeddable":true,"href":"https:\/\/lospoliticosveracruz.com\/index.php?rest_route=%2Fwp%2Fv2%2Fcomments&post=18563"}],"version-history":[{"count":1,"href":"https:\/\/lospoliticosveracruz.com\/index.php?rest_route=\/wp\/v2\/posts\/18563\/revisions"}],"predecessor-version":[{"id":18565,"href":"https:\/\/lospoliticosveracruz.com\/index.php?rest_route=\/wp\/v2\/posts\/18563\/revisions\/18565"}],"wp:attachment":[{"href":"https:\/\/lospoliticosveracruz.com\/index.php?rest_route=%2Fwp%2Fv2%2Fmedia&parent=18563"}],"wp:term":[{"taxonomy":"category","embeddable":true,"href":"https:\/\/lospoliticosveracruz.com\/index.php?rest_route=%2Fwp%2Fv2%2Fcategories&post=18563"},{"taxonomy":"post_tag","embeddable":true,"href":"https:\/\/lospoliticosveracruz.com\/index.php?rest_route=%2Fwp%2Fv2%2Ftags&post=18563"}],"curies":[{"name":"wp","href":"https:\/\/api.w.org\/{rel}","templated":true}]}}