{"id":18571,"date":"2015-10-23T09:52:23","date_gmt":"2015-10-23T14:52:23","guid":{"rendered":"http:\/\/www.lospoliticosveracruz.com.mx\/?p=18571"},"modified":"2015-10-23T09:52:23","modified_gmt":"2015-10-23T14:52:23","slug":"colima-pone-en-alerta-al-pri-de-veracruz","status":"publish","type":"post","link":"https:\/\/lospoliticosveracruz.com\/?p=18571","title":{"rendered":"Colima pone en alerta al PRI de Veracruz"},"content":{"rendered":"<p><a href=\"http:\/\/www.lospoliticosveracruz.com.mx\/wp-content\/uploads\/2015\/10\/Colima.jpg\"><img loading=\"lazy\" decoding=\"async\" class=\"alignnone size-medium wp-image-18572\" src=\"http:\/\/www.lospoliticosveracruz.com.mx\/wp-content\/uploads\/2015\/10\/Colima-300x142.jpg\" alt=\"Colima\" width=\"300\" height=\"142\" \/><\/a><\/p>\n<p><strong>Valeria Marcial<\/strong><br \/>\n<em>En Pol\u00edtica\u2026 personas y personalidades<\/em><br \/>\nHay esperanza para que exista la democracia en Veracruz. Con la resoluci\u00f3n que dio el Tribunal Electoral del Poder Judicial de la Federaci\u00f3n, referente a la elecci\u00f3n a gobernador en el estado de Colima, donde hab\u00eda resultado ganador Jos\u00e9 Ignacio Peralta S\u00e1nchez por el Partido Revolucionario Institucional, se encendieron las farolas en el partido tricolor, y seguro, tendr\u00e1n m\u00e1s cuidado en la operaci\u00f3n del pr\u00f3ximo proceso electoral, no querr\u00e1n ganar y que luego les anulen la elecci\u00f3n en la mesa.<br \/>\nLos panistas est\u00e1n de fiesta, el presidente nacional del PAN, Ricardo Anaya dice que es un triunfo de la justicia y a la democracia. Entonces habr\u00e1 elecciones extraordinarias; por lo pronto se nombrar\u00e1 un gobernador interino.<br \/>\nPor cierto, el mensaje hizo eco en la entidad.<br \/>\nEl pr\u00f3ximo 2016 se llevar\u00e1n a cabo elecciones en 12 estados, entre ellos Veracruz, donde est\u00e1 en juego la gubernatura de dos a\u00f1os.<br \/>\n\u201cLa anulaci\u00f3n para gobernador de Colima\u2026 manda un mensaje a todos los gobernadores del pa\u00eds, su intervenci\u00f3n en las elecciones es ilegal y no va a ser tolerada\u201d. \u00a1Zucutum!<br \/>\nPara este fin de semana en tierras veracruzanas, se espera la llegada del dirigente nacional Manlio Fabio Beltrones, para estar en la fiesta de Alberto Silva Ramos en el WTC. Pero con este resolutivo del TEPJF, podr\u00eda cambiar la agenda.<br \/>\n\u00bfQu\u00e9 les fall\u00f3? Nada, siempre lo hacen tan bien, que ganan, s\u00f3lo que fueron muy evidentes, se encontr\u00f3 \u201cintervenci\u00f3n ilegal del gobierno del estado en el proceso electoral\u201d. \u00bfY en qu\u00e9 estado no ocurre eso?<br \/>\n<strong>Mientras tanto en el Congreso del Estado\u2026<\/strong><br \/>\nComo era de esperarse la Iniciativa del Gobernador caus\u00f3 revuelo a su llegada al congreso del estado, ya fue turnada a la Comisi\u00f3n de Hacienda y luego la votar\u00e1n y la aprobar\u00e1n, la LegisVer tiene en su mayor\u00eda, sangre roja.<br \/>\nPor cierto, durante la 8 Sesi\u00f3n Ordinaria, del chongo se agarraron los diputados del PRD, Jes\u00fas Alberto Vel\u00e1zquez Flores y el de Nueva Alianza, Juan Ren\u00e9 Chiunti, ya de paso como para no pasar desapercibidos opinaron Tonatiuh Pola y Marcela Aguilera.<br \/>\nTodo, por la designaci\u00f3n de Alfredo Ferrari Saavedra en la Secretar\u00eda de Desarrollo Social, obvio que respingaron que viene de operar en el PRI y sale y le dan la Secretar\u00eda que ayuda a los pobres y m\u00e1s necesitados\u2026 Qui\u00e9n no va a dudar de que no se mezcle lo pol\u00edtico con la correcta implementaci\u00f3n y puesta en marcha de las pol\u00edticas p\u00fablicas de asistencia social. Vaya Personalidad.<br \/>\nEl legislador del Sol Azteca, le puso sabor a lo plano de la reuni\u00f3n y sac\u00f3 el tema del pol\u00edtico, y exclam\u00f3 que en medio de la vor\u00e1gine por la que atraviesa el gobierno del estado, en v\u00edsperas del pr\u00f3ximo proceso electoral se impone a modo a una persona. \u00bfs\u00f3lo una?<br \/>\nRefut\u00f3, que \u201cno es conveniente que alguien que viene de dirigir al PRI, al siguiente d\u00eda sea embonado en una alta responsabilidad, pues pone en duda la imparcialidad en la entrega de apoyos, convirtiendo la administraci\u00f3n p\u00fablica en un tablero de ajedrez, cuyos enroques no hacen m\u00e1s que exhibir, el andamiaje pol\u00edtico electoral que est\u00e1 haciendo el gobierno del estado\u201d.<br \/>\nAy diputado, usted no entiende que un gobierno se construye d\u00eda a d\u00eda.<br \/>\nPero alguien ten\u00eda que defender, y entonces valiente sali\u00f3 al quite el cuenque\u00f1o Juan Ren\u00e9 Chiunti, y justific\u00f3 \u201cque las atribuciones del ejecutivo son del ejecutivo y las del legislativo son del legislativo\u201d. Uy que bueno que lo aclara.<br \/>\nY entonces, refut\u00f3 \u201cno podemos criticar los hechos anteriores, porque nosotros tambi\u00e9n tendr\u00edamos que criticar lo que ha pasado en otros partidos\u201d. A ver, a ver diputado, o sea, que como los azules tambi\u00e9n tiene cola que les pisen, nostros, no pueden refutar la cola del PRI\u2026<br \/>\nQuiz\u00e1 ustedes no se\u00f1ores que viven del erario p\u00fablico, pero los ciudadanos si podemos cuestionar la llegada no s\u00f3lo de Ferrari, quiz\u00e1 la de muchos que est\u00e1n incrustados en el gobierno, s\u00f3lo como pago de favores.<br \/>\n\u00a1H\u00e1game usted el refabron cavor!<br \/>\nY en esos dimes y diretes, hasta los ausentes Julen Rementer\u00eda y Yunes Linares salieron en el baile, que porque son panistas y luego tuvieron un cargo\u2026 Esa s\u00ed, que no se las compro, si no entonces ninguno deber\u00eda estar en un cargo p\u00fablico. Toodoss.<br \/>\nChiunti dijo que en dado caso de que Alfredo Ferrari, incurra en violaciones a la Ley, entonces lo criticar\u00e1 y expondr\u00e1, si en su momento ocupa el cargo para labores partidistas\u2026 Vaaaaamos a ver si es cierto.<br \/>\nPues haiga sido como haiga sido, Alfredo lleg\u00f3 y si todo le sale bien, con suerte, cierra la administraci\u00f3n de Duarte.<br \/>\n<strong>Brevesssss<\/strong><br \/>\nFelicidades al alcalde de Xico, Lorenzo Pozos por el Museo del Danzante. Tiene los pies en la tierra, no como el de Coatepec, que tiene al Pueblo M\u00e1gico, hecho un asco. Tantos ambulantes dan una p\u00e9sima imagen. Por cierto la que manda, decide y aprueba, lleva falda y desde luego no es el alcalde, quien dicen, no recibe ni a sus regidores y directores, los tiene unidos a todos, pero en su contra.<\/p>\n<p>en twitter @ValeriaMarcial<br \/>\nvale_1887@hotmail.com<\/p>\n","protected":false},"excerpt":{"rendered":"<p>Valeria Marcial En Pol\u00edtica\u2026 personas y personalidades Hay esperanza para que exista la democracia en Veracruz. Con la resoluci\u00f3n que dio el Tribunal Electoral del Poder Judicial de la Federaci\u00f3n, referente a la elecci\u00f3n a gobernador en el estado de Colima, donde hab\u00eda resultado ganador Jos\u00e9 Ignacio Peralta S\u00e1nchez por el Partido Revolucionario Institucional, se [&hellip;]<\/p>\n","protected":false},"author":2,"featured_media":0,"comment_status":"open","ping_status":"open","sticky":false,"template":"","format":"standard","meta":{"tdm_status":"","tdm_grid_status":"","footnotes":""},"categories":[70],"tags":[1378,3802,3803,266,251,2850,195],"class_list":{"0":"post-18571","1":"post","2":"type-post","3":"status-publish","4":"format-standard","6":"category-de-opinion","7":"tag-alfredo-ferrari-saavedra","8":"tag-gobernador-de-colima","9":"tag-jose-ignacio-peralta-sanchez","10":"tag-pan","11":"tag-pri","12":"tag-ricardo-anaya","13":"tag-veracruz"},"yoast_head":"<!-- This site is optimized with the Yoast SEO plugin v27.4 - https:\/\/yoast.com\/product\/yoast-seo-wordpress\/ -->\n<title>Colima pone en alerta al PRI de Veracruz - Los pol\u00edticos Veracruz<\/title>\n<meta name=\"robots\" content=\"index, follow, max-snippet:-1, max-image-preview:large, max-video-preview:-1\" \/>\n<link rel=\"canonical\" href=\"https:\/\/lospoliticosveracruz.com\/?p=18571\" \/>\n<meta property=\"og:locale\" content=\"es_ES\" \/>\n<meta property=\"og:type\" content=\"article\" \/>\n<meta property=\"og:title\" content=\"Colima pone en alerta al PRI de Veracruz - Los pol\u00edticos Veracruz\" \/>\n<meta property=\"og:description\" content=\"Valeria Marcial En Pol\u00edtica\u2026 personas y personalidades Hay esperanza para que exista la democracia en Veracruz. Con la resoluci\u00f3n que dio el Tribunal Electoral del Poder Judicial de la Federaci\u00f3n, referente a la elecci\u00f3n a gobernador en el estado de Colima, donde hab\u00eda resultado ganador Jos\u00e9 Ignacio Peralta S\u00e1nchez por el Partido Revolucionario Institucional, se [&hellip;]\" \/>\n<meta property=\"og:url\" content=\"https:\/\/lospoliticosveracruz.com\/?p=18571\" \/>\n<meta property=\"og:site_name\" content=\"Los pol\u00edticos Veracruz\" \/>\n<meta property=\"article:publisher\" content=\"https:\/\/www.facebook.com\/people\/Notimemes-de-los-Polticos\/61565672886568\/\" \/>\n<meta property=\"article:published_time\" content=\"2015-10-23T14:52:23+00:00\" \/>\n<meta property=\"og:image\" content=\"http:\/\/www.lospoliticosveracruz.com.mx\/wp-content\/uploads\/2015\/10\/Colima-300x142.jpg\" \/>\n<meta name=\"author\" content=\"Lo viste en Los Pol\u00edticos\" \/>\n<meta name=\"twitter:card\" content=\"summary_large_image\" \/>\n<meta name=\"twitter:creator\" content=\"@LosPoliticosVer\" \/>\n<meta name=\"twitter:site\" content=\"@LosPoliticosVer\" \/>\n<meta name=\"twitter:label1\" content=\"Escrito por\" \/>\n\t<meta name=\"twitter:data1\" content=\"Lo viste en Los Pol\u00edticos\" \/>\n\t<meta name=\"twitter:label2\" content=\"Tiempo de lectura\" \/>\n\t<meta name=\"twitter:data2\" content=\"5 minutos\" \/>\n<script type=\"application\/ld+json\" class=\"yoast-schema-graph\">{\"@context\":\"https:\\\/\\\/schema.org\",\"@graph\":[{\"@type\":\"Article\",\"@id\":\"https:\\\/\\\/lospoliticosveracruz.com\\\/?p=18571#article\",\"isPartOf\":{\"@id\":\"https:\\\/\\\/lospoliticosveracruz.com\\\/?p=18571\"},\"author\":{\"name\":\"Lo viste en Los Pol\u00edticos\",\"@id\":\"https:\\\/\\\/lospoliticosveracruz.com\\\/#\\\/schema\\\/person\\\/b8702bb0e538456e6efd07080bf2a4a2\"},\"headline\":\"Colima pone en alerta al PRI de Veracruz\",\"datePublished\":\"2015-10-23T14:52:23+00:00\",\"mainEntityOfPage\":{\"@id\":\"https:\\\/\\\/lospoliticosveracruz.com\\\/?p=18571\"},\"wordCount\":922,\"commentCount\":0,\"publisher\":{\"@id\":\"https:\\\/\\\/lospoliticosveracruz.com\\\/#organization\"},\"image\":{\"@id\":\"https:\\\/\\\/lospoliticosveracruz.com\\\/?p=18571#primaryimage\"},\"thumbnailUrl\":\"http:\\\/\\\/www.lospoliticosveracruz.com.mx\\\/wp-content\\\/uploads\\\/2015\\\/10\\\/Colima-300x142.jpg\",\"keywords\":[\"Alfredo Ferrari Saavedra\",\"gobernador de Colima\",\"Jos\u00e9 Ignacio Peralta S\u00e1nchez\",\"PAN\",\"PRI\",\"Ricardo Anaya\",\"Veracruz\"],\"articleSection\":[\"De Opini\u00f3n\"],\"inLanguage\":\"es\",\"potentialAction\":[{\"@type\":\"CommentAction\",\"name\":\"Comment\",\"target\":[\"https:\\\/\\\/lospoliticosveracruz.com\\\/?p=18571#respond\"]}]},{\"@type\":\"WebPage\",\"@id\":\"https:\\\/\\\/lospoliticosveracruz.com\\\/?p=18571\",\"url\":\"https:\\\/\\\/lospoliticosveracruz.com\\\/?p=18571\",\"name\":\"Colima pone en alerta al PRI de Veracruz - Los pol\u00edticos Veracruz\",\"isPartOf\":{\"@id\":\"https:\\\/\\\/lospoliticosveracruz.com\\\/#website\"},\"primaryImageOfPage\":{\"@id\":\"https:\\\/\\\/lospoliticosveracruz.com\\\/?p=18571#primaryimage\"},\"image\":{\"@id\":\"https:\\\/\\\/lospoliticosveracruz.com\\\/?p=18571#primaryimage\"},\"thumbnailUrl\":\"http:\\\/\\\/www.lospoliticosveracruz.com.mx\\\/wp-content\\\/uploads\\\/2015\\\/10\\\/Colima-300x142.jpg\",\"datePublished\":\"2015-10-23T14:52:23+00:00\",\"breadcrumb\":{\"@id\":\"https:\\\/\\\/lospoliticosveracruz.com\\\/?p=18571#breadcrumb\"},\"inLanguage\":\"es\",\"potentialAction\":[{\"@type\":\"ReadAction\",\"target\":[\"https:\\\/\\\/lospoliticosveracruz.com\\\/?p=18571\"]}]},{\"@type\":\"ImageObject\",\"inLanguage\":\"es\",\"@id\":\"https:\\\/\\\/lospoliticosveracruz.com\\\/?p=18571#primaryimage\",\"url\":\"http:\\\/\\\/www.lospoliticosveracruz.com.mx\\\/wp-content\\\/uploads\\\/2015\\\/10\\\/Colima-300x142.jpg\",\"contentUrl\":\"http:\\\/\\\/www.lospoliticosveracruz.com.mx\\\/wp-content\\\/uploads\\\/2015\\\/10\\\/Colima-300x142.jpg\"},{\"@type\":\"BreadcrumbList\",\"@id\":\"https:\\\/\\\/lospoliticosveracruz.com\\\/?p=18571#breadcrumb\",\"itemListElement\":[{\"@type\":\"ListItem\",\"position\":1,\"name\":\"Portada\",\"item\":\"https:\\\/\\\/lospoliticosveracruz.com\\\/\"},{\"@type\":\"ListItem\",\"position\":2,\"name\":\"Colima pone en alerta al PRI de Veracruz\"}]},{\"@type\":\"WebSite\",\"@id\":\"https:\\\/\\\/lospoliticosveracruz.com\\\/#website\",\"url\":\"https:\\\/\\\/lospoliticosveracruz.com\\\/\",\"name\":\"Los pol\u00edticos Veracruz\",\"description\":\"\",\"publisher\":{\"@id\":\"https:\\\/\\\/lospoliticosveracruz.com\\\/#organization\"},\"potentialAction\":[{\"@type\":\"SearchAction\",\"target\":{\"@type\":\"EntryPoint\",\"urlTemplate\":\"https:\\\/\\\/lospoliticosveracruz.com\\\/?s={search_term_string}\"},\"query-input\":{\"@type\":\"PropertyValueSpecification\",\"valueRequired\":true,\"valueName\":\"search_term_string\"}}],\"inLanguage\":\"es\"},{\"@type\":\"Organization\",\"@id\":\"https:\\\/\\\/lospoliticosveracruz.com\\\/#organization\",\"name\":\"Los pol\u00edticos Veracruz\",\"url\":\"https:\\\/\\\/lospoliticosveracruz.com\\\/\",\"logo\":{\"@type\":\"ImageObject\",\"inLanguage\":\"es\",\"@id\":\"https:\\\/\\\/lospoliticosveracruz.com\\\/#\\\/schema\\\/logo\\\/image\\\/\",\"url\":\"https:\\\/\\\/lospoliticosveracruz.com\\\/wp-content\\\/uploads\\\/2025\\\/12\\\/Logo-Nuevo-LOS-POLITICOS-1.jpg\",\"contentUrl\":\"https:\\\/\\\/lospoliticosveracruz.com\\\/wp-content\\\/uploads\\\/2025\\\/12\\\/Logo-Nuevo-LOS-POLITICOS-1.jpg\",\"width\":260,\"height\":70,\"caption\":\"Los pol\u00edticos Veracruz\"},\"image\":{\"@id\":\"https:\\\/\\\/lospoliticosveracruz.com\\\/#\\\/schema\\\/logo\\\/image\\\/\"},\"sameAs\":[\"https:\\\/\\\/www.facebook.com\\\/people\\\/Notimemes-de-los-Polticos\\\/61565672886568\\\/\",\"https:\\\/\\\/x.com\\\/LosPoliticosVer\"]},{\"@type\":\"Person\",\"@id\":\"https:\\\/\\\/lospoliticosveracruz.com\\\/#\\\/schema\\\/person\\\/b8702bb0e538456e6efd07080bf2a4a2\",\"name\":\"Lo viste en Los Pol\u00edticos\",\"image\":{\"@type\":\"ImageObject\",\"inLanguage\":\"es\",\"@id\":\"https:\\\/\\\/secure.gravatar.com\\\/avatar\\\/3a8de04a2656d44082be478bd6c086daa447c4651605818287b9532d3d0bd435?s=96&d=mm&r=g\",\"url\":\"https:\\\/\\\/secure.gravatar.com\\\/avatar\\\/3a8de04a2656d44082be478bd6c086daa447c4651605818287b9532d3d0bd435?s=96&d=mm&r=g\",\"contentUrl\":\"https:\\\/\\\/secure.gravatar.com\\\/avatar\\\/3a8de04a2656d44082be478bd6c086daa447c4651605818287b9532d3d0bd435?s=96&d=mm&r=g\",\"caption\":\"Lo viste en Los Pol\u00edticos\"},\"url\":\"https:\\\/\\\/lospoliticosveracruz.com\\\/?author=2\"}]}<\/script>\n<!-- \/ Yoast SEO plugin. -->","yoast_head_json":{"title":"Colima pone en alerta al PRI de Veracruz - Los pol\u00edticos Veracruz","robots":{"index":"index","follow":"follow","max-snippet":"max-snippet:-1","max-image-preview":"max-image-preview:large","max-video-preview":"max-video-preview:-1"},"canonical":"https:\/\/lospoliticosveracruz.com\/?p=18571","og_locale":"es_ES","og_type":"article","og_title":"Colima pone en alerta al PRI de Veracruz - Los pol\u00edticos Veracruz","og_description":"Valeria Marcial En Pol\u00edtica\u2026 personas y personalidades Hay esperanza para que exista la democracia en Veracruz. Con la resoluci\u00f3n que dio el Tribunal Electoral del Poder Judicial de la Federaci\u00f3n, referente a la elecci\u00f3n a gobernador en el estado de Colima, donde hab\u00eda resultado ganador Jos\u00e9 Ignacio Peralta S\u00e1nchez por el Partido Revolucionario Institucional, se [&hellip;]","og_url":"https:\/\/lospoliticosveracruz.com\/?p=18571","og_site_name":"Los pol\u00edticos Veracruz","article_publisher":"https:\/\/www.facebook.com\/people\/Notimemes-de-los-Polticos\/61565672886568\/","article_published_time":"2015-10-23T14:52:23+00:00","og_image":[{"url":"http:\/\/www.lospoliticosveracruz.com.mx\/wp-content\/uploads\/2015\/10\/Colima-300x142.jpg","type":"","width":"","height":""}],"author":"Lo viste en Los Pol\u00edticos","twitter_card":"summary_large_image","twitter_creator":"@LosPoliticosVer","twitter_site":"@LosPoliticosVer","twitter_misc":{"Escrito por":"Lo viste en Los Pol\u00edticos","Tiempo de lectura":"5 minutos"},"schema":{"@context":"https:\/\/schema.org","@graph":[{"@type":"Article","@id":"https:\/\/lospoliticosveracruz.com\/?p=18571#article","isPartOf":{"@id":"https:\/\/lospoliticosveracruz.com\/?p=18571"},"author":{"name":"Lo viste en Los Pol\u00edticos","@id":"https:\/\/lospoliticosveracruz.com\/#\/schema\/person\/b8702bb0e538456e6efd07080bf2a4a2"},"headline":"Colima pone en alerta al PRI de Veracruz","datePublished":"2015-10-23T14:52:23+00:00","mainEntityOfPage":{"@id":"https:\/\/lospoliticosveracruz.com\/?p=18571"},"wordCount":922,"commentCount":0,"publisher":{"@id":"https:\/\/lospoliticosveracruz.com\/#organization"},"image":{"@id":"https:\/\/lospoliticosveracruz.com\/?p=18571#primaryimage"},"thumbnailUrl":"http:\/\/www.lospoliticosveracruz.com.mx\/wp-content\/uploads\/2015\/10\/Colima-300x142.jpg","keywords":["Alfredo Ferrari Saavedra","gobernador de Colima","Jos\u00e9 Ignacio Peralta S\u00e1nchez","PAN","PRI","Ricardo Anaya","Veracruz"],"articleSection":["De Opini\u00f3n"],"inLanguage":"es","potentialAction":[{"@type":"CommentAction","name":"Comment","target":["https:\/\/lospoliticosveracruz.com\/?p=18571#respond"]}]},{"@type":"WebPage","@id":"https:\/\/lospoliticosveracruz.com\/?p=18571","url":"https:\/\/lospoliticosveracruz.com\/?p=18571","name":"Colima pone en alerta al PRI de Veracruz - Los pol\u00edticos Veracruz","isPartOf":{"@id":"https:\/\/lospoliticosveracruz.com\/#website"},"primaryImageOfPage":{"@id":"https:\/\/lospoliticosveracruz.com\/?p=18571#primaryimage"},"image":{"@id":"https:\/\/lospoliticosveracruz.com\/?p=18571#primaryimage"},"thumbnailUrl":"http:\/\/www.lospoliticosveracruz.com.mx\/wp-content\/uploads\/2015\/10\/Colima-300x142.jpg","datePublished":"2015-10-23T14:52:23+00:00","breadcrumb":{"@id":"https:\/\/lospoliticosveracruz.com\/?p=18571#breadcrumb"},"inLanguage":"es","potentialAction":[{"@type":"ReadAction","target":["https:\/\/lospoliticosveracruz.com\/?p=18571"]}]},{"@type":"ImageObject","inLanguage":"es","@id":"https:\/\/lospoliticosveracruz.com\/?p=18571#primaryimage","url":"http:\/\/www.lospoliticosveracruz.com.mx\/wp-content\/uploads\/2015\/10\/Colima-300x142.jpg","contentUrl":"http:\/\/www.lospoliticosveracruz.com.mx\/wp-content\/uploads\/2015\/10\/Colima-300x142.jpg"},{"@type":"BreadcrumbList","@id":"https:\/\/lospoliticosveracruz.com\/?p=18571#breadcrumb","itemListElement":[{"@type":"ListItem","position":1,"name":"Portada","item":"https:\/\/lospoliticosveracruz.com\/"},{"@type":"ListItem","position":2,"name":"Colima pone en alerta al PRI de Veracruz"}]},{"@type":"WebSite","@id":"https:\/\/lospoliticosveracruz.com\/#website","url":"https:\/\/lospoliticosveracruz.com\/","name":"Los pol\u00edticos Veracruz","description":"","publisher":{"@id":"https:\/\/lospoliticosveracruz.com\/#organization"},"potentialAction":[{"@type":"SearchAction","target":{"@type":"EntryPoint","urlTemplate":"https:\/\/lospoliticosveracruz.com\/?s={search_term_string}"},"query-input":{"@type":"PropertyValueSpecification","valueRequired":true,"valueName":"search_term_string"}}],"inLanguage":"es"},{"@type":"Organization","@id":"https:\/\/lospoliticosveracruz.com\/#organization","name":"Los pol\u00edticos Veracruz","url":"https:\/\/lospoliticosveracruz.com\/","logo":{"@type":"ImageObject","inLanguage":"es","@id":"https:\/\/lospoliticosveracruz.com\/#\/schema\/logo\/image\/","url":"https:\/\/lospoliticosveracruz.com\/wp-content\/uploads\/2025\/12\/Logo-Nuevo-LOS-POLITICOS-1.jpg","contentUrl":"https:\/\/lospoliticosveracruz.com\/wp-content\/uploads\/2025\/12\/Logo-Nuevo-LOS-POLITICOS-1.jpg","width":260,"height":70,"caption":"Los pol\u00edticos Veracruz"},"image":{"@id":"https:\/\/lospoliticosveracruz.com\/#\/schema\/logo\/image\/"},"sameAs":["https:\/\/www.facebook.com\/people\/Notimemes-de-los-Polticos\/61565672886568\/","https:\/\/x.com\/LosPoliticosVer"]},{"@type":"Person","@id":"https:\/\/lospoliticosveracruz.com\/#\/schema\/person\/b8702bb0e538456e6efd07080bf2a4a2","name":"Lo viste en Los Pol\u00edticos","image":{"@type":"ImageObject","inLanguage":"es","@id":"https:\/\/secure.gravatar.com\/avatar\/3a8de04a2656d44082be478bd6c086daa447c4651605818287b9532d3d0bd435?s=96&d=mm&r=g","url":"https:\/\/secure.gravatar.com\/avatar\/3a8de04a2656d44082be478bd6c086daa447c4651605818287b9532d3d0bd435?s=96&d=mm&r=g","contentUrl":"https:\/\/secure.gravatar.com\/avatar\/3a8de04a2656d44082be478bd6c086daa447c4651605818287b9532d3d0bd435?s=96&d=mm&r=g","caption":"Lo viste en Los Pol\u00edticos"},"url":"https:\/\/lospoliticosveracruz.com\/?author=2"}]}},"_links":{"self":[{"href":"https:\/\/lospoliticosveracruz.com\/index.php?rest_route=\/wp\/v2\/posts\/18571","targetHints":{"allow":["GET"]}}],"collection":[{"href":"https:\/\/lospoliticosveracruz.com\/index.php?rest_route=\/wp\/v2\/posts"}],"about":[{"href":"https:\/\/lospoliticosveracruz.com\/index.php?rest_route=\/wp\/v2\/types\/post"}],"author":[{"embeddable":true,"href":"https:\/\/lospoliticosveracruz.com\/index.php?rest_route=\/wp\/v2\/users\/2"}],"replies":[{"embeddable":true,"href":"https:\/\/lospoliticosveracruz.com\/index.php?rest_route=%2Fwp%2Fv2%2Fcomments&post=18571"}],"version-history":[{"count":1,"href":"https:\/\/lospoliticosveracruz.com\/index.php?rest_route=\/wp\/v2\/posts\/18571\/revisions"}],"predecessor-version":[{"id":18573,"href":"https:\/\/lospoliticosveracruz.com\/index.php?rest_route=\/wp\/v2\/posts\/18571\/revisions\/18573"}],"wp:attachment":[{"href":"https:\/\/lospoliticosveracruz.com\/index.php?rest_route=%2Fwp%2Fv2%2Fmedia&parent=18571"}],"wp:term":[{"taxonomy":"category","embeddable":true,"href":"https:\/\/lospoliticosveracruz.com\/index.php?rest_route=%2Fwp%2Fv2%2Fcategories&post=18571"},{"taxonomy":"post_tag","embeddable":true,"href":"https:\/\/lospoliticosveracruz.com\/index.php?rest_route=%2Fwp%2Fv2%2Ftags&post=18571"}],"curies":[{"name":"wp","href":"https:\/\/api.w.org\/{rel}","templated":true}]}}