{"id":18574,"date":"2015-10-23T10:03:44","date_gmt":"2015-10-23T15:03:44","guid":{"rendered":"http:\/\/www.lospoliticosveracruz.com.mx\/?p=18574"},"modified":"2015-10-23T10:54:30","modified_gmt":"2015-10-23T15:54:30","slug":"entre-doctores-te-veas","status":"publish","type":"post","link":"https:\/\/lospoliticosveracruz.com\/?p=18574","title":{"rendered":"Entre doctores te veas"},"content":{"rendered":"<p><a href=\"http:\/\/www.lospoliticosveracruz.com.mx\/wp-content\/uploads\/2015\/10\/Doctor-House.png\"><img loading=\"lazy\" decoding=\"async\" class=\"alignnone size-medium wp-image-18575\" src=\"http:\/\/www.lospoliticosveracruz.com.mx\/wp-content\/uploads\/2015\/10\/Doctor-House-300x164.png\" alt=\"Doctor House\" width=\"300\" height=\"164\" \/><\/a><\/p>\n<p><strong>Gustavo Avila Maldonado<\/strong><\/p>\n<p><em>Ruizcortinadas<\/em><\/p>\n<p>En el consultorio, el paciente le muestra a su m\u00e9dico los resultados de sus an\u00e1lisis.<br \/>\nEl m\u00e9dico los analiza con rostro preocupado y dice al paciente:<br \/>\n\u2013 Tendremos que mandar a hacerle una plaquita.<br \/>\n\u2013 \u00bfDe t\u00f3rax, doctor?<br \/>\n\u2013 No&#8230; de m\u00e1rmol.<br \/>\n\u00bfQui\u00e9n no ha escuchado decir que la risa es la mejor medicina, que es la cura del alma o alguna otra acepci\u00f3n parecida? Yo s\u00ed, y \u00faltimamente se torna m\u00e1s habitual este comentario pues, incluso, diversos estudios han demostrado que la risa afecta a todo el organismo de manera ben\u00e9fica aportando no s\u00f3lo una sensaci\u00f3n de satisfacci\u00f3n y bienestar, sino que combate la depresi\u00f3n, la ansiedad y el estr\u00e9s tan asociados a la vida moderna. Muchas veces no alcanzamos a imaginar siquiera todas las bondades que conlleva una buena dosis de carcajadas, ya que el cuerpo genera est\u00edmulos m\u00e1s fuertes que los propios narc\u00f3ticos: las endorfinas; esos analg\u00e9sicos naturales que, en el cerebro, producen estados de felicidad \u00a1y no s\u00f3lo eso!, tambi\u00e9n nos protegen de infecciones y nos ayudan a ser m\u00e1s resistentes a enfermedades como la hipertensi\u00f3n, la diabetes \u00a1y hasta el c\u00e1ncer!<br \/>\nHe aqu\u00ed la importancia y la respuesta al por qu\u00e9, en la actualidad, hay m\u00e9dicos que han hecho de la risa su forma de trabajo, generando cl\u00ednicas alrededor del mundo, especializadas en terapia de la risa como un medio para aliviar cualquier padecimiento. Y que conste que, aunque pudiera tener cierta semejanza, no me estoy refiriendo al doctor Chapat\u00edn \u2013interpretado por el fallecido Roberto G\u00f3mez Bola\u00f1os \u201cChespirito\u201d \u2013 quien, con sus m\u00e9todos poco ortodoxos, intentaba paliar las enfermedades de sus pacientes no sin antes cobrar la consulta por adelantado. Chapat\u00edn lograba arrancar sonrisas muy a su estilo, ingenioso, sat\u00edrico, burlesco, gru\u00f1\u00f3n con un humor negro casi improvisado. Ya con este antecedente podemos ver en qui\u00e9n bas\u00f3 su personaje (aunque m\u00e1s bien antip\u00e1tico, exc\u00e9ntrico y poco convencional) Gregory House; el doctor House de la serie norteamericana hom\u00f3nima, quien trataba a personas con padecimientos extra\u00f1os y cuyos diagn\u00f3sticos, en la vida real, en 2012 lograron salvar a una paciente alemana de 55 a\u00f1os, gracias a que su m\u00e9dico record\u00f3 un caso similar transmitido en la ficci\u00f3n televisiva. Este es, sin duda, una muestra de lo que hace un libreto bien hecho, m\u00e1s all\u00e1 del simple entretenimiento.<br \/>\n\u2013 \u2013 Tiene usted un par\u00e1sito<br \/>\n\u2013 \u00bfUn par\u00e1sito? \u00bfTengo la solitaria?<br \/>\n\u2013 No, tiene uno de esos par\u00e1sitos que salen a los nueve meses.<br \/>\n\u2013 Normalmente las mujeres se encari\u00f1an con ellos, les compran ropitas los llevan al parque y le ponen un nombre. Mire tiene sus ojos.<br \/>\nDr. House<br \/>\nLa televisi\u00f3n, lo mismo que el cine y la literatura, se han valido de la figura del m\u00e9dico para crear personajes que se han convertido en hitos y manifestaciones de las \u00e9pocas en las que se sucedieron. As\u00ed tenemos a las doctoras Quinn y Dana Scully (X Files), o a doctores como Jekyll, Hannibal Lecter, Henry Frankenstein, John H. Watson (Sherlock Holmes), Abraham Van Helsing (Dr\u00e1cula), Dr. No (James Bond), y Salvador (El se\u00f1or doctor), interpretado por el inolvidable Mario Moreno \u201cCantinflas\u201d, Dr. killdere, Dr. Path, por citar tan s\u00f3lo algunos de los muchos personajes que existen y que se han concebido como un homenaje a los hombres de ciencia, a los m\u00e9dicos que nos apoyan preservar la salud, a prevenir y curar las enfermedades e, inclusive, a evitar una muerte temprana.<br \/>\nEstos h\u00e9roes verdaderos, de carne y hueso, que se suman a las filas de la medicina son muchos. En el segundo trimestre de 2014, nuestro pa\u00eds \u2013seg\u00fan el INEGI- contaba al menos con trescientos cuarenta y tres mil setecientas personas con formaci\u00f3n de m\u00e9dico, dedicados a que los hombres y las mujeres no s\u00f3lo vivan sanos, sino que mueran del mismo modo y lo m\u00e1s tarde posible. Es por eso que, en virtud de la celebraci\u00f3n del D\u00eda del M\u00e9dico, que desde 1937 se hace cada 23 de octubre (fecha que, adem\u00e1s, coincide con la creaci\u00f3n en 1833 del Establecimiento de Ciencias M\u00e9dicas en la Ciudad de M\u00e9xico, antecedente de la actual Facultad de Medicina de la Universidad Nacional Aut\u00f3noma de M\u00e9xico), hoy escribo en reconocimiento de nuestros galenos mexicanos quienes atesoran en su existencia varios a\u00f1os dedicados al estudio y la pr\u00e1ctica de la medicina para prometernos un pa\u00eds con mejor calidad de vida, pleno en salud y lo m\u00e1s alejado de las enfermedades.<\/p>\n","protected":false},"excerpt":{"rendered":"<p>Gustavo Avila Maldonado Ruizcortinadas En el consultorio, el paciente le muestra a su m\u00e9dico los resultados de sus an\u00e1lisis. El m\u00e9dico los analiza con rostro preocupado y dice al paciente: \u2013 Tendremos que mandar a hacerle una plaquita. \u2013 \u00bfDe t\u00f3rax, doctor? \u2013 No&#8230; de m\u00e1rmol. \u00bfQui\u00e9n no ha escuchado decir que la risa es [&hellip;]<\/p>\n","protected":false},"author":2,"featured_media":0,"comment_status":"open","ping_status":"open","sticky":false,"template":"","format":"standard","meta":{"tdm_status":"","tdm_grid_status":"","footnotes":""},"categories":[70],"tags":[296,3112,3806,3809,3808,3807,3805],"class_list":{"0":"post-18574","1":"post","2":"type-post","3":"status-publish","4":"format-standard","6":"category-de-opinion","7":"tag-cancer","8":"tag-diabetes","9":"tag-doctor-chapatin","10":"tag-doctor-house","11":"tag-doctores","12":"tag-hipertension","13":"tag-medicos"},"yoast_head":"<!-- This site is optimized with the Yoast SEO plugin v27.4 - https:\/\/yoast.com\/product\/yoast-seo-wordpress\/ -->\n<title>Entre doctores te veas - Los pol\u00edticos Veracruz<\/title>\n<meta name=\"robots\" content=\"index, follow, max-snippet:-1, max-image-preview:large, max-video-preview:-1\" \/>\n<link rel=\"canonical\" href=\"https:\/\/lospoliticosveracruz.com\/?p=18574\" \/>\n<meta property=\"og:locale\" content=\"es_ES\" \/>\n<meta property=\"og:type\" content=\"article\" \/>\n<meta property=\"og:title\" content=\"Entre doctores te veas - Los pol\u00edticos Veracruz\" \/>\n<meta property=\"og:description\" content=\"Gustavo Avila Maldonado Ruizcortinadas En el consultorio, el paciente le muestra a su m\u00e9dico los resultados de sus an\u00e1lisis. El m\u00e9dico los analiza con rostro preocupado y dice al paciente: \u2013 Tendremos que mandar a hacerle una plaquita. \u2013 \u00bfDe t\u00f3rax, doctor? \u2013 No&#8230; de m\u00e1rmol. \u00bfQui\u00e9n no ha escuchado decir que la risa es [&hellip;]\" \/>\n<meta property=\"og:url\" content=\"https:\/\/lospoliticosveracruz.com\/?p=18574\" \/>\n<meta property=\"og:site_name\" content=\"Los pol\u00edticos Veracruz\" \/>\n<meta property=\"article:publisher\" content=\"https:\/\/www.facebook.com\/people\/Notimemes-de-los-Polticos\/61565672886568\/\" \/>\n<meta property=\"article:published_time\" content=\"2015-10-23T15:03:44+00:00\" \/>\n<meta property=\"article:modified_time\" content=\"2015-10-23T15:54:30+00:00\" \/>\n<meta property=\"og:image\" content=\"http:\/\/www.lospoliticosveracruz.com.mx\/wp-content\/uploads\/2015\/10\/Doctor-House-300x164.png\" \/>\n<meta name=\"author\" content=\"Lo viste en Los Pol\u00edticos\" \/>\n<meta name=\"twitter:card\" content=\"summary_large_image\" \/>\n<meta name=\"twitter:creator\" content=\"@LosPoliticosVer\" \/>\n<meta name=\"twitter:site\" content=\"@LosPoliticosVer\" \/>\n<meta name=\"twitter:label1\" content=\"Escrito por\" \/>\n\t<meta name=\"twitter:data1\" content=\"Lo viste en Los Pol\u00edticos\" \/>\n\t<meta name=\"twitter:label2\" content=\"Tiempo de lectura\" \/>\n\t<meta name=\"twitter:data2\" content=\"4 minutos\" \/>\n<script type=\"application\/ld+json\" class=\"yoast-schema-graph\">{\"@context\":\"https:\\\/\\\/schema.org\",\"@graph\":[{\"@type\":\"Article\",\"@id\":\"https:\\\/\\\/lospoliticosveracruz.com\\\/?p=18574#article\",\"isPartOf\":{\"@id\":\"https:\\\/\\\/lospoliticosveracruz.com\\\/?p=18574\"},\"author\":{\"name\":\"Lo viste en Los Pol\u00edticos\",\"@id\":\"https:\\\/\\\/lospoliticosveracruz.com\\\/#\\\/schema\\\/person\\\/b8702bb0e538456e6efd07080bf2a4a2\"},\"headline\":\"Entre doctores te veas\",\"datePublished\":\"2015-10-23T15:03:44+00:00\",\"dateModified\":\"2015-10-23T15:54:30+00:00\",\"mainEntityOfPage\":{\"@id\":\"https:\\\/\\\/lospoliticosveracruz.com\\\/?p=18574\"},\"wordCount\":794,\"commentCount\":0,\"publisher\":{\"@id\":\"https:\\\/\\\/lospoliticosveracruz.com\\\/#organization\"},\"image\":{\"@id\":\"https:\\\/\\\/lospoliticosveracruz.com\\\/?p=18574#primaryimage\"},\"thumbnailUrl\":\"http:\\\/\\\/www.lospoliticosveracruz.com.mx\\\/wp-content\\\/uploads\\\/2015\\\/10\\\/Doctor-House-300x164.png\",\"keywords\":[\"C\u00e1ncer\",\"Diabetes\",\"doctor Chapat\u00edn\",\"doctor house\",\"doctores\",\"hipertensi\u00f3n\",\"m\u00e9dicos\"],\"articleSection\":[\"De Opini\u00f3n\"],\"inLanguage\":\"es\",\"potentialAction\":[{\"@type\":\"CommentAction\",\"name\":\"Comment\",\"target\":[\"https:\\\/\\\/lospoliticosveracruz.com\\\/?p=18574#respond\"]}]},{\"@type\":\"WebPage\",\"@id\":\"https:\\\/\\\/lospoliticosveracruz.com\\\/?p=18574\",\"url\":\"https:\\\/\\\/lospoliticosveracruz.com\\\/?p=18574\",\"name\":\"Entre doctores te veas - Los pol\u00edticos Veracruz\",\"isPartOf\":{\"@id\":\"https:\\\/\\\/lospoliticosveracruz.com\\\/#website\"},\"primaryImageOfPage\":{\"@id\":\"https:\\\/\\\/lospoliticosveracruz.com\\\/?p=18574#primaryimage\"},\"image\":{\"@id\":\"https:\\\/\\\/lospoliticosveracruz.com\\\/?p=18574#primaryimage\"},\"thumbnailUrl\":\"http:\\\/\\\/www.lospoliticosveracruz.com.mx\\\/wp-content\\\/uploads\\\/2015\\\/10\\\/Doctor-House-300x164.png\",\"datePublished\":\"2015-10-23T15:03:44+00:00\",\"dateModified\":\"2015-10-23T15:54:30+00:00\",\"breadcrumb\":{\"@id\":\"https:\\\/\\\/lospoliticosveracruz.com\\\/?p=18574#breadcrumb\"},\"inLanguage\":\"es\",\"potentialAction\":[{\"@type\":\"ReadAction\",\"target\":[\"https:\\\/\\\/lospoliticosveracruz.com\\\/?p=18574\"]}]},{\"@type\":\"ImageObject\",\"inLanguage\":\"es\",\"@id\":\"https:\\\/\\\/lospoliticosveracruz.com\\\/?p=18574#primaryimage\",\"url\":\"http:\\\/\\\/www.lospoliticosveracruz.com.mx\\\/wp-content\\\/uploads\\\/2015\\\/10\\\/Doctor-House-300x164.png\",\"contentUrl\":\"http:\\\/\\\/www.lospoliticosveracruz.com.mx\\\/wp-content\\\/uploads\\\/2015\\\/10\\\/Doctor-House-300x164.png\"},{\"@type\":\"BreadcrumbList\",\"@id\":\"https:\\\/\\\/lospoliticosveracruz.com\\\/?p=18574#breadcrumb\",\"itemListElement\":[{\"@type\":\"ListItem\",\"position\":1,\"name\":\"Portada\",\"item\":\"https:\\\/\\\/lospoliticosveracruz.com\\\/\"},{\"@type\":\"ListItem\",\"position\":2,\"name\":\"Entre doctores te veas\"}]},{\"@type\":\"WebSite\",\"@id\":\"https:\\\/\\\/lospoliticosveracruz.com\\\/#website\",\"url\":\"https:\\\/\\\/lospoliticosveracruz.com\\\/\",\"name\":\"Los pol\u00edticos Veracruz\",\"description\":\"\",\"publisher\":{\"@id\":\"https:\\\/\\\/lospoliticosveracruz.com\\\/#organization\"},\"potentialAction\":[{\"@type\":\"SearchAction\",\"target\":{\"@type\":\"EntryPoint\",\"urlTemplate\":\"https:\\\/\\\/lospoliticosveracruz.com\\\/?s={search_term_string}\"},\"query-input\":{\"@type\":\"PropertyValueSpecification\",\"valueRequired\":true,\"valueName\":\"search_term_string\"}}],\"inLanguage\":\"es\"},{\"@type\":\"Organization\",\"@id\":\"https:\\\/\\\/lospoliticosveracruz.com\\\/#organization\",\"name\":\"Los pol\u00edticos Veracruz\",\"url\":\"https:\\\/\\\/lospoliticosveracruz.com\\\/\",\"logo\":{\"@type\":\"ImageObject\",\"inLanguage\":\"es\",\"@id\":\"https:\\\/\\\/lospoliticosveracruz.com\\\/#\\\/schema\\\/logo\\\/image\\\/\",\"url\":\"https:\\\/\\\/lospoliticosveracruz.com\\\/wp-content\\\/uploads\\\/2025\\\/12\\\/Logo-Nuevo-LOS-POLITICOS-1.jpg\",\"contentUrl\":\"https:\\\/\\\/lospoliticosveracruz.com\\\/wp-content\\\/uploads\\\/2025\\\/12\\\/Logo-Nuevo-LOS-POLITICOS-1.jpg\",\"width\":260,\"height\":70,\"caption\":\"Los pol\u00edticos Veracruz\"},\"image\":{\"@id\":\"https:\\\/\\\/lospoliticosveracruz.com\\\/#\\\/schema\\\/logo\\\/image\\\/\"},\"sameAs\":[\"https:\\\/\\\/www.facebook.com\\\/people\\\/Notimemes-de-los-Polticos\\\/61565672886568\\\/\",\"https:\\\/\\\/x.com\\\/LosPoliticosVer\"]},{\"@type\":\"Person\",\"@id\":\"https:\\\/\\\/lospoliticosveracruz.com\\\/#\\\/schema\\\/person\\\/b8702bb0e538456e6efd07080bf2a4a2\",\"name\":\"Lo viste en Los Pol\u00edticos\",\"image\":{\"@type\":\"ImageObject\",\"inLanguage\":\"es\",\"@id\":\"https:\\\/\\\/secure.gravatar.com\\\/avatar\\\/3a8de04a2656d44082be478bd6c086daa447c4651605818287b9532d3d0bd435?s=96&d=mm&r=g\",\"url\":\"https:\\\/\\\/secure.gravatar.com\\\/avatar\\\/3a8de04a2656d44082be478bd6c086daa447c4651605818287b9532d3d0bd435?s=96&d=mm&r=g\",\"contentUrl\":\"https:\\\/\\\/secure.gravatar.com\\\/avatar\\\/3a8de04a2656d44082be478bd6c086daa447c4651605818287b9532d3d0bd435?s=96&d=mm&r=g\",\"caption\":\"Lo viste en Los Pol\u00edticos\"},\"url\":\"https:\\\/\\\/lospoliticosveracruz.com\\\/?author=2\"}]}<\/script>\n<!-- \/ Yoast SEO plugin. -->","yoast_head_json":{"title":"Entre doctores te veas - Los pol\u00edticos Veracruz","robots":{"index":"index","follow":"follow","max-snippet":"max-snippet:-1","max-image-preview":"max-image-preview:large","max-video-preview":"max-video-preview:-1"},"canonical":"https:\/\/lospoliticosveracruz.com\/?p=18574","og_locale":"es_ES","og_type":"article","og_title":"Entre doctores te veas - Los pol\u00edticos Veracruz","og_description":"Gustavo Avila Maldonado Ruizcortinadas En el consultorio, el paciente le muestra a su m\u00e9dico los resultados de sus an\u00e1lisis. El m\u00e9dico los analiza con rostro preocupado y dice al paciente: \u2013 Tendremos que mandar a hacerle una plaquita. \u2013 \u00bfDe t\u00f3rax, doctor? \u2013 No&#8230; de m\u00e1rmol. \u00bfQui\u00e9n no ha escuchado decir que la risa es [&hellip;]","og_url":"https:\/\/lospoliticosveracruz.com\/?p=18574","og_site_name":"Los pol\u00edticos Veracruz","article_publisher":"https:\/\/www.facebook.com\/people\/Notimemes-de-los-Polticos\/61565672886568\/","article_published_time":"2015-10-23T15:03:44+00:00","article_modified_time":"2015-10-23T15:54:30+00:00","og_image":[{"url":"http:\/\/www.lospoliticosveracruz.com.mx\/wp-content\/uploads\/2015\/10\/Doctor-House-300x164.png","type":"","width":"","height":""}],"author":"Lo viste en Los Pol\u00edticos","twitter_card":"summary_large_image","twitter_creator":"@LosPoliticosVer","twitter_site":"@LosPoliticosVer","twitter_misc":{"Escrito por":"Lo viste en Los Pol\u00edticos","Tiempo de lectura":"4 minutos"},"schema":{"@context":"https:\/\/schema.org","@graph":[{"@type":"Article","@id":"https:\/\/lospoliticosveracruz.com\/?p=18574#article","isPartOf":{"@id":"https:\/\/lospoliticosveracruz.com\/?p=18574"},"author":{"name":"Lo viste en Los Pol\u00edticos","@id":"https:\/\/lospoliticosveracruz.com\/#\/schema\/person\/b8702bb0e538456e6efd07080bf2a4a2"},"headline":"Entre doctores te veas","datePublished":"2015-10-23T15:03:44+00:00","dateModified":"2015-10-23T15:54:30+00:00","mainEntityOfPage":{"@id":"https:\/\/lospoliticosveracruz.com\/?p=18574"},"wordCount":794,"commentCount":0,"publisher":{"@id":"https:\/\/lospoliticosveracruz.com\/#organization"},"image":{"@id":"https:\/\/lospoliticosveracruz.com\/?p=18574#primaryimage"},"thumbnailUrl":"http:\/\/www.lospoliticosveracruz.com.mx\/wp-content\/uploads\/2015\/10\/Doctor-House-300x164.png","keywords":["C\u00e1ncer","Diabetes","doctor Chapat\u00edn","doctor house","doctores","hipertensi\u00f3n","m\u00e9dicos"],"articleSection":["De Opini\u00f3n"],"inLanguage":"es","potentialAction":[{"@type":"CommentAction","name":"Comment","target":["https:\/\/lospoliticosveracruz.com\/?p=18574#respond"]}]},{"@type":"WebPage","@id":"https:\/\/lospoliticosveracruz.com\/?p=18574","url":"https:\/\/lospoliticosveracruz.com\/?p=18574","name":"Entre doctores te veas - Los pol\u00edticos Veracruz","isPartOf":{"@id":"https:\/\/lospoliticosveracruz.com\/#website"},"primaryImageOfPage":{"@id":"https:\/\/lospoliticosveracruz.com\/?p=18574#primaryimage"},"image":{"@id":"https:\/\/lospoliticosveracruz.com\/?p=18574#primaryimage"},"thumbnailUrl":"http:\/\/www.lospoliticosveracruz.com.mx\/wp-content\/uploads\/2015\/10\/Doctor-House-300x164.png","datePublished":"2015-10-23T15:03:44+00:00","dateModified":"2015-10-23T15:54:30+00:00","breadcrumb":{"@id":"https:\/\/lospoliticosveracruz.com\/?p=18574#breadcrumb"},"inLanguage":"es","potentialAction":[{"@type":"ReadAction","target":["https:\/\/lospoliticosveracruz.com\/?p=18574"]}]},{"@type":"ImageObject","inLanguage":"es","@id":"https:\/\/lospoliticosveracruz.com\/?p=18574#primaryimage","url":"http:\/\/www.lospoliticosveracruz.com.mx\/wp-content\/uploads\/2015\/10\/Doctor-House-300x164.png","contentUrl":"http:\/\/www.lospoliticosveracruz.com.mx\/wp-content\/uploads\/2015\/10\/Doctor-House-300x164.png"},{"@type":"BreadcrumbList","@id":"https:\/\/lospoliticosveracruz.com\/?p=18574#breadcrumb","itemListElement":[{"@type":"ListItem","position":1,"name":"Portada","item":"https:\/\/lospoliticosveracruz.com\/"},{"@type":"ListItem","position":2,"name":"Entre doctores te veas"}]},{"@type":"WebSite","@id":"https:\/\/lospoliticosveracruz.com\/#website","url":"https:\/\/lospoliticosveracruz.com\/","name":"Los pol\u00edticos Veracruz","description":"","publisher":{"@id":"https:\/\/lospoliticosveracruz.com\/#organization"},"potentialAction":[{"@type":"SearchAction","target":{"@type":"EntryPoint","urlTemplate":"https:\/\/lospoliticosveracruz.com\/?s={search_term_string}"},"query-input":{"@type":"PropertyValueSpecification","valueRequired":true,"valueName":"search_term_string"}}],"inLanguage":"es"},{"@type":"Organization","@id":"https:\/\/lospoliticosveracruz.com\/#organization","name":"Los pol\u00edticos Veracruz","url":"https:\/\/lospoliticosveracruz.com\/","logo":{"@type":"ImageObject","inLanguage":"es","@id":"https:\/\/lospoliticosveracruz.com\/#\/schema\/logo\/image\/","url":"https:\/\/lospoliticosveracruz.com\/wp-content\/uploads\/2025\/12\/Logo-Nuevo-LOS-POLITICOS-1.jpg","contentUrl":"https:\/\/lospoliticosveracruz.com\/wp-content\/uploads\/2025\/12\/Logo-Nuevo-LOS-POLITICOS-1.jpg","width":260,"height":70,"caption":"Los pol\u00edticos Veracruz"},"image":{"@id":"https:\/\/lospoliticosveracruz.com\/#\/schema\/logo\/image\/"},"sameAs":["https:\/\/www.facebook.com\/people\/Notimemes-de-los-Polticos\/61565672886568\/","https:\/\/x.com\/LosPoliticosVer"]},{"@type":"Person","@id":"https:\/\/lospoliticosveracruz.com\/#\/schema\/person\/b8702bb0e538456e6efd07080bf2a4a2","name":"Lo viste en Los Pol\u00edticos","image":{"@type":"ImageObject","inLanguage":"es","@id":"https:\/\/secure.gravatar.com\/avatar\/3a8de04a2656d44082be478bd6c086daa447c4651605818287b9532d3d0bd435?s=96&d=mm&r=g","url":"https:\/\/secure.gravatar.com\/avatar\/3a8de04a2656d44082be478bd6c086daa447c4651605818287b9532d3d0bd435?s=96&d=mm&r=g","contentUrl":"https:\/\/secure.gravatar.com\/avatar\/3a8de04a2656d44082be478bd6c086daa447c4651605818287b9532d3d0bd435?s=96&d=mm&r=g","caption":"Lo viste en Los Pol\u00edticos"},"url":"https:\/\/lospoliticosveracruz.com\/?author=2"}]}},"_links":{"self":[{"href":"https:\/\/lospoliticosveracruz.com\/index.php?rest_route=\/wp\/v2\/posts\/18574","targetHints":{"allow":["GET"]}}],"collection":[{"href":"https:\/\/lospoliticosveracruz.com\/index.php?rest_route=\/wp\/v2\/posts"}],"about":[{"href":"https:\/\/lospoliticosveracruz.com\/index.php?rest_route=\/wp\/v2\/types\/post"}],"author":[{"embeddable":true,"href":"https:\/\/lospoliticosveracruz.com\/index.php?rest_route=\/wp\/v2\/users\/2"}],"replies":[{"embeddable":true,"href":"https:\/\/lospoliticosveracruz.com\/index.php?rest_route=%2Fwp%2Fv2%2Fcomments&post=18574"}],"version-history":[{"count":2,"href":"https:\/\/lospoliticosveracruz.com\/index.php?rest_route=\/wp\/v2\/posts\/18574\/revisions"}],"predecessor-version":[{"id":18581,"href":"https:\/\/lospoliticosveracruz.com\/index.php?rest_route=\/wp\/v2\/posts\/18574\/revisions\/18581"}],"wp:attachment":[{"href":"https:\/\/lospoliticosveracruz.com\/index.php?rest_route=%2Fwp%2Fv2%2Fmedia&parent=18574"}],"wp:term":[{"taxonomy":"category","embeddable":true,"href":"https:\/\/lospoliticosveracruz.com\/index.php?rest_route=%2Fwp%2Fv2%2Fcategories&post=18574"},{"taxonomy":"post_tag","embeddable":true,"href":"https:\/\/lospoliticosveracruz.com\/index.php?rest_route=%2Fwp%2Fv2%2Ftags&post=18574"}],"curies":[{"name":"wp","href":"https:\/\/api.w.org\/{rel}","templated":true}]}}