{"id":18590,"date":"2015-10-24T12:35:18","date_gmt":"2015-10-24T17:35:18","guid":{"rendered":"http:\/\/www.lospoliticosveracruz.com.mx\/?p=18590"},"modified":"2015-10-24T12:36:29","modified_gmt":"2015-10-24T17:36:29","slug":"cadaveres-por-las-calles-de-xalapa","status":"publish","type":"post","link":"https:\/\/lospoliticosveracruz.com\/?p=18590","title":{"rendered":"\u00a1Cad\u00e1veres por las calles de Xalapa!"},"content":{"rendered":"<blockquote><p><a href=\"http:\/\/www.lospoliticosveracruz.com.mx\/wp-content\/uploads\/2015\/10\/Camino-de-los-Muertos.jpg\"><img loading=\"lazy\" decoding=\"async\" class=\"alignnone size-medium wp-image-18589\" src=\"http:\/\/www.lospoliticosveracruz.com.mx\/wp-content\/uploads\/2015\/10\/Camino-de-los-Muertos-300x213.jpg\" alt=\"Camino de los Muertos\" width=\"300\" height=\"213\" \/><\/a><\/p>\n<p>Invita Ayuntamiento de Xalapa y RTV al concurso \u201cEl camino de los muertos\u201d<\/p>\n<p>Este\u00a029 de octubre: del Pante\u00f3n 5 de Febrero con rumbo al Parque Ju\u00e1rez<\/p><\/blockquote>\n<p>Con el objetivo de mantener vigente una de las\u00a0\u00a0m\u00e1s arraigadas tradiciones de nuestro pa\u00eds y, en especial\u00a0\u00a0de Veracruz, los d\u00edas de Todos Santos y Fieles Difuntos, el Ayuntamiento de Xalapa en coordinaci\u00f3n con Radiotelevisi\u00f3n de Veracruz, convocan a la ciudadan\u00eda a participar en el primer recorrido y concurso anual \u201cEl camino de los muertos\u201d.<\/p>\n<p>El evento, que se realizar\u00e1 el pr\u00f3ximo 29 de octubre, a las 17.30 horas, iniciar\u00e1 en el Pante\u00f3n 5 de Febrero y concluir\u00e1 con la verbena popular\u00a0\u201cCatrinas, calacas, lloronas y pla\u00f1ideras\u201d\u00a0\u00a0en el parque\u00a0\u00a0Benito Ju\u00e1rez, de esta ciudad capital.<\/p>\n<p>Durante el recorrido se ejecutar\u00e1 m\u00fasica en vivo a cargo de la Tuna Femenil de la Universidad Veracruzana. En el Pante\u00f3n se instalar\u00e1 el Altar del Perro, una de las ofrendas que a\u00fan se siguen colocando en lugares como Mixquic, en el Distrito Federal y Janitzio, en Michoac\u00e1n, y que tiene su origen en el pensamiento precolombino, ya que en toda Mesoam\u00e9rica el perro estaba \u00edntimamente relacionado con los muertos y el mundo subterr\u00e1neo, y era creencia generalizada que el animal serv\u00eda de gu\u00eda del difunto en su viaje al inframundo.<\/p>\n<p>Posteriormente, en La Finca, negocio ubicado en la calle de Nogueira, estar\u00e1 instalado el Altar del \u00c1nima Sola, el cual consiste en una sencilla ofrenda para las \u00e1nimas de aquellos que no tuvieron familia o pariente alguno en vida, por lo que se instala en la parte exterior del hogar.<\/p>\n<p>El recorrido continuar\u00e1 con rumbo a Xalape\u00f1os Ilustres, en donde se colocar\u00e1 un Altar Tradicional; posteriormente, en Realia, Instituto Cultural, estar\u00e1 instalado un Altar Prehisp\u00e1nico, para concluir estas muestras de altares en el Centro Recreativo Xalape\u00f1o.<\/p>\n<p>El recorrido continuar\u00e1 con rumbo al Parque Ju\u00e1rez, en donde se realizar\u00e1 la verbena popular\u00a0\u201cCatrinas, calacas, lloronas y pla\u00f1ideras\u201d\u00a0\u00a0y se premiar\u00e1 a los mejores disfraces del concurso. Cabe destacar que en la verbena popular participar\u00e1 el Ballet Folcl\u00f3rico Kinich.<\/p>\n<p>En el concurso podr\u00e1n participar ni\u00f1os,\u00a0\u00a0j\u00f3venes y\u00a0\u00a0adultos, de manera individual o colectiva;\u00a0\u00a0en este \u00faltimo caso se calificar\u00e1 el conjunto. El disfraz podr\u00e1 construirse con cualquier material, dependiendo de la creatividad\u00a0\u00a0del concursante.<\/p>\n<p>Los personajes\u00a0\u00a0admitidos en el concurso\u00a0son: lloronas, pla\u00f1ideras, catrinas, catrines, calacas, muertes, novios y cualquier otro personaje que no altere nuestra ancestral festividad.<\/p>\n<p>El jurado estar\u00e1 integrado por Directores teatrales y actores de reconocida trayectoria\u00a0\u00a0y su decisi\u00f3n ser\u00e1 inapelable. Los premios se otorgar\u00e1n a los tres primeros lugares de cada categor\u00eda y consistir\u00e1n en tabletas, calculadoras cient\u00edficas y memorias USB. Los primeros cinco lugares de cada categor\u00eda\u00a0\u00a0obtendr\u00e1n un reconocimiento\u00a0\u00a0de participaci\u00f3n.<\/p>\n<p>Quedar\u00e1n fuera de concurso los disfraces relacionados con el Halloween. Las categor\u00edas son las siguientes: A, Catrinas, catrines, novios, muertes\u00a0\u00a0y afines. B, Lloronas, pla\u00f1ideras, nahuales, calacas\u00a0\u00a0y afines. C, Todos los anteriores, pero en versi\u00f3n infantil.<\/p>\n","protected":false},"excerpt":{"rendered":"<p>Invita Ayuntamiento de Xalapa y RTV al concurso \u201cEl camino de los muertos\u201d Este\u00a029 de octubre: del Pante\u00f3n 5 de Febrero con rumbo al Parque Ju\u00e1rez Con el objetivo de mantener vigente una de las\u00a0\u00a0m\u00e1s arraigadas tradiciones de nuestro pa\u00eds y, en especial\u00a0\u00a0de Veracruz, los d\u00edas de Todos Santos y Fieles Difuntos, el Ayuntamiento de [&hellip;]<\/p>\n","protected":false},"author":2,"featured_media":0,"comment_status":"open","ping_status":"open","sticky":false,"template":"","format":"standard","meta":{"tdm_status":"","tdm_grid_status":"","footnotes":""},"categories":[73],"tags":[3820,3679,3819,3817,3821,3822,3818,96],"class_list":{"0":"post-18590","1":"post","2":"type-post","3":"status-publish","4":"format-standard","6":"category-de-boleto","7":"tag-calacas","8":"tag-catrinas","9":"tag-concurso","10":"tag-el-camino-de-los-muertos","11":"tag-lloronas","12":"tag-planideras","13":"tag-todos-santos-y-fieles-difuntos","14":"tag-xalapa"},"yoast_head":"<!-- This site is optimized with the Yoast SEO plugin v27.4 - https:\/\/yoast.com\/product\/yoast-seo-wordpress\/ -->\n<title>\u00a1Cad\u00e1veres por las calles de Xalapa! - Los pol\u00edticos Veracruz<\/title>\n<meta name=\"robots\" content=\"index, follow, max-snippet:-1, max-image-preview:large, max-video-preview:-1\" \/>\n<link rel=\"canonical\" href=\"https:\/\/lospoliticosveracruz.com\/?p=18590\" \/>\n<meta property=\"og:locale\" content=\"es_ES\" \/>\n<meta property=\"og:type\" content=\"article\" \/>\n<meta property=\"og:title\" content=\"\u00a1Cad\u00e1veres por las calles de Xalapa! - Los pol\u00edticos Veracruz\" \/>\n<meta property=\"og:description\" content=\"Invita Ayuntamiento de Xalapa y RTV al concurso \u201cEl camino de los muertos\u201d Este\u00a029 de octubre: del Pante\u00f3n 5 de Febrero con rumbo al Parque Ju\u00e1rez Con el objetivo de mantener vigente una de las\u00a0\u00a0m\u00e1s arraigadas tradiciones de nuestro pa\u00eds y, en especial\u00a0\u00a0de Veracruz, los d\u00edas de Todos Santos y Fieles Difuntos, el Ayuntamiento de [&hellip;]\" \/>\n<meta property=\"og:url\" content=\"https:\/\/lospoliticosveracruz.com\/?p=18590\" \/>\n<meta property=\"og:site_name\" content=\"Los pol\u00edticos Veracruz\" \/>\n<meta property=\"article:publisher\" content=\"https:\/\/www.facebook.com\/people\/Notimemes-de-los-Polticos\/61565672886568\/\" \/>\n<meta property=\"article:published_time\" content=\"2015-10-24T17:35:18+00:00\" \/>\n<meta property=\"article:modified_time\" content=\"2015-10-24T17:36:29+00:00\" \/>\n<meta property=\"og:image\" content=\"http:\/\/www.lospoliticosveracruz.com.mx\/wp-content\/uploads\/2015\/10\/Camino-de-los-Muertos-300x213.jpg\" \/>\n<meta name=\"author\" content=\"Lo viste en Los Pol\u00edticos\" \/>\n<meta name=\"twitter:card\" content=\"summary_large_image\" \/>\n<meta name=\"twitter:creator\" content=\"@LosPoliticosVer\" \/>\n<meta name=\"twitter:site\" content=\"@LosPoliticosVer\" \/>\n<meta name=\"twitter:label1\" content=\"Escrito por\" \/>\n\t<meta name=\"twitter:data1\" content=\"Lo viste en Los Pol\u00edticos\" \/>\n\t<meta name=\"twitter:label2\" content=\"Tiempo de lectura\" \/>\n\t<meta name=\"twitter:data2\" content=\"3 minutos\" \/>\n<script type=\"application\/ld+json\" class=\"yoast-schema-graph\">{\"@context\":\"https:\\\/\\\/schema.org\",\"@graph\":[{\"@type\":\"Article\",\"@id\":\"https:\\\/\\\/lospoliticosveracruz.com\\\/?p=18590#article\",\"isPartOf\":{\"@id\":\"https:\\\/\\\/lospoliticosveracruz.com\\\/?p=18590\"},\"author\":{\"name\":\"Lo viste en Los Pol\u00edticos\",\"@id\":\"https:\\\/\\\/lospoliticosveracruz.com\\\/#\\\/schema\\\/person\\\/b8702bb0e538456e6efd07080bf2a4a2\"},\"headline\":\"\u00a1Cad\u00e1veres por las calles de Xalapa!\",\"datePublished\":\"2015-10-24T17:35:18+00:00\",\"dateModified\":\"2015-10-24T17:36:29+00:00\",\"mainEntityOfPage\":{\"@id\":\"https:\\\/\\\/lospoliticosveracruz.com\\\/?p=18590\"},\"wordCount\":532,\"commentCount\":0,\"publisher\":{\"@id\":\"https:\\\/\\\/lospoliticosveracruz.com\\\/#organization\"},\"image\":{\"@id\":\"https:\\\/\\\/lospoliticosveracruz.com\\\/?p=18590#primaryimage\"},\"thumbnailUrl\":\"http:\\\/\\\/www.lospoliticosveracruz.com.mx\\\/wp-content\\\/uploads\\\/2015\\\/10\\\/Camino-de-los-Muertos-300x213.jpg\",\"keywords\":[\"calacas\",\"Catrinas\",\"concurso\",\"El camino de los muertos\",\"lloronas\",\"pla\u00f1ideras\",\"Todos Santos y Fieles Difuntos\",\"Xalapa\"],\"articleSection\":[\"De Boleto\"],\"inLanguage\":\"es\",\"potentialAction\":[{\"@type\":\"CommentAction\",\"name\":\"Comment\",\"target\":[\"https:\\\/\\\/lospoliticosveracruz.com\\\/?p=18590#respond\"]}]},{\"@type\":\"WebPage\",\"@id\":\"https:\\\/\\\/lospoliticosveracruz.com\\\/?p=18590\",\"url\":\"https:\\\/\\\/lospoliticosveracruz.com\\\/?p=18590\",\"name\":\"\u00a1Cad\u00e1veres por las calles de Xalapa! - Los pol\u00edticos Veracruz\",\"isPartOf\":{\"@id\":\"https:\\\/\\\/lospoliticosveracruz.com\\\/#website\"},\"primaryImageOfPage\":{\"@id\":\"https:\\\/\\\/lospoliticosveracruz.com\\\/?p=18590#primaryimage\"},\"image\":{\"@id\":\"https:\\\/\\\/lospoliticosveracruz.com\\\/?p=18590#primaryimage\"},\"thumbnailUrl\":\"http:\\\/\\\/www.lospoliticosveracruz.com.mx\\\/wp-content\\\/uploads\\\/2015\\\/10\\\/Camino-de-los-Muertos-300x213.jpg\",\"datePublished\":\"2015-10-24T17:35:18+00:00\",\"dateModified\":\"2015-10-24T17:36:29+00:00\",\"breadcrumb\":{\"@id\":\"https:\\\/\\\/lospoliticosveracruz.com\\\/?p=18590#breadcrumb\"},\"inLanguage\":\"es\",\"potentialAction\":[{\"@type\":\"ReadAction\",\"target\":[\"https:\\\/\\\/lospoliticosveracruz.com\\\/?p=18590\"]}]},{\"@type\":\"ImageObject\",\"inLanguage\":\"es\",\"@id\":\"https:\\\/\\\/lospoliticosveracruz.com\\\/?p=18590#primaryimage\",\"url\":\"http:\\\/\\\/www.lospoliticosveracruz.com.mx\\\/wp-content\\\/uploads\\\/2015\\\/10\\\/Camino-de-los-Muertos-300x213.jpg\",\"contentUrl\":\"http:\\\/\\\/www.lospoliticosveracruz.com.mx\\\/wp-content\\\/uploads\\\/2015\\\/10\\\/Camino-de-los-Muertos-300x213.jpg\"},{\"@type\":\"BreadcrumbList\",\"@id\":\"https:\\\/\\\/lospoliticosveracruz.com\\\/?p=18590#breadcrumb\",\"itemListElement\":[{\"@type\":\"ListItem\",\"position\":1,\"name\":\"Portada\",\"item\":\"https:\\\/\\\/lospoliticosveracruz.com\\\/\"},{\"@type\":\"ListItem\",\"position\":2,\"name\":\"\u00a1Cad\u00e1veres por las calles de Xalapa!\"}]},{\"@type\":\"WebSite\",\"@id\":\"https:\\\/\\\/lospoliticosveracruz.com\\\/#website\",\"url\":\"https:\\\/\\\/lospoliticosveracruz.com\\\/\",\"name\":\"Los pol\u00edticos Veracruz\",\"description\":\"\",\"publisher\":{\"@id\":\"https:\\\/\\\/lospoliticosveracruz.com\\\/#organization\"},\"potentialAction\":[{\"@type\":\"SearchAction\",\"target\":{\"@type\":\"EntryPoint\",\"urlTemplate\":\"https:\\\/\\\/lospoliticosveracruz.com\\\/?s={search_term_string}\"},\"query-input\":{\"@type\":\"PropertyValueSpecification\",\"valueRequired\":true,\"valueName\":\"search_term_string\"}}],\"inLanguage\":\"es\"},{\"@type\":\"Organization\",\"@id\":\"https:\\\/\\\/lospoliticosveracruz.com\\\/#organization\",\"name\":\"Los pol\u00edticos Veracruz\",\"url\":\"https:\\\/\\\/lospoliticosveracruz.com\\\/\",\"logo\":{\"@type\":\"ImageObject\",\"inLanguage\":\"es\",\"@id\":\"https:\\\/\\\/lospoliticosveracruz.com\\\/#\\\/schema\\\/logo\\\/image\\\/\",\"url\":\"https:\\\/\\\/lospoliticosveracruz.com\\\/wp-content\\\/uploads\\\/2025\\\/12\\\/Logo-Nuevo-LOS-POLITICOS-1.jpg\",\"contentUrl\":\"https:\\\/\\\/lospoliticosveracruz.com\\\/wp-content\\\/uploads\\\/2025\\\/12\\\/Logo-Nuevo-LOS-POLITICOS-1.jpg\",\"width\":260,\"height\":70,\"caption\":\"Los pol\u00edticos Veracruz\"},\"image\":{\"@id\":\"https:\\\/\\\/lospoliticosveracruz.com\\\/#\\\/schema\\\/logo\\\/image\\\/\"},\"sameAs\":[\"https:\\\/\\\/www.facebook.com\\\/people\\\/Notimemes-de-los-Polticos\\\/61565672886568\\\/\",\"https:\\\/\\\/x.com\\\/LosPoliticosVer\"]},{\"@type\":\"Person\",\"@id\":\"https:\\\/\\\/lospoliticosveracruz.com\\\/#\\\/schema\\\/person\\\/b8702bb0e538456e6efd07080bf2a4a2\",\"name\":\"Lo viste en Los Pol\u00edticos\",\"image\":{\"@type\":\"ImageObject\",\"inLanguage\":\"es\",\"@id\":\"https:\\\/\\\/secure.gravatar.com\\\/avatar\\\/3a8de04a2656d44082be478bd6c086daa447c4651605818287b9532d3d0bd435?s=96&d=mm&r=g\",\"url\":\"https:\\\/\\\/secure.gravatar.com\\\/avatar\\\/3a8de04a2656d44082be478bd6c086daa447c4651605818287b9532d3d0bd435?s=96&d=mm&r=g\",\"contentUrl\":\"https:\\\/\\\/secure.gravatar.com\\\/avatar\\\/3a8de04a2656d44082be478bd6c086daa447c4651605818287b9532d3d0bd435?s=96&d=mm&r=g\",\"caption\":\"Lo viste en Los Pol\u00edticos\"},\"url\":\"https:\\\/\\\/lospoliticosveracruz.com\\\/?author=2\"}]}<\/script>\n<!-- \/ Yoast SEO plugin. -->","yoast_head_json":{"title":"\u00a1Cad\u00e1veres por las calles de Xalapa! - Los pol\u00edticos Veracruz","robots":{"index":"index","follow":"follow","max-snippet":"max-snippet:-1","max-image-preview":"max-image-preview:large","max-video-preview":"max-video-preview:-1"},"canonical":"https:\/\/lospoliticosveracruz.com\/?p=18590","og_locale":"es_ES","og_type":"article","og_title":"\u00a1Cad\u00e1veres por las calles de Xalapa! - Los pol\u00edticos Veracruz","og_description":"Invita Ayuntamiento de Xalapa y RTV al concurso \u201cEl camino de los muertos\u201d Este\u00a029 de octubre: del Pante\u00f3n 5 de Febrero con rumbo al Parque Ju\u00e1rez Con el objetivo de mantener vigente una de las\u00a0\u00a0m\u00e1s arraigadas tradiciones de nuestro pa\u00eds y, en especial\u00a0\u00a0de Veracruz, los d\u00edas de Todos Santos y Fieles Difuntos, el Ayuntamiento de [&hellip;]","og_url":"https:\/\/lospoliticosveracruz.com\/?p=18590","og_site_name":"Los pol\u00edticos Veracruz","article_publisher":"https:\/\/www.facebook.com\/people\/Notimemes-de-los-Polticos\/61565672886568\/","article_published_time":"2015-10-24T17:35:18+00:00","article_modified_time":"2015-10-24T17:36:29+00:00","og_image":[{"url":"http:\/\/www.lospoliticosveracruz.com.mx\/wp-content\/uploads\/2015\/10\/Camino-de-los-Muertos-300x213.jpg","type":"","width":"","height":""}],"author":"Lo viste en Los Pol\u00edticos","twitter_card":"summary_large_image","twitter_creator":"@LosPoliticosVer","twitter_site":"@LosPoliticosVer","twitter_misc":{"Escrito por":"Lo viste en Los Pol\u00edticos","Tiempo de lectura":"3 minutos"},"schema":{"@context":"https:\/\/schema.org","@graph":[{"@type":"Article","@id":"https:\/\/lospoliticosveracruz.com\/?p=18590#article","isPartOf":{"@id":"https:\/\/lospoliticosveracruz.com\/?p=18590"},"author":{"name":"Lo viste en Los Pol\u00edticos","@id":"https:\/\/lospoliticosveracruz.com\/#\/schema\/person\/b8702bb0e538456e6efd07080bf2a4a2"},"headline":"\u00a1Cad\u00e1veres por las calles de Xalapa!","datePublished":"2015-10-24T17:35:18+00:00","dateModified":"2015-10-24T17:36:29+00:00","mainEntityOfPage":{"@id":"https:\/\/lospoliticosveracruz.com\/?p=18590"},"wordCount":532,"commentCount":0,"publisher":{"@id":"https:\/\/lospoliticosveracruz.com\/#organization"},"image":{"@id":"https:\/\/lospoliticosveracruz.com\/?p=18590#primaryimage"},"thumbnailUrl":"http:\/\/www.lospoliticosveracruz.com.mx\/wp-content\/uploads\/2015\/10\/Camino-de-los-Muertos-300x213.jpg","keywords":["calacas","Catrinas","concurso","El camino de los muertos","lloronas","pla\u00f1ideras","Todos Santos y Fieles Difuntos","Xalapa"],"articleSection":["De Boleto"],"inLanguage":"es","potentialAction":[{"@type":"CommentAction","name":"Comment","target":["https:\/\/lospoliticosveracruz.com\/?p=18590#respond"]}]},{"@type":"WebPage","@id":"https:\/\/lospoliticosveracruz.com\/?p=18590","url":"https:\/\/lospoliticosveracruz.com\/?p=18590","name":"\u00a1Cad\u00e1veres por las calles de Xalapa! - Los pol\u00edticos Veracruz","isPartOf":{"@id":"https:\/\/lospoliticosveracruz.com\/#website"},"primaryImageOfPage":{"@id":"https:\/\/lospoliticosveracruz.com\/?p=18590#primaryimage"},"image":{"@id":"https:\/\/lospoliticosveracruz.com\/?p=18590#primaryimage"},"thumbnailUrl":"http:\/\/www.lospoliticosveracruz.com.mx\/wp-content\/uploads\/2015\/10\/Camino-de-los-Muertos-300x213.jpg","datePublished":"2015-10-24T17:35:18+00:00","dateModified":"2015-10-24T17:36:29+00:00","breadcrumb":{"@id":"https:\/\/lospoliticosveracruz.com\/?p=18590#breadcrumb"},"inLanguage":"es","potentialAction":[{"@type":"ReadAction","target":["https:\/\/lospoliticosveracruz.com\/?p=18590"]}]},{"@type":"ImageObject","inLanguage":"es","@id":"https:\/\/lospoliticosveracruz.com\/?p=18590#primaryimage","url":"http:\/\/www.lospoliticosveracruz.com.mx\/wp-content\/uploads\/2015\/10\/Camino-de-los-Muertos-300x213.jpg","contentUrl":"http:\/\/www.lospoliticosveracruz.com.mx\/wp-content\/uploads\/2015\/10\/Camino-de-los-Muertos-300x213.jpg"},{"@type":"BreadcrumbList","@id":"https:\/\/lospoliticosveracruz.com\/?p=18590#breadcrumb","itemListElement":[{"@type":"ListItem","position":1,"name":"Portada","item":"https:\/\/lospoliticosveracruz.com\/"},{"@type":"ListItem","position":2,"name":"\u00a1Cad\u00e1veres por las calles de Xalapa!"}]},{"@type":"WebSite","@id":"https:\/\/lospoliticosveracruz.com\/#website","url":"https:\/\/lospoliticosveracruz.com\/","name":"Los pol\u00edticos Veracruz","description":"","publisher":{"@id":"https:\/\/lospoliticosveracruz.com\/#organization"},"potentialAction":[{"@type":"SearchAction","target":{"@type":"EntryPoint","urlTemplate":"https:\/\/lospoliticosveracruz.com\/?s={search_term_string}"},"query-input":{"@type":"PropertyValueSpecification","valueRequired":true,"valueName":"search_term_string"}}],"inLanguage":"es"},{"@type":"Organization","@id":"https:\/\/lospoliticosveracruz.com\/#organization","name":"Los pol\u00edticos Veracruz","url":"https:\/\/lospoliticosveracruz.com\/","logo":{"@type":"ImageObject","inLanguage":"es","@id":"https:\/\/lospoliticosveracruz.com\/#\/schema\/logo\/image\/","url":"https:\/\/lospoliticosveracruz.com\/wp-content\/uploads\/2025\/12\/Logo-Nuevo-LOS-POLITICOS-1.jpg","contentUrl":"https:\/\/lospoliticosveracruz.com\/wp-content\/uploads\/2025\/12\/Logo-Nuevo-LOS-POLITICOS-1.jpg","width":260,"height":70,"caption":"Los pol\u00edticos Veracruz"},"image":{"@id":"https:\/\/lospoliticosveracruz.com\/#\/schema\/logo\/image\/"},"sameAs":["https:\/\/www.facebook.com\/people\/Notimemes-de-los-Polticos\/61565672886568\/","https:\/\/x.com\/LosPoliticosVer"]},{"@type":"Person","@id":"https:\/\/lospoliticosveracruz.com\/#\/schema\/person\/b8702bb0e538456e6efd07080bf2a4a2","name":"Lo viste en Los Pol\u00edticos","image":{"@type":"ImageObject","inLanguage":"es","@id":"https:\/\/secure.gravatar.com\/avatar\/3a8de04a2656d44082be478bd6c086daa447c4651605818287b9532d3d0bd435?s=96&d=mm&r=g","url":"https:\/\/secure.gravatar.com\/avatar\/3a8de04a2656d44082be478bd6c086daa447c4651605818287b9532d3d0bd435?s=96&d=mm&r=g","contentUrl":"https:\/\/secure.gravatar.com\/avatar\/3a8de04a2656d44082be478bd6c086daa447c4651605818287b9532d3d0bd435?s=96&d=mm&r=g","caption":"Lo viste en Los Pol\u00edticos"},"url":"https:\/\/lospoliticosveracruz.com\/?author=2"}]}},"_links":{"self":[{"href":"https:\/\/lospoliticosveracruz.com\/index.php?rest_route=\/wp\/v2\/posts\/18590","targetHints":{"allow":["GET"]}}],"collection":[{"href":"https:\/\/lospoliticosveracruz.com\/index.php?rest_route=\/wp\/v2\/posts"}],"about":[{"href":"https:\/\/lospoliticosveracruz.com\/index.php?rest_route=\/wp\/v2\/types\/post"}],"author":[{"embeddable":true,"href":"https:\/\/lospoliticosveracruz.com\/index.php?rest_route=\/wp\/v2\/users\/2"}],"replies":[{"embeddable":true,"href":"https:\/\/lospoliticosveracruz.com\/index.php?rest_route=%2Fwp%2Fv2%2Fcomments&post=18590"}],"version-history":[{"count":1,"href":"https:\/\/lospoliticosveracruz.com\/index.php?rest_route=\/wp\/v2\/posts\/18590\/revisions"}],"predecessor-version":[{"id":18591,"href":"https:\/\/lospoliticosveracruz.com\/index.php?rest_route=\/wp\/v2\/posts\/18590\/revisions\/18591"}],"wp:attachment":[{"href":"https:\/\/lospoliticosveracruz.com\/index.php?rest_route=%2Fwp%2Fv2%2Fmedia&parent=18590"}],"wp:term":[{"taxonomy":"category","embeddable":true,"href":"https:\/\/lospoliticosveracruz.com\/index.php?rest_route=%2Fwp%2Fv2%2Fcategories&post=18590"},{"taxonomy":"post_tag","embeddable":true,"href":"https:\/\/lospoliticosveracruz.com\/index.php?rest_route=%2Fwp%2Fv2%2Ftags&post=18590"}],"curies":[{"name":"wp","href":"https:\/\/api.w.org\/{rel}","templated":true}]}}