{"id":18639,"date":"2015-10-26T20:05:31","date_gmt":"2015-10-27T02:05:31","guid":{"rendered":"http:\/\/www.lospoliticosveracruz.com.mx\/?p=18639"},"modified":"2015-10-26T20:05:31","modified_gmt":"2015-10-27T02:05:31","slug":"bueno-vs-yunes-segundo-round","status":"publish","type":"post","link":"https:\/\/lospoliticosveracruz.com\/?p=18639","title":{"rendered":"Bueno vs Yunes; segundo round"},"content":{"rendered":"<p><a href=\"http:\/\/www.lospoliticosveracruz.com.mx\/wp-content\/uploads\/2015\/10\/Juan-Bueno-Yunes-Linares.jpg\"><img loading=\"lazy\" decoding=\"async\" class=\"alignnone size-medium wp-image-18640\" src=\"http:\/\/www.lospoliticosveracruz.com.mx\/wp-content\/uploads\/2015\/10\/Juan-Bueno-Yunes-Linares-300x198.jpg\" alt=\"Juan Bueno Yunes Linares\" width=\"300\" height=\"198\" \/><\/a><br \/>\n<strong>Luis Alberto Romero<\/strong><\/p>\n<p><em>Hora Cero<\/em><\/p>\n<p>De manera reciente, en este espacio hablaba sobre la carrera panista en el marco de la sucesi\u00f3n veracruzana y ubicaba \u00fanicamente a dos contendientes serios: el diputado federal Miguel \u00c1ngel Yunes Linares y el ex senador Juan Bueno Torio.<br \/>\nQuien resulte candidato del albiazul podr\u00eda aparecer en las boletas del pr\u00f3ximo a\u00f1o abanderando a un alianza entre los partidos Acci\u00f3n Nacional y de la Revoluci\u00f3n Democr\u00e1tica, lo que incrementar\u00eda, de forma exponencial, las probabilidades de \u00e9xito en ese proceso.<br \/>\nYunes Linares representa la polarizaci\u00f3n, el encono y el enfrentamiento con el actual grupo en el poder; sin embargo, nadie puede negar que se trata de un producto pol\u00edtica y electoralmente rentable. En el proceso de 2010, por ejemplo, Miguel \u00c1ngel Yunes cosech\u00f3 lo que ning\u00fan candidato previo en la historia de las elecciones veracruzanas, un mill\u00f3n 277 mil 151 votos; para su infortunio, Javier Duarte le super\u00f3 por casi 80 mil sufragios y se convirti\u00f3 en gobernador.<br \/>\nJuan Bueno tambi\u00e9n levant\u00f3 la mano y aunque se observa abajo en las encuestas a poblaci\u00f3n abierta, se mantiene como una opci\u00f3n para Acci\u00f3n Nacional, sobre todo porque al no polarizar, tampoco tiene enfrentamiento ni distancia con los grupos internos de su partido.<br \/>\nBueno Torio tiene un discurso m\u00e1s mesurado que el de Yunes, pero tambi\u00e9n cuenta con fuerza discursiva, lo que podr\u00eda despertar el inter\u00e9s y la simpat\u00eda del respetable, \u00e1vido de sangre.<br \/>\nLa decisi\u00f3n sobre la candidatura, por cierto, no se basar\u00e1 en el voto de los militantes panistas; de hecho, se definir\u00e1 en reuniones de la c\u00fapula nacional.<br \/>\nPor otro lado, de concretarse la alianza con el Sol Azteca en Veracruz, el abanderado de esa suma de partidos ser\u00e1 un panista y s\u00f3lo esos nombres han sido manejados hasta este momento.<br \/>\nEsta, por cierto, no ser\u00e1 la primera vez que Miguel \u00c1ngel Yunes y Juan Bueno se vean las caras en una contienda; aunque nunca se han medido como adversarios directos, existe un antecedente, en 1997, cuando el cordob\u00e9s fue candidato de su partido, el PAN, y el de Soledad de Doblado figuraba, desde la Secretar\u00eda de Gobierno de Veracruz, como el principal operador pol\u00edtico del PRI, partido del que tambi\u00e9n ser\u00eda dirigente estatal.<br \/>\nEn esa ocasi\u00f3n, Bueno Torio apenas surg\u00eda; era un empresario que hab\u00eda ocupado la dirigencia del comit\u00e9 municipal del blanquiazul, un partido que apenas ten\u00eda presencia en Veracruz, en Cordoba. En ese proceso, en el \u00e1mbito estatal, el PRI super\u00f3 el 43 por ciento de la votaci\u00f3n total, mientras que el PAN se ubic\u00f3, por primera vez en su historia, como la segunda fuerza electoral, posici\u00f3n que tras 18 a\u00f1os, pr\u00e1cticamente no ha perdido.<br \/>\nEl resultado en el distrito XVI, de C\u00f3rdoba, catapult\u00f3 a Juan Bueno, quien lleg\u00f3 a la LVII Legislatura como el \u00fanico candidato triunfante en la entidad; despu\u00e9s fue al Senado y otra vez a San L\u00e1zaro. Ese fue el primer round.<br \/>\nEl segundo episodio estar\u00eda por definirse en diciembre del presente a\u00f1o, pero ahora con diferentes condiciones; ambos militan en Acci\u00f3n Nacional y los dos buscan la candidatura panista y la gubernatura de la entidad. En el PAN, las cosas est\u00e1n lejos de quedar definidas en el tema sucesorio.<\/p>\n<p><strong>Antorcha mete las manos por alcalde Ayahualulco<\/strong><br \/>\nEn el tema de la solicitud de desafuero del alcalde de Ayahualulco, Antorcha Campesina, organizaci\u00f3n que encabeza Samuel Aguirre en Veracruz, est\u00e1 interviniendo en favor de Abundio Morales.<br \/>\nEste lunes trascendi\u00f3 que dicha agrupaci\u00f3n campesina pedir\u00eda la intervenci\u00f3n del gobernador Javier Duarte, a fin de resolver el problema del alcalde se\u00f1alado por un supuesto caso de abuso de autoridad.<br \/>\nSe trata, dec\u00edamos en columnas anteriores, de un asunto sobredimensionado: un pleito ranchero que deriv\u00f3 en la detenci\u00f3n de un joven por parte de los elementos de la polic\u00eda local; despu\u00e9s de esos hechos, ocurridos hace casi un a\u00f1o y medio, el presidente municipal fue denunciado ante la Fiscal\u00eda y tras un largo proceso judicial, el titular de la dependencia present\u00f3 la solicitud de juicio de procedencia.<br \/>\nPues bien, cuando se define el sentido del dictamen de las comisiones de Gobernaci\u00f3n y Justicia y Puntos Constitucionales en la Legislatura del Estado, Antorcha decidi\u00f3 intervenir y pedir que Abundio Morales no sea desaforado; que intervenga el ejecutivo estatal; y que la Fiscal\u00eda no fabrique delitos para intimidar a los miembros del movimiento antorchista.<br \/>\nSamuel Aguirre se\u00f1ala que ese expediente est\u00e1 plagado de irregularidades, como la supuesta suplantaci\u00f3n de los denunciantes y que en ello estar\u00edan involucrados tanto funcionarios del \u00e1rea pol\u00edtica del gobierno estatal, como la propia dependencia que tiene a su cargo Luis \u00c1ngel Bravo Contreras.<br \/>\nEn cuesti\u00f3n de horas se conocer\u00e1 el sentido del dictamen de dichas comisiones y en unos d\u00edas, el tema pasar\u00e1 al pleno del Congreso Local, que determinar\u00e1 la suerte tanto del presidente municipal como del s\u00edndico del ayuntamiento de Ayahualulco. @luisromero85<\/p>\n","protected":false},"excerpt":{"rendered":"<p>Luis Alberto Romero Hora Cero De manera reciente, en este espacio hablaba sobre la carrera panista en el marco de la sucesi\u00f3n veracruzana y ubicaba \u00fanicamente a dos contendientes serios: el diputado federal Miguel \u00c1ngel Yunes Linares y el ex senador Juan Bueno Torio. Quien resulte candidato del albiazul podr\u00eda aparecer en las boletas del [&hellip;]<\/p>\n","protected":false},"author":2,"featured_media":0,"comment_status":"open","ping_status":"open","sticky":false,"template":"","format":"standard","meta":{"tdm_status":"","tdm_grid_status":"","footnotes":""},"categories":[70],"tags":[1305,428],"class_list":{"0":"post-18639","1":"post","2":"type-post","3":"status-publish","4":"format-standard","6":"category-de-opinion","7":"tag-juan-bueno-torio","8":"tag-miguel-angel-yunes-linares"},"yoast_head":"<!-- This site is optimized with the Yoast SEO plugin v27.4 - https:\/\/yoast.com\/product\/yoast-seo-wordpress\/ -->\n<title>Bueno vs Yunes; segundo round - Los pol\u00edticos Veracruz<\/title>\n<meta name=\"robots\" content=\"index, follow, max-snippet:-1, max-image-preview:large, max-video-preview:-1\" \/>\n<link rel=\"canonical\" href=\"https:\/\/lospoliticosveracruz.com\/?p=18639\" \/>\n<meta property=\"og:locale\" content=\"es_ES\" \/>\n<meta property=\"og:type\" content=\"article\" \/>\n<meta property=\"og:title\" content=\"Bueno vs Yunes; segundo round - Los pol\u00edticos Veracruz\" \/>\n<meta property=\"og:description\" content=\"Luis Alberto Romero Hora Cero De manera reciente, en este espacio hablaba sobre la carrera panista en el marco de la sucesi\u00f3n veracruzana y ubicaba \u00fanicamente a dos contendientes serios: el diputado federal Miguel \u00c1ngel Yunes Linares y el ex senador Juan Bueno Torio. Quien resulte candidato del albiazul podr\u00eda aparecer en las boletas del [&hellip;]\" \/>\n<meta property=\"og:url\" content=\"https:\/\/lospoliticosveracruz.com\/?p=18639\" \/>\n<meta property=\"og:site_name\" content=\"Los pol\u00edticos Veracruz\" \/>\n<meta property=\"article:publisher\" content=\"https:\/\/www.facebook.com\/people\/Notimemes-de-los-Polticos\/61565672886568\/\" \/>\n<meta property=\"article:published_time\" content=\"2015-10-27T02:05:31+00:00\" \/>\n<meta property=\"og:image\" content=\"http:\/\/www.lospoliticosveracruz.com.mx\/wp-content\/uploads\/2015\/10\/Juan-Bueno-Yunes-Linares-300x198.jpg\" \/>\n<meta name=\"author\" content=\"Lo viste en Los Pol\u00edticos\" \/>\n<meta name=\"twitter:card\" content=\"summary_large_image\" \/>\n<meta name=\"twitter:creator\" content=\"@LosPoliticosVer\" \/>\n<meta name=\"twitter:site\" content=\"@LosPoliticosVer\" \/>\n<meta name=\"twitter:label1\" content=\"Escrito por\" \/>\n\t<meta name=\"twitter:data1\" content=\"Lo viste en Los Pol\u00edticos\" \/>\n\t<meta name=\"twitter:label2\" content=\"Tiempo de lectura\" \/>\n\t<meta name=\"twitter:data2\" content=\"4 minutos\" \/>\n<script type=\"application\/ld+json\" class=\"yoast-schema-graph\">{\"@context\":\"https:\\\/\\\/schema.org\",\"@graph\":[{\"@type\":\"Article\",\"@id\":\"https:\\\/\\\/lospoliticosveracruz.com\\\/?p=18639#article\",\"isPartOf\":{\"@id\":\"https:\\\/\\\/lospoliticosveracruz.com\\\/?p=18639\"},\"author\":{\"name\":\"Lo viste en Los Pol\u00edticos\",\"@id\":\"https:\\\/\\\/lospoliticosveracruz.com\\\/#\\\/schema\\\/person\\\/b8702bb0e538456e6efd07080bf2a4a2\"},\"headline\":\"Bueno vs Yunes; segundo round\",\"datePublished\":\"2015-10-27T02:05:31+00:00\",\"mainEntityOfPage\":{\"@id\":\"https:\\\/\\\/lospoliticosveracruz.com\\\/?p=18639\"},\"wordCount\":867,\"commentCount\":0,\"publisher\":{\"@id\":\"https:\\\/\\\/lospoliticosveracruz.com\\\/#organization\"},\"image\":{\"@id\":\"https:\\\/\\\/lospoliticosveracruz.com\\\/?p=18639#primaryimage\"},\"thumbnailUrl\":\"http:\\\/\\\/www.lospoliticosveracruz.com.mx\\\/wp-content\\\/uploads\\\/2015\\\/10\\\/Juan-Bueno-Yunes-Linares-300x198.jpg\",\"keywords\":[\"Juan Bueno Torio\",\"Miguel Angel Yunes Linares\"],\"articleSection\":[\"De Opini\u00f3n\"],\"inLanguage\":\"es\",\"potentialAction\":[{\"@type\":\"CommentAction\",\"name\":\"Comment\",\"target\":[\"https:\\\/\\\/lospoliticosveracruz.com\\\/?p=18639#respond\"]}]},{\"@type\":\"WebPage\",\"@id\":\"https:\\\/\\\/lospoliticosveracruz.com\\\/?p=18639\",\"url\":\"https:\\\/\\\/lospoliticosveracruz.com\\\/?p=18639\",\"name\":\"Bueno vs Yunes; segundo round - Los pol\u00edticos Veracruz\",\"isPartOf\":{\"@id\":\"https:\\\/\\\/lospoliticosveracruz.com\\\/#website\"},\"primaryImageOfPage\":{\"@id\":\"https:\\\/\\\/lospoliticosveracruz.com\\\/?p=18639#primaryimage\"},\"image\":{\"@id\":\"https:\\\/\\\/lospoliticosveracruz.com\\\/?p=18639#primaryimage\"},\"thumbnailUrl\":\"http:\\\/\\\/www.lospoliticosveracruz.com.mx\\\/wp-content\\\/uploads\\\/2015\\\/10\\\/Juan-Bueno-Yunes-Linares-300x198.jpg\",\"datePublished\":\"2015-10-27T02:05:31+00:00\",\"breadcrumb\":{\"@id\":\"https:\\\/\\\/lospoliticosveracruz.com\\\/?p=18639#breadcrumb\"},\"inLanguage\":\"es\",\"potentialAction\":[{\"@type\":\"ReadAction\",\"target\":[\"https:\\\/\\\/lospoliticosveracruz.com\\\/?p=18639\"]}]},{\"@type\":\"ImageObject\",\"inLanguage\":\"es\",\"@id\":\"https:\\\/\\\/lospoliticosveracruz.com\\\/?p=18639#primaryimage\",\"url\":\"http:\\\/\\\/www.lospoliticosveracruz.com.mx\\\/wp-content\\\/uploads\\\/2015\\\/10\\\/Juan-Bueno-Yunes-Linares-300x198.jpg\",\"contentUrl\":\"http:\\\/\\\/www.lospoliticosveracruz.com.mx\\\/wp-content\\\/uploads\\\/2015\\\/10\\\/Juan-Bueno-Yunes-Linares-300x198.jpg\"},{\"@type\":\"BreadcrumbList\",\"@id\":\"https:\\\/\\\/lospoliticosveracruz.com\\\/?p=18639#breadcrumb\",\"itemListElement\":[{\"@type\":\"ListItem\",\"position\":1,\"name\":\"Portada\",\"item\":\"https:\\\/\\\/lospoliticosveracruz.com\\\/\"},{\"@type\":\"ListItem\",\"position\":2,\"name\":\"Bueno vs Yunes; segundo round\"}]},{\"@type\":\"WebSite\",\"@id\":\"https:\\\/\\\/lospoliticosveracruz.com\\\/#website\",\"url\":\"https:\\\/\\\/lospoliticosveracruz.com\\\/\",\"name\":\"Los pol\u00edticos Veracruz\",\"description\":\"\",\"publisher\":{\"@id\":\"https:\\\/\\\/lospoliticosveracruz.com\\\/#organization\"},\"potentialAction\":[{\"@type\":\"SearchAction\",\"target\":{\"@type\":\"EntryPoint\",\"urlTemplate\":\"https:\\\/\\\/lospoliticosveracruz.com\\\/?s={search_term_string}\"},\"query-input\":{\"@type\":\"PropertyValueSpecification\",\"valueRequired\":true,\"valueName\":\"search_term_string\"}}],\"inLanguage\":\"es\"},{\"@type\":\"Organization\",\"@id\":\"https:\\\/\\\/lospoliticosveracruz.com\\\/#organization\",\"name\":\"Los pol\u00edticos Veracruz\",\"url\":\"https:\\\/\\\/lospoliticosveracruz.com\\\/\",\"logo\":{\"@type\":\"ImageObject\",\"inLanguage\":\"es\",\"@id\":\"https:\\\/\\\/lospoliticosveracruz.com\\\/#\\\/schema\\\/logo\\\/image\\\/\",\"url\":\"https:\\\/\\\/lospoliticosveracruz.com\\\/wp-content\\\/uploads\\\/2025\\\/12\\\/Logo-Nuevo-LOS-POLITICOS-1.jpg\",\"contentUrl\":\"https:\\\/\\\/lospoliticosveracruz.com\\\/wp-content\\\/uploads\\\/2025\\\/12\\\/Logo-Nuevo-LOS-POLITICOS-1.jpg\",\"width\":260,\"height\":70,\"caption\":\"Los pol\u00edticos Veracruz\"},\"image\":{\"@id\":\"https:\\\/\\\/lospoliticosveracruz.com\\\/#\\\/schema\\\/logo\\\/image\\\/\"},\"sameAs\":[\"https:\\\/\\\/www.facebook.com\\\/people\\\/Notimemes-de-los-Polticos\\\/61565672886568\\\/\",\"https:\\\/\\\/x.com\\\/LosPoliticosVer\"]},{\"@type\":\"Person\",\"@id\":\"https:\\\/\\\/lospoliticosveracruz.com\\\/#\\\/schema\\\/person\\\/b8702bb0e538456e6efd07080bf2a4a2\",\"name\":\"Lo viste en Los Pol\u00edticos\",\"image\":{\"@type\":\"ImageObject\",\"inLanguage\":\"es\",\"@id\":\"https:\\\/\\\/secure.gravatar.com\\\/avatar\\\/3a8de04a2656d44082be478bd6c086daa447c4651605818287b9532d3d0bd435?s=96&d=mm&r=g\",\"url\":\"https:\\\/\\\/secure.gravatar.com\\\/avatar\\\/3a8de04a2656d44082be478bd6c086daa447c4651605818287b9532d3d0bd435?s=96&d=mm&r=g\",\"contentUrl\":\"https:\\\/\\\/secure.gravatar.com\\\/avatar\\\/3a8de04a2656d44082be478bd6c086daa447c4651605818287b9532d3d0bd435?s=96&d=mm&r=g\",\"caption\":\"Lo viste en Los Pol\u00edticos\"},\"url\":\"https:\\\/\\\/lospoliticosveracruz.com\\\/?author=2\"}]}<\/script>\n<!-- \/ Yoast SEO plugin. -->","yoast_head_json":{"title":"Bueno vs Yunes; segundo round - Los pol\u00edticos Veracruz","robots":{"index":"index","follow":"follow","max-snippet":"max-snippet:-1","max-image-preview":"max-image-preview:large","max-video-preview":"max-video-preview:-1"},"canonical":"https:\/\/lospoliticosveracruz.com\/?p=18639","og_locale":"es_ES","og_type":"article","og_title":"Bueno vs Yunes; segundo round - Los pol\u00edticos Veracruz","og_description":"Luis Alberto Romero Hora Cero De manera reciente, en este espacio hablaba sobre la carrera panista en el marco de la sucesi\u00f3n veracruzana y ubicaba \u00fanicamente a dos contendientes serios: el diputado federal Miguel \u00c1ngel Yunes Linares y el ex senador Juan Bueno Torio. Quien resulte candidato del albiazul podr\u00eda aparecer en las boletas del [&hellip;]","og_url":"https:\/\/lospoliticosveracruz.com\/?p=18639","og_site_name":"Los pol\u00edticos Veracruz","article_publisher":"https:\/\/www.facebook.com\/people\/Notimemes-de-los-Polticos\/61565672886568\/","article_published_time":"2015-10-27T02:05:31+00:00","og_image":[{"url":"http:\/\/www.lospoliticosveracruz.com.mx\/wp-content\/uploads\/2015\/10\/Juan-Bueno-Yunes-Linares-300x198.jpg","type":"","width":"","height":""}],"author":"Lo viste en Los Pol\u00edticos","twitter_card":"summary_large_image","twitter_creator":"@LosPoliticosVer","twitter_site":"@LosPoliticosVer","twitter_misc":{"Escrito por":"Lo viste en Los Pol\u00edticos","Tiempo de lectura":"4 minutos"},"schema":{"@context":"https:\/\/schema.org","@graph":[{"@type":"Article","@id":"https:\/\/lospoliticosveracruz.com\/?p=18639#article","isPartOf":{"@id":"https:\/\/lospoliticosveracruz.com\/?p=18639"},"author":{"name":"Lo viste en Los Pol\u00edticos","@id":"https:\/\/lospoliticosveracruz.com\/#\/schema\/person\/b8702bb0e538456e6efd07080bf2a4a2"},"headline":"Bueno vs Yunes; segundo round","datePublished":"2015-10-27T02:05:31+00:00","mainEntityOfPage":{"@id":"https:\/\/lospoliticosveracruz.com\/?p=18639"},"wordCount":867,"commentCount":0,"publisher":{"@id":"https:\/\/lospoliticosveracruz.com\/#organization"},"image":{"@id":"https:\/\/lospoliticosveracruz.com\/?p=18639#primaryimage"},"thumbnailUrl":"http:\/\/www.lospoliticosveracruz.com.mx\/wp-content\/uploads\/2015\/10\/Juan-Bueno-Yunes-Linares-300x198.jpg","keywords":["Juan Bueno Torio","Miguel Angel Yunes Linares"],"articleSection":["De Opini\u00f3n"],"inLanguage":"es","potentialAction":[{"@type":"CommentAction","name":"Comment","target":["https:\/\/lospoliticosveracruz.com\/?p=18639#respond"]}]},{"@type":"WebPage","@id":"https:\/\/lospoliticosveracruz.com\/?p=18639","url":"https:\/\/lospoliticosveracruz.com\/?p=18639","name":"Bueno vs Yunes; segundo round - Los pol\u00edticos Veracruz","isPartOf":{"@id":"https:\/\/lospoliticosveracruz.com\/#website"},"primaryImageOfPage":{"@id":"https:\/\/lospoliticosveracruz.com\/?p=18639#primaryimage"},"image":{"@id":"https:\/\/lospoliticosveracruz.com\/?p=18639#primaryimage"},"thumbnailUrl":"http:\/\/www.lospoliticosveracruz.com.mx\/wp-content\/uploads\/2015\/10\/Juan-Bueno-Yunes-Linares-300x198.jpg","datePublished":"2015-10-27T02:05:31+00:00","breadcrumb":{"@id":"https:\/\/lospoliticosveracruz.com\/?p=18639#breadcrumb"},"inLanguage":"es","potentialAction":[{"@type":"ReadAction","target":["https:\/\/lospoliticosveracruz.com\/?p=18639"]}]},{"@type":"ImageObject","inLanguage":"es","@id":"https:\/\/lospoliticosveracruz.com\/?p=18639#primaryimage","url":"http:\/\/www.lospoliticosveracruz.com.mx\/wp-content\/uploads\/2015\/10\/Juan-Bueno-Yunes-Linares-300x198.jpg","contentUrl":"http:\/\/www.lospoliticosveracruz.com.mx\/wp-content\/uploads\/2015\/10\/Juan-Bueno-Yunes-Linares-300x198.jpg"},{"@type":"BreadcrumbList","@id":"https:\/\/lospoliticosveracruz.com\/?p=18639#breadcrumb","itemListElement":[{"@type":"ListItem","position":1,"name":"Portada","item":"https:\/\/lospoliticosveracruz.com\/"},{"@type":"ListItem","position":2,"name":"Bueno vs Yunes; segundo round"}]},{"@type":"WebSite","@id":"https:\/\/lospoliticosveracruz.com\/#website","url":"https:\/\/lospoliticosveracruz.com\/","name":"Los pol\u00edticos Veracruz","description":"","publisher":{"@id":"https:\/\/lospoliticosveracruz.com\/#organization"},"potentialAction":[{"@type":"SearchAction","target":{"@type":"EntryPoint","urlTemplate":"https:\/\/lospoliticosveracruz.com\/?s={search_term_string}"},"query-input":{"@type":"PropertyValueSpecification","valueRequired":true,"valueName":"search_term_string"}}],"inLanguage":"es"},{"@type":"Organization","@id":"https:\/\/lospoliticosveracruz.com\/#organization","name":"Los pol\u00edticos Veracruz","url":"https:\/\/lospoliticosveracruz.com\/","logo":{"@type":"ImageObject","inLanguage":"es","@id":"https:\/\/lospoliticosveracruz.com\/#\/schema\/logo\/image\/","url":"https:\/\/lospoliticosveracruz.com\/wp-content\/uploads\/2025\/12\/Logo-Nuevo-LOS-POLITICOS-1.jpg","contentUrl":"https:\/\/lospoliticosveracruz.com\/wp-content\/uploads\/2025\/12\/Logo-Nuevo-LOS-POLITICOS-1.jpg","width":260,"height":70,"caption":"Los pol\u00edticos Veracruz"},"image":{"@id":"https:\/\/lospoliticosveracruz.com\/#\/schema\/logo\/image\/"},"sameAs":["https:\/\/www.facebook.com\/people\/Notimemes-de-los-Polticos\/61565672886568\/","https:\/\/x.com\/LosPoliticosVer"]},{"@type":"Person","@id":"https:\/\/lospoliticosveracruz.com\/#\/schema\/person\/b8702bb0e538456e6efd07080bf2a4a2","name":"Lo viste en Los Pol\u00edticos","image":{"@type":"ImageObject","inLanguage":"es","@id":"https:\/\/secure.gravatar.com\/avatar\/3a8de04a2656d44082be478bd6c086daa447c4651605818287b9532d3d0bd435?s=96&d=mm&r=g","url":"https:\/\/secure.gravatar.com\/avatar\/3a8de04a2656d44082be478bd6c086daa447c4651605818287b9532d3d0bd435?s=96&d=mm&r=g","contentUrl":"https:\/\/secure.gravatar.com\/avatar\/3a8de04a2656d44082be478bd6c086daa447c4651605818287b9532d3d0bd435?s=96&d=mm&r=g","caption":"Lo viste en Los Pol\u00edticos"},"url":"https:\/\/lospoliticosveracruz.com\/?author=2"}]}},"_links":{"self":[{"href":"https:\/\/lospoliticosveracruz.com\/index.php?rest_route=\/wp\/v2\/posts\/18639","targetHints":{"allow":["GET"]}}],"collection":[{"href":"https:\/\/lospoliticosveracruz.com\/index.php?rest_route=\/wp\/v2\/posts"}],"about":[{"href":"https:\/\/lospoliticosveracruz.com\/index.php?rest_route=\/wp\/v2\/types\/post"}],"author":[{"embeddable":true,"href":"https:\/\/lospoliticosveracruz.com\/index.php?rest_route=\/wp\/v2\/users\/2"}],"replies":[{"embeddable":true,"href":"https:\/\/lospoliticosveracruz.com\/index.php?rest_route=%2Fwp%2Fv2%2Fcomments&post=18639"}],"version-history":[{"count":1,"href":"https:\/\/lospoliticosveracruz.com\/index.php?rest_route=\/wp\/v2\/posts\/18639\/revisions"}],"predecessor-version":[{"id":18641,"href":"https:\/\/lospoliticosveracruz.com\/index.php?rest_route=\/wp\/v2\/posts\/18639\/revisions\/18641"}],"wp:attachment":[{"href":"https:\/\/lospoliticosveracruz.com\/index.php?rest_route=%2Fwp%2Fv2%2Fmedia&parent=18639"}],"wp:term":[{"taxonomy":"category","embeddable":true,"href":"https:\/\/lospoliticosveracruz.com\/index.php?rest_route=%2Fwp%2Fv2%2Fcategories&post=18639"},{"taxonomy":"post_tag","embeddable":true,"href":"https:\/\/lospoliticosveracruz.com\/index.php?rest_route=%2Fwp%2Fv2%2Ftags&post=18639"}],"curies":[{"name":"wp","href":"https:\/\/api.w.org\/{rel}","templated":true}]}}