{"id":18642,"date":"2015-10-26T20:14:58","date_gmt":"2015-10-27T02:14:58","guid":{"rendered":"http:\/\/www.lospoliticosveracruz.com.mx\/?p=18642"},"modified":"2015-10-26T20:14:58","modified_gmt":"2015-10-27T02:14:58","slug":"de-aviadores-y-avionazos","status":"publish","type":"post","link":"https:\/\/lospoliticosveracruz.com\/?p=18642","title":{"rendered":"De aviadores y avionazos"},"content":{"rendered":"<p><a href=\"http:\/\/www.lospoliticosveracruz.com.mx\/wp-content\/uploads\/2013\/03\/YO-PROPONGO-SE-SUSTITUYA-EL-AUTOMOVIL-POR-EL-AVION.jpg\"><img loading=\"lazy\" decoding=\"async\" class=\"alignnone size-medium wp-image-10859\" src=\"http:\/\/www.lospoliticosveracruz.com.mx\/wp-content\/uploads\/2013\/03\/YO-PROPONGO-SE-SUSTITUYA-EL-AUTOMOVIL-POR-EL-AVION-199x300.jpg\" alt=\"YO-PROPONGO-SE-SUSTITUYA-EL-AUTOMOVIL-POR-EL-AVION\" width=\"199\" height=\"300\" \/><\/a><br \/>\n<strong>\u00c1lvaro Belin Andrade<\/strong><\/p>\n<p><em>Hora Libre<\/em><\/p>\n<p>&nbsp;<\/p>\n<p>El tema de las aviadores en la Secretar\u00eda de Educaci\u00f3n (SEV), cuyo n\u00famero fue se\u00f1alado por el gobernador Javier Duarte el lunes de la semana pasada en 2 mil 173, ha entrado en una especie de ping pong pol\u00edtico en el que se ha hecho a un lado a las autoridades tanto educativas como de la Sefiplan y la Contraloria General que, en el papel, deber\u00edan ser las \u00fanicas, al menos desde el lado oficial, facultados para informar del asunto.<br \/>\nCon la denuncia presentada la ma\u00f1ana de este lunes por el diputado federal Miguel \u00c1ngel Yunes Linares en las oficinas de la Fiscal\u00eda General del Estado contra una veintena de funcionarios y exfuncionarios de la SEV y la Sefiplan, quienes habr\u00edan estado involucrados en la incrustaci\u00f3n de \u2018hombres de paja\u2019 en la n\u00f3mina oficial, las respuestas por parte del gobierno estatal fueron, una gubernamental, del Oficial Mayor de la SEV, Vicente Ben\u00edtez, y la otra, dura y dando a conocer acciones subsecuentes, como si todav\u00eda fuera vocero del gobierno estatal, de parte de Alberto Silva Ramos, dirigente estatal del PRI.<br \/>\nVicente Ben\u00edtez, seg\u00fan un comunicado oficial, se\u00f1al\u00f3 lo siguiente:<br \/>\n\u201cComo lo ha dicho el Gobernador, \u2018los de Veracruz son los mejores maestros de M\u00e9xico\u2019, pero todo aqu\u00e9l que tenga plaza y no la trabaje, que se preocupe, pues hemos encontrado un importante n\u00famero de personas en esta situaci\u00f3n y que no son de la actual administraci\u00f3n\u201d.<br \/>\nEn el mismo comunicado se se\u00f1ala que el funcionario \u201csubray\u00f3 que por el momento se ha encontrado el mayor n\u00famero en los a\u00f1os de 1992 a 1998\u201d, justo en el sexenio de Patricio Chirinos, en que Yunes Linares fue Secretario General de Gobierno.<br \/>\nConviene resaltar el hecho de que desde el PRI se den a conocer acciones que no tomar\u00e1 ese partido sino el Gobierno del Estado: \u00abSe dar\u00e1n a conocer los nombres, fechas, montos. En la administraci\u00f3n de Javier Duarte, y te lo puedo decir, no se ha incorporado uno solo, lo dem\u00e1s tendr\u00e1 que analizarse, tendr\u00e1 que investigarse y tendr\u00e1 que perseguirse\u00bb.<br \/>\nY lo destaco porque, contrario al exabrupto del Cisne, fue el propio Vicente Ben\u00edtez quien se encarg\u00f3 de desmentirlo en el comunicado de la SEV: \u201cBen\u00edtez Gonz\u00e1lez detall\u00f3 que no es posible dar a conocer la lista de nombres de \u201caviadores\u201d debido al proceso administrativo que se realiza actualmente y al apego que hace la SEV a la Ley Federal de Protecci\u00f3n de Datos Personales\u201d.<br \/>\nLa propia titular de la SEV, X\u00f3chitl Osorio, no solo ha sido cauta sino incluso ha puesto en duda que dichos despidos se den de manera inmediata, argumentando que varios de los involucrados podr\u00edan ejercer el derecho de amparo para evitar salir de la n\u00f3mina. Suponemos que el gobierno estatal no revelar\u00e1 los nombres de los 2 mil 173 \u2018aviadores\u2019, a no ser que Silva Ramos solo se refiera a los 142 que se le imputan a Yunes Linares.<br \/>\nPor la tarde de este lunes, en su cuenta de Twitter, el gobernador abon\u00f3 al debate con el siguiente mensaje: \u201cEn mi admon todas las plazas estatales q se han creado en la SEV es personal q va a sus centros de trabajo, los aviadores vienen desde 1992\u201d.<\/p>\n<p><strong>Se alebrest\u00f3 el panal<\/strong><\/p>\n<p>Sin la tradicional conferencia de prensa del gobernador Javier Duarte de Ochoa, el archienemigo de la Fidelidad, Miguel \u00c1ngel Yunes Linares, llen\u00f3 el vac\u00edo al aparecerse de manera sorpresiva en la Fiscal\u00eda General del Estado para presentar una denuncia contra 20 funcionarios y exfuncionarios, incluyendo al propio gobernador, por el da\u00f1o patrimonial calculado por \u00e9l en m\u00e1s de 9 mil millones de pesos por haber remunerado, sin trabajo alguno de por medio, a los m\u00e1s de 2 mil \u2018aviadores\u2019 detectados en la SEV, en la \u00faltima d\u00e9cada.<br \/>\nNo hay en esta confrontaci\u00f3n la posibilidad de ir seriamente a una querella judicial. La propia acci\u00f3n de Yunes Linares obedece a una contraofensiva medi\u00e1tica por haber sido involucrado en el caso de los \u2018aviadores\u2019. Quien no ha respondido es Jorge Uscanga Escobar, cuya hija, subdirectora de Educaci\u00f3n Media Superior, fue se\u00f1alada de tener a su parentela incrustada en la n\u00f3mina sin realizar una labor que justifique los pagos que han estado recibiendo.<br \/>\nLo cierto es que el jaloneo pol\u00edtico da visos de que se pondr\u00e1 cada vez m\u00e1s rijoso\u2026 y monotem\u00e1tico. La ofensiva contra el PAN y su posible candidato arreciar\u00e1 cada d\u00eda que pase de aqu\u00ed a que se nominen los candidatos a la gubernatura, y es posible que a ella sean incorporados los punteros priistas, Jos\u00e9 Francisco y H\u00e9ctor Yunes, quienes han sido alertados de que si se portan mal, si no respetan la investidura del gobernador Javier Duarte de Ochoa, ser\u00e1n desincorporados de la lista priista.<br \/>\nEn una entrevista, Silva Ramos apunt\u00f3 que en el PRI hay cabida para los dos senadores (como si no fueran priistas de mucho tiempo y estuvieran esperando que su dirigente les ofrezca la gracia de seguir militando en esa organizaci\u00f3n). Y a\u00f1adi\u00f3: \u201clos queremos, los apreciamos y los vamos a acompa\u00f1ar en el esfuerzo que est\u00e1n haciendo por todo el estado de Veracruz, siempre y cuando haya respeto para el primer priista del estado\u201d.<br \/>\n\u00bfQu\u00e9 significa respeto a Duarte? Habr\u00eda que pregunt\u00e1rselo al propio Silva, porque si acepta (como lo hizo al asumir el cargo el s\u00e1bado pasado) que en el interior del PRI hay opiniones diferentes, entonces tendr\u00e1 que aceptar que los senadores se\u00f1alen cr\u00edticas a la conducci\u00f3n del gobierno estatal. De otra manera, ser\u00eda tanto como anticipar una verdadera purga para evitar opiniones disonantes.<\/p>\n<p>\u00bfQu\u00e9 ha pasado con los de m\u00e1s de dos plazas?<\/p>\n<p>En el caso de los aviadores hay varios temas que no han salido a relucir luego de la conferencia del gobernador Javier Duarte. Uno de ellos es igualmente importante: la existencia de trabajadores de la educaci\u00f3n que disfrutan no de dos plazas de tiempo completo que, como dice Ben\u00edtez, pueden ser cumplidas siempre que no tengan simultaneidad horaria o con una lejan\u00eda tal entre los dos centros de trabajo que hagan imposible el desplazamiento de los profesores o empleados para llegar a tiempo.<br \/>\nDe esto es de lo que los l\u00edderes sindicales se defender\u00e1n como gatos boca arriba. Ya sabemos c\u00f3mo varios de ellos cuentan hasta con siete o m\u00e1s plazas de tiempo completo, y muchos de sus \u2018comisionados sindicales\u2019 \u2013adem\u00e1s de portar un rosario de plazas\u2013 tienen mucho tiempo de no ensuciar sus camisas con el polvo del gis, mientras cientos de escuelas ven c\u00f3mo uno o dos maestros deben hacerse cargo de dos o m\u00e1s grupos de diferentes grados escolares, porque no hay plazas para contratar los maestros que se requieren.<br \/>\nSobre ese tema tambi\u00e9n debiera informar el Oficial Mayor, Vicente Ben\u00edtez, quien hace rato prepara maletas para irse a contender por la diputaci\u00f3n local por Los Tuxtlas.<br \/>\nEn su Plan de Contenci\u00f3n del Gasto del Sector Educativo, el gobernador Javier Duarte incluy\u00f3 un tema escabroso para los sindicatos: determinar la incompatibilidad de empleos, por lo que aquellos trabajadores del sistema educativo que tenga m\u00e1s horas de lo legalmente permitido, ser\u00e1n ajustados a la normatividad vigente.<br \/>\nTambi\u00e9n dijo que los servidores p\u00fablicos con plaza en la SEV que ocupen cargos de elecci\u00f3n popular o laboren en otra \u00e1rea de gobierno, no podr\u00e1n cobrar en ambas dependencias, y anunci\u00f3 que se intensificar\u00e1 la verificaci\u00f3n de las estructuras ocupacionales establecidas para los planteles educativos y centros de trabajo del sector, teniendo como elemento central de an\u00e1lisis la Relaci\u00f3n de N\u00famero de Alumnos por Maestro (RAM).<br \/>\nTodos esperamos que pronto haya un informe detallado de qu\u00e9 se ha hecho en estos temas. A ver si no hay rebeli\u00f3n de los dirigentes formales del magisterio veracruzano, tradicionalmente aliados del PRI, porque sientan que les est\u00e1n pisando los enormes callos que torturan sus caros mocasines.<\/p>\n","protected":false},"excerpt":{"rendered":"<p>\u00c1lvaro Belin Andrade Hora Libre &nbsp; El tema de las aviadores en la Secretar\u00eda de Educaci\u00f3n (SEV), cuyo n\u00famero fue se\u00f1alado por el gobernador Javier Duarte el lunes de la semana pasada en 2 mil 173, ha entrado en una especie de ping pong pol\u00edtico en el que se ha hecho a un lado a [&hellip;]<\/p>\n","protected":false},"author":2,"featured_media":0,"comment_status":"open","ping_status":"open","sticky":false,"template":"","format":"standard","meta":{"tdm_status":"","tdm_grid_status":"","footnotes":""},"categories":[70],"tags":[162,1231,3843,1511,1752],"class_list":{"0":"post-18642","1":"post","2":"type-post","3":"status-publish","4":"format-standard","6":"category-de-opinion","7":"tag-javier-duarte","8":"tag-jorge-uscanga-escobar","9":"tag-oficial-mayor","10":"tag-patricio-chirinos","11":"tag-secretaria-de-educacion"},"yoast_head":"<!-- This site is optimized with the Yoast SEO plugin v27.4 - https:\/\/yoast.com\/product\/yoast-seo-wordpress\/ -->\n<title>De aviadores y avionazos - Los pol\u00edticos Veracruz<\/title>\n<meta name=\"robots\" content=\"index, follow, max-snippet:-1, max-image-preview:large, max-video-preview:-1\" \/>\n<link rel=\"canonical\" href=\"https:\/\/lospoliticosveracruz.com\/?p=18642\" \/>\n<meta property=\"og:locale\" content=\"es_ES\" \/>\n<meta property=\"og:type\" content=\"article\" \/>\n<meta property=\"og:title\" content=\"De aviadores y avionazos - Los pol\u00edticos Veracruz\" \/>\n<meta property=\"og:description\" content=\"\u00c1lvaro Belin Andrade Hora Libre &nbsp; El tema de las aviadores en la Secretar\u00eda de Educaci\u00f3n (SEV), cuyo n\u00famero fue se\u00f1alado por el gobernador Javier Duarte el lunes de la semana pasada en 2 mil 173, ha entrado en una especie de ping pong pol\u00edtico en el que se ha hecho a un lado a [&hellip;]\" \/>\n<meta property=\"og:url\" content=\"https:\/\/lospoliticosveracruz.com\/?p=18642\" \/>\n<meta property=\"og:site_name\" content=\"Los pol\u00edticos Veracruz\" \/>\n<meta property=\"article:publisher\" content=\"https:\/\/www.facebook.com\/people\/Notimemes-de-los-Polticos\/61565672886568\/\" \/>\n<meta property=\"article:published_time\" content=\"2015-10-27T02:14:58+00:00\" \/>\n<meta property=\"og:image\" content=\"http:\/\/www.lospoliticosveracruz.com.mx\/wp-content\/uploads\/2013\/03\/YO-PROPONGO-SE-SUSTITUYA-EL-AUTOMOVIL-POR-EL-AVION-199x300.jpg\" \/>\n<meta name=\"author\" content=\"Lo viste en Los Pol\u00edticos\" \/>\n<meta name=\"twitter:card\" content=\"summary_large_image\" \/>\n<meta name=\"twitter:creator\" content=\"@LosPoliticosVer\" \/>\n<meta name=\"twitter:site\" content=\"@LosPoliticosVer\" \/>\n<meta name=\"twitter:label1\" content=\"Escrito por\" \/>\n\t<meta name=\"twitter:data1\" content=\"Lo viste en Los Pol\u00edticos\" \/>\n\t<meta name=\"twitter:label2\" content=\"Tiempo de lectura\" \/>\n\t<meta name=\"twitter:data2\" content=\"7 minutos\" \/>\n<script type=\"application\/ld+json\" class=\"yoast-schema-graph\">{\"@context\":\"https:\\\/\\\/schema.org\",\"@graph\":[{\"@type\":\"Article\",\"@id\":\"https:\\\/\\\/lospoliticosveracruz.com\\\/?p=18642#article\",\"isPartOf\":{\"@id\":\"https:\\\/\\\/lospoliticosveracruz.com\\\/?p=18642\"},\"author\":{\"name\":\"Lo viste en Los Pol\u00edticos\",\"@id\":\"https:\\\/\\\/lospoliticosveracruz.com\\\/#\\\/schema\\\/person\\\/b8702bb0e538456e6efd07080bf2a4a2\"},\"headline\":\"De aviadores y avionazos\",\"datePublished\":\"2015-10-27T02:14:58+00:00\",\"mainEntityOfPage\":{\"@id\":\"https:\\\/\\\/lospoliticosveracruz.com\\\/?p=18642\"},\"wordCount\":1380,\"commentCount\":0,\"publisher\":{\"@id\":\"https:\\\/\\\/lospoliticosveracruz.com\\\/#organization\"},\"image\":{\"@id\":\"https:\\\/\\\/lospoliticosveracruz.com\\\/?p=18642#primaryimage\"},\"thumbnailUrl\":\"http:\\\/\\\/www.lospoliticosveracruz.com.mx\\\/wp-content\\\/uploads\\\/2013\\\/03\\\/YO-PROPONGO-SE-SUSTITUYA-EL-AUTOMOVIL-POR-EL-AVION-199x300.jpg\",\"keywords\":[\"Javier Duarte\",\"Jorge Uscanga Escobar\",\"Oficial Mayor\",\"Patricio Chirinos\",\"Secretar\u00eda de Educaci\u00f3n\"],\"articleSection\":[\"De Opini\u00f3n\"],\"inLanguage\":\"es\",\"potentialAction\":[{\"@type\":\"CommentAction\",\"name\":\"Comment\",\"target\":[\"https:\\\/\\\/lospoliticosveracruz.com\\\/?p=18642#respond\"]}]},{\"@type\":\"WebPage\",\"@id\":\"https:\\\/\\\/lospoliticosveracruz.com\\\/?p=18642\",\"url\":\"https:\\\/\\\/lospoliticosveracruz.com\\\/?p=18642\",\"name\":\"De aviadores y avionazos - Los pol\u00edticos Veracruz\",\"isPartOf\":{\"@id\":\"https:\\\/\\\/lospoliticosveracruz.com\\\/#website\"},\"primaryImageOfPage\":{\"@id\":\"https:\\\/\\\/lospoliticosveracruz.com\\\/?p=18642#primaryimage\"},\"image\":{\"@id\":\"https:\\\/\\\/lospoliticosveracruz.com\\\/?p=18642#primaryimage\"},\"thumbnailUrl\":\"http:\\\/\\\/www.lospoliticosveracruz.com.mx\\\/wp-content\\\/uploads\\\/2013\\\/03\\\/YO-PROPONGO-SE-SUSTITUYA-EL-AUTOMOVIL-POR-EL-AVION-199x300.jpg\",\"datePublished\":\"2015-10-27T02:14:58+00:00\",\"breadcrumb\":{\"@id\":\"https:\\\/\\\/lospoliticosveracruz.com\\\/?p=18642#breadcrumb\"},\"inLanguage\":\"es\",\"potentialAction\":[{\"@type\":\"ReadAction\",\"target\":[\"https:\\\/\\\/lospoliticosveracruz.com\\\/?p=18642\"]}]},{\"@type\":\"ImageObject\",\"inLanguage\":\"es\",\"@id\":\"https:\\\/\\\/lospoliticosveracruz.com\\\/?p=18642#primaryimage\",\"url\":\"http:\\\/\\\/www.lospoliticosveracruz.com.mx\\\/wp-content\\\/uploads\\\/2013\\\/03\\\/YO-PROPONGO-SE-SUSTITUYA-EL-AUTOMOVIL-POR-EL-AVION-199x300.jpg\",\"contentUrl\":\"http:\\\/\\\/www.lospoliticosveracruz.com.mx\\\/wp-content\\\/uploads\\\/2013\\\/03\\\/YO-PROPONGO-SE-SUSTITUYA-EL-AUTOMOVIL-POR-EL-AVION-199x300.jpg\"},{\"@type\":\"BreadcrumbList\",\"@id\":\"https:\\\/\\\/lospoliticosveracruz.com\\\/?p=18642#breadcrumb\",\"itemListElement\":[{\"@type\":\"ListItem\",\"position\":1,\"name\":\"Portada\",\"item\":\"https:\\\/\\\/lospoliticosveracruz.com\\\/\"},{\"@type\":\"ListItem\",\"position\":2,\"name\":\"De aviadores y avionazos\"}]},{\"@type\":\"WebSite\",\"@id\":\"https:\\\/\\\/lospoliticosveracruz.com\\\/#website\",\"url\":\"https:\\\/\\\/lospoliticosveracruz.com\\\/\",\"name\":\"Los pol\u00edticos Veracruz\",\"description\":\"\",\"publisher\":{\"@id\":\"https:\\\/\\\/lospoliticosveracruz.com\\\/#organization\"},\"potentialAction\":[{\"@type\":\"SearchAction\",\"target\":{\"@type\":\"EntryPoint\",\"urlTemplate\":\"https:\\\/\\\/lospoliticosveracruz.com\\\/?s={search_term_string}\"},\"query-input\":{\"@type\":\"PropertyValueSpecification\",\"valueRequired\":true,\"valueName\":\"search_term_string\"}}],\"inLanguage\":\"es\"},{\"@type\":\"Organization\",\"@id\":\"https:\\\/\\\/lospoliticosveracruz.com\\\/#organization\",\"name\":\"Los pol\u00edticos Veracruz\",\"url\":\"https:\\\/\\\/lospoliticosveracruz.com\\\/\",\"logo\":{\"@type\":\"ImageObject\",\"inLanguage\":\"es\",\"@id\":\"https:\\\/\\\/lospoliticosveracruz.com\\\/#\\\/schema\\\/logo\\\/image\\\/\",\"url\":\"https:\\\/\\\/lospoliticosveracruz.com\\\/wp-content\\\/uploads\\\/2025\\\/12\\\/Logo-Nuevo-LOS-POLITICOS-1.jpg\",\"contentUrl\":\"https:\\\/\\\/lospoliticosveracruz.com\\\/wp-content\\\/uploads\\\/2025\\\/12\\\/Logo-Nuevo-LOS-POLITICOS-1.jpg\",\"width\":260,\"height\":70,\"caption\":\"Los pol\u00edticos Veracruz\"},\"image\":{\"@id\":\"https:\\\/\\\/lospoliticosveracruz.com\\\/#\\\/schema\\\/logo\\\/image\\\/\"},\"sameAs\":[\"https:\\\/\\\/www.facebook.com\\\/people\\\/Notimemes-de-los-Polticos\\\/61565672886568\\\/\",\"https:\\\/\\\/x.com\\\/LosPoliticosVer\"]},{\"@type\":\"Person\",\"@id\":\"https:\\\/\\\/lospoliticosveracruz.com\\\/#\\\/schema\\\/person\\\/b8702bb0e538456e6efd07080bf2a4a2\",\"name\":\"Lo viste en Los Pol\u00edticos\",\"image\":{\"@type\":\"ImageObject\",\"inLanguage\":\"es\",\"@id\":\"https:\\\/\\\/secure.gravatar.com\\\/avatar\\\/3a8de04a2656d44082be478bd6c086daa447c4651605818287b9532d3d0bd435?s=96&d=mm&r=g\",\"url\":\"https:\\\/\\\/secure.gravatar.com\\\/avatar\\\/3a8de04a2656d44082be478bd6c086daa447c4651605818287b9532d3d0bd435?s=96&d=mm&r=g\",\"contentUrl\":\"https:\\\/\\\/secure.gravatar.com\\\/avatar\\\/3a8de04a2656d44082be478bd6c086daa447c4651605818287b9532d3d0bd435?s=96&d=mm&r=g\",\"caption\":\"Lo viste en Los Pol\u00edticos\"},\"url\":\"https:\\\/\\\/lospoliticosveracruz.com\\\/?author=2\"}]}<\/script>\n<!-- \/ Yoast SEO plugin. -->","yoast_head_json":{"title":"De aviadores y avionazos - Los pol\u00edticos Veracruz","robots":{"index":"index","follow":"follow","max-snippet":"max-snippet:-1","max-image-preview":"max-image-preview:large","max-video-preview":"max-video-preview:-1"},"canonical":"https:\/\/lospoliticosveracruz.com\/?p=18642","og_locale":"es_ES","og_type":"article","og_title":"De aviadores y avionazos - Los pol\u00edticos Veracruz","og_description":"\u00c1lvaro Belin Andrade Hora Libre &nbsp; El tema de las aviadores en la Secretar\u00eda de Educaci\u00f3n (SEV), cuyo n\u00famero fue se\u00f1alado por el gobernador Javier Duarte el lunes de la semana pasada en 2 mil 173, ha entrado en una especie de ping pong pol\u00edtico en el que se ha hecho a un lado a [&hellip;]","og_url":"https:\/\/lospoliticosveracruz.com\/?p=18642","og_site_name":"Los pol\u00edticos Veracruz","article_publisher":"https:\/\/www.facebook.com\/people\/Notimemes-de-los-Polticos\/61565672886568\/","article_published_time":"2015-10-27T02:14:58+00:00","og_image":[{"url":"http:\/\/www.lospoliticosveracruz.com.mx\/wp-content\/uploads\/2013\/03\/YO-PROPONGO-SE-SUSTITUYA-EL-AUTOMOVIL-POR-EL-AVION-199x300.jpg","type":"","width":"","height":""}],"author":"Lo viste en Los Pol\u00edticos","twitter_card":"summary_large_image","twitter_creator":"@LosPoliticosVer","twitter_site":"@LosPoliticosVer","twitter_misc":{"Escrito por":"Lo viste en Los Pol\u00edticos","Tiempo de lectura":"7 minutos"},"schema":{"@context":"https:\/\/schema.org","@graph":[{"@type":"Article","@id":"https:\/\/lospoliticosveracruz.com\/?p=18642#article","isPartOf":{"@id":"https:\/\/lospoliticosveracruz.com\/?p=18642"},"author":{"name":"Lo viste en Los Pol\u00edticos","@id":"https:\/\/lospoliticosveracruz.com\/#\/schema\/person\/b8702bb0e538456e6efd07080bf2a4a2"},"headline":"De aviadores y avionazos","datePublished":"2015-10-27T02:14:58+00:00","mainEntityOfPage":{"@id":"https:\/\/lospoliticosveracruz.com\/?p=18642"},"wordCount":1380,"commentCount":0,"publisher":{"@id":"https:\/\/lospoliticosveracruz.com\/#organization"},"image":{"@id":"https:\/\/lospoliticosveracruz.com\/?p=18642#primaryimage"},"thumbnailUrl":"http:\/\/www.lospoliticosveracruz.com.mx\/wp-content\/uploads\/2013\/03\/YO-PROPONGO-SE-SUSTITUYA-EL-AUTOMOVIL-POR-EL-AVION-199x300.jpg","keywords":["Javier Duarte","Jorge Uscanga Escobar","Oficial Mayor","Patricio Chirinos","Secretar\u00eda de Educaci\u00f3n"],"articleSection":["De Opini\u00f3n"],"inLanguage":"es","potentialAction":[{"@type":"CommentAction","name":"Comment","target":["https:\/\/lospoliticosveracruz.com\/?p=18642#respond"]}]},{"@type":"WebPage","@id":"https:\/\/lospoliticosveracruz.com\/?p=18642","url":"https:\/\/lospoliticosveracruz.com\/?p=18642","name":"De aviadores y avionazos - Los pol\u00edticos Veracruz","isPartOf":{"@id":"https:\/\/lospoliticosveracruz.com\/#website"},"primaryImageOfPage":{"@id":"https:\/\/lospoliticosveracruz.com\/?p=18642#primaryimage"},"image":{"@id":"https:\/\/lospoliticosveracruz.com\/?p=18642#primaryimage"},"thumbnailUrl":"http:\/\/www.lospoliticosveracruz.com.mx\/wp-content\/uploads\/2013\/03\/YO-PROPONGO-SE-SUSTITUYA-EL-AUTOMOVIL-POR-EL-AVION-199x300.jpg","datePublished":"2015-10-27T02:14:58+00:00","breadcrumb":{"@id":"https:\/\/lospoliticosveracruz.com\/?p=18642#breadcrumb"},"inLanguage":"es","potentialAction":[{"@type":"ReadAction","target":["https:\/\/lospoliticosveracruz.com\/?p=18642"]}]},{"@type":"ImageObject","inLanguage":"es","@id":"https:\/\/lospoliticosveracruz.com\/?p=18642#primaryimage","url":"http:\/\/www.lospoliticosveracruz.com.mx\/wp-content\/uploads\/2013\/03\/YO-PROPONGO-SE-SUSTITUYA-EL-AUTOMOVIL-POR-EL-AVION-199x300.jpg","contentUrl":"http:\/\/www.lospoliticosveracruz.com.mx\/wp-content\/uploads\/2013\/03\/YO-PROPONGO-SE-SUSTITUYA-EL-AUTOMOVIL-POR-EL-AVION-199x300.jpg"},{"@type":"BreadcrumbList","@id":"https:\/\/lospoliticosveracruz.com\/?p=18642#breadcrumb","itemListElement":[{"@type":"ListItem","position":1,"name":"Portada","item":"https:\/\/lospoliticosveracruz.com\/"},{"@type":"ListItem","position":2,"name":"De aviadores y avionazos"}]},{"@type":"WebSite","@id":"https:\/\/lospoliticosveracruz.com\/#website","url":"https:\/\/lospoliticosveracruz.com\/","name":"Los pol\u00edticos Veracruz","description":"","publisher":{"@id":"https:\/\/lospoliticosveracruz.com\/#organization"},"potentialAction":[{"@type":"SearchAction","target":{"@type":"EntryPoint","urlTemplate":"https:\/\/lospoliticosveracruz.com\/?s={search_term_string}"},"query-input":{"@type":"PropertyValueSpecification","valueRequired":true,"valueName":"search_term_string"}}],"inLanguage":"es"},{"@type":"Organization","@id":"https:\/\/lospoliticosveracruz.com\/#organization","name":"Los pol\u00edticos Veracruz","url":"https:\/\/lospoliticosveracruz.com\/","logo":{"@type":"ImageObject","inLanguage":"es","@id":"https:\/\/lospoliticosveracruz.com\/#\/schema\/logo\/image\/","url":"https:\/\/lospoliticosveracruz.com\/wp-content\/uploads\/2025\/12\/Logo-Nuevo-LOS-POLITICOS-1.jpg","contentUrl":"https:\/\/lospoliticosveracruz.com\/wp-content\/uploads\/2025\/12\/Logo-Nuevo-LOS-POLITICOS-1.jpg","width":260,"height":70,"caption":"Los pol\u00edticos Veracruz"},"image":{"@id":"https:\/\/lospoliticosveracruz.com\/#\/schema\/logo\/image\/"},"sameAs":["https:\/\/www.facebook.com\/people\/Notimemes-de-los-Polticos\/61565672886568\/","https:\/\/x.com\/LosPoliticosVer"]},{"@type":"Person","@id":"https:\/\/lospoliticosveracruz.com\/#\/schema\/person\/b8702bb0e538456e6efd07080bf2a4a2","name":"Lo viste en Los Pol\u00edticos","image":{"@type":"ImageObject","inLanguage":"es","@id":"https:\/\/secure.gravatar.com\/avatar\/3a8de04a2656d44082be478bd6c086daa447c4651605818287b9532d3d0bd435?s=96&d=mm&r=g","url":"https:\/\/secure.gravatar.com\/avatar\/3a8de04a2656d44082be478bd6c086daa447c4651605818287b9532d3d0bd435?s=96&d=mm&r=g","contentUrl":"https:\/\/secure.gravatar.com\/avatar\/3a8de04a2656d44082be478bd6c086daa447c4651605818287b9532d3d0bd435?s=96&d=mm&r=g","caption":"Lo viste en Los Pol\u00edticos"},"url":"https:\/\/lospoliticosveracruz.com\/?author=2"}]}},"_links":{"self":[{"href":"https:\/\/lospoliticosveracruz.com\/index.php?rest_route=\/wp\/v2\/posts\/18642","targetHints":{"allow":["GET"]}}],"collection":[{"href":"https:\/\/lospoliticosveracruz.com\/index.php?rest_route=\/wp\/v2\/posts"}],"about":[{"href":"https:\/\/lospoliticosveracruz.com\/index.php?rest_route=\/wp\/v2\/types\/post"}],"author":[{"embeddable":true,"href":"https:\/\/lospoliticosveracruz.com\/index.php?rest_route=\/wp\/v2\/users\/2"}],"replies":[{"embeddable":true,"href":"https:\/\/lospoliticosveracruz.com\/index.php?rest_route=%2Fwp%2Fv2%2Fcomments&post=18642"}],"version-history":[{"count":1,"href":"https:\/\/lospoliticosveracruz.com\/index.php?rest_route=\/wp\/v2\/posts\/18642\/revisions"}],"predecessor-version":[{"id":18643,"href":"https:\/\/lospoliticosveracruz.com\/index.php?rest_route=\/wp\/v2\/posts\/18642\/revisions\/18643"}],"wp:attachment":[{"href":"https:\/\/lospoliticosveracruz.com\/index.php?rest_route=%2Fwp%2Fv2%2Fmedia&parent=18642"}],"wp:term":[{"taxonomy":"category","embeddable":true,"href":"https:\/\/lospoliticosveracruz.com\/index.php?rest_route=%2Fwp%2Fv2%2Fcategories&post=18642"},{"taxonomy":"post_tag","embeddable":true,"href":"https:\/\/lospoliticosveracruz.com\/index.php?rest_route=%2Fwp%2Fv2%2Ftags&post=18642"}],"curies":[{"name":"wp","href":"https:\/\/api.w.org\/{rel}","templated":true}]}}