{"id":18788,"date":"2015-11-02T21:42:17","date_gmt":"2015-11-03T03:42:17","guid":{"rendered":"http:\/\/www.lospoliticosveracruz.com.mx\/?p=18788"},"modified":"2015-11-02T21:42:17","modified_gmt":"2015-11-03T03:42:17","slug":"el-mago-busca-regresar-a-papantla","status":"publish","type":"post","link":"https:\/\/lospoliticosveracruz.com\/?p=18788","title":{"rendered":"\u201cEl Mago\u201d busca regresar a Papantla"},"content":{"rendered":"<p><a href=\"http:\/\/www.lospoliticosveracruz.com.mx\/wp-content\/uploads\/2015\/11\/Francisco-Herrera.jpg\"><img loading=\"lazy\" decoding=\"async\" class=\"alignnone size-medium wp-image-18789\" src=\"http:\/\/www.lospoliticosveracruz.com.mx\/wp-content\/uploads\/2015\/11\/Francisco-Herrera-300x185.jpg\" alt=\"Francisco Herrera\" width=\"300\" height=\"185\" \/><\/a><br \/>\n<strong>Luis Alberto Romero<\/strong><\/p>\n<p><em>Hora Cero<\/em><\/p>\n<p>Desde Papantla nos platican que hace una semana, el ex diputado y ex alcalde de esa cabecera, Francisco Herrera Jim\u00e9nez, \u201cEl Mago\u201d para los amigos, llev\u00f3 a cabo un evento para designar a su esposa, Guadalupe Meza de Herrera, como presidenta de una asociaci\u00f3n civil de su invenci\u00f3n, \u201cEsfuerzo y Desarrollo\u201d, se llama, que fue creada en 2006 precisamente por Paco Herrera y por Federico M\u00e1rquez P\u00e9rez, tambi\u00e9n papanteco, quien lleg\u00f3 a ser s\u00edndico y presidente municipal de ese lugar y que actualmente despacha en la delegaci\u00f3n estatal del Conalep.<br \/>\nEn ese municipio, cuna del Totonacapan, el evento del ex panista, hoy delegado del Consejo Nacional de Fomento Educativo, Conafe, en Veracruz, se convirti\u00f3 en un acto de destape, pues \u201cEl Mago\u201d pretende hacer diputada local o presidenta municipal a su esposa.<br \/>\nCualquiera pensar\u00eda que el problema a que se habr\u00eda de enfrentar Paco Herrera es el paso del tiempo, porque de su administraci\u00f3n municipal a la fecha ya han transcurrido m\u00e1s de cinco a\u00f1os. En ese tiempo, \u201cEl Mago\u201d no ha tenido acceso a los recursos p\u00fablicos municipales y el desgaste ser\u00eda m\u00e1s que comprensible, sobre todo luego del paso de dos alcaldes que se pueden considerar sus adversarios en pol\u00edtica: Jes\u00fas Cienfuegos, del PRI, y Marcos Romero, del PRD.<br \/>\nSin embargo, el factor que le ha sido favorable a Herrera Jim\u00e9nez es el mal trabajo de los sucesores en ese ayuntamiento, y el consiguiente cuestionamiento social por la ausencia de resultados.<br \/>\nEn parte, a ese descontento de la poblaci\u00f3n de Papantla se debe el triunfo del Sol Azteca en las elecciones municipales de 2013; y, despu\u00e9s, al mal desempe\u00f1o de \u00e9stas obedece que el PRI haya ganado la diputaci\u00f3n federal el presente a\u00f1o.<br \/>\nTan mal desempe\u00f1o han tenido los alcaldes papantecos, de 2010 a la fecha, que su poblaci\u00f3n ya extra\u00f1a tanto a Francisco Herrera como a Federico M\u00e1rquez.<br \/>\nNo por nada, ese grupo llev\u00f3 a efecto un impresionante evento en la calle 20 de Noviembre de esa cabecera, donde unas cinco mil personas se congregaron para manifestar su apoyo a una organizaci\u00f3n que no ha dejado de mantener presencia, con una interesante base social.<br \/>\nA Francisco Herrera se le pueden hacer muchas cr\u00edticas; probablemente, el se\u00f1alamiento m\u00e1s recurrente se relaciona con el vergonzoso episodio en la 59 Legislatura Local, durante la votaci\u00f3n para elegir al procurador de Justicia del Estado, en abril de 2005; Herrera Jim\u00e9nez era diputado panista y secretario de la Mesa Directiva; como tal se prest\u00f3 a una trampa en el recuento de los votos, por la que fue bautizado con el mote de \u201cEl Mago\u201d, que no se ha podido quitar incluso tras el paso de una d\u00e9cada.<br \/>\nPor otro lado, nadie puede negar que el ex alcalde papanteco logr\u00f3 consolidar un proyecto municipal y regional en el Totonacapan, que todav\u00eda le genera dividendos pol\u00edticos. A este personaje le recuerdan bien sus paisanos por su desempe\u00f1o en el ayuntamiento y por su trabajo social en la organizaci\u00f3n \u201cEsfuerzo y Desarrollo\u201d.<\/p>\n<p><strong>Basilio Picazo, con el apoyo de Jorge Carvallo<\/strong><br \/>\nEn el Totonacapan, as\u00ed como Francisco Herrera se concentra en la cabecera distrital, el ex alcalde de Coyutla, Basilio Picazo P\u00e9rez, quien en 2005 fuera se\u00f1alado como autor intelectual en el homicidio del s\u00edndico Miguel Alfonso V\u00e1zquez (investigaci\u00f3n ministerial PAP3\/257\/05), tambi\u00e9n reagrupa sus fuerzas para intentar postularse como candidato a diputado local, el pr\u00f3ximo a\u00f1o.<br \/>\nRecientemente, el 28 de octubre, organiz\u00f3 una nutrida cabalgada, en la que participaron cientos, probablemente m\u00e1s de mil jinetes.<br \/>\nLos hermanos Basilio y Benito Picazo estuvieron acompa\u00f1ados por el alcalde de Coxquihui, Reveriano P\u00e9rez Vega, a quien ubican como patrocinador del grupo conocido como \u201cLos Pelones\u201d, y por el diputado federal Jorge Carvallo Delf\u00edn. \u00a1Que amistades!<\/p>\n<p><strong>Abundio Morales, la batalla contra el desafuero<\/strong><br \/>\nCada pol\u00edtico enfrenta su propia lucha: Francisco Herrera intenta acomodar sus piezas en Papantla con miras a la elecci\u00f3n municipal de 2017; en Coyutla lo hace Basilio Picazo, quien busca la candidatura del PRI a la diputaci\u00f3n el pr\u00f3ximo a\u00f1o. En Ayahualulco, mientras tanto, el alcalde Abundio Morales Rosas libra su propia batalla, que tiene que ver con el proceso que se le sigue en la Legislatura del Estado, donde se analiza su posible desafuero.<br \/>\nAl margen de las consideraciones legales, es claro que el alcalde de Ayahualulco cuenta con el apoyo de la gente de su municipio.<br \/>\nEste domingo, con el aval de Antorcha Campesina, en ese lugar se desarroll\u00f3 un multitudinario acto para respaldar a Morales Rosas, mismo que fue encabezado por el dirigente Samuel Aguirre Ochoa y por la diputada Minerva Salcedo Baca. Estuvieron pr\u00e1cticamente todos los agentes y subagentes del lugar, quienes se\u00f1alaron que los diputados locales incurren en un exceso al pretender desaforar al presidente municipal y al s\u00edndico.<br \/>\nHablan de una persecuci\u00f3n pol\u00edtica contra el alcalde porque no se explican c\u00f3mo siguen su marcha las acusaciones, a pesar de que quienes le se\u00f1alaron por abuso de autoridad ya se desistieron de su denuncia. @luisromero85<\/p>\n","protected":false},"excerpt":{"rendered":"<p>Luis Alberto Romero Hora Cero Desde Papantla nos platican que hace una semana, el ex diputado y ex alcalde de esa cabecera, Francisco Herrera Jim\u00e9nez, \u201cEl Mago\u201d para los amigos, llev\u00f3 a cabo un evento para designar a su esposa, Guadalupe Meza de Herrera, como presidenta de una asociaci\u00f3n civil de su invenci\u00f3n, \u201cEsfuerzo y [&hellip;]<\/p>\n","protected":false},"author":2,"featured_media":0,"comment_status":"open","ping_status":"open","sticky":false,"template":"","format":"standard","meta":{"tdm_status":"","tdm_grid_status":"","footnotes":""},"categories":[70],"tags":[3933,3931,3932,3315,2201],"class_list":{"0":"post-18788","1":"post","2":"type-post","3":"status-publish","4":"format-standard","6":"category-de-opinion","7":"tag-esfuerzo-y-desarrollo","8":"tag-francisco-herrera-jimenez","9":"tag-guadalupe-meza-de-herrera","10":"tag-papantla","11":"tag-totonacapan"},"yoast_head":"<!-- This site is optimized with the Yoast SEO plugin v27.4 - https:\/\/yoast.com\/product\/yoast-seo-wordpress\/ -->\n<title>\u201cEl Mago\u201d busca regresar a Papantla - Los pol\u00edticos Veracruz<\/title>\n<meta name=\"robots\" content=\"index, follow, max-snippet:-1, max-image-preview:large, max-video-preview:-1\" \/>\n<link rel=\"canonical\" href=\"https:\/\/lospoliticosveracruz.com\/?p=18788\" \/>\n<meta property=\"og:locale\" content=\"es_ES\" \/>\n<meta property=\"og:type\" content=\"article\" \/>\n<meta property=\"og:title\" content=\"\u201cEl Mago\u201d busca regresar a Papantla - Los pol\u00edticos Veracruz\" \/>\n<meta property=\"og:description\" content=\"Luis Alberto Romero Hora Cero Desde Papantla nos platican que hace una semana, el ex diputado y ex alcalde de esa cabecera, Francisco Herrera Jim\u00e9nez, \u201cEl Mago\u201d para los amigos, llev\u00f3 a cabo un evento para designar a su esposa, Guadalupe Meza de Herrera, como presidenta de una asociaci\u00f3n civil de su invenci\u00f3n, \u201cEsfuerzo y [&hellip;]\" \/>\n<meta property=\"og:url\" content=\"https:\/\/lospoliticosveracruz.com\/?p=18788\" \/>\n<meta property=\"og:site_name\" content=\"Los pol\u00edticos Veracruz\" \/>\n<meta property=\"article:publisher\" content=\"https:\/\/www.facebook.com\/people\/Notimemes-de-los-Polticos\/61565672886568\/\" \/>\n<meta property=\"article:published_time\" content=\"2015-11-03T03:42:17+00:00\" \/>\n<meta property=\"og:image\" content=\"http:\/\/www.lospoliticosveracruz.com.mx\/wp-content\/uploads\/2015\/11\/Francisco-Herrera-300x185.jpg\" \/>\n<meta name=\"author\" content=\"Lo viste en Los Pol\u00edticos\" \/>\n<meta name=\"twitter:card\" content=\"summary_large_image\" \/>\n<meta name=\"twitter:creator\" content=\"@LosPoliticosVer\" \/>\n<meta name=\"twitter:site\" content=\"@LosPoliticosVer\" \/>\n<meta name=\"twitter:label1\" content=\"Escrito por\" \/>\n\t<meta name=\"twitter:data1\" content=\"Lo viste en Los Pol\u00edticos\" \/>\n\t<meta name=\"twitter:label2\" content=\"Tiempo de lectura\" \/>\n\t<meta name=\"twitter:data2\" content=\"4 minutos\" \/>\n<script type=\"application\/ld+json\" class=\"yoast-schema-graph\">{\"@context\":\"https:\\\/\\\/schema.org\",\"@graph\":[{\"@type\":\"Article\",\"@id\":\"https:\\\/\\\/lospoliticosveracruz.com\\\/?p=18788#article\",\"isPartOf\":{\"@id\":\"https:\\\/\\\/lospoliticosveracruz.com\\\/?p=18788\"},\"author\":{\"name\":\"Lo viste en Los Pol\u00edticos\",\"@id\":\"https:\\\/\\\/lospoliticosveracruz.com\\\/#\\\/schema\\\/person\\\/b8702bb0e538456e6efd07080bf2a4a2\"},\"headline\":\"\u201cEl Mago\u201d busca regresar a Papantla\",\"datePublished\":\"2015-11-03T03:42:17+00:00\",\"mainEntityOfPage\":{\"@id\":\"https:\\\/\\\/lospoliticosveracruz.com\\\/?p=18788\"},\"wordCount\":888,\"commentCount\":0,\"publisher\":{\"@id\":\"https:\\\/\\\/lospoliticosveracruz.com\\\/#organization\"},\"image\":{\"@id\":\"https:\\\/\\\/lospoliticosveracruz.com\\\/?p=18788#primaryimage\"},\"thumbnailUrl\":\"http:\\\/\\\/www.lospoliticosveracruz.com.mx\\\/wp-content\\\/uploads\\\/2015\\\/11\\\/Francisco-Herrera-300x185.jpg\",\"keywords\":[\"Esfuerzo y Desarrollo\",\"Francisco Herrera Jim\u00e9nez\",\"Guadalupe Meza de Herrera\",\"Papantla\",\"Totonacapan\"],\"articleSection\":[\"De Opini\u00f3n\"],\"inLanguage\":\"es\",\"potentialAction\":[{\"@type\":\"CommentAction\",\"name\":\"Comment\",\"target\":[\"https:\\\/\\\/lospoliticosveracruz.com\\\/?p=18788#respond\"]}]},{\"@type\":\"WebPage\",\"@id\":\"https:\\\/\\\/lospoliticosveracruz.com\\\/?p=18788\",\"url\":\"https:\\\/\\\/lospoliticosveracruz.com\\\/?p=18788\",\"name\":\"\u201cEl Mago\u201d busca regresar a Papantla - Los pol\u00edticos Veracruz\",\"isPartOf\":{\"@id\":\"https:\\\/\\\/lospoliticosveracruz.com\\\/#website\"},\"primaryImageOfPage\":{\"@id\":\"https:\\\/\\\/lospoliticosveracruz.com\\\/?p=18788#primaryimage\"},\"image\":{\"@id\":\"https:\\\/\\\/lospoliticosveracruz.com\\\/?p=18788#primaryimage\"},\"thumbnailUrl\":\"http:\\\/\\\/www.lospoliticosveracruz.com.mx\\\/wp-content\\\/uploads\\\/2015\\\/11\\\/Francisco-Herrera-300x185.jpg\",\"datePublished\":\"2015-11-03T03:42:17+00:00\",\"breadcrumb\":{\"@id\":\"https:\\\/\\\/lospoliticosveracruz.com\\\/?p=18788#breadcrumb\"},\"inLanguage\":\"es\",\"potentialAction\":[{\"@type\":\"ReadAction\",\"target\":[\"https:\\\/\\\/lospoliticosveracruz.com\\\/?p=18788\"]}]},{\"@type\":\"ImageObject\",\"inLanguage\":\"es\",\"@id\":\"https:\\\/\\\/lospoliticosveracruz.com\\\/?p=18788#primaryimage\",\"url\":\"http:\\\/\\\/www.lospoliticosveracruz.com.mx\\\/wp-content\\\/uploads\\\/2015\\\/11\\\/Francisco-Herrera-300x185.jpg\",\"contentUrl\":\"http:\\\/\\\/www.lospoliticosveracruz.com.mx\\\/wp-content\\\/uploads\\\/2015\\\/11\\\/Francisco-Herrera-300x185.jpg\"},{\"@type\":\"BreadcrumbList\",\"@id\":\"https:\\\/\\\/lospoliticosveracruz.com\\\/?p=18788#breadcrumb\",\"itemListElement\":[{\"@type\":\"ListItem\",\"position\":1,\"name\":\"Portada\",\"item\":\"https:\\\/\\\/lospoliticosveracruz.com\\\/\"},{\"@type\":\"ListItem\",\"position\":2,\"name\":\"\u201cEl Mago\u201d busca regresar a Papantla\"}]},{\"@type\":\"WebSite\",\"@id\":\"https:\\\/\\\/lospoliticosveracruz.com\\\/#website\",\"url\":\"https:\\\/\\\/lospoliticosveracruz.com\\\/\",\"name\":\"Los pol\u00edticos Veracruz\",\"description\":\"\",\"publisher\":{\"@id\":\"https:\\\/\\\/lospoliticosveracruz.com\\\/#organization\"},\"potentialAction\":[{\"@type\":\"SearchAction\",\"target\":{\"@type\":\"EntryPoint\",\"urlTemplate\":\"https:\\\/\\\/lospoliticosveracruz.com\\\/?s={search_term_string}\"},\"query-input\":{\"@type\":\"PropertyValueSpecification\",\"valueRequired\":true,\"valueName\":\"search_term_string\"}}],\"inLanguage\":\"es\"},{\"@type\":\"Organization\",\"@id\":\"https:\\\/\\\/lospoliticosveracruz.com\\\/#organization\",\"name\":\"Los pol\u00edticos Veracruz\",\"url\":\"https:\\\/\\\/lospoliticosveracruz.com\\\/\",\"logo\":{\"@type\":\"ImageObject\",\"inLanguage\":\"es\",\"@id\":\"https:\\\/\\\/lospoliticosveracruz.com\\\/#\\\/schema\\\/logo\\\/image\\\/\",\"url\":\"https:\\\/\\\/lospoliticosveracruz.com\\\/wp-content\\\/uploads\\\/2025\\\/12\\\/Logo-Nuevo-LOS-POLITICOS-1.jpg\",\"contentUrl\":\"https:\\\/\\\/lospoliticosveracruz.com\\\/wp-content\\\/uploads\\\/2025\\\/12\\\/Logo-Nuevo-LOS-POLITICOS-1.jpg\",\"width\":260,\"height\":70,\"caption\":\"Los pol\u00edticos Veracruz\"},\"image\":{\"@id\":\"https:\\\/\\\/lospoliticosveracruz.com\\\/#\\\/schema\\\/logo\\\/image\\\/\"},\"sameAs\":[\"https:\\\/\\\/www.facebook.com\\\/people\\\/Notimemes-de-los-Polticos\\\/61565672886568\\\/\",\"https:\\\/\\\/x.com\\\/LosPoliticosVer\"]},{\"@type\":\"Person\",\"@id\":\"https:\\\/\\\/lospoliticosveracruz.com\\\/#\\\/schema\\\/person\\\/b8702bb0e538456e6efd07080bf2a4a2\",\"name\":\"Lo viste en Los Pol\u00edticos\",\"image\":{\"@type\":\"ImageObject\",\"inLanguage\":\"es\",\"@id\":\"https:\\\/\\\/secure.gravatar.com\\\/avatar\\\/3a8de04a2656d44082be478bd6c086daa447c4651605818287b9532d3d0bd435?s=96&d=mm&r=g\",\"url\":\"https:\\\/\\\/secure.gravatar.com\\\/avatar\\\/3a8de04a2656d44082be478bd6c086daa447c4651605818287b9532d3d0bd435?s=96&d=mm&r=g\",\"contentUrl\":\"https:\\\/\\\/secure.gravatar.com\\\/avatar\\\/3a8de04a2656d44082be478bd6c086daa447c4651605818287b9532d3d0bd435?s=96&d=mm&r=g\",\"caption\":\"Lo viste en Los Pol\u00edticos\"},\"url\":\"https:\\\/\\\/lospoliticosveracruz.com\\\/?author=2\"}]}<\/script>\n<!-- \/ Yoast SEO plugin. -->","yoast_head_json":{"title":"\u201cEl Mago\u201d busca regresar a Papantla - Los pol\u00edticos Veracruz","robots":{"index":"index","follow":"follow","max-snippet":"max-snippet:-1","max-image-preview":"max-image-preview:large","max-video-preview":"max-video-preview:-1"},"canonical":"https:\/\/lospoliticosveracruz.com\/?p=18788","og_locale":"es_ES","og_type":"article","og_title":"\u201cEl Mago\u201d busca regresar a Papantla - Los pol\u00edticos Veracruz","og_description":"Luis Alberto Romero Hora Cero Desde Papantla nos platican que hace una semana, el ex diputado y ex alcalde de esa cabecera, Francisco Herrera Jim\u00e9nez, \u201cEl Mago\u201d para los amigos, llev\u00f3 a cabo un evento para designar a su esposa, Guadalupe Meza de Herrera, como presidenta de una asociaci\u00f3n civil de su invenci\u00f3n, \u201cEsfuerzo y [&hellip;]","og_url":"https:\/\/lospoliticosveracruz.com\/?p=18788","og_site_name":"Los pol\u00edticos Veracruz","article_publisher":"https:\/\/www.facebook.com\/people\/Notimemes-de-los-Polticos\/61565672886568\/","article_published_time":"2015-11-03T03:42:17+00:00","og_image":[{"url":"http:\/\/www.lospoliticosveracruz.com.mx\/wp-content\/uploads\/2015\/11\/Francisco-Herrera-300x185.jpg","type":"","width":"","height":""}],"author":"Lo viste en Los Pol\u00edticos","twitter_card":"summary_large_image","twitter_creator":"@LosPoliticosVer","twitter_site":"@LosPoliticosVer","twitter_misc":{"Escrito por":"Lo viste en Los Pol\u00edticos","Tiempo de lectura":"4 minutos"},"schema":{"@context":"https:\/\/schema.org","@graph":[{"@type":"Article","@id":"https:\/\/lospoliticosveracruz.com\/?p=18788#article","isPartOf":{"@id":"https:\/\/lospoliticosveracruz.com\/?p=18788"},"author":{"name":"Lo viste en Los Pol\u00edticos","@id":"https:\/\/lospoliticosveracruz.com\/#\/schema\/person\/b8702bb0e538456e6efd07080bf2a4a2"},"headline":"\u201cEl Mago\u201d busca regresar a Papantla","datePublished":"2015-11-03T03:42:17+00:00","mainEntityOfPage":{"@id":"https:\/\/lospoliticosveracruz.com\/?p=18788"},"wordCount":888,"commentCount":0,"publisher":{"@id":"https:\/\/lospoliticosveracruz.com\/#organization"},"image":{"@id":"https:\/\/lospoliticosveracruz.com\/?p=18788#primaryimage"},"thumbnailUrl":"http:\/\/www.lospoliticosveracruz.com.mx\/wp-content\/uploads\/2015\/11\/Francisco-Herrera-300x185.jpg","keywords":["Esfuerzo y Desarrollo","Francisco Herrera Jim\u00e9nez","Guadalupe Meza de Herrera","Papantla","Totonacapan"],"articleSection":["De Opini\u00f3n"],"inLanguage":"es","potentialAction":[{"@type":"CommentAction","name":"Comment","target":["https:\/\/lospoliticosveracruz.com\/?p=18788#respond"]}]},{"@type":"WebPage","@id":"https:\/\/lospoliticosveracruz.com\/?p=18788","url":"https:\/\/lospoliticosveracruz.com\/?p=18788","name":"\u201cEl Mago\u201d busca regresar a Papantla - Los pol\u00edticos Veracruz","isPartOf":{"@id":"https:\/\/lospoliticosveracruz.com\/#website"},"primaryImageOfPage":{"@id":"https:\/\/lospoliticosveracruz.com\/?p=18788#primaryimage"},"image":{"@id":"https:\/\/lospoliticosveracruz.com\/?p=18788#primaryimage"},"thumbnailUrl":"http:\/\/www.lospoliticosveracruz.com.mx\/wp-content\/uploads\/2015\/11\/Francisco-Herrera-300x185.jpg","datePublished":"2015-11-03T03:42:17+00:00","breadcrumb":{"@id":"https:\/\/lospoliticosveracruz.com\/?p=18788#breadcrumb"},"inLanguage":"es","potentialAction":[{"@type":"ReadAction","target":["https:\/\/lospoliticosveracruz.com\/?p=18788"]}]},{"@type":"ImageObject","inLanguage":"es","@id":"https:\/\/lospoliticosveracruz.com\/?p=18788#primaryimage","url":"http:\/\/www.lospoliticosveracruz.com.mx\/wp-content\/uploads\/2015\/11\/Francisco-Herrera-300x185.jpg","contentUrl":"http:\/\/www.lospoliticosveracruz.com.mx\/wp-content\/uploads\/2015\/11\/Francisco-Herrera-300x185.jpg"},{"@type":"BreadcrumbList","@id":"https:\/\/lospoliticosveracruz.com\/?p=18788#breadcrumb","itemListElement":[{"@type":"ListItem","position":1,"name":"Portada","item":"https:\/\/lospoliticosveracruz.com\/"},{"@type":"ListItem","position":2,"name":"\u201cEl Mago\u201d busca regresar a Papantla"}]},{"@type":"WebSite","@id":"https:\/\/lospoliticosveracruz.com\/#website","url":"https:\/\/lospoliticosveracruz.com\/","name":"Los pol\u00edticos Veracruz","description":"","publisher":{"@id":"https:\/\/lospoliticosveracruz.com\/#organization"},"potentialAction":[{"@type":"SearchAction","target":{"@type":"EntryPoint","urlTemplate":"https:\/\/lospoliticosveracruz.com\/?s={search_term_string}"},"query-input":{"@type":"PropertyValueSpecification","valueRequired":true,"valueName":"search_term_string"}}],"inLanguage":"es"},{"@type":"Organization","@id":"https:\/\/lospoliticosveracruz.com\/#organization","name":"Los pol\u00edticos Veracruz","url":"https:\/\/lospoliticosveracruz.com\/","logo":{"@type":"ImageObject","inLanguage":"es","@id":"https:\/\/lospoliticosveracruz.com\/#\/schema\/logo\/image\/","url":"https:\/\/lospoliticosveracruz.com\/wp-content\/uploads\/2025\/12\/Logo-Nuevo-LOS-POLITICOS-1.jpg","contentUrl":"https:\/\/lospoliticosveracruz.com\/wp-content\/uploads\/2025\/12\/Logo-Nuevo-LOS-POLITICOS-1.jpg","width":260,"height":70,"caption":"Los pol\u00edticos Veracruz"},"image":{"@id":"https:\/\/lospoliticosveracruz.com\/#\/schema\/logo\/image\/"},"sameAs":["https:\/\/www.facebook.com\/people\/Notimemes-de-los-Polticos\/61565672886568\/","https:\/\/x.com\/LosPoliticosVer"]},{"@type":"Person","@id":"https:\/\/lospoliticosveracruz.com\/#\/schema\/person\/b8702bb0e538456e6efd07080bf2a4a2","name":"Lo viste en Los Pol\u00edticos","image":{"@type":"ImageObject","inLanguage":"es","@id":"https:\/\/secure.gravatar.com\/avatar\/3a8de04a2656d44082be478bd6c086daa447c4651605818287b9532d3d0bd435?s=96&d=mm&r=g","url":"https:\/\/secure.gravatar.com\/avatar\/3a8de04a2656d44082be478bd6c086daa447c4651605818287b9532d3d0bd435?s=96&d=mm&r=g","contentUrl":"https:\/\/secure.gravatar.com\/avatar\/3a8de04a2656d44082be478bd6c086daa447c4651605818287b9532d3d0bd435?s=96&d=mm&r=g","caption":"Lo viste en Los Pol\u00edticos"},"url":"https:\/\/lospoliticosveracruz.com\/?author=2"}]}},"_links":{"self":[{"href":"https:\/\/lospoliticosveracruz.com\/index.php?rest_route=\/wp\/v2\/posts\/18788","targetHints":{"allow":["GET"]}}],"collection":[{"href":"https:\/\/lospoliticosveracruz.com\/index.php?rest_route=\/wp\/v2\/posts"}],"about":[{"href":"https:\/\/lospoliticosveracruz.com\/index.php?rest_route=\/wp\/v2\/types\/post"}],"author":[{"embeddable":true,"href":"https:\/\/lospoliticosveracruz.com\/index.php?rest_route=\/wp\/v2\/users\/2"}],"replies":[{"embeddable":true,"href":"https:\/\/lospoliticosveracruz.com\/index.php?rest_route=%2Fwp%2Fv2%2Fcomments&post=18788"}],"version-history":[{"count":1,"href":"https:\/\/lospoliticosveracruz.com\/index.php?rest_route=\/wp\/v2\/posts\/18788\/revisions"}],"predecessor-version":[{"id":18790,"href":"https:\/\/lospoliticosveracruz.com\/index.php?rest_route=\/wp\/v2\/posts\/18788\/revisions\/18790"}],"wp:attachment":[{"href":"https:\/\/lospoliticosveracruz.com\/index.php?rest_route=%2Fwp%2Fv2%2Fmedia&parent=18788"}],"wp:term":[{"taxonomy":"category","embeddable":true,"href":"https:\/\/lospoliticosveracruz.com\/index.php?rest_route=%2Fwp%2Fv2%2Fcategories&post=18788"},{"taxonomy":"post_tag","embeddable":true,"href":"https:\/\/lospoliticosveracruz.com\/index.php?rest_route=%2Fwp%2Fv2%2Ftags&post=18788"}],"curies":[{"name":"wp","href":"https:\/\/api.w.org\/{rel}","templated":true}]}}