{"id":18800,"date":"2015-11-03T06:57:58","date_gmt":"2015-11-03T12:57:58","guid":{"rendered":"http:\/\/www.lospoliticosveracruz.com.mx\/?p=18800"},"modified":"2015-11-03T06:57:58","modified_gmt":"2015-11-03T12:57:58","slug":"impunidad-la-verdadera-razon","status":"publish","type":"post","link":"https:\/\/lospoliticosveracruz.com\/?p=18800","title":{"rendered":"Impunidad, la verdadera raz\u00f3n"},"content":{"rendered":"<p><a href=\"http:\/\/www.lospoliticosveracruz.com.mx\/wp-content\/uploads\/2015\/11\/Impunidad.jpg\"><img loading=\"lazy\" decoding=\"async\" class=\"alignnone size-medium wp-image-18801\" src=\"http:\/\/www.lospoliticosveracruz.com.mx\/wp-content\/uploads\/2015\/11\/Impunidad-300x149.jpg\" alt=\"Impunidad\" width=\"300\" height=\"149\" \/><\/a><\/p>\n<p><strong>Claudia Guerrero Mart\u00ednez<\/strong><br \/>\n<em>Entre lo ut\u00f3pico y lo verdadero<\/em><\/p>\n<p>La muerte del abogado y activista Rodolfo Zapata Carrillo en Coatzacoalcos y del acad\u00e9mico jubilado de la Universidad Veracruzana C\u00e9sar Ren\u00e9 de la Cruz Lazo, desaparecido en su domicilio en el Fraccionamiento Las \u00c1nimas y localizado muerto en Banderilla, tienen la misma constante: Impunidad\u2026 Por un lado, Zapata Carrillo hab\u00eda denunciado varios ataques en su contra, cristalazos y robos de forma dolosa, mientras las autoridades permit\u00edan dejar libre al delincuente y regresar al lugar del crimen para v\u00e9nganse de su denunciante\u2026 Hasta que una pareja de sicarios lo asesina a plena luz de del d\u00eda\u2026<\/p>\n<p>Rodolfo Zapata hab\u00eda realizado manifestaciones exigiendo la renuncia de Arturo Berm\u00fadez y de otros, por su pasividad y extra\u00f1a complicidad ante la ola de delitos desatados en ese municipio y estos, aplicaban un clima de zozobra y terror entre los ciudadanos\u2026 La decisi\u00f3n de Zapata era contundente: Ventilar la irresponsabilidad de los cuerpos policiacos y ser escuchado por instancias federales\u2026<\/p>\n<p>Y su voz se quiso callar asesin\u00e1ndolo\u2026 Pero no su causa\u2026 Los habitantes de Coatzacoalcos est\u00e1n indignados\u2026 Periodistas de esa zona repudian el asesinato de Rodolfo y hasta exigen acciones inmediatas para esclarecerlo\u2026 Un ambiente hostil entre ciudadanos y delincuentes puede desencadenar a peores cosas, pues la impunidad permite que c\u00e9lulas delincuencias act\u00faen a sus anchas, sin que Seguridad P\u00fablica o la Fiscal\u00eda General de Justicia del Estado detengan a los responsables\u2026 Parte de culpa, tambi\u00e9n la tiene el Poder Judicial por permitir y dejar libres a consumados delincuentes\u2026 Todos, en menor o mayor parte son culpables de la muerte de Rodolfo y de C\u00e9sar Ren\u00e9\u2026<\/p>\n<p>Y el caso de C\u00e9sar Ren\u00e9 de la Cruz se cuece a parte\u2026 El maestro de F\u00edsica y jubilado de la Universidad Veracruzana no ten\u00eda enemigos y era apartidista\u2026 Sin vicios y con una vida ejemplar\u2026 Fue reportado como desaparecido desde el s\u00e1bado por sus familiares y encontrado muerto sobre una banqueta, en una de las principales calles de Banderilla\u2026 Sin su cartera, ni credenciales y tampoco el veh\u00edculo de su propiedad\u2026 Presuntamente el m\u00f3vil, el robo\u2026<\/p>\n<p>La comunidad universitaria est\u00e1 consternada\u2026 Desolada por el asesinato de un buen hombre, de un acad\u00e9mico respetado y mucho mejor, querido por sus alumnos, colegas, amigos y excompa\u00f1eros de trabajo\u2026 Sus deudos escrib\u00edan en las Redes Sociales estar consternados por la muerte de un hombre bueno y sin enemigos\u2026 Y criticaban a las autoridades estatales por la falta de seguridad, que ha llegado a la comunidad universitaria, sin explicaci\u00f3n alguna\u2026 Sin justificaci\u00f3n del hecho o suceso\u2026<\/p>\n<p>Lo cierto es que si la impunidad contin\u00faa floreciendo, los delincuentes trabajan a sus anchas sin el menor pudor o miedo\u2026 Las calles son su mejor arma y cualquiera puede portar un arma como intimidaci\u00f3n para llegar a sus fines\u2026 Y todos estamos expuestos a ser la siguiente v\u00edctima\u2026<\/p>\n<p>Mientras, muchos polic\u00edas quienes pueden estar en rondines y cuidando la seguridad de los veracruzanos, son utilizados como guaruras o ayudantes en casas de funcionarios estatales\u2026 Peor, tambi\u00e9n en casa de familiares, amantes, compadres, periodistas oficialistas que protegen con su pluma a Javier Duarte y hasta trabajadoras de la servidumbre y nanas de hijos de pol\u00edticos, tambi\u00e9n cuentan con guardaespaldas\u2026<\/p>\n<p>\u00bfY as\u00ed exigimos m\u00e1s seguridad? Inteligencia y An\u00e1lisis Criminal, perteneciente de SSP sabe, gracias a diagramas e investigaciones, cu\u00e1les son los grupos criminales incrustados en nuestro Estado e imponen su ley con el miedo, acoso y agresi\u00f3n\u2026 Lo malo, es que ni Seguridad P\u00fablica, ni la FGJ hace nada y s\u00f3lo guarda silencio de forma extra\u00f1a, permitiendo que estos criminales trabajen a su libre albedr\u00edo\u2026<\/p>\n<p>Nuestro p\u00e9same para las dos familias, quienes lloran la muerte de Rodolfo y C\u00e9sar\u2026 Grandes p\u00e9rdidas para la sociedad y esperemos justicia para ambos y no colocarlos, como estad\u00edstica de muertos por una sociedad convulsionada\u2026 Merecemos un mejor Veracruz, es lo que reclamamos los ciudadanos\u2026<\/p>\n","protected":false},"excerpt":{"rendered":"<p>Claudia Guerrero Mart\u00ednez Entre lo ut\u00f3pico y lo verdadero La muerte del abogado y activista Rodolfo Zapata Carrillo en Coatzacoalcos y del acad\u00e9mico jubilado de la Universidad Veracruzana C\u00e9sar Ren\u00e9 de la Cruz Lazo, desaparecido en su domicilio en el Fraccionamiento Las \u00c1nimas y localizado muerto en Banderilla, tienen la misma constante: Impunidad\u2026 Por un [&hellip;]<\/p>\n","protected":false},"author":2,"featured_media":0,"comment_status":"open","ping_status":"open","sticky":false,"template":"","format":"standard","meta":{"tdm_status":"","tdm_grid_status":"","footnotes":""},"categories":[70],"tags":[960,3938,2933,371,3937,219],"class_list":{"0":"post-18800","1":"post","2":"type-post","3":"status-publish","4":"format-standard","6":"category-de-opinion","7":"tag-arturo-bermudez-zurita","8":"tag-cesar-rene-de-la-cruz-lazo","9":"tag-claudia-guerrero-martinez","10":"tag-coatzacoalcos","11":"tag-rodolfo-zapata-carrillo","12":"tag-universidad-veracruzana"},"yoast_head":"<!-- This site is optimized with the Yoast SEO plugin v27.4 - https:\/\/yoast.com\/product\/yoast-seo-wordpress\/ -->\n<title>Impunidad, la verdadera raz\u00f3n - Los pol\u00edticos Veracruz<\/title>\n<meta name=\"robots\" content=\"index, follow, max-snippet:-1, max-image-preview:large, max-video-preview:-1\" \/>\n<link rel=\"canonical\" href=\"https:\/\/lospoliticosveracruz.com\/?p=18800\" \/>\n<meta property=\"og:locale\" content=\"es_ES\" \/>\n<meta property=\"og:type\" content=\"article\" \/>\n<meta property=\"og:title\" content=\"Impunidad, la verdadera raz\u00f3n - Los pol\u00edticos Veracruz\" \/>\n<meta property=\"og:description\" content=\"Claudia Guerrero Mart\u00ednez Entre lo ut\u00f3pico y lo verdadero La muerte del abogado y activista Rodolfo Zapata Carrillo en Coatzacoalcos y del acad\u00e9mico jubilado de la Universidad Veracruzana C\u00e9sar Ren\u00e9 de la Cruz Lazo, desaparecido en su domicilio en el Fraccionamiento Las \u00c1nimas y localizado muerto en Banderilla, tienen la misma constante: Impunidad\u2026 Por un [&hellip;]\" \/>\n<meta property=\"og:url\" content=\"https:\/\/lospoliticosveracruz.com\/?p=18800\" \/>\n<meta property=\"og:site_name\" content=\"Los pol\u00edticos Veracruz\" \/>\n<meta property=\"article:publisher\" content=\"https:\/\/www.facebook.com\/people\/Notimemes-de-los-Polticos\/61565672886568\/\" \/>\n<meta property=\"article:published_time\" content=\"2015-11-03T12:57:58+00:00\" \/>\n<meta property=\"og:image\" content=\"http:\/\/www.lospoliticosveracruz.com.mx\/wp-content\/uploads\/2015\/11\/Impunidad-300x149.jpg\" \/>\n<meta name=\"author\" content=\"Lo viste en Los Pol\u00edticos\" \/>\n<meta name=\"twitter:card\" content=\"summary_large_image\" \/>\n<meta name=\"twitter:creator\" content=\"@LosPoliticosVer\" \/>\n<meta name=\"twitter:site\" content=\"@LosPoliticosVer\" \/>\n<meta name=\"twitter:label1\" content=\"Escrito por\" \/>\n\t<meta name=\"twitter:data1\" content=\"Lo viste en Los Pol\u00edticos\" \/>\n\t<meta name=\"twitter:label2\" content=\"Tiempo de lectura\" \/>\n\t<meta name=\"twitter:data2\" content=\"3 minutos\" \/>\n<script type=\"application\/ld+json\" class=\"yoast-schema-graph\">{\"@context\":\"https:\\\/\\\/schema.org\",\"@graph\":[{\"@type\":\"Article\",\"@id\":\"https:\\\/\\\/lospoliticosveracruz.com\\\/?p=18800#article\",\"isPartOf\":{\"@id\":\"https:\\\/\\\/lospoliticosveracruz.com\\\/?p=18800\"},\"author\":{\"name\":\"Lo viste en Los Pol\u00edticos\",\"@id\":\"https:\\\/\\\/lospoliticosveracruz.com\\\/#\\\/schema\\\/person\\\/b8702bb0e538456e6efd07080bf2a4a2\"},\"headline\":\"Impunidad, la verdadera raz\u00f3n\",\"datePublished\":\"2015-11-03T12:57:58+00:00\",\"mainEntityOfPage\":{\"@id\":\"https:\\\/\\\/lospoliticosveracruz.com\\\/?p=18800\"},\"wordCount\":697,\"commentCount\":0,\"publisher\":{\"@id\":\"https:\\\/\\\/lospoliticosveracruz.com\\\/#organization\"},\"image\":{\"@id\":\"https:\\\/\\\/lospoliticosveracruz.com\\\/?p=18800#primaryimage\"},\"thumbnailUrl\":\"http:\\\/\\\/www.lospoliticosveracruz.com.mx\\\/wp-content\\\/uploads\\\/2015\\\/11\\\/Impunidad-300x149.jpg\",\"keywords\":[\"Arturo Berm\u00fadez Zurita\",\"C\u00e9sar Ren\u00e9 de la Cruz Lazo\",\"Claudia Guerrero Mart\u00ednez\",\"Coatzacoalcos\",\"Rodolfo Zapata Carrillo\",\"Universidad Veracruzana\"],\"articleSection\":[\"De Opini\u00f3n\"],\"inLanguage\":\"es\",\"potentialAction\":[{\"@type\":\"CommentAction\",\"name\":\"Comment\",\"target\":[\"https:\\\/\\\/lospoliticosveracruz.com\\\/?p=18800#respond\"]}]},{\"@type\":\"WebPage\",\"@id\":\"https:\\\/\\\/lospoliticosveracruz.com\\\/?p=18800\",\"url\":\"https:\\\/\\\/lospoliticosveracruz.com\\\/?p=18800\",\"name\":\"Impunidad, la verdadera raz\u00f3n - Los pol\u00edticos Veracruz\",\"isPartOf\":{\"@id\":\"https:\\\/\\\/lospoliticosveracruz.com\\\/#website\"},\"primaryImageOfPage\":{\"@id\":\"https:\\\/\\\/lospoliticosveracruz.com\\\/?p=18800#primaryimage\"},\"image\":{\"@id\":\"https:\\\/\\\/lospoliticosveracruz.com\\\/?p=18800#primaryimage\"},\"thumbnailUrl\":\"http:\\\/\\\/www.lospoliticosveracruz.com.mx\\\/wp-content\\\/uploads\\\/2015\\\/11\\\/Impunidad-300x149.jpg\",\"datePublished\":\"2015-11-03T12:57:58+00:00\",\"breadcrumb\":{\"@id\":\"https:\\\/\\\/lospoliticosveracruz.com\\\/?p=18800#breadcrumb\"},\"inLanguage\":\"es\",\"potentialAction\":[{\"@type\":\"ReadAction\",\"target\":[\"https:\\\/\\\/lospoliticosveracruz.com\\\/?p=18800\"]}]},{\"@type\":\"ImageObject\",\"inLanguage\":\"es\",\"@id\":\"https:\\\/\\\/lospoliticosveracruz.com\\\/?p=18800#primaryimage\",\"url\":\"http:\\\/\\\/www.lospoliticosveracruz.com.mx\\\/wp-content\\\/uploads\\\/2015\\\/11\\\/Impunidad-300x149.jpg\",\"contentUrl\":\"http:\\\/\\\/www.lospoliticosveracruz.com.mx\\\/wp-content\\\/uploads\\\/2015\\\/11\\\/Impunidad-300x149.jpg\"},{\"@type\":\"BreadcrumbList\",\"@id\":\"https:\\\/\\\/lospoliticosveracruz.com\\\/?p=18800#breadcrumb\",\"itemListElement\":[{\"@type\":\"ListItem\",\"position\":1,\"name\":\"Portada\",\"item\":\"https:\\\/\\\/lospoliticosveracruz.com\\\/\"},{\"@type\":\"ListItem\",\"position\":2,\"name\":\"Impunidad, la verdadera raz\u00f3n\"}]},{\"@type\":\"WebSite\",\"@id\":\"https:\\\/\\\/lospoliticosveracruz.com\\\/#website\",\"url\":\"https:\\\/\\\/lospoliticosveracruz.com\\\/\",\"name\":\"Los pol\u00edticos Veracruz\",\"description\":\"\",\"publisher\":{\"@id\":\"https:\\\/\\\/lospoliticosveracruz.com\\\/#organization\"},\"potentialAction\":[{\"@type\":\"SearchAction\",\"target\":{\"@type\":\"EntryPoint\",\"urlTemplate\":\"https:\\\/\\\/lospoliticosveracruz.com\\\/?s={search_term_string}\"},\"query-input\":{\"@type\":\"PropertyValueSpecification\",\"valueRequired\":true,\"valueName\":\"search_term_string\"}}],\"inLanguage\":\"es\"},{\"@type\":\"Organization\",\"@id\":\"https:\\\/\\\/lospoliticosveracruz.com\\\/#organization\",\"name\":\"Los pol\u00edticos Veracruz\",\"url\":\"https:\\\/\\\/lospoliticosveracruz.com\\\/\",\"logo\":{\"@type\":\"ImageObject\",\"inLanguage\":\"es\",\"@id\":\"https:\\\/\\\/lospoliticosveracruz.com\\\/#\\\/schema\\\/logo\\\/image\\\/\",\"url\":\"https:\\\/\\\/lospoliticosveracruz.com\\\/wp-content\\\/uploads\\\/2025\\\/12\\\/Logo-Nuevo-LOS-POLITICOS-1.jpg\",\"contentUrl\":\"https:\\\/\\\/lospoliticosveracruz.com\\\/wp-content\\\/uploads\\\/2025\\\/12\\\/Logo-Nuevo-LOS-POLITICOS-1.jpg\",\"width\":260,\"height\":70,\"caption\":\"Los pol\u00edticos Veracruz\"},\"image\":{\"@id\":\"https:\\\/\\\/lospoliticosveracruz.com\\\/#\\\/schema\\\/logo\\\/image\\\/\"},\"sameAs\":[\"https:\\\/\\\/www.facebook.com\\\/people\\\/Notimemes-de-los-Polticos\\\/61565672886568\\\/\",\"https:\\\/\\\/x.com\\\/LosPoliticosVer\"]},{\"@type\":\"Person\",\"@id\":\"https:\\\/\\\/lospoliticosveracruz.com\\\/#\\\/schema\\\/person\\\/b8702bb0e538456e6efd07080bf2a4a2\",\"name\":\"Lo viste en Los Pol\u00edticos\",\"image\":{\"@type\":\"ImageObject\",\"inLanguage\":\"es\",\"@id\":\"https:\\\/\\\/secure.gravatar.com\\\/avatar\\\/3a8de04a2656d44082be478bd6c086daa447c4651605818287b9532d3d0bd435?s=96&d=mm&r=g\",\"url\":\"https:\\\/\\\/secure.gravatar.com\\\/avatar\\\/3a8de04a2656d44082be478bd6c086daa447c4651605818287b9532d3d0bd435?s=96&d=mm&r=g\",\"contentUrl\":\"https:\\\/\\\/secure.gravatar.com\\\/avatar\\\/3a8de04a2656d44082be478bd6c086daa447c4651605818287b9532d3d0bd435?s=96&d=mm&r=g\",\"caption\":\"Lo viste en Los Pol\u00edticos\"},\"url\":\"https:\\\/\\\/lospoliticosveracruz.com\\\/?author=2\"}]}<\/script>\n<!-- \/ Yoast SEO plugin. -->","yoast_head_json":{"title":"Impunidad, la verdadera raz\u00f3n - Los pol\u00edticos Veracruz","robots":{"index":"index","follow":"follow","max-snippet":"max-snippet:-1","max-image-preview":"max-image-preview:large","max-video-preview":"max-video-preview:-1"},"canonical":"https:\/\/lospoliticosveracruz.com\/?p=18800","og_locale":"es_ES","og_type":"article","og_title":"Impunidad, la verdadera raz\u00f3n - Los pol\u00edticos Veracruz","og_description":"Claudia Guerrero Mart\u00ednez Entre lo ut\u00f3pico y lo verdadero La muerte del abogado y activista Rodolfo Zapata Carrillo en Coatzacoalcos y del acad\u00e9mico jubilado de la Universidad Veracruzana C\u00e9sar Ren\u00e9 de la Cruz Lazo, desaparecido en su domicilio en el Fraccionamiento Las \u00c1nimas y localizado muerto en Banderilla, tienen la misma constante: Impunidad\u2026 Por un [&hellip;]","og_url":"https:\/\/lospoliticosveracruz.com\/?p=18800","og_site_name":"Los pol\u00edticos Veracruz","article_publisher":"https:\/\/www.facebook.com\/people\/Notimemes-de-los-Polticos\/61565672886568\/","article_published_time":"2015-11-03T12:57:58+00:00","og_image":[{"url":"http:\/\/www.lospoliticosveracruz.com.mx\/wp-content\/uploads\/2015\/11\/Impunidad-300x149.jpg","type":"","width":"","height":""}],"author":"Lo viste en Los Pol\u00edticos","twitter_card":"summary_large_image","twitter_creator":"@LosPoliticosVer","twitter_site":"@LosPoliticosVer","twitter_misc":{"Escrito por":"Lo viste en Los Pol\u00edticos","Tiempo de lectura":"3 minutos"},"schema":{"@context":"https:\/\/schema.org","@graph":[{"@type":"Article","@id":"https:\/\/lospoliticosveracruz.com\/?p=18800#article","isPartOf":{"@id":"https:\/\/lospoliticosveracruz.com\/?p=18800"},"author":{"name":"Lo viste en Los Pol\u00edticos","@id":"https:\/\/lospoliticosveracruz.com\/#\/schema\/person\/b8702bb0e538456e6efd07080bf2a4a2"},"headline":"Impunidad, la verdadera raz\u00f3n","datePublished":"2015-11-03T12:57:58+00:00","mainEntityOfPage":{"@id":"https:\/\/lospoliticosveracruz.com\/?p=18800"},"wordCount":697,"commentCount":0,"publisher":{"@id":"https:\/\/lospoliticosveracruz.com\/#organization"},"image":{"@id":"https:\/\/lospoliticosveracruz.com\/?p=18800#primaryimage"},"thumbnailUrl":"http:\/\/www.lospoliticosveracruz.com.mx\/wp-content\/uploads\/2015\/11\/Impunidad-300x149.jpg","keywords":["Arturo Berm\u00fadez Zurita","C\u00e9sar Ren\u00e9 de la Cruz Lazo","Claudia Guerrero Mart\u00ednez","Coatzacoalcos","Rodolfo Zapata Carrillo","Universidad Veracruzana"],"articleSection":["De Opini\u00f3n"],"inLanguage":"es","potentialAction":[{"@type":"CommentAction","name":"Comment","target":["https:\/\/lospoliticosveracruz.com\/?p=18800#respond"]}]},{"@type":"WebPage","@id":"https:\/\/lospoliticosveracruz.com\/?p=18800","url":"https:\/\/lospoliticosveracruz.com\/?p=18800","name":"Impunidad, la verdadera raz\u00f3n - Los pol\u00edticos Veracruz","isPartOf":{"@id":"https:\/\/lospoliticosveracruz.com\/#website"},"primaryImageOfPage":{"@id":"https:\/\/lospoliticosveracruz.com\/?p=18800#primaryimage"},"image":{"@id":"https:\/\/lospoliticosveracruz.com\/?p=18800#primaryimage"},"thumbnailUrl":"http:\/\/www.lospoliticosveracruz.com.mx\/wp-content\/uploads\/2015\/11\/Impunidad-300x149.jpg","datePublished":"2015-11-03T12:57:58+00:00","breadcrumb":{"@id":"https:\/\/lospoliticosveracruz.com\/?p=18800#breadcrumb"},"inLanguage":"es","potentialAction":[{"@type":"ReadAction","target":["https:\/\/lospoliticosveracruz.com\/?p=18800"]}]},{"@type":"ImageObject","inLanguage":"es","@id":"https:\/\/lospoliticosveracruz.com\/?p=18800#primaryimage","url":"http:\/\/www.lospoliticosveracruz.com.mx\/wp-content\/uploads\/2015\/11\/Impunidad-300x149.jpg","contentUrl":"http:\/\/www.lospoliticosveracruz.com.mx\/wp-content\/uploads\/2015\/11\/Impunidad-300x149.jpg"},{"@type":"BreadcrumbList","@id":"https:\/\/lospoliticosveracruz.com\/?p=18800#breadcrumb","itemListElement":[{"@type":"ListItem","position":1,"name":"Portada","item":"https:\/\/lospoliticosveracruz.com\/"},{"@type":"ListItem","position":2,"name":"Impunidad, la verdadera raz\u00f3n"}]},{"@type":"WebSite","@id":"https:\/\/lospoliticosveracruz.com\/#website","url":"https:\/\/lospoliticosveracruz.com\/","name":"Los pol\u00edticos Veracruz","description":"","publisher":{"@id":"https:\/\/lospoliticosveracruz.com\/#organization"},"potentialAction":[{"@type":"SearchAction","target":{"@type":"EntryPoint","urlTemplate":"https:\/\/lospoliticosveracruz.com\/?s={search_term_string}"},"query-input":{"@type":"PropertyValueSpecification","valueRequired":true,"valueName":"search_term_string"}}],"inLanguage":"es"},{"@type":"Organization","@id":"https:\/\/lospoliticosveracruz.com\/#organization","name":"Los pol\u00edticos Veracruz","url":"https:\/\/lospoliticosveracruz.com\/","logo":{"@type":"ImageObject","inLanguage":"es","@id":"https:\/\/lospoliticosveracruz.com\/#\/schema\/logo\/image\/","url":"https:\/\/lospoliticosveracruz.com\/wp-content\/uploads\/2025\/12\/Logo-Nuevo-LOS-POLITICOS-1.jpg","contentUrl":"https:\/\/lospoliticosveracruz.com\/wp-content\/uploads\/2025\/12\/Logo-Nuevo-LOS-POLITICOS-1.jpg","width":260,"height":70,"caption":"Los pol\u00edticos Veracruz"},"image":{"@id":"https:\/\/lospoliticosveracruz.com\/#\/schema\/logo\/image\/"},"sameAs":["https:\/\/www.facebook.com\/people\/Notimemes-de-los-Polticos\/61565672886568\/","https:\/\/x.com\/LosPoliticosVer"]},{"@type":"Person","@id":"https:\/\/lospoliticosveracruz.com\/#\/schema\/person\/b8702bb0e538456e6efd07080bf2a4a2","name":"Lo viste en Los Pol\u00edticos","image":{"@type":"ImageObject","inLanguage":"es","@id":"https:\/\/secure.gravatar.com\/avatar\/3a8de04a2656d44082be478bd6c086daa447c4651605818287b9532d3d0bd435?s=96&d=mm&r=g","url":"https:\/\/secure.gravatar.com\/avatar\/3a8de04a2656d44082be478bd6c086daa447c4651605818287b9532d3d0bd435?s=96&d=mm&r=g","contentUrl":"https:\/\/secure.gravatar.com\/avatar\/3a8de04a2656d44082be478bd6c086daa447c4651605818287b9532d3d0bd435?s=96&d=mm&r=g","caption":"Lo viste en Los Pol\u00edticos"},"url":"https:\/\/lospoliticosveracruz.com\/?author=2"}]}},"_links":{"self":[{"href":"https:\/\/lospoliticosveracruz.com\/index.php?rest_route=\/wp\/v2\/posts\/18800","targetHints":{"allow":["GET"]}}],"collection":[{"href":"https:\/\/lospoliticosveracruz.com\/index.php?rest_route=\/wp\/v2\/posts"}],"about":[{"href":"https:\/\/lospoliticosveracruz.com\/index.php?rest_route=\/wp\/v2\/types\/post"}],"author":[{"embeddable":true,"href":"https:\/\/lospoliticosveracruz.com\/index.php?rest_route=\/wp\/v2\/users\/2"}],"replies":[{"embeddable":true,"href":"https:\/\/lospoliticosveracruz.com\/index.php?rest_route=%2Fwp%2Fv2%2Fcomments&post=18800"}],"version-history":[{"count":1,"href":"https:\/\/lospoliticosveracruz.com\/index.php?rest_route=\/wp\/v2\/posts\/18800\/revisions"}],"predecessor-version":[{"id":18802,"href":"https:\/\/lospoliticosveracruz.com\/index.php?rest_route=\/wp\/v2\/posts\/18800\/revisions\/18802"}],"wp:attachment":[{"href":"https:\/\/lospoliticosveracruz.com\/index.php?rest_route=%2Fwp%2Fv2%2Fmedia&parent=18800"}],"wp:term":[{"taxonomy":"category","embeddable":true,"href":"https:\/\/lospoliticosveracruz.com\/index.php?rest_route=%2Fwp%2Fv2%2Fcategories&post=18800"},{"taxonomy":"post_tag","embeddable":true,"href":"https:\/\/lospoliticosveracruz.com\/index.php?rest_route=%2Fwp%2Fv2%2Ftags&post=18800"}],"curies":[{"name":"wp","href":"https:\/\/api.w.org\/{rel}","templated":true}]}}