{"id":18816,"date":"2015-11-03T20:06:42","date_gmt":"2015-11-04T02:06:42","guid":{"rendered":"http:\/\/www.lospoliticosveracruz.com.mx\/?p=18816"},"modified":"2015-11-03T20:06:42","modified_gmt":"2015-11-04T02:06:42","slug":"a-esa-alerta-temprana-se-le-durmio-el-gallo","status":"publish","type":"post","link":"https:\/\/lospoliticosveracruz.com\/?p=18816","title":{"rendered":"A esa \u201cAlerta Temprana\u201d se le durmi\u00f3 el gallo"},"content":{"rendered":"<p><a href=\"http:\/\/www.lospoliticosveracruz.com.mx\/wp-content\/uploads\/2015\/08\/Acoso-periodistas.jpg\"><img loading=\"lazy\" decoding=\"async\" class=\"alignnone size-medium wp-image-17460\" src=\"http:\/\/www.lospoliticosveracruz.com.mx\/wp-content\/uploads\/2015\/08\/Acoso-periodistas-300x181.jpg\" alt=\"Acoso periodistas\" width=\"300\" height=\"181\" \/><\/a><br \/>\n<strong>Miguel \u00c1ngel G\u00f3mez Polanco<\/strong><\/p>\n<p><em>V\u00eda Cr\u00edtica<\/em><\/p>\n<p>La demagogia es f\u00e1cil de identificar: su respuesta siempre es circunstancial (o coyuntural, seg\u00fan sea la apreciaci\u00f3n) y aparece cuando la opini\u00f3n p\u00fablica ebulliciona, se altera y vamos: se informa.<br \/>\nJusto ah\u00ed radica la conexi\u00f3n con el panfleto de esta semana, en el que el v\u00ednculo entre informaci\u00f3n, ciudadan\u00eda y demagogia, actualmente juega un papel determinante para el pa\u00eds y, espec\u00edficamente, para Veracruz.<br \/>\nDe acuerdo con la \u201cClasificaci\u00f3n Mundial de la Libertad de Prensa\u201d de Reporteros sin Fronteras; M\u00e9xico es el pa\u00eds m\u00e1s peligroso, no solo de Am\u00e9rica Latina, sino de todo el continente para ejercer el periodismo. Hasta la \u00faltima medici\u00f3n de este \u00f3rgano (Febrero 2015), nuestro pa\u00eds ocupa el lugar 148 de 180 pa\u00edses.<br \/>\nDe igual forma, la Comisi\u00f3n Nacional de Derechos Humanos (CNDH) ha reconocido que el 89 por ciento de agresiones contra periodistas siguen en completa impunidad.<br \/>\n\u00bfY Veracruz? Bueno, usted ya debe saberlo. En este estado, las cosas est\u00e1n delicadas y ello es corroborado por datos de otras instancias como Art\u00edculo 19, cuyo reporte (al 31 de julio de 2015) era no menos aterrador: 37 periodistas desplazados de Veracruz por amenazas que se atribuyen al crimen organizado, gobierno estatal y a hasta a los gobiernos municipales. De hecho, la CNDH cataloga al estado como el m\u00e1s peligroso para el periodismo, con una incidencia de agresiones de 14.9 por ciento.<br \/>\nPero lo preocupante, quiz\u00e1s, no son las alarmantes cifras que contin\u00faan provocando temor del gremio y escozor de la sociedad, sino las medidas para erradicar este mal. Por ejemplo: su burocratizaci\u00f3n, con una suerte de finalidad para \u201cinstitucionalizarlo\u201d y atraer el oficialismo a la labor period\u00edstica, mediante la creaci\u00f3n de una \u201cComisi\u00f3n\u201d que hasta ahora, no ha dado el m\u00ednimo de resultados para reforzar la confianza entre quienes ejercen este humilde y loable oficio.<br \/>\nY la tendencia sigue, esta vez, con la celebraci\u00f3n de un \u201cconvenio\u201d con el Mecanismo Federal de Protecci\u00f3n de Personas Defensoras de Derechos Humanos y de Periodista de la Secretar\u00eda de Gobernaci\u00f3n, el cual pretende renovar los protocolos de prevenci\u00f3n y defensa de las y los comunicadores en general, en lo que pareciera un nuevo intento \u2013y demag\u00f3gico, desde luego- de alinear al periodismo con la pragm\u00e1tica informativa que distingue los pa\u00edses autoritarios, totalitaristas.<br \/>\nAs\u00ed pues, la dichosa signatura (que consta de 13 \u201cacciones\u201d, contenidas en un documento de 39 p\u00e1ginas y como parte del denominado \u201cDiagn\u00f3stico sobre la situaci\u00f3n de las y los periodistas en el estado de Veracruz. Alerta temprana y plan de Contingencia\u201d) pretende, ante todo, \u201crespetar la libertad de expresi\u00f3n y evitar la estigmatizaci\u00f3n mediante se\u00f1alamientos incriminatorios\u201d, as\u00ed como activar protocolos que den seguridad, sea cual sea la tendencia de las publicaciones.<br \/>\nCabe destacar que el dise\u00f1o de este programa, data del 18 de septiembre de 2012, cuando la Comisi\u00f3n Especial para la Atenci\u00f3n y Protecci\u00f3n de los Periodistas de Veracruz, acord\u00f3 con la Federaci\u00f3n su creaci\u00f3n.<br \/>\nAsimismo, desde su puesta en marcha, el Mecanismo ha dado protecci\u00f3n a 183 periodistas, siendo Veracruz la segunda entidad \u2013seg\u00fan el documento- con mayor n\u00famero de protegidos (18.5 por ciento); solo por debajo del Distrito Federal (24.5 por ciento).<br \/>\nSin embargo, en Veracruz simplemente no se da eso de proteger a los periodistas y la Federaci\u00f3n por fin lo entendi\u00f3, decidiendo tomar cartas en el asunto, aunque no quede claro con qu\u00e9 objetivo.<br \/>\nY es que la lectura de este acontecimiento es, quiz\u00e1s, otra m\u00e1s sencilla pero bien disfrazada: cuando la autoridad pertinente se vuelve incompetente, debe entrar en acci\u00f3n (o ser rescatada por) la conducente.<br \/>\nLo cierto es que, parad\u00f3jicamente, de \u201ctemprana\u201d esta alerta ya no tuvo nada despu\u00e9s de 15 periodistas muertos y un proceso electoral en puerta; \u00e9ste \u00faltimo, en el que se necesita la obvia y urgente \u201ccolaboraci\u00f3n\u201d de muchos \u2013si no todos- de las y los dedicados a la labor informativa, que requieren al menos, sentirse protegidos.<br \/>\n\u00bfSer\u00e1 suficiente?<\/p>\n<p><strong>SUI GENERIS<\/strong><\/p>\n<p>Uno de los nueve puntos incluidos en las 13 acciones del mecanismo para Veracruz, contempla la creaci\u00f3n de un \u201cMapa de Riesgos\u201d para detectar problem\u00e1ticas de violencia contra el periodismo.<br \/>\nEn este contexto, vale la pena destacar que dicho modelo ha sido aplicado en Europa con buenos resultados en el rubro de la prevenci\u00f3n de la violencia, mediante la plataforma Mapping Media Freedom; lanzada en 2014 por la organizaci\u00f3n sin fines de lucro Index on Censorship (creada, a su vez, en 1972 por Stephen Spender; poeta e hijo del periodista brit\u00e1nico Harold Spencer).<br \/>\nNo obstante, la desconfianza y preocupaci\u00f3n del gremio en M\u00e9xico y espec\u00edficamente en Veracruz, es que esta iniciativa surge por parte de las autoridades que han sido se\u00f1aladas, precisamente por varias ONG y los mismos comunicadores, como las responsables de los ataques.<br \/>\nAunado a lo anterior, se sabe que en el caso de Index on Censorship, uno de los principios fundamentales para generar certidumbre en la protecci\u00f3n es trabajar paralelamente con la autoridad, pero conservando la autonom\u00eda como agrupaci\u00f3n para reducir el margen de censura que pueda derivar ante el manejo \u201cno conveniente\u201d a los intereses del gobierno.<br \/>\nPor lo anterior, la pregunta queda en el aire: si en M\u00e9xico \u2013y ni qu\u00e9 decir Veracruz- las pocas organizaciones defensoras de los derechos de los periodistas han sido aisladas en \u201crediles\u201d separados, entonces \u00bfes esta alterativa de mecanismo la buena o simplemente la mencionada burocratizaci\u00f3n del periodismo escal\u00f3 al \u00e1mbito federal?<\/p>\n<p>POST-IT: Seg\u00fan un estudio de la encuestadora Parametr\u00eda, 52 por ciento de los mexicanos asegura que es \u201cnada probable que un pol\u00edtico en M\u00e9xico tuviera que renunciar a su puesto para enfrentar acusaciones por pr\u00e1cticas corruptas\u201d, mientras que el 27 lo consider\u00f3 poco probable.<br \/>\nDe ese tama\u00f1o es la \u201cconfianza\u201d en las instituciones en M\u00e9xico, en el rubro de la impartici\u00f3n de justicia y combate a la corrupci\u00f3n\u2026 por m\u00e1s que se firmen \u201cconvenios\u201d impregnados, s\u00ed: de demagogia.<\/p>\n","protected":false},"excerpt":{"rendered":"<p>Miguel \u00c1ngel G\u00f3mez Polanco V\u00eda Cr\u00edtica La demagogia es f\u00e1cil de identificar: su respuesta siempre es circunstancial (o coyuntural, seg\u00fan sea la apreciaci\u00f3n) y aparece cuando la opini\u00f3n p\u00fablica ebulliciona, se altera y vamos: se informa. Justo ah\u00ed radica la conexi\u00f3n con el panfleto de esta semana, en el que el v\u00ednculo entre informaci\u00f3n, ciudadan\u00eda [&hellip;]<\/p>\n","protected":false},"author":2,"featured_media":0,"comment_status":"open","ping_status":"open","sticky":false,"template":"","format":"standard","meta":{"tdm_status":"","tdm_grid_status":"","footnotes":""},"categories":[70],"tags":[295,2140,3944,195],"class_list":{"0":"post-18816","1":"post","2":"type-post","3":"status-publish","4":"format-standard","6":"category-de-opinion","7":"tag-cndh","8":"tag-libertad-de-prensa","9":"tag-proteccion-de-los-periodistas","10":"tag-veracruz"},"yoast_head":"<!-- This site is optimized with the Yoast SEO plugin v27.4 - https:\/\/yoast.com\/product\/yoast-seo-wordpress\/ -->\n<title>A esa \u201cAlerta Temprana\u201d se le durmi\u00f3 el gallo - Los pol\u00edticos Veracruz<\/title>\n<meta name=\"robots\" content=\"index, follow, max-snippet:-1, max-image-preview:large, max-video-preview:-1\" \/>\n<link rel=\"canonical\" href=\"https:\/\/lospoliticosveracruz.com\/?p=18816\" \/>\n<meta property=\"og:locale\" content=\"es_ES\" \/>\n<meta property=\"og:type\" content=\"article\" \/>\n<meta property=\"og:title\" content=\"A esa \u201cAlerta Temprana\u201d se le durmi\u00f3 el gallo - Los pol\u00edticos Veracruz\" \/>\n<meta property=\"og:description\" content=\"Miguel \u00c1ngel G\u00f3mez Polanco V\u00eda Cr\u00edtica La demagogia es f\u00e1cil de identificar: su respuesta siempre es circunstancial (o coyuntural, seg\u00fan sea la apreciaci\u00f3n) y aparece cuando la opini\u00f3n p\u00fablica ebulliciona, se altera y vamos: se informa. Justo ah\u00ed radica la conexi\u00f3n con el panfleto de esta semana, en el que el v\u00ednculo entre informaci\u00f3n, ciudadan\u00eda [&hellip;]\" \/>\n<meta property=\"og:url\" content=\"https:\/\/lospoliticosveracruz.com\/?p=18816\" \/>\n<meta property=\"og:site_name\" content=\"Los pol\u00edticos Veracruz\" \/>\n<meta property=\"article:publisher\" content=\"https:\/\/www.facebook.com\/people\/Notimemes-de-los-Polticos\/61565672886568\/\" \/>\n<meta property=\"article:published_time\" content=\"2015-11-04T02:06:42+00:00\" \/>\n<meta property=\"og:image\" content=\"http:\/\/www.lospoliticosveracruz.com.mx\/wp-content\/uploads\/2015\/08\/Acoso-periodistas-300x181.jpg\" \/>\n<meta name=\"author\" content=\"Lo viste en Los Pol\u00edticos\" \/>\n<meta name=\"twitter:card\" content=\"summary_large_image\" \/>\n<meta name=\"twitter:creator\" content=\"@LosPoliticosVer\" \/>\n<meta name=\"twitter:site\" content=\"@LosPoliticosVer\" \/>\n<meta name=\"twitter:label1\" content=\"Escrito por\" \/>\n\t<meta name=\"twitter:data1\" content=\"Lo viste en Los Pol\u00edticos\" \/>\n\t<meta name=\"twitter:label2\" content=\"Tiempo de lectura\" \/>\n\t<meta name=\"twitter:data2\" content=\"5 minutos\" \/>\n<script type=\"application\/ld+json\" class=\"yoast-schema-graph\">{\"@context\":\"https:\\\/\\\/schema.org\",\"@graph\":[{\"@type\":\"Article\",\"@id\":\"https:\\\/\\\/lospoliticosveracruz.com\\\/?p=18816#article\",\"isPartOf\":{\"@id\":\"https:\\\/\\\/lospoliticosveracruz.com\\\/?p=18816\"},\"author\":{\"name\":\"Lo viste en Los Pol\u00edticos\",\"@id\":\"https:\\\/\\\/lospoliticosveracruz.com\\\/#\\\/schema\\\/person\\\/b8702bb0e538456e6efd07080bf2a4a2\"},\"headline\":\"A esa \u201cAlerta Temprana\u201d se le durmi\u00f3 el gallo\",\"datePublished\":\"2015-11-04T02:06:42+00:00\",\"mainEntityOfPage\":{\"@id\":\"https:\\\/\\\/lospoliticosveracruz.com\\\/?p=18816\"},\"wordCount\":1046,\"commentCount\":0,\"publisher\":{\"@id\":\"https:\\\/\\\/lospoliticosveracruz.com\\\/#organization\"},\"image\":{\"@id\":\"https:\\\/\\\/lospoliticosveracruz.com\\\/?p=18816#primaryimage\"},\"thumbnailUrl\":\"http:\\\/\\\/www.lospoliticosveracruz.com.mx\\\/wp-content\\\/uploads\\\/2015\\\/08\\\/Acoso-periodistas-300x181.jpg\",\"keywords\":[\"CNDH\",\"Libertad de prensa\",\"Protecci\u00f3n de los Periodistas\",\"Veracruz\"],\"articleSection\":[\"De Opini\u00f3n\"],\"inLanguage\":\"es\",\"potentialAction\":[{\"@type\":\"CommentAction\",\"name\":\"Comment\",\"target\":[\"https:\\\/\\\/lospoliticosveracruz.com\\\/?p=18816#respond\"]}]},{\"@type\":\"WebPage\",\"@id\":\"https:\\\/\\\/lospoliticosveracruz.com\\\/?p=18816\",\"url\":\"https:\\\/\\\/lospoliticosveracruz.com\\\/?p=18816\",\"name\":\"A esa \u201cAlerta Temprana\u201d se le durmi\u00f3 el gallo - Los pol\u00edticos Veracruz\",\"isPartOf\":{\"@id\":\"https:\\\/\\\/lospoliticosveracruz.com\\\/#website\"},\"primaryImageOfPage\":{\"@id\":\"https:\\\/\\\/lospoliticosveracruz.com\\\/?p=18816#primaryimage\"},\"image\":{\"@id\":\"https:\\\/\\\/lospoliticosveracruz.com\\\/?p=18816#primaryimage\"},\"thumbnailUrl\":\"http:\\\/\\\/www.lospoliticosveracruz.com.mx\\\/wp-content\\\/uploads\\\/2015\\\/08\\\/Acoso-periodistas-300x181.jpg\",\"datePublished\":\"2015-11-04T02:06:42+00:00\",\"breadcrumb\":{\"@id\":\"https:\\\/\\\/lospoliticosveracruz.com\\\/?p=18816#breadcrumb\"},\"inLanguage\":\"es\",\"potentialAction\":[{\"@type\":\"ReadAction\",\"target\":[\"https:\\\/\\\/lospoliticosveracruz.com\\\/?p=18816\"]}]},{\"@type\":\"ImageObject\",\"inLanguage\":\"es\",\"@id\":\"https:\\\/\\\/lospoliticosveracruz.com\\\/?p=18816#primaryimage\",\"url\":\"http:\\\/\\\/www.lospoliticosveracruz.com.mx\\\/wp-content\\\/uploads\\\/2015\\\/08\\\/Acoso-periodistas-300x181.jpg\",\"contentUrl\":\"http:\\\/\\\/www.lospoliticosveracruz.com.mx\\\/wp-content\\\/uploads\\\/2015\\\/08\\\/Acoso-periodistas-300x181.jpg\"},{\"@type\":\"BreadcrumbList\",\"@id\":\"https:\\\/\\\/lospoliticosveracruz.com\\\/?p=18816#breadcrumb\",\"itemListElement\":[{\"@type\":\"ListItem\",\"position\":1,\"name\":\"Portada\",\"item\":\"https:\\\/\\\/lospoliticosveracruz.com\\\/\"},{\"@type\":\"ListItem\",\"position\":2,\"name\":\"A esa \u201cAlerta Temprana\u201d se le durmi\u00f3 el gallo\"}]},{\"@type\":\"WebSite\",\"@id\":\"https:\\\/\\\/lospoliticosveracruz.com\\\/#website\",\"url\":\"https:\\\/\\\/lospoliticosveracruz.com\\\/\",\"name\":\"Los pol\u00edticos Veracruz\",\"description\":\"\",\"publisher\":{\"@id\":\"https:\\\/\\\/lospoliticosveracruz.com\\\/#organization\"},\"potentialAction\":[{\"@type\":\"SearchAction\",\"target\":{\"@type\":\"EntryPoint\",\"urlTemplate\":\"https:\\\/\\\/lospoliticosveracruz.com\\\/?s={search_term_string}\"},\"query-input\":{\"@type\":\"PropertyValueSpecification\",\"valueRequired\":true,\"valueName\":\"search_term_string\"}}],\"inLanguage\":\"es\"},{\"@type\":\"Organization\",\"@id\":\"https:\\\/\\\/lospoliticosveracruz.com\\\/#organization\",\"name\":\"Los pol\u00edticos Veracruz\",\"url\":\"https:\\\/\\\/lospoliticosveracruz.com\\\/\",\"logo\":{\"@type\":\"ImageObject\",\"inLanguage\":\"es\",\"@id\":\"https:\\\/\\\/lospoliticosveracruz.com\\\/#\\\/schema\\\/logo\\\/image\\\/\",\"url\":\"https:\\\/\\\/lospoliticosveracruz.com\\\/wp-content\\\/uploads\\\/2025\\\/12\\\/Logo-Nuevo-LOS-POLITICOS-1.jpg\",\"contentUrl\":\"https:\\\/\\\/lospoliticosveracruz.com\\\/wp-content\\\/uploads\\\/2025\\\/12\\\/Logo-Nuevo-LOS-POLITICOS-1.jpg\",\"width\":260,\"height\":70,\"caption\":\"Los pol\u00edticos Veracruz\"},\"image\":{\"@id\":\"https:\\\/\\\/lospoliticosveracruz.com\\\/#\\\/schema\\\/logo\\\/image\\\/\"},\"sameAs\":[\"https:\\\/\\\/www.facebook.com\\\/people\\\/Notimemes-de-los-Polticos\\\/61565672886568\\\/\",\"https:\\\/\\\/x.com\\\/LosPoliticosVer\"]},{\"@type\":\"Person\",\"@id\":\"https:\\\/\\\/lospoliticosveracruz.com\\\/#\\\/schema\\\/person\\\/b8702bb0e538456e6efd07080bf2a4a2\",\"name\":\"Lo viste en Los Pol\u00edticos\",\"image\":{\"@type\":\"ImageObject\",\"inLanguage\":\"es\",\"@id\":\"https:\\\/\\\/secure.gravatar.com\\\/avatar\\\/3a8de04a2656d44082be478bd6c086daa447c4651605818287b9532d3d0bd435?s=96&d=mm&r=g\",\"url\":\"https:\\\/\\\/secure.gravatar.com\\\/avatar\\\/3a8de04a2656d44082be478bd6c086daa447c4651605818287b9532d3d0bd435?s=96&d=mm&r=g\",\"contentUrl\":\"https:\\\/\\\/secure.gravatar.com\\\/avatar\\\/3a8de04a2656d44082be478bd6c086daa447c4651605818287b9532d3d0bd435?s=96&d=mm&r=g\",\"caption\":\"Lo viste en Los Pol\u00edticos\"},\"url\":\"https:\\\/\\\/lospoliticosveracruz.com\\\/?author=2\"}]}<\/script>\n<!-- \/ Yoast SEO plugin. -->","yoast_head_json":{"title":"A esa \u201cAlerta Temprana\u201d se le durmi\u00f3 el gallo - Los pol\u00edticos Veracruz","robots":{"index":"index","follow":"follow","max-snippet":"max-snippet:-1","max-image-preview":"max-image-preview:large","max-video-preview":"max-video-preview:-1"},"canonical":"https:\/\/lospoliticosveracruz.com\/?p=18816","og_locale":"es_ES","og_type":"article","og_title":"A esa \u201cAlerta Temprana\u201d se le durmi\u00f3 el gallo - Los pol\u00edticos Veracruz","og_description":"Miguel \u00c1ngel G\u00f3mez Polanco V\u00eda Cr\u00edtica La demagogia es f\u00e1cil de identificar: su respuesta siempre es circunstancial (o coyuntural, seg\u00fan sea la apreciaci\u00f3n) y aparece cuando la opini\u00f3n p\u00fablica ebulliciona, se altera y vamos: se informa. Justo ah\u00ed radica la conexi\u00f3n con el panfleto de esta semana, en el que el v\u00ednculo entre informaci\u00f3n, ciudadan\u00eda [&hellip;]","og_url":"https:\/\/lospoliticosveracruz.com\/?p=18816","og_site_name":"Los pol\u00edticos Veracruz","article_publisher":"https:\/\/www.facebook.com\/people\/Notimemes-de-los-Polticos\/61565672886568\/","article_published_time":"2015-11-04T02:06:42+00:00","og_image":[{"url":"http:\/\/www.lospoliticosveracruz.com.mx\/wp-content\/uploads\/2015\/08\/Acoso-periodistas-300x181.jpg","type":"","width":"","height":""}],"author":"Lo viste en Los Pol\u00edticos","twitter_card":"summary_large_image","twitter_creator":"@LosPoliticosVer","twitter_site":"@LosPoliticosVer","twitter_misc":{"Escrito por":"Lo viste en Los Pol\u00edticos","Tiempo de lectura":"5 minutos"},"schema":{"@context":"https:\/\/schema.org","@graph":[{"@type":"Article","@id":"https:\/\/lospoliticosveracruz.com\/?p=18816#article","isPartOf":{"@id":"https:\/\/lospoliticosveracruz.com\/?p=18816"},"author":{"name":"Lo viste en Los Pol\u00edticos","@id":"https:\/\/lospoliticosveracruz.com\/#\/schema\/person\/b8702bb0e538456e6efd07080bf2a4a2"},"headline":"A esa \u201cAlerta Temprana\u201d se le durmi\u00f3 el gallo","datePublished":"2015-11-04T02:06:42+00:00","mainEntityOfPage":{"@id":"https:\/\/lospoliticosveracruz.com\/?p=18816"},"wordCount":1046,"commentCount":0,"publisher":{"@id":"https:\/\/lospoliticosveracruz.com\/#organization"},"image":{"@id":"https:\/\/lospoliticosveracruz.com\/?p=18816#primaryimage"},"thumbnailUrl":"http:\/\/www.lospoliticosveracruz.com.mx\/wp-content\/uploads\/2015\/08\/Acoso-periodistas-300x181.jpg","keywords":["CNDH","Libertad de prensa","Protecci\u00f3n de los Periodistas","Veracruz"],"articleSection":["De Opini\u00f3n"],"inLanguage":"es","potentialAction":[{"@type":"CommentAction","name":"Comment","target":["https:\/\/lospoliticosveracruz.com\/?p=18816#respond"]}]},{"@type":"WebPage","@id":"https:\/\/lospoliticosveracruz.com\/?p=18816","url":"https:\/\/lospoliticosveracruz.com\/?p=18816","name":"A esa \u201cAlerta Temprana\u201d se le durmi\u00f3 el gallo - Los pol\u00edticos Veracruz","isPartOf":{"@id":"https:\/\/lospoliticosveracruz.com\/#website"},"primaryImageOfPage":{"@id":"https:\/\/lospoliticosveracruz.com\/?p=18816#primaryimage"},"image":{"@id":"https:\/\/lospoliticosveracruz.com\/?p=18816#primaryimage"},"thumbnailUrl":"http:\/\/www.lospoliticosveracruz.com.mx\/wp-content\/uploads\/2015\/08\/Acoso-periodistas-300x181.jpg","datePublished":"2015-11-04T02:06:42+00:00","breadcrumb":{"@id":"https:\/\/lospoliticosveracruz.com\/?p=18816#breadcrumb"},"inLanguage":"es","potentialAction":[{"@type":"ReadAction","target":["https:\/\/lospoliticosveracruz.com\/?p=18816"]}]},{"@type":"ImageObject","inLanguage":"es","@id":"https:\/\/lospoliticosveracruz.com\/?p=18816#primaryimage","url":"http:\/\/www.lospoliticosveracruz.com.mx\/wp-content\/uploads\/2015\/08\/Acoso-periodistas-300x181.jpg","contentUrl":"http:\/\/www.lospoliticosveracruz.com.mx\/wp-content\/uploads\/2015\/08\/Acoso-periodistas-300x181.jpg"},{"@type":"BreadcrumbList","@id":"https:\/\/lospoliticosveracruz.com\/?p=18816#breadcrumb","itemListElement":[{"@type":"ListItem","position":1,"name":"Portada","item":"https:\/\/lospoliticosveracruz.com\/"},{"@type":"ListItem","position":2,"name":"A esa \u201cAlerta Temprana\u201d se le durmi\u00f3 el gallo"}]},{"@type":"WebSite","@id":"https:\/\/lospoliticosveracruz.com\/#website","url":"https:\/\/lospoliticosveracruz.com\/","name":"Los pol\u00edticos Veracruz","description":"","publisher":{"@id":"https:\/\/lospoliticosveracruz.com\/#organization"},"potentialAction":[{"@type":"SearchAction","target":{"@type":"EntryPoint","urlTemplate":"https:\/\/lospoliticosveracruz.com\/?s={search_term_string}"},"query-input":{"@type":"PropertyValueSpecification","valueRequired":true,"valueName":"search_term_string"}}],"inLanguage":"es"},{"@type":"Organization","@id":"https:\/\/lospoliticosveracruz.com\/#organization","name":"Los pol\u00edticos Veracruz","url":"https:\/\/lospoliticosveracruz.com\/","logo":{"@type":"ImageObject","inLanguage":"es","@id":"https:\/\/lospoliticosveracruz.com\/#\/schema\/logo\/image\/","url":"https:\/\/lospoliticosveracruz.com\/wp-content\/uploads\/2025\/12\/Logo-Nuevo-LOS-POLITICOS-1.jpg","contentUrl":"https:\/\/lospoliticosveracruz.com\/wp-content\/uploads\/2025\/12\/Logo-Nuevo-LOS-POLITICOS-1.jpg","width":260,"height":70,"caption":"Los pol\u00edticos Veracruz"},"image":{"@id":"https:\/\/lospoliticosveracruz.com\/#\/schema\/logo\/image\/"},"sameAs":["https:\/\/www.facebook.com\/people\/Notimemes-de-los-Polticos\/61565672886568\/","https:\/\/x.com\/LosPoliticosVer"]},{"@type":"Person","@id":"https:\/\/lospoliticosveracruz.com\/#\/schema\/person\/b8702bb0e538456e6efd07080bf2a4a2","name":"Lo viste en Los Pol\u00edticos","image":{"@type":"ImageObject","inLanguage":"es","@id":"https:\/\/secure.gravatar.com\/avatar\/3a8de04a2656d44082be478bd6c086daa447c4651605818287b9532d3d0bd435?s=96&d=mm&r=g","url":"https:\/\/secure.gravatar.com\/avatar\/3a8de04a2656d44082be478bd6c086daa447c4651605818287b9532d3d0bd435?s=96&d=mm&r=g","contentUrl":"https:\/\/secure.gravatar.com\/avatar\/3a8de04a2656d44082be478bd6c086daa447c4651605818287b9532d3d0bd435?s=96&d=mm&r=g","caption":"Lo viste en Los Pol\u00edticos"},"url":"https:\/\/lospoliticosveracruz.com\/?author=2"}]}},"_links":{"self":[{"href":"https:\/\/lospoliticosveracruz.com\/index.php?rest_route=\/wp\/v2\/posts\/18816","targetHints":{"allow":["GET"]}}],"collection":[{"href":"https:\/\/lospoliticosveracruz.com\/index.php?rest_route=\/wp\/v2\/posts"}],"about":[{"href":"https:\/\/lospoliticosveracruz.com\/index.php?rest_route=\/wp\/v2\/types\/post"}],"author":[{"embeddable":true,"href":"https:\/\/lospoliticosveracruz.com\/index.php?rest_route=\/wp\/v2\/users\/2"}],"replies":[{"embeddable":true,"href":"https:\/\/lospoliticosveracruz.com\/index.php?rest_route=%2Fwp%2Fv2%2Fcomments&post=18816"}],"version-history":[{"count":1,"href":"https:\/\/lospoliticosveracruz.com\/index.php?rest_route=\/wp\/v2\/posts\/18816\/revisions"}],"predecessor-version":[{"id":18817,"href":"https:\/\/lospoliticosveracruz.com\/index.php?rest_route=\/wp\/v2\/posts\/18816\/revisions\/18817"}],"wp:attachment":[{"href":"https:\/\/lospoliticosveracruz.com\/index.php?rest_route=%2Fwp%2Fv2%2Fmedia&parent=18816"}],"wp:term":[{"taxonomy":"category","embeddable":true,"href":"https:\/\/lospoliticosveracruz.com\/index.php?rest_route=%2Fwp%2Fv2%2Fcategories&post=18816"},{"taxonomy":"post_tag","embeddable":true,"href":"https:\/\/lospoliticosveracruz.com\/index.php?rest_route=%2Fwp%2Fv2%2Ftags&post=18816"}],"curies":[{"name":"wp","href":"https:\/\/api.w.org\/{rel}","templated":true}]}}