{"id":18822,"date":"2015-11-03T20:38:38","date_gmt":"2015-11-04T02:38:38","guid":{"rendered":"http:\/\/www.lospoliticosveracruz.com.mx\/?p=18822"},"modified":"2015-11-03T20:38:38","modified_gmt":"2015-11-04T02:38:38","slug":"franco-castan-y-el-prd-payasos-o-monos","status":"publish","type":"post","link":"https:\/\/lospoliticosveracruz.com\/?p=18822","title":{"rendered":"Franco Cast\u00e1n y el PRD\u2026 \u00bfPayasos o monos?"},"content":{"rendered":"<p><a href=\"http:\/\/www.lospoliticosveracruz.com.mx\/wp-content\/uploads\/2015\/10\/Yunes-Linares-Rogelio-Franco.jpg\"><img loading=\"lazy\" decoding=\"async\" class=\"alignnone size-medium wp-image-18476\" src=\"http:\/\/www.lospoliticosveracruz.com.mx\/wp-content\/uploads\/2015\/10\/Yunes-Linares-Rogelio-Franco-300x216.jpg\" alt=\"Yunes Linares Rogelio Franco\" width=\"300\" height=\"216\" \/><\/a><br \/>\n<strong>Miriam Gracia Maga\u00f1a<\/strong><\/p>\n<p><em>Pasillos y Antesalas<\/em><\/p>\n<p>Mientras a nivel nacional los seguidores de \u201cizquierda\u201d de Andr\u00e9s Manuel L\u00f3pez Obrador siguen sin digerir el trago amargo que les provoc\u00f3 ver a su \u201cl\u00edder\u201d visitando al Papa Francisco y entreg\u00e1ndole una carta y un presente al m\u00e1s puro estilo de Enrique Pe\u00f1a Nieto y Felipe Calder\u00f3n, esos a los que tanto critica el \u201cpeje\u201d, los esc\u00e1ndalos de corrupci\u00f3n que se han dado a conocer a la opini\u00f3n p\u00fablica tienen como protagonistas principales alcaldes emanados del Partido de la Revoluci\u00f3n Democr\u00e1tica lo que ha fracturado y lastimado la poca, muy poca credibilidad que a\u00fan ten\u00eda este partido, lo que mucho se ver\u00e1 reflejado en las urnas en la pr\u00f3xima contienda electoral, en donde ni L\u00f3pez Obrador con su MORENA podr\u00e1n repetir los triunfos obtenidos. La ciudadan\u00eda ahora si ya no sabe en quien creer, en el estado de Veracruz, su Presidente Estatal que no l\u00edder, Rogelio Franco Cast\u00e1n se descubre como todo un actor de comedia\u2026barata. Sus declaraciones no dejan lugar a dudas al asegurar que el PRI por miedo a una coalici\u00f3n de su partido con el PAN y su dirigente tricolor, Alberto Silva intentan comprar a los alcaldes. No le ha dicho nadie a este \u201cpol\u00edtico\u201d que no se intentan comprar, ellos ya se vendieron desde a\u00f1os atr\u00e1s y baratos. A diferencia de \u00e9l que cuando estuvo la primera vez al frente del PRD su tarifa era bastante alta, si no que le pregunten a Erick Lagos, encargado de llevarle las maletas llenas de dinero, eso s\u00ed, sin ligas. Lo cual ha convertido a Rogelio Franco en un hombre rico, empresario restaurantero, adem\u00e1s, su esposa ha tenido y tiene \u201cprivilegios\u201d que ni militantes de a\u00f1os y con m\u00e1s m\u00e9ritos que ella han tenido ni tendr\u00e1n. Y es que aunque la mesa de di\u00e1logo entre el PRD y el PAN ya se ha instalado, a \u00faltima hora, van a echar marcha atr\u00e1s los perredistas a menos que sea Miguel \u00c1ngel Yunes Linares quien le ofrezca m\u00e1s dinero al \u201chonorable\u201d Franco Cast\u00e1n, pero lo dudamos. El PRD desde a\u00f1os atr\u00e1s al menos en la entidad veracruzana est\u00e1 pintado de un rojo que no se ha podido deslavar ni con declaraciones ni con reuniones con las cabezas de Acci\u00f3n Nacional. Las tribus de este partido a lo largo y ancho del territorio nacional se han destacado por su voracidad para el dinero y las \u201cprebendas\u201d, lejos quedaron los sue\u00f1os de sus fundadores de crear realmente una alternativa revolucionaria que respondiera a los reclamos populares y defendiera sus derechos ante la clase opresora, se pudrieron los estatutos de izquierda tanto como sus \u201cdirigentes\u201d. La pestilencia es cada vez mayor y ellos parecen no notarlo ante lo cotidiano del olor. Y lo que era criticable en otros partidos o en los hombres del poder, por lo que nacieron como partido hace mucho que los contagi\u00f3 y dejaron de ser la \u201calternativa\u201d de un M\u00e9xico mejor para convertirse s\u00f3lo en una burda comparsa de payasos y monos que se pelean por ser el favorito del rey para que les aviente m\u00e1s monedas\u2026<\/p>\n<p>Y hablando de deshonestos, ayer martes firmaron un convenio de colaboraci\u00f3n la presidenta del IVAI, Yolli Garc\u00eda \u00c1lvarez (si la misma que ocupa personal de este Instituto para labores personales aunque jure y perjure que no desv\u00eda recursos p\u00fablicos) y el comisionado presidente del OPLE, Jos\u00e9 Alejandro Bonilla (el mismo que puso a su \u201cquerida\u201d secretaria como Jefa de prensa sin tener el m\u00ednimo conocimiento en temas electorales) Lo dicho\u2026dios los hace.<br \/>\nCorreo electr\u00f3nico: labrujatuxtleca@gmail.com<br \/>\nTwitter: @miriamgrissel<br \/>\nFacebook: miriamgrissel<\/p>\n","protected":false},"excerpt":{"rendered":"<p>Miriam Gracia Maga\u00f1a Pasillos y Antesalas Mientras a nivel nacional los seguidores de \u201cizquierda\u201d de Andr\u00e9s Manuel L\u00f3pez Obrador siguen sin digerir el trago amargo que les provoc\u00f3 ver a su \u201cl\u00edder\u201d visitando al Papa Francisco y entreg\u00e1ndole una carta y un presente al m\u00e1s puro estilo de Enrique Pe\u00f1a Nieto y Felipe Calder\u00f3n, esos [&hellip;]<\/p>\n","protected":false},"author":2,"featured_media":0,"comment_status":"open","ping_status":"open","sticky":false,"template":"","format":"standard","meta":{"tdm_status":"","tdm_grid_status":"","footnotes":""},"categories":[70],"tags":[618,281,3946,1026,107,808],"class_list":{"0":"post-18822","1":"post","2":"type-post","3":"status-publish","4":"format-standard","6":"category-de-opinion","7":"tag-andres-manuel-lopez-obrador","8":"tag-enrique-pena-nieto","9":"tag-felipe-calderon","10":"tag-morena","11":"tag-prd","12":"tag-rogelio-franco-castan"},"yoast_head":"<!-- This site is optimized with the Yoast SEO plugin v27.4 - https:\/\/yoast.com\/product\/yoast-seo-wordpress\/ -->\n<title>Franco Cast\u00e1n y el PRD\u2026 \u00bfPayasos o monos? - Los pol\u00edticos Veracruz<\/title>\n<meta name=\"robots\" content=\"index, follow, max-snippet:-1, max-image-preview:large, max-video-preview:-1\" \/>\n<link rel=\"canonical\" href=\"https:\/\/lospoliticosveracruz.com\/?p=18822\" \/>\n<meta property=\"og:locale\" content=\"es_ES\" \/>\n<meta property=\"og:type\" content=\"article\" \/>\n<meta property=\"og:title\" content=\"Franco Cast\u00e1n y el PRD\u2026 \u00bfPayasos o monos? - Los pol\u00edticos Veracruz\" \/>\n<meta property=\"og:description\" content=\"Miriam Gracia Maga\u00f1a Pasillos y Antesalas Mientras a nivel nacional los seguidores de \u201cizquierda\u201d de Andr\u00e9s Manuel L\u00f3pez Obrador siguen sin digerir el trago amargo que les provoc\u00f3 ver a su \u201cl\u00edder\u201d visitando al Papa Francisco y entreg\u00e1ndole una carta y un presente al m\u00e1s puro estilo de Enrique Pe\u00f1a Nieto y Felipe Calder\u00f3n, esos [&hellip;]\" \/>\n<meta property=\"og:url\" content=\"https:\/\/lospoliticosveracruz.com\/?p=18822\" \/>\n<meta property=\"og:site_name\" content=\"Los pol\u00edticos Veracruz\" \/>\n<meta property=\"article:publisher\" content=\"https:\/\/www.facebook.com\/people\/Notimemes-de-los-Polticos\/61565672886568\/\" \/>\n<meta property=\"article:published_time\" content=\"2015-11-04T02:38:38+00:00\" \/>\n<meta property=\"og:image\" content=\"http:\/\/www.lospoliticosveracruz.com.mx\/wp-content\/uploads\/2015\/10\/Yunes-Linares-Rogelio-Franco-300x216.jpg\" \/>\n<meta name=\"author\" content=\"Lo viste en Los Pol\u00edticos\" \/>\n<meta name=\"twitter:card\" content=\"summary_large_image\" \/>\n<meta name=\"twitter:creator\" content=\"@LosPoliticosVer\" \/>\n<meta name=\"twitter:site\" content=\"@LosPoliticosVer\" \/>\n<meta name=\"twitter:label1\" content=\"Escrito por\" \/>\n\t<meta name=\"twitter:data1\" content=\"Lo viste en Los Pol\u00edticos\" \/>\n\t<meta name=\"twitter:label2\" content=\"Tiempo de lectura\" \/>\n\t<meta name=\"twitter:data2\" content=\"3 minutos\" \/>\n<script type=\"application\/ld+json\" class=\"yoast-schema-graph\">{\"@context\":\"https:\\\/\\\/schema.org\",\"@graph\":[{\"@type\":\"Article\",\"@id\":\"https:\\\/\\\/lospoliticosveracruz.com\\\/?p=18822#article\",\"isPartOf\":{\"@id\":\"https:\\\/\\\/lospoliticosveracruz.com\\\/?p=18822\"},\"author\":{\"name\":\"Lo viste en Los Pol\u00edticos\",\"@id\":\"https:\\\/\\\/lospoliticosveracruz.com\\\/#\\\/schema\\\/person\\\/b8702bb0e538456e6efd07080bf2a4a2\"},\"headline\":\"Franco Cast\u00e1n y el PRD\u2026 \u00bfPayasos o monos?\",\"datePublished\":\"2015-11-04T02:38:38+00:00\",\"mainEntityOfPage\":{\"@id\":\"https:\\\/\\\/lospoliticosveracruz.com\\\/?p=18822\"},\"wordCount\":655,\"commentCount\":0,\"publisher\":{\"@id\":\"https:\\\/\\\/lospoliticosveracruz.com\\\/#organization\"},\"image\":{\"@id\":\"https:\\\/\\\/lospoliticosveracruz.com\\\/?p=18822#primaryimage\"},\"thumbnailUrl\":\"http:\\\/\\\/www.lospoliticosveracruz.com.mx\\\/wp-content\\\/uploads\\\/2015\\\/10\\\/Yunes-Linares-Rogelio-Franco-300x216.jpg\",\"keywords\":[\"Andr\u00e9s Manuel L\u00f3pez Obrador\",\"Enrique Pe\u00f1a Nieto\",\"Felipe Calder\u00f3n\",\"Morena\",\"PRD\",\"Rogelio Franco Cast\u00e1n\"],\"articleSection\":[\"De Opini\u00f3n\"],\"inLanguage\":\"es\",\"potentialAction\":[{\"@type\":\"CommentAction\",\"name\":\"Comment\",\"target\":[\"https:\\\/\\\/lospoliticosveracruz.com\\\/?p=18822#respond\"]}]},{\"@type\":\"WebPage\",\"@id\":\"https:\\\/\\\/lospoliticosveracruz.com\\\/?p=18822\",\"url\":\"https:\\\/\\\/lospoliticosveracruz.com\\\/?p=18822\",\"name\":\"Franco Cast\u00e1n y el PRD\u2026 \u00bfPayasos o monos? - Los pol\u00edticos Veracruz\",\"isPartOf\":{\"@id\":\"https:\\\/\\\/lospoliticosveracruz.com\\\/#website\"},\"primaryImageOfPage\":{\"@id\":\"https:\\\/\\\/lospoliticosveracruz.com\\\/?p=18822#primaryimage\"},\"image\":{\"@id\":\"https:\\\/\\\/lospoliticosveracruz.com\\\/?p=18822#primaryimage\"},\"thumbnailUrl\":\"http:\\\/\\\/www.lospoliticosveracruz.com.mx\\\/wp-content\\\/uploads\\\/2015\\\/10\\\/Yunes-Linares-Rogelio-Franco-300x216.jpg\",\"datePublished\":\"2015-11-04T02:38:38+00:00\",\"breadcrumb\":{\"@id\":\"https:\\\/\\\/lospoliticosveracruz.com\\\/?p=18822#breadcrumb\"},\"inLanguage\":\"es\",\"potentialAction\":[{\"@type\":\"ReadAction\",\"target\":[\"https:\\\/\\\/lospoliticosveracruz.com\\\/?p=18822\"]}]},{\"@type\":\"ImageObject\",\"inLanguage\":\"es\",\"@id\":\"https:\\\/\\\/lospoliticosveracruz.com\\\/?p=18822#primaryimage\",\"url\":\"http:\\\/\\\/www.lospoliticosveracruz.com.mx\\\/wp-content\\\/uploads\\\/2015\\\/10\\\/Yunes-Linares-Rogelio-Franco-300x216.jpg\",\"contentUrl\":\"http:\\\/\\\/www.lospoliticosveracruz.com.mx\\\/wp-content\\\/uploads\\\/2015\\\/10\\\/Yunes-Linares-Rogelio-Franco-300x216.jpg\"},{\"@type\":\"BreadcrumbList\",\"@id\":\"https:\\\/\\\/lospoliticosveracruz.com\\\/?p=18822#breadcrumb\",\"itemListElement\":[{\"@type\":\"ListItem\",\"position\":1,\"name\":\"Portada\",\"item\":\"https:\\\/\\\/lospoliticosveracruz.com\\\/\"},{\"@type\":\"ListItem\",\"position\":2,\"name\":\"Franco Cast\u00e1n y el PRD\u2026 \u00bfPayasos o monos?\"}]},{\"@type\":\"WebSite\",\"@id\":\"https:\\\/\\\/lospoliticosveracruz.com\\\/#website\",\"url\":\"https:\\\/\\\/lospoliticosveracruz.com\\\/\",\"name\":\"Los pol\u00edticos Veracruz\",\"description\":\"\",\"publisher\":{\"@id\":\"https:\\\/\\\/lospoliticosveracruz.com\\\/#organization\"},\"potentialAction\":[{\"@type\":\"SearchAction\",\"target\":{\"@type\":\"EntryPoint\",\"urlTemplate\":\"https:\\\/\\\/lospoliticosveracruz.com\\\/?s={search_term_string}\"},\"query-input\":{\"@type\":\"PropertyValueSpecification\",\"valueRequired\":true,\"valueName\":\"search_term_string\"}}],\"inLanguage\":\"es\"},{\"@type\":\"Organization\",\"@id\":\"https:\\\/\\\/lospoliticosveracruz.com\\\/#organization\",\"name\":\"Los pol\u00edticos Veracruz\",\"url\":\"https:\\\/\\\/lospoliticosveracruz.com\\\/\",\"logo\":{\"@type\":\"ImageObject\",\"inLanguage\":\"es\",\"@id\":\"https:\\\/\\\/lospoliticosveracruz.com\\\/#\\\/schema\\\/logo\\\/image\\\/\",\"url\":\"https:\\\/\\\/lospoliticosveracruz.com\\\/wp-content\\\/uploads\\\/2025\\\/12\\\/Logo-Nuevo-LOS-POLITICOS-1.jpg\",\"contentUrl\":\"https:\\\/\\\/lospoliticosveracruz.com\\\/wp-content\\\/uploads\\\/2025\\\/12\\\/Logo-Nuevo-LOS-POLITICOS-1.jpg\",\"width\":260,\"height\":70,\"caption\":\"Los pol\u00edticos Veracruz\"},\"image\":{\"@id\":\"https:\\\/\\\/lospoliticosveracruz.com\\\/#\\\/schema\\\/logo\\\/image\\\/\"},\"sameAs\":[\"https:\\\/\\\/www.facebook.com\\\/people\\\/Notimemes-de-los-Polticos\\\/61565672886568\\\/\",\"https:\\\/\\\/x.com\\\/LosPoliticosVer\"]},{\"@type\":\"Person\",\"@id\":\"https:\\\/\\\/lospoliticosveracruz.com\\\/#\\\/schema\\\/person\\\/b8702bb0e538456e6efd07080bf2a4a2\",\"name\":\"Lo viste en Los Pol\u00edticos\",\"image\":{\"@type\":\"ImageObject\",\"inLanguage\":\"es\",\"@id\":\"https:\\\/\\\/secure.gravatar.com\\\/avatar\\\/3a8de04a2656d44082be478bd6c086daa447c4651605818287b9532d3d0bd435?s=96&d=mm&r=g\",\"url\":\"https:\\\/\\\/secure.gravatar.com\\\/avatar\\\/3a8de04a2656d44082be478bd6c086daa447c4651605818287b9532d3d0bd435?s=96&d=mm&r=g\",\"contentUrl\":\"https:\\\/\\\/secure.gravatar.com\\\/avatar\\\/3a8de04a2656d44082be478bd6c086daa447c4651605818287b9532d3d0bd435?s=96&d=mm&r=g\",\"caption\":\"Lo viste en Los Pol\u00edticos\"},\"url\":\"https:\\\/\\\/lospoliticosveracruz.com\\\/?author=2\"}]}<\/script>\n<!-- \/ Yoast SEO plugin. -->","yoast_head_json":{"title":"Franco Cast\u00e1n y el PRD\u2026 \u00bfPayasos o monos? - Los pol\u00edticos Veracruz","robots":{"index":"index","follow":"follow","max-snippet":"max-snippet:-1","max-image-preview":"max-image-preview:large","max-video-preview":"max-video-preview:-1"},"canonical":"https:\/\/lospoliticosveracruz.com\/?p=18822","og_locale":"es_ES","og_type":"article","og_title":"Franco Cast\u00e1n y el PRD\u2026 \u00bfPayasos o monos? - Los pol\u00edticos Veracruz","og_description":"Miriam Gracia Maga\u00f1a Pasillos y Antesalas Mientras a nivel nacional los seguidores de \u201cizquierda\u201d de Andr\u00e9s Manuel L\u00f3pez Obrador siguen sin digerir el trago amargo que les provoc\u00f3 ver a su \u201cl\u00edder\u201d visitando al Papa Francisco y entreg\u00e1ndole una carta y un presente al m\u00e1s puro estilo de Enrique Pe\u00f1a Nieto y Felipe Calder\u00f3n, esos [&hellip;]","og_url":"https:\/\/lospoliticosveracruz.com\/?p=18822","og_site_name":"Los pol\u00edticos Veracruz","article_publisher":"https:\/\/www.facebook.com\/people\/Notimemes-de-los-Polticos\/61565672886568\/","article_published_time":"2015-11-04T02:38:38+00:00","og_image":[{"url":"http:\/\/www.lospoliticosveracruz.com.mx\/wp-content\/uploads\/2015\/10\/Yunes-Linares-Rogelio-Franco-300x216.jpg","type":"","width":"","height":""}],"author":"Lo viste en Los Pol\u00edticos","twitter_card":"summary_large_image","twitter_creator":"@LosPoliticosVer","twitter_site":"@LosPoliticosVer","twitter_misc":{"Escrito por":"Lo viste en Los Pol\u00edticos","Tiempo de lectura":"3 minutos"},"schema":{"@context":"https:\/\/schema.org","@graph":[{"@type":"Article","@id":"https:\/\/lospoliticosveracruz.com\/?p=18822#article","isPartOf":{"@id":"https:\/\/lospoliticosveracruz.com\/?p=18822"},"author":{"name":"Lo viste en Los Pol\u00edticos","@id":"https:\/\/lospoliticosveracruz.com\/#\/schema\/person\/b8702bb0e538456e6efd07080bf2a4a2"},"headline":"Franco Cast\u00e1n y el PRD\u2026 \u00bfPayasos o monos?","datePublished":"2015-11-04T02:38:38+00:00","mainEntityOfPage":{"@id":"https:\/\/lospoliticosveracruz.com\/?p=18822"},"wordCount":655,"commentCount":0,"publisher":{"@id":"https:\/\/lospoliticosveracruz.com\/#organization"},"image":{"@id":"https:\/\/lospoliticosveracruz.com\/?p=18822#primaryimage"},"thumbnailUrl":"http:\/\/www.lospoliticosveracruz.com.mx\/wp-content\/uploads\/2015\/10\/Yunes-Linares-Rogelio-Franco-300x216.jpg","keywords":["Andr\u00e9s Manuel L\u00f3pez Obrador","Enrique Pe\u00f1a Nieto","Felipe Calder\u00f3n","Morena","PRD","Rogelio Franco Cast\u00e1n"],"articleSection":["De Opini\u00f3n"],"inLanguage":"es","potentialAction":[{"@type":"CommentAction","name":"Comment","target":["https:\/\/lospoliticosveracruz.com\/?p=18822#respond"]}]},{"@type":"WebPage","@id":"https:\/\/lospoliticosveracruz.com\/?p=18822","url":"https:\/\/lospoliticosveracruz.com\/?p=18822","name":"Franco Cast\u00e1n y el PRD\u2026 \u00bfPayasos o monos? - Los pol\u00edticos Veracruz","isPartOf":{"@id":"https:\/\/lospoliticosveracruz.com\/#website"},"primaryImageOfPage":{"@id":"https:\/\/lospoliticosveracruz.com\/?p=18822#primaryimage"},"image":{"@id":"https:\/\/lospoliticosveracruz.com\/?p=18822#primaryimage"},"thumbnailUrl":"http:\/\/www.lospoliticosveracruz.com.mx\/wp-content\/uploads\/2015\/10\/Yunes-Linares-Rogelio-Franco-300x216.jpg","datePublished":"2015-11-04T02:38:38+00:00","breadcrumb":{"@id":"https:\/\/lospoliticosveracruz.com\/?p=18822#breadcrumb"},"inLanguage":"es","potentialAction":[{"@type":"ReadAction","target":["https:\/\/lospoliticosveracruz.com\/?p=18822"]}]},{"@type":"ImageObject","inLanguage":"es","@id":"https:\/\/lospoliticosveracruz.com\/?p=18822#primaryimage","url":"http:\/\/www.lospoliticosveracruz.com.mx\/wp-content\/uploads\/2015\/10\/Yunes-Linares-Rogelio-Franco-300x216.jpg","contentUrl":"http:\/\/www.lospoliticosveracruz.com.mx\/wp-content\/uploads\/2015\/10\/Yunes-Linares-Rogelio-Franco-300x216.jpg"},{"@type":"BreadcrumbList","@id":"https:\/\/lospoliticosveracruz.com\/?p=18822#breadcrumb","itemListElement":[{"@type":"ListItem","position":1,"name":"Portada","item":"https:\/\/lospoliticosveracruz.com\/"},{"@type":"ListItem","position":2,"name":"Franco Cast\u00e1n y el PRD\u2026 \u00bfPayasos o monos?"}]},{"@type":"WebSite","@id":"https:\/\/lospoliticosveracruz.com\/#website","url":"https:\/\/lospoliticosveracruz.com\/","name":"Los pol\u00edticos Veracruz","description":"","publisher":{"@id":"https:\/\/lospoliticosveracruz.com\/#organization"},"potentialAction":[{"@type":"SearchAction","target":{"@type":"EntryPoint","urlTemplate":"https:\/\/lospoliticosveracruz.com\/?s={search_term_string}"},"query-input":{"@type":"PropertyValueSpecification","valueRequired":true,"valueName":"search_term_string"}}],"inLanguage":"es"},{"@type":"Organization","@id":"https:\/\/lospoliticosveracruz.com\/#organization","name":"Los pol\u00edticos Veracruz","url":"https:\/\/lospoliticosveracruz.com\/","logo":{"@type":"ImageObject","inLanguage":"es","@id":"https:\/\/lospoliticosveracruz.com\/#\/schema\/logo\/image\/","url":"https:\/\/lospoliticosveracruz.com\/wp-content\/uploads\/2025\/12\/Logo-Nuevo-LOS-POLITICOS-1.jpg","contentUrl":"https:\/\/lospoliticosveracruz.com\/wp-content\/uploads\/2025\/12\/Logo-Nuevo-LOS-POLITICOS-1.jpg","width":260,"height":70,"caption":"Los pol\u00edticos Veracruz"},"image":{"@id":"https:\/\/lospoliticosveracruz.com\/#\/schema\/logo\/image\/"},"sameAs":["https:\/\/www.facebook.com\/people\/Notimemes-de-los-Polticos\/61565672886568\/","https:\/\/x.com\/LosPoliticosVer"]},{"@type":"Person","@id":"https:\/\/lospoliticosveracruz.com\/#\/schema\/person\/b8702bb0e538456e6efd07080bf2a4a2","name":"Lo viste en Los Pol\u00edticos","image":{"@type":"ImageObject","inLanguage":"es","@id":"https:\/\/secure.gravatar.com\/avatar\/3a8de04a2656d44082be478bd6c086daa447c4651605818287b9532d3d0bd435?s=96&d=mm&r=g","url":"https:\/\/secure.gravatar.com\/avatar\/3a8de04a2656d44082be478bd6c086daa447c4651605818287b9532d3d0bd435?s=96&d=mm&r=g","contentUrl":"https:\/\/secure.gravatar.com\/avatar\/3a8de04a2656d44082be478bd6c086daa447c4651605818287b9532d3d0bd435?s=96&d=mm&r=g","caption":"Lo viste en Los Pol\u00edticos"},"url":"https:\/\/lospoliticosveracruz.com\/?author=2"}]}},"_links":{"self":[{"href":"https:\/\/lospoliticosveracruz.com\/index.php?rest_route=\/wp\/v2\/posts\/18822","targetHints":{"allow":["GET"]}}],"collection":[{"href":"https:\/\/lospoliticosveracruz.com\/index.php?rest_route=\/wp\/v2\/posts"}],"about":[{"href":"https:\/\/lospoliticosveracruz.com\/index.php?rest_route=\/wp\/v2\/types\/post"}],"author":[{"embeddable":true,"href":"https:\/\/lospoliticosveracruz.com\/index.php?rest_route=\/wp\/v2\/users\/2"}],"replies":[{"embeddable":true,"href":"https:\/\/lospoliticosveracruz.com\/index.php?rest_route=%2Fwp%2Fv2%2Fcomments&post=18822"}],"version-history":[{"count":1,"href":"https:\/\/lospoliticosveracruz.com\/index.php?rest_route=\/wp\/v2\/posts\/18822\/revisions"}],"predecessor-version":[{"id":18823,"href":"https:\/\/lospoliticosveracruz.com\/index.php?rest_route=\/wp\/v2\/posts\/18822\/revisions\/18823"}],"wp:attachment":[{"href":"https:\/\/lospoliticosveracruz.com\/index.php?rest_route=%2Fwp%2Fv2%2Fmedia&parent=18822"}],"wp:term":[{"taxonomy":"category","embeddable":true,"href":"https:\/\/lospoliticosveracruz.com\/index.php?rest_route=%2Fwp%2Fv2%2Fcategories&post=18822"},{"taxonomy":"post_tag","embeddable":true,"href":"https:\/\/lospoliticosveracruz.com\/index.php?rest_route=%2Fwp%2Fv2%2Ftags&post=18822"}],"curies":[{"name":"wp","href":"https:\/\/api.w.org\/{rel}","templated":true}]}}