{"id":18885,"date":"2015-11-06T07:11:59","date_gmt":"2015-11-06T13:11:59","guid":{"rendered":"http:\/\/www.lospoliticosveracruz.com.mx\/?p=18885"},"modified":"2015-11-06T07:11:59","modified_gmt":"2015-11-06T13:11:59","slug":"otro-descuento-a-salario-de-burocratas","status":"publish","type":"post","link":"https:\/\/lospoliticosveracruz.com\/?p=18885","title":{"rendered":"\u00bfOtro descuento a\u00a0salario de bur\u00f3cratas?"},"content":{"rendered":"<p>&nbsp;<\/p>\n<p><a href=\"http:\/\/www.lospoliticosveracruz.com.mx\/wp-content\/uploads\/2015\/11\/cinturon.jpg\"><img loading=\"lazy\" decoding=\"async\" class=\"alignnone size-medium wp-image-18886\" src=\"http:\/\/www.lospoliticosveracruz.com.mx\/wp-content\/uploads\/2015\/11\/cinturon-300x225.jpg\" alt=\"cinturon\" width=\"300\" height=\"225\" \/><\/a><\/p>\n<p><strong>Jos\u00e9 Ortiz Medina<\/strong><\/p>\n<p><em>En Corto&#8230; sin Cortes<\/em><\/p>\n<p>Entre las comisiones ordinarias de la C\u00e1mara de Diputados, una que destaca por los cuantiosos recursos que maneja es la de recursos hidr\u00e1ulicos.<br \/>\nEn los pr\u00f3ximos d\u00edas, el diputado federal por el distrito de Tuxpan, Alberto Silva Ramos, asumir\u00e1 la secretar\u00eda de esa poderosa comisi\u00f3n, que tiene como objetivo fundamental legislar para obtener un aprovechamiento \u00f3ptimo de los recursos econ\u00f3micos disponibles para atender las demandas de agua potable y saneamiento.<br \/>\nEntre los temas que se abordan al interior de dicha comisi\u00f3n se encuentra el abasto del agua para el desarrollo de las actividades productivas de nuestro pa\u00eds, as\u00ed como la modernizaci\u00f3n de la infraestructura hidroagr\u00edcola para un uso eficiente del l\u00edquido en el campo.<br \/>\nEsa comisi\u00f3n aborda la compleja problem\u00e1tica del agua, que lejos de ser un tema resuelto, implica un asunto de urgente atenci\u00f3n en nuestro pa\u00eds.<br \/>\nPor otro lado, la Comisi\u00f3n de Recursos Hidr\u00e1ulicos reviste una fuerte importancia para Veracruz, sobre todo porque el estado concentra un alto porcentaje de los escurrimientos nacionales de agua.<br \/>\nComo es sabido, Beto Silva dej\u00f3 este jueves la presidencia de la Comisi\u00f3n de Poblaci\u00f3n, pues procurar\u00e1 dedicarle m\u00e1s tiempo a su responsabilidad partidista.<\/p>\n<p>SIN HACER demasiado ruido en Veracruz, el diputado federal por el Partido Encuentro Social, Gonzalo Gu\u00edzar Valladares, comienza a despuntar en el altiplano. El originario de Coatzacoalcos, quien preside la Comisi\u00f3n de Asuntos Migratorios en la C\u00e1mara Baja, forma parte de la comitiva presidencial que recibe al mandatario cubano Ra\u00fal Modesto Castro Ruz, quien lleg\u00f3 a nuestro pa\u00eds este jueves 5, en una visita de estado que terminar\u00e1 el pr\u00f3ximo s\u00e1bado 7 del presente. En M\u00e9rida, donde se desarrolla el encuentro entre el presidente Pe\u00f1a Nieto y su hom\u00f3logo cubano, Ra\u00fal Castro, se lleva a cabo dicha reuni\u00f3n, que tiene como finalidad la firma de acuerdos bilaterales en materia de turismo y educaci\u00f3n. Antes de la recepci\u00f3n del presidente de Cuba, Gonzalo Gu\u00edzar acompa\u00f1\u00f3 a Pe\u00f1a Nieto, en su traslado de la Ciudad de M\u00e9xico a M\u00e9rida, a bordo del avi\u00f3n presidencial.<\/p>\n<p>ENTRE LOS EMPLEADOS de nivel medio del gobierno estatal hay desasosiego tras de ser notificados que recibir\u00e1n un nuevo descuento en sus percepciones. De acuerdo con lo que nos comentaron bur\u00f3cratas que ya recibieron dicha notificaci\u00f3n, el descuento ser\u00e1 del 10 por ciento y aplicar\u00e1 a partir de la semana pr\u00f3xima, para los empleados con rango de jefes de departamento para arriba. Esto forma parte de las medidas de austeridad anunciadas hace semanas por la administraci\u00f3n estatal, que como que se estaba tardando en aplicarlas efectivamente. Ni modo, a seguir apret\u00e1ndose el cintur\u00f3n.<\/p>\n<p>SI BIEN LA SUPREMA Corte de Justicia de la Naci\u00f3n desech\u00f3 la acci\u00f3n de inconstitucionalidad contra el proceso legislativo de votaci\u00f3n por medio del cual se aprob\u00f3 el C\u00f3digo Electoral para el Estado de Veracruz, lejos est\u00e1 de quedar inc\u00f3lume todav\u00eda esta norma. El proyecto a cargo del ministro Arturo Fernando Zald\u00edvar Lelo de Larrea propone declarar la invalidez de 40 art\u00edculos del C\u00f3digo Electoral de Veracruz y validar la constitucionalidad de 27. Los numerales que ser\u00edan declarados inv\u00e1lidos son los art\u00edculos 16 (\u00faltimo p\u00e1rrafo), 38, 39, 47 (parcial); 48 (parcial); 49 (parcial), 50 (apartado D fracci\u00f3n cuarta); 67, 70 (fracci\u00f3n quinta); 82; 83; 84; 85; 86; 87, 88, 89, 90, 101 (fracciones sexta inciso E, novena inciso a \u00faltimo p\u00e1rrafo); 108 (fracci\u00f3n 44); 113 (fracci\u00f3n 6); 114 (p\u00e1rrafo 2,3,4 y 5) , 115 ( fracci\u00f3n 18); 116 ( p\u00e1rrafo 1); 123, 162 165, 166, 167, 173 (apartado A fracci\u00f3n 4, Apartado D fracci\u00f3n 13 y p\u00e1rrafo Segundo y tercero); 238 (fracci\u00f3n 1 inciso A); 288 (fracci\u00f3n 9) , 296, 305, 315 (fracci\u00f3n cuarta en la porci\u00f3n normativa), 319, 408, as\u00ed como los art\u00edculos transitorios octavo (\u00faltimo p\u00e1rrafo), noveno y d\u00e9cimo. Esto ser\u00e1 presentado y discutido ante el Pleno de la Corte el pr\u00f3ximo lunes. As\u00ed que habr\u00e1 que esperar.<\/p>\n<p>DONDE NO SABEN qu\u00e9 pecado cometieron es en el municipio de Tierra Blanca, donde el alcalde panista Sa\u00fal Lara Gonz\u00e1lez nom\u00e1s no da una. Adem\u00e1s de tener al municipio sumido en una aguda crisis de violencia, el edil blanquiazul enfrenta se\u00f1alamientos por corrupci\u00f3n de parte de los integrantes de su comuna, que le han reclamado reiteradamente la falta de transparencia con que maneja los recursos p\u00fablicos. No por nada ya en una ocasi\u00f3n, habitantes de comunidades terrablanquenses se presentaron en el palacio municipal para reclamarle la nula atenci\u00f3n que reciben. Hasta a un burro lo quer\u00edan subir para exhibirlo por las calles de la cabecera municipal. El \u201cse\u00f1or presidente\u201d primero sali\u00f3 huyendo antes que enfrentar los reclamos de la poblaci\u00f3n, como nos cuentan que siempre hace. Lo peor de todo es que este mal servidor p\u00fablico quiere ser diputado local postulado por su partido, Acci\u00f3n Nacional, pues al parecer le urge el fuero, ya que entre \u00e9l y su esposa \u2013quien es quien en realidad manda en Tierra Blanca\u2013 estar\u00edan saqueando el erario.<\/p>\n","protected":false},"excerpt":{"rendered":"<p>&nbsp; Jos\u00e9 Ortiz Medina En Corto&#8230; sin Cortes Entre las comisiones ordinarias de la C\u00e1mara de Diputados, una que destaca por los cuantiosos recursos que maneja es la de recursos hidr\u00e1ulicos. En los pr\u00f3ximos d\u00edas, el diputado federal por el distrito de Tuxpan, Alberto Silva Ramos, asumir\u00e1 la secretar\u00eda de esa poderosa comisi\u00f3n, que tiene [&hellip;]<\/p>\n","protected":false},"author":2,"featured_media":0,"comment_status":"open","ping_status":"open","sticky":false,"template":"","format":"standard","meta":{"tdm_status":"","tdm_grid_status":"","footnotes":""},"categories":[70],"tags":[3986,3985,3487,3984,203],"class_list":{"0":"post-18885","1":"post","2":"type-post","3":"status-publish","4":"format-standard","6":"category-de-opinion","7":"tag-burocratas","8":"tag-comision-de-poblacion","9":"tag-descuento","10":"tag-recursos-hidraulicos","11":"tag-tuxpan"},"yoast_head":"<!-- This site is optimized with the Yoast SEO plugin v27.4 - https:\/\/yoast.com\/product\/yoast-seo-wordpress\/ -->\n<title>\u00bfOtro descuento a\u00a0salario de bur\u00f3cratas? - Los pol\u00edticos Veracruz<\/title>\n<meta name=\"robots\" content=\"index, follow, max-snippet:-1, max-image-preview:large, max-video-preview:-1\" \/>\n<link rel=\"canonical\" href=\"https:\/\/lospoliticosveracruz.com\/?p=18885\" \/>\n<meta property=\"og:locale\" content=\"es_ES\" \/>\n<meta property=\"og:type\" content=\"article\" \/>\n<meta property=\"og:title\" content=\"\u00bfOtro descuento a\u00a0salario de bur\u00f3cratas? - Los pol\u00edticos Veracruz\" \/>\n<meta property=\"og:description\" content=\"&nbsp; Jos\u00e9 Ortiz Medina En Corto&#8230; sin Cortes Entre las comisiones ordinarias de la C\u00e1mara de Diputados, una que destaca por los cuantiosos recursos que maneja es la de recursos hidr\u00e1ulicos. En los pr\u00f3ximos d\u00edas, el diputado federal por el distrito de Tuxpan, Alberto Silva Ramos, asumir\u00e1 la secretar\u00eda de esa poderosa comisi\u00f3n, que tiene [&hellip;]\" \/>\n<meta property=\"og:url\" content=\"https:\/\/lospoliticosveracruz.com\/?p=18885\" \/>\n<meta property=\"og:site_name\" content=\"Los pol\u00edticos Veracruz\" \/>\n<meta property=\"article:publisher\" content=\"https:\/\/www.facebook.com\/people\/Notimemes-de-los-Polticos\/61565672886568\/\" \/>\n<meta property=\"article:published_time\" content=\"2015-11-06T13:11:59+00:00\" \/>\n<meta property=\"og:image\" content=\"http:\/\/www.lospoliticosveracruz.com.mx\/wp-content\/uploads\/2015\/11\/cinturon-300x225.jpg\" \/>\n<meta name=\"author\" content=\"Lo viste en Los Pol\u00edticos\" \/>\n<meta name=\"twitter:card\" content=\"summary_large_image\" \/>\n<meta name=\"twitter:creator\" content=\"@LosPoliticosVer\" \/>\n<meta name=\"twitter:site\" content=\"@LosPoliticosVer\" \/>\n<meta name=\"twitter:label1\" content=\"Escrito por\" \/>\n\t<meta name=\"twitter:data1\" content=\"Lo viste en Los Pol\u00edticos\" \/>\n\t<meta name=\"twitter:label2\" content=\"Tiempo de lectura\" \/>\n\t<meta name=\"twitter:data2\" content=\"4 minutos\" \/>\n<script type=\"application\/ld+json\" class=\"yoast-schema-graph\">{\"@context\":\"https:\\\/\\\/schema.org\",\"@graph\":[{\"@type\":\"Article\",\"@id\":\"https:\\\/\\\/lospoliticosveracruz.com\\\/?p=18885#article\",\"isPartOf\":{\"@id\":\"https:\\\/\\\/lospoliticosveracruz.com\\\/?p=18885\"},\"author\":{\"name\":\"Lo viste en Los Pol\u00edticos\",\"@id\":\"https:\\\/\\\/lospoliticosveracruz.com\\\/#\\\/schema\\\/person\\\/b8702bb0e538456e6efd07080bf2a4a2\"},\"headline\":\"\u00bfOtro descuento a\u00a0salario de bur\u00f3cratas?\",\"datePublished\":\"2015-11-06T13:11:59+00:00\",\"mainEntityOfPage\":{\"@id\":\"https:\\\/\\\/lospoliticosveracruz.com\\\/?p=18885\"},\"wordCount\":862,\"commentCount\":0,\"publisher\":{\"@id\":\"https:\\\/\\\/lospoliticosveracruz.com\\\/#organization\"},\"image\":{\"@id\":\"https:\\\/\\\/lospoliticosveracruz.com\\\/?p=18885#primaryimage\"},\"thumbnailUrl\":\"http:\\\/\\\/www.lospoliticosveracruz.com.mx\\\/wp-content\\\/uploads\\\/2015\\\/11\\\/cinturon-300x225.jpg\",\"keywords\":[\"bur\u00f3cratas\",\"Comisi\u00f3n de Poblaci\u00f3n\",\"descuento\",\"recursos hidr\u00e1ulicos\",\"Tuxpan\"],\"articleSection\":[\"De Opini\u00f3n\"],\"inLanguage\":\"es\",\"potentialAction\":[{\"@type\":\"CommentAction\",\"name\":\"Comment\",\"target\":[\"https:\\\/\\\/lospoliticosveracruz.com\\\/?p=18885#respond\"]}]},{\"@type\":\"WebPage\",\"@id\":\"https:\\\/\\\/lospoliticosveracruz.com\\\/?p=18885\",\"url\":\"https:\\\/\\\/lospoliticosveracruz.com\\\/?p=18885\",\"name\":\"\u00bfOtro descuento a\u00a0salario de bur\u00f3cratas? - Los pol\u00edticos Veracruz\",\"isPartOf\":{\"@id\":\"https:\\\/\\\/lospoliticosveracruz.com\\\/#website\"},\"primaryImageOfPage\":{\"@id\":\"https:\\\/\\\/lospoliticosveracruz.com\\\/?p=18885#primaryimage\"},\"image\":{\"@id\":\"https:\\\/\\\/lospoliticosveracruz.com\\\/?p=18885#primaryimage\"},\"thumbnailUrl\":\"http:\\\/\\\/www.lospoliticosveracruz.com.mx\\\/wp-content\\\/uploads\\\/2015\\\/11\\\/cinturon-300x225.jpg\",\"datePublished\":\"2015-11-06T13:11:59+00:00\",\"breadcrumb\":{\"@id\":\"https:\\\/\\\/lospoliticosveracruz.com\\\/?p=18885#breadcrumb\"},\"inLanguage\":\"es\",\"potentialAction\":[{\"@type\":\"ReadAction\",\"target\":[\"https:\\\/\\\/lospoliticosveracruz.com\\\/?p=18885\"]}]},{\"@type\":\"ImageObject\",\"inLanguage\":\"es\",\"@id\":\"https:\\\/\\\/lospoliticosveracruz.com\\\/?p=18885#primaryimage\",\"url\":\"http:\\\/\\\/www.lospoliticosveracruz.com.mx\\\/wp-content\\\/uploads\\\/2015\\\/11\\\/cinturon-300x225.jpg\",\"contentUrl\":\"http:\\\/\\\/www.lospoliticosveracruz.com.mx\\\/wp-content\\\/uploads\\\/2015\\\/11\\\/cinturon-300x225.jpg\"},{\"@type\":\"BreadcrumbList\",\"@id\":\"https:\\\/\\\/lospoliticosveracruz.com\\\/?p=18885#breadcrumb\",\"itemListElement\":[{\"@type\":\"ListItem\",\"position\":1,\"name\":\"Portada\",\"item\":\"https:\\\/\\\/lospoliticosveracruz.com\\\/\"},{\"@type\":\"ListItem\",\"position\":2,\"name\":\"\u00bfOtro descuento a\u00a0salario de bur\u00f3cratas?\"}]},{\"@type\":\"WebSite\",\"@id\":\"https:\\\/\\\/lospoliticosveracruz.com\\\/#website\",\"url\":\"https:\\\/\\\/lospoliticosveracruz.com\\\/\",\"name\":\"Los pol\u00edticos Veracruz\",\"description\":\"\",\"publisher\":{\"@id\":\"https:\\\/\\\/lospoliticosveracruz.com\\\/#organization\"},\"potentialAction\":[{\"@type\":\"SearchAction\",\"target\":{\"@type\":\"EntryPoint\",\"urlTemplate\":\"https:\\\/\\\/lospoliticosveracruz.com\\\/?s={search_term_string}\"},\"query-input\":{\"@type\":\"PropertyValueSpecification\",\"valueRequired\":true,\"valueName\":\"search_term_string\"}}],\"inLanguage\":\"es\"},{\"@type\":\"Organization\",\"@id\":\"https:\\\/\\\/lospoliticosveracruz.com\\\/#organization\",\"name\":\"Los pol\u00edticos Veracruz\",\"url\":\"https:\\\/\\\/lospoliticosveracruz.com\\\/\",\"logo\":{\"@type\":\"ImageObject\",\"inLanguage\":\"es\",\"@id\":\"https:\\\/\\\/lospoliticosveracruz.com\\\/#\\\/schema\\\/logo\\\/image\\\/\",\"url\":\"https:\\\/\\\/lospoliticosveracruz.com\\\/wp-content\\\/uploads\\\/2025\\\/12\\\/Logo-Nuevo-LOS-POLITICOS-1.jpg\",\"contentUrl\":\"https:\\\/\\\/lospoliticosveracruz.com\\\/wp-content\\\/uploads\\\/2025\\\/12\\\/Logo-Nuevo-LOS-POLITICOS-1.jpg\",\"width\":260,\"height\":70,\"caption\":\"Los pol\u00edticos Veracruz\"},\"image\":{\"@id\":\"https:\\\/\\\/lospoliticosveracruz.com\\\/#\\\/schema\\\/logo\\\/image\\\/\"},\"sameAs\":[\"https:\\\/\\\/www.facebook.com\\\/people\\\/Notimemes-de-los-Polticos\\\/61565672886568\\\/\",\"https:\\\/\\\/x.com\\\/LosPoliticosVer\"]},{\"@type\":\"Person\",\"@id\":\"https:\\\/\\\/lospoliticosveracruz.com\\\/#\\\/schema\\\/person\\\/b8702bb0e538456e6efd07080bf2a4a2\",\"name\":\"Lo viste en Los Pol\u00edticos\",\"image\":{\"@type\":\"ImageObject\",\"inLanguage\":\"es\",\"@id\":\"https:\\\/\\\/secure.gravatar.com\\\/avatar\\\/3a8de04a2656d44082be478bd6c086daa447c4651605818287b9532d3d0bd435?s=96&d=mm&r=g\",\"url\":\"https:\\\/\\\/secure.gravatar.com\\\/avatar\\\/3a8de04a2656d44082be478bd6c086daa447c4651605818287b9532d3d0bd435?s=96&d=mm&r=g\",\"contentUrl\":\"https:\\\/\\\/secure.gravatar.com\\\/avatar\\\/3a8de04a2656d44082be478bd6c086daa447c4651605818287b9532d3d0bd435?s=96&d=mm&r=g\",\"caption\":\"Lo viste en Los Pol\u00edticos\"},\"url\":\"https:\\\/\\\/lospoliticosveracruz.com\\\/?author=2\"}]}<\/script>\n<!-- \/ Yoast SEO plugin. -->","yoast_head_json":{"title":"\u00bfOtro descuento a\u00a0salario de bur\u00f3cratas? - Los pol\u00edticos Veracruz","robots":{"index":"index","follow":"follow","max-snippet":"max-snippet:-1","max-image-preview":"max-image-preview:large","max-video-preview":"max-video-preview:-1"},"canonical":"https:\/\/lospoliticosveracruz.com\/?p=18885","og_locale":"es_ES","og_type":"article","og_title":"\u00bfOtro descuento a\u00a0salario de bur\u00f3cratas? - Los pol\u00edticos Veracruz","og_description":"&nbsp; Jos\u00e9 Ortiz Medina En Corto&#8230; sin Cortes Entre las comisiones ordinarias de la C\u00e1mara de Diputados, una que destaca por los cuantiosos recursos que maneja es la de recursos hidr\u00e1ulicos. En los pr\u00f3ximos d\u00edas, el diputado federal por el distrito de Tuxpan, Alberto Silva Ramos, asumir\u00e1 la secretar\u00eda de esa poderosa comisi\u00f3n, que tiene [&hellip;]","og_url":"https:\/\/lospoliticosveracruz.com\/?p=18885","og_site_name":"Los pol\u00edticos Veracruz","article_publisher":"https:\/\/www.facebook.com\/people\/Notimemes-de-los-Polticos\/61565672886568\/","article_published_time":"2015-11-06T13:11:59+00:00","og_image":[{"url":"http:\/\/www.lospoliticosveracruz.com.mx\/wp-content\/uploads\/2015\/11\/cinturon-300x225.jpg","type":"","width":"","height":""}],"author":"Lo viste en Los Pol\u00edticos","twitter_card":"summary_large_image","twitter_creator":"@LosPoliticosVer","twitter_site":"@LosPoliticosVer","twitter_misc":{"Escrito por":"Lo viste en Los Pol\u00edticos","Tiempo de lectura":"4 minutos"},"schema":{"@context":"https:\/\/schema.org","@graph":[{"@type":"Article","@id":"https:\/\/lospoliticosveracruz.com\/?p=18885#article","isPartOf":{"@id":"https:\/\/lospoliticosveracruz.com\/?p=18885"},"author":{"name":"Lo viste en Los Pol\u00edticos","@id":"https:\/\/lospoliticosveracruz.com\/#\/schema\/person\/b8702bb0e538456e6efd07080bf2a4a2"},"headline":"\u00bfOtro descuento a\u00a0salario de bur\u00f3cratas?","datePublished":"2015-11-06T13:11:59+00:00","mainEntityOfPage":{"@id":"https:\/\/lospoliticosveracruz.com\/?p=18885"},"wordCount":862,"commentCount":0,"publisher":{"@id":"https:\/\/lospoliticosveracruz.com\/#organization"},"image":{"@id":"https:\/\/lospoliticosveracruz.com\/?p=18885#primaryimage"},"thumbnailUrl":"http:\/\/www.lospoliticosveracruz.com.mx\/wp-content\/uploads\/2015\/11\/cinturon-300x225.jpg","keywords":["bur\u00f3cratas","Comisi\u00f3n de Poblaci\u00f3n","descuento","recursos hidr\u00e1ulicos","Tuxpan"],"articleSection":["De Opini\u00f3n"],"inLanguage":"es","potentialAction":[{"@type":"CommentAction","name":"Comment","target":["https:\/\/lospoliticosveracruz.com\/?p=18885#respond"]}]},{"@type":"WebPage","@id":"https:\/\/lospoliticosveracruz.com\/?p=18885","url":"https:\/\/lospoliticosveracruz.com\/?p=18885","name":"\u00bfOtro descuento a\u00a0salario de bur\u00f3cratas? - Los pol\u00edticos Veracruz","isPartOf":{"@id":"https:\/\/lospoliticosveracruz.com\/#website"},"primaryImageOfPage":{"@id":"https:\/\/lospoliticosveracruz.com\/?p=18885#primaryimage"},"image":{"@id":"https:\/\/lospoliticosveracruz.com\/?p=18885#primaryimage"},"thumbnailUrl":"http:\/\/www.lospoliticosveracruz.com.mx\/wp-content\/uploads\/2015\/11\/cinturon-300x225.jpg","datePublished":"2015-11-06T13:11:59+00:00","breadcrumb":{"@id":"https:\/\/lospoliticosveracruz.com\/?p=18885#breadcrumb"},"inLanguage":"es","potentialAction":[{"@type":"ReadAction","target":["https:\/\/lospoliticosveracruz.com\/?p=18885"]}]},{"@type":"ImageObject","inLanguage":"es","@id":"https:\/\/lospoliticosveracruz.com\/?p=18885#primaryimage","url":"http:\/\/www.lospoliticosveracruz.com.mx\/wp-content\/uploads\/2015\/11\/cinturon-300x225.jpg","contentUrl":"http:\/\/www.lospoliticosveracruz.com.mx\/wp-content\/uploads\/2015\/11\/cinturon-300x225.jpg"},{"@type":"BreadcrumbList","@id":"https:\/\/lospoliticosveracruz.com\/?p=18885#breadcrumb","itemListElement":[{"@type":"ListItem","position":1,"name":"Portada","item":"https:\/\/lospoliticosveracruz.com\/"},{"@type":"ListItem","position":2,"name":"\u00bfOtro descuento a\u00a0salario de bur\u00f3cratas?"}]},{"@type":"WebSite","@id":"https:\/\/lospoliticosveracruz.com\/#website","url":"https:\/\/lospoliticosveracruz.com\/","name":"Los pol\u00edticos Veracruz","description":"","publisher":{"@id":"https:\/\/lospoliticosveracruz.com\/#organization"},"potentialAction":[{"@type":"SearchAction","target":{"@type":"EntryPoint","urlTemplate":"https:\/\/lospoliticosveracruz.com\/?s={search_term_string}"},"query-input":{"@type":"PropertyValueSpecification","valueRequired":true,"valueName":"search_term_string"}}],"inLanguage":"es"},{"@type":"Organization","@id":"https:\/\/lospoliticosveracruz.com\/#organization","name":"Los pol\u00edticos Veracruz","url":"https:\/\/lospoliticosveracruz.com\/","logo":{"@type":"ImageObject","inLanguage":"es","@id":"https:\/\/lospoliticosveracruz.com\/#\/schema\/logo\/image\/","url":"https:\/\/lospoliticosveracruz.com\/wp-content\/uploads\/2025\/12\/Logo-Nuevo-LOS-POLITICOS-1.jpg","contentUrl":"https:\/\/lospoliticosveracruz.com\/wp-content\/uploads\/2025\/12\/Logo-Nuevo-LOS-POLITICOS-1.jpg","width":260,"height":70,"caption":"Los pol\u00edticos Veracruz"},"image":{"@id":"https:\/\/lospoliticosveracruz.com\/#\/schema\/logo\/image\/"},"sameAs":["https:\/\/www.facebook.com\/people\/Notimemes-de-los-Polticos\/61565672886568\/","https:\/\/x.com\/LosPoliticosVer"]},{"@type":"Person","@id":"https:\/\/lospoliticosveracruz.com\/#\/schema\/person\/b8702bb0e538456e6efd07080bf2a4a2","name":"Lo viste en Los Pol\u00edticos","image":{"@type":"ImageObject","inLanguage":"es","@id":"https:\/\/secure.gravatar.com\/avatar\/3a8de04a2656d44082be478bd6c086daa447c4651605818287b9532d3d0bd435?s=96&d=mm&r=g","url":"https:\/\/secure.gravatar.com\/avatar\/3a8de04a2656d44082be478bd6c086daa447c4651605818287b9532d3d0bd435?s=96&d=mm&r=g","contentUrl":"https:\/\/secure.gravatar.com\/avatar\/3a8de04a2656d44082be478bd6c086daa447c4651605818287b9532d3d0bd435?s=96&d=mm&r=g","caption":"Lo viste en Los Pol\u00edticos"},"url":"https:\/\/lospoliticosveracruz.com\/?author=2"}]}},"_links":{"self":[{"href":"https:\/\/lospoliticosveracruz.com\/index.php?rest_route=\/wp\/v2\/posts\/18885","targetHints":{"allow":["GET"]}}],"collection":[{"href":"https:\/\/lospoliticosveracruz.com\/index.php?rest_route=\/wp\/v2\/posts"}],"about":[{"href":"https:\/\/lospoliticosveracruz.com\/index.php?rest_route=\/wp\/v2\/types\/post"}],"author":[{"embeddable":true,"href":"https:\/\/lospoliticosveracruz.com\/index.php?rest_route=\/wp\/v2\/users\/2"}],"replies":[{"embeddable":true,"href":"https:\/\/lospoliticosveracruz.com\/index.php?rest_route=%2Fwp%2Fv2%2Fcomments&post=18885"}],"version-history":[{"count":1,"href":"https:\/\/lospoliticosveracruz.com\/index.php?rest_route=\/wp\/v2\/posts\/18885\/revisions"}],"predecessor-version":[{"id":18887,"href":"https:\/\/lospoliticosveracruz.com\/index.php?rest_route=\/wp\/v2\/posts\/18885\/revisions\/18887"}],"wp:attachment":[{"href":"https:\/\/lospoliticosveracruz.com\/index.php?rest_route=%2Fwp%2Fv2%2Fmedia&parent=18885"}],"wp:term":[{"taxonomy":"category","embeddable":true,"href":"https:\/\/lospoliticosveracruz.com\/index.php?rest_route=%2Fwp%2Fv2%2Fcategories&post=18885"},{"taxonomy":"post_tag","embeddable":true,"href":"https:\/\/lospoliticosveracruz.com\/index.php?rest_route=%2Fwp%2Fv2%2Ftags&post=18885"}],"curies":[{"name":"wp","href":"https:\/\/api.w.org\/{rel}","templated":true}]}}