{"id":18893,"date":"2015-11-06T23:25:32","date_gmt":"2015-11-07T05:25:32","guid":{"rendered":"http:\/\/www.lospoliticosveracruz.com.mx\/?p=18893"},"modified":"2015-11-06T23:25:32","modified_gmt":"2015-11-07T05:25:32","slug":"medicina-carcelaria-a-veracruz-hector","status":"publish","type":"post","link":"https:\/\/lospoliticosveracruz.com\/?p=18893","title":{"rendered":"Medicina \u00abcarcelaria\u00bb a Veracruz: H\u00e9ctor"},"content":{"rendered":"<blockquote><p><a href=\"http:\/\/www.lospoliticosveracruz.com.mx\/wp-content\/uploads\/2015\/11\/H\u00e9ctor-Yunes.jpeg\"><img loading=\"lazy\" decoding=\"async\" class=\"alignnone size-medium wp-image-18905\" src=\"http:\/\/www.lospoliticosveracruz.com.mx\/wp-content\/uploads\/2015\/11\/H\u00e9ctor-Yunes-300x222.jpeg\" alt=\"H\u00e9ctor Yunes\" width=\"300\" height=\"222\" \/><\/a><\/p>\n<p><strong>Alianza Generacional har\u00e1 reuniones en los 30 distritos, el de hoy muy concurrido<\/strong><\/p><\/blockquote>\n<p>Veracruz requiere ser sacado de la terapia intensiva en que est\u00e1; afortunadamente no est\u00e1 agonizando, porque no lo vamos a permitir los veracruzanos, pero s\u00ed hay una enfermedad grave, pero curable, reconoci\u00f3 el senador H\u00e9ctor Yunes Landa.<\/p>\n<p>Durante la reuni\u00f3n regional de la asociaci\u00f3n pol\u00edtica Alianza Generacional de los distritos de Medell\u00edn y Veracruz I y II, adelant\u00f3 que este padecimiento se puede arreglar, vamos a meterle la medicina \u201ccarcelaria\u201d a esa enfermedad.<\/p>\n<p>Sostuvo que los miembros de Alianza Generacional la conforman \u201cgente cr\u00edtica pero pensante, no somos cr\u00edticos sistem\u00e1ticos\u201d y agradeci\u00f3 a quienes vinieron a este evento a pesar de las amenazas y el boicot que pretendieron cometer para evitar que asistieran.<\/p>\n<p>Remarc\u00f3 que \u201caqu\u00ed no hay espacio para los temerosos, ni los sumisos, esos est\u00e1n fuera, esta reuni\u00f3n nos la quisieron boicotear, pero Alianza Generacional tiene un blindaje que impide que por m\u00e1s que quieran cerrar la puerta y boicotearnos no lo consiguieron.<\/p>\n<p>Aqu\u00ed \u201cnadie viene a la fuerza, ni acarreados en autobuses, ese es el problema que tienen, que quisieran ver vac\u00eda una silla, pero no la van a ver, esa es nuestra fortaleza, lo que para los sumisos es debilidad\u201d, subray\u00f3.<\/p>\n<p>Hizo alusi\u00f3n a una frase popular, que el di\u00e1logo es la base de los problemas, pero tambi\u00e9n es la soluci\u00f3n a ellos y en Alianza Generacional creemos en el di\u00e1logo que nutre, en el di\u00e1logo que construye y da alternativas de respuesta a los problemas y grandes retos que como sociedad enfrentamos.<\/p>\n<p>Como Senador por Veracruz, insisti\u00f3, es mi deber y mi convicci\u00f3n, entablar di\u00e1logo con ustedes, con los ciudadanos que me otorgaron su confianza y que orgullosamente represento.<\/p>\n<p>Record\u00f3 que \u201chace unos d\u00edas en Boca del R\u00edo, una se\u00f1ora me dijo: H\u00e9ctor, en los a\u00f1os que tengo de vida, que por cierto son muchos, nunca hab\u00eda visto un Veracruz con tantas necesidades\u201d: \u00bfqu\u00e9 opinas?.<\/p>\n<p>Les confieso que la pregunta me tom\u00f3 por sorpresa y tras reflexionar, mi respuesta fue contundente: Veracruz est\u00e1 urgido hoy m\u00e1s que nunca, de respuestas y soluciones, puntualiz\u00f3.<\/p>\n","protected":false},"excerpt":{"rendered":"<p>Alianza Generacional har\u00e1 reuniones en los 30 distritos, el de hoy muy concurrido Veracruz requiere ser sacado de la terapia intensiva en que est\u00e1; afortunadamente no est\u00e1 agonizando, porque no lo vamos a permitir los veracruzanos, pero s\u00ed hay una enfermedad grave, pero curable, reconoci\u00f3 el senador H\u00e9ctor Yunes Landa. Durante la reuni\u00f3n regional de [&hellip;]<\/p>\n","protected":false},"author":2,"featured_media":0,"comment_status":"open","ping_status":"open","sticky":false,"template":"","format":"standard","meta":{"tdm_status":"","tdm_grid_status":"","footnotes":""},"categories":[73],"tags":[962,348],"class_list":{"0":"post-18893","1":"post","2":"type-post","3":"status-publish","4":"format-standard","6":"category-de-boleto","7":"tag-alianza-generacional","8":"tag-hector-yunes-landa"},"yoast_head":"<!-- This site is optimized with the Yoast SEO plugin v27.4 - https:\/\/yoast.com\/product\/yoast-seo-wordpress\/ -->\n<title>Medicina &quot;carcelaria&quot; a Veracruz: H\u00e9ctor - Los pol\u00edticos Veracruz<\/title>\n<meta name=\"robots\" content=\"index, follow, max-snippet:-1, max-image-preview:large, max-video-preview:-1\" \/>\n<link rel=\"canonical\" href=\"https:\/\/lospoliticosveracruz.com\/?p=18893\" \/>\n<meta property=\"og:locale\" content=\"es_ES\" \/>\n<meta property=\"og:type\" content=\"article\" \/>\n<meta property=\"og:title\" content=\"Medicina &quot;carcelaria&quot; a Veracruz: H\u00e9ctor - Los pol\u00edticos Veracruz\" \/>\n<meta property=\"og:description\" content=\"Alianza Generacional har\u00e1 reuniones en los 30 distritos, el de hoy muy concurrido Veracruz requiere ser sacado de la terapia intensiva en que est\u00e1; afortunadamente no est\u00e1 agonizando, porque no lo vamos a permitir los veracruzanos, pero s\u00ed hay una enfermedad grave, pero curable, reconoci\u00f3 el senador H\u00e9ctor Yunes Landa. Durante la reuni\u00f3n regional de [&hellip;]\" \/>\n<meta property=\"og:url\" content=\"https:\/\/lospoliticosveracruz.com\/?p=18893\" \/>\n<meta property=\"og:site_name\" content=\"Los pol\u00edticos Veracruz\" \/>\n<meta property=\"article:publisher\" content=\"https:\/\/www.facebook.com\/people\/Notimemes-de-los-Polticos\/61565672886568\/\" \/>\n<meta property=\"article:published_time\" content=\"2015-11-07T05:25:32+00:00\" \/>\n<meta property=\"og:image\" content=\"https:\/\/lospoliticosveracruz.com\/wp-content\/uploads\/2016\/07\/Logo-Dor.jpg\" \/>\n\t<meta property=\"og:image:width\" content=\"200\" \/>\n\t<meta property=\"og:image:height\" content=\"200\" \/>\n\t<meta property=\"og:image:type\" content=\"image\/jpeg\" \/>\n<meta name=\"author\" content=\"Lo viste en Los Pol\u00edticos\" \/>\n<meta name=\"twitter:card\" content=\"summary_large_image\" \/>\n<meta name=\"twitter:creator\" content=\"@LosPoliticosVer\" \/>\n<meta name=\"twitter:site\" content=\"@LosPoliticosVer\" \/>\n<meta name=\"twitter:label1\" content=\"Escrito por\" \/>\n\t<meta name=\"twitter:data1\" content=\"Lo viste en Los Pol\u00edticos\" \/>\n\t<meta name=\"twitter:label2\" content=\"Tiempo de lectura\" \/>\n\t<meta name=\"twitter:data2\" content=\"2 minutos\" \/>\n<script type=\"application\/ld+json\" class=\"yoast-schema-graph\">{\"@context\":\"https:\\\/\\\/schema.org\",\"@graph\":[{\"@type\":\"Article\",\"@id\":\"https:\\\/\\\/lospoliticosveracruz.com\\\/?p=18893#article\",\"isPartOf\":{\"@id\":\"https:\\\/\\\/lospoliticosveracruz.com\\\/?p=18893\"},\"author\":{\"name\":\"Lo viste en Los Pol\u00edticos\",\"@id\":\"https:\\\/\\\/lospoliticosveracruz.com\\\/#\\\/schema\\\/person\\\/b8702bb0e538456e6efd07080bf2a4a2\"},\"headline\":\"Medicina \u00abcarcelaria\u00bb a Veracruz: H\u00e9ctor\",\"datePublished\":\"2015-11-07T05:25:32+00:00\",\"mainEntityOfPage\":{\"@id\":\"https:\\\/\\\/lospoliticosveracruz.com\\\/?p=18893\"},\"wordCount\":383,\"commentCount\":0,\"publisher\":{\"@id\":\"https:\\\/\\\/lospoliticosveracruz.com\\\/#organization\"},\"keywords\":[\"Alianza Generacional\",\"H\u00e9ctor Yunes Landa\"],\"articleSection\":[\"De Boleto\"],\"inLanguage\":\"es\",\"potentialAction\":[{\"@type\":\"CommentAction\",\"name\":\"Comment\",\"target\":[\"https:\\\/\\\/lospoliticosveracruz.com\\\/?p=18893#respond\"]}]},{\"@type\":\"WebPage\",\"@id\":\"https:\\\/\\\/lospoliticosveracruz.com\\\/?p=18893\",\"url\":\"https:\\\/\\\/lospoliticosveracruz.com\\\/?p=18893\",\"name\":\"Medicina \\\"carcelaria\\\" a Veracruz: H\u00e9ctor - Los pol\u00edticos Veracruz\",\"isPartOf\":{\"@id\":\"https:\\\/\\\/lospoliticosveracruz.com\\\/#website\"},\"datePublished\":\"2015-11-07T05:25:32+00:00\",\"breadcrumb\":{\"@id\":\"https:\\\/\\\/lospoliticosveracruz.com\\\/?p=18893#breadcrumb\"},\"inLanguage\":\"es\",\"potentialAction\":[{\"@type\":\"ReadAction\",\"target\":[\"https:\\\/\\\/lospoliticosveracruz.com\\\/?p=18893\"]}]},{\"@type\":\"BreadcrumbList\",\"@id\":\"https:\\\/\\\/lospoliticosveracruz.com\\\/?p=18893#breadcrumb\",\"itemListElement\":[{\"@type\":\"ListItem\",\"position\":1,\"name\":\"Portada\",\"item\":\"https:\\\/\\\/lospoliticosveracruz.com\\\/\"},{\"@type\":\"ListItem\",\"position\":2,\"name\":\"Medicina \u00abcarcelaria\u00bb a Veracruz: H\u00e9ctor\"}]},{\"@type\":\"WebSite\",\"@id\":\"https:\\\/\\\/lospoliticosveracruz.com\\\/#website\",\"url\":\"https:\\\/\\\/lospoliticosveracruz.com\\\/\",\"name\":\"Los pol\u00edticos Veracruz\",\"description\":\"\",\"publisher\":{\"@id\":\"https:\\\/\\\/lospoliticosveracruz.com\\\/#organization\"},\"potentialAction\":[{\"@type\":\"SearchAction\",\"target\":{\"@type\":\"EntryPoint\",\"urlTemplate\":\"https:\\\/\\\/lospoliticosveracruz.com\\\/?s={search_term_string}\"},\"query-input\":{\"@type\":\"PropertyValueSpecification\",\"valueRequired\":true,\"valueName\":\"search_term_string\"}}],\"inLanguage\":\"es\"},{\"@type\":\"Organization\",\"@id\":\"https:\\\/\\\/lospoliticosveracruz.com\\\/#organization\",\"name\":\"Los pol\u00edticos Veracruz\",\"url\":\"https:\\\/\\\/lospoliticosveracruz.com\\\/\",\"logo\":{\"@type\":\"ImageObject\",\"inLanguage\":\"es\",\"@id\":\"https:\\\/\\\/lospoliticosveracruz.com\\\/#\\\/schema\\\/logo\\\/image\\\/\",\"url\":\"https:\\\/\\\/lospoliticosveracruz.com\\\/wp-content\\\/uploads\\\/2025\\\/12\\\/Logo-Nuevo-LOS-POLITICOS-1.jpg\",\"contentUrl\":\"https:\\\/\\\/lospoliticosveracruz.com\\\/wp-content\\\/uploads\\\/2025\\\/12\\\/Logo-Nuevo-LOS-POLITICOS-1.jpg\",\"width\":260,\"height\":70,\"caption\":\"Los pol\u00edticos Veracruz\"},\"image\":{\"@id\":\"https:\\\/\\\/lospoliticosveracruz.com\\\/#\\\/schema\\\/logo\\\/image\\\/\"},\"sameAs\":[\"https:\\\/\\\/www.facebook.com\\\/people\\\/Notimemes-de-los-Polticos\\\/61565672886568\\\/\",\"https:\\\/\\\/x.com\\\/LosPoliticosVer\"]},{\"@type\":\"Person\",\"@id\":\"https:\\\/\\\/lospoliticosveracruz.com\\\/#\\\/schema\\\/person\\\/b8702bb0e538456e6efd07080bf2a4a2\",\"name\":\"Lo viste en Los Pol\u00edticos\",\"image\":{\"@type\":\"ImageObject\",\"inLanguage\":\"es\",\"@id\":\"https:\\\/\\\/secure.gravatar.com\\\/avatar\\\/3a8de04a2656d44082be478bd6c086daa447c4651605818287b9532d3d0bd435?s=96&d=mm&r=g\",\"url\":\"https:\\\/\\\/secure.gravatar.com\\\/avatar\\\/3a8de04a2656d44082be478bd6c086daa447c4651605818287b9532d3d0bd435?s=96&d=mm&r=g\",\"contentUrl\":\"https:\\\/\\\/secure.gravatar.com\\\/avatar\\\/3a8de04a2656d44082be478bd6c086daa447c4651605818287b9532d3d0bd435?s=96&d=mm&r=g\",\"caption\":\"Lo viste en Los Pol\u00edticos\"},\"url\":\"https:\\\/\\\/lospoliticosveracruz.com\\\/?author=2\"}]}<\/script>\n<!-- \/ Yoast SEO plugin. -->","yoast_head_json":{"title":"Medicina \"carcelaria\" a Veracruz: H\u00e9ctor - Los pol\u00edticos Veracruz","robots":{"index":"index","follow":"follow","max-snippet":"max-snippet:-1","max-image-preview":"max-image-preview:large","max-video-preview":"max-video-preview:-1"},"canonical":"https:\/\/lospoliticosveracruz.com\/?p=18893","og_locale":"es_ES","og_type":"article","og_title":"Medicina \"carcelaria\" a Veracruz: H\u00e9ctor - Los pol\u00edticos Veracruz","og_description":"Alianza Generacional har\u00e1 reuniones en los 30 distritos, el de hoy muy concurrido Veracruz requiere ser sacado de la terapia intensiva en que est\u00e1; afortunadamente no est\u00e1 agonizando, porque no lo vamos a permitir los veracruzanos, pero s\u00ed hay una enfermedad grave, pero curable, reconoci\u00f3 el senador H\u00e9ctor Yunes Landa. Durante la reuni\u00f3n regional de [&hellip;]","og_url":"https:\/\/lospoliticosveracruz.com\/?p=18893","og_site_name":"Los pol\u00edticos Veracruz","article_publisher":"https:\/\/www.facebook.com\/people\/Notimemes-de-los-Polticos\/61565672886568\/","article_published_time":"2015-11-07T05:25:32+00:00","og_image":[{"width":200,"height":200,"url":"https:\/\/lospoliticosveracruz.com\/wp-content\/uploads\/2016\/07\/Logo-Dor.jpg","type":"image\/jpeg"}],"author":"Lo viste en Los Pol\u00edticos","twitter_card":"summary_large_image","twitter_creator":"@LosPoliticosVer","twitter_site":"@LosPoliticosVer","twitter_misc":{"Escrito por":"Lo viste en Los Pol\u00edticos","Tiempo de lectura":"2 minutos"},"schema":{"@context":"https:\/\/schema.org","@graph":[{"@type":"Article","@id":"https:\/\/lospoliticosveracruz.com\/?p=18893#article","isPartOf":{"@id":"https:\/\/lospoliticosveracruz.com\/?p=18893"},"author":{"name":"Lo viste en Los Pol\u00edticos","@id":"https:\/\/lospoliticosveracruz.com\/#\/schema\/person\/b8702bb0e538456e6efd07080bf2a4a2"},"headline":"Medicina \u00abcarcelaria\u00bb a Veracruz: H\u00e9ctor","datePublished":"2015-11-07T05:25:32+00:00","mainEntityOfPage":{"@id":"https:\/\/lospoliticosveracruz.com\/?p=18893"},"wordCount":383,"commentCount":0,"publisher":{"@id":"https:\/\/lospoliticosveracruz.com\/#organization"},"keywords":["Alianza Generacional","H\u00e9ctor Yunes Landa"],"articleSection":["De Boleto"],"inLanguage":"es","potentialAction":[{"@type":"CommentAction","name":"Comment","target":["https:\/\/lospoliticosveracruz.com\/?p=18893#respond"]}]},{"@type":"WebPage","@id":"https:\/\/lospoliticosveracruz.com\/?p=18893","url":"https:\/\/lospoliticosveracruz.com\/?p=18893","name":"Medicina \"carcelaria\" a Veracruz: H\u00e9ctor - Los pol\u00edticos Veracruz","isPartOf":{"@id":"https:\/\/lospoliticosveracruz.com\/#website"},"datePublished":"2015-11-07T05:25:32+00:00","breadcrumb":{"@id":"https:\/\/lospoliticosveracruz.com\/?p=18893#breadcrumb"},"inLanguage":"es","potentialAction":[{"@type":"ReadAction","target":["https:\/\/lospoliticosveracruz.com\/?p=18893"]}]},{"@type":"BreadcrumbList","@id":"https:\/\/lospoliticosveracruz.com\/?p=18893#breadcrumb","itemListElement":[{"@type":"ListItem","position":1,"name":"Portada","item":"https:\/\/lospoliticosveracruz.com\/"},{"@type":"ListItem","position":2,"name":"Medicina \u00abcarcelaria\u00bb a Veracruz: H\u00e9ctor"}]},{"@type":"WebSite","@id":"https:\/\/lospoliticosveracruz.com\/#website","url":"https:\/\/lospoliticosveracruz.com\/","name":"Los pol\u00edticos Veracruz","description":"","publisher":{"@id":"https:\/\/lospoliticosveracruz.com\/#organization"},"potentialAction":[{"@type":"SearchAction","target":{"@type":"EntryPoint","urlTemplate":"https:\/\/lospoliticosveracruz.com\/?s={search_term_string}"},"query-input":{"@type":"PropertyValueSpecification","valueRequired":true,"valueName":"search_term_string"}}],"inLanguage":"es"},{"@type":"Organization","@id":"https:\/\/lospoliticosveracruz.com\/#organization","name":"Los pol\u00edticos Veracruz","url":"https:\/\/lospoliticosveracruz.com\/","logo":{"@type":"ImageObject","inLanguage":"es","@id":"https:\/\/lospoliticosveracruz.com\/#\/schema\/logo\/image\/","url":"https:\/\/lospoliticosveracruz.com\/wp-content\/uploads\/2025\/12\/Logo-Nuevo-LOS-POLITICOS-1.jpg","contentUrl":"https:\/\/lospoliticosveracruz.com\/wp-content\/uploads\/2025\/12\/Logo-Nuevo-LOS-POLITICOS-1.jpg","width":260,"height":70,"caption":"Los pol\u00edticos Veracruz"},"image":{"@id":"https:\/\/lospoliticosveracruz.com\/#\/schema\/logo\/image\/"},"sameAs":["https:\/\/www.facebook.com\/people\/Notimemes-de-los-Polticos\/61565672886568\/","https:\/\/x.com\/LosPoliticosVer"]},{"@type":"Person","@id":"https:\/\/lospoliticosveracruz.com\/#\/schema\/person\/b8702bb0e538456e6efd07080bf2a4a2","name":"Lo viste en Los Pol\u00edticos","image":{"@type":"ImageObject","inLanguage":"es","@id":"https:\/\/secure.gravatar.com\/avatar\/3a8de04a2656d44082be478bd6c086daa447c4651605818287b9532d3d0bd435?s=96&d=mm&r=g","url":"https:\/\/secure.gravatar.com\/avatar\/3a8de04a2656d44082be478bd6c086daa447c4651605818287b9532d3d0bd435?s=96&d=mm&r=g","contentUrl":"https:\/\/secure.gravatar.com\/avatar\/3a8de04a2656d44082be478bd6c086daa447c4651605818287b9532d3d0bd435?s=96&d=mm&r=g","caption":"Lo viste en Los Pol\u00edticos"},"url":"https:\/\/lospoliticosveracruz.com\/?author=2"}]}},"_links":{"self":[{"href":"https:\/\/lospoliticosveracruz.com\/index.php?rest_route=\/wp\/v2\/posts\/18893","targetHints":{"allow":["GET"]}}],"collection":[{"href":"https:\/\/lospoliticosveracruz.com\/index.php?rest_route=\/wp\/v2\/posts"}],"about":[{"href":"https:\/\/lospoliticosveracruz.com\/index.php?rest_route=\/wp\/v2\/types\/post"}],"author":[{"embeddable":true,"href":"https:\/\/lospoliticosveracruz.com\/index.php?rest_route=\/wp\/v2\/users\/2"}],"replies":[{"embeddable":true,"href":"https:\/\/lospoliticosveracruz.com\/index.php?rest_route=%2Fwp%2Fv2%2Fcomments&post=18893"}],"version-history":[{"count":2,"href":"https:\/\/lospoliticosveracruz.com\/index.php?rest_route=\/wp\/v2\/posts\/18893\/revisions"}],"predecessor-version":[{"id":18906,"href":"https:\/\/lospoliticosveracruz.com\/index.php?rest_route=\/wp\/v2\/posts\/18893\/revisions\/18906"}],"wp:attachment":[{"href":"https:\/\/lospoliticosveracruz.com\/index.php?rest_route=%2Fwp%2Fv2%2Fmedia&parent=18893"}],"wp:term":[{"taxonomy":"category","embeddable":true,"href":"https:\/\/lospoliticosveracruz.com\/index.php?rest_route=%2Fwp%2Fv2%2Fcategories&post=18893"},{"taxonomy":"post_tag","embeddable":true,"href":"https:\/\/lospoliticosveracruz.com\/index.php?rest_route=%2Fwp%2Fv2%2Ftags&post=18893"}],"curies":[{"name":"wp","href":"https:\/\/api.w.org\/{rel}","templated":true}]}}