{"id":18927,"date":"2015-11-08T21:19:17","date_gmt":"2015-11-09T03:19:17","guid":{"rendered":"http:\/\/www.lospoliticosveracruz.com.mx\/?p=18927"},"modified":"2015-11-08T21:19:17","modified_gmt":"2015-11-09T03:19:17","slug":"el-aspirante-menospreciado","status":"publish","type":"post","link":"https:\/\/lospoliticosveracruz.com\/?p=18927","title":{"rendered":"El aspirante menospreciado\u00a0"},"content":{"rendered":"<p style=\"text-align: justify;\" align=\"center\"><a href=\"http:\/\/www.lospoliticosveracruz.com.mx\/wp-content\/uploads\/2015\/11\/Javier-Duarte-Moreno-Valle.jpg\"><img loading=\"lazy\" decoding=\"async\" class=\"alignnone size-medium wp-image-18928\" src=\"http:\/\/www.lospoliticosveracruz.com.mx\/wp-content\/uploads\/2015\/11\/Javier-Duarte-Moreno-Valle-300x225.jpg\" alt=\"Javier Duarte Moreno Valle\" width=\"300\" height=\"225\" \/><\/a><\/p>\n<p style=\"text-align: justify;\" align=\"center\"><strong><span lang=\"ES-MX\">Ricardo V\u00e1zquez Salazar<\/span><\/strong><\/p>\n<p style=\"text-align: justify;\" align=\"center\"><em>Esfera Pol\u00edtica<\/em><\/p>\n<p align=\"center\">\n<p><span lang=\"ES-MX\">Corr\u00edan los primero d\u00edas del mes de febrero de 2010 cuando le impidieron en su partido \u00a0registrarse como precandidato a gobernador. Fue un momento decisivo\u00a0 en el que sentenci\u00f3 que a como diera lugar luchar\u00eda por la gubernatura. Y as\u00ed lo hizo. El d\u00eda de las elecciones se manifest\u00f3 el hartazgo del electorado; el grillete que ven\u00eda arrastrando el partido tricolor con las oscuras referencias de la administraci\u00f3n de \u201cEl g\u00f3ber precioso\u201d, Mario Mar\u00edn Torres, pes\u00f3 demasiado. A pesar de haber despilfarrado miles de millones de pesos en actos de campa\u00f1a, as\u00ed como en la compra de votos, al candidato del Revolucionario Institucional, Javier L\u00f3pez Zavala, lo hizo a\u00f1icos el abanderado de Acci\u00f3n Nacional, el subestimado por el PRI, Rafael Moreno Valle.<\/span><\/p>\n<p><span lang=\"ES-MX\">Eran los tiempos en que los gobernadores priistas hac\u00edan lo que les viniera en gana. Ante la ausencia de un verdadero liderazgo nacional del PRI; con un presidente de la Rep\u00fablica emanado del PAN, los gobernadores del tricolor en ese entonces impon\u00edan sus propios candidatos, o se dejaban convencer, sin tomar en cuenta a la c\u00fapula partidista, sin medir las consecuencias. Los desastrosos resultados del p\u00e9simo desempe\u00f1o de varios gobernadores posteriormente\u00a0 emergieron de las tinieblas; permanecen en la memoria del electorado.\u00a0<\/span><\/p>\n<p><span lang=\"ES-MX\">En la actualidad los antecedentes son decisivos en una contienda electoral. No fue el partido, el PAN en alianza con el PRD; tal vez la persona, pero lo que m\u00e1s impact\u00f3 fue el hartazgo del electorado por el mal gobierno de Mar\u00edn Torres lo que le dio la victoria a Rafael Moreno Valle.\u00a0<\/span><\/p>\n<p><span lang=\"ES-MX\">El proceso electoral se vislumbraba incierto hasta el d\u00eda en que la poblaci\u00f3n decidi\u00f3 de una manera contundente. Fiel a su compromiso como pastor, don V\u00edctor S\u00e1nchez Espinoza, Arzobispo de Puebla, se mantuvo imparcial, al margen de la contienda pol\u00edtica; intolerante con los\u00a0 escribas y fariseos, lo que le ha valido para ganarse el respeto y reconocimiento de la sociedad en general.\u00a0<\/span><\/p>\n<p><span lang=\"ES-MX\">Aquel personaje que su mismo partido \u2013el PRI- despreci\u00f3 en su momento y quiso truncar sus aspiraciones; en quien posteriormente el electorado deposit\u00f3 su confianza para convertirlo en gobernador, hoy en d\u00eda ha cumplido. Moreno ha transformado Puebla. La creaci\u00f3n de obra p\u00fablica es testimonio innegable, como nunca antes se hab\u00eda visto.\u00a0 Urbanizaci\u00f3n al por mayor con modernos puentes y avenidas; edificaci\u00f3n y equipamiento de escuelas; construcci\u00f3n de carreteras, en la capital y en todos los municipios. En aquella entidad la gente no vive en medio de la zozobra por la violencia e inseguridad. \u00a0<\/span><\/p>\n<p><span lang=\"ES-MX\">Puebla es considerado en la actualidad como l\u00edder nacional en servicios de Salud. Rafael ha sido consciente en aplicar la mezcla de recursos federales y estatales. En la presente administraci\u00f3n estatal se han creado cuatro modernos y funcionales hospitales de especialidades, con servicios de primera; as\u00ed como centros de Salud, los famosos CESA, a lo largo y ancho del territorio poblano. \u00a0\u00a0<\/span><\/p>\n<p><span lang=\"ES-MX\">Antes de cumplir su quinto a\u00f1o como gobernador, Moreno Valle ha realizado cuando menos 50 magnas obras. En Veracruz en el lapso de 11 a\u00f1os no se ha construido una sola. Ya est\u00e1 en el ocaso el gobierno de Javier Duarte y ni siquiera han sido capaces de terminar la Torre Pedi\u00e1trica, cacaraqueada desde hace m\u00e1s de siete a\u00f1os; por lo que hoy en el jolgorio jarocho se le conoce como la \u201cTorre Geri\u00e1trica\u201d, porque ya se convirti\u00f3 en un vejestorio la construcci\u00f3n. \u00a0\u00a0\u00a0<\/span><\/p>\n<p><span lang=\"ES-MX\">\u00bfDe que no es un gobierno inmaculado el de Rafael Moreno Valle? \u00a1Pero por supuesto que no!<\/span><\/p>\n<p><span lang=\"ES-MX\">Si su proyecto va m\u00e1s all\u00e1 de la gubernatura, est\u00e1 en todo su derecho; utiliza las neuronas para tomar decisiones, no las v\u00edsceras. El trabajo llevado a cabo ah\u00ed est\u00e1.\u00a0<\/span><\/p>\n<p><span lang=\"ES-MX\">Despu\u00e9s de 70 a\u00f1os de tener acaparada la gubernatura de Puebla, el PRI perdi\u00f3 estrepitosamente en esa ocasi\u00f3n. Fueron suficientes los esc\u00e1ndalos de perversiones sexuales y excesos de Mario Mar\u00edn.<\/span><\/p>\n<p><span lang=\"ES-MX\">Atreverse a seguir insultando la inteligencia de los veracruzanos, al imponer un candidato designado desde Barcelona, emanado de la \u201cFidelidad\u201d, puede representar el inicio de la alternancia. Miles son las familias que guardan luto por un consangu\u00edneo asesinado o desaparecido por la delincuencia organizada. La corrupci\u00f3n criminal rebas\u00f3 todo l\u00edmite desde hace m\u00e1s de una d\u00e9cada, con la compra y suministro de medicamentos falsos en la Secretar\u00eda de Salud, bestialidad que ha acabado con la vida de decenas o cientos de inocentes enfermos. El cinismo del enriquecimiento inexplicable de funcionarios y exfuncionarios estatales, producto del descomunal saqueo a las arcas p\u00fablicas, ocasion\u00f3 una deuda p\u00fablica inmensa. Lamentable tambi\u00e9n que v<\/span>einte periodistas hayan sido asesinados y\/o desparecidos en Veracruz, con el repudio de la prensa nacional e internacional.<\/p>\n<p><span lang=\"ES-MX\">La impunidad en todo su esplendor. Con el absurdo que a varios de los responsables directos de todo ese da\u00f1o, los hicieron diputados federales, les dieron un mejor cargo, o los sostienen haciendo negocios criminales. \u00a0<\/span><\/p>\n<p><span lang=\"ES-MX\">No obstante que no se lleg\u00f3 a esos extremos en Puebla, como lo monstruoso que ha sucedido en Veracruz, el candidato que impuso el gobernador en ese tiempo, Mario Mar\u00edn, perdi\u00f3 por mucho; lo hicieron polvo. \u00a0<\/span><\/p>\n<p><span lang=\"ES-MX\">\u00a0\u00a0\u00a0\u00a0<\/span><\/p>\n<p><span lang=\"ES-MX\">Luego entonces \u2013v\u00e1lgase la expresi\u00f3n-, por el tricolor si no es Pepe es H\u00e9ctor; si no es H\u00e9ctor es Pepe. Primero uno luego el otro; con toda cautela. Los dos van juntos.\u00a0<\/span><\/p>\n<p><a href=\"mailto:rvazquez002@yahoo.com.mx\" target=\"_blank\"><span lang=\"ES-MX\">rvazquez002@yahoo.com.mx<\/span><\/a><\/p>\n","protected":false},"excerpt":{"rendered":"<p>Ricardo V\u00e1zquez Salazar Esfera Pol\u00edtica Corr\u00edan los primero d\u00edas del mes de febrero de 2010 cuando le impidieron en su partido \u00a0registrarse como precandidato a gobernador. Fue un momento decisivo\u00a0 en el que sentenci\u00f3 que a como diera lugar luchar\u00eda por la gubernatura. Y as\u00ed lo hizo. El d\u00eda de las elecciones se manifest\u00f3 el [&hellip;]<\/p>\n","protected":false},"author":2,"featured_media":0,"comment_status":"open","ping_status":"open","sticky":false,"template":"","format":"standard","meta":{"tdm_status":"","tdm_grid_status":"","footnotes":""},"categories":[70],"tags":[4007,4006,3736],"class_list":{"0":"post-18927","1":"post","2":"type-post","3":"status-publish","4":"format-standard","6":"category-de-opinion","7":"tag-javier-lopez-zavala","8":"tag-mario-marin-torres","9":"tag-rafael-moreno-valle"},"yoast_head":"<!-- This site is optimized with the Yoast SEO plugin v27.4 - https:\/\/yoast.com\/product\/yoast-seo-wordpress\/ -->\n<title>El aspirante menospreciado\u00a0 - Los pol\u00edticos Veracruz<\/title>\n<meta name=\"robots\" content=\"index, follow, max-snippet:-1, max-image-preview:large, max-video-preview:-1\" \/>\n<link rel=\"canonical\" href=\"https:\/\/lospoliticosveracruz.com\/?p=18927\" \/>\n<meta property=\"og:locale\" content=\"es_ES\" \/>\n<meta property=\"og:type\" content=\"article\" \/>\n<meta property=\"og:title\" content=\"El aspirante menospreciado\u00a0 - Los pol\u00edticos Veracruz\" \/>\n<meta property=\"og:description\" content=\"Ricardo V\u00e1zquez Salazar Esfera Pol\u00edtica Corr\u00edan los primero d\u00edas del mes de febrero de 2010 cuando le impidieron en su partido \u00a0registrarse como precandidato a gobernador. Fue un momento decisivo\u00a0 en el que sentenci\u00f3 que a como diera lugar luchar\u00eda por la gubernatura. Y as\u00ed lo hizo. El d\u00eda de las elecciones se manifest\u00f3 el [&hellip;]\" \/>\n<meta property=\"og:url\" content=\"https:\/\/lospoliticosveracruz.com\/?p=18927\" \/>\n<meta property=\"og:site_name\" content=\"Los pol\u00edticos Veracruz\" \/>\n<meta property=\"article:publisher\" content=\"https:\/\/www.facebook.com\/people\/Notimemes-de-los-Polticos\/61565672886568\/\" \/>\n<meta property=\"article:published_time\" content=\"2015-11-09T03:19:17+00:00\" \/>\n<meta property=\"og:image\" content=\"http:\/\/www.lospoliticosveracruz.com.mx\/wp-content\/uploads\/2015\/11\/Javier-Duarte-Moreno-Valle-300x225.jpg\" \/>\n<meta name=\"author\" content=\"Lo viste en Los Pol\u00edticos\" \/>\n<meta name=\"twitter:card\" content=\"summary_large_image\" \/>\n<meta name=\"twitter:creator\" content=\"@LosPoliticosVer\" \/>\n<meta name=\"twitter:site\" content=\"@LosPoliticosVer\" \/>\n<meta name=\"twitter:label1\" content=\"Escrito por\" \/>\n\t<meta name=\"twitter:data1\" content=\"Lo viste en Los Pol\u00edticos\" \/>\n\t<meta name=\"twitter:label2\" content=\"Tiempo de lectura\" \/>\n\t<meta name=\"twitter:data2\" content=\"5 minutos\" \/>\n<script type=\"application\/ld+json\" class=\"yoast-schema-graph\">{\"@context\":\"https:\\\/\\\/schema.org\",\"@graph\":[{\"@type\":\"Article\",\"@id\":\"https:\\\/\\\/lospoliticosveracruz.com\\\/?p=18927#article\",\"isPartOf\":{\"@id\":\"https:\\\/\\\/lospoliticosveracruz.com\\\/?p=18927\"},\"author\":{\"name\":\"Lo viste en Los Pol\u00edticos\",\"@id\":\"https:\\\/\\\/lospoliticosveracruz.com\\\/#\\\/schema\\\/person\\\/b8702bb0e538456e6efd07080bf2a4a2\"},\"headline\":\"El aspirante menospreciado\u00a0\",\"datePublished\":\"2015-11-09T03:19:17+00:00\",\"mainEntityOfPage\":{\"@id\":\"https:\\\/\\\/lospoliticosveracruz.com\\\/?p=18927\"},\"wordCount\":937,\"commentCount\":0,\"publisher\":{\"@id\":\"https:\\\/\\\/lospoliticosveracruz.com\\\/#organization\"},\"image\":{\"@id\":\"https:\\\/\\\/lospoliticosveracruz.com\\\/?p=18927#primaryimage\"},\"thumbnailUrl\":\"http:\\\/\\\/www.lospoliticosveracruz.com.mx\\\/wp-content\\\/uploads\\\/2015\\\/11\\\/Javier-Duarte-Moreno-Valle-300x225.jpg\",\"keywords\":[\"Javier L\u00f3pez Zavala\",\"Mario Mar\u00edn Torres\",\"Rafael Moreno Valle\"],\"articleSection\":[\"De Opini\u00f3n\"],\"inLanguage\":\"es\",\"potentialAction\":[{\"@type\":\"CommentAction\",\"name\":\"Comment\",\"target\":[\"https:\\\/\\\/lospoliticosveracruz.com\\\/?p=18927#respond\"]}]},{\"@type\":\"WebPage\",\"@id\":\"https:\\\/\\\/lospoliticosveracruz.com\\\/?p=18927\",\"url\":\"https:\\\/\\\/lospoliticosveracruz.com\\\/?p=18927\",\"name\":\"El aspirante menospreciado\u00a0 - Los pol\u00edticos Veracruz\",\"isPartOf\":{\"@id\":\"https:\\\/\\\/lospoliticosveracruz.com\\\/#website\"},\"primaryImageOfPage\":{\"@id\":\"https:\\\/\\\/lospoliticosveracruz.com\\\/?p=18927#primaryimage\"},\"image\":{\"@id\":\"https:\\\/\\\/lospoliticosveracruz.com\\\/?p=18927#primaryimage\"},\"thumbnailUrl\":\"http:\\\/\\\/www.lospoliticosveracruz.com.mx\\\/wp-content\\\/uploads\\\/2015\\\/11\\\/Javier-Duarte-Moreno-Valle-300x225.jpg\",\"datePublished\":\"2015-11-09T03:19:17+00:00\",\"breadcrumb\":{\"@id\":\"https:\\\/\\\/lospoliticosveracruz.com\\\/?p=18927#breadcrumb\"},\"inLanguage\":\"es\",\"potentialAction\":[{\"@type\":\"ReadAction\",\"target\":[\"https:\\\/\\\/lospoliticosveracruz.com\\\/?p=18927\"]}]},{\"@type\":\"ImageObject\",\"inLanguage\":\"es\",\"@id\":\"https:\\\/\\\/lospoliticosveracruz.com\\\/?p=18927#primaryimage\",\"url\":\"http:\\\/\\\/www.lospoliticosveracruz.com.mx\\\/wp-content\\\/uploads\\\/2015\\\/11\\\/Javier-Duarte-Moreno-Valle-300x225.jpg\",\"contentUrl\":\"http:\\\/\\\/www.lospoliticosveracruz.com.mx\\\/wp-content\\\/uploads\\\/2015\\\/11\\\/Javier-Duarte-Moreno-Valle-300x225.jpg\"},{\"@type\":\"BreadcrumbList\",\"@id\":\"https:\\\/\\\/lospoliticosveracruz.com\\\/?p=18927#breadcrumb\",\"itemListElement\":[{\"@type\":\"ListItem\",\"position\":1,\"name\":\"Portada\",\"item\":\"https:\\\/\\\/lospoliticosveracruz.com\\\/\"},{\"@type\":\"ListItem\",\"position\":2,\"name\":\"El aspirante menospreciado\u00a0\"}]},{\"@type\":\"WebSite\",\"@id\":\"https:\\\/\\\/lospoliticosveracruz.com\\\/#website\",\"url\":\"https:\\\/\\\/lospoliticosveracruz.com\\\/\",\"name\":\"Los pol\u00edticos Veracruz\",\"description\":\"\",\"publisher\":{\"@id\":\"https:\\\/\\\/lospoliticosveracruz.com\\\/#organization\"},\"potentialAction\":[{\"@type\":\"SearchAction\",\"target\":{\"@type\":\"EntryPoint\",\"urlTemplate\":\"https:\\\/\\\/lospoliticosveracruz.com\\\/?s={search_term_string}\"},\"query-input\":{\"@type\":\"PropertyValueSpecification\",\"valueRequired\":true,\"valueName\":\"search_term_string\"}}],\"inLanguage\":\"es\"},{\"@type\":\"Organization\",\"@id\":\"https:\\\/\\\/lospoliticosveracruz.com\\\/#organization\",\"name\":\"Los pol\u00edticos Veracruz\",\"url\":\"https:\\\/\\\/lospoliticosveracruz.com\\\/\",\"logo\":{\"@type\":\"ImageObject\",\"inLanguage\":\"es\",\"@id\":\"https:\\\/\\\/lospoliticosveracruz.com\\\/#\\\/schema\\\/logo\\\/image\\\/\",\"url\":\"https:\\\/\\\/lospoliticosveracruz.com\\\/wp-content\\\/uploads\\\/2025\\\/12\\\/Logo-Nuevo-LOS-POLITICOS-1.jpg\",\"contentUrl\":\"https:\\\/\\\/lospoliticosveracruz.com\\\/wp-content\\\/uploads\\\/2025\\\/12\\\/Logo-Nuevo-LOS-POLITICOS-1.jpg\",\"width\":260,\"height\":70,\"caption\":\"Los pol\u00edticos Veracruz\"},\"image\":{\"@id\":\"https:\\\/\\\/lospoliticosveracruz.com\\\/#\\\/schema\\\/logo\\\/image\\\/\"},\"sameAs\":[\"https:\\\/\\\/www.facebook.com\\\/people\\\/Notimemes-de-los-Polticos\\\/61565672886568\\\/\",\"https:\\\/\\\/x.com\\\/LosPoliticosVer\"]},{\"@type\":\"Person\",\"@id\":\"https:\\\/\\\/lospoliticosveracruz.com\\\/#\\\/schema\\\/person\\\/b8702bb0e538456e6efd07080bf2a4a2\",\"name\":\"Lo viste en Los Pol\u00edticos\",\"image\":{\"@type\":\"ImageObject\",\"inLanguage\":\"es\",\"@id\":\"https:\\\/\\\/secure.gravatar.com\\\/avatar\\\/3a8de04a2656d44082be478bd6c086daa447c4651605818287b9532d3d0bd435?s=96&d=mm&r=g\",\"url\":\"https:\\\/\\\/secure.gravatar.com\\\/avatar\\\/3a8de04a2656d44082be478bd6c086daa447c4651605818287b9532d3d0bd435?s=96&d=mm&r=g\",\"contentUrl\":\"https:\\\/\\\/secure.gravatar.com\\\/avatar\\\/3a8de04a2656d44082be478bd6c086daa447c4651605818287b9532d3d0bd435?s=96&d=mm&r=g\",\"caption\":\"Lo viste en Los Pol\u00edticos\"},\"url\":\"https:\\\/\\\/lospoliticosveracruz.com\\\/?author=2\"}]}<\/script>\n<!-- \/ Yoast SEO plugin. -->","yoast_head_json":{"title":"El aspirante menospreciado\u00a0 - Los pol\u00edticos Veracruz","robots":{"index":"index","follow":"follow","max-snippet":"max-snippet:-1","max-image-preview":"max-image-preview:large","max-video-preview":"max-video-preview:-1"},"canonical":"https:\/\/lospoliticosveracruz.com\/?p=18927","og_locale":"es_ES","og_type":"article","og_title":"El aspirante menospreciado\u00a0 - Los pol\u00edticos Veracruz","og_description":"Ricardo V\u00e1zquez Salazar Esfera Pol\u00edtica Corr\u00edan los primero d\u00edas del mes de febrero de 2010 cuando le impidieron en su partido \u00a0registrarse como precandidato a gobernador. Fue un momento decisivo\u00a0 en el que sentenci\u00f3 que a como diera lugar luchar\u00eda por la gubernatura. Y as\u00ed lo hizo. El d\u00eda de las elecciones se manifest\u00f3 el [&hellip;]","og_url":"https:\/\/lospoliticosveracruz.com\/?p=18927","og_site_name":"Los pol\u00edticos Veracruz","article_publisher":"https:\/\/www.facebook.com\/people\/Notimemes-de-los-Polticos\/61565672886568\/","article_published_time":"2015-11-09T03:19:17+00:00","og_image":[{"url":"http:\/\/www.lospoliticosveracruz.com.mx\/wp-content\/uploads\/2015\/11\/Javier-Duarte-Moreno-Valle-300x225.jpg","type":"","width":"","height":""}],"author":"Lo viste en Los Pol\u00edticos","twitter_card":"summary_large_image","twitter_creator":"@LosPoliticosVer","twitter_site":"@LosPoliticosVer","twitter_misc":{"Escrito por":"Lo viste en Los Pol\u00edticos","Tiempo de lectura":"5 minutos"},"schema":{"@context":"https:\/\/schema.org","@graph":[{"@type":"Article","@id":"https:\/\/lospoliticosveracruz.com\/?p=18927#article","isPartOf":{"@id":"https:\/\/lospoliticosveracruz.com\/?p=18927"},"author":{"name":"Lo viste en Los Pol\u00edticos","@id":"https:\/\/lospoliticosveracruz.com\/#\/schema\/person\/b8702bb0e538456e6efd07080bf2a4a2"},"headline":"El aspirante menospreciado\u00a0","datePublished":"2015-11-09T03:19:17+00:00","mainEntityOfPage":{"@id":"https:\/\/lospoliticosveracruz.com\/?p=18927"},"wordCount":937,"commentCount":0,"publisher":{"@id":"https:\/\/lospoliticosveracruz.com\/#organization"},"image":{"@id":"https:\/\/lospoliticosveracruz.com\/?p=18927#primaryimage"},"thumbnailUrl":"http:\/\/www.lospoliticosveracruz.com.mx\/wp-content\/uploads\/2015\/11\/Javier-Duarte-Moreno-Valle-300x225.jpg","keywords":["Javier L\u00f3pez Zavala","Mario Mar\u00edn Torres","Rafael Moreno Valle"],"articleSection":["De Opini\u00f3n"],"inLanguage":"es","potentialAction":[{"@type":"CommentAction","name":"Comment","target":["https:\/\/lospoliticosveracruz.com\/?p=18927#respond"]}]},{"@type":"WebPage","@id":"https:\/\/lospoliticosveracruz.com\/?p=18927","url":"https:\/\/lospoliticosveracruz.com\/?p=18927","name":"El aspirante menospreciado\u00a0 - Los pol\u00edticos Veracruz","isPartOf":{"@id":"https:\/\/lospoliticosveracruz.com\/#website"},"primaryImageOfPage":{"@id":"https:\/\/lospoliticosveracruz.com\/?p=18927#primaryimage"},"image":{"@id":"https:\/\/lospoliticosveracruz.com\/?p=18927#primaryimage"},"thumbnailUrl":"http:\/\/www.lospoliticosveracruz.com.mx\/wp-content\/uploads\/2015\/11\/Javier-Duarte-Moreno-Valle-300x225.jpg","datePublished":"2015-11-09T03:19:17+00:00","breadcrumb":{"@id":"https:\/\/lospoliticosveracruz.com\/?p=18927#breadcrumb"},"inLanguage":"es","potentialAction":[{"@type":"ReadAction","target":["https:\/\/lospoliticosveracruz.com\/?p=18927"]}]},{"@type":"ImageObject","inLanguage":"es","@id":"https:\/\/lospoliticosveracruz.com\/?p=18927#primaryimage","url":"http:\/\/www.lospoliticosveracruz.com.mx\/wp-content\/uploads\/2015\/11\/Javier-Duarte-Moreno-Valle-300x225.jpg","contentUrl":"http:\/\/www.lospoliticosveracruz.com.mx\/wp-content\/uploads\/2015\/11\/Javier-Duarte-Moreno-Valle-300x225.jpg"},{"@type":"BreadcrumbList","@id":"https:\/\/lospoliticosveracruz.com\/?p=18927#breadcrumb","itemListElement":[{"@type":"ListItem","position":1,"name":"Portada","item":"https:\/\/lospoliticosveracruz.com\/"},{"@type":"ListItem","position":2,"name":"El aspirante menospreciado\u00a0"}]},{"@type":"WebSite","@id":"https:\/\/lospoliticosveracruz.com\/#website","url":"https:\/\/lospoliticosveracruz.com\/","name":"Los pol\u00edticos Veracruz","description":"","publisher":{"@id":"https:\/\/lospoliticosveracruz.com\/#organization"},"potentialAction":[{"@type":"SearchAction","target":{"@type":"EntryPoint","urlTemplate":"https:\/\/lospoliticosveracruz.com\/?s={search_term_string}"},"query-input":{"@type":"PropertyValueSpecification","valueRequired":true,"valueName":"search_term_string"}}],"inLanguage":"es"},{"@type":"Organization","@id":"https:\/\/lospoliticosveracruz.com\/#organization","name":"Los pol\u00edticos Veracruz","url":"https:\/\/lospoliticosveracruz.com\/","logo":{"@type":"ImageObject","inLanguage":"es","@id":"https:\/\/lospoliticosveracruz.com\/#\/schema\/logo\/image\/","url":"https:\/\/lospoliticosveracruz.com\/wp-content\/uploads\/2025\/12\/Logo-Nuevo-LOS-POLITICOS-1.jpg","contentUrl":"https:\/\/lospoliticosveracruz.com\/wp-content\/uploads\/2025\/12\/Logo-Nuevo-LOS-POLITICOS-1.jpg","width":260,"height":70,"caption":"Los pol\u00edticos Veracruz"},"image":{"@id":"https:\/\/lospoliticosveracruz.com\/#\/schema\/logo\/image\/"},"sameAs":["https:\/\/www.facebook.com\/people\/Notimemes-de-los-Polticos\/61565672886568\/","https:\/\/x.com\/LosPoliticosVer"]},{"@type":"Person","@id":"https:\/\/lospoliticosveracruz.com\/#\/schema\/person\/b8702bb0e538456e6efd07080bf2a4a2","name":"Lo viste en Los Pol\u00edticos","image":{"@type":"ImageObject","inLanguage":"es","@id":"https:\/\/secure.gravatar.com\/avatar\/3a8de04a2656d44082be478bd6c086daa447c4651605818287b9532d3d0bd435?s=96&d=mm&r=g","url":"https:\/\/secure.gravatar.com\/avatar\/3a8de04a2656d44082be478bd6c086daa447c4651605818287b9532d3d0bd435?s=96&d=mm&r=g","contentUrl":"https:\/\/secure.gravatar.com\/avatar\/3a8de04a2656d44082be478bd6c086daa447c4651605818287b9532d3d0bd435?s=96&d=mm&r=g","caption":"Lo viste en Los Pol\u00edticos"},"url":"https:\/\/lospoliticosveracruz.com\/?author=2"}]}},"_links":{"self":[{"href":"https:\/\/lospoliticosveracruz.com\/index.php?rest_route=\/wp\/v2\/posts\/18927","targetHints":{"allow":["GET"]}}],"collection":[{"href":"https:\/\/lospoliticosveracruz.com\/index.php?rest_route=\/wp\/v2\/posts"}],"about":[{"href":"https:\/\/lospoliticosveracruz.com\/index.php?rest_route=\/wp\/v2\/types\/post"}],"author":[{"embeddable":true,"href":"https:\/\/lospoliticosveracruz.com\/index.php?rest_route=\/wp\/v2\/users\/2"}],"replies":[{"embeddable":true,"href":"https:\/\/lospoliticosveracruz.com\/index.php?rest_route=%2Fwp%2Fv2%2Fcomments&post=18927"}],"version-history":[{"count":1,"href":"https:\/\/lospoliticosveracruz.com\/index.php?rest_route=\/wp\/v2\/posts\/18927\/revisions"}],"predecessor-version":[{"id":18929,"href":"https:\/\/lospoliticosveracruz.com\/index.php?rest_route=\/wp\/v2\/posts\/18927\/revisions\/18929"}],"wp:attachment":[{"href":"https:\/\/lospoliticosveracruz.com\/index.php?rest_route=%2Fwp%2Fv2%2Fmedia&parent=18927"}],"wp:term":[{"taxonomy":"category","embeddable":true,"href":"https:\/\/lospoliticosveracruz.com\/index.php?rest_route=%2Fwp%2Fv2%2Fcategories&post=18927"},{"taxonomy":"post_tag","embeddable":true,"href":"https:\/\/lospoliticosveracruz.com\/index.php?rest_route=%2Fwp%2Fv2%2Ftags&post=18927"}],"curies":[{"name":"wp","href":"https:\/\/api.w.org\/{rel}","templated":true}]}}