{"id":18936,"date":"2015-11-09T08:22:19","date_gmt":"2015-11-09T14:22:19","guid":{"rendered":"http:\/\/www.lospoliticosveracruz.com.mx\/?p=18936"},"modified":"2015-11-09T08:22:19","modified_gmt":"2015-11-09T14:22:19","slug":"este-lunes-dia-determinante-para-el-codigo-electoral","status":"publish","type":"post","link":"https:\/\/lospoliticosveracruz.com\/?p=18936","title":{"rendered":"Este lunes, d\u00eda determinante para el C\u00f3digo Electoral"},"content":{"rendered":"<p><a href=\"http:\/\/www.lospoliticosveracruz.com.mx\/wp-content\/uploads\/2015\/11\/gabriel-deantes-ramos.jpg\"><img loading=\"lazy\" decoding=\"async\" class=\"alignnone size-medium wp-image-18938\" src=\"http:\/\/www.lospoliticosveracruz.com.mx\/wp-content\/uploads\/2015\/11\/gabriel-deantes-ramos-300x200.jpg\" alt=\"gabriel deantes ramos\" width=\"300\" height=\"200\" \/><\/a><\/p>\n<p><strong>Luis Alberto Romero<\/strong><\/p>\n<p><em>Hora Cero<\/em><\/p>\n<p>El pasado martes 30 de junio, la Legislatura de Veracruz aprob\u00f3 la iniciativa del C\u00f3digo Electoral para el Estado, turnada al Congreso local por el gobernador Javier Duarte.<br \/>\n34 diputados votaron por la reforma a ese ordenamiento, lo cual fue suficiente para que dicho poder le diera luz verde a la propuesta.<br \/>\nEl citado C\u00f3digo fue publicado un mes despu\u00e9s en la Gaceta Oficial del Estado, pero tambi\u00e9n impugnado ante la Suprema Corte de Justicia de la Naci\u00f3n (SCJN) por cuatro partidos: Acci\u00f3n Nacional, de la Revoluci\u00f3n Democr\u00e1tica, Movimiento Ciudadano y Morena, que exigieron la invalidez.<br \/>\nEn ese contexto, el pasado jueves la Corte aprob\u00f3 el proceso legislativo y tambi\u00e9n la constitucionalidad de la reforma; sin embargo, qued\u00f3 pendiente el an\u00e1lisis y votaci\u00f3n de 40 art\u00edculos que fueron impugnados por las mencionadas fuerzas pol\u00edticas.<br \/>\nEl tema ser\u00e1 retomado en la sesi\u00f3n que habr\u00e1 de celebrar este lunes la SCJN y de antemano, los panistas dan casi como un hecho que el fallo les ser\u00e1 favorable.<br \/>\nEl problema para quienes armaron el nuevo c\u00f3digo electoral es que incluyeron figuras que dif\u00edcilmente podr\u00edan ser aplicadas; por ejemplo, para coartar los registros de candidatos independientes, se les ocurri\u00f3 establecer como requisito \u201cacreditar que cuente con buena fama p\u00fablica\u201d; por supuesto, no repararon en que ni siquiera la Constituci\u00f3n Pol\u00edtica de nuestro pa\u00eds tiene ese limitante.<br \/>\nEn ese sentido, como no pod\u00edan imponer ese requisito s\u00f3lo a los candidatos independientes, y para no evidenciar que \u00fanicamente esos aspirantes son faltos de buena fama p\u00fablica, en el C\u00f3digo se incluy\u00f3 ese requisito para el registro de candidatos de partidos y coaliciones.<br \/>\nEs en ese punto donde brota el primer problema para los promotores de dicho trabajo: pocos son los candidatos y aspirantes que podr\u00edan librar un requisito que resulta tan subjetivo y, por tanto, de tan dif\u00edcil aplicaci\u00f3n.<br \/>\nEse tema, entre otros, ser\u00e1 abordado este lunes en la SCJN y de antemano se espera que dicha instancia determine la invalidez del requisito de la buena fama p\u00fablica, bajo el fundamento legal de la garant\u00eda y derecho ciudadano de votar y ser votado, sin limitaciones subjetivas.<br \/>\nDe muy buena fuente nos comentan que uno de los actores principales en la gestaci\u00f3n del C\u00f3digo Electoral para el Estado de Veracruz despacha actualmente en la Secretar\u00eda del Trabajo del gobierno del Estado; es el titular de la oficina, Gabriel Deantes Ramos, quien, por cierto, suena como posible aspirante a la diputaci\u00f3n local, el pr\u00f3ximo a\u00f1o, por el distrito de Zongolica; de tal manera que si los t\u00e9rminos de ese C\u00f3digo fueran avalados este lunes por la Corte, ah\u00ed tendr\u00edamos uno de los primeros casos en que se podr\u00eda aplicar el art\u00edculo mencionado.<\/p>\n<p><strong>Bombero para la constitucionalidad del C\u00f3digo<\/strong><br \/>\nAs\u00ed, ante los muchos errores contenidos en el C\u00f3digo y, sobre todo, ante la posibilidad de que la SCJN declarara anticonstitucional ese ordenamiento jur\u00eddico, a M\u00e9xico habr\u00eda sido enviado un experto en esos temas, Jos\u00e9 Ram\u00f3n C\u00e1rdeno, consejero jur\u00eddico del gobernador Javier Duarte, quien acudi\u00f3 a la Suprema Corte con la consigna de evitar que se declarara anticonstitucional el C\u00f3digo, por no haberse respetado el proceso legislativo. Sin embargo, la verdadera tarea del abogado consisti\u00f3 en arreglar el desastre de C\u00f3digo que nos regalaron Gabriel Deantes y el Congreso Local.<\/p>\n<p><strong>El secretario ejecutivo y otros riesgos del C\u00f3digo<\/strong><br \/>\nEn los pasillos del OPLE Veracruz corren versiones en el sentido de que, derivado de los art\u00edculos impugnados, est\u00e1 en peligro el Secretario Ejecutivo, posici\u00f3n del secretario del Trabajo.<br \/>\nSobre ello brotan dos preguntas: \u00bfQu\u00e9 pasar\u00eda si invalidan el proceso de designaci\u00f3n del Secretario Ejecutivo y le quitan la atribuci\u00f3n al Consejo General del IEV de presentar la terna al Congreso para que su aprobaci\u00f3n?; y \u00bfqu\u00e9 pasar\u00e1 si esa facultad se la dejan al INE, como la tiene con el nombramiento de los Consejeros Electorales?<br \/>\n\u00bfSabe usted qu\u00e9 pasar\u00eda? Que quienes operan los temas electorales para el grupo en el poder del Estado ya no tendr\u00edan acceso a los paquetes electorales de casilla y de c\u00f3mputo, depositados en los \u00f3rganos electorales, ni a los expedientes con las actas de c\u00f3mputo y escrutinio, lo que evitar\u00eda el cambio de actas y la alteraci\u00f3n de resultados de una elecci\u00f3n, junto con sus enlaces, figura que tambi\u00e9n al parecer, ser\u00e1 desechada del C\u00f3digo.<br \/>\nEn fin, probablemente si los autores del C\u00f3digo Electoral hubieran le\u00eddo antes la Ley General, se habr\u00edan percatado de que la fiscalizaci\u00f3n es atribuci\u00f3n exclusiva del Instituto Nacional Electoral; que la libertad de expresi\u00f3n es una garant\u00eda Constitucional; y que en un estado democr\u00e1tico, los requisitos establecidos para los candidatos deben ser de car\u00e1cter objetivo; de otra manera, \u00bfqui\u00e9n se encargar\u00eda de dictaminar la buena fama p\u00fablica de las personas?, y \u00bfcon qu\u00e9 criterios?; \u00bfqui\u00e9n vigila al vigilante? @luisromero85<\/p>\n","protected":false},"excerpt":{"rendered":"<p>Luis Alberto Romero Hora Cero El pasado martes 30 de junio, la Legislatura de Veracruz aprob\u00f3 la iniciativa del C\u00f3digo Electoral para el Estado, turnada al Congreso local por el gobernador Javier Duarte. 34 diputados votaron por la reforma a ese ordenamiento, lo cual fue suficiente para que dicho poder le diera luz verde a [&hellip;]<\/p>\n","protected":false},"author":2,"featured_media":0,"comment_status":"open","ping_status":"open","sticky":false,"template":"","format":"standard","meta":{"tdm_status":"","tdm_grid_status":"","footnotes":""},"categories":[70],"tags":[1413,1392,4010],"class_list":{"0":"post-18936","1":"post","2":"type-post","3":"status-publish","4":"format-standard","6":"category-de-opinion","7":"tag-codigo-electoral","8":"tag-gabriel-deantes-ramos","9":"tag-legislatura-de-veracruz"},"yoast_head":"<!-- This site is optimized with the Yoast SEO plugin v27.4 - https:\/\/yoast.com\/product\/yoast-seo-wordpress\/ -->\n<title>Este lunes, d\u00eda determinante para el C\u00f3digo Electoral - Los pol\u00edticos Veracruz<\/title>\n<meta name=\"robots\" content=\"index, follow, max-snippet:-1, max-image-preview:large, max-video-preview:-1\" \/>\n<link rel=\"canonical\" href=\"https:\/\/lospoliticosveracruz.com\/?p=18936\" \/>\n<meta property=\"og:locale\" content=\"es_ES\" \/>\n<meta property=\"og:type\" content=\"article\" \/>\n<meta property=\"og:title\" content=\"Este lunes, d\u00eda determinante para el C\u00f3digo Electoral - Los pol\u00edticos Veracruz\" \/>\n<meta property=\"og:description\" content=\"Luis Alberto Romero Hora Cero El pasado martes 30 de junio, la Legislatura de Veracruz aprob\u00f3 la iniciativa del C\u00f3digo Electoral para el Estado, turnada al Congreso local por el gobernador Javier Duarte. 34 diputados votaron por la reforma a ese ordenamiento, lo cual fue suficiente para que dicho poder le diera luz verde a [&hellip;]\" \/>\n<meta property=\"og:url\" content=\"https:\/\/lospoliticosveracruz.com\/?p=18936\" \/>\n<meta property=\"og:site_name\" content=\"Los pol\u00edticos Veracruz\" \/>\n<meta property=\"article:publisher\" content=\"https:\/\/www.facebook.com\/people\/Notimemes-de-los-Polticos\/61565672886568\/\" \/>\n<meta property=\"article:published_time\" content=\"2015-11-09T14:22:19+00:00\" \/>\n<meta property=\"og:image\" content=\"http:\/\/www.lospoliticosveracruz.com.mx\/wp-content\/uploads\/2015\/11\/gabriel-deantes-ramos-300x200.jpg\" \/>\n<meta name=\"author\" content=\"Lo viste en Los Pol\u00edticos\" \/>\n<meta name=\"twitter:card\" content=\"summary_large_image\" \/>\n<meta name=\"twitter:creator\" content=\"@LosPoliticosVer\" \/>\n<meta name=\"twitter:site\" content=\"@LosPoliticosVer\" \/>\n<meta name=\"twitter:label1\" content=\"Escrito por\" \/>\n\t<meta name=\"twitter:data1\" content=\"Lo viste en Los Pol\u00edticos\" \/>\n\t<meta name=\"twitter:label2\" content=\"Tiempo de lectura\" \/>\n\t<meta name=\"twitter:data2\" content=\"4 minutos\" \/>\n<script type=\"application\/ld+json\" class=\"yoast-schema-graph\">{\"@context\":\"https:\\\/\\\/schema.org\",\"@graph\":[{\"@type\":\"Article\",\"@id\":\"https:\\\/\\\/lospoliticosveracruz.com\\\/?p=18936#article\",\"isPartOf\":{\"@id\":\"https:\\\/\\\/lospoliticosveracruz.com\\\/?p=18936\"},\"author\":{\"name\":\"Lo viste en Los Pol\u00edticos\",\"@id\":\"https:\\\/\\\/lospoliticosveracruz.com\\\/#\\\/schema\\\/person\\\/b8702bb0e538456e6efd07080bf2a4a2\"},\"headline\":\"Este lunes, d\u00eda determinante para el C\u00f3digo Electoral\",\"datePublished\":\"2015-11-09T14:22:19+00:00\",\"mainEntityOfPage\":{\"@id\":\"https:\\\/\\\/lospoliticosveracruz.com\\\/?p=18936\"},\"wordCount\":880,\"commentCount\":0,\"publisher\":{\"@id\":\"https:\\\/\\\/lospoliticosveracruz.com\\\/#organization\"},\"image\":{\"@id\":\"https:\\\/\\\/lospoliticosveracruz.com\\\/?p=18936#primaryimage\"},\"thumbnailUrl\":\"http:\\\/\\\/www.lospoliticosveracruz.com.mx\\\/wp-content\\\/uploads\\\/2015\\\/11\\\/gabriel-deantes-ramos-300x200.jpg\",\"keywords\":[\"C\u00f3digo Electoral\",\"Gabriel Deantes Ramos\",\"Legislatura de Veracruz\"],\"articleSection\":[\"De Opini\u00f3n\"],\"inLanguage\":\"es\",\"potentialAction\":[{\"@type\":\"CommentAction\",\"name\":\"Comment\",\"target\":[\"https:\\\/\\\/lospoliticosveracruz.com\\\/?p=18936#respond\"]}]},{\"@type\":\"WebPage\",\"@id\":\"https:\\\/\\\/lospoliticosveracruz.com\\\/?p=18936\",\"url\":\"https:\\\/\\\/lospoliticosveracruz.com\\\/?p=18936\",\"name\":\"Este lunes, d\u00eda determinante para el C\u00f3digo Electoral - Los pol\u00edticos Veracruz\",\"isPartOf\":{\"@id\":\"https:\\\/\\\/lospoliticosveracruz.com\\\/#website\"},\"primaryImageOfPage\":{\"@id\":\"https:\\\/\\\/lospoliticosveracruz.com\\\/?p=18936#primaryimage\"},\"image\":{\"@id\":\"https:\\\/\\\/lospoliticosveracruz.com\\\/?p=18936#primaryimage\"},\"thumbnailUrl\":\"http:\\\/\\\/www.lospoliticosveracruz.com.mx\\\/wp-content\\\/uploads\\\/2015\\\/11\\\/gabriel-deantes-ramos-300x200.jpg\",\"datePublished\":\"2015-11-09T14:22:19+00:00\",\"breadcrumb\":{\"@id\":\"https:\\\/\\\/lospoliticosveracruz.com\\\/?p=18936#breadcrumb\"},\"inLanguage\":\"es\",\"potentialAction\":[{\"@type\":\"ReadAction\",\"target\":[\"https:\\\/\\\/lospoliticosveracruz.com\\\/?p=18936\"]}]},{\"@type\":\"ImageObject\",\"inLanguage\":\"es\",\"@id\":\"https:\\\/\\\/lospoliticosveracruz.com\\\/?p=18936#primaryimage\",\"url\":\"http:\\\/\\\/www.lospoliticosveracruz.com.mx\\\/wp-content\\\/uploads\\\/2015\\\/11\\\/gabriel-deantes-ramos-300x200.jpg\",\"contentUrl\":\"http:\\\/\\\/www.lospoliticosveracruz.com.mx\\\/wp-content\\\/uploads\\\/2015\\\/11\\\/gabriel-deantes-ramos-300x200.jpg\"},{\"@type\":\"BreadcrumbList\",\"@id\":\"https:\\\/\\\/lospoliticosveracruz.com\\\/?p=18936#breadcrumb\",\"itemListElement\":[{\"@type\":\"ListItem\",\"position\":1,\"name\":\"Portada\",\"item\":\"https:\\\/\\\/lospoliticosveracruz.com\\\/\"},{\"@type\":\"ListItem\",\"position\":2,\"name\":\"Este lunes, d\u00eda determinante para el C\u00f3digo Electoral\"}]},{\"@type\":\"WebSite\",\"@id\":\"https:\\\/\\\/lospoliticosveracruz.com\\\/#website\",\"url\":\"https:\\\/\\\/lospoliticosveracruz.com\\\/\",\"name\":\"Los pol\u00edticos Veracruz\",\"description\":\"\",\"publisher\":{\"@id\":\"https:\\\/\\\/lospoliticosveracruz.com\\\/#organization\"},\"potentialAction\":[{\"@type\":\"SearchAction\",\"target\":{\"@type\":\"EntryPoint\",\"urlTemplate\":\"https:\\\/\\\/lospoliticosveracruz.com\\\/?s={search_term_string}\"},\"query-input\":{\"@type\":\"PropertyValueSpecification\",\"valueRequired\":true,\"valueName\":\"search_term_string\"}}],\"inLanguage\":\"es\"},{\"@type\":\"Organization\",\"@id\":\"https:\\\/\\\/lospoliticosveracruz.com\\\/#organization\",\"name\":\"Los pol\u00edticos Veracruz\",\"url\":\"https:\\\/\\\/lospoliticosveracruz.com\\\/\",\"logo\":{\"@type\":\"ImageObject\",\"inLanguage\":\"es\",\"@id\":\"https:\\\/\\\/lospoliticosveracruz.com\\\/#\\\/schema\\\/logo\\\/image\\\/\",\"url\":\"https:\\\/\\\/lospoliticosveracruz.com\\\/wp-content\\\/uploads\\\/2025\\\/12\\\/Logo-Nuevo-LOS-POLITICOS-1.jpg\",\"contentUrl\":\"https:\\\/\\\/lospoliticosveracruz.com\\\/wp-content\\\/uploads\\\/2025\\\/12\\\/Logo-Nuevo-LOS-POLITICOS-1.jpg\",\"width\":260,\"height\":70,\"caption\":\"Los pol\u00edticos Veracruz\"},\"image\":{\"@id\":\"https:\\\/\\\/lospoliticosveracruz.com\\\/#\\\/schema\\\/logo\\\/image\\\/\"},\"sameAs\":[\"https:\\\/\\\/www.facebook.com\\\/people\\\/Notimemes-de-los-Polticos\\\/61565672886568\\\/\",\"https:\\\/\\\/x.com\\\/LosPoliticosVer\"]},{\"@type\":\"Person\",\"@id\":\"https:\\\/\\\/lospoliticosveracruz.com\\\/#\\\/schema\\\/person\\\/b8702bb0e538456e6efd07080bf2a4a2\",\"name\":\"Lo viste en Los Pol\u00edticos\",\"image\":{\"@type\":\"ImageObject\",\"inLanguage\":\"es\",\"@id\":\"https:\\\/\\\/secure.gravatar.com\\\/avatar\\\/3a8de04a2656d44082be478bd6c086daa447c4651605818287b9532d3d0bd435?s=96&d=mm&r=g\",\"url\":\"https:\\\/\\\/secure.gravatar.com\\\/avatar\\\/3a8de04a2656d44082be478bd6c086daa447c4651605818287b9532d3d0bd435?s=96&d=mm&r=g\",\"contentUrl\":\"https:\\\/\\\/secure.gravatar.com\\\/avatar\\\/3a8de04a2656d44082be478bd6c086daa447c4651605818287b9532d3d0bd435?s=96&d=mm&r=g\",\"caption\":\"Lo viste en Los Pol\u00edticos\"},\"url\":\"https:\\\/\\\/lospoliticosveracruz.com\\\/?author=2\"}]}<\/script>\n<!-- \/ Yoast SEO plugin. -->","yoast_head_json":{"title":"Este lunes, d\u00eda determinante para el C\u00f3digo Electoral - Los pol\u00edticos Veracruz","robots":{"index":"index","follow":"follow","max-snippet":"max-snippet:-1","max-image-preview":"max-image-preview:large","max-video-preview":"max-video-preview:-1"},"canonical":"https:\/\/lospoliticosveracruz.com\/?p=18936","og_locale":"es_ES","og_type":"article","og_title":"Este lunes, d\u00eda determinante para el C\u00f3digo Electoral - Los pol\u00edticos Veracruz","og_description":"Luis Alberto Romero Hora Cero El pasado martes 30 de junio, la Legislatura de Veracruz aprob\u00f3 la iniciativa del C\u00f3digo Electoral para el Estado, turnada al Congreso local por el gobernador Javier Duarte. 34 diputados votaron por la reforma a ese ordenamiento, lo cual fue suficiente para que dicho poder le diera luz verde a [&hellip;]","og_url":"https:\/\/lospoliticosveracruz.com\/?p=18936","og_site_name":"Los pol\u00edticos Veracruz","article_publisher":"https:\/\/www.facebook.com\/people\/Notimemes-de-los-Polticos\/61565672886568\/","article_published_time":"2015-11-09T14:22:19+00:00","og_image":[{"url":"http:\/\/www.lospoliticosveracruz.com.mx\/wp-content\/uploads\/2015\/11\/gabriel-deantes-ramos-300x200.jpg","type":"","width":"","height":""}],"author":"Lo viste en Los Pol\u00edticos","twitter_card":"summary_large_image","twitter_creator":"@LosPoliticosVer","twitter_site":"@LosPoliticosVer","twitter_misc":{"Escrito por":"Lo viste en Los Pol\u00edticos","Tiempo de lectura":"4 minutos"},"schema":{"@context":"https:\/\/schema.org","@graph":[{"@type":"Article","@id":"https:\/\/lospoliticosveracruz.com\/?p=18936#article","isPartOf":{"@id":"https:\/\/lospoliticosveracruz.com\/?p=18936"},"author":{"name":"Lo viste en Los Pol\u00edticos","@id":"https:\/\/lospoliticosveracruz.com\/#\/schema\/person\/b8702bb0e538456e6efd07080bf2a4a2"},"headline":"Este lunes, d\u00eda determinante para el C\u00f3digo Electoral","datePublished":"2015-11-09T14:22:19+00:00","mainEntityOfPage":{"@id":"https:\/\/lospoliticosveracruz.com\/?p=18936"},"wordCount":880,"commentCount":0,"publisher":{"@id":"https:\/\/lospoliticosveracruz.com\/#organization"},"image":{"@id":"https:\/\/lospoliticosveracruz.com\/?p=18936#primaryimage"},"thumbnailUrl":"http:\/\/www.lospoliticosveracruz.com.mx\/wp-content\/uploads\/2015\/11\/gabriel-deantes-ramos-300x200.jpg","keywords":["C\u00f3digo Electoral","Gabriel Deantes Ramos","Legislatura de Veracruz"],"articleSection":["De Opini\u00f3n"],"inLanguage":"es","potentialAction":[{"@type":"CommentAction","name":"Comment","target":["https:\/\/lospoliticosveracruz.com\/?p=18936#respond"]}]},{"@type":"WebPage","@id":"https:\/\/lospoliticosveracruz.com\/?p=18936","url":"https:\/\/lospoliticosveracruz.com\/?p=18936","name":"Este lunes, d\u00eda determinante para el C\u00f3digo Electoral - Los pol\u00edticos Veracruz","isPartOf":{"@id":"https:\/\/lospoliticosveracruz.com\/#website"},"primaryImageOfPage":{"@id":"https:\/\/lospoliticosveracruz.com\/?p=18936#primaryimage"},"image":{"@id":"https:\/\/lospoliticosveracruz.com\/?p=18936#primaryimage"},"thumbnailUrl":"http:\/\/www.lospoliticosveracruz.com.mx\/wp-content\/uploads\/2015\/11\/gabriel-deantes-ramos-300x200.jpg","datePublished":"2015-11-09T14:22:19+00:00","breadcrumb":{"@id":"https:\/\/lospoliticosveracruz.com\/?p=18936#breadcrumb"},"inLanguage":"es","potentialAction":[{"@type":"ReadAction","target":["https:\/\/lospoliticosveracruz.com\/?p=18936"]}]},{"@type":"ImageObject","inLanguage":"es","@id":"https:\/\/lospoliticosveracruz.com\/?p=18936#primaryimage","url":"http:\/\/www.lospoliticosveracruz.com.mx\/wp-content\/uploads\/2015\/11\/gabriel-deantes-ramos-300x200.jpg","contentUrl":"http:\/\/www.lospoliticosveracruz.com.mx\/wp-content\/uploads\/2015\/11\/gabriel-deantes-ramos-300x200.jpg"},{"@type":"BreadcrumbList","@id":"https:\/\/lospoliticosveracruz.com\/?p=18936#breadcrumb","itemListElement":[{"@type":"ListItem","position":1,"name":"Portada","item":"https:\/\/lospoliticosveracruz.com\/"},{"@type":"ListItem","position":2,"name":"Este lunes, d\u00eda determinante para el C\u00f3digo Electoral"}]},{"@type":"WebSite","@id":"https:\/\/lospoliticosveracruz.com\/#website","url":"https:\/\/lospoliticosveracruz.com\/","name":"Los pol\u00edticos Veracruz","description":"","publisher":{"@id":"https:\/\/lospoliticosveracruz.com\/#organization"},"potentialAction":[{"@type":"SearchAction","target":{"@type":"EntryPoint","urlTemplate":"https:\/\/lospoliticosveracruz.com\/?s={search_term_string}"},"query-input":{"@type":"PropertyValueSpecification","valueRequired":true,"valueName":"search_term_string"}}],"inLanguage":"es"},{"@type":"Organization","@id":"https:\/\/lospoliticosveracruz.com\/#organization","name":"Los pol\u00edticos Veracruz","url":"https:\/\/lospoliticosveracruz.com\/","logo":{"@type":"ImageObject","inLanguage":"es","@id":"https:\/\/lospoliticosveracruz.com\/#\/schema\/logo\/image\/","url":"https:\/\/lospoliticosveracruz.com\/wp-content\/uploads\/2025\/12\/Logo-Nuevo-LOS-POLITICOS-1.jpg","contentUrl":"https:\/\/lospoliticosveracruz.com\/wp-content\/uploads\/2025\/12\/Logo-Nuevo-LOS-POLITICOS-1.jpg","width":260,"height":70,"caption":"Los pol\u00edticos Veracruz"},"image":{"@id":"https:\/\/lospoliticosveracruz.com\/#\/schema\/logo\/image\/"},"sameAs":["https:\/\/www.facebook.com\/people\/Notimemes-de-los-Polticos\/61565672886568\/","https:\/\/x.com\/LosPoliticosVer"]},{"@type":"Person","@id":"https:\/\/lospoliticosveracruz.com\/#\/schema\/person\/b8702bb0e538456e6efd07080bf2a4a2","name":"Lo viste en Los Pol\u00edticos","image":{"@type":"ImageObject","inLanguage":"es","@id":"https:\/\/secure.gravatar.com\/avatar\/3a8de04a2656d44082be478bd6c086daa447c4651605818287b9532d3d0bd435?s=96&d=mm&r=g","url":"https:\/\/secure.gravatar.com\/avatar\/3a8de04a2656d44082be478bd6c086daa447c4651605818287b9532d3d0bd435?s=96&d=mm&r=g","contentUrl":"https:\/\/secure.gravatar.com\/avatar\/3a8de04a2656d44082be478bd6c086daa447c4651605818287b9532d3d0bd435?s=96&d=mm&r=g","caption":"Lo viste en Los Pol\u00edticos"},"url":"https:\/\/lospoliticosveracruz.com\/?author=2"}]}},"_links":{"self":[{"href":"https:\/\/lospoliticosveracruz.com\/index.php?rest_route=\/wp\/v2\/posts\/18936","targetHints":{"allow":["GET"]}}],"collection":[{"href":"https:\/\/lospoliticosveracruz.com\/index.php?rest_route=\/wp\/v2\/posts"}],"about":[{"href":"https:\/\/lospoliticosveracruz.com\/index.php?rest_route=\/wp\/v2\/types\/post"}],"author":[{"embeddable":true,"href":"https:\/\/lospoliticosveracruz.com\/index.php?rest_route=\/wp\/v2\/users\/2"}],"replies":[{"embeddable":true,"href":"https:\/\/lospoliticosveracruz.com\/index.php?rest_route=%2Fwp%2Fv2%2Fcomments&post=18936"}],"version-history":[{"count":1,"href":"https:\/\/lospoliticosveracruz.com\/index.php?rest_route=\/wp\/v2\/posts\/18936\/revisions"}],"predecessor-version":[{"id":18939,"href":"https:\/\/lospoliticosveracruz.com\/index.php?rest_route=\/wp\/v2\/posts\/18936\/revisions\/18939"}],"wp:attachment":[{"href":"https:\/\/lospoliticosveracruz.com\/index.php?rest_route=%2Fwp%2Fv2%2Fmedia&parent=18936"}],"wp:term":[{"taxonomy":"category","embeddable":true,"href":"https:\/\/lospoliticosveracruz.com\/index.php?rest_route=%2Fwp%2Fv2%2Fcategories&post=18936"},{"taxonomy":"post_tag","embeddable":true,"href":"https:\/\/lospoliticosveracruz.com\/index.php?rest_route=%2Fwp%2Fv2%2Ftags&post=18936"}],"curies":[{"name":"wp","href":"https:\/\/api.w.org\/{rel}","templated":true}]}}