{"id":18940,"date":"2015-11-09T08:30:50","date_gmt":"2015-11-09T14:30:50","guid":{"rendered":"http:\/\/www.lospoliticosveracruz.com.mx\/?p=18940"},"modified":"2015-11-09T08:30:50","modified_gmt":"2015-11-09T14:30:50","slug":"los-destapes","status":"publish","type":"post","link":"https:\/\/lospoliticosveracruz.com\/?p=18940","title":{"rendered":"Los destapes"},"content":{"rendered":"<p><a href=\"http:\/\/www.lospoliticosveracruz.com.mx\/wp-content\/uploads\/2015\/11\/V\u00edctor-Rodr\u00edguez.png\"><img loading=\"lazy\" decoding=\"async\" class=\"alignnone size-medium wp-image-18942\" src=\"http:\/\/www.lospoliticosveracruz.com.mx\/wp-content\/uploads\/2015\/11\/V\u00edctor-Rodr\u00edguez-300x150.png\" alt=\"V\u00edctor Rodr\u00edguez\" width=\"300\" height=\"150\" \/><\/a><\/p>\n<p><strong>Jos\u00e9 Ortiz Medina<\/strong><\/p>\n<p><em>En Corto&#8230; sin Cortes<\/em><\/p>\n<p>Esos futuristas que creen saberlo todo sobre la pol\u00edtica en el estado, se quedaron con las ganas de ver en Acayucan el destape de Erick Lagos Hern\u00e1ndez para la mini gubernatura de dos a\u00f1os. Desde luego que su nombre fue vitoreado, se escucharon porras y vivas a su favor, adem\u00e1s de los elogios que recibi\u00f3 del gobernador Javier Duarte de Ochoa, pero un destape como tal no lo hubo. Sin embargo, en Coatzacoalcos, Alberto Silva Ramos, dirigente estatal del PRI y la senadora Ana Lilia Herrera, dirigente nacional del Movimiento Territorial fueron testigos de la fuerza pol\u00edtica de V\u00edctor Rodr\u00edguez Gallegos, el dirigente estatal emetista.<br \/>\nLa verdad es que en el tema de la mini gubernatura el piso sigue estando parejo para todos, no hay nada para nadie, todos tienen las mismas oportunidades. En su gira por el sur del estado Beto Silva reiter\u00f3 que cumple con las indicaciones de Manlio Fabio Beltrones Rivera, el presidente nacional de su partido: \u201cPrimero el proyecto, despu\u00e9s el candidato\u201d.<br \/>\nDe ah\u00ed que est\u00e9 recorriendo la entidad para escuchar a la militancia, a los empresarios y a todos los sectores de la sociedad como lo hizo en la comida de la unidad que se realiz\u00f3 en Coatzacoalcos, donde compartieron el pan y la sal con el dirigente priista, personalidades de la talla de Tony Mac\u00edas y Samy Hayek, padres de dos distinguidas damas, Karime Mac\u00edas y Salma Hayek. Ah\u00ed nada m\u00e1s el nivel de relaciones que trae el tuxpe\u00f1o dirigente.<\/p>\n<p>EN T\u00c9RMINOS muy elogiosos para el diputado federal Erick Lagos Hern\u00e1ndez fue la intervenci\u00f3n del gobernador Javier Duarte de Ochoa durante el evento cenecista realizado en Acayucan. Ah\u00ed, ante agremiados a la Confederaci\u00f3n Nacional Campesina que llegaron de 80 municipios veracruzanos, el ejecutivo no s\u00f3lo entreg\u00f3 apoyos para el agro, tambi\u00e9n tuvo palabras de simpat\u00eda para el coordinador de la bancada priista veracruzana en San L\u00e1zaro: \u201cSaludo y quiero hacer un par\u00e9ntesis aqu\u00ed, quiero saludar y al mismo tiempo y sobre todo reconocer el apoyo y el respaldo a la lucha que viene dando a nombre de todos y cada uno de nosotros en el espacio donde se est\u00e1n discutiendo los elementos de la agenda nacional. Quiero reconocer la capacidad, el esfuerzo y la defensa que est\u00e1 haciendo de los veracruzanos en la m\u00e1xima tribuna de la naci\u00f3n, en estos momentos que se est\u00e1 analizando y discutiendo el Presupuesto de Egresos del pr\u00f3ximo a\u00f1o. Me es muy grato agradecerle por todo el apoyo que nos ha brindado mi amigo, mi compa\u00f1ero de proyecto; un hombre orgullosamente hijo de esta tierra, saludo al diputado federal, Erick Alejandro Lagos Hern\u00e1ndez\u201d.<\/p>\n<p>DURO Y A LA CABEZA, representantes de partidos pol\u00edticos e incluso consejeros de la Junta Local del Instituto Nacional Electoral, denunciaron que un grupo de \u201cmapaches\u201d disfrazado de asociaci\u00f3n civil est\u00e1 infiltrando los organismos electorales en el estado, tanto al Organismo P\u00fablico Local Electoral (OPLE) como al propio INE. Se trata de personeros del Colegio de Profesionales Electorales, agrupaci\u00f3n ligada al secretario ejecutivo del OPLE, V\u00edctor Hugo Moctezuma Lobato, quien a su vez responde a los intereses del \u201cmapache mayor\u201d, el secretario de Trabajo y Previsi\u00f3n Social (\u00bfalguien sabe que haga algo esa dependencia?) Gabriel Deantes Ramos. Los representantes partidistas se\u00f1alaron que muchos de los infiltrados incluso \u201cdobletean\u201d en ambos \u00f3rganos, pues algunos son consejeros distritales del INE y al mismo fungen como enlaces administrativos del OPLE, lo cual implica duplicidad de funciones y podr\u00eda ser ilegal. El \u201ctamal\u201d ya se est\u00e1 cociendo.<\/p>\n<p>CARLOS ACEVES Amezcua, director general del Cobaev, recibi\u00f3 un reconocimiento por parte de Diego Florescano, Gobernador del Distrito 4185 del Club Rotario. Esto, por la destacada participaci\u00f3n de la Banda Panteras en el Puerto de Veracruz en el desfile Rotary en el \u201cD\u00eda Mundial contra la Polio\u201d. Aceves Amezcua reconoci\u00f3 que \u201cDiego Florescano es un amigo xalape\u00f1o que hace una labor muy extensa y comprometida al frente de cinco estados que representa el Distrito 4185 del Club Rotario\u201d. Pero tambi\u00e9n recibi\u00f3 en sus oficinas a j\u00f3venes del Club Rotary Internacional, vienen a estudiar a Xalapa. Provienen de Alemania, Dinamarca y Brasil para realizar intercambio de ideas, cultura y conocimiento. Aceves Amezcua los invit\u00f3 a aprovechar su estancia para que conozcan la historia, cultura, m\u00fasica y gastronom\u00eda del estado que es conocida a nivel mundial. Finalmente, el titular del Cobaev dijo que Xalapa y el estado de Veracruz son ricos en cultura, como lo han promovido con distintos eventos y en distintas partes el gobernador del Estado, Javier Duarte de Ochoa y su esposa, Karime Mac\u00edas de Duarte, presidenta del DIF estatal.<\/p>\n<p>JUSTO COMO LO anunciamos hace tres semanas, los Chileros de Xalapa estrenar\u00e1n en el regidor Ignacio V\u00e1squez a su nuevo gerente general, rumbo a la und\u00e9cima temporada de la Liga Invernal Veracruzana de beisbol. Y aunque el pol\u00edtico hab\u00eda dicho que esperar\u00eda el anuncio oficial del alcalde Am\u00e9rico Z\u00fa\u00f1iga Mart\u00ednez, la renovada \u00e1rea de prensa del club, encabezada ahora por Iv\u00e1n Barradas, emiti\u00f3 ya su primer comunicado citando al ahora administrador del equipo. En dicho texto se habla de los trabajos que se llevan al cabo para tener a punto el Parque Deportivo \u201cCol\u00f3n\u201d, mejorando el drenaje, mantenimiento en ba\u00f1os, dogouts, alumbrado, bullpens y el empastado del inmueble.<\/p>\n","protected":false},"excerpt":{"rendered":"<p>Jos\u00e9 Ortiz Medina En Corto&#8230; sin Cortes Esos futuristas que creen saberlo todo sobre la pol\u00edtica en el estado, se quedaron con las ganas de ver en Acayucan el destape de Erick Lagos Hern\u00e1ndez para la mini gubernatura de dos a\u00f1os. Desde luego que su nombre fue vitoreado, se escucharon porras y vivas a su [&hellip;]<\/p>\n","protected":false},"author":2,"featured_media":0,"comment_status":"open","ping_status":"open","sticky":false,"template":"","format":"standard","meta":{"tdm_status":"","tdm_grid_status":"","footnotes":""},"categories":[70],"tags":[852,260,4011],"class_list":{"0":"post-18940","1":"post","2":"type-post","3":"status-publish","4":"format-standard","6":"category-de-opinion","7":"tag-erick-lagos-hernandez","8":"tag-javier-duarte-de-ochoa","9":"tag-manlio-fabio-beltrones-rivera"},"yoast_head":"<!-- This site is optimized with the Yoast SEO plugin v27.4 - https:\/\/yoast.com\/product\/yoast-seo-wordpress\/ -->\n<title>Los destapes - Los pol\u00edticos Veracruz<\/title>\n<meta name=\"robots\" content=\"index, follow, max-snippet:-1, max-image-preview:large, max-video-preview:-1\" \/>\n<link rel=\"canonical\" href=\"https:\/\/lospoliticosveracruz.com\/?p=18940\" \/>\n<meta property=\"og:locale\" content=\"es_ES\" \/>\n<meta property=\"og:type\" content=\"article\" \/>\n<meta property=\"og:title\" content=\"Los destapes - Los pol\u00edticos Veracruz\" \/>\n<meta property=\"og:description\" content=\"Jos\u00e9 Ortiz Medina En Corto&#8230; sin Cortes Esos futuristas que creen saberlo todo sobre la pol\u00edtica en el estado, se quedaron con las ganas de ver en Acayucan el destape de Erick Lagos Hern\u00e1ndez para la mini gubernatura de dos a\u00f1os. Desde luego que su nombre fue vitoreado, se escucharon porras y vivas a su [&hellip;]\" \/>\n<meta property=\"og:url\" content=\"https:\/\/lospoliticosveracruz.com\/?p=18940\" \/>\n<meta property=\"og:site_name\" content=\"Los pol\u00edticos Veracruz\" \/>\n<meta property=\"article:publisher\" content=\"https:\/\/www.facebook.com\/people\/Notimemes-de-los-Polticos\/61565672886568\/\" \/>\n<meta property=\"article:published_time\" content=\"2015-11-09T14:30:50+00:00\" \/>\n<meta property=\"og:image\" content=\"https:\/\/lospoliticosveracruz.com\/wp-content\/uploads\/2016\/07\/Logo-Dor.jpg\" \/>\n\t<meta property=\"og:image:width\" content=\"200\" \/>\n\t<meta property=\"og:image:height\" content=\"200\" \/>\n\t<meta property=\"og:image:type\" content=\"image\/jpeg\" \/>\n<meta name=\"author\" content=\"Lo viste en Los Pol\u00edticos\" \/>\n<meta name=\"twitter:card\" content=\"summary_large_image\" \/>\n<meta name=\"twitter:creator\" content=\"@LosPoliticosVer\" \/>\n<meta name=\"twitter:site\" content=\"@LosPoliticosVer\" \/>\n<meta name=\"twitter:label1\" content=\"Escrito por\" \/>\n\t<meta name=\"twitter:data1\" content=\"Lo viste en Los Pol\u00edticos\" \/>\n\t<meta name=\"twitter:label2\" content=\"Tiempo de lectura\" \/>\n\t<meta name=\"twitter:data2\" content=\"5 minutos\" \/>\n<script type=\"application\/ld+json\" class=\"yoast-schema-graph\">{\"@context\":\"https:\\\/\\\/schema.org\",\"@graph\":[{\"@type\":\"Article\",\"@id\":\"https:\\\/\\\/lospoliticosveracruz.com\\\/?p=18940#article\",\"isPartOf\":{\"@id\":\"https:\\\/\\\/lospoliticosveracruz.com\\\/?p=18940\"},\"author\":{\"name\":\"Lo viste en Los Pol\u00edticos\",\"@id\":\"https:\\\/\\\/lospoliticosveracruz.com\\\/#\\\/schema\\\/person\\\/b8702bb0e538456e6efd07080bf2a4a2\"},\"headline\":\"Los destapes\",\"datePublished\":\"2015-11-09T14:30:50+00:00\",\"mainEntityOfPage\":{\"@id\":\"https:\\\/\\\/lospoliticosveracruz.com\\\/?p=18940\"},\"wordCount\":928,\"commentCount\":0,\"publisher\":{\"@id\":\"https:\\\/\\\/lospoliticosveracruz.com\\\/#organization\"},\"keywords\":[\"Erick Lagos Hern\u00e1ndez\",\"Javier Duarte de Ochoa\",\"Manlio Fabio Beltrones Rivera\"],\"articleSection\":[\"De Opini\u00f3n\"],\"inLanguage\":\"es\",\"potentialAction\":[{\"@type\":\"CommentAction\",\"name\":\"Comment\",\"target\":[\"https:\\\/\\\/lospoliticosveracruz.com\\\/?p=18940#respond\"]}]},{\"@type\":\"WebPage\",\"@id\":\"https:\\\/\\\/lospoliticosveracruz.com\\\/?p=18940\",\"url\":\"https:\\\/\\\/lospoliticosveracruz.com\\\/?p=18940\",\"name\":\"Los destapes - Los pol\u00edticos Veracruz\",\"isPartOf\":{\"@id\":\"https:\\\/\\\/lospoliticosveracruz.com\\\/#website\"},\"datePublished\":\"2015-11-09T14:30:50+00:00\",\"breadcrumb\":{\"@id\":\"https:\\\/\\\/lospoliticosveracruz.com\\\/?p=18940#breadcrumb\"},\"inLanguage\":\"es\",\"potentialAction\":[{\"@type\":\"ReadAction\",\"target\":[\"https:\\\/\\\/lospoliticosveracruz.com\\\/?p=18940\"]}]},{\"@type\":\"BreadcrumbList\",\"@id\":\"https:\\\/\\\/lospoliticosveracruz.com\\\/?p=18940#breadcrumb\",\"itemListElement\":[{\"@type\":\"ListItem\",\"position\":1,\"name\":\"Portada\",\"item\":\"https:\\\/\\\/lospoliticosveracruz.com\\\/\"},{\"@type\":\"ListItem\",\"position\":2,\"name\":\"Los destapes\"}]},{\"@type\":\"WebSite\",\"@id\":\"https:\\\/\\\/lospoliticosveracruz.com\\\/#website\",\"url\":\"https:\\\/\\\/lospoliticosveracruz.com\\\/\",\"name\":\"Los pol\u00edticos Veracruz\",\"description\":\"\",\"publisher\":{\"@id\":\"https:\\\/\\\/lospoliticosveracruz.com\\\/#organization\"},\"potentialAction\":[{\"@type\":\"SearchAction\",\"target\":{\"@type\":\"EntryPoint\",\"urlTemplate\":\"https:\\\/\\\/lospoliticosveracruz.com\\\/?s={search_term_string}\"},\"query-input\":{\"@type\":\"PropertyValueSpecification\",\"valueRequired\":true,\"valueName\":\"search_term_string\"}}],\"inLanguage\":\"es\"},{\"@type\":\"Organization\",\"@id\":\"https:\\\/\\\/lospoliticosveracruz.com\\\/#organization\",\"name\":\"Los pol\u00edticos Veracruz\",\"url\":\"https:\\\/\\\/lospoliticosveracruz.com\\\/\",\"logo\":{\"@type\":\"ImageObject\",\"inLanguage\":\"es\",\"@id\":\"https:\\\/\\\/lospoliticosveracruz.com\\\/#\\\/schema\\\/logo\\\/image\\\/\",\"url\":\"https:\\\/\\\/lospoliticosveracruz.com\\\/wp-content\\\/uploads\\\/2025\\\/12\\\/Logo-Nuevo-LOS-POLITICOS-1.jpg\",\"contentUrl\":\"https:\\\/\\\/lospoliticosveracruz.com\\\/wp-content\\\/uploads\\\/2025\\\/12\\\/Logo-Nuevo-LOS-POLITICOS-1.jpg\",\"width\":260,\"height\":70,\"caption\":\"Los pol\u00edticos Veracruz\"},\"image\":{\"@id\":\"https:\\\/\\\/lospoliticosveracruz.com\\\/#\\\/schema\\\/logo\\\/image\\\/\"},\"sameAs\":[\"https:\\\/\\\/www.facebook.com\\\/people\\\/Notimemes-de-los-Polticos\\\/61565672886568\\\/\",\"https:\\\/\\\/x.com\\\/LosPoliticosVer\"]},{\"@type\":\"Person\",\"@id\":\"https:\\\/\\\/lospoliticosveracruz.com\\\/#\\\/schema\\\/person\\\/b8702bb0e538456e6efd07080bf2a4a2\",\"name\":\"Lo viste en Los Pol\u00edticos\",\"image\":{\"@type\":\"ImageObject\",\"inLanguage\":\"es\",\"@id\":\"https:\\\/\\\/secure.gravatar.com\\\/avatar\\\/3a8de04a2656d44082be478bd6c086daa447c4651605818287b9532d3d0bd435?s=96&d=mm&r=g\",\"url\":\"https:\\\/\\\/secure.gravatar.com\\\/avatar\\\/3a8de04a2656d44082be478bd6c086daa447c4651605818287b9532d3d0bd435?s=96&d=mm&r=g\",\"contentUrl\":\"https:\\\/\\\/secure.gravatar.com\\\/avatar\\\/3a8de04a2656d44082be478bd6c086daa447c4651605818287b9532d3d0bd435?s=96&d=mm&r=g\",\"caption\":\"Lo viste en Los Pol\u00edticos\"},\"url\":\"https:\\\/\\\/lospoliticosveracruz.com\\\/?author=2\"}]}<\/script>\n<!-- \/ Yoast SEO plugin. -->","yoast_head_json":{"title":"Los destapes - Los pol\u00edticos Veracruz","robots":{"index":"index","follow":"follow","max-snippet":"max-snippet:-1","max-image-preview":"max-image-preview:large","max-video-preview":"max-video-preview:-1"},"canonical":"https:\/\/lospoliticosveracruz.com\/?p=18940","og_locale":"es_ES","og_type":"article","og_title":"Los destapes - Los pol\u00edticos Veracruz","og_description":"Jos\u00e9 Ortiz Medina En Corto&#8230; sin Cortes Esos futuristas que creen saberlo todo sobre la pol\u00edtica en el estado, se quedaron con las ganas de ver en Acayucan el destape de Erick Lagos Hern\u00e1ndez para la mini gubernatura de dos a\u00f1os. Desde luego que su nombre fue vitoreado, se escucharon porras y vivas a su [&hellip;]","og_url":"https:\/\/lospoliticosveracruz.com\/?p=18940","og_site_name":"Los pol\u00edticos Veracruz","article_publisher":"https:\/\/www.facebook.com\/people\/Notimemes-de-los-Polticos\/61565672886568\/","article_published_time":"2015-11-09T14:30:50+00:00","og_image":[{"width":200,"height":200,"url":"https:\/\/lospoliticosveracruz.com\/wp-content\/uploads\/2016\/07\/Logo-Dor.jpg","type":"image\/jpeg"}],"author":"Lo viste en Los Pol\u00edticos","twitter_card":"summary_large_image","twitter_creator":"@LosPoliticosVer","twitter_site":"@LosPoliticosVer","twitter_misc":{"Escrito por":"Lo viste en Los Pol\u00edticos","Tiempo de lectura":"5 minutos"},"schema":{"@context":"https:\/\/schema.org","@graph":[{"@type":"Article","@id":"https:\/\/lospoliticosveracruz.com\/?p=18940#article","isPartOf":{"@id":"https:\/\/lospoliticosveracruz.com\/?p=18940"},"author":{"name":"Lo viste en Los Pol\u00edticos","@id":"https:\/\/lospoliticosveracruz.com\/#\/schema\/person\/b8702bb0e538456e6efd07080bf2a4a2"},"headline":"Los destapes","datePublished":"2015-11-09T14:30:50+00:00","mainEntityOfPage":{"@id":"https:\/\/lospoliticosveracruz.com\/?p=18940"},"wordCount":928,"commentCount":0,"publisher":{"@id":"https:\/\/lospoliticosveracruz.com\/#organization"},"keywords":["Erick Lagos Hern\u00e1ndez","Javier Duarte de Ochoa","Manlio Fabio Beltrones Rivera"],"articleSection":["De Opini\u00f3n"],"inLanguage":"es","potentialAction":[{"@type":"CommentAction","name":"Comment","target":["https:\/\/lospoliticosveracruz.com\/?p=18940#respond"]}]},{"@type":"WebPage","@id":"https:\/\/lospoliticosveracruz.com\/?p=18940","url":"https:\/\/lospoliticosveracruz.com\/?p=18940","name":"Los destapes - Los pol\u00edticos Veracruz","isPartOf":{"@id":"https:\/\/lospoliticosveracruz.com\/#website"},"datePublished":"2015-11-09T14:30:50+00:00","breadcrumb":{"@id":"https:\/\/lospoliticosveracruz.com\/?p=18940#breadcrumb"},"inLanguage":"es","potentialAction":[{"@type":"ReadAction","target":["https:\/\/lospoliticosveracruz.com\/?p=18940"]}]},{"@type":"BreadcrumbList","@id":"https:\/\/lospoliticosveracruz.com\/?p=18940#breadcrumb","itemListElement":[{"@type":"ListItem","position":1,"name":"Portada","item":"https:\/\/lospoliticosveracruz.com\/"},{"@type":"ListItem","position":2,"name":"Los destapes"}]},{"@type":"WebSite","@id":"https:\/\/lospoliticosveracruz.com\/#website","url":"https:\/\/lospoliticosveracruz.com\/","name":"Los pol\u00edticos Veracruz","description":"","publisher":{"@id":"https:\/\/lospoliticosveracruz.com\/#organization"},"potentialAction":[{"@type":"SearchAction","target":{"@type":"EntryPoint","urlTemplate":"https:\/\/lospoliticosveracruz.com\/?s={search_term_string}"},"query-input":{"@type":"PropertyValueSpecification","valueRequired":true,"valueName":"search_term_string"}}],"inLanguage":"es"},{"@type":"Organization","@id":"https:\/\/lospoliticosveracruz.com\/#organization","name":"Los pol\u00edticos Veracruz","url":"https:\/\/lospoliticosveracruz.com\/","logo":{"@type":"ImageObject","inLanguage":"es","@id":"https:\/\/lospoliticosveracruz.com\/#\/schema\/logo\/image\/","url":"https:\/\/lospoliticosveracruz.com\/wp-content\/uploads\/2025\/12\/Logo-Nuevo-LOS-POLITICOS-1.jpg","contentUrl":"https:\/\/lospoliticosveracruz.com\/wp-content\/uploads\/2025\/12\/Logo-Nuevo-LOS-POLITICOS-1.jpg","width":260,"height":70,"caption":"Los pol\u00edticos Veracruz"},"image":{"@id":"https:\/\/lospoliticosveracruz.com\/#\/schema\/logo\/image\/"},"sameAs":["https:\/\/www.facebook.com\/people\/Notimemes-de-los-Polticos\/61565672886568\/","https:\/\/x.com\/LosPoliticosVer"]},{"@type":"Person","@id":"https:\/\/lospoliticosveracruz.com\/#\/schema\/person\/b8702bb0e538456e6efd07080bf2a4a2","name":"Lo viste en Los Pol\u00edticos","image":{"@type":"ImageObject","inLanguage":"es","@id":"https:\/\/secure.gravatar.com\/avatar\/3a8de04a2656d44082be478bd6c086daa447c4651605818287b9532d3d0bd435?s=96&d=mm&r=g","url":"https:\/\/secure.gravatar.com\/avatar\/3a8de04a2656d44082be478bd6c086daa447c4651605818287b9532d3d0bd435?s=96&d=mm&r=g","contentUrl":"https:\/\/secure.gravatar.com\/avatar\/3a8de04a2656d44082be478bd6c086daa447c4651605818287b9532d3d0bd435?s=96&d=mm&r=g","caption":"Lo viste en Los Pol\u00edticos"},"url":"https:\/\/lospoliticosveracruz.com\/?author=2"}]}},"_links":{"self":[{"href":"https:\/\/lospoliticosveracruz.com\/index.php?rest_route=\/wp\/v2\/posts\/18940","targetHints":{"allow":["GET"]}}],"collection":[{"href":"https:\/\/lospoliticosveracruz.com\/index.php?rest_route=\/wp\/v2\/posts"}],"about":[{"href":"https:\/\/lospoliticosveracruz.com\/index.php?rest_route=\/wp\/v2\/types\/post"}],"author":[{"embeddable":true,"href":"https:\/\/lospoliticosveracruz.com\/index.php?rest_route=\/wp\/v2\/users\/2"}],"replies":[{"embeddable":true,"href":"https:\/\/lospoliticosveracruz.com\/index.php?rest_route=%2Fwp%2Fv2%2Fcomments&post=18940"}],"version-history":[{"count":1,"href":"https:\/\/lospoliticosveracruz.com\/index.php?rest_route=\/wp\/v2\/posts\/18940\/revisions"}],"predecessor-version":[{"id":18943,"href":"https:\/\/lospoliticosveracruz.com\/index.php?rest_route=\/wp\/v2\/posts\/18940\/revisions\/18943"}],"wp:attachment":[{"href":"https:\/\/lospoliticosveracruz.com\/index.php?rest_route=%2Fwp%2Fv2%2Fmedia&parent=18940"}],"wp:term":[{"taxonomy":"category","embeddable":true,"href":"https:\/\/lospoliticosveracruz.com\/index.php?rest_route=%2Fwp%2Fv2%2Fcategories&post=18940"},{"taxonomy":"post_tag","embeddable":true,"href":"https:\/\/lospoliticosveracruz.com\/index.php?rest_route=%2Fwp%2Fv2%2Ftags&post=18940"}],"curies":[{"name":"wp","href":"https:\/\/api.w.org\/{rel}","templated":true}]}}