{"id":18956,"date":"2015-11-09T22:20:23","date_gmt":"2015-11-10T04:20:23","guid":{"rendered":"http:\/\/www.lospoliticosveracruz.com.mx\/?p=18956"},"modified":"2015-11-09T22:21:38","modified_gmt":"2015-11-10T04:21:38","slug":"pan-prd-en-veracruz-sus-dirigencias-se-encarecen","status":"publish","type":"post","link":"https:\/\/lospoliticosveracruz.com\/?p=18956","title":{"rendered":"PAN-PRD en Veracruz: sus dirigencias se encarecen"},"content":{"rendered":"<figure id=\"attachment_18957\" aria-describedby=\"caption-attachment-18957\" style=\"width: 300px\" class=\"wp-caption alignnone\"><a href=\"http:\/\/www.lospoliticosveracruz.com.mx\/wp-content\/uploads\/2015\/11\/Pepe-Mancha-Rogelio-Franco.jpg\"><img loading=\"lazy\" decoding=\"async\" class=\"size-medium wp-image-18957\" src=\"http:\/\/www.lospoliticosveracruz.com.mx\/wp-content\/uploads\/2015\/11\/Pepe-Mancha-Rogelio-Franco-300x160.jpg\" alt=\"Xalapa, Ver.- Jos\u00e9 de Jes\u00fas Mancha Alarc\u00f3n, dirigente estatal del PAN, en conferencia de prensa  ante medios de comunicaci\u00f3n en el caso del periodista asesinado Mois\u00e9s S\u00e1nchez Cerezo. FOTO: MIGUEL \u00c1NGEL CARMONA\/FOTOVER.\" width=\"300\" height=\"160\" \/><\/a><figcaption id=\"caption-attachment-18957\" class=\"wp-caption-text\">Foto: Miguel \u00c1ngel Carmona \/ Fotover.<\/figcaption><\/figure>\n<p><strong>Claudia Constantino<\/strong><\/p>\n<p><em>Cr\u00f3nicas Urgentes<\/em><\/p>\n<p>Semanas antes, comenzaron las negociaciones entre la dirigencia del Partido Acci\u00f3n Nacional y la del Partido de la Revoluci\u00f3n Democr\u00e1tica que llevaron a Jos\u00e9 de Jes\u00fas Mancha y a Rogelio Franco Cast\u00e1n a aparecer hoy con el mayor n\u00famero posible de militantes partidistas en su rimbombante anuncio de, \u201cconformaremos un amplio frente opositor\u201d.<br \/>\nSu lanzamiento ignora los resultados en las urnas: el PRD gan\u00f3 en los comicios pasados (\u00fanico proceso electoral que han conducido las actuales dirigencias), el V distrito electoral de Poza Rica de manera casi accidental, pasando de tercera, a cuarta fuerza pol\u00edtica en el estado, superado por la incipiente Morena. Por su parte, el PAN s\u00f3lo gan\u00f3 los dos distritos del feudo Yunes.<br \/>\nSe debe recordar que entre PAN y PRD, ganaron 3 diputaciones federales de las 21 que se disputaron. Con ese resultado y su credibilidad, no; la tal alianza no le debe quitar el sue\u00f1o a nadie.<\/p>\n<p><strong>Los medios en medio<\/strong><br \/>\nTodos los actores medi\u00e1ticos se r\u00eden, hacen apuestas, recuerdan historias negras, muy negras de los art\u00edfices de esta alianza que ya declararon \u201cesta vez s\u00ed va\u201d, y no la van a descarrilar otra vez. Los periodistas serios repasan los negros expedientes. Los columnistas bien informados han dado cuenta del nuevo sobrenombre de Rogelio Franco Cast\u00e1n \u201cEl Comesolo\u201d.<br \/>\nLos mismos periodistas a los que han desde\u00f1ado, maltratado, ignorado y evitado en la medida de lo posible, hoy son los encargados de difundir su alianza. Los aliancistas esperan que los due\u00f1os de los medios, con los que han evitado a toda costa convenios de difusi\u00f3n, hoy se sumen a su campa\u00f1a para infundir temor a sus adversarios.<\/p>\n<p><strong>Los veracruzanos s\u00ed tienen memoria<\/strong><br \/>\nLa estrategia: replicar el discurso anti- PRI (que debieron enarbolar desde mucho antes, pues son \u201coposici\u00f3n\u201d) que los veracruzanos quieren escuchar; esgrimir los multi se\u00f1alados yerros de la administraci\u00f3n que encabeza Javier Duarte de Ochoa; \u201cescupir para arriba\u201d; \u201cpatear el pesebre\u201d; \u201colvidar su origen\u201d; \u201cno voltear atr\u00e1s\u201d; azuzar a sus huestes para que se lancen contra sus cr\u00edticos y detractores; desempolvar las ideolog\u00edas (sic) del lado del pueblo; \u201ccurarse en salud\u201d; \u201camarrarse el dedo antes de que se los corten\u201d. Para ello, requieren que los veracruzanos sufran amnesia.<\/p>\n<p><strong>Los beneficiarios<\/strong><br \/>\nLos personajes m\u00e1s siniestros de la pol\u00edtica son los que todo negocian (lo de todos, lo de tantos, lo de quienes los siguen). Ten\u00edan s\u00f3lo sus siglas partidistas. Ya s\u00f3lo ten\u00edan sus pobres resultados, y de un zarpazo, se vuelven a posicionar. Hoy conf\u00edan en poder incidir en la llegada de Miguel \u00c1ngel Yunes Linares al primer plano, y en la designaci\u00f3n del pr\u00f3ximo candidato Priista, tan tortuosa, aplazada y confusa. \u201cA r\u00edo revuelto, ganancia de pescadores\u201d, y este par de dirigentes podr\u00e1n ser analfabetos funcionales, pero as\u00ed como es la pol\u00edtica veracruzana, han aprendido de los mejores; y aqu\u00ed los tenemos nuevamente: con las manos libres y los colmillos afilados.<br \/>\nHaciendo un ejercicio de memoria: tan s\u00f3lo en 2013 Franco Cast\u00e1n impidi\u00f3 la alianza PAN-PRD que benefici\u00f3 al PRI, como bien recuerda el periodista Luis Vel\u00e1zquez en su blog Expediente MX; como \u00e9l, muchos otros han rendido cuenta de las aberraciones del \u201cPRD y PAN rojos\u201d; la m\u00e1xima de todas \u00bfd\u00f3nde quedaron sus ideolog\u00edas, preceptos y principios e identidad ideol\u00f3gica? Por supuesto que hay fuerzas de la oposici\u00f3n real apoyando esta alianza, pero la duda sigue siendo, si no volver\u00e1n a ser traicionados.<\/p>\n<p><strong>Los que pierden<\/strong><br \/>\nHay panistas y perredistas con principios y trabajo; hay militantes de ambos partidos que luchan a diario por su entorno inmediato, por su radio de acci\u00f3n y por los militantes an\u00f3nimos, y ellos son los traicionados por las negociaciones cupulares; por los manejos oscuros y su falta de moral. Las candidaturas ciudadanas son una falacia de por s\u00ed; y con siglas partidistas, son inconcebibles. No hay ideales: hay ambici\u00f3n desmedida por el poder.<br \/>\n\u201cUn amplio frente opositor\u201d. A ver\u2026 en las siguientes semanas, confirmaremos lo que ya sabemos: Nadie les cree. Pocos oir\u00e1n este llamado. Muchos recuerdan qui\u00e9nes son y entienden lo que intentan. \u201cLos veracruzanos\u201d o \u201cel pueblo de Veracruz\u201d, como dicen ellos, no son el inter\u00e9s principal de esta reci\u00e9n anunciada alianza. Ya en serio. El pueblo veracruzano no es tan f\u00e1cil de enga\u00f1ar y en lo que ata\u00f1e a sus rivales, dudo que este sea un momento de tribulaci\u00f3n para aquellos, si se basan en lo que representan realmente en n\u00famero de votos.<br \/>\nEl consenso de los m\u00e1s enterados es: que los dirigentes \u201cse est\u00e1n encareciendo\u201d, de cara al pr\u00f3ximo proceso electoral. Estos muy conocidos negociadores, no tra\u00edan mucho que negociar. A partir de hoy, ya tienen con qu\u00e9.<\/p>\n<p>Cualquier comentario para esta columna que confronta a:<br \/>\naerodita_constantino@hotmail.es<br \/>\nTwitter:@AERODITA<\/p>\n","protected":false},"excerpt":{"rendered":"<p>Claudia Constantino Cr\u00f3nicas Urgentes Semanas antes, comenzaron las negociaciones entre la dirigencia del Partido Acci\u00f3n Nacional y la del Partido de la Revoluci\u00f3n Democr\u00e1tica que llevaron a Jos\u00e9 de Jes\u00fas Mancha y a Rogelio Franco Cast\u00e1n a aparecer hoy con el mayor n\u00famero posible de militantes partidistas en su rimbombante anuncio de, \u201cconformaremos un amplio [&hellip;]<\/p>\n","protected":false},"author":2,"featured_media":0,"comment_status":"open","ping_status":"open","sticky":false,"template":"","format":"standard","meta":{"tdm_status":"","tdm_grid_status":"","footnotes":""},"categories":[70],"tags":[3199,4017,266,107,808],"class_list":{"0":"post-18956","1":"post","2":"type-post","3":"status-publish","4":"format-standard","6":"category-de-opinion","7":"tag-alianza","8":"tag-jose-de-jesus-mancha","9":"tag-pan","10":"tag-prd","11":"tag-rogelio-franco-castan"},"yoast_head":"<!-- This site is optimized with the Yoast SEO plugin v27.4 - https:\/\/yoast.com\/product\/yoast-seo-wordpress\/ -->\n<title>PAN-PRD en Veracruz: sus dirigencias se encarecen - Los pol\u00edticos Veracruz<\/title>\n<meta name=\"robots\" content=\"index, follow, max-snippet:-1, max-image-preview:large, max-video-preview:-1\" \/>\n<link rel=\"canonical\" href=\"https:\/\/lospoliticosveracruz.com\/?p=18956\" \/>\n<meta property=\"og:locale\" content=\"es_ES\" \/>\n<meta property=\"og:type\" content=\"article\" \/>\n<meta property=\"og:title\" content=\"PAN-PRD en Veracruz: sus dirigencias se encarecen - Los pol\u00edticos Veracruz\" \/>\n<meta property=\"og:description\" content=\"Claudia Constantino Cr\u00f3nicas Urgentes Semanas antes, comenzaron las negociaciones entre la dirigencia del Partido Acci\u00f3n Nacional y la del Partido de la Revoluci\u00f3n Democr\u00e1tica que llevaron a Jos\u00e9 de Jes\u00fas Mancha y a Rogelio Franco Cast\u00e1n a aparecer hoy con el mayor n\u00famero posible de militantes partidistas en su rimbombante anuncio de, \u201cconformaremos un amplio [&hellip;]\" \/>\n<meta property=\"og:url\" content=\"https:\/\/lospoliticosveracruz.com\/?p=18956\" \/>\n<meta property=\"og:site_name\" content=\"Los pol\u00edticos Veracruz\" \/>\n<meta property=\"article:publisher\" content=\"https:\/\/www.facebook.com\/people\/Notimemes-de-los-Polticos\/61565672886568\/\" \/>\n<meta property=\"article:published_time\" content=\"2015-11-10T04:20:23+00:00\" \/>\n<meta property=\"article:modified_time\" content=\"2015-11-10T04:21:38+00:00\" \/>\n<meta property=\"og:image\" content=\"http:\/\/www.lospoliticosveracruz.com.mx\/wp-content\/uploads\/2015\/11\/Pepe-Mancha-Rogelio-Franco-300x160.jpg\" \/>\n<meta name=\"author\" content=\"Lo viste en Los Pol\u00edticos\" \/>\n<meta name=\"twitter:card\" content=\"summary_large_image\" \/>\n<meta name=\"twitter:creator\" content=\"@LosPoliticosVer\" \/>\n<meta name=\"twitter:site\" content=\"@LosPoliticosVer\" \/>\n<meta name=\"twitter:label1\" content=\"Escrito por\" \/>\n\t<meta name=\"twitter:data1\" content=\"Lo viste en Los Pol\u00edticos\" \/>\n\t<meta name=\"twitter:label2\" content=\"Tiempo de lectura\" \/>\n\t<meta name=\"twitter:data2\" content=\"4 minutos\" \/>\n<script type=\"application\/ld+json\" class=\"yoast-schema-graph\">{\"@context\":\"https:\\\/\\\/schema.org\",\"@graph\":[{\"@type\":\"Article\",\"@id\":\"https:\\\/\\\/lospoliticosveracruz.com\\\/?p=18956#article\",\"isPartOf\":{\"@id\":\"https:\\\/\\\/lospoliticosveracruz.com\\\/?p=18956\"},\"author\":{\"name\":\"Lo viste en Los Pol\u00edticos\",\"@id\":\"https:\\\/\\\/lospoliticosveracruz.com\\\/#\\\/schema\\\/person\\\/b8702bb0e538456e6efd07080bf2a4a2\"},\"headline\":\"PAN-PRD en Veracruz: sus dirigencias se encarecen\",\"datePublished\":\"2015-11-10T04:20:23+00:00\",\"dateModified\":\"2015-11-10T04:21:38+00:00\",\"mainEntityOfPage\":{\"@id\":\"https:\\\/\\\/lospoliticosveracruz.com\\\/?p=18956\"},\"wordCount\":860,\"commentCount\":0,\"publisher\":{\"@id\":\"https:\\\/\\\/lospoliticosveracruz.com\\\/#organization\"},\"image\":{\"@id\":\"https:\\\/\\\/lospoliticosveracruz.com\\\/?p=18956#primaryimage\"},\"thumbnailUrl\":\"http:\\\/\\\/www.lospoliticosveracruz.com.mx\\\/wp-content\\\/uploads\\\/2015\\\/11\\\/Pepe-Mancha-Rogelio-Franco-300x160.jpg\",\"keywords\":[\"alianza\",\"Jos\u00e9 de Jes\u00fas Mancha\",\"PAN\",\"PRD\",\"Rogelio Franco Cast\u00e1n\"],\"articleSection\":[\"De Opini\u00f3n\"],\"inLanguage\":\"es\",\"potentialAction\":[{\"@type\":\"CommentAction\",\"name\":\"Comment\",\"target\":[\"https:\\\/\\\/lospoliticosveracruz.com\\\/?p=18956#respond\"]}]},{\"@type\":\"WebPage\",\"@id\":\"https:\\\/\\\/lospoliticosveracruz.com\\\/?p=18956\",\"url\":\"https:\\\/\\\/lospoliticosveracruz.com\\\/?p=18956\",\"name\":\"PAN-PRD en Veracruz: sus dirigencias se encarecen - Los pol\u00edticos Veracruz\",\"isPartOf\":{\"@id\":\"https:\\\/\\\/lospoliticosveracruz.com\\\/#website\"},\"primaryImageOfPage\":{\"@id\":\"https:\\\/\\\/lospoliticosveracruz.com\\\/?p=18956#primaryimage\"},\"image\":{\"@id\":\"https:\\\/\\\/lospoliticosveracruz.com\\\/?p=18956#primaryimage\"},\"thumbnailUrl\":\"http:\\\/\\\/www.lospoliticosveracruz.com.mx\\\/wp-content\\\/uploads\\\/2015\\\/11\\\/Pepe-Mancha-Rogelio-Franco-300x160.jpg\",\"datePublished\":\"2015-11-10T04:20:23+00:00\",\"dateModified\":\"2015-11-10T04:21:38+00:00\",\"breadcrumb\":{\"@id\":\"https:\\\/\\\/lospoliticosveracruz.com\\\/?p=18956#breadcrumb\"},\"inLanguage\":\"es\",\"potentialAction\":[{\"@type\":\"ReadAction\",\"target\":[\"https:\\\/\\\/lospoliticosveracruz.com\\\/?p=18956\"]}]},{\"@type\":\"ImageObject\",\"inLanguage\":\"es\",\"@id\":\"https:\\\/\\\/lospoliticosveracruz.com\\\/?p=18956#primaryimage\",\"url\":\"http:\\\/\\\/www.lospoliticosveracruz.com.mx\\\/wp-content\\\/uploads\\\/2015\\\/11\\\/Pepe-Mancha-Rogelio-Franco-300x160.jpg\",\"contentUrl\":\"http:\\\/\\\/www.lospoliticosveracruz.com.mx\\\/wp-content\\\/uploads\\\/2015\\\/11\\\/Pepe-Mancha-Rogelio-Franco-300x160.jpg\"},{\"@type\":\"BreadcrumbList\",\"@id\":\"https:\\\/\\\/lospoliticosveracruz.com\\\/?p=18956#breadcrumb\",\"itemListElement\":[{\"@type\":\"ListItem\",\"position\":1,\"name\":\"Portada\",\"item\":\"https:\\\/\\\/lospoliticosveracruz.com\\\/\"},{\"@type\":\"ListItem\",\"position\":2,\"name\":\"PAN-PRD en Veracruz: sus dirigencias se encarecen\"}]},{\"@type\":\"WebSite\",\"@id\":\"https:\\\/\\\/lospoliticosveracruz.com\\\/#website\",\"url\":\"https:\\\/\\\/lospoliticosveracruz.com\\\/\",\"name\":\"Los pol\u00edticos Veracruz\",\"description\":\"\",\"publisher\":{\"@id\":\"https:\\\/\\\/lospoliticosveracruz.com\\\/#organization\"},\"potentialAction\":[{\"@type\":\"SearchAction\",\"target\":{\"@type\":\"EntryPoint\",\"urlTemplate\":\"https:\\\/\\\/lospoliticosveracruz.com\\\/?s={search_term_string}\"},\"query-input\":{\"@type\":\"PropertyValueSpecification\",\"valueRequired\":true,\"valueName\":\"search_term_string\"}}],\"inLanguage\":\"es\"},{\"@type\":\"Organization\",\"@id\":\"https:\\\/\\\/lospoliticosveracruz.com\\\/#organization\",\"name\":\"Los pol\u00edticos Veracruz\",\"url\":\"https:\\\/\\\/lospoliticosveracruz.com\\\/\",\"logo\":{\"@type\":\"ImageObject\",\"inLanguage\":\"es\",\"@id\":\"https:\\\/\\\/lospoliticosveracruz.com\\\/#\\\/schema\\\/logo\\\/image\\\/\",\"url\":\"https:\\\/\\\/lospoliticosveracruz.com\\\/wp-content\\\/uploads\\\/2025\\\/12\\\/Logo-Nuevo-LOS-POLITICOS-1.jpg\",\"contentUrl\":\"https:\\\/\\\/lospoliticosveracruz.com\\\/wp-content\\\/uploads\\\/2025\\\/12\\\/Logo-Nuevo-LOS-POLITICOS-1.jpg\",\"width\":260,\"height\":70,\"caption\":\"Los pol\u00edticos Veracruz\"},\"image\":{\"@id\":\"https:\\\/\\\/lospoliticosveracruz.com\\\/#\\\/schema\\\/logo\\\/image\\\/\"},\"sameAs\":[\"https:\\\/\\\/www.facebook.com\\\/people\\\/Notimemes-de-los-Polticos\\\/61565672886568\\\/\",\"https:\\\/\\\/x.com\\\/LosPoliticosVer\"]},{\"@type\":\"Person\",\"@id\":\"https:\\\/\\\/lospoliticosveracruz.com\\\/#\\\/schema\\\/person\\\/b8702bb0e538456e6efd07080bf2a4a2\",\"name\":\"Lo viste en Los Pol\u00edticos\",\"image\":{\"@type\":\"ImageObject\",\"inLanguage\":\"es\",\"@id\":\"https:\\\/\\\/secure.gravatar.com\\\/avatar\\\/3a8de04a2656d44082be478bd6c086daa447c4651605818287b9532d3d0bd435?s=96&d=mm&r=g\",\"url\":\"https:\\\/\\\/secure.gravatar.com\\\/avatar\\\/3a8de04a2656d44082be478bd6c086daa447c4651605818287b9532d3d0bd435?s=96&d=mm&r=g\",\"contentUrl\":\"https:\\\/\\\/secure.gravatar.com\\\/avatar\\\/3a8de04a2656d44082be478bd6c086daa447c4651605818287b9532d3d0bd435?s=96&d=mm&r=g\",\"caption\":\"Lo viste en Los Pol\u00edticos\"},\"url\":\"https:\\\/\\\/lospoliticosveracruz.com\\\/?author=2\"}]}<\/script>\n<!-- \/ Yoast SEO plugin. -->","yoast_head_json":{"title":"PAN-PRD en Veracruz: sus dirigencias se encarecen - Los pol\u00edticos Veracruz","robots":{"index":"index","follow":"follow","max-snippet":"max-snippet:-1","max-image-preview":"max-image-preview:large","max-video-preview":"max-video-preview:-1"},"canonical":"https:\/\/lospoliticosveracruz.com\/?p=18956","og_locale":"es_ES","og_type":"article","og_title":"PAN-PRD en Veracruz: sus dirigencias se encarecen - Los pol\u00edticos Veracruz","og_description":"Claudia Constantino Cr\u00f3nicas Urgentes Semanas antes, comenzaron las negociaciones entre la dirigencia del Partido Acci\u00f3n Nacional y la del Partido de la Revoluci\u00f3n Democr\u00e1tica que llevaron a Jos\u00e9 de Jes\u00fas Mancha y a Rogelio Franco Cast\u00e1n a aparecer hoy con el mayor n\u00famero posible de militantes partidistas en su rimbombante anuncio de, \u201cconformaremos un amplio [&hellip;]","og_url":"https:\/\/lospoliticosveracruz.com\/?p=18956","og_site_name":"Los pol\u00edticos Veracruz","article_publisher":"https:\/\/www.facebook.com\/people\/Notimemes-de-los-Polticos\/61565672886568\/","article_published_time":"2015-11-10T04:20:23+00:00","article_modified_time":"2015-11-10T04:21:38+00:00","og_image":[{"url":"http:\/\/www.lospoliticosveracruz.com.mx\/wp-content\/uploads\/2015\/11\/Pepe-Mancha-Rogelio-Franco-300x160.jpg","type":"","width":"","height":""}],"author":"Lo viste en Los Pol\u00edticos","twitter_card":"summary_large_image","twitter_creator":"@LosPoliticosVer","twitter_site":"@LosPoliticosVer","twitter_misc":{"Escrito por":"Lo viste en Los Pol\u00edticos","Tiempo de lectura":"4 minutos"},"schema":{"@context":"https:\/\/schema.org","@graph":[{"@type":"Article","@id":"https:\/\/lospoliticosveracruz.com\/?p=18956#article","isPartOf":{"@id":"https:\/\/lospoliticosveracruz.com\/?p=18956"},"author":{"name":"Lo viste en Los Pol\u00edticos","@id":"https:\/\/lospoliticosveracruz.com\/#\/schema\/person\/b8702bb0e538456e6efd07080bf2a4a2"},"headline":"PAN-PRD en Veracruz: sus dirigencias se encarecen","datePublished":"2015-11-10T04:20:23+00:00","dateModified":"2015-11-10T04:21:38+00:00","mainEntityOfPage":{"@id":"https:\/\/lospoliticosveracruz.com\/?p=18956"},"wordCount":860,"commentCount":0,"publisher":{"@id":"https:\/\/lospoliticosveracruz.com\/#organization"},"image":{"@id":"https:\/\/lospoliticosveracruz.com\/?p=18956#primaryimage"},"thumbnailUrl":"http:\/\/www.lospoliticosveracruz.com.mx\/wp-content\/uploads\/2015\/11\/Pepe-Mancha-Rogelio-Franco-300x160.jpg","keywords":["alianza","Jos\u00e9 de Jes\u00fas Mancha","PAN","PRD","Rogelio Franco Cast\u00e1n"],"articleSection":["De Opini\u00f3n"],"inLanguage":"es","potentialAction":[{"@type":"CommentAction","name":"Comment","target":["https:\/\/lospoliticosveracruz.com\/?p=18956#respond"]}]},{"@type":"WebPage","@id":"https:\/\/lospoliticosveracruz.com\/?p=18956","url":"https:\/\/lospoliticosveracruz.com\/?p=18956","name":"PAN-PRD en Veracruz: sus dirigencias se encarecen - Los pol\u00edticos Veracruz","isPartOf":{"@id":"https:\/\/lospoliticosveracruz.com\/#website"},"primaryImageOfPage":{"@id":"https:\/\/lospoliticosveracruz.com\/?p=18956#primaryimage"},"image":{"@id":"https:\/\/lospoliticosveracruz.com\/?p=18956#primaryimage"},"thumbnailUrl":"http:\/\/www.lospoliticosveracruz.com.mx\/wp-content\/uploads\/2015\/11\/Pepe-Mancha-Rogelio-Franco-300x160.jpg","datePublished":"2015-11-10T04:20:23+00:00","dateModified":"2015-11-10T04:21:38+00:00","breadcrumb":{"@id":"https:\/\/lospoliticosveracruz.com\/?p=18956#breadcrumb"},"inLanguage":"es","potentialAction":[{"@type":"ReadAction","target":["https:\/\/lospoliticosveracruz.com\/?p=18956"]}]},{"@type":"ImageObject","inLanguage":"es","@id":"https:\/\/lospoliticosveracruz.com\/?p=18956#primaryimage","url":"http:\/\/www.lospoliticosveracruz.com.mx\/wp-content\/uploads\/2015\/11\/Pepe-Mancha-Rogelio-Franco-300x160.jpg","contentUrl":"http:\/\/www.lospoliticosveracruz.com.mx\/wp-content\/uploads\/2015\/11\/Pepe-Mancha-Rogelio-Franco-300x160.jpg"},{"@type":"BreadcrumbList","@id":"https:\/\/lospoliticosveracruz.com\/?p=18956#breadcrumb","itemListElement":[{"@type":"ListItem","position":1,"name":"Portada","item":"https:\/\/lospoliticosveracruz.com\/"},{"@type":"ListItem","position":2,"name":"PAN-PRD en Veracruz: sus dirigencias se encarecen"}]},{"@type":"WebSite","@id":"https:\/\/lospoliticosveracruz.com\/#website","url":"https:\/\/lospoliticosveracruz.com\/","name":"Los pol\u00edticos Veracruz","description":"","publisher":{"@id":"https:\/\/lospoliticosveracruz.com\/#organization"},"potentialAction":[{"@type":"SearchAction","target":{"@type":"EntryPoint","urlTemplate":"https:\/\/lospoliticosveracruz.com\/?s={search_term_string}"},"query-input":{"@type":"PropertyValueSpecification","valueRequired":true,"valueName":"search_term_string"}}],"inLanguage":"es"},{"@type":"Organization","@id":"https:\/\/lospoliticosveracruz.com\/#organization","name":"Los pol\u00edticos Veracruz","url":"https:\/\/lospoliticosveracruz.com\/","logo":{"@type":"ImageObject","inLanguage":"es","@id":"https:\/\/lospoliticosveracruz.com\/#\/schema\/logo\/image\/","url":"https:\/\/lospoliticosveracruz.com\/wp-content\/uploads\/2025\/12\/Logo-Nuevo-LOS-POLITICOS-1.jpg","contentUrl":"https:\/\/lospoliticosveracruz.com\/wp-content\/uploads\/2025\/12\/Logo-Nuevo-LOS-POLITICOS-1.jpg","width":260,"height":70,"caption":"Los pol\u00edticos Veracruz"},"image":{"@id":"https:\/\/lospoliticosveracruz.com\/#\/schema\/logo\/image\/"},"sameAs":["https:\/\/www.facebook.com\/people\/Notimemes-de-los-Polticos\/61565672886568\/","https:\/\/x.com\/LosPoliticosVer"]},{"@type":"Person","@id":"https:\/\/lospoliticosveracruz.com\/#\/schema\/person\/b8702bb0e538456e6efd07080bf2a4a2","name":"Lo viste en Los Pol\u00edticos","image":{"@type":"ImageObject","inLanguage":"es","@id":"https:\/\/secure.gravatar.com\/avatar\/3a8de04a2656d44082be478bd6c086daa447c4651605818287b9532d3d0bd435?s=96&d=mm&r=g","url":"https:\/\/secure.gravatar.com\/avatar\/3a8de04a2656d44082be478bd6c086daa447c4651605818287b9532d3d0bd435?s=96&d=mm&r=g","contentUrl":"https:\/\/secure.gravatar.com\/avatar\/3a8de04a2656d44082be478bd6c086daa447c4651605818287b9532d3d0bd435?s=96&d=mm&r=g","caption":"Lo viste en Los Pol\u00edticos"},"url":"https:\/\/lospoliticosveracruz.com\/?author=2"}]}},"_links":{"self":[{"href":"https:\/\/lospoliticosveracruz.com\/index.php?rest_route=\/wp\/v2\/posts\/18956","targetHints":{"allow":["GET"]}}],"collection":[{"href":"https:\/\/lospoliticosveracruz.com\/index.php?rest_route=\/wp\/v2\/posts"}],"about":[{"href":"https:\/\/lospoliticosveracruz.com\/index.php?rest_route=\/wp\/v2\/types\/post"}],"author":[{"embeddable":true,"href":"https:\/\/lospoliticosveracruz.com\/index.php?rest_route=\/wp\/v2\/users\/2"}],"replies":[{"embeddable":true,"href":"https:\/\/lospoliticosveracruz.com\/index.php?rest_route=%2Fwp%2Fv2%2Fcomments&post=18956"}],"version-history":[{"count":2,"href":"https:\/\/lospoliticosveracruz.com\/index.php?rest_route=\/wp\/v2\/posts\/18956\/revisions"}],"predecessor-version":[{"id":18959,"href":"https:\/\/lospoliticosveracruz.com\/index.php?rest_route=\/wp\/v2\/posts\/18956\/revisions\/18959"}],"wp:attachment":[{"href":"https:\/\/lospoliticosveracruz.com\/index.php?rest_route=%2Fwp%2Fv2%2Fmedia&parent=18956"}],"wp:term":[{"taxonomy":"category","embeddable":true,"href":"https:\/\/lospoliticosveracruz.com\/index.php?rest_route=%2Fwp%2Fv2%2Fcategories&post=18956"},{"taxonomy":"post_tag","embeddable":true,"href":"https:\/\/lospoliticosveracruz.com\/index.php?rest_route=%2Fwp%2Fv2%2Ftags&post=18956"}],"curies":[{"name":"wp","href":"https:\/\/api.w.org\/{rel}","templated":true}]}}