{"id":18962,"date":"2015-11-09T22:49:13","date_gmt":"2015-11-10T04:49:13","guid":{"rendered":"http:\/\/www.lospoliticosveracruz.com.mx\/?p=18962"},"modified":"2015-11-09T22:49:13","modified_gmt":"2015-11-10T04:49:13","slug":"la-pregunta-de-la-colita","status":"publish","type":"post","link":"https:\/\/lospoliticosveracruz.com\/?p=18962","title":{"rendered":"La pregunta de la colita"},"content":{"rendered":"<p><a href=\"http:\/\/www.lospoliticosveracruz.com.mx\/wp-content\/uploads\/2015\/11\/Javier-Duarte-Juan-Octavio-Pav\u00f3n.jpg\"><img loading=\"lazy\" decoding=\"async\" class=\"alignnone size-medium wp-image-18963\" src=\"http:\/\/www.lospoliticosveracruz.com.mx\/wp-content\/uploads\/2015\/11\/Javier-Duarte-Juan-Octavio-Pav\u00f3n-300x171.jpg\" alt=\"Javier Duarte Juan Octavio Pav\u00f3n\" width=\"300\" height=\"171\" \/><\/a><br \/>\n<strong>Salvador Mu\u00f1oz<\/strong><\/p>\n<p><em>Los Pol\u00edticos<\/em><\/p>\n<p>La pregunta me la lanza de bote-pronto, me agarra como al Tigre de Santa Julia, y todo por un cuestionamiento que le hab\u00edan hecho en la conferencia de prensa de la ma\u00f1ana y a la que yo no fui\u2026<br \/>\n\u2013\u00bfCu\u00e1ntas clases de colitas hay?<br \/>\nMi imaginaci\u00f3n me lleva a pensar r\u00e1pidamente en la cola de borrego, en la cola de zorra y en la dama de ardiente cabellera\u2026 \u00a1me agarr\u00f3 marihuano con la respuesta que le di!<br \/>\nMe tuvo que corregir el Gobernador:<br \/>\n\u2013En la ma\u00f1ana me pregunt\u00f3 mi madrina (Jacy Meza ah\u00ed presente) cu\u00e1ndo iban a empezar a mover la colita los funcionarios del Gabinete\u2026<br \/>\nY de ah\u00ed empez\u00f3 la chunga con las colitas\u2026<br \/>\nII<br \/>\nMe invitan chocolate y tamales&#8230; a la gorra no le huyo.<br \/>\n\u2013El Gobernador va a inaugurar las nuevas oficinas de Comunicaci\u00f3n Social en el edificio El Olmo&#8230;<br \/>\n\u00bfSaben del placer de conducir a 40 \u00f3 quiz\u00e1s ya loco, a 60 kil\u00f3metros por hora por L\u00e1zaro C\u00e1rdenas sin que haya veh\u00edculo que te aviente la carrocer\u00eda porque pocos son los que se arriesgan a una fotomulta?<br \/>\nLlego a ese edificio que desde afuera, se ve horrible, como si fuera una fortificaci\u00f3n digna de un palacio de terror por unas figuras met\u00e1licas que lo cubren en su totalidad. Uno se lo imagina por dentro l\u00fagubre, pero no\u2026 hay una claridad incre\u00edble y la vista es sorprendente\u2026 a\u00fan no descifro la \u201ctrampa\u201d que hace posible ese efecto donde por fuera, nada se ve de lo que pasa adentro; y por dentro, todo se ve lo que pasa afuera&#8230;<br \/>\nLos casi 200 trabajadores de Comunicaci\u00f3n Social de Gobierno del Estado ya se concentran en el tercer y cuarto piso, pero la tamaliza y chocolatiza fue en el quinto.<br \/>\nMe encuentro a viejas y viejos amigos que hac\u00eda a\u00f1os unos, y meses otros, que no ve\u00eda porque por alguna raz\u00f3n estaban en diversas \u00e1reas de la CGCS como son radio, televisi\u00f3n y prensa\u2026 \u00bfqu\u00e9? ya no existen esas \u00e1reas\u2026 bueno, hoy ya hay Monitoreo, An\u00e1lisis, Informaci\u00f3n, Vinculaci\u00f3n y Difusi\u00f3n.<br \/>\nIII<br \/>\nJuan Octavio Pav\u00f3n est\u00e1 \u00eddem como su apellido\u2026 esponjado como un Pav\u00f3n\u2026 bueno, realmente la frase es \u201cesponjado como totol\u201d, pero pues el titular de la Coordinaci\u00f3n es de cach\u00e9.<br \/>\nPor fin, ve realizado su sue\u00f1o: Trabajar comunicados.<br \/>\nMi micro-cosmos: Trabaj\u00e9 en un semanario donde yo ten\u00eda un cubil, mis formadores uno cada quien; uno de ellos, me estorbaba en el pizarr\u00f3n donde planeaba cada edici\u00f3n. En otra \u00e1rea, ten\u00eda a unos ilustradores; en otra m\u00e1s, a otro caricaturista y una oficina m\u00e1s, a un fot\u00f3grafo\u2026 en pocas palabras, una instrucci\u00f3n de trabajo ten\u00eda que repetirla \u00a1hasta cuatro veces! \u00c9ramos comunicadores incomunicados.<br \/>\nEl macro-cosmos de Pav\u00f3n: Oficinas en Zaragoza, Clavijero, Carrillo Puerto y en Palacio\u2026 solicitar ver a un director administrativo, de An\u00e1lisis, Informaci\u00f3n u otra \u00e1rea llevaba de 15 a 20 minutos\u2026 hoy, ser\u00e1 una exageraci\u00f3n tres minutos. Los comunicadores dejaron de estar incomunicados.<br \/>\nPor supuesto, ya no hay renta de inmuebles por doquier sino hoy se concentra en un edificio. Haciendo cuentas, hay un ahorro del 10 por ciento. Parece poco, pero en t\u00e9rminos de funcionalidad, se va al cien por ciento.<br \/>\nUn ejemplo de ello que ya se ven\u00eda realizando desde palacio de Gobierno, es en el \u00e1rea de Producci\u00f3n que, desde que est\u00e1 Juan Octavio Pav\u00f3n, realmente produce\u2026 todos los spots de Gobierno del Estado tienen el sello de Gobierno del Estado, es decir, ya no contratan a ninguna empresa\u2026 los maloras han de decir: porque como no les pagan, ni quieren que los contraten\u2026 como sea, el asunto es que ya hay producci\u00f3n propia.<br \/>\nIV<br \/>\n\u2013\u00bfCu\u00e1ntas clases de colitas hay?\u2013 me retumba en la cabeza la pregunta del Gobernador. Seg\u00fan me dicen que le preguntaron por los funcionarios que no hacen ejercicio\u2026 bueno, Erik Porres s\u00e9 que est\u00e1 bajo un riguroso esquema de ejercicios porque dice que quiere pasar de \u201cFresa\u201d a \u201cMamey\u201d&#8230; es decir, quiere hacer masa muscular\u2026 V\u00edctor Alvarado Mart\u00ednez, el fat\u00eddico \u201cDoctor No\u201d, gusta igual de correr, pero no me refiero de \u201ccorrer\u201d a los inversionistas que asegura, ocasionar\u00edan un impacto ambiental negativo con sus asentamientos\u2026 le gustan las carreras a riesgo de hasta besar el suelo de Coatzacoalcos por andar viendo lo que no debe\u2026 otro m\u00e1s que hace ejercicio es el Fiscal Luis \u00c1ngel Bravo\u2026 bueno, tambi\u00e9n los guaruras que corren al lado de \u00e9l\u2026 \u00a1Ah! y tambi\u00e9n Arturo Berm\u00fadez Zurita, aunque \u00e9l va a gimnasio. Otro que le entra a retar a la b\u00e1scula, es Juan Antonio Nemi Dib, quien adem\u00e1s de perder peso, perdi\u00f3 su gracia\u2026 \u00a1ya no es el mismo! Dicen que Paco Valencia baj\u00f3 de peso (no lo he visto), si es as\u00ed, es seguro que ya no regal\u00f3 los trajes como la anterior vez que adelgaz\u00f3 y en el rebote, ped\u00eda a la persona que le regal\u00f3 pantalones y sacos, que se los devolviera&#8230;<br \/>\nSi a eso se refer\u00eda la pregunta, \u00e9stos son los que \u201cmueven la colita\u201d.<br \/>\nYa si es otro tipo de movimiento de colita, fama tienen Gabriel Deantes y Vicente Ben\u00edtez, que lejos est\u00e1n de tener una \u201ccolita\u201d&#8230;<\/p>\n<p>smcainito@gmail.com<\/p>\n","protected":false},"excerpt":{"rendered":"<p>Salvador Mu\u00f1oz Los Pol\u00edticos La pregunta me la lanza de bote-pronto, me agarra como al Tigre de Santa Julia, y todo por un cuestionamiento que le hab\u00edan hecho en la conferencia de prensa de la ma\u00f1ana y a la que yo no fui\u2026 \u2013\u00bfCu\u00e1ntas clases de colitas hay? Mi imaginaci\u00f3n me lleva a pensar r\u00e1pidamente [&hellip;]<\/p>\n","protected":false},"author":2,"featured_media":0,"comment_status":"open","ping_status":"open","sticky":false,"template":"","format":"standard","meta":{"tdm_status":"","tdm_grid_status":"","footnotes":""},"categories":[70],"tags":[960,4019,933,4021,245,1884,4020,260,996,1383,1506],"class_list":{"0":"post-18962","1":"post","2":"type-post","3":"status-publish","4":"format-standard","6":"category-de-opinion","7":"tag-arturo-bermudez-zurita","8":"tag-colita","9":"tag-comunicacion-social","10":"tag-el-olmo","11":"tag-erik-porres","12":"tag-gabriel-deantes","13":"tag-jacy-meza","14":"tag-javier-duarte-de-ochoa","15":"tag-juan-antonio-nemi-dib","16":"tag-juan-octavio-pavon","17":"tag-luis-angel-bravo"},"yoast_head":"<!-- This site is optimized with the Yoast SEO plugin v27.4 - https:\/\/yoast.com\/product\/yoast-seo-wordpress\/ -->\n<title>La pregunta de la colita - Los pol\u00edticos Veracruz<\/title>\n<meta name=\"robots\" content=\"index, follow, max-snippet:-1, max-image-preview:large, max-video-preview:-1\" \/>\n<link rel=\"canonical\" href=\"https:\/\/lospoliticosveracruz.com\/?p=18962\" \/>\n<meta property=\"og:locale\" content=\"es_ES\" \/>\n<meta property=\"og:type\" content=\"article\" \/>\n<meta property=\"og:title\" content=\"La pregunta de la colita - Los pol\u00edticos Veracruz\" \/>\n<meta property=\"og:description\" content=\"Salvador Mu\u00f1oz Los Pol\u00edticos La pregunta me la lanza de bote-pronto, me agarra como al Tigre de Santa Julia, y todo por un cuestionamiento que le hab\u00edan hecho en la conferencia de prensa de la ma\u00f1ana y a la que yo no fui\u2026 \u2013\u00bfCu\u00e1ntas clases de colitas hay? Mi imaginaci\u00f3n me lleva a pensar r\u00e1pidamente [&hellip;]\" \/>\n<meta property=\"og:url\" content=\"https:\/\/lospoliticosveracruz.com\/?p=18962\" \/>\n<meta property=\"og:site_name\" content=\"Los pol\u00edticos Veracruz\" \/>\n<meta property=\"article:publisher\" content=\"https:\/\/www.facebook.com\/people\/Notimemes-de-los-Polticos\/61565672886568\/\" \/>\n<meta property=\"article:published_time\" content=\"2015-11-10T04:49:13+00:00\" \/>\n<meta property=\"og:image\" content=\"https:\/\/lospoliticosveracruz.com\/wp-content\/uploads\/2016\/07\/Logo-Dor.jpg\" \/>\n\t<meta property=\"og:image:width\" content=\"200\" \/>\n\t<meta property=\"og:image:height\" content=\"200\" \/>\n\t<meta property=\"og:image:type\" content=\"image\/jpeg\" \/>\n<meta name=\"author\" content=\"Lo viste en Los Pol\u00edticos\" \/>\n<meta name=\"twitter:card\" content=\"summary_large_image\" \/>\n<meta name=\"twitter:creator\" content=\"@LosPoliticosVer\" \/>\n<meta name=\"twitter:site\" content=\"@LosPoliticosVer\" \/>\n<meta name=\"twitter:label1\" content=\"Escrito por\" \/>\n\t<meta name=\"twitter:data1\" content=\"Lo viste en Los Pol\u00edticos\" \/>\n\t<meta name=\"twitter:label2\" content=\"Tiempo de lectura\" \/>\n\t<meta name=\"twitter:data2\" content=\"5 minutos\" \/>\n<script type=\"application\/ld+json\" class=\"yoast-schema-graph\">{\"@context\":\"https:\\\/\\\/schema.org\",\"@graph\":[{\"@type\":\"Article\",\"@id\":\"https:\\\/\\\/lospoliticosveracruz.com\\\/?p=18962#article\",\"isPartOf\":{\"@id\":\"https:\\\/\\\/lospoliticosveracruz.com\\\/?p=18962\"},\"author\":{\"name\":\"Lo viste en Los Pol\u00edticos\",\"@id\":\"https:\\\/\\\/lospoliticosveracruz.com\\\/#\\\/schema\\\/person\\\/b8702bb0e538456e6efd07080bf2a4a2\"},\"headline\":\"La pregunta de la colita\",\"datePublished\":\"2015-11-10T04:49:13+00:00\",\"mainEntityOfPage\":{\"@id\":\"https:\\\/\\\/lospoliticosveracruz.com\\\/?p=18962\"},\"wordCount\":921,\"commentCount\":0,\"publisher\":{\"@id\":\"https:\\\/\\\/lospoliticosveracruz.com\\\/#organization\"},\"keywords\":[\"Arturo Berm\u00fadez Zurita\",\"colita\",\"Comunicaci\u00f3n Social\",\"El Olmo\",\"Erik Porres\",\"Gabriel Deantes\",\"Jacy Meza\",\"Javier Duarte de Ochoa\",\"Juan Antonio Nemi Dib\",\"Juan Octavio Pav\u00f3n\",\"Luis Angel Bravo\"],\"articleSection\":[\"De Opini\u00f3n\"],\"inLanguage\":\"es\",\"potentialAction\":[{\"@type\":\"CommentAction\",\"name\":\"Comment\",\"target\":[\"https:\\\/\\\/lospoliticosveracruz.com\\\/?p=18962#respond\"]}]},{\"@type\":\"WebPage\",\"@id\":\"https:\\\/\\\/lospoliticosveracruz.com\\\/?p=18962\",\"url\":\"https:\\\/\\\/lospoliticosveracruz.com\\\/?p=18962\",\"name\":\"La pregunta de la colita - Los pol\u00edticos Veracruz\",\"isPartOf\":{\"@id\":\"https:\\\/\\\/lospoliticosveracruz.com\\\/#website\"},\"datePublished\":\"2015-11-10T04:49:13+00:00\",\"breadcrumb\":{\"@id\":\"https:\\\/\\\/lospoliticosveracruz.com\\\/?p=18962#breadcrumb\"},\"inLanguage\":\"es\",\"potentialAction\":[{\"@type\":\"ReadAction\",\"target\":[\"https:\\\/\\\/lospoliticosveracruz.com\\\/?p=18962\"]}]},{\"@type\":\"BreadcrumbList\",\"@id\":\"https:\\\/\\\/lospoliticosveracruz.com\\\/?p=18962#breadcrumb\",\"itemListElement\":[{\"@type\":\"ListItem\",\"position\":1,\"name\":\"Portada\",\"item\":\"https:\\\/\\\/lospoliticosveracruz.com\\\/\"},{\"@type\":\"ListItem\",\"position\":2,\"name\":\"La pregunta de la colita\"}]},{\"@type\":\"WebSite\",\"@id\":\"https:\\\/\\\/lospoliticosveracruz.com\\\/#website\",\"url\":\"https:\\\/\\\/lospoliticosveracruz.com\\\/\",\"name\":\"Los pol\u00edticos Veracruz\",\"description\":\"\",\"publisher\":{\"@id\":\"https:\\\/\\\/lospoliticosveracruz.com\\\/#organization\"},\"potentialAction\":[{\"@type\":\"SearchAction\",\"target\":{\"@type\":\"EntryPoint\",\"urlTemplate\":\"https:\\\/\\\/lospoliticosveracruz.com\\\/?s={search_term_string}\"},\"query-input\":{\"@type\":\"PropertyValueSpecification\",\"valueRequired\":true,\"valueName\":\"search_term_string\"}}],\"inLanguage\":\"es\"},{\"@type\":\"Organization\",\"@id\":\"https:\\\/\\\/lospoliticosveracruz.com\\\/#organization\",\"name\":\"Los pol\u00edticos Veracruz\",\"url\":\"https:\\\/\\\/lospoliticosveracruz.com\\\/\",\"logo\":{\"@type\":\"ImageObject\",\"inLanguage\":\"es\",\"@id\":\"https:\\\/\\\/lospoliticosveracruz.com\\\/#\\\/schema\\\/logo\\\/image\\\/\",\"url\":\"https:\\\/\\\/lospoliticosveracruz.com\\\/wp-content\\\/uploads\\\/2025\\\/12\\\/Logo-Nuevo-LOS-POLITICOS-1.jpg\",\"contentUrl\":\"https:\\\/\\\/lospoliticosveracruz.com\\\/wp-content\\\/uploads\\\/2025\\\/12\\\/Logo-Nuevo-LOS-POLITICOS-1.jpg\",\"width\":260,\"height\":70,\"caption\":\"Los pol\u00edticos Veracruz\"},\"image\":{\"@id\":\"https:\\\/\\\/lospoliticosveracruz.com\\\/#\\\/schema\\\/logo\\\/image\\\/\"},\"sameAs\":[\"https:\\\/\\\/www.facebook.com\\\/people\\\/Notimemes-de-los-Polticos\\\/61565672886568\\\/\",\"https:\\\/\\\/x.com\\\/LosPoliticosVer\"]},{\"@type\":\"Person\",\"@id\":\"https:\\\/\\\/lospoliticosveracruz.com\\\/#\\\/schema\\\/person\\\/b8702bb0e538456e6efd07080bf2a4a2\",\"name\":\"Lo viste en Los Pol\u00edticos\",\"image\":{\"@type\":\"ImageObject\",\"inLanguage\":\"es\",\"@id\":\"https:\\\/\\\/secure.gravatar.com\\\/avatar\\\/3a8de04a2656d44082be478bd6c086daa447c4651605818287b9532d3d0bd435?s=96&d=mm&r=g\",\"url\":\"https:\\\/\\\/secure.gravatar.com\\\/avatar\\\/3a8de04a2656d44082be478bd6c086daa447c4651605818287b9532d3d0bd435?s=96&d=mm&r=g\",\"contentUrl\":\"https:\\\/\\\/secure.gravatar.com\\\/avatar\\\/3a8de04a2656d44082be478bd6c086daa447c4651605818287b9532d3d0bd435?s=96&d=mm&r=g\",\"caption\":\"Lo viste en Los Pol\u00edticos\"},\"url\":\"https:\\\/\\\/lospoliticosveracruz.com\\\/?author=2\"}]}<\/script>\n<!-- \/ Yoast SEO plugin. -->","yoast_head_json":{"title":"La pregunta de la colita - Los pol\u00edticos Veracruz","robots":{"index":"index","follow":"follow","max-snippet":"max-snippet:-1","max-image-preview":"max-image-preview:large","max-video-preview":"max-video-preview:-1"},"canonical":"https:\/\/lospoliticosveracruz.com\/?p=18962","og_locale":"es_ES","og_type":"article","og_title":"La pregunta de la colita - Los pol\u00edticos Veracruz","og_description":"Salvador Mu\u00f1oz Los Pol\u00edticos La pregunta me la lanza de bote-pronto, me agarra como al Tigre de Santa Julia, y todo por un cuestionamiento que le hab\u00edan hecho en la conferencia de prensa de la ma\u00f1ana y a la que yo no fui\u2026 \u2013\u00bfCu\u00e1ntas clases de colitas hay? Mi imaginaci\u00f3n me lleva a pensar r\u00e1pidamente [&hellip;]","og_url":"https:\/\/lospoliticosveracruz.com\/?p=18962","og_site_name":"Los pol\u00edticos Veracruz","article_publisher":"https:\/\/www.facebook.com\/people\/Notimemes-de-los-Polticos\/61565672886568\/","article_published_time":"2015-11-10T04:49:13+00:00","og_image":[{"width":200,"height":200,"url":"https:\/\/lospoliticosveracruz.com\/wp-content\/uploads\/2016\/07\/Logo-Dor.jpg","type":"image\/jpeg"}],"author":"Lo viste en Los Pol\u00edticos","twitter_card":"summary_large_image","twitter_creator":"@LosPoliticosVer","twitter_site":"@LosPoliticosVer","twitter_misc":{"Escrito por":"Lo viste en Los Pol\u00edticos","Tiempo de lectura":"5 minutos"},"schema":{"@context":"https:\/\/schema.org","@graph":[{"@type":"Article","@id":"https:\/\/lospoliticosveracruz.com\/?p=18962#article","isPartOf":{"@id":"https:\/\/lospoliticosveracruz.com\/?p=18962"},"author":{"name":"Lo viste en Los Pol\u00edticos","@id":"https:\/\/lospoliticosveracruz.com\/#\/schema\/person\/b8702bb0e538456e6efd07080bf2a4a2"},"headline":"La pregunta de la colita","datePublished":"2015-11-10T04:49:13+00:00","mainEntityOfPage":{"@id":"https:\/\/lospoliticosveracruz.com\/?p=18962"},"wordCount":921,"commentCount":0,"publisher":{"@id":"https:\/\/lospoliticosveracruz.com\/#organization"},"keywords":["Arturo Berm\u00fadez Zurita","colita","Comunicaci\u00f3n Social","El Olmo","Erik Porres","Gabriel Deantes","Jacy Meza","Javier Duarte de Ochoa","Juan Antonio Nemi Dib","Juan Octavio Pav\u00f3n","Luis Angel Bravo"],"articleSection":["De Opini\u00f3n"],"inLanguage":"es","potentialAction":[{"@type":"CommentAction","name":"Comment","target":["https:\/\/lospoliticosveracruz.com\/?p=18962#respond"]}]},{"@type":"WebPage","@id":"https:\/\/lospoliticosveracruz.com\/?p=18962","url":"https:\/\/lospoliticosveracruz.com\/?p=18962","name":"La pregunta de la colita - Los pol\u00edticos Veracruz","isPartOf":{"@id":"https:\/\/lospoliticosveracruz.com\/#website"},"datePublished":"2015-11-10T04:49:13+00:00","breadcrumb":{"@id":"https:\/\/lospoliticosveracruz.com\/?p=18962#breadcrumb"},"inLanguage":"es","potentialAction":[{"@type":"ReadAction","target":["https:\/\/lospoliticosveracruz.com\/?p=18962"]}]},{"@type":"BreadcrumbList","@id":"https:\/\/lospoliticosveracruz.com\/?p=18962#breadcrumb","itemListElement":[{"@type":"ListItem","position":1,"name":"Portada","item":"https:\/\/lospoliticosveracruz.com\/"},{"@type":"ListItem","position":2,"name":"La pregunta de la colita"}]},{"@type":"WebSite","@id":"https:\/\/lospoliticosveracruz.com\/#website","url":"https:\/\/lospoliticosveracruz.com\/","name":"Los pol\u00edticos Veracruz","description":"","publisher":{"@id":"https:\/\/lospoliticosveracruz.com\/#organization"},"potentialAction":[{"@type":"SearchAction","target":{"@type":"EntryPoint","urlTemplate":"https:\/\/lospoliticosveracruz.com\/?s={search_term_string}"},"query-input":{"@type":"PropertyValueSpecification","valueRequired":true,"valueName":"search_term_string"}}],"inLanguage":"es"},{"@type":"Organization","@id":"https:\/\/lospoliticosveracruz.com\/#organization","name":"Los pol\u00edticos Veracruz","url":"https:\/\/lospoliticosveracruz.com\/","logo":{"@type":"ImageObject","inLanguage":"es","@id":"https:\/\/lospoliticosveracruz.com\/#\/schema\/logo\/image\/","url":"https:\/\/lospoliticosveracruz.com\/wp-content\/uploads\/2025\/12\/Logo-Nuevo-LOS-POLITICOS-1.jpg","contentUrl":"https:\/\/lospoliticosveracruz.com\/wp-content\/uploads\/2025\/12\/Logo-Nuevo-LOS-POLITICOS-1.jpg","width":260,"height":70,"caption":"Los pol\u00edticos Veracruz"},"image":{"@id":"https:\/\/lospoliticosveracruz.com\/#\/schema\/logo\/image\/"},"sameAs":["https:\/\/www.facebook.com\/people\/Notimemes-de-los-Polticos\/61565672886568\/","https:\/\/x.com\/LosPoliticosVer"]},{"@type":"Person","@id":"https:\/\/lospoliticosveracruz.com\/#\/schema\/person\/b8702bb0e538456e6efd07080bf2a4a2","name":"Lo viste en Los Pol\u00edticos","image":{"@type":"ImageObject","inLanguage":"es","@id":"https:\/\/secure.gravatar.com\/avatar\/3a8de04a2656d44082be478bd6c086daa447c4651605818287b9532d3d0bd435?s=96&d=mm&r=g","url":"https:\/\/secure.gravatar.com\/avatar\/3a8de04a2656d44082be478bd6c086daa447c4651605818287b9532d3d0bd435?s=96&d=mm&r=g","contentUrl":"https:\/\/secure.gravatar.com\/avatar\/3a8de04a2656d44082be478bd6c086daa447c4651605818287b9532d3d0bd435?s=96&d=mm&r=g","caption":"Lo viste en Los Pol\u00edticos"},"url":"https:\/\/lospoliticosveracruz.com\/?author=2"}]}},"_links":{"self":[{"href":"https:\/\/lospoliticosveracruz.com\/index.php?rest_route=\/wp\/v2\/posts\/18962","targetHints":{"allow":["GET"]}}],"collection":[{"href":"https:\/\/lospoliticosveracruz.com\/index.php?rest_route=\/wp\/v2\/posts"}],"about":[{"href":"https:\/\/lospoliticosveracruz.com\/index.php?rest_route=\/wp\/v2\/types\/post"}],"author":[{"embeddable":true,"href":"https:\/\/lospoliticosveracruz.com\/index.php?rest_route=\/wp\/v2\/users\/2"}],"replies":[{"embeddable":true,"href":"https:\/\/lospoliticosveracruz.com\/index.php?rest_route=%2Fwp%2Fv2%2Fcomments&post=18962"}],"version-history":[{"count":1,"href":"https:\/\/lospoliticosveracruz.com\/index.php?rest_route=\/wp\/v2\/posts\/18962\/revisions"}],"predecessor-version":[{"id":18964,"href":"https:\/\/lospoliticosveracruz.com\/index.php?rest_route=\/wp\/v2\/posts\/18962\/revisions\/18964"}],"wp:attachment":[{"href":"https:\/\/lospoliticosveracruz.com\/index.php?rest_route=%2Fwp%2Fv2%2Fmedia&parent=18962"}],"wp:term":[{"taxonomy":"category","embeddable":true,"href":"https:\/\/lospoliticosveracruz.com\/index.php?rest_route=%2Fwp%2Fv2%2Fcategories&post=18962"},{"taxonomy":"post_tag","embeddable":true,"href":"https:\/\/lospoliticosveracruz.com\/index.php?rest_route=%2Fwp%2Fv2%2Ftags&post=18962"}],"curies":[{"name":"wp","href":"https:\/\/api.w.org\/{rel}","templated":true}]}}