{"id":19043,"date":"2015-11-12T12:15:19","date_gmt":"2015-11-12T18:15:19","guid":{"rendered":"http:\/\/www.lospoliticosveracruz.com.mx\/?p=19043"},"modified":"2015-11-12T12:15:19","modified_gmt":"2015-11-12T18:15:19","slug":"la-lucha-por-las-candidaturas-del-pri","status":"publish","type":"post","link":"https:\/\/lospoliticosveracruz.com\/?p=19043","title":{"rendered":"La lucha por las candidaturas del PRI"},"content":{"rendered":"<p><a href=\"http:\/\/www.lospoliticosveracruz.com.mx\/wp-content\/uploads\/2014\/12\/Dedazo-nuevo-PRI.jpg\"><img loading=\"lazy\" decoding=\"async\" class=\"alignnone size-full wp-image-14289\" src=\"http:\/\/www.lospoliticosveracruz.com.mx\/wp-content\/uploads\/2014\/12\/Dedazo-nuevo-PRI.jpg\" alt=\"Dedazo-nuevo-PRI\" width=\"190\" height=\"133\" \/><\/a><\/p>\n<p><strong>M\u00f3nica Camarena Crespo<\/strong><\/p>\n<p><em>Parque Ju\u00e1rez<\/em><\/p>\n<p>Aunque varios funcionarios estatales en lugar de medio cumplir con sus obligaciones y desquitar el sueldo andan en abiertas campa\u00f1as en diferentes distritos asignados a su gusto y preferencia geogr\u00e1fica, nadie a nivel local contara con el aval al 100 por ciento para seleccionar a los candidatos de la alianza PRI-PVEM a las diputaciones locales.<\/p>\n<p>Aunque en Palacio de Gobierno y PRI Estatal, quitan y ponen nombres y mas nombres, aceleran a los grupos afines con la promesa de una candidatura, la lista final nos aseguran los bien enterados en la capital del pa\u00eds, ser\u00e1 dise\u00f1ada en base a encuestas serias, experiencia, buena imagen y lo m\u00e1s dif\u00edcil, curriculum incuestionable.<\/p>\n<p>La nueva noticia es que los aspirantes a la candidatura de dos a\u00f1os para el gobierno estatal, tambi\u00e9n buscan ubicar a sus cercanos como abanderados; ya salieron algunos\/as a levantar el dedo en distritos como el competido Veracruz-Boca del Rio, en donde hay ilusos que creen que van solos, pero a la derrota.<\/p>\n<p>Sin embargo, la pelea ser\u00e1 f\u00e9rrea y con las consecuencias l\u00f3gicas de mayor divisi\u00f3n entre priistas; los grupos que apoyan tanto a Pepe Yunes como a H\u00e9ctor Yunes, los Senadores del PRI, por l\u00f3gica se van a encartar para fortalecer a sus respectivos gallos en la pr\u00f3xima legislatura.<\/p>\n<p>Saldr\u00e1n chispas a la hora de las recomendaciones de los priistas distinguidos y los que no lo son; para empezar ya se preparan sendos informes de las manchas negras que cargan algunos aspirantes a candidaturas.<\/p>\n<p>Y es que, los abanderados del PRI-PVEM deber\u00e1n asegurar triunfos contundentes, inobjetables; la alta competencia que se avecina solo podr\u00e1 ser sostenida por personas intachables y es ah\u00ed el gran problema de los que ahora ya andan en promoci\u00f3n con la venia local.<\/p>\n<p>Varios podr\u00e1n ser borrados de la lista en cuesti\u00f3n de segundos, al quite entraran seguramente algunas propuestas de los que aspiran a la candidatura del PRI para la mini gubernatura.<\/p>\n<p>Los pron\u00f3sticos son reservados, pero ya se empieza a sentir el intenso ambiente que va a privar de aqu\u00ed a junio del 2016.<\/p>\n<p><strong>\u00c1gora<\/strong><\/p>\n<p>Por cierto, en el PAN buscan sobre todo a mujeres y j\u00f3venes como candidatos a las diputaciones locales. Por ah\u00ed se quieren ir para dar batalla frontal a la embestida que se espera. Falta ver si su alianza con PRD no les estorba a la hora de la selecci\u00f3n de los candidatos.<\/p>\n<p>Y es que la combinaci\u00f3n de azul y amarillo da como resultado el verde.<\/p>\n<p><strong>\u00c1gora II<\/strong><\/p>\n<p>El partido MORENA en Veracruz prev\u00e9 varios triunfos en distritos con presunta gran presencia priista; las dos diputaciones federales veracruzanas con que cuenta actualmente el partido de Andr\u00e9s Manuel L\u00f3pez Obrador, les da mucho animo para seguir avanzando.<\/p>\n<p>Si a eso se a\u00f1ade el buen trabajo que realizan los legisladores de MORENA en San L\u00e1zaro, quienes se distinguen por su austeridad para conducirse y su puntualidad para cumplir en la sesiones, sin descuidar sus respectivos distritos, entonces ir\u00edan por el rumbo correcto.<\/p>\n<p>@monicamarena<\/p>\n","protected":false},"excerpt":{"rendered":"<p>M\u00f3nica Camarena Crespo Parque Ju\u00e1rez Aunque varios funcionarios estatales en lugar de medio cumplir con sus obligaciones y desquitar el sueldo andan en abiertas campa\u00f1as en diferentes distritos asignados a su gusto y preferencia geogr\u00e1fica, nadie a nivel local contara con el aval al 100 por ciento para seleccionar a los candidatos de la alianza [&hellip;]<\/p>\n","protected":false},"author":2,"featured_media":0,"comment_status":"open","ping_status":"open","sticky":false,"template":"","format":"standard","meta":{"tdm_status":"","tdm_grid_status":"","footnotes":""},"categories":[70],"tags":[1122,348,1026,246,251],"class_list":{"0":"post-19043","1":"post","2":"type-post","3":"status-publish","4":"format-standard","6":"category-de-opinion","7":"tag-candidaturas","8":"tag-hector-yunes-landa","9":"tag-morena","10":"tag-pepe-yunes-zorrilla","11":"tag-pri"},"yoast_head":"<!-- This site is optimized with the Yoast SEO plugin v27.4 - https:\/\/yoast.com\/product\/yoast-seo-wordpress\/ -->\n<title>La lucha por las candidaturas del PRI - Los pol\u00edticos Veracruz<\/title>\n<meta name=\"robots\" content=\"index, follow, max-snippet:-1, max-image-preview:large, max-video-preview:-1\" \/>\n<link rel=\"canonical\" href=\"https:\/\/lospoliticosveracruz.com\/?p=19043\" \/>\n<meta property=\"og:locale\" content=\"es_ES\" \/>\n<meta property=\"og:type\" content=\"article\" \/>\n<meta property=\"og:title\" content=\"La lucha por las candidaturas del PRI - Los pol\u00edticos Veracruz\" \/>\n<meta property=\"og:description\" content=\"M\u00f3nica Camarena Crespo Parque Ju\u00e1rez Aunque varios funcionarios estatales en lugar de medio cumplir con sus obligaciones y desquitar el sueldo andan en abiertas campa\u00f1as en diferentes distritos asignados a su gusto y preferencia geogr\u00e1fica, nadie a nivel local contara con el aval al 100 por ciento para seleccionar a los candidatos de la alianza [&hellip;]\" \/>\n<meta property=\"og:url\" content=\"https:\/\/lospoliticosveracruz.com\/?p=19043\" \/>\n<meta property=\"og:site_name\" content=\"Los pol\u00edticos Veracruz\" \/>\n<meta property=\"article:publisher\" content=\"https:\/\/www.facebook.com\/people\/Notimemes-de-los-Polticos\/61565672886568\/\" \/>\n<meta property=\"article:published_time\" content=\"2015-11-12T18:15:19+00:00\" \/>\n<meta property=\"og:image\" content=\"http:\/\/www.lospoliticosveracruz.com.mx\/wp-content\/uploads\/2014\/12\/Dedazo-nuevo-PRI.jpg\" \/>\n<meta name=\"author\" content=\"Lo viste en Los Pol\u00edticos\" \/>\n<meta name=\"twitter:card\" content=\"summary_large_image\" \/>\n<meta name=\"twitter:creator\" content=\"@LosPoliticosVer\" \/>\n<meta name=\"twitter:site\" content=\"@LosPoliticosVer\" \/>\n<meta name=\"twitter:label1\" content=\"Escrito por\" \/>\n\t<meta name=\"twitter:data1\" content=\"Lo viste en Los Pol\u00edticos\" \/>\n\t<meta name=\"twitter:label2\" content=\"Tiempo de lectura\" \/>\n\t<meta name=\"twitter:data2\" content=\"3 minutos\" \/>\n<script type=\"application\/ld+json\" class=\"yoast-schema-graph\">{\"@context\":\"https:\\\/\\\/schema.org\",\"@graph\":[{\"@type\":\"Article\",\"@id\":\"https:\\\/\\\/lospoliticosveracruz.com\\\/?p=19043#article\",\"isPartOf\":{\"@id\":\"https:\\\/\\\/lospoliticosveracruz.com\\\/?p=19043\"},\"author\":{\"name\":\"Lo viste en Los Pol\u00edticos\",\"@id\":\"https:\\\/\\\/lospoliticosveracruz.com\\\/#\\\/schema\\\/person\\\/b8702bb0e538456e6efd07080bf2a4a2\"},\"headline\":\"La lucha por las candidaturas del PRI\",\"datePublished\":\"2015-11-12T18:15:19+00:00\",\"mainEntityOfPage\":{\"@id\":\"https:\\\/\\\/lospoliticosveracruz.com\\\/?p=19043\"},\"wordCount\":535,\"commentCount\":0,\"publisher\":{\"@id\":\"https:\\\/\\\/lospoliticosveracruz.com\\\/#organization\"},\"image\":{\"@id\":\"https:\\\/\\\/lospoliticosveracruz.com\\\/?p=19043#primaryimage\"},\"thumbnailUrl\":\"http:\\\/\\\/www.lospoliticosveracruz.com.mx\\\/wp-content\\\/uploads\\\/2014\\\/12\\\/Dedazo-nuevo-PRI.jpg\",\"keywords\":[\"candidaturas\",\"H\u00e9ctor Yunes Landa\",\"Morena\",\"Pepe Yunes Zorrilla\",\"PRI\"],\"articleSection\":[\"De Opini\u00f3n\"],\"inLanguage\":\"es\",\"potentialAction\":[{\"@type\":\"CommentAction\",\"name\":\"Comment\",\"target\":[\"https:\\\/\\\/lospoliticosveracruz.com\\\/?p=19043#respond\"]}]},{\"@type\":\"WebPage\",\"@id\":\"https:\\\/\\\/lospoliticosveracruz.com\\\/?p=19043\",\"url\":\"https:\\\/\\\/lospoliticosveracruz.com\\\/?p=19043\",\"name\":\"La lucha por las candidaturas del PRI - Los pol\u00edticos Veracruz\",\"isPartOf\":{\"@id\":\"https:\\\/\\\/lospoliticosveracruz.com\\\/#website\"},\"primaryImageOfPage\":{\"@id\":\"https:\\\/\\\/lospoliticosveracruz.com\\\/?p=19043#primaryimage\"},\"image\":{\"@id\":\"https:\\\/\\\/lospoliticosveracruz.com\\\/?p=19043#primaryimage\"},\"thumbnailUrl\":\"http:\\\/\\\/www.lospoliticosveracruz.com.mx\\\/wp-content\\\/uploads\\\/2014\\\/12\\\/Dedazo-nuevo-PRI.jpg\",\"datePublished\":\"2015-11-12T18:15:19+00:00\",\"breadcrumb\":{\"@id\":\"https:\\\/\\\/lospoliticosveracruz.com\\\/?p=19043#breadcrumb\"},\"inLanguage\":\"es\",\"potentialAction\":[{\"@type\":\"ReadAction\",\"target\":[\"https:\\\/\\\/lospoliticosveracruz.com\\\/?p=19043\"]}]},{\"@type\":\"ImageObject\",\"inLanguage\":\"es\",\"@id\":\"https:\\\/\\\/lospoliticosveracruz.com\\\/?p=19043#primaryimage\",\"url\":\"http:\\\/\\\/www.lospoliticosveracruz.com.mx\\\/wp-content\\\/uploads\\\/2014\\\/12\\\/Dedazo-nuevo-PRI.jpg\",\"contentUrl\":\"http:\\\/\\\/www.lospoliticosveracruz.com.mx\\\/wp-content\\\/uploads\\\/2014\\\/12\\\/Dedazo-nuevo-PRI.jpg\"},{\"@type\":\"BreadcrumbList\",\"@id\":\"https:\\\/\\\/lospoliticosveracruz.com\\\/?p=19043#breadcrumb\",\"itemListElement\":[{\"@type\":\"ListItem\",\"position\":1,\"name\":\"Portada\",\"item\":\"https:\\\/\\\/lospoliticosveracruz.com\\\/\"},{\"@type\":\"ListItem\",\"position\":2,\"name\":\"La lucha por las candidaturas del PRI\"}]},{\"@type\":\"WebSite\",\"@id\":\"https:\\\/\\\/lospoliticosveracruz.com\\\/#website\",\"url\":\"https:\\\/\\\/lospoliticosveracruz.com\\\/\",\"name\":\"Los pol\u00edticos Veracruz\",\"description\":\"\",\"publisher\":{\"@id\":\"https:\\\/\\\/lospoliticosveracruz.com\\\/#organization\"},\"potentialAction\":[{\"@type\":\"SearchAction\",\"target\":{\"@type\":\"EntryPoint\",\"urlTemplate\":\"https:\\\/\\\/lospoliticosveracruz.com\\\/?s={search_term_string}\"},\"query-input\":{\"@type\":\"PropertyValueSpecification\",\"valueRequired\":true,\"valueName\":\"search_term_string\"}}],\"inLanguage\":\"es\"},{\"@type\":\"Organization\",\"@id\":\"https:\\\/\\\/lospoliticosveracruz.com\\\/#organization\",\"name\":\"Los pol\u00edticos Veracruz\",\"url\":\"https:\\\/\\\/lospoliticosveracruz.com\\\/\",\"logo\":{\"@type\":\"ImageObject\",\"inLanguage\":\"es\",\"@id\":\"https:\\\/\\\/lospoliticosveracruz.com\\\/#\\\/schema\\\/logo\\\/image\\\/\",\"url\":\"https:\\\/\\\/lospoliticosveracruz.com\\\/wp-content\\\/uploads\\\/2025\\\/12\\\/Logo-Nuevo-LOS-POLITICOS-1.jpg\",\"contentUrl\":\"https:\\\/\\\/lospoliticosveracruz.com\\\/wp-content\\\/uploads\\\/2025\\\/12\\\/Logo-Nuevo-LOS-POLITICOS-1.jpg\",\"width\":260,\"height\":70,\"caption\":\"Los pol\u00edticos Veracruz\"},\"image\":{\"@id\":\"https:\\\/\\\/lospoliticosveracruz.com\\\/#\\\/schema\\\/logo\\\/image\\\/\"},\"sameAs\":[\"https:\\\/\\\/www.facebook.com\\\/people\\\/Notimemes-de-los-Polticos\\\/61565672886568\\\/\",\"https:\\\/\\\/x.com\\\/LosPoliticosVer\"]},{\"@type\":\"Person\",\"@id\":\"https:\\\/\\\/lospoliticosveracruz.com\\\/#\\\/schema\\\/person\\\/b8702bb0e538456e6efd07080bf2a4a2\",\"name\":\"Lo viste en Los Pol\u00edticos\",\"image\":{\"@type\":\"ImageObject\",\"inLanguage\":\"es\",\"@id\":\"https:\\\/\\\/secure.gravatar.com\\\/avatar\\\/3a8de04a2656d44082be478bd6c086daa447c4651605818287b9532d3d0bd435?s=96&d=mm&r=g\",\"url\":\"https:\\\/\\\/secure.gravatar.com\\\/avatar\\\/3a8de04a2656d44082be478bd6c086daa447c4651605818287b9532d3d0bd435?s=96&d=mm&r=g\",\"contentUrl\":\"https:\\\/\\\/secure.gravatar.com\\\/avatar\\\/3a8de04a2656d44082be478bd6c086daa447c4651605818287b9532d3d0bd435?s=96&d=mm&r=g\",\"caption\":\"Lo viste en Los Pol\u00edticos\"},\"url\":\"https:\\\/\\\/lospoliticosveracruz.com\\\/?author=2\"}]}<\/script>\n<!-- \/ Yoast SEO plugin. -->","yoast_head_json":{"title":"La lucha por las candidaturas del PRI - Los pol\u00edticos Veracruz","robots":{"index":"index","follow":"follow","max-snippet":"max-snippet:-1","max-image-preview":"max-image-preview:large","max-video-preview":"max-video-preview:-1"},"canonical":"https:\/\/lospoliticosveracruz.com\/?p=19043","og_locale":"es_ES","og_type":"article","og_title":"La lucha por las candidaturas del PRI - Los pol\u00edticos Veracruz","og_description":"M\u00f3nica Camarena Crespo Parque Ju\u00e1rez Aunque varios funcionarios estatales en lugar de medio cumplir con sus obligaciones y desquitar el sueldo andan en abiertas campa\u00f1as en diferentes distritos asignados a su gusto y preferencia geogr\u00e1fica, nadie a nivel local contara con el aval al 100 por ciento para seleccionar a los candidatos de la alianza [&hellip;]","og_url":"https:\/\/lospoliticosveracruz.com\/?p=19043","og_site_name":"Los pol\u00edticos Veracruz","article_publisher":"https:\/\/www.facebook.com\/people\/Notimemes-de-los-Polticos\/61565672886568\/","article_published_time":"2015-11-12T18:15:19+00:00","og_image":[{"url":"http:\/\/www.lospoliticosveracruz.com.mx\/wp-content\/uploads\/2014\/12\/Dedazo-nuevo-PRI.jpg","type":"","width":"","height":""}],"author":"Lo viste en Los Pol\u00edticos","twitter_card":"summary_large_image","twitter_creator":"@LosPoliticosVer","twitter_site":"@LosPoliticosVer","twitter_misc":{"Escrito por":"Lo viste en Los Pol\u00edticos","Tiempo de lectura":"3 minutos"},"schema":{"@context":"https:\/\/schema.org","@graph":[{"@type":"Article","@id":"https:\/\/lospoliticosveracruz.com\/?p=19043#article","isPartOf":{"@id":"https:\/\/lospoliticosveracruz.com\/?p=19043"},"author":{"name":"Lo viste en Los Pol\u00edticos","@id":"https:\/\/lospoliticosveracruz.com\/#\/schema\/person\/b8702bb0e538456e6efd07080bf2a4a2"},"headline":"La lucha por las candidaturas del PRI","datePublished":"2015-11-12T18:15:19+00:00","mainEntityOfPage":{"@id":"https:\/\/lospoliticosveracruz.com\/?p=19043"},"wordCount":535,"commentCount":0,"publisher":{"@id":"https:\/\/lospoliticosveracruz.com\/#organization"},"image":{"@id":"https:\/\/lospoliticosveracruz.com\/?p=19043#primaryimage"},"thumbnailUrl":"http:\/\/www.lospoliticosveracruz.com.mx\/wp-content\/uploads\/2014\/12\/Dedazo-nuevo-PRI.jpg","keywords":["candidaturas","H\u00e9ctor Yunes Landa","Morena","Pepe Yunes Zorrilla","PRI"],"articleSection":["De Opini\u00f3n"],"inLanguage":"es","potentialAction":[{"@type":"CommentAction","name":"Comment","target":["https:\/\/lospoliticosveracruz.com\/?p=19043#respond"]}]},{"@type":"WebPage","@id":"https:\/\/lospoliticosveracruz.com\/?p=19043","url":"https:\/\/lospoliticosveracruz.com\/?p=19043","name":"La lucha por las candidaturas del PRI - Los pol\u00edticos Veracruz","isPartOf":{"@id":"https:\/\/lospoliticosveracruz.com\/#website"},"primaryImageOfPage":{"@id":"https:\/\/lospoliticosveracruz.com\/?p=19043#primaryimage"},"image":{"@id":"https:\/\/lospoliticosveracruz.com\/?p=19043#primaryimage"},"thumbnailUrl":"http:\/\/www.lospoliticosveracruz.com.mx\/wp-content\/uploads\/2014\/12\/Dedazo-nuevo-PRI.jpg","datePublished":"2015-11-12T18:15:19+00:00","breadcrumb":{"@id":"https:\/\/lospoliticosveracruz.com\/?p=19043#breadcrumb"},"inLanguage":"es","potentialAction":[{"@type":"ReadAction","target":["https:\/\/lospoliticosveracruz.com\/?p=19043"]}]},{"@type":"ImageObject","inLanguage":"es","@id":"https:\/\/lospoliticosveracruz.com\/?p=19043#primaryimage","url":"http:\/\/www.lospoliticosveracruz.com.mx\/wp-content\/uploads\/2014\/12\/Dedazo-nuevo-PRI.jpg","contentUrl":"http:\/\/www.lospoliticosveracruz.com.mx\/wp-content\/uploads\/2014\/12\/Dedazo-nuevo-PRI.jpg"},{"@type":"BreadcrumbList","@id":"https:\/\/lospoliticosveracruz.com\/?p=19043#breadcrumb","itemListElement":[{"@type":"ListItem","position":1,"name":"Portada","item":"https:\/\/lospoliticosveracruz.com\/"},{"@type":"ListItem","position":2,"name":"La lucha por las candidaturas del PRI"}]},{"@type":"WebSite","@id":"https:\/\/lospoliticosveracruz.com\/#website","url":"https:\/\/lospoliticosveracruz.com\/","name":"Los pol\u00edticos Veracruz","description":"","publisher":{"@id":"https:\/\/lospoliticosveracruz.com\/#organization"},"potentialAction":[{"@type":"SearchAction","target":{"@type":"EntryPoint","urlTemplate":"https:\/\/lospoliticosveracruz.com\/?s={search_term_string}"},"query-input":{"@type":"PropertyValueSpecification","valueRequired":true,"valueName":"search_term_string"}}],"inLanguage":"es"},{"@type":"Organization","@id":"https:\/\/lospoliticosveracruz.com\/#organization","name":"Los pol\u00edticos Veracruz","url":"https:\/\/lospoliticosveracruz.com\/","logo":{"@type":"ImageObject","inLanguage":"es","@id":"https:\/\/lospoliticosveracruz.com\/#\/schema\/logo\/image\/","url":"https:\/\/lospoliticosveracruz.com\/wp-content\/uploads\/2025\/12\/Logo-Nuevo-LOS-POLITICOS-1.jpg","contentUrl":"https:\/\/lospoliticosveracruz.com\/wp-content\/uploads\/2025\/12\/Logo-Nuevo-LOS-POLITICOS-1.jpg","width":260,"height":70,"caption":"Los pol\u00edticos Veracruz"},"image":{"@id":"https:\/\/lospoliticosveracruz.com\/#\/schema\/logo\/image\/"},"sameAs":["https:\/\/www.facebook.com\/people\/Notimemes-de-los-Polticos\/61565672886568\/","https:\/\/x.com\/LosPoliticosVer"]},{"@type":"Person","@id":"https:\/\/lospoliticosveracruz.com\/#\/schema\/person\/b8702bb0e538456e6efd07080bf2a4a2","name":"Lo viste en Los Pol\u00edticos","image":{"@type":"ImageObject","inLanguage":"es","@id":"https:\/\/secure.gravatar.com\/avatar\/3a8de04a2656d44082be478bd6c086daa447c4651605818287b9532d3d0bd435?s=96&d=mm&r=g","url":"https:\/\/secure.gravatar.com\/avatar\/3a8de04a2656d44082be478bd6c086daa447c4651605818287b9532d3d0bd435?s=96&d=mm&r=g","contentUrl":"https:\/\/secure.gravatar.com\/avatar\/3a8de04a2656d44082be478bd6c086daa447c4651605818287b9532d3d0bd435?s=96&d=mm&r=g","caption":"Lo viste en Los Pol\u00edticos"},"url":"https:\/\/lospoliticosveracruz.com\/?author=2"}]}},"_links":{"self":[{"href":"https:\/\/lospoliticosveracruz.com\/index.php?rest_route=\/wp\/v2\/posts\/19043","targetHints":{"allow":["GET"]}}],"collection":[{"href":"https:\/\/lospoliticosveracruz.com\/index.php?rest_route=\/wp\/v2\/posts"}],"about":[{"href":"https:\/\/lospoliticosveracruz.com\/index.php?rest_route=\/wp\/v2\/types\/post"}],"author":[{"embeddable":true,"href":"https:\/\/lospoliticosveracruz.com\/index.php?rest_route=\/wp\/v2\/users\/2"}],"replies":[{"embeddable":true,"href":"https:\/\/lospoliticosveracruz.com\/index.php?rest_route=%2Fwp%2Fv2%2Fcomments&post=19043"}],"version-history":[{"count":1,"href":"https:\/\/lospoliticosveracruz.com\/index.php?rest_route=\/wp\/v2\/posts\/19043\/revisions"}],"predecessor-version":[{"id":19044,"href":"https:\/\/lospoliticosveracruz.com\/index.php?rest_route=\/wp\/v2\/posts\/19043\/revisions\/19044"}],"wp:attachment":[{"href":"https:\/\/lospoliticosveracruz.com\/index.php?rest_route=%2Fwp%2Fv2%2Fmedia&parent=19043"}],"wp:term":[{"taxonomy":"category","embeddable":true,"href":"https:\/\/lospoliticosveracruz.com\/index.php?rest_route=%2Fwp%2Fv2%2Fcategories&post=19043"},{"taxonomy":"post_tag","embeddable":true,"href":"https:\/\/lospoliticosveracruz.com\/index.php?rest_route=%2Fwp%2Fv2%2Ftags&post=19043"}],"curies":[{"name":"wp","href":"https:\/\/api.w.org\/{rel}","templated":true}]}}