{"id":19045,"date":"2015-11-12T17:08:06","date_gmt":"2015-11-12T23:08:06","guid":{"rendered":"http:\/\/www.lospoliticosveracruz.com.mx\/?p=19045"},"modified":"2015-11-12T17:08:06","modified_gmt":"2015-11-12T23:08:06","slug":"carlos-fuentes-un-mexicano-en-el-mundo","status":"publish","type":"post","link":"https:\/\/lospoliticosveracruz.com\/?p=19045","title":{"rendered":"Carlos Fuentes, un mexicano en el mundo"},"content":{"rendered":"<p><a href=\"http:\/\/www.lospoliticosveracruz.com.mx\/wp-content\/uploads\/2015\/11\/Carlos-Fuentes1.jpg\"><img loading=\"lazy\" decoding=\"async\" class=\"alignnone size-medium wp-image-19048\" src=\"http:\/\/www.lospoliticosveracruz.com.mx\/wp-content\/uploads\/2015\/11\/Carlos-Fuentes1-300x166.jpg\" alt=\"Carlos Fuentes\" width=\"300\" height=\"166\" \/><\/a><\/p>\n<p><strong>Gustavo \u00c1vila Maldonado<\/strong><\/p>\n<p><em>Ruizcortinadas<\/em><\/p>\n<p>Uno de mis libros favoritos es <em>Aura<\/em>, una novela corta de Carlos Fuentes, uno de los mexicanos m\u00e1s destacados, de los hombres de letras m\u00e1s importantes en nuestra naci\u00f3n y en el mundo, Carlos Fuentes Mac\u00edas, habr\u00eda cumplido el d\u00eda de ayer nada m\u00e1s 87 a\u00f1os de edad, pero \u201cs\u00f3lo\u201d alcanz\u00f3 a disfrutar esta vida 83, al morir el 15 de mayo de 2012 en un hospital de la Ciudad de M\u00e9xico.<br \/>\nComo muchos sabemos, Carlos Fuentes fue uno de los escritores miembros del denominado Boom hispanoamericano, constituido por los Premios Nobel Gabriel Garc\u00eda M\u00e1rquez y Mario Vargas Llosa, adem\u00e1s del argentino Julio Cort\u00e1zar. Un p\u00f3ker de escritores que dif\u00edcilmente volver\u00e1 a tener nuestra Am\u00e9rica Latina.<br \/>\nHay hombres y mujeres que nacen con su destino marcado, y Carlos Fuentes fue uno de ellos. Naci\u00f3 en Panam\u00e1 el 11 de noviembre de 1928. Su padre era diplom\u00e1tico de carrera, por lo que el escritor pas\u00f3 su infancia entre Montevideo, R\u00edo de Janeiro, Washington, D.C., Santiago de Chile, Quito y Buenos Aires. Los veranos los vivi\u00f3 en la Ciudad de M\u00e9xico, estudiando en escuelas para no perder el idioma y para aprender la historia de su pa\u00eds. Se gradu\u00f3 en Derecho por la UNAM y en Econom\u00eda en el Instituto de Altos Estudios Internacionales de Ginebra.<br \/>\nDe su extensa y brillante obra, podemos destacar que su primera novela, <em>La regi\u00f3n m\u00e1s transparente<\/em>, lo consagr\u00f3 de inmediato en los medios literarios mexicanos. Despu\u00e9s escribi\u00f3 <em>Las buenas conciencias, La muerte de Artemio Cruz, Aura<\/em>, un alto funcionario del gobierno panista prohibi\u00f3 esta novela, lo que ayud\u00f3 a que <em>Aura<\/em> se convirtiera en un \u00e9xito literario, yo la utilizaba en mis clases de literatura, otras novelas fueron : <em>Zona sagrada, Terra nostra, Agua quemada, Gringo viejo<\/em>, que fue llevada al cine, <em>Diana o la cazadora solitaria<\/em>, y <em>La frontera de cristal<\/em>, entre muchas m\u00e1s.<br \/>\nAsimismo, el intelectual mexicano escribi\u00f3 diversos ensayos como La nueva novela hispanoamericana, Cervantes o la cr\u00edtica de la lectura, El espejo enterrado y Geograf\u00eda de la novela, entre otros.<br \/>\nDe Carlos Fuentes se ha escrito y dicho de todo. Que siempre apoy\u00f3 a Fidel Castro y su causa revolucionaria; que en lugar de viajar en autom\u00f3vil, le gustaba tomar taxi para platicar con los conductores de sus libros y conocer de cerca al pueblo; que fue guionista de cine y colabor\u00f3 en varias pel\u00edculas con Gabriel Garc\u00eda M\u00e1rquez, quien en un tiempo le envi\u00f3 cartas pidi\u00e9ndole su opini\u00f3n sobre \u201cla idea de un libro y c\u00f3mo evolucionaba\u201d. El libro result\u00f3 ser Cien a\u00f1os de soledad; que tuvo desencuentros fuertes con Mar\u00eda F\u00e9lix y con el tambi\u00e9n Premio Nobel, Octavio Paz; y que, como embajador de M\u00e9xico en Francia, abri\u00f3 las puertas de la embajada a los refugiados pol\u00edticos latinoamericanos y espa\u00f1oles, para despu\u00e9s renunciar, cuando el ex presidente Gustavo D\u00edaz Ordaz fue nombrado embajador en Espa\u00f1a, en protesta por la matanza de Tlatelolco.<br \/>\nUno de sus grandes libros, <em>La muerte de Artemio Cruz<\/em>, donde narra cincuenta a\u00f1os de la vida mexicana, nos muestra su genio.<br \/>\nHe aqu\u00ed un extracto de la obra, en donde Fuentes deshilvana m\u00faltiples significados de ese mexican\u00edsimo verbo tan com\u00fan para nosotros: chingar:<br \/>\n\u201cT\u00fa la pronunciar\u00e1s: es tu palabra: y tu palabra es la m\u00eda; palabra de honor: palabra de hombre: palabra de rueda: palabra de molino: imprecaci\u00f3n, prop\u00f3sito saludo, proyecto de vida, filiaci\u00f3n, recuerdo, voz de los desesperados, liberaci\u00f3n de los pobres, orden de los poderosos, invitaci\u00f3n a la ri\u00f1a y al trabajo, ep\u00edgrafe del amor, signo del nacimiento, amenaza y burla, verbo testigo, compa\u00f1ero de la fiesta y de la borrachera, espada del valor, trono de la fuerza, colmillo de la marruller\u00eda, blas\u00f3n de la raza, salvavida de los l\u00edmites, resumen de la historia: santo y se\u00f1a de M\u00e9xico, tu palabra: Chingue a su madre; hijo de la chingada; aqu\u00ed estamos los meros chingones; d\u00e9jate de chingaderas; ahoritita me lo chingo; \u00e1ndale, chingaquedito; me chingu\u00e9 a esa vieja; le chingu\u00e9 mil pesos; me ching\u00f3 el jefe; se lo llev\u00f3 la chingada; viva M\u00e9xico, jijos de su rechingada\u201d.<br \/>\nCarlos Fuentes fue colaborador en los principales suplementos culturales y peri\u00f3dicos de M\u00e9xico y del extranjero, adem\u00e1s de que fue profesor en Harvard, Princeton, Brown y Cambridge.<br \/>\nEn cuanto a los premios literarios, destacan: Biblioteca Breve (Espa\u00f1a, 1967), R\u00f3mulo Gallegos (Venezuela, 1974), Xavier Villaurrutia (M\u00e9xico 1975), Alfonso Reyes (M\u00e9xico, 1979), Cervantes (Espa\u00f1a, 1987) y Pr\u00edncipe de Asturias (Espa\u00f1a, 1994).<br \/>\nSin embargo, como ya asentamos, no obtuvo el Nobel de Literatura, para lo cual alguna vez coment\u00f3: \u201cCuando se lo dieron a Garc\u00eda M\u00e1rquez (1982) me lo dieron a m\u00ed, a mi generaci\u00f3n, a la novela latinoamericana que nosotros representamos en un momento dado. De manera que yo me doy por premiado\u201d.<br \/>\nSu primera esposa fue la actriz Rita Macedo con la que procre\u00f3 a Cecilia, se divorci\u00f3 debido a las infidelidades de su esposo, poco despu\u00e9s se suicido; luego se cas\u00f3 con la afamada periodista Silvia Lemus con la que tuvo dos hijos: Carlos y Natasha.<br \/>\nCarlos Fuentes vivi\u00f3 intensamente.<\/p>\n","protected":false},"excerpt":{"rendered":"<p>Gustavo \u00c1vila Maldonado Ruizcortinadas Uno de mis libros favoritos es Aura, una novela corta de Carlos Fuentes, uno de los mexicanos m\u00e1s destacados, de los hombres de letras m\u00e1s importantes en nuestra naci\u00f3n y en el mundo, Carlos Fuentes Mac\u00edas, habr\u00eda cumplido el d\u00eda de ayer nada m\u00e1s 87 a\u00f1os de edad, pero \u201cs\u00f3lo\u201d alcanz\u00f3 [&hellip;]<\/p>\n","protected":false},"author":2,"featured_media":0,"comment_status":"open","ping_status":"open","sticky":false,"template":"","format":"standard","meta":{"tdm_status":"","tdm_grid_status":"","footnotes":""},"categories":[75],"tags":[4046],"class_list":{"0":"post-19045","1":"post","2":"type-post","3":"status-publish","4":"format-standard","6":"category-cine-libros-y-mas","7":"tag-carlos-fuentes"},"yoast_head":"<!-- This site is optimized with the Yoast SEO plugin v27.4 - https:\/\/yoast.com\/product\/yoast-seo-wordpress\/ -->\n<title>Carlos Fuentes, un mexicano en el mundo - Los pol\u00edticos Veracruz<\/title>\n<meta name=\"robots\" content=\"index, follow, max-snippet:-1, max-image-preview:large, max-video-preview:-1\" \/>\n<link rel=\"canonical\" href=\"https:\/\/lospoliticosveracruz.com\/?p=19045\" \/>\n<meta property=\"og:locale\" content=\"es_ES\" \/>\n<meta property=\"og:type\" content=\"article\" \/>\n<meta property=\"og:title\" content=\"Carlos Fuentes, un mexicano en el mundo - Los pol\u00edticos Veracruz\" \/>\n<meta property=\"og:description\" content=\"Gustavo \u00c1vila Maldonado Ruizcortinadas Uno de mis libros favoritos es Aura, una novela corta de Carlos Fuentes, uno de los mexicanos m\u00e1s destacados, de los hombres de letras m\u00e1s importantes en nuestra naci\u00f3n y en el mundo, Carlos Fuentes Mac\u00edas, habr\u00eda cumplido el d\u00eda de ayer nada m\u00e1s 87 a\u00f1os de edad, pero \u201cs\u00f3lo\u201d alcanz\u00f3 [&hellip;]\" \/>\n<meta property=\"og:url\" content=\"https:\/\/lospoliticosveracruz.com\/?p=19045\" \/>\n<meta property=\"og:site_name\" content=\"Los pol\u00edticos Veracruz\" \/>\n<meta property=\"article:publisher\" content=\"https:\/\/www.facebook.com\/people\/Notimemes-de-los-Polticos\/61565672886568\/\" \/>\n<meta property=\"article:published_time\" content=\"2015-11-12T23:08:06+00:00\" \/>\n<meta property=\"og:image\" content=\"http:\/\/www.lospoliticosveracruz.com.mx\/wp-content\/uploads\/2015\/11\/Carlos-Fuentes1-300x166.jpg\" \/>\n<meta name=\"author\" content=\"Lo viste en Los Pol\u00edticos\" \/>\n<meta name=\"twitter:card\" content=\"summary_large_image\" \/>\n<meta name=\"twitter:creator\" content=\"@LosPoliticosVer\" \/>\n<meta name=\"twitter:site\" content=\"@LosPoliticosVer\" \/>\n<meta name=\"twitter:label1\" content=\"Escrito por\" \/>\n\t<meta name=\"twitter:data1\" content=\"Lo viste en Los Pol\u00edticos\" \/>\n\t<meta name=\"twitter:label2\" content=\"Tiempo de lectura\" \/>\n\t<meta name=\"twitter:data2\" content=\"5 minutos\" \/>\n<script type=\"application\/ld+json\" class=\"yoast-schema-graph\">{\"@context\":\"https:\\\/\\\/schema.org\",\"@graph\":[{\"@type\":\"Article\",\"@id\":\"https:\\\/\\\/lospoliticosveracruz.com\\\/?p=19045#article\",\"isPartOf\":{\"@id\":\"https:\\\/\\\/lospoliticosveracruz.com\\\/?p=19045\"},\"author\":{\"name\":\"Lo viste en Los Pol\u00edticos\",\"@id\":\"https:\\\/\\\/lospoliticosveracruz.com\\\/#\\\/schema\\\/person\\\/b8702bb0e538456e6efd07080bf2a4a2\"},\"headline\":\"Carlos Fuentes, un mexicano en el mundo\",\"datePublished\":\"2015-11-12T23:08:06+00:00\",\"mainEntityOfPage\":{\"@id\":\"https:\\\/\\\/lospoliticosveracruz.com\\\/?p=19045\"},\"wordCount\":910,\"commentCount\":0,\"publisher\":{\"@id\":\"https:\\\/\\\/lospoliticosveracruz.com\\\/#organization\"},\"image\":{\"@id\":\"https:\\\/\\\/lospoliticosveracruz.com\\\/?p=19045#primaryimage\"},\"thumbnailUrl\":\"http:\\\/\\\/www.lospoliticosveracruz.com.mx\\\/wp-content\\\/uploads\\\/2015\\\/11\\\/Carlos-Fuentes1-300x166.jpg\",\"keywords\":[\"Carlos Fuentes\"],\"articleSection\":[\"Cine, Libros y m\u00e1s\"],\"inLanguage\":\"es\",\"potentialAction\":[{\"@type\":\"CommentAction\",\"name\":\"Comment\",\"target\":[\"https:\\\/\\\/lospoliticosveracruz.com\\\/?p=19045#respond\"]}]},{\"@type\":\"WebPage\",\"@id\":\"https:\\\/\\\/lospoliticosveracruz.com\\\/?p=19045\",\"url\":\"https:\\\/\\\/lospoliticosveracruz.com\\\/?p=19045\",\"name\":\"Carlos Fuentes, un mexicano en el mundo - Los pol\u00edticos Veracruz\",\"isPartOf\":{\"@id\":\"https:\\\/\\\/lospoliticosveracruz.com\\\/#website\"},\"primaryImageOfPage\":{\"@id\":\"https:\\\/\\\/lospoliticosveracruz.com\\\/?p=19045#primaryimage\"},\"image\":{\"@id\":\"https:\\\/\\\/lospoliticosveracruz.com\\\/?p=19045#primaryimage\"},\"thumbnailUrl\":\"http:\\\/\\\/www.lospoliticosveracruz.com.mx\\\/wp-content\\\/uploads\\\/2015\\\/11\\\/Carlos-Fuentes1-300x166.jpg\",\"datePublished\":\"2015-11-12T23:08:06+00:00\",\"breadcrumb\":{\"@id\":\"https:\\\/\\\/lospoliticosveracruz.com\\\/?p=19045#breadcrumb\"},\"inLanguage\":\"es\",\"potentialAction\":[{\"@type\":\"ReadAction\",\"target\":[\"https:\\\/\\\/lospoliticosveracruz.com\\\/?p=19045\"]}]},{\"@type\":\"ImageObject\",\"inLanguage\":\"es\",\"@id\":\"https:\\\/\\\/lospoliticosveracruz.com\\\/?p=19045#primaryimage\",\"url\":\"http:\\\/\\\/www.lospoliticosveracruz.com.mx\\\/wp-content\\\/uploads\\\/2015\\\/11\\\/Carlos-Fuentes1-300x166.jpg\",\"contentUrl\":\"http:\\\/\\\/www.lospoliticosveracruz.com.mx\\\/wp-content\\\/uploads\\\/2015\\\/11\\\/Carlos-Fuentes1-300x166.jpg\"},{\"@type\":\"BreadcrumbList\",\"@id\":\"https:\\\/\\\/lospoliticosveracruz.com\\\/?p=19045#breadcrumb\",\"itemListElement\":[{\"@type\":\"ListItem\",\"position\":1,\"name\":\"Portada\",\"item\":\"https:\\\/\\\/lospoliticosveracruz.com\\\/\"},{\"@type\":\"ListItem\",\"position\":2,\"name\":\"Carlos Fuentes, un mexicano en el mundo\"}]},{\"@type\":\"WebSite\",\"@id\":\"https:\\\/\\\/lospoliticosveracruz.com\\\/#website\",\"url\":\"https:\\\/\\\/lospoliticosveracruz.com\\\/\",\"name\":\"Los pol\u00edticos Veracruz\",\"description\":\"\",\"publisher\":{\"@id\":\"https:\\\/\\\/lospoliticosveracruz.com\\\/#organization\"},\"potentialAction\":[{\"@type\":\"SearchAction\",\"target\":{\"@type\":\"EntryPoint\",\"urlTemplate\":\"https:\\\/\\\/lospoliticosveracruz.com\\\/?s={search_term_string}\"},\"query-input\":{\"@type\":\"PropertyValueSpecification\",\"valueRequired\":true,\"valueName\":\"search_term_string\"}}],\"inLanguage\":\"es\"},{\"@type\":\"Organization\",\"@id\":\"https:\\\/\\\/lospoliticosveracruz.com\\\/#organization\",\"name\":\"Los pol\u00edticos Veracruz\",\"url\":\"https:\\\/\\\/lospoliticosveracruz.com\\\/\",\"logo\":{\"@type\":\"ImageObject\",\"inLanguage\":\"es\",\"@id\":\"https:\\\/\\\/lospoliticosveracruz.com\\\/#\\\/schema\\\/logo\\\/image\\\/\",\"url\":\"https:\\\/\\\/lospoliticosveracruz.com\\\/wp-content\\\/uploads\\\/2025\\\/12\\\/Logo-Nuevo-LOS-POLITICOS-1.jpg\",\"contentUrl\":\"https:\\\/\\\/lospoliticosveracruz.com\\\/wp-content\\\/uploads\\\/2025\\\/12\\\/Logo-Nuevo-LOS-POLITICOS-1.jpg\",\"width\":260,\"height\":70,\"caption\":\"Los pol\u00edticos Veracruz\"},\"image\":{\"@id\":\"https:\\\/\\\/lospoliticosveracruz.com\\\/#\\\/schema\\\/logo\\\/image\\\/\"},\"sameAs\":[\"https:\\\/\\\/www.facebook.com\\\/people\\\/Notimemes-de-los-Polticos\\\/61565672886568\\\/\",\"https:\\\/\\\/x.com\\\/LosPoliticosVer\"]},{\"@type\":\"Person\",\"@id\":\"https:\\\/\\\/lospoliticosveracruz.com\\\/#\\\/schema\\\/person\\\/b8702bb0e538456e6efd07080bf2a4a2\",\"name\":\"Lo viste en Los Pol\u00edticos\",\"image\":{\"@type\":\"ImageObject\",\"inLanguage\":\"es\",\"@id\":\"https:\\\/\\\/secure.gravatar.com\\\/avatar\\\/3a8de04a2656d44082be478bd6c086daa447c4651605818287b9532d3d0bd435?s=96&d=mm&r=g\",\"url\":\"https:\\\/\\\/secure.gravatar.com\\\/avatar\\\/3a8de04a2656d44082be478bd6c086daa447c4651605818287b9532d3d0bd435?s=96&d=mm&r=g\",\"contentUrl\":\"https:\\\/\\\/secure.gravatar.com\\\/avatar\\\/3a8de04a2656d44082be478bd6c086daa447c4651605818287b9532d3d0bd435?s=96&d=mm&r=g\",\"caption\":\"Lo viste en Los Pol\u00edticos\"},\"url\":\"https:\\\/\\\/lospoliticosveracruz.com\\\/?author=2\"}]}<\/script>\n<!-- \/ Yoast SEO plugin. -->","yoast_head_json":{"title":"Carlos Fuentes, un mexicano en el mundo - Los pol\u00edticos Veracruz","robots":{"index":"index","follow":"follow","max-snippet":"max-snippet:-1","max-image-preview":"max-image-preview:large","max-video-preview":"max-video-preview:-1"},"canonical":"https:\/\/lospoliticosveracruz.com\/?p=19045","og_locale":"es_ES","og_type":"article","og_title":"Carlos Fuentes, un mexicano en el mundo - Los pol\u00edticos Veracruz","og_description":"Gustavo \u00c1vila Maldonado Ruizcortinadas Uno de mis libros favoritos es Aura, una novela corta de Carlos Fuentes, uno de los mexicanos m\u00e1s destacados, de los hombres de letras m\u00e1s importantes en nuestra naci\u00f3n y en el mundo, Carlos Fuentes Mac\u00edas, habr\u00eda cumplido el d\u00eda de ayer nada m\u00e1s 87 a\u00f1os de edad, pero \u201cs\u00f3lo\u201d alcanz\u00f3 [&hellip;]","og_url":"https:\/\/lospoliticosveracruz.com\/?p=19045","og_site_name":"Los pol\u00edticos Veracruz","article_publisher":"https:\/\/www.facebook.com\/people\/Notimemes-de-los-Polticos\/61565672886568\/","article_published_time":"2015-11-12T23:08:06+00:00","og_image":[{"url":"http:\/\/www.lospoliticosveracruz.com.mx\/wp-content\/uploads\/2015\/11\/Carlos-Fuentes1-300x166.jpg","type":"","width":"","height":""}],"author":"Lo viste en Los Pol\u00edticos","twitter_card":"summary_large_image","twitter_creator":"@LosPoliticosVer","twitter_site":"@LosPoliticosVer","twitter_misc":{"Escrito por":"Lo viste en Los Pol\u00edticos","Tiempo de lectura":"5 minutos"},"schema":{"@context":"https:\/\/schema.org","@graph":[{"@type":"Article","@id":"https:\/\/lospoliticosveracruz.com\/?p=19045#article","isPartOf":{"@id":"https:\/\/lospoliticosveracruz.com\/?p=19045"},"author":{"name":"Lo viste en Los Pol\u00edticos","@id":"https:\/\/lospoliticosveracruz.com\/#\/schema\/person\/b8702bb0e538456e6efd07080bf2a4a2"},"headline":"Carlos Fuentes, un mexicano en el mundo","datePublished":"2015-11-12T23:08:06+00:00","mainEntityOfPage":{"@id":"https:\/\/lospoliticosveracruz.com\/?p=19045"},"wordCount":910,"commentCount":0,"publisher":{"@id":"https:\/\/lospoliticosveracruz.com\/#organization"},"image":{"@id":"https:\/\/lospoliticosveracruz.com\/?p=19045#primaryimage"},"thumbnailUrl":"http:\/\/www.lospoliticosveracruz.com.mx\/wp-content\/uploads\/2015\/11\/Carlos-Fuentes1-300x166.jpg","keywords":["Carlos Fuentes"],"articleSection":["Cine, Libros y m\u00e1s"],"inLanguage":"es","potentialAction":[{"@type":"CommentAction","name":"Comment","target":["https:\/\/lospoliticosveracruz.com\/?p=19045#respond"]}]},{"@type":"WebPage","@id":"https:\/\/lospoliticosveracruz.com\/?p=19045","url":"https:\/\/lospoliticosveracruz.com\/?p=19045","name":"Carlos Fuentes, un mexicano en el mundo - Los pol\u00edticos Veracruz","isPartOf":{"@id":"https:\/\/lospoliticosveracruz.com\/#website"},"primaryImageOfPage":{"@id":"https:\/\/lospoliticosveracruz.com\/?p=19045#primaryimage"},"image":{"@id":"https:\/\/lospoliticosveracruz.com\/?p=19045#primaryimage"},"thumbnailUrl":"http:\/\/www.lospoliticosveracruz.com.mx\/wp-content\/uploads\/2015\/11\/Carlos-Fuentes1-300x166.jpg","datePublished":"2015-11-12T23:08:06+00:00","breadcrumb":{"@id":"https:\/\/lospoliticosveracruz.com\/?p=19045#breadcrumb"},"inLanguage":"es","potentialAction":[{"@type":"ReadAction","target":["https:\/\/lospoliticosveracruz.com\/?p=19045"]}]},{"@type":"ImageObject","inLanguage":"es","@id":"https:\/\/lospoliticosveracruz.com\/?p=19045#primaryimage","url":"http:\/\/www.lospoliticosveracruz.com.mx\/wp-content\/uploads\/2015\/11\/Carlos-Fuentes1-300x166.jpg","contentUrl":"http:\/\/www.lospoliticosveracruz.com.mx\/wp-content\/uploads\/2015\/11\/Carlos-Fuentes1-300x166.jpg"},{"@type":"BreadcrumbList","@id":"https:\/\/lospoliticosveracruz.com\/?p=19045#breadcrumb","itemListElement":[{"@type":"ListItem","position":1,"name":"Portada","item":"https:\/\/lospoliticosveracruz.com\/"},{"@type":"ListItem","position":2,"name":"Carlos Fuentes, un mexicano en el mundo"}]},{"@type":"WebSite","@id":"https:\/\/lospoliticosveracruz.com\/#website","url":"https:\/\/lospoliticosveracruz.com\/","name":"Los pol\u00edticos Veracruz","description":"","publisher":{"@id":"https:\/\/lospoliticosveracruz.com\/#organization"},"potentialAction":[{"@type":"SearchAction","target":{"@type":"EntryPoint","urlTemplate":"https:\/\/lospoliticosveracruz.com\/?s={search_term_string}"},"query-input":{"@type":"PropertyValueSpecification","valueRequired":true,"valueName":"search_term_string"}}],"inLanguage":"es"},{"@type":"Organization","@id":"https:\/\/lospoliticosveracruz.com\/#organization","name":"Los pol\u00edticos Veracruz","url":"https:\/\/lospoliticosveracruz.com\/","logo":{"@type":"ImageObject","inLanguage":"es","@id":"https:\/\/lospoliticosveracruz.com\/#\/schema\/logo\/image\/","url":"https:\/\/lospoliticosveracruz.com\/wp-content\/uploads\/2025\/12\/Logo-Nuevo-LOS-POLITICOS-1.jpg","contentUrl":"https:\/\/lospoliticosveracruz.com\/wp-content\/uploads\/2025\/12\/Logo-Nuevo-LOS-POLITICOS-1.jpg","width":260,"height":70,"caption":"Los pol\u00edticos Veracruz"},"image":{"@id":"https:\/\/lospoliticosveracruz.com\/#\/schema\/logo\/image\/"},"sameAs":["https:\/\/www.facebook.com\/people\/Notimemes-de-los-Polticos\/61565672886568\/","https:\/\/x.com\/LosPoliticosVer"]},{"@type":"Person","@id":"https:\/\/lospoliticosveracruz.com\/#\/schema\/person\/b8702bb0e538456e6efd07080bf2a4a2","name":"Lo viste en Los Pol\u00edticos","image":{"@type":"ImageObject","inLanguage":"es","@id":"https:\/\/secure.gravatar.com\/avatar\/3a8de04a2656d44082be478bd6c086daa447c4651605818287b9532d3d0bd435?s=96&d=mm&r=g","url":"https:\/\/secure.gravatar.com\/avatar\/3a8de04a2656d44082be478bd6c086daa447c4651605818287b9532d3d0bd435?s=96&d=mm&r=g","contentUrl":"https:\/\/secure.gravatar.com\/avatar\/3a8de04a2656d44082be478bd6c086daa447c4651605818287b9532d3d0bd435?s=96&d=mm&r=g","caption":"Lo viste en Los Pol\u00edticos"},"url":"https:\/\/lospoliticosveracruz.com\/?author=2"}]}},"_links":{"self":[{"href":"https:\/\/lospoliticosveracruz.com\/index.php?rest_route=\/wp\/v2\/posts\/19045","targetHints":{"allow":["GET"]}}],"collection":[{"href":"https:\/\/lospoliticosveracruz.com\/index.php?rest_route=\/wp\/v2\/posts"}],"about":[{"href":"https:\/\/lospoliticosveracruz.com\/index.php?rest_route=\/wp\/v2\/types\/post"}],"author":[{"embeddable":true,"href":"https:\/\/lospoliticosveracruz.com\/index.php?rest_route=\/wp\/v2\/users\/2"}],"replies":[{"embeddable":true,"href":"https:\/\/lospoliticosveracruz.com\/index.php?rest_route=%2Fwp%2Fv2%2Fcomments&post=19045"}],"version-history":[{"count":1,"href":"https:\/\/lospoliticosveracruz.com\/index.php?rest_route=\/wp\/v2\/posts\/19045\/revisions"}],"predecessor-version":[{"id":19049,"href":"https:\/\/lospoliticosveracruz.com\/index.php?rest_route=\/wp\/v2\/posts\/19045\/revisions\/19049"}],"wp:attachment":[{"href":"https:\/\/lospoliticosveracruz.com\/index.php?rest_route=%2Fwp%2Fv2%2Fmedia&parent=19045"}],"wp:term":[{"taxonomy":"category","embeddable":true,"href":"https:\/\/lospoliticosveracruz.com\/index.php?rest_route=%2Fwp%2Fv2%2Fcategories&post=19045"},{"taxonomy":"post_tag","embeddable":true,"href":"https:\/\/lospoliticosveracruz.com\/index.php?rest_route=%2Fwp%2Fv2%2Ftags&post=19045"}],"curies":[{"name":"wp","href":"https:\/\/api.w.org\/{rel}","templated":true}]}}