{"id":19057,"date":"2015-11-12T22:19:43","date_gmt":"2015-11-13T04:19:43","guid":{"rendered":"http:\/\/www.lospoliticosveracruz.com.mx\/?p=19057"},"modified":"2015-11-12T22:19:43","modified_gmt":"2015-11-13T04:19:43","slug":"pavon-se-pasa-de-windex","status":"publish","type":"post","link":"https:\/\/lospoliticosveracruz.com\/?p=19057","title":{"rendered":"\u00a1Pav\u00f3n se pasa de Windex!"},"content":{"rendered":"<p dir=\"ltr\"><a href=\"http:\/\/www.lospoliticosveracruz.com.mx\/wp-content\/uploads\/2015\/11\/Juan-Octavio-Pav\u00f3n.png\"><img loading=\"lazy\" decoding=\"async\" class=\"alignnone size-medium wp-image-19059\" src=\"http:\/\/www.lospoliticosveracruz.com.mx\/wp-content\/uploads\/2015\/11\/Juan-Octavio-Pav\u00f3n-300x200.png\" alt=\"Juan Octavio Pav\u00f3n\" width=\"300\" height=\"200\" \/><\/a><\/p>\n<p dir=\"ltr\"><strong>Salvador Mu\u00f1oz<\/strong><\/p>\n<p><em>Los Pol\u00edticos<\/em><\/p>\n<p dir=\"ltr\">En las nuevas oficinas de la Coordinaci\u00f3n General de Comunicaci\u00f3n Social son tan transparentes, pero tan transparentes, \u00a1que hasta se dan de topes!<\/p>\n<p dir=\"ltr\">Y eso al menos lo constat\u00e9 de manera personal ayer, que invitados por el titular de la CGCS junto con un grupo de columnistas y directores de medios impresos y electr\u00f3nicos, visitamos e hicimos un recorrido por las instalaciones \u00a0del cuarto piso (las del tercero, me di la vuelta yo solo).<\/p>\n<p dir=\"ltr\">II<\/p>\n<p dir=\"ltr\">La nueva ampliaci\u00f3n presupuestal por m\u00e1s de 49 millones de pesos parece que abre la posibilidad para que el Organismo P\u00fablico Local Electoral (OPLE) o Instituto Electoral Veracruzano (IEV), sea pr\u00f3ximamente el nuevo vecino de la CGCS en el edificio El Olmo.<\/p>\n<p dir=\"ltr\">La noticia, de ser cierta, podr\u00eda aventurarnos a decir que el OPLE se suma a los institutos y dependencias que se han ido asentando a las afueras de la ciudad junto con las que ya estaban, como la SEV, C-4 y el Orfis.<\/p>\n<p dir=\"ltr\">Debemos de citar a la Fiscal\u00eda General, a las oficinas de Sedesol del Estado, Relaciones Exteriores, Sedecop y por ah\u00ed, alguna que se me escape\u2026<\/p>\n<p dir=\"ltr\">\u00a1En una de \u00e9sas estamos a punto de la descentralizaci\u00f3n de los plantones!<\/p>\n<p dir=\"ltr\">De ser cierta la especie de que el OPLE o IEV estar\u00e1n en El Olmo, y teniendo a la vuelta de la esquina elecciones, \u00bfse imagina el registro de candidatos que gustan de arrastrar simpatizantes en estos eventos? o peor a\u00fan: \u00bflas manifestaciones de inconformidad por alg\u00fan resultado electoral?<\/p>\n<p dir=\"ltr\">Ni modo Juan Octavio Pav\u00f3n\u2026 es el riesgo de llegar a habitar un edificio\u2026 no sabes de qu\u00e9 vecinos te vas a rodear.<\/p>\n<p dir=\"ltr\">Sin embargo, a\u00fan se est\u00e1 en tiempo para proponerle al titular del OPLE, Jos\u00e9 Alejandro Bonilla Bonilla, algunas otras opciones de renta, como puede ser \u201cEl Armadillo\u201d, aunque si lo ve lejos, pues la Central de Abasto&#8230;<\/p>\n<p dir=\"ltr\">III<\/p>\n<p dir=\"ltr\">En la visita a la Coordinaci\u00f3n, platica Juan Octavio Pav\u00f3n que el mobiliario que tienen fue donado por los organizadores de los Juegos Centroamericanos y del Caribe del a\u00f1o pasado. Que estuvieron ocho meses en bodega. La idea era no gastar en equipo. Igual ocurri\u00f3 con las laptops y computadoras de escritorio. El equipo viejo es posible que se desarme y usen los discos duros; el resto, quedar\u00e1 en manos de Sefiplan quien ha de darle el destino que crea m\u00e1s conveniente.<\/p>\n<p dir=\"ltr\">Como lo escrib\u00ed en anterior ocasi\u00f3n, habla de un 10 por ciento de ahorro anual aunque la verdadera ventaja es tener a todo el equipo integrado\u2026 bueno, casi a todo el equipo\u2026 se quedan en Palacio de Gobierno los de S\u00edntesis en t\u00e9rminos de funcionalidad\u2026<\/p>\n<p dir=\"ltr\">IV<\/p>\n<p dir=\"ltr\">Por supuesto, las ventajas de tener nueva \u201ccasa\u201d a veces implica desventaja para otros\u2026 de acuerdo al \u00faltimo censo levantado por la direcci\u00f3n de comercio del Ayuntamiento local, las ventas de tacos de canasta en el parque Ju\u00e1rez se vieron reducidas en esta \u00faltima semana\u2026 mientras tanto, Angel Mart\u00ednez Armengol, Rafael P\u00e9rez C\u00e1rdenas, Polo Pascacio, Paco Reyes Isidoro, Ra\u00fal Guti\u00e9rrez, Edwin L\u00f3pez y Jorge Andrade Mallard han bajado ya algunos kilos desde que est\u00e1n de base en El Olmo, que a pesar de su estructura externa, cr\u00e9ame que hay tanta transparencia, pero tanta transparencia \u00a1que se dan de topes! Vi a dos mujeres de Comunicaci\u00f3n Social chocar con un cristal y me dicen que Polo Pascacio igual se impact\u00f3\u2026 no estoy seguro si Rafa P\u00e9rez C\u00e1rdenas igual sufri\u00f3 un golpe por el efecto de la transparencia. Antes de retirarme, en la entrada del tercer piso pusieron unas hojas de papel que advert\u00edan del cristal&#8230; y es que dicen que Juan Octavio Pav\u00f3n todo lo quiere tan transparente \u00a1que se pasa de Windex!<\/p>\n<p dir=\"ltr\"><a href=\"mailto:smcainito@gmail.com\" target=\"_blank\">smcainito@gmail.com<\/a><\/p>\n","protected":false},"excerpt":{"rendered":"<p>Salvador Mu\u00f1oz Los Pol\u00edticos En las nuevas oficinas de la Coordinaci\u00f3n General de Comunicaci\u00f3n Social son tan transparentes, pero tan transparentes, \u00a1que hasta se dan de topes! Y eso al menos lo constat\u00e9 de manera personal ayer, que invitados por el titular de la CGCS junto con un grupo de columnistas y directores de medios [&hellip;]<\/p>\n","protected":false},"author":2,"featured_media":0,"comment_status":"open","ping_status":"open","sticky":false,"template":"","format":"standard","meta":{"tdm_status":"","tdm_grid_status":"","footnotes":""},"categories":[70],"tags":[933,4054,4021,310,4055,1383,3272,4052,4051,4050,4053],"class_list":{"0":"post-19057","1":"post","2":"type-post","3":"status-publish","4":"format-standard","6":"category-de-opinion","7":"tag-comunicacion-social","8":"tag-edwin-lopez","9":"tag-el-olmo","10":"tag-iev","11":"tag-jorge-andrade-mallard","12":"tag-juan-octavio-pavon","13":"tag-ople","14":"tag-paco-reyes-isidoro","15":"tag-polo-pascacio","16":"tag-rafael-perez-cardenas","17":"tag-raul-gutierrez"},"yoast_head":"<!-- This site is optimized with the Yoast SEO plugin v27.4 - https:\/\/yoast.com\/product\/yoast-seo-wordpress\/ -->\n<title>\u00a1Pav\u00f3n se pasa de Windex! - Los pol\u00edticos Veracruz<\/title>\n<meta name=\"robots\" content=\"index, follow, max-snippet:-1, max-image-preview:large, max-video-preview:-1\" \/>\n<link rel=\"canonical\" href=\"https:\/\/lospoliticosveracruz.com\/?p=19057\" \/>\n<meta property=\"og:locale\" content=\"es_ES\" \/>\n<meta property=\"og:type\" content=\"article\" \/>\n<meta property=\"og:title\" content=\"\u00a1Pav\u00f3n se pasa de Windex! - Los pol\u00edticos Veracruz\" \/>\n<meta property=\"og:description\" content=\"Salvador Mu\u00f1oz Los Pol\u00edticos En las nuevas oficinas de la Coordinaci\u00f3n General de Comunicaci\u00f3n Social son tan transparentes, pero tan transparentes, \u00a1que hasta se dan de topes! Y eso al menos lo constat\u00e9 de manera personal ayer, que invitados por el titular de la CGCS junto con un grupo de columnistas y directores de medios [&hellip;]\" \/>\n<meta property=\"og:url\" content=\"https:\/\/lospoliticosveracruz.com\/?p=19057\" \/>\n<meta property=\"og:site_name\" content=\"Los pol\u00edticos Veracruz\" \/>\n<meta property=\"article:publisher\" content=\"https:\/\/www.facebook.com\/people\/Notimemes-de-los-Polticos\/61565672886568\/\" \/>\n<meta property=\"article:published_time\" content=\"2015-11-13T04:19:43+00:00\" \/>\n<meta property=\"og:image\" content=\"https:\/\/lospoliticosveracruz.com\/wp-content\/uploads\/2016\/07\/Logo-Dor.jpg\" \/>\n\t<meta property=\"og:image:width\" content=\"200\" \/>\n\t<meta property=\"og:image:height\" content=\"200\" \/>\n\t<meta property=\"og:image:type\" content=\"image\/jpeg\" \/>\n<meta name=\"author\" content=\"Lo viste en Los Pol\u00edticos\" \/>\n<meta name=\"twitter:card\" content=\"summary_large_image\" \/>\n<meta name=\"twitter:creator\" content=\"@LosPoliticosVer\" \/>\n<meta name=\"twitter:site\" content=\"@LosPoliticosVer\" \/>\n<meta name=\"twitter:label1\" content=\"Escrito por\" \/>\n\t<meta name=\"twitter:data1\" content=\"Lo viste en Los Pol\u00edticos\" \/>\n\t<meta name=\"twitter:label2\" content=\"Tiempo de lectura\" \/>\n\t<meta name=\"twitter:data2\" content=\"3 minutos\" \/>\n<script type=\"application\/ld+json\" class=\"yoast-schema-graph\">{\"@context\":\"https:\\\/\\\/schema.org\",\"@graph\":[{\"@type\":\"Article\",\"@id\":\"https:\\\/\\\/lospoliticosveracruz.com\\\/?p=19057#article\",\"isPartOf\":{\"@id\":\"https:\\\/\\\/lospoliticosveracruz.com\\\/?p=19057\"},\"author\":{\"name\":\"Lo viste en Los Pol\u00edticos\",\"@id\":\"https:\\\/\\\/lospoliticosveracruz.com\\\/#\\\/schema\\\/person\\\/b8702bb0e538456e6efd07080bf2a4a2\"},\"headline\":\"\u00a1Pav\u00f3n se pasa de Windex!\",\"datePublished\":\"2015-11-13T04:19:43+00:00\",\"mainEntityOfPage\":{\"@id\":\"https:\\\/\\\/lospoliticosveracruz.com\\\/?p=19057\"},\"wordCount\":658,\"commentCount\":0,\"publisher\":{\"@id\":\"https:\\\/\\\/lospoliticosveracruz.com\\\/#organization\"},\"keywords\":[\"Comunicaci\u00f3n Social\",\"Edwin L\u00f3pez\",\"El Olmo\",\"IEV\",\"Jorge Andrade Mallard\",\"Juan Octavio Pav\u00f3n\",\"OPLE\",\"Paco Reyes Isidoro\",\"Polo Pascacio\",\"Rafael P\u00e9rez C\u00e1rdenas\",\"Ra\u00fal Guti\u00e9rrez\"],\"articleSection\":[\"De Opini\u00f3n\"],\"inLanguage\":\"es\",\"potentialAction\":[{\"@type\":\"CommentAction\",\"name\":\"Comment\",\"target\":[\"https:\\\/\\\/lospoliticosveracruz.com\\\/?p=19057#respond\"]}]},{\"@type\":\"WebPage\",\"@id\":\"https:\\\/\\\/lospoliticosveracruz.com\\\/?p=19057\",\"url\":\"https:\\\/\\\/lospoliticosveracruz.com\\\/?p=19057\",\"name\":\"\u00a1Pav\u00f3n se pasa de Windex! - Los pol\u00edticos Veracruz\",\"isPartOf\":{\"@id\":\"https:\\\/\\\/lospoliticosveracruz.com\\\/#website\"},\"datePublished\":\"2015-11-13T04:19:43+00:00\",\"breadcrumb\":{\"@id\":\"https:\\\/\\\/lospoliticosveracruz.com\\\/?p=19057#breadcrumb\"},\"inLanguage\":\"es\",\"potentialAction\":[{\"@type\":\"ReadAction\",\"target\":[\"https:\\\/\\\/lospoliticosveracruz.com\\\/?p=19057\"]}]},{\"@type\":\"BreadcrumbList\",\"@id\":\"https:\\\/\\\/lospoliticosveracruz.com\\\/?p=19057#breadcrumb\",\"itemListElement\":[{\"@type\":\"ListItem\",\"position\":1,\"name\":\"Portada\",\"item\":\"https:\\\/\\\/lospoliticosveracruz.com\\\/\"},{\"@type\":\"ListItem\",\"position\":2,\"name\":\"\u00a1Pav\u00f3n se pasa de Windex!\"}]},{\"@type\":\"WebSite\",\"@id\":\"https:\\\/\\\/lospoliticosveracruz.com\\\/#website\",\"url\":\"https:\\\/\\\/lospoliticosveracruz.com\\\/\",\"name\":\"Los pol\u00edticos Veracruz\",\"description\":\"\",\"publisher\":{\"@id\":\"https:\\\/\\\/lospoliticosveracruz.com\\\/#organization\"},\"potentialAction\":[{\"@type\":\"SearchAction\",\"target\":{\"@type\":\"EntryPoint\",\"urlTemplate\":\"https:\\\/\\\/lospoliticosveracruz.com\\\/?s={search_term_string}\"},\"query-input\":{\"@type\":\"PropertyValueSpecification\",\"valueRequired\":true,\"valueName\":\"search_term_string\"}}],\"inLanguage\":\"es\"},{\"@type\":\"Organization\",\"@id\":\"https:\\\/\\\/lospoliticosveracruz.com\\\/#organization\",\"name\":\"Los pol\u00edticos Veracruz\",\"url\":\"https:\\\/\\\/lospoliticosveracruz.com\\\/\",\"logo\":{\"@type\":\"ImageObject\",\"inLanguage\":\"es\",\"@id\":\"https:\\\/\\\/lospoliticosveracruz.com\\\/#\\\/schema\\\/logo\\\/image\\\/\",\"url\":\"https:\\\/\\\/lospoliticosveracruz.com\\\/wp-content\\\/uploads\\\/2025\\\/12\\\/Logo-Nuevo-LOS-POLITICOS-1.jpg\",\"contentUrl\":\"https:\\\/\\\/lospoliticosveracruz.com\\\/wp-content\\\/uploads\\\/2025\\\/12\\\/Logo-Nuevo-LOS-POLITICOS-1.jpg\",\"width\":260,\"height\":70,\"caption\":\"Los pol\u00edticos Veracruz\"},\"image\":{\"@id\":\"https:\\\/\\\/lospoliticosveracruz.com\\\/#\\\/schema\\\/logo\\\/image\\\/\"},\"sameAs\":[\"https:\\\/\\\/www.facebook.com\\\/people\\\/Notimemes-de-los-Polticos\\\/61565672886568\\\/\",\"https:\\\/\\\/x.com\\\/LosPoliticosVer\"]},{\"@type\":\"Person\",\"@id\":\"https:\\\/\\\/lospoliticosveracruz.com\\\/#\\\/schema\\\/person\\\/b8702bb0e538456e6efd07080bf2a4a2\",\"name\":\"Lo viste en Los Pol\u00edticos\",\"image\":{\"@type\":\"ImageObject\",\"inLanguage\":\"es\",\"@id\":\"https:\\\/\\\/secure.gravatar.com\\\/avatar\\\/3a8de04a2656d44082be478bd6c086daa447c4651605818287b9532d3d0bd435?s=96&d=mm&r=g\",\"url\":\"https:\\\/\\\/secure.gravatar.com\\\/avatar\\\/3a8de04a2656d44082be478bd6c086daa447c4651605818287b9532d3d0bd435?s=96&d=mm&r=g\",\"contentUrl\":\"https:\\\/\\\/secure.gravatar.com\\\/avatar\\\/3a8de04a2656d44082be478bd6c086daa447c4651605818287b9532d3d0bd435?s=96&d=mm&r=g\",\"caption\":\"Lo viste en Los Pol\u00edticos\"},\"url\":\"https:\\\/\\\/lospoliticosveracruz.com\\\/?author=2\"}]}<\/script>\n<!-- \/ Yoast SEO plugin. -->","yoast_head_json":{"title":"\u00a1Pav\u00f3n se pasa de Windex! - Los pol\u00edticos Veracruz","robots":{"index":"index","follow":"follow","max-snippet":"max-snippet:-1","max-image-preview":"max-image-preview:large","max-video-preview":"max-video-preview:-1"},"canonical":"https:\/\/lospoliticosveracruz.com\/?p=19057","og_locale":"es_ES","og_type":"article","og_title":"\u00a1Pav\u00f3n se pasa de Windex! - Los pol\u00edticos Veracruz","og_description":"Salvador Mu\u00f1oz Los Pol\u00edticos En las nuevas oficinas de la Coordinaci\u00f3n General de Comunicaci\u00f3n Social son tan transparentes, pero tan transparentes, \u00a1que hasta se dan de topes! Y eso al menos lo constat\u00e9 de manera personal ayer, que invitados por el titular de la CGCS junto con un grupo de columnistas y directores de medios [&hellip;]","og_url":"https:\/\/lospoliticosveracruz.com\/?p=19057","og_site_name":"Los pol\u00edticos Veracruz","article_publisher":"https:\/\/www.facebook.com\/people\/Notimemes-de-los-Polticos\/61565672886568\/","article_published_time":"2015-11-13T04:19:43+00:00","og_image":[{"width":200,"height":200,"url":"https:\/\/lospoliticosveracruz.com\/wp-content\/uploads\/2016\/07\/Logo-Dor.jpg","type":"image\/jpeg"}],"author":"Lo viste en Los Pol\u00edticos","twitter_card":"summary_large_image","twitter_creator":"@LosPoliticosVer","twitter_site":"@LosPoliticosVer","twitter_misc":{"Escrito por":"Lo viste en Los Pol\u00edticos","Tiempo de lectura":"3 minutos"},"schema":{"@context":"https:\/\/schema.org","@graph":[{"@type":"Article","@id":"https:\/\/lospoliticosveracruz.com\/?p=19057#article","isPartOf":{"@id":"https:\/\/lospoliticosveracruz.com\/?p=19057"},"author":{"name":"Lo viste en Los Pol\u00edticos","@id":"https:\/\/lospoliticosveracruz.com\/#\/schema\/person\/b8702bb0e538456e6efd07080bf2a4a2"},"headline":"\u00a1Pav\u00f3n se pasa de Windex!","datePublished":"2015-11-13T04:19:43+00:00","mainEntityOfPage":{"@id":"https:\/\/lospoliticosveracruz.com\/?p=19057"},"wordCount":658,"commentCount":0,"publisher":{"@id":"https:\/\/lospoliticosveracruz.com\/#organization"},"keywords":["Comunicaci\u00f3n Social","Edwin L\u00f3pez","El Olmo","IEV","Jorge Andrade Mallard","Juan Octavio Pav\u00f3n","OPLE","Paco Reyes Isidoro","Polo Pascacio","Rafael P\u00e9rez C\u00e1rdenas","Ra\u00fal Guti\u00e9rrez"],"articleSection":["De Opini\u00f3n"],"inLanguage":"es","potentialAction":[{"@type":"CommentAction","name":"Comment","target":["https:\/\/lospoliticosveracruz.com\/?p=19057#respond"]}]},{"@type":"WebPage","@id":"https:\/\/lospoliticosveracruz.com\/?p=19057","url":"https:\/\/lospoliticosveracruz.com\/?p=19057","name":"\u00a1Pav\u00f3n se pasa de Windex! - Los pol\u00edticos Veracruz","isPartOf":{"@id":"https:\/\/lospoliticosveracruz.com\/#website"},"datePublished":"2015-11-13T04:19:43+00:00","breadcrumb":{"@id":"https:\/\/lospoliticosveracruz.com\/?p=19057#breadcrumb"},"inLanguage":"es","potentialAction":[{"@type":"ReadAction","target":["https:\/\/lospoliticosveracruz.com\/?p=19057"]}]},{"@type":"BreadcrumbList","@id":"https:\/\/lospoliticosveracruz.com\/?p=19057#breadcrumb","itemListElement":[{"@type":"ListItem","position":1,"name":"Portada","item":"https:\/\/lospoliticosveracruz.com\/"},{"@type":"ListItem","position":2,"name":"\u00a1Pav\u00f3n se pasa de Windex!"}]},{"@type":"WebSite","@id":"https:\/\/lospoliticosveracruz.com\/#website","url":"https:\/\/lospoliticosveracruz.com\/","name":"Los pol\u00edticos Veracruz","description":"","publisher":{"@id":"https:\/\/lospoliticosveracruz.com\/#organization"},"potentialAction":[{"@type":"SearchAction","target":{"@type":"EntryPoint","urlTemplate":"https:\/\/lospoliticosveracruz.com\/?s={search_term_string}"},"query-input":{"@type":"PropertyValueSpecification","valueRequired":true,"valueName":"search_term_string"}}],"inLanguage":"es"},{"@type":"Organization","@id":"https:\/\/lospoliticosveracruz.com\/#organization","name":"Los pol\u00edticos Veracruz","url":"https:\/\/lospoliticosveracruz.com\/","logo":{"@type":"ImageObject","inLanguage":"es","@id":"https:\/\/lospoliticosveracruz.com\/#\/schema\/logo\/image\/","url":"https:\/\/lospoliticosveracruz.com\/wp-content\/uploads\/2025\/12\/Logo-Nuevo-LOS-POLITICOS-1.jpg","contentUrl":"https:\/\/lospoliticosveracruz.com\/wp-content\/uploads\/2025\/12\/Logo-Nuevo-LOS-POLITICOS-1.jpg","width":260,"height":70,"caption":"Los pol\u00edticos Veracruz"},"image":{"@id":"https:\/\/lospoliticosveracruz.com\/#\/schema\/logo\/image\/"},"sameAs":["https:\/\/www.facebook.com\/people\/Notimemes-de-los-Polticos\/61565672886568\/","https:\/\/x.com\/LosPoliticosVer"]},{"@type":"Person","@id":"https:\/\/lospoliticosveracruz.com\/#\/schema\/person\/b8702bb0e538456e6efd07080bf2a4a2","name":"Lo viste en Los Pol\u00edticos","image":{"@type":"ImageObject","inLanguage":"es","@id":"https:\/\/secure.gravatar.com\/avatar\/3a8de04a2656d44082be478bd6c086daa447c4651605818287b9532d3d0bd435?s=96&d=mm&r=g","url":"https:\/\/secure.gravatar.com\/avatar\/3a8de04a2656d44082be478bd6c086daa447c4651605818287b9532d3d0bd435?s=96&d=mm&r=g","contentUrl":"https:\/\/secure.gravatar.com\/avatar\/3a8de04a2656d44082be478bd6c086daa447c4651605818287b9532d3d0bd435?s=96&d=mm&r=g","caption":"Lo viste en Los Pol\u00edticos"},"url":"https:\/\/lospoliticosveracruz.com\/?author=2"}]}},"_links":{"self":[{"href":"https:\/\/lospoliticosveracruz.com\/index.php?rest_route=\/wp\/v2\/posts\/19057","targetHints":{"allow":["GET"]}}],"collection":[{"href":"https:\/\/lospoliticosveracruz.com\/index.php?rest_route=\/wp\/v2\/posts"}],"about":[{"href":"https:\/\/lospoliticosveracruz.com\/index.php?rest_route=\/wp\/v2\/types\/post"}],"author":[{"embeddable":true,"href":"https:\/\/lospoliticosveracruz.com\/index.php?rest_route=\/wp\/v2\/users\/2"}],"replies":[{"embeddable":true,"href":"https:\/\/lospoliticosveracruz.com\/index.php?rest_route=%2Fwp%2Fv2%2Fcomments&post=19057"}],"version-history":[{"count":1,"href":"https:\/\/lospoliticosveracruz.com\/index.php?rest_route=\/wp\/v2\/posts\/19057\/revisions"}],"predecessor-version":[{"id":19060,"href":"https:\/\/lospoliticosveracruz.com\/index.php?rest_route=\/wp\/v2\/posts\/19057\/revisions\/19060"}],"wp:attachment":[{"href":"https:\/\/lospoliticosveracruz.com\/index.php?rest_route=%2Fwp%2Fv2%2Fmedia&parent=19057"}],"wp:term":[{"taxonomy":"category","embeddable":true,"href":"https:\/\/lospoliticosveracruz.com\/index.php?rest_route=%2Fwp%2Fv2%2Fcategories&post=19057"},{"taxonomy":"post_tag","embeddable":true,"href":"https:\/\/lospoliticosveracruz.com\/index.php?rest_route=%2Fwp%2Fv2%2Ftags&post=19057"}],"curies":[{"name":"wp","href":"https:\/\/api.w.org\/{rel}","templated":true}]}}