{"id":19061,"date":"2015-11-13T07:41:21","date_gmt":"2015-11-13T13:41:21","guid":{"rendered":"http:\/\/www.lospoliticosveracruz.com.mx\/?p=19061"},"modified":"2015-11-13T07:41:21","modified_gmt":"2015-11-13T13:41:21","slug":"las-traiciones","status":"publish","type":"post","link":"https:\/\/lospoliticosveracruz.com\/?p=19061","title":{"rendered":"Las traiciones"},"content":{"rendered":"<p><a href=\"http:\/\/www.lospoliticosveracruz.com.mx\/wp-content\/uploads\/2015\/11\/gabriel-deantes-ramos.jpg\"><img loading=\"lazy\" decoding=\"async\" class=\"alignnone size-medium wp-image-18938\" src=\"http:\/\/www.lospoliticosveracruz.com.mx\/wp-content\/uploads\/2015\/11\/gabriel-deantes-ramos-300x200.jpg\" alt=\"gabriel deantes ramos\" width=\"300\" height=\"200\" \/><\/a><\/p>\n<p><strong>Jos\u00e9 Ortiz Medina<\/strong><\/p>\n<p><em>En Corto&#8230; sin Cortes<\/em><\/p>\n<p>Si hay un responsable por el tremendo rid\u00edculo que hizo Veracruz en la Suprema Corte de Justicia de la Naci\u00f3n, que anul\u00f3 41 art\u00edculos del C\u00f3digo Electoral del estado por inconstitucionales, es Gabriel Deantes, quien se llama a s\u00ed mismo el \u201coperador\u201d electoral del r\u00e9gimen.<br \/>\nY es que a sabiendas de que eran improcedentes muchas de las disposiciones que se incluyeron en el C\u00f3digo, como el nombramiento del Secretario Ejecutivo y el de los enlaces administrativos del Organismo P\u00fablico Local Electoral, Deantes enga\u00f1\u00f3 al gobernador Javier Duarte de Ochoa y le hizo creer que le \u201cpasar\u00edan de humo\u201d estas triqui\u00f1uelas a la oposici\u00f3n primero, y a los ministros despu\u00e9s. Y ah\u00ed est\u00e1n los resultados.<br \/>\nEn ese sentido, Deantes traicion\u00f3 al Gobernador, pues lo \u201cempin\u00f3\u201d deliberadamente, como tambi\u00e9n lo ha hecho con los laudos laborales que se niega a pagar y que le pueden causar responsabilidades legales al Ejecutivo estatal.<br \/>\nEs por esa traici\u00f3n que al tampique\u00f1o ya se le cay\u00f3 la candidatura a la diputaci\u00f3n local por Zongolica para la que se estaba promoviendo, y en su lugar surgir\u00eda como candidato emergente Tom\u00e1s L\u00f3pez Landero.<br \/>\nA ver si no lo vuelven a echar del gabinete por traidor.<\/p>\n<p>SI USTED ES asiduo usuario de telefon\u00eda m\u00f3vil, esta noticia le interesa. El Pleno del Instituto Federal de Telecomunicaciones aprob\u00f3 los lineamientos para que los operadores de este sector entreguen a las instituciones de seguridad y justicia informaci\u00f3n sobre los usuarios de sus servicios, intervengan llamadas o den la ubicaci\u00f3n de qui\u00e9n usa el dispositivo m\u00f3vil en tiempo real. Esto forma parte de las obligaciones de colaboraci\u00f3n establecidas en la reforma constitucional en telecomunicaciones aprobadas por el Congreso de la Uni\u00f3n y que ya est\u00e1n siendo reglamentadas. As\u00ed que aguas con los \u201cp\u00e1jaros en el alambre\u201d. De por s\u00ed ya estaban \u201ccolgados\u201d, pero ahora tendr\u00e1n soporte legal para escuchar, grabar y utilizar sus llamadas.<\/p>\n<p>POCO DECLARA, pero cuando lo hace dice y critica con mucho sentido, con el conocimiento de un pol\u00edtico de mil batallas. En esta ocasi\u00f3n, el tres veces candidato presidencial, Cuauht\u00e9moc C\u00e1rdenas, consider\u00f3 que el otorgar la medalla Belisario Dom\u00ednguez 2015 al empresario Alberto Bailleres Gonz\u00e1lez \u201ces un premio a la violenta desigualdad social existente\u201d. Dicho reconocimiento, consider\u00f3 el fundador del PRD, se entrega a alguien a quien \u201cla mayor\u00eda de la gente s\u00f3lo conoce por su \u00e9xito en amasar una voluminosa fortuna personal\u201d. En un texto publicado por el diario La Jornada, el ex jefe de gobierno del Distrito Federal destac\u00f3 que la decisi\u00f3n de una mayor\u00eda de senadores (no fue un acuerdo un\u00e1nime), lo que hace con su voto \u201ces un llamado a todos a amasar fortuna personal como principal logro de vida, y nunca debiera ser ese el llamado, de modo particular, a ni\u00f1os y j\u00f3venes que se est\u00e1n formando y que habr\u00e1n de tomar en sus manos los destinos de M\u00e9xico\u201d. Para C\u00e1rdenas Sol\u00f3rzano \u201cresulta inadmisible que se produzca este reconocimiento cuando nuestro pa\u00eds vive una de las \u00e9pocas en que, al menos en este siglo y el anterior, existe una de las situaciones de mayor desigualdad de orden social y que en los hechos se presente como m\u00e9rito y logro por alcanzar y ejemplo para todos la desigualdad misma, las oportunidades de mejoramiento limitadas a pocos y la alta concentraci\u00f3n de la riqueza en unos cuantos\u201d. Finalmente, el ex gobernador de Michoac\u00e1n calific\u00f3 de \u201cinaceptable\u201d que el reconocimiento a Bailleres se d\u00e9 \u201cpor primera vez desde 1954, por una mayor\u00eda y no por todos los senadores\u201d.<\/p>\n<p>EL RITMO DE ENTREGA de obra p\u00fablica que trae el alcalde Am\u00e9rico Z\u00fa\u00f1iga Mart\u00ednez anticipa un cierre de a\u00f1o intenso y especialmente esperanzador para los habitantes de Xalapa quienes ya empiezan disfrutar los beneficios de tener modernas calles pavimentadas concreto hidr\u00e1ulico de alta calidad y durable. En estos primeros d\u00edas del mes el mun\u00edcipe ha entregado vialidades en las colonias de los Periodistas, Emiliano Zapata, Carolino Anaya, Rafael Lucio, Aviaci\u00f3n Civil y Lomas del Sumidero, donde seguramente hay vecinos felices por ver que es real el mejoramiento y transformaci\u00f3n de la ciudad. La autoridad municipal est\u00e1 demostrando que el mejor discurso de un gobernante es el de la obra p\u00fablica que contribuye a la mejorar la calidad de vida de los habitantes.<\/p>\n<p>NUEVOS NOMBRAMIENTOS en la Secretar\u00eda de Desarrollo Social (Sedesol) estatal que encabeza Alfredo Ferrari, quien dio posesi\u00f3n este jueves a Paco Cessa como nuevo director de Combate a la Pobreza. Paco Cessa se ven\u00eda desempe\u00f1ando como Secretario de Gesti\u00f3n Social del PRI, espacio que ahora encabeza el diputado local Adolfo Ram\u00edrez Arana.<\/p>\n<p>EL SENADOR priista Jos\u00e9 Yunes Zorrilla se reunir\u00e1 con destacados m\u00e9dicos este viernes en la capital del estado; el encuentro se llevar\u00e1 a cabo en el Sal\u00f3n Ghal, a las 9:30 horas. OTRA PRIMICIA. De buena fuente sabemos que Jos\u00e9 Antonio Meade Curibre\u00f1a, secretario de Desarrollo Social del Gobierno federal, viene a tierras veracruzanas la pr\u00f3xima semana.<\/p>\n<p>SORPRENDI\u00d3 A propios y extra\u00f1os una manta que apareci\u00f3 desde la madrugada de este jueves en el edificio del PRI municipal en Boca del R\u00edo, en la que no hab\u00eda mensajes violentos o amenazantes sino que s\u00f3lo dec\u00eda: \u201cCerrado, nos mudamos al Paradise\u201d. Adem\u00e1s la manta destacaba la unidad del tricolor boque\u00f1o \u201cen una sola familia Ferrari\u201d y agradec\u00eda a la vez al presidente estatal de esa fuerza pol\u00edtica, Alberto Silva.<\/p>\n<p>CONTUNDENTE EL comentario de H\u00e9ctor Moctezuma en su columna \u201cCircuito Cerrado\u201d que publica en el diario Milenio. \u201c\u00bfSabr\u00e1 Manlio Fabio Beltrones qu\u00e9 Secretario (federal) est\u00e1 metido hasta la cocina en la elecci\u00f3n del candidato del PRI en Veracruz?\u201d.<\/p>\n","protected":false},"excerpt":{"rendered":"<p>Jos\u00e9 Ortiz Medina En Corto&#8230; sin Cortes Si hay un responsable por el tremendo rid\u00edculo que hizo Veracruz en la Suprema Corte de Justicia de la Naci\u00f3n, que anul\u00f3 41 art\u00edculos del C\u00f3digo Electoral del estado por inconstitucionales, es Gabriel Deantes, quien se llama a s\u00ed mismo el \u201coperador\u201d electoral del r\u00e9gimen. Y es que [&hellip;]<\/p>\n","protected":false},"author":2,"featured_media":0,"comment_status":"open","ping_status":"open","sticky":false,"template":"","format":"standard","meta":{"tdm_status":"","tdm_grid_status":"","footnotes":""},"categories":[70],"tags":[1413,1392,4056],"class_list":{"0":"post-19061","1":"post","2":"type-post","3":"status-publish","4":"format-standard","6":"category-de-opinion","7":"tag-codigo-electoral","8":"tag-gabriel-deantes-ramos","9":"tag-tomas-lopez-landero"},"yoast_head":"<!-- This site is optimized with the Yoast SEO plugin v27.4 - https:\/\/yoast.com\/product\/yoast-seo-wordpress\/ -->\n<title>Las traiciones - Los pol\u00edticos Veracruz<\/title>\n<meta name=\"robots\" content=\"index, follow, max-snippet:-1, max-image-preview:large, max-video-preview:-1\" \/>\n<link rel=\"canonical\" href=\"https:\/\/lospoliticosveracruz.com\/?p=19061\" \/>\n<meta property=\"og:locale\" content=\"es_ES\" \/>\n<meta property=\"og:type\" content=\"article\" \/>\n<meta property=\"og:title\" content=\"Las traiciones - Los pol\u00edticos Veracruz\" \/>\n<meta property=\"og:description\" content=\"Jos\u00e9 Ortiz Medina En Corto&#8230; sin Cortes Si hay un responsable por el tremendo rid\u00edculo que hizo Veracruz en la Suprema Corte de Justicia de la Naci\u00f3n, que anul\u00f3 41 art\u00edculos del C\u00f3digo Electoral del estado por inconstitucionales, es Gabriel Deantes, quien se llama a s\u00ed mismo el \u201coperador\u201d electoral del r\u00e9gimen. Y es que [&hellip;]\" \/>\n<meta property=\"og:url\" content=\"https:\/\/lospoliticosveracruz.com\/?p=19061\" \/>\n<meta property=\"og:site_name\" content=\"Los pol\u00edticos Veracruz\" \/>\n<meta property=\"article:publisher\" content=\"https:\/\/www.facebook.com\/people\/Notimemes-de-los-Polticos\/61565672886568\/\" \/>\n<meta property=\"article:published_time\" content=\"2015-11-13T13:41:21+00:00\" \/>\n<meta property=\"og:image\" content=\"http:\/\/www.lospoliticosveracruz.com.mx\/wp-content\/uploads\/2015\/11\/gabriel-deantes-ramos-300x200.jpg\" \/>\n<meta name=\"author\" content=\"Lo viste en Los Pol\u00edticos\" \/>\n<meta name=\"twitter:card\" content=\"summary_large_image\" \/>\n<meta name=\"twitter:creator\" content=\"@LosPoliticosVer\" \/>\n<meta name=\"twitter:site\" content=\"@LosPoliticosVer\" \/>\n<meta name=\"twitter:label1\" content=\"Escrito por\" \/>\n\t<meta name=\"twitter:data1\" content=\"Lo viste en Los Pol\u00edticos\" \/>\n\t<meta name=\"twitter:label2\" content=\"Tiempo de lectura\" \/>\n\t<meta name=\"twitter:data2\" content=\"5 minutos\" \/>\n<script type=\"application\/ld+json\" class=\"yoast-schema-graph\">{\"@context\":\"https:\\\/\\\/schema.org\",\"@graph\":[{\"@type\":\"Article\",\"@id\":\"https:\\\/\\\/lospoliticosveracruz.com\\\/?p=19061#article\",\"isPartOf\":{\"@id\":\"https:\\\/\\\/lospoliticosveracruz.com\\\/?p=19061\"},\"author\":{\"name\":\"Lo viste en Los Pol\u00edticos\",\"@id\":\"https:\\\/\\\/lospoliticosveracruz.com\\\/#\\\/schema\\\/person\\\/b8702bb0e538456e6efd07080bf2a4a2\"},\"headline\":\"Las traiciones\",\"datePublished\":\"2015-11-13T13:41:21+00:00\",\"mainEntityOfPage\":{\"@id\":\"https:\\\/\\\/lospoliticosveracruz.com\\\/?p=19061\"},\"wordCount\":1011,\"commentCount\":0,\"publisher\":{\"@id\":\"https:\\\/\\\/lospoliticosveracruz.com\\\/#organization\"},\"image\":{\"@id\":\"https:\\\/\\\/lospoliticosveracruz.com\\\/?p=19061#primaryimage\"},\"thumbnailUrl\":\"http:\\\/\\\/www.lospoliticosveracruz.com.mx\\\/wp-content\\\/uploads\\\/2015\\\/11\\\/gabriel-deantes-ramos-300x200.jpg\",\"keywords\":[\"C\u00f3digo Electoral\",\"Gabriel Deantes Ramos\",\"Tom\u00e1s L\u00f3pez Landero\"],\"articleSection\":[\"De Opini\u00f3n\"],\"inLanguage\":\"es\",\"potentialAction\":[{\"@type\":\"CommentAction\",\"name\":\"Comment\",\"target\":[\"https:\\\/\\\/lospoliticosveracruz.com\\\/?p=19061#respond\"]}]},{\"@type\":\"WebPage\",\"@id\":\"https:\\\/\\\/lospoliticosveracruz.com\\\/?p=19061\",\"url\":\"https:\\\/\\\/lospoliticosveracruz.com\\\/?p=19061\",\"name\":\"Las traiciones - Los pol\u00edticos Veracruz\",\"isPartOf\":{\"@id\":\"https:\\\/\\\/lospoliticosveracruz.com\\\/#website\"},\"primaryImageOfPage\":{\"@id\":\"https:\\\/\\\/lospoliticosveracruz.com\\\/?p=19061#primaryimage\"},\"image\":{\"@id\":\"https:\\\/\\\/lospoliticosveracruz.com\\\/?p=19061#primaryimage\"},\"thumbnailUrl\":\"http:\\\/\\\/www.lospoliticosveracruz.com.mx\\\/wp-content\\\/uploads\\\/2015\\\/11\\\/gabriel-deantes-ramos-300x200.jpg\",\"datePublished\":\"2015-11-13T13:41:21+00:00\",\"breadcrumb\":{\"@id\":\"https:\\\/\\\/lospoliticosveracruz.com\\\/?p=19061#breadcrumb\"},\"inLanguage\":\"es\",\"potentialAction\":[{\"@type\":\"ReadAction\",\"target\":[\"https:\\\/\\\/lospoliticosveracruz.com\\\/?p=19061\"]}]},{\"@type\":\"ImageObject\",\"inLanguage\":\"es\",\"@id\":\"https:\\\/\\\/lospoliticosveracruz.com\\\/?p=19061#primaryimage\",\"url\":\"http:\\\/\\\/www.lospoliticosveracruz.com.mx\\\/wp-content\\\/uploads\\\/2015\\\/11\\\/gabriel-deantes-ramos-300x200.jpg\",\"contentUrl\":\"http:\\\/\\\/www.lospoliticosveracruz.com.mx\\\/wp-content\\\/uploads\\\/2015\\\/11\\\/gabriel-deantes-ramos-300x200.jpg\"},{\"@type\":\"BreadcrumbList\",\"@id\":\"https:\\\/\\\/lospoliticosveracruz.com\\\/?p=19061#breadcrumb\",\"itemListElement\":[{\"@type\":\"ListItem\",\"position\":1,\"name\":\"Portada\",\"item\":\"https:\\\/\\\/lospoliticosveracruz.com\\\/\"},{\"@type\":\"ListItem\",\"position\":2,\"name\":\"Las traiciones\"}]},{\"@type\":\"WebSite\",\"@id\":\"https:\\\/\\\/lospoliticosveracruz.com\\\/#website\",\"url\":\"https:\\\/\\\/lospoliticosveracruz.com\\\/\",\"name\":\"Los pol\u00edticos Veracruz\",\"description\":\"\",\"publisher\":{\"@id\":\"https:\\\/\\\/lospoliticosveracruz.com\\\/#organization\"},\"potentialAction\":[{\"@type\":\"SearchAction\",\"target\":{\"@type\":\"EntryPoint\",\"urlTemplate\":\"https:\\\/\\\/lospoliticosveracruz.com\\\/?s={search_term_string}\"},\"query-input\":{\"@type\":\"PropertyValueSpecification\",\"valueRequired\":true,\"valueName\":\"search_term_string\"}}],\"inLanguage\":\"es\"},{\"@type\":\"Organization\",\"@id\":\"https:\\\/\\\/lospoliticosveracruz.com\\\/#organization\",\"name\":\"Los pol\u00edticos Veracruz\",\"url\":\"https:\\\/\\\/lospoliticosveracruz.com\\\/\",\"logo\":{\"@type\":\"ImageObject\",\"inLanguage\":\"es\",\"@id\":\"https:\\\/\\\/lospoliticosveracruz.com\\\/#\\\/schema\\\/logo\\\/image\\\/\",\"url\":\"https:\\\/\\\/lospoliticosveracruz.com\\\/wp-content\\\/uploads\\\/2025\\\/12\\\/Logo-Nuevo-LOS-POLITICOS-1.jpg\",\"contentUrl\":\"https:\\\/\\\/lospoliticosveracruz.com\\\/wp-content\\\/uploads\\\/2025\\\/12\\\/Logo-Nuevo-LOS-POLITICOS-1.jpg\",\"width\":260,\"height\":70,\"caption\":\"Los pol\u00edticos Veracruz\"},\"image\":{\"@id\":\"https:\\\/\\\/lospoliticosveracruz.com\\\/#\\\/schema\\\/logo\\\/image\\\/\"},\"sameAs\":[\"https:\\\/\\\/www.facebook.com\\\/people\\\/Notimemes-de-los-Polticos\\\/61565672886568\\\/\",\"https:\\\/\\\/x.com\\\/LosPoliticosVer\"]},{\"@type\":\"Person\",\"@id\":\"https:\\\/\\\/lospoliticosveracruz.com\\\/#\\\/schema\\\/person\\\/b8702bb0e538456e6efd07080bf2a4a2\",\"name\":\"Lo viste en Los Pol\u00edticos\",\"image\":{\"@type\":\"ImageObject\",\"inLanguage\":\"es\",\"@id\":\"https:\\\/\\\/secure.gravatar.com\\\/avatar\\\/3a8de04a2656d44082be478bd6c086daa447c4651605818287b9532d3d0bd435?s=96&d=mm&r=g\",\"url\":\"https:\\\/\\\/secure.gravatar.com\\\/avatar\\\/3a8de04a2656d44082be478bd6c086daa447c4651605818287b9532d3d0bd435?s=96&d=mm&r=g\",\"contentUrl\":\"https:\\\/\\\/secure.gravatar.com\\\/avatar\\\/3a8de04a2656d44082be478bd6c086daa447c4651605818287b9532d3d0bd435?s=96&d=mm&r=g\",\"caption\":\"Lo viste en Los Pol\u00edticos\"},\"url\":\"https:\\\/\\\/lospoliticosveracruz.com\\\/?author=2\"}]}<\/script>\n<!-- \/ Yoast SEO plugin. -->","yoast_head_json":{"title":"Las traiciones - Los pol\u00edticos Veracruz","robots":{"index":"index","follow":"follow","max-snippet":"max-snippet:-1","max-image-preview":"max-image-preview:large","max-video-preview":"max-video-preview:-1"},"canonical":"https:\/\/lospoliticosveracruz.com\/?p=19061","og_locale":"es_ES","og_type":"article","og_title":"Las traiciones - Los pol\u00edticos Veracruz","og_description":"Jos\u00e9 Ortiz Medina En Corto&#8230; sin Cortes Si hay un responsable por el tremendo rid\u00edculo que hizo Veracruz en la Suprema Corte de Justicia de la Naci\u00f3n, que anul\u00f3 41 art\u00edculos del C\u00f3digo Electoral del estado por inconstitucionales, es Gabriel Deantes, quien se llama a s\u00ed mismo el \u201coperador\u201d electoral del r\u00e9gimen. Y es que [&hellip;]","og_url":"https:\/\/lospoliticosveracruz.com\/?p=19061","og_site_name":"Los pol\u00edticos Veracruz","article_publisher":"https:\/\/www.facebook.com\/people\/Notimemes-de-los-Polticos\/61565672886568\/","article_published_time":"2015-11-13T13:41:21+00:00","og_image":[{"url":"http:\/\/www.lospoliticosveracruz.com.mx\/wp-content\/uploads\/2015\/11\/gabriel-deantes-ramos-300x200.jpg","type":"","width":"","height":""}],"author":"Lo viste en Los Pol\u00edticos","twitter_card":"summary_large_image","twitter_creator":"@LosPoliticosVer","twitter_site":"@LosPoliticosVer","twitter_misc":{"Escrito por":"Lo viste en Los Pol\u00edticos","Tiempo de lectura":"5 minutos"},"schema":{"@context":"https:\/\/schema.org","@graph":[{"@type":"Article","@id":"https:\/\/lospoliticosveracruz.com\/?p=19061#article","isPartOf":{"@id":"https:\/\/lospoliticosveracruz.com\/?p=19061"},"author":{"name":"Lo viste en Los Pol\u00edticos","@id":"https:\/\/lospoliticosveracruz.com\/#\/schema\/person\/b8702bb0e538456e6efd07080bf2a4a2"},"headline":"Las traiciones","datePublished":"2015-11-13T13:41:21+00:00","mainEntityOfPage":{"@id":"https:\/\/lospoliticosveracruz.com\/?p=19061"},"wordCount":1011,"commentCount":0,"publisher":{"@id":"https:\/\/lospoliticosveracruz.com\/#organization"},"image":{"@id":"https:\/\/lospoliticosveracruz.com\/?p=19061#primaryimage"},"thumbnailUrl":"http:\/\/www.lospoliticosveracruz.com.mx\/wp-content\/uploads\/2015\/11\/gabriel-deantes-ramos-300x200.jpg","keywords":["C\u00f3digo Electoral","Gabriel Deantes Ramos","Tom\u00e1s L\u00f3pez Landero"],"articleSection":["De Opini\u00f3n"],"inLanguage":"es","potentialAction":[{"@type":"CommentAction","name":"Comment","target":["https:\/\/lospoliticosveracruz.com\/?p=19061#respond"]}]},{"@type":"WebPage","@id":"https:\/\/lospoliticosveracruz.com\/?p=19061","url":"https:\/\/lospoliticosveracruz.com\/?p=19061","name":"Las traiciones - Los pol\u00edticos Veracruz","isPartOf":{"@id":"https:\/\/lospoliticosveracruz.com\/#website"},"primaryImageOfPage":{"@id":"https:\/\/lospoliticosveracruz.com\/?p=19061#primaryimage"},"image":{"@id":"https:\/\/lospoliticosveracruz.com\/?p=19061#primaryimage"},"thumbnailUrl":"http:\/\/www.lospoliticosveracruz.com.mx\/wp-content\/uploads\/2015\/11\/gabriel-deantes-ramos-300x200.jpg","datePublished":"2015-11-13T13:41:21+00:00","breadcrumb":{"@id":"https:\/\/lospoliticosveracruz.com\/?p=19061#breadcrumb"},"inLanguage":"es","potentialAction":[{"@type":"ReadAction","target":["https:\/\/lospoliticosveracruz.com\/?p=19061"]}]},{"@type":"ImageObject","inLanguage":"es","@id":"https:\/\/lospoliticosveracruz.com\/?p=19061#primaryimage","url":"http:\/\/www.lospoliticosveracruz.com.mx\/wp-content\/uploads\/2015\/11\/gabriel-deantes-ramos-300x200.jpg","contentUrl":"http:\/\/www.lospoliticosveracruz.com.mx\/wp-content\/uploads\/2015\/11\/gabriel-deantes-ramos-300x200.jpg"},{"@type":"BreadcrumbList","@id":"https:\/\/lospoliticosveracruz.com\/?p=19061#breadcrumb","itemListElement":[{"@type":"ListItem","position":1,"name":"Portada","item":"https:\/\/lospoliticosveracruz.com\/"},{"@type":"ListItem","position":2,"name":"Las traiciones"}]},{"@type":"WebSite","@id":"https:\/\/lospoliticosveracruz.com\/#website","url":"https:\/\/lospoliticosveracruz.com\/","name":"Los pol\u00edticos Veracruz","description":"","publisher":{"@id":"https:\/\/lospoliticosveracruz.com\/#organization"},"potentialAction":[{"@type":"SearchAction","target":{"@type":"EntryPoint","urlTemplate":"https:\/\/lospoliticosveracruz.com\/?s={search_term_string}"},"query-input":{"@type":"PropertyValueSpecification","valueRequired":true,"valueName":"search_term_string"}}],"inLanguage":"es"},{"@type":"Organization","@id":"https:\/\/lospoliticosveracruz.com\/#organization","name":"Los pol\u00edticos Veracruz","url":"https:\/\/lospoliticosveracruz.com\/","logo":{"@type":"ImageObject","inLanguage":"es","@id":"https:\/\/lospoliticosveracruz.com\/#\/schema\/logo\/image\/","url":"https:\/\/lospoliticosveracruz.com\/wp-content\/uploads\/2025\/12\/Logo-Nuevo-LOS-POLITICOS-1.jpg","contentUrl":"https:\/\/lospoliticosveracruz.com\/wp-content\/uploads\/2025\/12\/Logo-Nuevo-LOS-POLITICOS-1.jpg","width":260,"height":70,"caption":"Los pol\u00edticos Veracruz"},"image":{"@id":"https:\/\/lospoliticosveracruz.com\/#\/schema\/logo\/image\/"},"sameAs":["https:\/\/www.facebook.com\/people\/Notimemes-de-los-Polticos\/61565672886568\/","https:\/\/x.com\/LosPoliticosVer"]},{"@type":"Person","@id":"https:\/\/lospoliticosveracruz.com\/#\/schema\/person\/b8702bb0e538456e6efd07080bf2a4a2","name":"Lo viste en Los Pol\u00edticos","image":{"@type":"ImageObject","inLanguage":"es","@id":"https:\/\/secure.gravatar.com\/avatar\/3a8de04a2656d44082be478bd6c086daa447c4651605818287b9532d3d0bd435?s=96&d=mm&r=g","url":"https:\/\/secure.gravatar.com\/avatar\/3a8de04a2656d44082be478bd6c086daa447c4651605818287b9532d3d0bd435?s=96&d=mm&r=g","contentUrl":"https:\/\/secure.gravatar.com\/avatar\/3a8de04a2656d44082be478bd6c086daa447c4651605818287b9532d3d0bd435?s=96&d=mm&r=g","caption":"Lo viste en Los Pol\u00edticos"},"url":"https:\/\/lospoliticosveracruz.com\/?author=2"}]}},"_links":{"self":[{"href":"https:\/\/lospoliticosveracruz.com\/index.php?rest_route=\/wp\/v2\/posts\/19061","targetHints":{"allow":["GET"]}}],"collection":[{"href":"https:\/\/lospoliticosveracruz.com\/index.php?rest_route=\/wp\/v2\/posts"}],"about":[{"href":"https:\/\/lospoliticosveracruz.com\/index.php?rest_route=\/wp\/v2\/types\/post"}],"author":[{"embeddable":true,"href":"https:\/\/lospoliticosveracruz.com\/index.php?rest_route=\/wp\/v2\/users\/2"}],"replies":[{"embeddable":true,"href":"https:\/\/lospoliticosveracruz.com\/index.php?rest_route=%2Fwp%2Fv2%2Fcomments&post=19061"}],"version-history":[{"count":1,"href":"https:\/\/lospoliticosveracruz.com\/index.php?rest_route=\/wp\/v2\/posts\/19061\/revisions"}],"predecessor-version":[{"id":19062,"href":"https:\/\/lospoliticosveracruz.com\/index.php?rest_route=\/wp\/v2\/posts\/19061\/revisions\/19062"}],"wp:attachment":[{"href":"https:\/\/lospoliticosveracruz.com\/index.php?rest_route=%2Fwp%2Fv2%2Fmedia&parent=19061"}],"wp:term":[{"taxonomy":"category","embeddable":true,"href":"https:\/\/lospoliticosveracruz.com\/index.php?rest_route=%2Fwp%2Fv2%2Fcategories&post=19061"},{"taxonomy":"post_tag","embeddable":true,"href":"https:\/\/lospoliticosveracruz.com\/index.php?rest_route=%2Fwp%2Fv2%2Ftags&post=19061"}],"curies":[{"name":"wp","href":"https:\/\/api.w.org\/{rel}","templated":true}]}}