{"id":19101,"date":"2015-11-15T22:21:37","date_gmt":"2015-11-16T04:21:37","guid":{"rendered":"http:\/\/www.lospoliticosveracruz.com.mx\/?p=19101"},"modified":"2015-11-15T22:21:37","modified_gmt":"2015-11-16T04:21:37","slug":"don-ruben","status":"publish","type":"post","link":"https:\/\/lospoliticosveracruz.com\/?p=19101","title":{"rendered":"Don Rub\u00e9n"},"content":{"rendered":"<p><a href=\"http:\/\/www.lospoliticosveracruz.com.mx\/wp-content\/uploads\/2015\/11\/Rub\u00e9n-Pabello-Rojas.jpg\"><img loading=\"lazy\" decoding=\"async\" class=\"alignnone size-medium wp-image-19102\" src=\"http:\/\/www.lospoliticosveracruz.com.mx\/wp-content\/uploads\/2015\/11\/Rub\u00e9n-Pabello-Rojas-300x156.jpg\" alt=\"Rub\u00e9n Pabello Rojas\" width=\"300\" height=\"156\" \/><\/a><\/p>\n<p><strong>Brenda Caballero<\/strong><br \/>\n<em>N\u00fameros Rojos<\/em><\/p>\n<p>Generalmente no voy seguido al Centro de la capital, pues el tr\u00e1fico es demasiado lento y por lo regular hay manifestaciones.<br \/>\nPero en esta ocasi\u00f3n no pod\u00eda faltar. No importaba que lloviera, tronara o relampagueara. Ten\u00eda que estar en las instalaciones del Colegio de Veracruz (Colver) a las trece horas del pasado s\u00e1bado, y no porque me fuera a ganar un premio, bueno yo no, pero s\u00ed un ilustre xalape\u00f1o que se ha ganado el respeto de la sociedad. Se hizo entrega del reconocimiento al M\u00e9rito Ciudadano por parte de la Asociaci\u00f3n Civil Filosof\u00eda Cultura y Arte de Veracruz al Doctor Rub\u00e9n Pabello Rojas.<br \/>\nApresur\u00e9 el paso y por fin llegu\u00e9 a las instalaciones del Colver, donde Don Rub\u00e9n recib\u00eda a cada uno de sus invitados d\u00e1ndoles la bienvenida, intercambiando palabras, bromeando y agradeciendo su presencia.<br \/>\nMientras lo felicitaba, hac\u00eda cuentas de los a\u00f1os que tengo de conocerlo. Deben ser como diecis\u00e9is, pues ten\u00eda yo 21 a\u00f1os cuando \u00e9l fue Director de Gobernaci\u00f3n en el Sexenio de Miguel Alem\u00e1n.<br \/>\nA\u00fan lo recuerdo entrar a su oficina, siempre elegante y puntual. Aunque algunos dec\u00edan que era enoj\u00f3n, en lo particular nunca me ha tocado verlo de mal humor.<br \/>\nIncluso, hace unos d\u00edas, en una reuni\u00f3n reciente de la Asociaci\u00f3n de Periodistas del Estado de Veracruz (Apever) \u201cNo\u00e9 Vald\u00e9s\u201d, platicaba con Zaida Llad\u00f3 Castillo y coment\u00e1bamos que no pasan los a\u00f1os por \u00e9l, casi se ve igualito. M\u00e1s bien Don Rub\u00e9n Pabello pasa por los a\u00f1os, como lo escribi\u00f3 en su reciente libro \u201cTiempos de mis memorias\u201d.<br \/>\nComo el evento iba a dar inicio, pasamos a tomar un lugar. Sin querer, los miembros de la Apever No\u00e9 Vald\u00e9s nos sentamos juntos\u2026 parec\u00eda que \u00edbamos a echar la porra.<br \/>\nEn el pres\u00eddium acompa\u00f1aban al homenajeado, Arturo Jaramillo Palomino, presidente de la Asociaci\u00f3n; Fernando S\u00e1nchez Garc\u00eda; la primera alcaldesa de Xalapa, Mar\u00eda Amparo \u00c1lvarez Castilla; Carlos Garc\u00eda M\u00e9ndez y Amando Octavio Dom\u00ednguez Ruiz.<br \/>\nJaramillo Palomino, al tomar la palabra, se\u00f1al\u00f3 que la Asociaci\u00f3n Filosof\u00eda Cultura y Arte de Veracruz naci\u00f3 en 1986 con el nombre de Filosof\u00eda Xalape\u00f1a y a trav\u00e9s de los a\u00f1os ha reconocido a veracruzanos sin distinci\u00f3n pol\u00edtica e ideol\u00f3gica como Alberto Sosa Hern\u00e1ndez (2014), Jorge Salda\u00f1a, Carlos Ferr\u00e1ez Matus, Francisco Berl\u00edn Valenzuela, Carlos Garc\u00eda M\u00e9ndez, Alberto de la Rosa (fundador de Tlen-Huicani) entre otros. Aunque tambi\u00e9n ha extendido su reconocimiento a instituciones como el Colegio Preparatorio de Xalapa (2012), la Escuela Normal Veracruzana Enrique C. R\u00e9bsamen y la Radiodifusora Ind\u00edgena de Teocelo, las cuales han destacado por su labor entusiasta y su trabajo para con la sociedad.<br \/>\nDijo que este a\u00f1o, la Asociaci\u00f3n distingue a un xalape\u00f1o ilustre en la persona de Don Rub\u00e9n Pabello Rojas, que ha impulsado el tes\u00f3n, el valor, la honestidad, la amistad y el amor haci\u00e9ndolo un hombre muy valioso.<br \/>\nEl momento m\u00e1s emotivo fue, sin lugar a dudas, cuando le fue entregado el reconocimiento al M\u00e9rito Ciudadano a Don Rub\u00e9n: todos nos pusimos de pie, los flashazos de las c\u00e1maras empezaron a dispararse sin cesar y fuertes aplausos se escucharon en todo el auditorio.<br \/>\nEntre los presentes se encontraba tambi\u00e9n la familia de Don Rub\u00e9n Pabello, sus hijos Marcela y Rub\u00e9n, as\u00ed como su esposa Carmen, quien grab\u00f3 cada momento del homenaje con celular en mano.<br \/>\nAl tomar la palabra, Rub\u00e9n Pabello expres\u00f3 que \u201cla buena crianza dice que siempre hay que declarar inmerecido, y yo me uno a eso\u201d; agreg\u00f3 que hab\u00eda escrito unas palabras, sin embargo, por la emoci\u00f3n record\u00f3 algunas de sus vivencias. Posteriormente retom\u00f3 parte de ese discurso donde record\u00f3 a los galardonados recientemente: el economista y empresario Alberto Baill\u00e9res Gonz\u00e1lez, con la medalla Belisario Dom\u00ednguez, quien expres\u00f3 que si Belisario Dom\u00ednguez viviera, tambi\u00e9n \u201char\u00eda un reclamo por todas las carencias e injusticias lacerantes que a\u00fan aquejan a la naci\u00f3n, entre ellas la pobreza, la violencia, la corrupci\u00f3n y la debilidad del Estado\u201d. Con respecto al escritor Fernando del Paso, ganador del Premio Cervantes, quien expres\u00f3: \u201cMe duele hasta el alma que nuestra patria se desmorone\u201d, Pabello Rojas coincidi\u00f3 que en M\u00e9xico las cosas no est\u00e1n bien, pues es el reclamo de dos mexicanos con diferentes posiciones en la vida.<br \/>\nAl finalizar, todos nos quer\u00edamos tomar la foto del recuerdo con Don Rub\u00e9n Pabello y felicitarlo por tan importante distinci\u00f3n; hasta hicimos la respectiva cola para salir en la foto.<br \/>\nUn se\u00f1or se acerca y pide una foto con \u00e9l y le expresa: \u201cHe estado fuera de M\u00e9xico y despu\u00e9s de varios a\u00f1os, regreso y me encuentro con una de las mejores cosas que puede pasar\u201d, en referencia al reconocimiento que acaba de presenciar el originario de San Andr\u00e9s Tuxtla.<br \/>\nDon Rub\u00e9n, apenado, le responde: \u201cHay cosas mejores\u201d y lo abraza.<\/p>\n<p>Email:caballero_brenda@hotmail.com<\/p>\n","protected":false},"excerpt":{"rendered":"<p>Brenda Caballero N\u00fameros Rojos Generalmente no voy seguido al Centro de la capital, pues el tr\u00e1fico es demasiado lento y por lo regular hay manifestaciones. Pero en esta ocasi\u00f3n no pod\u00eda faltar. No importaba que lloviera, tronara o relampagueara. Ten\u00eda que estar en las instalaciones del Colegio de Veracruz (Colver) a las trece horas del [&hellip;]<\/p>\n","protected":false},"author":2,"featured_media":0,"comment_status":"open","ping_status":"open","sticky":false,"template":"","format":"standard","meta":{"tdm_status":"","tdm_grid_status":"","footnotes":""},"categories":[70],"tags":[2711,856],"class_list":{"0":"post-19101","1":"post","2":"type-post","3":"status-publish","4":"format-standard","6":"category-de-opinion","7":"tag-colver","8":"tag-ruben-pabello-rojas"},"yoast_head":"<!-- This site is optimized with the Yoast SEO plugin v27.4 - https:\/\/yoast.com\/product\/yoast-seo-wordpress\/ -->\n<title>Don Rub\u00e9n - Los pol\u00edticos Veracruz<\/title>\n<meta name=\"robots\" content=\"index, follow, max-snippet:-1, max-image-preview:large, max-video-preview:-1\" \/>\n<link rel=\"canonical\" href=\"https:\/\/lospoliticosveracruz.com\/?p=19101\" \/>\n<meta property=\"og:locale\" content=\"es_ES\" \/>\n<meta property=\"og:type\" content=\"article\" \/>\n<meta property=\"og:title\" content=\"Don Rub\u00e9n - Los pol\u00edticos Veracruz\" \/>\n<meta property=\"og:description\" content=\"Brenda Caballero N\u00fameros Rojos Generalmente no voy seguido al Centro de la capital, pues el tr\u00e1fico es demasiado lento y por lo regular hay manifestaciones. Pero en esta ocasi\u00f3n no pod\u00eda faltar. No importaba que lloviera, tronara o relampagueara. Ten\u00eda que estar en las instalaciones del Colegio de Veracruz (Colver) a las trece horas del [&hellip;]\" \/>\n<meta property=\"og:url\" content=\"https:\/\/lospoliticosveracruz.com\/?p=19101\" \/>\n<meta property=\"og:site_name\" content=\"Los pol\u00edticos Veracruz\" \/>\n<meta property=\"article:publisher\" content=\"https:\/\/www.facebook.com\/people\/Notimemes-de-los-Polticos\/61565672886568\/\" \/>\n<meta property=\"article:published_time\" content=\"2015-11-16T04:21:37+00:00\" \/>\n<meta property=\"og:image\" content=\"https:\/\/lospoliticosveracruz.com\/wp-content\/uploads\/2016\/07\/Logo-Dor.jpg\" \/>\n\t<meta property=\"og:image:width\" content=\"200\" \/>\n\t<meta property=\"og:image:height\" content=\"200\" \/>\n\t<meta property=\"og:image:type\" content=\"image\/jpeg\" \/>\n<meta name=\"author\" content=\"Lo viste en Los Pol\u00edticos\" \/>\n<meta name=\"twitter:card\" content=\"summary_large_image\" \/>\n<meta name=\"twitter:creator\" content=\"@LosPoliticosVer\" \/>\n<meta name=\"twitter:site\" content=\"@LosPoliticosVer\" \/>\n<meta name=\"twitter:label1\" content=\"Escrito por\" \/>\n\t<meta name=\"twitter:data1\" content=\"Lo viste en Los Pol\u00edticos\" \/>\n\t<meta name=\"twitter:label2\" content=\"Tiempo de lectura\" \/>\n\t<meta name=\"twitter:data2\" content=\"4 minutos\" \/>\n<script type=\"application\/ld+json\" class=\"yoast-schema-graph\">{\"@context\":\"https:\\\/\\\/schema.org\",\"@graph\":[{\"@type\":\"Article\",\"@id\":\"https:\\\/\\\/lospoliticosveracruz.com\\\/?p=19101#article\",\"isPartOf\":{\"@id\":\"https:\\\/\\\/lospoliticosveracruz.com\\\/?p=19101\"},\"author\":{\"name\":\"Lo viste en Los Pol\u00edticos\",\"@id\":\"https:\\\/\\\/lospoliticosveracruz.com\\\/#\\\/schema\\\/person\\\/b8702bb0e538456e6efd07080bf2a4a2\"},\"headline\":\"Don Rub\u00e9n\",\"datePublished\":\"2015-11-16T04:21:37+00:00\",\"mainEntityOfPage\":{\"@id\":\"https:\\\/\\\/lospoliticosveracruz.com\\\/?p=19101\"},\"wordCount\":888,\"commentCount\":0,\"publisher\":{\"@id\":\"https:\\\/\\\/lospoliticosveracruz.com\\\/#organization\"},\"keywords\":[\"Colver\",\"Rub\u00e9n Pabello Rojas\"],\"articleSection\":[\"De Opini\u00f3n\"],\"inLanguage\":\"es\",\"potentialAction\":[{\"@type\":\"CommentAction\",\"name\":\"Comment\",\"target\":[\"https:\\\/\\\/lospoliticosveracruz.com\\\/?p=19101#respond\"]}]},{\"@type\":\"WebPage\",\"@id\":\"https:\\\/\\\/lospoliticosveracruz.com\\\/?p=19101\",\"url\":\"https:\\\/\\\/lospoliticosveracruz.com\\\/?p=19101\",\"name\":\"Don Rub\u00e9n - Los pol\u00edticos Veracruz\",\"isPartOf\":{\"@id\":\"https:\\\/\\\/lospoliticosveracruz.com\\\/#website\"},\"datePublished\":\"2015-11-16T04:21:37+00:00\",\"breadcrumb\":{\"@id\":\"https:\\\/\\\/lospoliticosveracruz.com\\\/?p=19101#breadcrumb\"},\"inLanguage\":\"es\",\"potentialAction\":[{\"@type\":\"ReadAction\",\"target\":[\"https:\\\/\\\/lospoliticosveracruz.com\\\/?p=19101\"]}]},{\"@type\":\"BreadcrumbList\",\"@id\":\"https:\\\/\\\/lospoliticosveracruz.com\\\/?p=19101#breadcrumb\",\"itemListElement\":[{\"@type\":\"ListItem\",\"position\":1,\"name\":\"Portada\",\"item\":\"https:\\\/\\\/lospoliticosveracruz.com\\\/\"},{\"@type\":\"ListItem\",\"position\":2,\"name\":\"Don Rub\u00e9n\"}]},{\"@type\":\"WebSite\",\"@id\":\"https:\\\/\\\/lospoliticosveracruz.com\\\/#website\",\"url\":\"https:\\\/\\\/lospoliticosveracruz.com\\\/\",\"name\":\"Los pol\u00edticos Veracruz\",\"description\":\"\",\"publisher\":{\"@id\":\"https:\\\/\\\/lospoliticosveracruz.com\\\/#organization\"},\"potentialAction\":[{\"@type\":\"SearchAction\",\"target\":{\"@type\":\"EntryPoint\",\"urlTemplate\":\"https:\\\/\\\/lospoliticosveracruz.com\\\/?s={search_term_string}\"},\"query-input\":{\"@type\":\"PropertyValueSpecification\",\"valueRequired\":true,\"valueName\":\"search_term_string\"}}],\"inLanguage\":\"es\"},{\"@type\":\"Organization\",\"@id\":\"https:\\\/\\\/lospoliticosveracruz.com\\\/#organization\",\"name\":\"Los pol\u00edticos Veracruz\",\"url\":\"https:\\\/\\\/lospoliticosveracruz.com\\\/\",\"logo\":{\"@type\":\"ImageObject\",\"inLanguage\":\"es\",\"@id\":\"https:\\\/\\\/lospoliticosveracruz.com\\\/#\\\/schema\\\/logo\\\/image\\\/\",\"url\":\"https:\\\/\\\/lospoliticosveracruz.com\\\/wp-content\\\/uploads\\\/2025\\\/12\\\/Logo-Nuevo-LOS-POLITICOS-1.jpg\",\"contentUrl\":\"https:\\\/\\\/lospoliticosveracruz.com\\\/wp-content\\\/uploads\\\/2025\\\/12\\\/Logo-Nuevo-LOS-POLITICOS-1.jpg\",\"width\":260,\"height\":70,\"caption\":\"Los pol\u00edticos Veracruz\"},\"image\":{\"@id\":\"https:\\\/\\\/lospoliticosveracruz.com\\\/#\\\/schema\\\/logo\\\/image\\\/\"},\"sameAs\":[\"https:\\\/\\\/www.facebook.com\\\/people\\\/Notimemes-de-los-Polticos\\\/61565672886568\\\/\",\"https:\\\/\\\/x.com\\\/LosPoliticosVer\"]},{\"@type\":\"Person\",\"@id\":\"https:\\\/\\\/lospoliticosveracruz.com\\\/#\\\/schema\\\/person\\\/b8702bb0e538456e6efd07080bf2a4a2\",\"name\":\"Lo viste en Los Pol\u00edticos\",\"image\":{\"@type\":\"ImageObject\",\"inLanguage\":\"es\",\"@id\":\"https:\\\/\\\/secure.gravatar.com\\\/avatar\\\/3a8de04a2656d44082be478bd6c086daa447c4651605818287b9532d3d0bd435?s=96&d=mm&r=g\",\"url\":\"https:\\\/\\\/secure.gravatar.com\\\/avatar\\\/3a8de04a2656d44082be478bd6c086daa447c4651605818287b9532d3d0bd435?s=96&d=mm&r=g\",\"contentUrl\":\"https:\\\/\\\/secure.gravatar.com\\\/avatar\\\/3a8de04a2656d44082be478bd6c086daa447c4651605818287b9532d3d0bd435?s=96&d=mm&r=g\",\"caption\":\"Lo viste en Los Pol\u00edticos\"},\"url\":\"https:\\\/\\\/lospoliticosveracruz.com\\\/?author=2\"}]}<\/script>\n<!-- \/ Yoast SEO plugin. -->","yoast_head_json":{"title":"Don Rub\u00e9n - Los pol\u00edticos Veracruz","robots":{"index":"index","follow":"follow","max-snippet":"max-snippet:-1","max-image-preview":"max-image-preview:large","max-video-preview":"max-video-preview:-1"},"canonical":"https:\/\/lospoliticosveracruz.com\/?p=19101","og_locale":"es_ES","og_type":"article","og_title":"Don Rub\u00e9n - Los pol\u00edticos Veracruz","og_description":"Brenda Caballero N\u00fameros Rojos Generalmente no voy seguido al Centro de la capital, pues el tr\u00e1fico es demasiado lento y por lo regular hay manifestaciones. Pero en esta ocasi\u00f3n no pod\u00eda faltar. No importaba que lloviera, tronara o relampagueara. Ten\u00eda que estar en las instalaciones del Colegio de Veracruz (Colver) a las trece horas del [&hellip;]","og_url":"https:\/\/lospoliticosveracruz.com\/?p=19101","og_site_name":"Los pol\u00edticos Veracruz","article_publisher":"https:\/\/www.facebook.com\/people\/Notimemes-de-los-Polticos\/61565672886568\/","article_published_time":"2015-11-16T04:21:37+00:00","og_image":[{"width":200,"height":200,"url":"https:\/\/lospoliticosveracruz.com\/wp-content\/uploads\/2016\/07\/Logo-Dor.jpg","type":"image\/jpeg"}],"author":"Lo viste en Los Pol\u00edticos","twitter_card":"summary_large_image","twitter_creator":"@LosPoliticosVer","twitter_site":"@LosPoliticosVer","twitter_misc":{"Escrito por":"Lo viste en Los Pol\u00edticos","Tiempo de lectura":"4 minutos"},"schema":{"@context":"https:\/\/schema.org","@graph":[{"@type":"Article","@id":"https:\/\/lospoliticosveracruz.com\/?p=19101#article","isPartOf":{"@id":"https:\/\/lospoliticosveracruz.com\/?p=19101"},"author":{"name":"Lo viste en Los Pol\u00edticos","@id":"https:\/\/lospoliticosveracruz.com\/#\/schema\/person\/b8702bb0e538456e6efd07080bf2a4a2"},"headline":"Don Rub\u00e9n","datePublished":"2015-11-16T04:21:37+00:00","mainEntityOfPage":{"@id":"https:\/\/lospoliticosveracruz.com\/?p=19101"},"wordCount":888,"commentCount":0,"publisher":{"@id":"https:\/\/lospoliticosveracruz.com\/#organization"},"keywords":["Colver","Rub\u00e9n Pabello Rojas"],"articleSection":["De Opini\u00f3n"],"inLanguage":"es","potentialAction":[{"@type":"CommentAction","name":"Comment","target":["https:\/\/lospoliticosveracruz.com\/?p=19101#respond"]}]},{"@type":"WebPage","@id":"https:\/\/lospoliticosveracruz.com\/?p=19101","url":"https:\/\/lospoliticosveracruz.com\/?p=19101","name":"Don Rub\u00e9n - Los pol\u00edticos Veracruz","isPartOf":{"@id":"https:\/\/lospoliticosveracruz.com\/#website"},"datePublished":"2015-11-16T04:21:37+00:00","breadcrumb":{"@id":"https:\/\/lospoliticosveracruz.com\/?p=19101#breadcrumb"},"inLanguage":"es","potentialAction":[{"@type":"ReadAction","target":["https:\/\/lospoliticosveracruz.com\/?p=19101"]}]},{"@type":"BreadcrumbList","@id":"https:\/\/lospoliticosveracruz.com\/?p=19101#breadcrumb","itemListElement":[{"@type":"ListItem","position":1,"name":"Portada","item":"https:\/\/lospoliticosveracruz.com\/"},{"@type":"ListItem","position":2,"name":"Don Rub\u00e9n"}]},{"@type":"WebSite","@id":"https:\/\/lospoliticosveracruz.com\/#website","url":"https:\/\/lospoliticosveracruz.com\/","name":"Los pol\u00edticos Veracruz","description":"","publisher":{"@id":"https:\/\/lospoliticosveracruz.com\/#organization"},"potentialAction":[{"@type":"SearchAction","target":{"@type":"EntryPoint","urlTemplate":"https:\/\/lospoliticosveracruz.com\/?s={search_term_string}"},"query-input":{"@type":"PropertyValueSpecification","valueRequired":true,"valueName":"search_term_string"}}],"inLanguage":"es"},{"@type":"Organization","@id":"https:\/\/lospoliticosveracruz.com\/#organization","name":"Los pol\u00edticos Veracruz","url":"https:\/\/lospoliticosveracruz.com\/","logo":{"@type":"ImageObject","inLanguage":"es","@id":"https:\/\/lospoliticosveracruz.com\/#\/schema\/logo\/image\/","url":"https:\/\/lospoliticosveracruz.com\/wp-content\/uploads\/2025\/12\/Logo-Nuevo-LOS-POLITICOS-1.jpg","contentUrl":"https:\/\/lospoliticosveracruz.com\/wp-content\/uploads\/2025\/12\/Logo-Nuevo-LOS-POLITICOS-1.jpg","width":260,"height":70,"caption":"Los pol\u00edticos Veracruz"},"image":{"@id":"https:\/\/lospoliticosveracruz.com\/#\/schema\/logo\/image\/"},"sameAs":["https:\/\/www.facebook.com\/people\/Notimemes-de-los-Polticos\/61565672886568\/","https:\/\/x.com\/LosPoliticosVer"]},{"@type":"Person","@id":"https:\/\/lospoliticosveracruz.com\/#\/schema\/person\/b8702bb0e538456e6efd07080bf2a4a2","name":"Lo viste en Los Pol\u00edticos","image":{"@type":"ImageObject","inLanguage":"es","@id":"https:\/\/secure.gravatar.com\/avatar\/3a8de04a2656d44082be478bd6c086daa447c4651605818287b9532d3d0bd435?s=96&d=mm&r=g","url":"https:\/\/secure.gravatar.com\/avatar\/3a8de04a2656d44082be478bd6c086daa447c4651605818287b9532d3d0bd435?s=96&d=mm&r=g","contentUrl":"https:\/\/secure.gravatar.com\/avatar\/3a8de04a2656d44082be478bd6c086daa447c4651605818287b9532d3d0bd435?s=96&d=mm&r=g","caption":"Lo viste en Los Pol\u00edticos"},"url":"https:\/\/lospoliticosveracruz.com\/?author=2"}]}},"_links":{"self":[{"href":"https:\/\/lospoliticosveracruz.com\/index.php?rest_route=\/wp\/v2\/posts\/19101","targetHints":{"allow":["GET"]}}],"collection":[{"href":"https:\/\/lospoliticosveracruz.com\/index.php?rest_route=\/wp\/v2\/posts"}],"about":[{"href":"https:\/\/lospoliticosveracruz.com\/index.php?rest_route=\/wp\/v2\/types\/post"}],"author":[{"embeddable":true,"href":"https:\/\/lospoliticosveracruz.com\/index.php?rest_route=\/wp\/v2\/users\/2"}],"replies":[{"embeddable":true,"href":"https:\/\/lospoliticosveracruz.com\/index.php?rest_route=%2Fwp%2Fv2%2Fcomments&post=19101"}],"version-history":[{"count":1,"href":"https:\/\/lospoliticosveracruz.com\/index.php?rest_route=\/wp\/v2\/posts\/19101\/revisions"}],"predecessor-version":[{"id":19103,"href":"https:\/\/lospoliticosveracruz.com\/index.php?rest_route=\/wp\/v2\/posts\/19101\/revisions\/19103"}],"wp:attachment":[{"href":"https:\/\/lospoliticosveracruz.com\/index.php?rest_route=%2Fwp%2Fv2%2Fmedia&parent=19101"}],"wp:term":[{"taxonomy":"category","embeddable":true,"href":"https:\/\/lospoliticosveracruz.com\/index.php?rest_route=%2Fwp%2Fv2%2Fcategories&post=19101"},{"taxonomy":"post_tag","embeddable":true,"href":"https:\/\/lospoliticosveracruz.com\/index.php?rest_route=%2Fwp%2Fv2%2Ftags&post=19101"}],"curies":[{"name":"wp","href":"https:\/\/api.w.org\/{rel}","templated":true}]}}