{"id":19129,"date":"2015-11-16T11:24:57","date_gmt":"2015-11-16T17:24:57","guid":{"rendered":"http:\/\/www.lospoliticosveracruz.com.mx\/?p=19129"},"modified":"2015-11-16T11:24:57","modified_gmt":"2015-11-16T17:24:57","slug":"la-foto-del-silva-con-la-playera-del-gober","status":"publish","type":"post","link":"https:\/\/lospoliticosveracruz.com\/?p=19129","title":{"rendered":"La foto del Silva con la playera del Gober"},"content":{"rendered":"<p><a href=\"http:\/\/www.lospoliticosveracruz.com.mx\/wp-content\/uploads\/2015\/11\/El-Silva.jpg\"><img loading=\"lazy\" decoding=\"async\" class=\"alignnone size-medium wp-image-19130\" src=\"http:\/\/www.lospoliticosveracruz.com.mx\/wp-content\/uploads\/2015\/11\/El-Silva-300x203.jpg\" alt=\"El Silva\" width=\"300\" height=\"203\" \/><\/a><\/p>\n<p><strong>Pablo Jair Ortega<\/strong><\/p>\n<p><em>Columna Sin Nombre<\/em><br \/>\nAhora con las mentadas redes sociales, nos lleg\u00f3 una notificaci\u00f3n sobre una imagen que su servidor tom\u00f3 hace 3 a\u00f1os y que caus\u00f3 pol\u00e9mica por su contenido.<\/p>\n<p>Es una fotograf\u00eda donde aparece \u201cEl Silva\u201d, uno de los presuntos autores del asesinato de la periodista Regina Mart\u00ednez P\u00e9rez, corresponsal de Proceso, con una playera roja que porta la imagen de Javier Duarte de Ochoa cuando era candidato a la gubernatura.<\/p>\n<p>Le platico la historia: ese 14 de noviembre de 2012, por la ma\u00f1ana acudimos al Juzgado que se encuentra en el penal de Pacho Viejo, en Coatepec, acompa\u00f1ando a un amigo que llevaba un tema judicial. Por casualidad, llevaba una c\u00e1mara, aunque debo confesar que su servidor dista mucho de ser fot\u00f3grafo.<\/p>\n<p>Al mismo tiempo, en esa oficina donde se ven escritorios amontonados y cerros de papeles, en la mesa contigua llevaban a cabo una declaraci\u00f3n sobre el caso Regina Mart\u00ednez, del cual nos sorprendi\u00f3 ver el tama\u00f1o descomunal del expediente que consigna la investigaci\u00f3n del homicidio de la periodista, ocurrido el 28 de abril de 2012, en circunstancias poco claras, con versiones rid\u00edculas como la de que Regina dej\u00f3 entrar a sus asesinos y que hasta conviv\u00eda con ellos.<\/p>\n<p>(Hasta el d\u00eda de hoy nadie les cree; no hay motivo para pensar que Regina, una persona tan meticulosa, discreta con su vida privada, previsora y desconfiada, haya dejado pasar a un par de maleantes a su casa. Lo de Regina no est\u00e1 aclarado y su asesinato sigue impune).<\/p>\n<p>Otra sorpresa fue que a la rejilla de pr\u00e1cticas fue llevado \u201cEl Silva\u201d, el \u00fanico detenido en el caso y quien se supone est\u00e1 acusado de ser uno de los c\u00f3mplices del asesinato de Regina.<\/p>\n<p>Pero lo curioso no era la presencia del \u201cSilva\u201d, sino que nadie de las autoridades penitenciarias previ\u00f3 que el condenado portaba una playera roja con una imagen del gobernador Javier Duarte; una de esas tantas camisetas que regalaron en la campa\u00f1a del hoy mandatario por Veracruz.<\/p>\n<p>Al percibir la escena, al \u201cSilva\u201d alcanc\u00e9 a tomarle al menos tres gr\u00e1ficas, sin que \u00e9ste se inmutara. All\u00ed estuvo recargado en la rejilla por varios minutos, sin decir nada, relajado y hasta confundido porque no sab\u00eda porqu\u00e9 lo hab\u00edan sacado de su reja y llevado hasta la mesa.<\/p>\n<p>Obviamente la fotograf\u00eda fue subida de inmediato a redes sociales y a difundirse a trav\u00e9s del portal EnlaceVeracruz212.<\/p>\n<p>No obstante, al paso de las horas, empez\u00f3 a haber una fuerte presi\u00f3n desde Palacio de Gobierno, con varias llamadas telef\u00f3nicas insistentes, para pedir que dicha fotograf\u00eda desapareciera; que se bajara tanto de redes sociales como de la p\u00e1gina antes mencionada.<\/p>\n<p>Lo curioso es que el asunto ya hab\u00eda trascendido fronteras de Veracruz y alcanzado eso que llaman ciberespacio. La fotograf\u00eda (sin mi cr\u00e9dito, chingao) lleg\u00f3 a varios medios de escala nacional e internacional, incluido Proceso, quien hizo nota de la an\u00e9cdota.<\/p>\n<p>Esa vez recuerdo no haber estado enojado, si no lo que le sigue: emputad\u00edsimo, para acabar pronto\u2026 Por dos d\u00edas dej\u00e9 de hablarle al patr\u00f3n Don C\u00e9sar, porque el acto de censura me hab\u00eda quitado la posibilidad de presumir una foto period\u00edstica en el momento exacto, de una situaci\u00f3n quiz\u00e1s irrepetible.<\/p>\n<p>Pero como siempre, termin\u00e1bamos hablando y hasta carcaje\u00e1ndonos por el asunto.<\/p>\n<p>Ahora el Feis me recuerda esa foto que afortunadamente no se baj\u00f3 de esa red social y nos remarca que est\u00e1 pendiente el caso de Regina Mart\u00ednez, la justicia por su brutal asesinato y la imagen de \u201cEl Silva\u201d luciendo bonita playera del gobernador para la posteridad.<\/p>\n","protected":false},"excerpt":{"rendered":"<p>Pablo Jair Ortega Columna Sin Nombre Ahora con las mentadas redes sociales, nos lleg\u00f3 una notificaci\u00f3n sobre una imagen que su servidor tom\u00f3 hace 3 a\u00f1os y que caus\u00f3 pol\u00e9mica por su contenido. Es una fotograf\u00eda donde aparece \u201cEl Silva\u201d, uno de los presuntos autores del asesinato de la periodista Regina Mart\u00ednez P\u00e9rez, corresponsal de [&hellip;]<\/p>\n","protected":false},"author":2,"featured_media":0,"comment_status":"open","ping_status":"open","sticky":false,"template":"","format":"standard","meta":{"tdm_status":"","tdm_grid_status":"","footnotes":""},"categories":[70],"tags":[492,260,334,4084],"class_list":{"0":"post-19129","1":"post","2":"type-post","3":"status-publish","4":"format-standard","6":"category-de-opinion","7":"tag-el-silva","8":"tag-javier-duarte-de-ochoa","9":"tag-proceso","10":"tag-regina-martinez-perez"},"yoast_head":"<!-- This site is optimized with the Yoast SEO plugin v27.4 - https:\/\/yoast.com\/product\/yoast-seo-wordpress\/ -->\n<title>La foto del Silva con la playera del Gober - Los pol\u00edticos Veracruz<\/title>\n<meta name=\"robots\" content=\"index, follow, max-snippet:-1, max-image-preview:large, max-video-preview:-1\" \/>\n<link rel=\"canonical\" href=\"https:\/\/lospoliticosveracruz.com\/?p=19129\" \/>\n<meta property=\"og:locale\" content=\"es_ES\" \/>\n<meta property=\"og:type\" content=\"article\" \/>\n<meta property=\"og:title\" content=\"La foto del Silva con la playera del Gober - Los pol\u00edticos Veracruz\" \/>\n<meta property=\"og:description\" content=\"Pablo Jair Ortega Columna Sin Nombre Ahora con las mentadas redes sociales, nos lleg\u00f3 una notificaci\u00f3n sobre una imagen que su servidor tom\u00f3 hace 3 a\u00f1os y que caus\u00f3 pol\u00e9mica por su contenido. Es una fotograf\u00eda donde aparece \u201cEl Silva\u201d, uno de los presuntos autores del asesinato de la periodista Regina Mart\u00ednez P\u00e9rez, corresponsal de [&hellip;]\" \/>\n<meta property=\"og:url\" content=\"https:\/\/lospoliticosveracruz.com\/?p=19129\" \/>\n<meta property=\"og:site_name\" content=\"Los pol\u00edticos Veracruz\" \/>\n<meta property=\"article:publisher\" content=\"https:\/\/www.facebook.com\/people\/Notimemes-de-los-Polticos\/61565672886568\/\" \/>\n<meta property=\"article:published_time\" content=\"2015-11-16T17:24:57+00:00\" \/>\n<meta property=\"og:image\" content=\"http:\/\/www.lospoliticosveracruz.com.mx\/wp-content\/uploads\/2015\/11\/El-Silva-300x203.jpg\" \/>\n<meta name=\"author\" content=\"Lo viste en Los Pol\u00edticos\" \/>\n<meta name=\"twitter:card\" content=\"summary_large_image\" \/>\n<meta name=\"twitter:creator\" content=\"@LosPoliticosVer\" \/>\n<meta name=\"twitter:site\" content=\"@LosPoliticosVer\" \/>\n<meta name=\"twitter:label1\" content=\"Escrito por\" \/>\n\t<meta name=\"twitter:data1\" content=\"Lo viste en Los Pol\u00edticos\" \/>\n\t<meta name=\"twitter:label2\" content=\"Tiempo de lectura\" \/>\n\t<meta name=\"twitter:data2\" content=\"3 minutos\" \/>\n<script type=\"application\/ld+json\" class=\"yoast-schema-graph\">{\"@context\":\"https:\\\/\\\/schema.org\",\"@graph\":[{\"@type\":\"Article\",\"@id\":\"https:\\\/\\\/lospoliticosveracruz.com\\\/?p=19129#article\",\"isPartOf\":{\"@id\":\"https:\\\/\\\/lospoliticosveracruz.com\\\/?p=19129\"},\"author\":{\"name\":\"Lo viste en Los Pol\u00edticos\",\"@id\":\"https:\\\/\\\/lospoliticosveracruz.com\\\/#\\\/schema\\\/person\\\/b8702bb0e538456e6efd07080bf2a4a2\"},\"headline\":\"La foto del Silva con la playera del Gober\",\"datePublished\":\"2015-11-16T17:24:57+00:00\",\"mainEntityOfPage\":{\"@id\":\"https:\\\/\\\/lospoliticosveracruz.com\\\/?p=19129\"},\"wordCount\":641,\"commentCount\":0,\"publisher\":{\"@id\":\"https:\\\/\\\/lospoliticosveracruz.com\\\/#organization\"},\"image\":{\"@id\":\"https:\\\/\\\/lospoliticosveracruz.com\\\/?p=19129#primaryimage\"},\"thumbnailUrl\":\"http:\\\/\\\/www.lospoliticosveracruz.com.mx\\\/wp-content\\\/uploads\\\/2015\\\/11\\\/El-Silva-300x203.jpg\",\"keywords\":[\"El Silva\",\"Javier Duarte de Ochoa\",\"Proceso\",\"Regina Mart\u00ednez P\u00e9rez\"],\"articleSection\":[\"De Opini\u00f3n\"],\"inLanguage\":\"es\",\"potentialAction\":[{\"@type\":\"CommentAction\",\"name\":\"Comment\",\"target\":[\"https:\\\/\\\/lospoliticosveracruz.com\\\/?p=19129#respond\"]}]},{\"@type\":\"WebPage\",\"@id\":\"https:\\\/\\\/lospoliticosveracruz.com\\\/?p=19129\",\"url\":\"https:\\\/\\\/lospoliticosveracruz.com\\\/?p=19129\",\"name\":\"La foto del Silva con la playera del Gober - Los pol\u00edticos Veracruz\",\"isPartOf\":{\"@id\":\"https:\\\/\\\/lospoliticosveracruz.com\\\/#website\"},\"primaryImageOfPage\":{\"@id\":\"https:\\\/\\\/lospoliticosveracruz.com\\\/?p=19129#primaryimage\"},\"image\":{\"@id\":\"https:\\\/\\\/lospoliticosveracruz.com\\\/?p=19129#primaryimage\"},\"thumbnailUrl\":\"http:\\\/\\\/www.lospoliticosveracruz.com.mx\\\/wp-content\\\/uploads\\\/2015\\\/11\\\/El-Silva-300x203.jpg\",\"datePublished\":\"2015-11-16T17:24:57+00:00\",\"breadcrumb\":{\"@id\":\"https:\\\/\\\/lospoliticosveracruz.com\\\/?p=19129#breadcrumb\"},\"inLanguage\":\"es\",\"potentialAction\":[{\"@type\":\"ReadAction\",\"target\":[\"https:\\\/\\\/lospoliticosveracruz.com\\\/?p=19129\"]}]},{\"@type\":\"ImageObject\",\"inLanguage\":\"es\",\"@id\":\"https:\\\/\\\/lospoliticosveracruz.com\\\/?p=19129#primaryimage\",\"url\":\"http:\\\/\\\/www.lospoliticosveracruz.com.mx\\\/wp-content\\\/uploads\\\/2015\\\/11\\\/El-Silva-300x203.jpg\",\"contentUrl\":\"http:\\\/\\\/www.lospoliticosveracruz.com.mx\\\/wp-content\\\/uploads\\\/2015\\\/11\\\/El-Silva-300x203.jpg\"},{\"@type\":\"BreadcrumbList\",\"@id\":\"https:\\\/\\\/lospoliticosveracruz.com\\\/?p=19129#breadcrumb\",\"itemListElement\":[{\"@type\":\"ListItem\",\"position\":1,\"name\":\"Portada\",\"item\":\"https:\\\/\\\/lospoliticosveracruz.com\\\/\"},{\"@type\":\"ListItem\",\"position\":2,\"name\":\"La foto del Silva con la playera del Gober\"}]},{\"@type\":\"WebSite\",\"@id\":\"https:\\\/\\\/lospoliticosveracruz.com\\\/#website\",\"url\":\"https:\\\/\\\/lospoliticosveracruz.com\\\/\",\"name\":\"Los pol\u00edticos Veracruz\",\"description\":\"\",\"publisher\":{\"@id\":\"https:\\\/\\\/lospoliticosveracruz.com\\\/#organization\"},\"potentialAction\":[{\"@type\":\"SearchAction\",\"target\":{\"@type\":\"EntryPoint\",\"urlTemplate\":\"https:\\\/\\\/lospoliticosveracruz.com\\\/?s={search_term_string}\"},\"query-input\":{\"@type\":\"PropertyValueSpecification\",\"valueRequired\":true,\"valueName\":\"search_term_string\"}}],\"inLanguage\":\"es\"},{\"@type\":\"Organization\",\"@id\":\"https:\\\/\\\/lospoliticosveracruz.com\\\/#organization\",\"name\":\"Los pol\u00edticos Veracruz\",\"url\":\"https:\\\/\\\/lospoliticosveracruz.com\\\/\",\"logo\":{\"@type\":\"ImageObject\",\"inLanguage\":\"es\",\"@id\":\"https:\\\/\\\/lospoliticosveracruz.com\\\/#\\\/schema\\\/logo\\\/image\\\/\",\"url\":\"https:\\\/\\\/lospoliticosveracruz.com\\\/wp-content\\\/uploads\\\/2025\\\/12\\\/Logo-Nuevo-LOS-POLITICOS-1.jpg\",\"contentUrl\":\"https:\\\/\\\/lospoliticosveracruz.com\\\/wp-content\\\/uploads\\\/2025\\\/12\\\/Logo-Nuevo-LOS-POLITICOS-1.jpg\",\"width\":260,\"height\":70,\"caption\":\"Los pol\u00edticos Veracruz\"},\"image\":{\"@id\":\"https:\\\/\\\/lospoliticosveracruz.com\\\/#\\\/schema\\\/logo\\\/image\\\/\"},\"sameAs\":[\"https:\\\/\\\/www.facebook.com\\\/people\\\/Notimemes-de-los-Polticos\\\/61565672886568\\\/\",\"https:\\\/\\\/x.com\\\/LosPoliticosVer\"]},{\"@type\":\"Person\",\"@id\":\"https:\\\/\\\/lospoliticosveracruz.com\\\/#\\\/schema\\\/person\\\/b8702bb0e538456e6efd07080bf2a4a2\",\"name\":\"Lo viste en Los Pol\u00edticos\",\"image\":{\"@type\":\"ImageObject\",\"inLanguage\":\"es\",\"@id\":\"https:\\\/\\\/secure.gravatar.com\\\/avatar\\\/3a8de04a2656d44082be478bd6c086daa447c4651605818287b9532d3d0bd435?s=96&d=mm&r=g\",\"url\":\"https:\\\/\\\/secure.gravatar.com\\\/avatar\\\/3a8de04a2656d44082be478bd6c086daa447c4651605818287b9532d3d0bd435?s=96&d=mm&r=g\",\"contentUrl\":\"https:\\\/\\\/secure.gravatar.com\\\/avatar\\\/3a8de04a2656d44082be478bd6c086daa447c4651605818287b9532d3d0bd435?s=96&d=mm&r=g\",\"caption\":\"Lo viste en Los Pol\u00edticos\"},\"url\":\"https:\\\/\\\/lospoliticosveracruz.com\\\/?author=2\"}]}<\/script>\n<!-- \/ Yoast SEO plugin. -->","yoast_head_json":{"title":"La foto del Silva con la playera del Gober - Los pol\u00edticos Veracruz","robots":{"index":"index","follow":"follow","max-snippet":"max-snippet:-1","max-image-preview":"max-image-preview:large","max-video-preview":"max-video-preview:-1"},"canonical":"https:\/\/lospoliticosveracruz.com\/?p=19129","og_locale":"es_ES","og_type":"article","og_title":"La foto del Silva con la playera del Gober - Los pol\u00edticos Veracruz","og_description":"Pablo Jair Ortega Columna Sin Nombre Ahora con las mentadas redes sociales, nos lleg\u00f3 una notificaci\u00f3n sobre una imagen que su servidor tom\u00f3 hace 3 a\u00f1os y que caus\u00f3 pol\u00e9mica por su contenido. Es una fotograf\u00eda donde aparece \u201cEl Silva\u201d, uno de los presuntos autores del asesinato de la periodista Regina Mart\u00ednez P\u00e9rez, corresponsal de [&hellip;]","og_url":"https:\/\/lospoliticosveracruz.com\/?p=19129","og_site_name":"Los pol\u00edticos Veracruz","article_publisher":"https:\/\/www.facebook.com\/people\/Notimemes-de-los-Polticos\/61565672886568\/","article_published_time":"2015-11-16T17:24:57+00:00","og_image":[{"url":"http:\/\/www.lospoliticosveracruz.com.mx\/wp-content\/uploads\/2015\/11\/El-Silva-300x203.jpg","type":"","width":"","height":""}],"author":"Lo viste en Los Pol\u00edticos","twitter_card":"summary_large_image","twitter_creator":"@LosPoliticosVer","twitter_site":"@LosPoliticosVer","twitter_misc":{"Escrito por":"Lo viste en Los Pol\u00edticos","Tiempo de lectura":"3 minutos"},"schema":{"@context":"https:\/\/schema.org","@graph":[{"@type":"Article","@id":"https:\/\/lospoliticosveracruz.com\/?p=19129#article","isPartOf":{"@id":"https:\/\/lospoliticosveracruz.com\/?p=19129"},"author":{"name":"Lo viste en Los Pol\u00edticos","@id":"https:\/\/lospoliticosveracruz.com\/#\/schema\/person\/b8702bb0e538456e6efd07080bf2a4a2"},"headline":"La foto del Silva con la playera del Gober","datePublished":"2015-11-16T17:24:57+00:00","mainEntityOfPage":{"@id":"https:\/\/lospoliticosveracruz.com\/?p=19129"},"wordCount":641,"commentCount":0,"publisher":{"@id":"https:\/\/lospoliticosveracruz.com\/#organization"},"image":{"@id":"https:\/\/lospoliticosveracruz.com\/?p=19129#primaryimage"},"thumbnailUrl":"http:\/\/www.lospoliticosveracruz.com.mx\/wp-content\/uploads\/2015\/11\/El-Silva-300x203.jpg","keywords":["El Silva","Javier Duarte de Ochoa","Proceso","Regina Mart\u00ednez P\u00e9rez"],"articleSection":["De Opini\u00f3n"],"inLanguage":"es","potentialAction":[{"@type":"CommentAction","name":"Comment","target":["https:\/\/lospoliticosveracruz.com\/?p=19129#respond"]}]},{"@type":"WebPage","@id":"https:\/\/lospoliticosveracruz.com\/?p=19129","url":"https:\/\/lospoliticosveracruz.com\/?p=19129","name":"La foto del Silva con la playera del Gober - Los pol\u00edticos Veracruz","isPartOf":{"@id":"https:\/\/lospoliticosveracruz.com\/#website"},"primaryImageOfPage":{"@id":"https:\/\/lospoliticosveracruz.com\/?p=19129#primaryimage"},"image":{"@id":"https:\/\/lospoliticosveracruz.com\/?p=19129#primaryimage"},"thumbnailUrl":"http:\/\/www.lospoliticosveracruz.com.mx\/wp-content\/uploads\/2015\/11\/El-Silva-300x203.jpg","datePublished":"2015-11-16T17:24:57+00:00","breadcrumb":{"@id":"https:\/\/lospoliticosveracruz.com\/?p=19129#breadcrumb"},"inLanguage":"es","potentialAction":[{"@type":"ReadAction","target":["https:\/\/lospoliticosveracruz.com\/?p=19129"]}]},{"@type":"ImageObject","inLanguage":"es","@id":"https:\/\/lospoliticosveracruz.com\/?p=19129#primaryimage","url":"http:\/\/www.lospoliticosveracruz.com.mx\/wp-content\/uploads\/2015\/11\/El-Silva-300x203.jpg","contentUrl":"http:\/\/www.lospoliticosveracruz.com.mx\/wp-content\/uploads\/2015\/11\/El-Silva-300x203.jpg"},{"@type":"BreadcrumbList","@id":"https:\/\/lospoliticosveracruz.com\/?p=19129#breadcrumb","itemListElement":[{"@type":"ListItem","position":1,"name":"Portada","item":"https:\/\/lospoliticosveracruz.com\/"},{"@type":"ListItem","position":2,"name":"La foto del Silva con la playera del Gober"}]},{"@type":"WebSite","@id":"https:\/\/lospoliticosveracruz.com\/#website","url":"https:\/\/lospoliticosveracruz.com\/","name":"Los pol\u00edticos Veracruz","description":"","publisher":{"@id":"https:\/\/lospoliticosveracruz.com\/#organization"},"potentialAction":[{"@type":"SearchAction","target":{"@type":"EntryPoint","urlTemplate":"https:\/\/lospoliticosveracruz.com\/?s={search_term_string}"},"query-input":{"@type":"PropertyValueSpecification","valueRequired":true,"valueName":"search_term_string"}}],"inLanguage":"es"},{"@type":"Organization","@id":"https:\/\/lospoliticosveracruz.com\/#organization","name":"Los pol\u00edticos Veracruz","url":"https:\/\/lospoliticosveracruz.com\/","logo":{"@type":"ImageObject","inLanguage":"es","@id":"https:\/\/lospoliticosveracruz.com\/#\/schema\/logo\/image\/","url":"https:\/\/lospoliticosveracruz.com\/wp-content\/uploads\/2025\/12\/Logo-Nuevo-LOS-POLITICOS-1.jpg","contentUrl":"https:\/\/lospoliticosveracruz.com\/wp-content\/uploads\/2025\/12\/Logo-Nuevo-LOS-POLITICOS-1.jpg","width":260,"height":70,"caption":"Los pol\u00edticos Veracruz"},"image":{"@id":"https:\/\/lospoliticosveracruz.com\/#\/schema\/logo\/image\/"},"sameAs":["https:\/\/www.facebook.com\/people\/Notimemes-de-los-Polticos\/61565672886568\/","https:\/\/x.com\/LosPoliticosVer"]},{"@type":"Person","@id":"https:\/\/lospoliticosveracruz.com\/#\/schema\/person\/b8702bb0e538456e6efd07080bf2a4a2","name":"Lo viste en Los Pol\u00edticos","image":{"@type":"ImageObject","inLanguage":"es","@id":"https:\/\/secure.gravatar.com\/avatar\/3a8de04a2656d44082be478bd6c086daa447c4651605818287b9532d3d0bd435?s=96&d=mm&r=g","url":"https:\/\/secure.gravatar.com\/avatar\/3a8de04a2656d44082be478bd6c086daa447c4651605818287b9532d3d0bd435?s=96&d=mm&r=g","contentUrl":"https:\/\/secure.gravatar.com\/avatar\/3a8de04a2656d44082be478bd6c086daa447c4651605818287b9532d3d0bd435?s=96&d=mm&r=g","caption":"Lo viste en Los Pol\u00edticos"},"url":"https:\/\/lospoliticosveracruz.com\/?author=2"}]}},"_links":{"self":[{"href":"https:\/\/lospoliticosveracruz.com\/index.php?rest_route=\/wp\/v2\/posts\/19129","targetHints":{"allow":["GET"]}}],"collection":[{"href":"https:\/\/lospoliticosveracruz.com\/index.php?rest_route=\/wp\/v2\/posts"}],"about":[{"href":"https:\/\/lospoliticosveracruz.com\/index.php?rest_route=\/wp\/v2\/types\/post"}],"author":[{"embeddable":true,"href":"https:\/\/lospoliticosveracruz.com\/index.php?rest_route=\/wp\/v2\/users\/2"}],"replies":[{"embeddable":true,"href":"https:\/\/lospoliticosveracruz.com\/index.php?rest_route=%2Fwp%2Fv2%2Fcomments&post=19129"}],"version-history":[{"count":1,"href":"https:\/\/lospoliticosveracruz.com\/index.php?rest_route=\/wp\/v2\/posts\/19129\/revisions"}],"predecessor-version":[{"id":19131,"href":"https:\/\/lospoliticosveracruz.com\/index.php?rest_route=\/wp\/v2\/posts\/19129\/revisions\/19131"}],"wp:attachment":[{"href":"https:\/\/lospoliticosveracruz.com\/index.php?rest_route=%2Fwp%2Fv2%2Fmedia&parent=19129"}],"wp:term":[{"taxonomy":"category","embeddable":true,"href":"https:\/\/lospoliticosveracruz.com\/index.php?rest_route=%2Fwp%2Fv2%2Fcategories&post=19129"},{"taxonomy":"post_tag","embeddable":true,"href":"https:\/\/lospoliticosveracruz.com\/index.php?rest_route=%2Fwp%2Fv2%2Ftags&post=19129"}],"curies":[{"name":"wp","href":"https:\/\/api.w.org\/{rel}","templated":true}]}}