{"id":19138,"date":"2015-11-16T22:05:08","date_gmt":"2015-11-17T04:05:08","guid":{"rendered":"http:\/\/www.lospoliticosveracruz.com.mx\/?p=19138"},"modified":"2015-11-16T22:05:08","modified_gmt":"2015-11-17T04:05:08","slug":"el-cisne-le-mata-un-pollo-a-molina-palacios","status":"publish","type":"post","link":"https:\/\/lospoliticosveracruz.com\/?p=19138","title":{"rendered":"El Cisne le mata un pollo a Molina Palacios"},"content":{"rendered":"<p><a href=\"http:\/\/www.lospoliticosveracruz.com.mx\/wp-content\/uploads\/2015\/11\/Molina-Palacios-Alberto-Silva.jpg\"><img loading=\"lazy\" decoding=\"async\" class=\"alignnone size-medium wp-image-19139\" src=\"http:\/\/www.lospoliticosveracruz.com.mx\/wp-content\/uploads\/2015\/11\/Molina-Palacios-Alberto-Silva-300x204.jpg\" alt=\"Molina Palacios Alberto Silva\" width=\"300\" height=\"204\" \/><\/a><\/p>\n<p>Al reconocer que el sector campesino ser\u00e1 la base del triunfo del Partido Revolucionario Institucional (PRI) en las pr\u00f3ximas elecciones, el dirigente estatal del tricolor, Alberto Silva Ramos refrend\u00f3 su respaldo al trabajo realizado por el presidente de la Liga de Comunidades Agrarias y Sindicatos Campesinos de la CNC en Veracruz, Juan Carlos Molina Palacios, que s\u00f3lo en unas semanas ha logrado unificar a esta organizaci\u00f3n en v\u00edas de recuperar su fortaleza pol\u00edtica.<\/p>\n<p>Durante un encuentro sostenido entre miembros del Comit\u00e9 Central Ejecutivo de la CNC y el presidente del CEN del PRI en la entidad veracruzana en conocido caf\u00e9 del puerto de Veracruz y al que arribaron en el autob\u00fas de la CNC llamado \u00abEl Agrarista\u00bb, ambos dirigentes coincidieron en que la unidad ser\u00e1 la fuerza del priismo en los comicios en que se elegir\u00e1n diputados locales y al gobernador de dos a\u00f1os, \u00abeste sector primario es la base de nuestro partido, que hoy m\u00e1s que nunca se est\u00e1 consolidando con la presencia y trabajo de Juan Carlos Molina\u00bb, indic\u00f3 Silva Ramos.<\/p>\n<p>Asimismo, Juan Carlos Molina Palacios se\u00f1al\u00f3 que \u00abs\u00f3lo pedimos el respaldo para que con la fuerza del priismo hagamos llegar los programas a las zonas rurales, pedimos que cuando lleguen los momentos no nos dejen fuera de los espacios en cada regi\u00f3n; que en cada municipio podamos tener representaci\u00f3n y es precisamente lo que estamos dialogando con el presidente de nuestro partido porque s\u00f3lo trabajando unidos vamos a recibir los beneficios para nuestra gente del campo\u00bb.<\/p>\n<p>Molina Palacios agreg\u00f3 que desde su toma de protesta como l\u00edder de 800 mil afiliados a la CNC en Veracruz han estado visitando a los municipios de vocaci\u00f3n campesina con la finalidad de atender a los productores en diferentes temas que eran de car\u00e1cter urgente, \u00aben ese sentido estamos ya con programas como la siembra de 50 mil hect\u00e1reas de ma\u00edz y 20 mil de sorgo; en los pr\u00f3ximos d\u00edas vamos a estar en el norte del estado para entregar m\u00e1s de 150 bombas con motor para dotarlos de tecnolog\u00eda que facilite el trabajo y mejore la producci\u00f3n\u00bb, indic\u00f3.<\/p>\n<p>Record\u00f3 adem\u00e1s que al solicitar al gobernador Javier Duarte de Ochoa apoyo para resolver la problem\u00e1tica de transporte en los ejidos, el mandatario se comprometi\u00f3 a entregar concesiones de transporte mixto rural para cada ejido de la entidad, las cuales entregar\u00e1n el 6 de enero durante la conmemoraci\u00f3n de la promulgaci\u00f3n de la Ley Agraria, que encabezar\u00e1 el presidente de la Rep\u00fablica, Enrique Pe\u00f1a Nieto.<\/p>\n<p>\u00abTodos estos programas est\u00e1n encaminados solamente a mejorar la calidad de vida de los productores, traerles los programas es el compromiso de la Liga de Comunidades Agrarias y por eso vamos a continuar recorriendo los municipios rurales en los pr\u00f3ximos 90 d\u00edas\u00bb, explic\u00f3 el dirigente campesino.<\/p>\n<p>Por su parte, Silva Ramos asegur\u00f3 que la CNC \u00abjugar\u00e1 un papel fundamental en el triunfo del pr\u00f3ximo gobernador de Veracruz que ser\u00e1 priista, con esta alianza que ya se viene conformando y caminando en lo que sin duda ser\u00e1 la m\u00e1s grande alianza electoral en el estado de Veracruz, la cual es una alianza con proyecto, con visi\u00f3n y con futuro y por supuesto el sector primario de la econom\u00eda ser\u00e1 un pilar de cara a este proceso de renovaci\u00f3n de las 30 candidatas y candidatos a diputados locales y al gobernador\u00bb.<\/p>\n<p>\u00abA la CNC le hac\u00eda falta un l\u00edder como \u00e9l -Molina Palacios- para activar la fuerza del campo veracruzano y hoy frente a esta elecci\u00f3n que se vislumbra compleja necesitamos el apoyo de todos y consolidar un acuerdo pol\u00edtico con los sectores obrero, campesino y popular, es fundamental para nosotros al ser Veracruz un estado con vocaci\u00f3n rural pero en donde se hab\u00eda perdido fortaleza y en eso es donde vamos a trabajar nominando a los mejores hombres, las mejores mujeres y al mejor candidato\u00bb, concluy\u00f3.<\/p>\n","protected":false},"excerpt":{"rendered":"<p>Al reconocer que el sector campesino ser\u00e1 la base del triunfo del Partido Revolucionario Institucional (PRI) en las pr\u00f3ximas elecciones, el dirigente estatal del tricolor, Alberto Silva Ramos refrend\u00f3 su respaldo al trabajo realizado por el presidente de la Liga de Comunidades Agrarias y Sindicatos Campesinos de la CNC en Veracruz, Juan Carlos Molina Palacios, [&hellip;]<\/p>\n","protected":false},"author":2,"featured_media":0,"comment_status":"open","ping_status":"open","sticky":false,"template":"","format":"standard","meta":{"tdm_status":"","tdm_grid_status":"","footnotes":""},"categories":[73],"tags":[3118,4090,260,3256,1845,251],"class_list":{"0":"post-19138","1":"post","2":"type-post","3":"status-publish","4":"format-standard","6":"category-de-boleto","7":"tag-cnc","8":"tag-el-agrarista","9":"tag-javier-duarte-de-ochoa","10":"tag-juan-carlos-molina-palacios","11":"tag-liga-de-comunidades-agrarias","12":"tag-pri"},"yoast_head":"<!-- This site is optimized with the Yoast SEO plugin v27.4 - https:\/\/yoast.com\/product\/yoast-seo-wordpress\/ -->\n<title>El Cisne le mata un pollo a Molina Palacios - Los pol\u00edticos Veracruz<\/title>\n<meta name=\"robots\" content=\"index, follow, max-snippet:-1, max-image-preview:large, max-video-preview:-1\" \/>\n<link rel=\"canonical\" href=\"https:\/\/lospoliticosveracruz.com\/?p=19138\" \/>\n<meta property=\"og:locale\" content=\"es_ES\" \/>\n<meta property=\"og:type\" content=\"article\" \/>\n<meta property=\"og:title\" content=\"El Cisne le mata un pollo a Molina Palacios - Los pol\u00edticos Veracruz\" \/>\n<meta property=\"og:description\" content=\"Al reconocer que el sector campesino ser\u00e1 la base del triunfo del Partido Revolucionario Institucional (PRI) en las pr\u00f3ximas elecciones, el dirigente estatal del tricolor, Alberto Silva Ramos refrend\u00f3 su respaldo al trabajo realizado por el presidente de la Liga de Comunidades Agrarias y Sindicatos Campesinos de la CNC en Veracruz, Juan Carlos Molina Palacios, [&hellip;]\" \/>\n<meta property=\"og:url\" content=\"https:\/\/lospoliticosveracruz.com\/?p=19138\" \/>\n<meta property=\"og:site_name\" content=\"Los pol\u00edticos Veracruz\" \/>\n<meta property=\"article:publisher\" content=\"https:\/\/www.facebook.com\/people\/Notimemes-de-los-Polticos\/61565672886568\/\" \/>\n<meta property=\"article:published_time\" content=\"2015-11-17T04:05:08+00:00\" \/>\n<meta property=\"og:image\" content=\"http:\/\/www.lospoliticosveracruz.com.mx\/wp-content\/uploads\/2015\/11\/Molina-Palacios-Alberto-Silva-300x204.jpg\" \/>\n<meta name=\"author\" content=\"Lo viste en Los Pol\u00edticos\" \/>\n<meta name=\"twitter:card\" content=\"summary_large_image\" \/>\n<meta name=\"twitter:creator\" content=\"@LosPoliticosVer\" \/>\n<meta name=\"twitter:site\" content=\"@LosPoliticosVer\" \/>\n<meta name=\"twitter:label1\" content=\"Escrito por\" \/>\n\t<meta name=\"twitter:data1\" content=\"Lo viste en Los Pol\u00edticos\" \/>\n\t<meta name=\"twitter:label2\" content=\"Tiempo de lectura\" \/>\n\t<meta name=\"twitter:data2\" content=\"3 minutos\" \/>\n<script type=\"application\/ld+json\" class=\"yoast-schema-graph\">{\"@context\":\"https:\\\/\\\/schema.org\",\"@graph\":[{\"@type\":\"Article\",\"@id\":\"https:\\\/\\\/lospoliticosveracruz.com\\\/?p=19138#article\",\"isPartOf\":{\"@id\":\"https:\\\/\\\/lospoliticosveracruz.com\\\/?p=19138\"},\"author\":{\"name\":\"Lo viste en Los Pol\u00edticos\",\"@id\":\"https:\\\/\\\/lospoliticosveracruz.com\\\/#\\\/schema\\\/person\\\/b8702bb0e538456e6efd07080bf2a4a2\"},\"headline\":\"El Cisne le mata un pollo a Molina Palacios\",\"datePublished\":\"2015-11-17T04:05:08+00:00\",\"mainEntityOfPage\":{\"@id\":\"https:\\\/\\\/lospoliticosveracruz.com\\\/?p=19138\"},\"wordCount\":685,\"commentCount\":0,\"publisher\":{\"@id\":\"https:\\\/\\\/lospoliticosveracruz.com\\\/#organization\"},\"image\":{\"@id\":\"https:\\\/\\\/lospoliticosveracruz.com\\\/?p=19138#primaryimage\"},\"thumbnailUrl\":\"http:\\\/\\\/www.lospoliticosveracruz.com.mx\\\/wp-content\\\/uploads\\\/2015\\\/11\\\/Molina-Palacios-Alberto-Silva-300x204.jpg\",\"keywords\":[\"CNC\",\"El Agrarista\",\"Javier Duarte de Ochoa\",\"Juan Carlos Molina Palacios\",\"Liga de Comunidades Agrarias\",\"PRI\"],\"articleSection\":[\"De Boleto\"],\"inLanguage\":\"es\",\"potentialAction\":[{\"@type\":\"CommentAction\",\"name\":\"Comment\",\"target\":[\"https:\\\/\\\/lospoliticosveracruz.com\\\/?p=19138#respond\"]}]},{\"@type\":\"WebPage\",\"@id\":\"https:\\\/\\\/lospoliticosveracruz.com\\\/?p=19138\",\"url\":\"https:\\\/\\\/lospoliticosveracruz.com\\\/?p=19138\",\"name\":\"El Cisne le mata un pollo a Molina Palacios - Los pol\u00edticos Veracruz\",\"isPartOf\":{\"@id\":\"https:\\\/\\\/lospoliticosveracruz.com\\\/#website\"},\"primaryImageOfPage\":{\"@id\":\"https:\\\/\\\/lospoliticosveracruz.com\\\/?p=19138#primaryimage\"},\"image\":{\"@id\":\"https:\\\/\\\/lospoliticosveracruz.com\\\/?p=19138#primaryimage\"},\"thumbnailUrl\":\"http:\\\/\\\/www.lospoliticosveracruz.com.mx\\\/wp-content\\\/uploads\\\/2015\\\/11\\\/Molina-Palacios-Alberto-Silva-300x204.jpg\",\"datePublished\":\"2015-11-17T04:05:08+00:00\",\"breadcrumb\":{\"@id\":\"https:\\\/\\\/lospoliticosveracruz.com\\\/?p=19138#breadcrumb\"},\"inLanguage\":\"es\",\"potentialAction\":[{\"@type\":\"ReadAction\",\"target\":[\"https:\\\/\\\/lospoliticosveracruz.com\\\/?p=19138\"]}]},{\"@type\":\"ImageObject\",\"inLanguage\":\"es\",\"@id\":\"https:\\\/\\\/lospoliticosveracruz.com\\\/?p=19138#primaryimage\",\"url\":\"http:\\\/\\\/www.lospoliticosveracruz.com.mx\\\/wp-content\\\/uploads\\\/2015\\\/11\\\/Molina-Palacios-Alberto-Silva-300x204.jpg\",\"contentUrl\":\"http:\\\/\\\/www.lospoliticosveracruz.com.mx\\\/wp-content\\\/uploads\\\/2015\\\/11\\\/Molina-Palacios-Alberto-Silva-300x204.jpg\"},{\"@type\":\"BreadcrumbList\",\"@id\":\"https:\\\/\\\/lospoliticosveracruz.com\\\/?p=19138#breadcrumb\",\"itemListElement\":[{\"@type\":\"ListItem\",\"position\":1,\"name\":\"Portada\",\"item\":\"https:\\\/\\\/lospoliticosveracruz.com\\\/\"},{\"@type\":\"ListItem\",\"position\":2,\"name\":\"El Cisne le mata un pollo a Molina Palacios\"}]},{\"@type\":\"WebSite\",\"@id\":\"https:\\\/\\\/lospoliticosveracruz.com\\\/#website\",\"url\":\"https:\\\/\\\/lospoliticosveracruz.com\\\/\",\"name\":\"Los pol\u00edticos Veracruz\",\"description\":\"\",\"publisher\":{\"@id\":\"https:\\\/\\\/lospoliticosveracruz.com\\\/#organization\"},\"potentialAction\":[{\"@type\":\"SearchAction\",\"target\":{\"@type\":\"EntryPoint\",\"urlTemplate\":\"https:\\\/\\\/lospoliticosveracruz.com\\\/?s={search_term_string}\"},\"query-input\":{\"@type\":\"PropertyValueSpecification\",\"valueRequired\":true,\"valueName\":\"search_term_string\"}}],\"inLanguage\":\"es\"},{\"@type\":\"Organization\",\"@id\":\"https:\\\/\\\/lospoliticosveracruz.com\\\/#organization\",\"name\":\"Los pol\u00edticos Veracruz\",\"url\":\"https:\\\/\\\/lospoliticosveracruz.com\\\/\",\"logo\":{\"@type\":\"ImageObject\",\"inLanguage\":\"es\",\"@id\":\"https:\\\/\\\/lospoliticosveracruz.com\\\/#\\\/schema\\\/logo\\\/image\\\/\",\"url\":\"https:\\\/\\\/lospoliticosveracruz.com\\\/wp-content\\\/uploads\\\/2025\\\/12\\\/Logo-Nuevo-LOS-POLITICOS-1.jpg\",\"contentUrl\":\"https:\\\/\\\/lospoliticosveracruz.com\\\/wp-content\\\/uploads\\\/2025\\\/12\\\/Logo-Nuevo-LOS-POLITICOS-1.jpg\",\"width\":260,\"height\":70,\"caption\":\"Los pol\u00edticos Veracruz\"},\"image\":{\"@id\":\"https:\\\/\\\/lospoliticosveracruz.com\\\/#\\\/schema\\\/logo\\\/image\\\/\"},\"sameAs\":[\"https:\\\/\\\/www.facebook.com\\\/people\\\/Notimemes-de-los-Polticos\\\/61565672886568\\\/\",\"https:\\\/\\\/x.com\\\/LosPoliticosVer\"]},{\"@type\":\"Person\",\"@id\":\"https:\\\/\\\/lospoliticosveracruz.com\\\/#\\\/schema\\\/person\\\/b8702bb0e538456e6efd07080bf2a4a2\",\"name\":\"Lo viste en Los Pol\u00edticos\",\"image\":{\"@type\":\"ImageObject\",\"inLanguage\":\"es\",\"@id\":\"https:\\\/\\\/secure.gravatar.com\\\/avatar\\\/3a8de04a2656d44082be478bd6c086daa447c4651605818287b9532d3d0bd435?s=96&d=mm&r=g\",\"url\":\"https:\\\/\\\/secure.gravatar.com\\\/avatar\\\/3a8de04a2656d44082be478bd6c086daa447c4651605818287b9532d3d0bd435?s=96&d=mm&r=g\",\"contentUrl\":\"https:\\\/\\\/secure.gravatar.com\\\/avatar\\\/3a8de04a2656d44082be478bd6c086daa447c4651605818287b9532d3d0bd435?s=96&d=mm&r=g\",\"caption\":\"Lo viste en Los Pol\u00edticos\"},\"url\":\"https:\\\/\\\/lospoliticosveracruz.com\\\/?author=2\"}]}<\/script>\n<!-- \/ Yoast SEO plugin. -->","yoast_head_json":{"title":"El Cisne le mata un pollo a Molina Palacios - Los pol\u00edticos Veracruz","robots":{"index":"index","follow":"follow","max-snippet":"max-snippet:-1","max-image-preview":"max-image-preview:large","max-video-preview":"max-video-preview:-1"},"canonical":"https:\/\/lospoliticosveracruz.com\/?p=19138","og_locale":"es_ES","og_type":"article","og_title":"El Cisne le mata un pollo a Molina Palacios - Los pol\u00edticos Veracruz","og_description":"Al reconocer que el sector campesino ser\u00e1 la base del triunfo del Partido Revolucionario Institucional (PRI) en las pr\u00f3ximas elecciones, el dirigente estatal del tricolor, Alberto Silva Ramos refrend\u00f3 su respaldo al trabajo realizado por el presidente de la Liga de Comunidades Agrarias y Sindicatos Campesinos de la CNC en Veracruz, Juan Carlos Molina Palacios, [&hellip;]","og_url":"https:\/\/lospoliticosveracruz.com\/?p=19138","og_site_name":"Los pol\u00edticos Veracruz","article_publisher":"https:\/\/www.facebook.com\/people\/Notimemes-de-los-Polticos\/61565672886568\/","article_published_time":"2015-11-17T04:05:08+00:00","og_image":[{"url":"http:\/\/www.lospoliticosveracruz.com.mx\/wp-content\/uploads\/2015\/11\/Molina-Palacios-Alberto-Silva-300x204.jpg","type":"","width":"","height":""}],"author":"Lo viste en Los Pol\u00edticos","twitter_card":"summary_large_image","twitter_creator":"@LosPoliticosVer","twitter_site":"@LosPoliticosVer","twitter_misc":{"Escrito por":"Lo viste en Los Pol\u00edticos","Tiempo de lectura":"3 minutos"},"schema":{"@context":"https:\/\/schema.org","@graph":[{"@type":"Article","@id":"https:\/\/lospoliticosveracruz.com\/?p=19138#article","isPartOf":{"@id":"https:\/\/lospoliticosveracruz.com\/?p=19138"},"author":{"name":"Lo viste en Los Pol\u00edticos","@id":"https:\/\/lospoliticosveracruz.com\/#\/schema\/person\/b8702bb0e538456e6efd07080bf2a4a2"},"headline":"El Cisne le mata un pollo a Molina Palacios","datePublished":"2015-11-17T04:05:08+00:00","mainEntityOfPage":{"@id":"https:\/\/lospoliticosveracruz.com\/?p=19138"},"wordCount":685,"commentCount":0,"publisher":{"@id":"https:\/\/lospoliticosveracruz.com\/#organization"},"image":{"@id":"https:\/\/lospoliticosveracruz.com\/?p=19138#primaryimage"},"thumbnailUrl":"http:\/\/www.lospoliticosveracruz.com.mx\/wp-content\/uploads\/2015\/11\/Molina-Palacios-Alberto-Silva-300x204.jpg","keywords":["CNC","El Agrarista","Javier Duarte de Ochoa","Juan Carlos Molina Palacios","Liga de Comunidades Agrarias","PRI"],"articleSection":["De Boleto"],"inLanguage":"es","potentialAction":[{"@type":"CommentAction","name":"Comment","target":["https:\/\/lospoliticosveracruz.com\/?p=19138#respond"]}]},{"@type":"WebPage","@id":"https:\/\/lospoliticosveracruz.com\/?p=19138","url":"https:\/\/lospoliticosveracruz.com\/?p=19138","name":"El Cisne le mata un pollo a Molina Palacios - Los pol\u00edticos Veracruz","isPartOf":{"@id":"https:\/\/lospoliticosveracruz.com\/#website"},"primaryImageOfPage":{"@id":"https:\/\/lospoliticosveracruz.com\/?p=19138#primaryimage"},"image":{"@id":"https:\/\/lospoliticosveracruz.com\/?p=19138#primaryimage"},"thumbnailUrl":"http:\/\/www.lospoliticosveracruz.com.mx\/wp-content\/uploads\/2015\/11\/Molina-Palacios-Alberto-Silva-300x204.jpg","datePublished":"2015-11-17T04:05:08+00:00","breadcrumb":{"@id":"https:\/\/lospoliticosveracruz.com\/?p=19138#breadcrumb"},"inLanguage":"es","potentialAction":[{"@type":"ReadAction","target":["https:\/\/lospoliticosveracruz.com\/?p=19138"]}]},{"@type":"ImageObject","inLanguage":"es","@id":"https:\/\/lospoliticosveracruz.com\/?p=19138#primaryimage","url":"http:\/\/www.lospoliticosveracruz.com.mx\/wp-content\/uploads\/2015\/11\/Molina-Palacios-Alberto-Silva-300x204.jpg","contentUrl":"http:\/\/www.lospoliticosveracruz.com.mx\/wp-content\/uploads\/2015\/11\/Molina-Palacios-Alberto-Silva-300x204.jpg"},{"@type":"BreadcrumbList","@id":"https:\/\/lospoliticosveracruz.com\/?p=19138#breadcrumb","itemListElement":[{"@type":"ListItem","position":1,"name":"Portada","item":"https:\/\/lospoliticosveracruz.com\/"},{"@type":"ListItem","position":2,"name":"El Cisne le mata un pollo a Molina Palacios"}]},{"@type":"WebSite","@id":"https:\/\/lospoliticosveracruz.com\/#website","url":"https:\/\/lospoliticosveracruz.com\/","name":"Los pol\u00edticos Veracruz","description":"","publisher":{"@id":"https:\/\/lospoliticosveracruz.com\/#organization"},"potentialAction":[{"@type":"SearchAction","target":{"@type":"EntryPoint","urlTemplate":"https:\/\/lospoliticosveracruz.com\/?s={search_term_string}"},"query-input":{"@type":"PropertyValueSpecification","valueRequired":true,"valueName":"search_term_string"}}],"inLanguage":"es"},{"@type":"Organization","@id":"https:\/\/lospoliticosveracruz.com\/#organization","name":"Los pol\u00edticos Veracruz","url":"https:\/\/lospoliticosveracruz.com\/","logo":{"@type":"ImageObject","inLanguage":"es","@id":"https:\/\/lospoliticosveracruz.com\/#\/schema\/logo\/image\/","url":"https:\/\/lospoliticosveracruz.com\/wp-content\/uploads\/2025\/12\/Logo-Nuevo-LOS-POLITICOS-1.jpg","contentUrl":"https:\/\/lospoliticosveracruz.com\/wp-content\/uploads\/2025\/12\/Logo-Nuevo-LOS-POLITICOS-1.jpg","width":260,"height":70,"caption":"Los pol\u00edticos Veracruz"},"image":{"@id":"https:\/\/lospoliticosveracruz.com\/#\/schema\/logo\/image\/"},"sameAs":["https:\/\/www.facebook.com\/people\/Notimemes-de-los-Polticos\/61565672886568\/","https:\/\/x.com\/LosPoliticosVer"]},{"@type":"Person","@id":"https:\/\/lospoliticosveracruz.com\/#\/schema\/person\/b8702bb0e538456e6efd07080bf2a4a2","name":"Lo viste en Los Pol\u00edticos","image":{"@type":"ImageObject","inLanguage":"es","@id":"https:\/\/secure.gravatar.com\/avatar\/3a8de04a2656d44082be478bd6c086daa447c4651605818287b9532d3d0bd435?s=96&d=mm&r=g","url":"https:\/\/secure.gravatar.com\/avatar\/3a8de04a2656d44082be478bd6c086daa447c4651605818287b9532d3d0bd435?s=96&d=mm&r=g","contentUrl":"https:\/\/secure.gravatar.com\/avatar\/3a8de04a2656d44082be478bd6c086daa447c4651605818287b9532d3d0bd435?s=96&d=mm&r=g","caption":"Lo viste en Los Pol\u00edticos"},"url":"https:\/\/lospoliticosveracruz.com\/?author=2"}]}},"_links":{"self":[{"href":"https:\/\/lospoliticosveracruz.com\/index.php?rest_route=\/wp\/v2\/posts\/19138","targetHints":{"allow":["GET"]}}],"collection":[{"href":"https:\/\/lospoliticosveracruz.com\/index.php?rest_route=\/wp\/v2\/posts"}],"about":[{"href":"https:\/\/lospoliticosveracruz.com\/index.php?rest_route=\/wp\/v2\/types\/post"}],"author":[{"embeddable":true,"href":"https:\/\/lospoliticosveracruz.com\/index.php?rest_route=\/wp\/v2\/users\/2"}],"replies":[{"embeddable":true,"href":"https:\/\/lospoliticosveracruz.com\/index.php?rest_route=%2Fwp%2Fv2%2Fcomments&post=19138"}],"version-history":[{"count":1,"href":"https:\/\/lospoliticosveracruz.com\/index.php?rest_route=\/wp\/v2\/posts\/19138\/revisions"}],"predecessor-version":[{"id":19140,"href":"https:\/\/lospoliticosveracruz.com\/index.php?rest_route=\/wp\/v2\/posts\/19138\/revisions\/19140"}],"wp:attachment":[{"href":"https:\/\/lospoliticosveracruz.com\/index.php?rest_route=%2Fwp%2Fv2%2Fmedia&parent=19138"}],"wp:term":[{"taxonomy":"category","embeddable":true,"href":"https:\/\/lospoliticosveracruz.com\/index.php?rest_route=%2Fwp%2Fv2%2Fcategories&post=19138"},{"taxonomy":"post_tag","embeddable":true,"href":"https:\/\/lospoliticosveracruz.com\/index.php?rest_route=%2Fwp%2Fv2%2Ftags&post=19138"}],"curies":[{"name":"wp","href":"https:\/\/api.w.org\/{rel}","templated":true}]}}