{"id":19141,"date":"2015-11-16T22:33:00","date_gmt":"2015-11-17T04:33:00","guid":{"rendered":"http:\/\/www.lospoliticosveracruz.com.mx\/?p=19141"},"modified":"2015-11-16T22:33:00","modified_gmt":"2015-11-17T04:33:00","slug":"doctor-sarukhan-y-doctor-no","status":"publish","type":"post","link":"https:\/\/lospoliticosveracruz.com\/?p=19141","title":{"rendered":"Doctor Sarukh\u00e1n y Doctor No"},"content":{"rendered":"<figure id=\"attachment_19142\" aria-describedby=\"caption-attachment-19142\" style=\"width: 300px\" class=\"wp-caption alignnone\"><a href=\"http:\/\/www.lospoliticosveracruz.com.mx\/wp-content\/uploads\/2015\/11\/Wenceslao-Duarte.jpg\"><img loading=\"lazy\" decoding=\"async\" class=\"wp-image-19142 size-medium\" src=\"http:\/\/www.lospoliticosveracruz.com.mx\/wp-content\/uploads\/2015\/11\/Wenceslao-Duarte-300x258.jpg\" alt=\"Wenceslao Duarte\" width=\"300\" height=\"258\" \/><\/a><figcaption id=\"caption-attachment-19142\" class=\"wp-caption-text\">Wenceslao Duarte<\/figcaption><\/figure>\n<p><strong>Salvador Mu\u00f1oz<\/strong><\/p>\n<p><em>Los Pol\u00edticos<\/em><\/p>\n<p>Veracruz est\u00e1 perdido. Las palabras fueron contundentes para V\u00edctor Alvarado Mart\u00ednez, el famoso Doctor No, m\u00e1s cuando \u00e9stas ven\u00edan de quien ven\u00edan, de otro Doctor\u2026 Jos\u00e9 Sarukh\u00e1n.<br \/>\nDe eso, va para cinco a\u00f1os de que V\u00edctor Alvarado, el titular de Medio Ambiente en Veracruz, inici\u00f3 un camino complicado, pero con mucha imaginaci\u00f3n, de grandes esfuerzos, tambi\u00e9n de amigos y conocidos, as\u00ed como de trabajo para que hoy, el Doctor Jos\u00e9 Sarukh\u00e1n tenga una visi\u00f3n totalmente diferente de Veracruz en el \u00e1rea de biodiversidad.<br \/>\nII<br \/>\nWenceslao Duarte, s\u00ed, por supuesto, nada que ver con el gobernador Javier Duarte, ten\u00eda cinco hect\u00e1reas de potrero, all\u00e1 en Ocotal Chico, en la zona de los Tuxtlas. Tanto terreno y sin producir. Hasta que conoci\u00f3 el Fondo Ambiental Veracruzano. Su terreno, al pie de Santa Martha, dej\u00f3 de estar pel\u00f3n para que a esta fecha, lo cubran melinas, plantas de pimienta, frijol y caf\u00e9. A la semana, tan s\u00f3lo con la producci\u00f3n del arom\u00e1tico, saca 500 pesos pues vende el grano a Alemania. Con las melinas, saca madera y adem\u00e1s de lo que siembra, tiene gallinas. No s\u00f3lo revirti\u00f3 el da\u00f1o ocasionado por la tala en sus terrenos, sino que econ\u00f3micamente, aprendi\u00f3 a comercializar sus productos.<br \/>\nIII<br \/>\nEl Fondo Ambiental Veracruzano (FAV) es un fideicomiso creado en 2012 por la Sedema para captar recursos nacionales e internacionales como por ejemplo, de la Fundaci\u00f3n Pedro y Elena Hern\u00e1ndez AC o del mismo Banco Mundial para financiar proyectos y llevar a cabo acciones para la preservaci\u00f3n, restauraci\u00f3n del equilibrio ecol\u00f3gico, mitigaci\u00f3n del cambio clim\u00e1tico y protecci\u00f3n al medio ambiente.<br \/>\n\u00bfPor qu\u00e9 crear un Fideicomiso? Quiz\u00e1s por la misma raz\u00f3n que cuando uno piensa en las prioridades de su entorno, se tome en cuenta seguridad, empleo, salario, salud y otras, pero el Medio Ambiente s\u00f3lo nos ocupe cuando un granizo del tama\u00f1o de una pelota de golf golpea nuestro carro o porque cuando vemos que las calles se inundan en un aguacero at\u00edpico de varias horas\u2026<br \/>\nAs\u00ed que pensar en aportar un peso para el Medio Ambiente es posible que no est\u00e9 dentro de nuestro presupuesto porque es como la obra p\u00fablica que no se ve&#8230; drenaje, tuber\u00eda\u2026 el ciudadano cree que no se hace nada y el gobernante piensa que al no verse, no se ha de agradecer.<br \/>\nClaro, a ello se agrega dos cosas: confianza y credibilidad, que la sociedad no tiene en sus autoridades aunque en el caso del FAV, la mayor\u00eda de los integrantes del Comit\u00e9 T\u00e9cnico son personajes ajenos a la pol\u00edtica y m\u00e1s a la actividad social, filantr\u00f3pica, acad\u00e9mica, de investigaci\u00f3n o ambientalista.<br \/>\nIV<br \/>\nEn diversos puntos del mundo, muchos pa\u00edses est\u00e1n creando Cinturones Verdes. Es decir, alrededor de sus principales ciudades se cuidan y regeneran \u00e1reas boscosas. Ejemplo de ello pueden ser Frankfurt (Alemania), Londres y Bristol (Inglaterra), Toronto y Ottawa (Canad\u00e1), Beijing (China), Medell\u00edn (Colombia), Sao Paolo (Brasil) y Xalapa\u2026 s\u00ed, Xalapa, Veracruz.<br \/>\nSe pretende que la mancha urbana deje de crecer para dar paso a la verde. El reto es grande pero si el Rhin era uno de los r\u00edos m\u00e1s contaminados de Europa y en diez a\u00f1os se revirti\u00f3 su da\u00f1o, es posible entonces en Xalapa y Veracruz lograr un cambio o mejor, contrarrestar el cambio clim\u00e1tico.<br \/>\nPor cierto, dice el Doctor No, V\u00edctor Alvarado, que antes de que concluya su administraci\u00f3n Javier Duarte de Ochoa, ha de decretar tres nuevas reservas naturales como son las Lagunas del Puerto jarocho, el Bosque de Totalco y las Dunas de San Isidro, donde se pretende evitar que hagan un campo de golf.<br \/>\nV<br \/>\nDe hace casi cinco a\u00f1os a la fecha, de cuando V\u00edctor Alvarado Mart\u00ednez se entrevist\u00f3 con el Doctor Jos\u00e9 Sarukh\u00e1n para pedirle apoyo para rescatar el medio ambiente de la entidad jarocha y \u00e9ste le dijo que \u201cVeracruz est\u00e1 perdido\u201d, hoy, las cosas han cambiado\u2026 para el titular de la Comisi\u00f3n Nacional para el Conocimiento y Uso de la Biodiversidad (Conabio), Veracruz es uno de los estados con m\u00e1s acciones para la conservaci\u00f3n y el uso sustentable de su diversidad biol\u00f3gica, tan as\u00ed que en enero, el Doctor Sarukh\u00e1n ha de estar en el estado inaugurando un taller nacional en la materia\u2026 s\u00ed, todo indica que no todo est\u00e1 perdido en Veracruz.<\/p>\n<p><strong>Meade, al Banco de los Chedraui<\/strong><br \/>\nS\u00ed, este martes, el titular de Sedesol federal, Jos\u00e9 Antonio Meade Kuribre\u00f1a, conocer\u00e1 el Banco de los Chedraui. Por supuesto, nos referimos al Banco de Alimentos Man\u00e1 que su presidenta, Irma Chedraui Obeso, lleva a\u00f1os en tan noble labor. Es seguro que la se\u00f1ora d\u00e9 amplia explicaci\u00f3n de las acciones que desarrolla Man\u00e1 y sus beneficiarios directos. Y por supuesto, donde est\u00e9 Meade, es seguro que igual est\u00e9n Chelo y Fello, el delegado y el secretario de Sedesol, quienes habr\u00e1n de atestiguar la firma del Convenio para el Combate al rezago educativo, en el cual participan las dependencias involucradas en la Cruzada Nacional contra el Hambre.<\/p>\n<p>smcainito@gmail.com<\/p>\n","protected":false},"excerpt":{"rendered":"<p>Salvador Mu\u00f1oz Los Pol\u00edticos Veracruz est\u00e1 perdido. Las palabras fueron contundentes para V\u00edctor Alvarado Mart\u00ednez, el famoso Doctor No, m\u00e1s cuando \u00e9stas ven\u00edan de quien ven\u00edan, de otro Doctor\u2026 Jos\u00e9 Sarukh\u00e1n. De eso, va para cinco a\u00f1os de que V\u00edctor Alvarado, el titular de Medio Ambiente en Veracruz, inici\u00f3 un camino complicado, pero con mucha [&hellip;]<\/p>\n","protected":false},"author":2,"featured_media":0,"comment_status":"open","ping_status":"open","sticky":false,"template":"","format":"standard","meta":{"tdm_status":"","tdm_grid_status":"","footnotes":""},"categories":[70],"tags":[4091,4092],"class_list":{"0":"post-19141","1":"post","2":"type-post","3":"status-publish","4":"format-standard","6":"category-de-opinion","7":"tag-jose-sarukhan","8":"tag-medio-ambiente-veracruz"},"yoast_head":"<!-- This site is optimized with the Yoast SEO plugin v27.4 - https:\/\/yoast.com\/product\/yoast-seo-wordpress\/ -->\n<title>Doctor Sarukh\u00e1n y Doctor No - Los pol\u00edticos Veracruz<\/title>\n<meta name=\"robots\" content=\"index, follow, max-snippet:-1, max-image-preview:large, max-video-preview:-1\" \/>\n<link rel=\"canonical\" href=\"https:\/\/lospoliticosveracruz.com\/?p=19141\" \/>\n<meta property=\"og:locale\" content=\"es_ES\" \/>\n<meta property=\"og:type\" content=\"article\" \/>\n<meta property=\"og:title\" content=\"Doctor Sarukh\u00e1n y Doctor No - Los pol\u00edticos Veracruz\" \/>\n<meta property=\"og:description\" content=\"Salvador Mu\u00f1oz Los Pol\u00edticos Veracruz est\u00e1 perdido. Las palabras fueron contundentes para V\u00edctor Alvarado Mart\u00ednez, el famoso Doctor No, m\u00e1s cuando \u00e9stas ven\u00edan de quien ven\u00edan, de otro Doctor\u2026 Jos\u00e9 Sarukh\u00e1n. De eso, va para cinco a\u00f1os de que V\u00edctor Alvarado, el titular de Medio Ambiente en Veracruz, inici\u00f3 un camino complicado, pero con mucha [&hellip;]\" \/>\n<meta property=\"og:url\" content=\"https:\/\/lospoliticosveracruz.com\/?p=19141\" \/>\n<meta property=\"og:site_name\" content=\"Los pol\u00edticos Veracruz\" \/>\n<meta property=\"article:publisher\" content=\"https:\/\/www.facebook.com\/people\/Notimemes-de-los-Polticos\/61565672886568\/\" \/>\n<meta property=\"article:published_time\" content=\"2015-11-17T04:33:00+00:00\" \/>\n<meta property=\"og:image\" content=\"http:\/\/www.lospoliticosveracruz.com.mx\/wp-content\/uploads\/2015\/11\/Wenceslao-Duarte-300x258.jpg\" \/>\n<meta name=\"author\" content=\"Lo viste en Los Pol\u00edticos\" \/>\n<meta name=\"twitter:card\" content=\"summary_large_image\" \/>\n<meta name=\"twitter:creator\" content=\"@LosPoliticosVer\" \/>\n<meta name=\"twitter:site\" content=\"@LosPoliticosVer\" \/>\n<meta name=\"twitter:label1\" content=\"Escrito por\" \/>\n\t<meta name=\"twitter:data1\" content=\"Lo viste en Los Pol\u00edticos\" \/>\n\t<meta name=\"twitter:label2\" content=\"Tiempo de lectura\" \/>\n\t<meta name=\"twitter:data2\" content=\"5 minutos\" \/>\n<script type=\"application\/ld+json\" class=\"yoast-schema-graph\">{\"@context\":\"https:\\\/\\\/schema.org\",\"@graph\":[{\"@type\":\"Article\",\"@id\":\"https:\\\/\\\/lospoliticosveracruz.com\\\/?p=19141#article\",\"isPartOf\":{\"@id\":\"https:\\\/\\\/lospoliticosveracruz.com\\\/?p=19141\"},\"author\":{\"name\":\"Lo viste en Los Pol\u00edticos\",\"@id\":\"https:\\\/\\\/lospoliticosveracruz.com\\\/#\\\/schema\\\/person\\\/b8702bb0e538456e6efd07080bf2a4a2\"},\"headline\":\"Doctor Sarukh\u00e1n y Doctor No\",\"datePublished\":\"2015-11-17T04:33:00+00:00\",\"mainEntityOfPage\":{\"@id\":\"https:\\\/\\\/lospoliticosveracruz.com\\\/?p=19141\"},\"wordCount\":908,\"commentCount\":0,\"publisher\":{\"@id\":\"https:\\\/\\\/lospoliticosveracruz.com\\\/#organization\"},\"image\":{\"@id\":\"https:\\\/\\\/lospoliticosveracruz.com\\\/?p=19141#primaryimage\"},\"thumbnailUrl\":\"http:\\\/\\\/www.lospoliticosveracruz.com.mx\\\/wp-content\\\/uploads\\\/2015\\\/11\\\/Wenceslao-Duarte-300x258.jpg\",\"keywords\":[\"Jos\u00e9 Sarukh\u00e1n\",\"Medio Ambiente Veracruz\"],\"articleSection\":[\"De Opini\u00f3n\"],\"inLanguage\":\"es\",\"potentialAction\":[{\"@type\":\"CommentAction\",\"name\":\"Comment\",\"target\":[\"https:\\\/\\\/lospoliticosveracruz.com\\\/?p=19141#respond\"]}]},{\"@type\":\"WebPage\",\"@id\":\"https:\\\/\\\/lospoliticosveracruz.com\\\/?p=19141\",\"url\":\"https:\\\/\\\/lospoliticosveracruz.com\\\/?p=19141\",\"name\":\"Doctor Sarukh\u00e1n y Doctor No - Los pol\u00edticos Veracruz\",\"isPartOf\":{\"@id\":\"https:\\\/\\\/lospoliticosveracruz.com\\\/#website\"},\"primaryImageOfPage\":{\"@id\":\"https:\\\/\\\/lospoliticosveracruz.com\\\/?p=19141#primaryimage\"},\"image\":{\"@id\":\"https:\\\/\\\/lospoliticosveracruz.com\\\/?p=19141#primaryimage\"},\"thumbnailUrl\":\"http:\\\/\\\/www.lospoliticosveracruz.com.mx\\\/wp-content\\\/uploads\\\/2015\\\/11\\\/Wenceslao-Duarte-300x258.jpg\",\"datePublished\":\"2015-11-17T04:33:00+00:00\",\"breadcrumb\":{\"@id\":\"https:\\\/\\\/lospoliticosveracruz.com\\\/?p=19141#breadcrumb\"},\"inLanguage\":\"es\",\"potentialAction\":[{\"@type\":\"ReadAction\",\"target\":[\"https:\\\/\\\/lospoliticosveracruz.com\\\/?p=19141\"]}]},{\"@type\":\"ImageObject\",\"inLanguage\":\"es\",\"@id\":\"https:\\\/\\\/lospoliticosveracruz.com\\\/?p=19141#primaryimage\",\"url\":\"http:\\\/\\\/www.lospoliticosveracruz.com.mx\\\/wp-content\\\/uploads\\\/2015\\\/11\\\/Wenceslao-Duarte-300x258.jpg\",\"contentUrl\":\"http:\\\/\\\/www.lospoliticosveracruz.com.mx\\\/wp-content\\\/uploads\\\/2015\\\/11\\\/Wenceslao-Duarte-300x258.jpg\"},{\"@type\":\"BreadcrumbList\",\"@id\":\"https:\\\/\\\/lospoliticosveracruz.com\\\/?p=19141#breadcrumb\",\"itemListElement\":[{\"@type\":\"ListItem\",\"position\":1,\"name\":\"Portada\",\"item\":\"https:\\\/\\\/lospoliticosveracruz.com\\\/\"},{\"@type\":\"ListItem\",\"position\":2,\"name\":\"Doctor Sarukh\u00e1n y Doctor No\"}]},{\"@type\":\"WebSite\",\"@id\":\"https:\\\/\\\/lospoliticosveracruz.com\\\/#website\",\"url\":\"https:\\\/\\\/lospoliticosveracruz.com\\\/\",\"name\":\"Los pol\u00edticos Veracruz\",\"description\":\"\",\"publisher\":{\"@id\":\"https:\\\/\\\/lospoliticosveracruz.com\\\/#organization\"},\"potentialAction\":[{\"@type\":\"SearchAction\",\"target\":{\"@type\":\"EntryPoint\",\"urlTemplate\":\"https:\\\/\\\/lospoliticosveracruz.com\\\/?s={search_term_string}\"},\"query-input\":{\"@type\":\"PropertyValueSpecification\",\"valueRequired\":true,\"valueName\":\"search_term_string\"}}],\"inLanguage\":\"es\"},{\"@type\":\"Organization\",\"@id\":\"https:\\\/\\\/lospoliticosveracruz.com\\\/#organization\",\"name\":\"Los pol\u00edticos Veracruz\",\"url\":\"https:\\\/\\\/lospoliticosveracruz.com\\\/\",\"logo\":{\"@type\":\"ImageObject\",\"inLanguage\":\"es\",\"@id\":\"https:\\\/\\\/lospoliticosveracruz.com\\\/#\\\/schema\\\/logo\\\/image\\\/\",\"url\":\"https:\\\/\\\/lospoliticosveracruz.com\\\/wp-content\\\/uploads\\\/2025\\\/12\\\/Logo-Nuevo-LOS-POLITICOS-1.jpg\",\"contentUrl\":\"https:\\\/\\\/lospoliticosveracruz.com\\\/wp-content\\\/uploads\\\/2025\\\/12\\\/Logo-Nuevo-LOS-POLITICOS-1.jpg\",\"width\":260,\"height\":70,\"caption\":\"Los pol\u00edticos Veracruz\"},\"image\":{\"@id\":\"https:\\\/\\\/lospoliticosveracruz.com\\\/#\\\/schema\\\/logo\\\/image\\\/\"},\"sameAs\":[\"https:\\\/\\\/www.facebook.com\\\/people\\\/Notimemes-de-los-Polticos\\\/61565672886568\\\/\",\"https:\\\/\\\/x.com\\\/LosPoliticosVer\"]},{\"@type\":\"Person\",\"@id\":\"https:\\\/\\\/lospoliticosveracruz.com\\\/#\\\/schema\\\/person\\\/b8702bb0e538456e6efd07080bf2a4a2\",\"name\":\"Lo viste en Los Pol\u00edticos\",\"image\":{\"@type\":\"ImageObject\",\"inLanguage\":\"es\",\"@id\":\"https:\\\/\\\/secure.gravatar.com\\\/avatar\\\/3a8de04a2656d44082be478bd6c086daa447c4651605818287b9532d3d0bd435?s=96&d=mm&r=g\",\"url\":\"https:\\\/\\\/secure.gravatar.com\\\/avatar\\\/3a8de04a2656d44082be478bd6c086daa447c4651605818287b9532d3d0bd435?s=96&d=mm&r=g\",\"contentUrl\":\"https:\\\/\\\/secure.gravatar.com\\\/avatar\\\/3a8de04a2656d44082be478bd6c086daa447c4651605818287b9532d3d0bd435?s=96&d=mm&r=g\",\"caption\":\"Lo viste en Los Pol\u00edticos\"},\"url\":\"https:\\\/\\\/lospoliticosveracruz.com\\\/?author=2\"}]}<\/script>\n<!-- \/ Yoast SEO plugin. -->","yoast_head_json":{"title":"Doctor Sarukh\u00e1n y Doctor No - Los pol\u00edticos Veracruz","robots":{"index":"index","follow":"follow","max-snippet":"max-snippet:-1","max-image-preview":"max-image-preview:large","max-video-preview":"max-video-preview:-1"},"canonical":"https:\/\/lospoliticosveracruz.com\/?p=19141","og_locale":"es_ES","og_type":"article","og_title":"Doctor Sarukh\u00e1n y Doctor No - Los pol\u00edticos Veracruz","og_description":"Salvador Mu\u00f1oz Los Pol\u00edticos Veracruz est\u00e1 perdido. Las palabras fueron contundentes para V\u00edctor Alvarado Mart\u00ednez, el famoso Doctor No, m\u00e1s cuando \u00e9stas ven\u00edan de quien ven\u00edan, de otro Doctor\u2026 Jos\u00e9 Sarukh\u00e1n. De eso, va para cinco a\u00f1os de que V\u00edctor Alvarado, el titular de Medio Ambiente en Veracruz, inici\u00f3 un camino complicado, pero con mucha [&hellip;]","og_url":"https:\/\/lospoliticosveracruz.com\/?p=19141","og_site_name":"Los pol\u00edticos Veracruz","article_publisher":"https:\/\/www.facebook.com\/people\/Notimemes-de-los-Polticos\/61565672886568\/","article_published_time":"2015-11-17T04:33:00+00:00","og_image":[{"url":"http:\/\/www.lospoliticosveracruz.com.mx\/wp-content\/uploads\/2015\/11\/Wenceslao-Duarte-300x258.jpg","type":"","width":"","height":""}],"author":"Lo viste en Los Pol\u00edticos","twitter_card":"summary_large_image","twitter_creator":"@LosPoliticosVer","twitter_site":"@LosPoliticosVer","twitter_misc":{"Escrito por":"Lo viste en Los Pol\u00edticos","Tiempo de lectura":"5 minutos"},"schema":{"@context":"https:\/\/schema.org","@graph":[{"@type":"Article","@id":"https:\/\/lospoliticosveracruz.com\/?p=19141#article","isPartOf":{"@id":"https:\/\/lospoliticosveracruz.com\/?p=19141"},"author":{"name":"Lo viste en Los Pol\u00edticos","@id":"https:\/\/lospoliticosveracruz.com\/#\/schema\/person\/b8702bb0e538456e6efd07080bf2a4a2"},"headline":"Doctor Sarukh\u00e1n y Doctor No","datePublished":"2015-11-17T04:33:00+00:00","mainEntityOfPage":{"@id":"https:\/\/lospoliticosveracruz.com\/?p=19141"},"wordCount":908,"commentCount":0,"publisher":{"@id":"https:\/\/lospoliticosveracruz.com\/#organization"},"image":{"@id":"https:\/\/lospoliticosveracruz.com\/?p=19141#primaryimage"},"thumbnailUrl":"http:\/\/www.lospoliticosveracruz.com.mx\/wp-content\/uploads\/2015\/11\/Wenceslao-Duarte-300x258.jpg","keywords":["Jos\u00e9 Sarukh\u00e1n","Medio Ambiente Veracruz"],"articleSection":["De Opini\u00f3n"],"inLanguage":"es","potentialAction":[{"@type":"CommentAction","name":"Comment","target":["https:\/\/lospoliticosveracruz.com\/?p=19141#respond"]}]},{"@type":"WebPage","@id":"https:\/\/lospoliticosveracruz.com\/?p=19141","url":"https:\/\/lospoliticosveracruz.com\/?p=19141","name":"Doctor Sarukh\u00e1n y Doctor No - Los pol\u00edticos Veracruz","isPartOf":{"@id":"https:\/\/lospoliticosveracruz.com\/#website"},"primaryImageOfPage":{"@id":"https:\/\/lospoliticosveracruz.com\/?p=19141#primaryimage"},"image":{"@id":"https:\/\/lospoliticosveracruz.com\/?p=19141#primaryimage"},"thumbnailUrl":"http:\/\/www.lospoliticosveracruz.com.mx\/wp-content\/uploads\/2015\/11\/Wenceslao-Duarte-300x258.jpg","datePublished":"2015-11-17T04:33:00+00:00","breadcrumb":{"@id":"https:\/\/lospoliticosveracruz.com\/?p=19141#breadcrumb"},"inLanguage":"es","potentialAction":[{"@type":"ReadAction","target":["https:\/\/lospoliticosveracruz.com\/?p=19141"]}]},{"@type":"ImageObject","inLanguage":"es","@id":"https:\/\/lospoliticosveracruz.com\/?p=19141#primaryimage","url":"http:\/\/www.lospoliticosveracruz.com.mx\/wp-content\/uploads\/2015\/11\/Wenceslao-Duarte-300x258.jpg","contentUrl":"http:\/\/www.lospoliticosveracruz.com.mx\/wp-content\/uploads\/2015\/11\/Wenceslao-Duarte-300x258.jpg"},{"@type":"BreadcrumbList","@id":"https:\/\/lospoliticosveracruz.com\/?p=19141#breadcrumb","itemListElement":[{"@type":"ListItem","position":1,"name":"Portada","item":"https:\/\/lospoliticosveracruz.com\/"},{"@type":"ListItem","position":2,"name":"Doctor Sarukh\u00e1n y Doctor No"}]},{"@type":"WebSite","@id":"https:\/\/lospoliticosveracruz.com\/#website","url":"https:\/\/lospoliticosveracruz.com\/","name":"Los pol\u00edticos Veracruz","description":"","publisher":{"@id":"https:\/\/lospoliticosveracruz.com\/#organization"},"potentialAction":[{"@type":"SearchAction","target":{"@type":"EntryPoint","urlTemplate":"https:\/\/lospoliticosveracruz.com\/?s={search_term_string}"},"query-input":{"@type":"PropertyValueSpecification","valueRequired":true,"valueName":"search_term_string"}}],"inLanguage":"es"},{"@type":"Organization","@id":"https:\/\/lospoliticosveracruz.com\/#organization","name":"Los pol\u00edticos Veracruz","url":"https:\/\/lospoliticosveracruz.com\/","logo":{"@type":"ImageObject","inLanguage":"es","@id":"https:\/\/lospoliticosveracruz.com\/#\/schema\/logo\/image\/","url":"https:\/\/lospoliticosveracruz.com\/wp-content\/uploads\/2025\/12\/Logo-Nuevo-LOS-POLITICOS-1.jpg","contentUrl":"https:\/\/lospoliticosveracruz.com\/wp-content\/uploads\/2025\/12\/Logo-Nuevo-LOS-POLITICOS-1.jpg","width":260,"height":70,"caption":"Los pol\u00edticos Veracruz"},"image":{"@id":"https:\/\/lospoliticosveracruz.com\/#\/schema\/logo\/image\/"},"sameAs":["https:\/\/www.facebook.com\/people\/Notimemes-de-los-Polticos\/61565672886568\/","https:\/\/x.com\/LosPoliticosVer"]},{"@type":"Person","@id":"https:\/\/lospoliticosveracruz.com\/#\/schema\/person\/b8702bb0e538456e6efd07080bf2a4a2","name":"Lo viste en Los Pol\u00edticos","image":{"@type":"ImageObject","inLanguage":"es","@id":"https:\/\/secure.gravatar.com\/avatar\/3a8de04a2656d44082be478bd6c086daa447c4651605818287b9532d3d0bd435?s=96&d=mm&r=g","url":"https:\/\/secure.gravatar.com\/avatar\/3a8de04a2656d44082be478bd6c086daa447c4651605818287b9532d3d0bd435?s=96&d=mm&r=g","contentUrl":"https:\/\/secure.gravatar.com\/avatar\/3a8de04a2656d44082be478bd6c086daa447c4651605818287b9532d3d0bd435?s=96&d=mm&r=g","caption":"Lo viste en Los Pol\u00edticos"},"url":"https:\/\/lospoliticosveracruz.com\/?author=2"}]}},"_links":{"self":[{"href":"https:\/\/lospoliticosveracruz.com\/index.php?rest_route=\/wp\/v2\/posts\/19141","targetHints":{"allow":["GET"]}}],"collection":[{"href":"https:\/\/lospoliticosveracruz.com\/index.php?rest_route=\/wp\/v2\/posts"}],"about":[{"href":"https:\/\/lospoliticosveracruz.com\/index.php?rest_route=\/wp\/v2\/types\/post"}],"author":[{"embeddable":true,"href":"https:\/\/lospoliticosveracruz.com\/index.php?rest_route=\/wp\/v2\/users\/2"}],"replies":[{"embeddable":true,"href":"https:\/\/lospoliticosveracruz.com\/index.php?rest_route=%2Fwp%2Fv2%2Fcomments&post=19141"}],"version-history":[{"count":1,"href":"https:\/\/lospoliticosveracruz.com\/index.php?rest_route=\/wp\/v2\/posts\/19141\/revisions"}],"predecessor-version":[{"id":19143,"href":"https:\/\/lospoliticosveracruz.com\/index.php?rest_route=\/wp\/v2\/posts\/19141\/revisions\/19143"}],"wp:attachment":[{"href":"https:\/\/lospoliticosveracruz.com\/index.php?rest_route=%2Fwp%2Fv2%2Fmedia&parent=19141"}],"wp:term":[{"taxonomy":"category","embeddable":true,"href":"https:\/\/lospoliticosveracruz.com\/index.php?rest_route=%2Fwp%2Fv2%2Fcategories&post=19141"},{"taxonomy":"post_tag","embeddable":true,"href":"https:\/\/lospoliticosveracruz.com\/index.php?rest_route=%2Fwp%2Fv2%2Ftags&post=19141"}],"curies":[{"name":"wp","href":"https:\/\/api.w.org\/{rel}","templated":true}]}}