{"id":19157,"date":"2015-11-17T22:05:38","date_gmt":"2015-11-18T04:05:38","guid":{"rendered":"http:\/\/www.lospoliticosveracruz.com.mx\/?p=19157"},"modified":"2015-11-17T22:05:38","modified_gmt":"2015-11-18T04:05:38","slug":"ayuntamiento-denuncia-a-prima-de-duarte","status":"publish","type":"post","link":"https:\/\/lospoliticosveracruz.com\/?p=19157","title":{"rendered":"Ayuntamiento denuncia a prima de Duarte"},"content":{"rendered":"<blockquote><p><a href=\"http:\/\/www.lospoliticosveracruz.com.mx\/wp-content\/uploads\/2015\/11\/Ayuntamiento1.jpg\"><img loading=\"lazy\" decoding=\"async\" class=\"alignnone size-medium wp-image-19158\" src=\"http:\/\/www.lospoliticosveracruz.com.mx\/wp-content\/uploads\/2015\/11\/Ayuntamiento1-300x169.jpg\" alt=\"Ayuntamiento\" width=\"300\" height=\"169\" \/><\/a><\/p>\n<p>Por construcci\u00f3n irregular de edificio en Indeco-\u00c1nimas<\/p>\n<p>Vecinos afectados podr\u00edan proceder igual\u00a0contra Heidi Zurita<\/p><\/blockquote>\n<p>El incumplimiento del mandato municipal de detener la construcci\u00f3n de un edificio en el Fraccionamiento Indeco-\u00c1nimas traer\u00e1 consecuencias legales en instancias estatales y federales, en caso de que los propietarios mantengan dicho desacato, advirti\u00f3 el Director de Desarrollo Urbano y Medio Ambiente en Xalapa, Ram\u00f3n Hern\u00e1ndez Salas.<\/p>\n<p>El funcionario municipal record\u00f3 que se otorg\u00f3 una licencia de construcci\u00f3n de una casa habitaci\u00f3n en la calle Ravel a nombre de Heidi Zurita Duarte en una zona residencial en la que s\u00f3lo pueden construirse hasta tres niveles, y como este edificio ya estaba en v\u00edas de erigir un quinto piso sin determinar el uso que se le dar\u00e1, se tomaron medidas legales.<\/p>\n<p>Hern\u00e1ndez Salas explic\u00f3 que el Ayuntamiento xalape\u00f1o procedi\u00f3 en su momento a clausurar la obra y que la particular quebr\u00f3 los sellos instalados para continuar con la construcci\u00f3n y convirti\u00f3 un proceso administrativo en uno legal al obtener un amparo federal.<\/p>\n<p>Sin embargo, el Director de Desarrollo Urbano y Medio Ambiente precis\u00f3 que tal documento marca que la obra deber\u00eda quedarse como estaba, y como la construcci\u00f3n sigui\u00f3 avanzando, la administraci\u00f3n municipal turn\u00f3 el caso a la Direcci\u00f3n Jur\u00eddica del Ayuntamiento, la cual primero acudi\u00f3 ante la Fiscal\u00eda General del Estado a interponer una denuncia penal y ahora dar\u00e1 parte a las instancias federales.<\/p>\n<p>\u201cDerivado de que han continuado construyendo, y lo hemos constatado adem\u00e1s de unas im\u00e1genes que nos han proporcionado los vecinos, el Ayuntamiento el d\u00eda de hoy presentar\u00e1 una queja formal tambi\u00e9n, una notificaci\u00f3n ante el Juzgado Federal inform\u00e1ndoles que este particular ha violentado el amparo que se\u00f1alaba que dejaran las cosas como est\u00e1n actualmente\u201d, detall\u00f3.<\/p>\n<p>Ante esta situaci\u00f3n, vecinos de Indeco-\u00c1nimas, inconformes con la obra, se manifestaron la ma\u00f1ana de este martes sobre en la Avenida Araucarias, por lo que fueron atendidos por el Director de Gobernaci\u00f3n municipal, Oscar Cruz Alexander, quien les confirm\u00f3 que derivado de una reuni\u00f3n realizada el lunes 16 de noviembre, el alcalde Am\u00e9rico Z\u00fa\u00f1iga Mart\u00ednez los recibir\u00e1 este mi\u00e9rcoles 18 en Sala de Cabildo para informarles los procesos que se han seguido y el estado de los mismos.<\/p>\n<p>Ram\u00f3n Hern\u00e1ndez Salas confirm\u00f3 que ante el peso del edificio construido por Heidi Zurita sobre la calle Ravel del fraccionamiento Indeco-\u00c1nimas, se han detectado fracturas leves en pisos y muros de las casas colindantes, as\u00ed como un asentamiento de tierra en uno de los patios aleda\u00f1os, por lo que se espera que cada vecino afectado interponga una demanda por da\u00f1os a propiedad privada.<\/p>\n<p>El Director de Desarrollo Urbano agreg\u00f3 que en la calle de Hayden, tambi\u00e9n en el Fraccionamiento Indeco-\u00c1nimas, se clausur\u00f3 otra construcci\u00f3n en la que se est\u00e1n edificando departamentos cuando se les otorg\u00f3 licencia para una casa habitaci\u00f3n, por lo que afirm\u00f3 que no se tolerar\u00e1n incumplimientos a la reglamentaci\u00f3n.<\/p>\n","protected":false},"excerpt":{"rendered":"<p>Por construcci\u00f3n irregular de edificio en Indeco-\u00c1nimas Vecinos afectados podr\u00edan proceder igual\u00a0contra Heidi Zurita El incumplimiento del mandato municipal de detener la construcci\u00f3n de un edificio en el Fraccionamiento Indeco-\u00c1nimas traer\u00e1 consecuencias legales en instancias estatales y federales, en caso de que los propietarios mantengan dicho desacato, advirti\u00f3 el Director de Desarrollo Urbano y Medio [&hellip;]<\/p>\n","protected":false},"author":2,"featured_media":0,"comment_status":"open","ping_status":"open","sticky":false,"template":"","format":"standard","meta":{"tdm_status":"","tdm_grid_status":"","footnotes":""},"categories":[73],"tags":[4107,4104,4105,4106,96],"class_list":{"0":"post-19157","1":"post","2":"type-post","3":"status-publish","4":"format-standard","6":"category-de-boleto","7":"tag-demanda","8":"tag-heidi-zurita-duarte","9":"tag-indeco-animas","10":"tag-ramon-hernandez-salas","11":"tag-xalapa"},"yoast_head":"<!-- This site is optimized with the Yoast SEO plugin v27.4 - https:\/\/yoast.com\/product\/yoast-seo-wordpress\/ -->\n<title>Ayuntamiento denuncia a prima de Duarte - Los pol\u00edticos Veracruz<\/title>\n<meta name=\"robots\" content=\"index, follow, max-snippet:-1, max-image-preview:large, max-video-preview:-1\" \/>\n<link rel=\"canonical\" href=\"https:\/\/lospoliticosveracruz.com\/?p=19157\" \/>\n<meta property=\"og:locale\" content=\"es_ES\" \/>\n<meta property=\"og:type\" content=\"article\" \/>\n<meta property=\"og:title\" content=\"Ayuntamiento denuncia a prima de Duarte - Los pol\u00edticos Veracruz\" \/>\n<meta property=\"og:description\" content=\"Por construcci\u00f3n irregular de edificio en Indeco-\u00c1nimas Vecinos afectados podr\u00edan proceder igual\u00a0contra Heidi Zurita El incumplimiento del mandato municipal de detener la construcci\u00f3n de un edificio en el Fraccionamiento Indeco-\u00c1nimas traer\u00e1 consecuencias legales en instancias estatales y federales, en caso de que los propietarios mantengan dicho desacato, advirti\u00f3 el Director de Desarrollo Urbano y Medio [&hellip;]\" \/>\n<meta property=\"og:url\" content=\"https:\/\/lospoliticosveracruz.com\/?p=19157\" \/>\n<meta property=\"og:site_name\" content=\"Los pol\u00edticos Veracruz\" \/>\n<meta property=\"article:publisher\" content=\"https:\/\/www.facebook.com\/people\/Notimemes-de-los-Polticos\/61565672886568\/\" \/>\n<meta property=\"article:published_time\" content=\"2015-11-18T04:05:38+00:00\" \/>\n<meta property=\"og:image\" content=\"http:\/\/www.lospoliticosveracruz.com.mx\/wp-content\/uploads\/2015\/11\/Ayuntamiento1-300x169.jpg\" \/>\n<meta name=\"author\" content=\"Lo viste en Los Pol\u00edticos\" \/>\n<meta name=\"twitter:card\" content=\"summary_large_image\" \/>\n<meta name=\"twitter:creator\" content=\"@LosPoliticosVer\" \/>\n<meta name=\"twitter:site\" content=\"@LosPoliticosVer\" \/>\n<meta name=\"twitter:label1\" content=\"Escrito por\" \/>\n\t<meta name=\"twitter:data1\" content=\"Lo viste en Los Pol\u00edticos\" \/>\n\t<meta name=\"twitter:label2\" content=\"Tiempo de lectura\" \/>\n\t<meta name=\"twitter:data2\" content=\"3 minutos\" \/>\n<script type=\"application\/ld+json\" class=\"yoast-schema-graph\">{\"@context\":\"https:\\\/\\\/schema.org\",\"@graph\":[{\"@type\":\"Article\",\"@id\":\"https:\\\/\\\/lospoliticosveracruz.com\\\/?p=19157#article\",\"isPartOf\":{\"@id\":\"https:\\\/\\\/lospoliticosveracruz.com\\\/?p=19157\"},\"author\":{\"name\":\"Lo viste en Los Pol\u00edticos\",\"@id\":\"https:\\\/\\\/lospoliticosveracruz.com\\\/#\\\/schema\\\/person\\\/b8702bb0e538456e6efd07080bf2a4a2\"},\"headline\":\"Ayuntamiento denuncia a prima de Duarte\",\"datePublished\":\"2015-11-18T04:05:38+00:00\",\"mainEntityOfPage\":{\"@id\":\"https:\\\/\\\/lospoliticosveracruz.com\\\/?p=19157\"},\"wordCount\":527,\"commentCount\":0,\"publisher\":{\"@id\":\"https:\\\/\\\/lospoliticosveracruz.com\\\/#organization\"},\"image\":{\"@id\":\"https:\\\/\\\/lospoliticosveracruz.com\\\/?p=19157#primaryimage\"},\"thumbnailUrl\":\"http:\\\/\\\/www.lospoliticosveracruz.com.mx\\\/wp-content\\\/uploads\\\/2015\\\/11\\\/Ayuntamiento1-300x169.jpg\",\"keywords\":[\"demanda\",\"Heidi Zurita Duarte\",\"Indeco-\u00c1nimas\",\"Ram\u00f3n Hern\u00e1ndez Salas\",\"Xalapa\"],\"articleSection\":[\"De Boleto\"],\"inLanguage\":\"es\",\"potentialAction\":[{\"@type\":\"CommentAction\",\"name\":\"Comment\",\"target\":[\"https:\\\/\\\/lospoliticosveracruz.com\\\/?p=19157#respond\"]}]},{\"@type\":\"WebPage\",\"@id\":\"https:\\\/\\\/lospoliticosveracruz.com\\\/?p=19157\",\"url\":\"https:\\\/\\\/lospoliticosveracruz.com\\\/?p=19157\",\"name\":\"Ayuntamiento denuncia a prima de Duarte - Los pol\u00edticos Veracruz\",\"isPartOf\":{\"@id\":\"https:\\\/\\\/lospoliticosveracruz.com\\\/#website\"},\"primaryImageOfPage\":{\"@id\":\"https:\\\/\\\/lospoliticosveracruz.com\\\/?p=19157#primaryimage\"},\"image\":{\"@id\":\"https:\\\/\\\/lospoliticosveracruz.com\\\/?p=19157#primaryimage\"},\"thumbnailUrl\":\"http:\\\/\\\/www.lospoliticosveracruz.com.mx\\\/wp-content\\\/uploads\\\/2015\\\/11\\\/Ayuntamiento1-300x169.jpg\",\"datePublished\":\"2015-11-18T04:05:38+00:00\",\"breadcrumb\":{\"@id\":\"https:\\\/\\\/lospoliticosveracruz.com\\\/?p=19157#breadcrumb\"},\"inLanguage\":\"es\",\"potentialAction\":[{\"@type\":\"ReadAction\",\"target\":[\"https:\\\/\\\/lospoliticosveracruz.com\\\/?p=19157\"]}]},{\"@type\":\"ImageObject\",\"inLanguage\":\"es\",\"@id\":\"https:\\\/\\\/lospoliticosveracruz.com\\\/?p=19157#primaryimage\",\"url\":\"http:\\\/\\\/www.lospoliticosveracruz.com.mx\\\/wp-content\\\/uploads\\\/2015\\\/11\\\/Ayuntamiento1-300x169.jpg\",\"contentUrl\":\"http:\\\/\\\/www.lospoliticosveracruz.com.mx\\\/wp-content\\\/uploads\\\/2015\\\/11\\\/Ayuntamiento1-300x169.jpg\"},{\"@type\":\"BreadcrumbList\",\"@id\":\"https:\\\/\\\/lospoliticosveracruz.com\\\/?p=19157#breadcrumb\",\"itemListElement\":[{\"@type\":\"ListItem\",\"position\":1,\"name\":\"Portada\",\"item\":\"https:\\\/\\\/lospoliticosveracruz.com\\\/\"},{\"@type\":\"ListItem\",\"position\":2,\"name\":\"Ayuntamiento denuncia a prima de Duarte\"}]},{\"@type\":\"WebSite\",\"@id\":\"https:\\\/\\\/lospoliticosveracruz.com\\\/#website\",\"url\":\"https:\\\/\\\/lospoliticosveracruz.com\\\/\",\"name\":\"Los pol\u00edticos Veracruz\",\"description\":\"\",\"publisher\":{\"@id\":\"https:\\\/\\\/lospoliticosveracruz.com\\\/#organization\"},\"potentialAction\":[{\"@type\":\"SearchAction\",\"target\":{\"@type\":\"EntryPoint\",\"urlTemplate\":\"https:\\\/\\\/lospoliticosveracruz.com\\\/?s={search_term_string}\"},\"query-input\":{\"@type\":\"PropertyValueSpecification\",\"valueRequired\":true,\"valueName\":\"search_term_string\"}}],\"inLanguage\":\"es\"},{\"@type\":\"Organization\",\"@id\":\"https:\\\/\\\/lospoliticosveracruz.com\\\/#organization\",\"name\":\"Los pol\u00edticos Veracruz\",\"url\":\"https:\\\/\\\/lospoliticosveracruz.com\\\/\",\"logo\":{\"@type\":\"ImageObject\",\"inLanguage\":\"es\",\"@id\":\"https:\\\/\\\/lospoliticosveracruz.com\\\/#\\\/schema\\\/logo\\\/image\\\/\",\"url\":\"https:\\\/\\\/lospoliticosveracruz.com\\\/wp-content\\\/uploads\\\/2025\\\/12\\\/Logo-Nuevo-LOS-POLITICOS-1.jpg\",\"contentUrl\":\"https:\\\/\\\/lospoliticosveracruz.com\\\/wp-content\\\/uploads\\\/2025\\\/12\\\/Logo-Nuevo-LOS-POLITICOS-1.jpg\",\"width\":260,\"height\":70,\"caption\":\"Los pol\u00edticos Veracruz\"},\"image\":{\"@id\":\"https:\\\/\\\/lospoliticosveracruz.com\\\/#\\\/schema\\\/logo\\\/image\\\/\"},\"sameAs\":[\"https:\\\/\\\/www.facebook.com\\\/people\\\/Notimemes-de-los-Polticos\\\/61565672886568\\\/\",\"https:\\\/\\\/x.com\\\/LosPoliticosVer\"]},{\"@type\":\"Person\",\"@id\":\"https:\\\/\\\/lospoliticosveracruz.com\\\/#\\\/schema\\\/person\\\/b8702bb0e538456e6efd07080bf2a4a2\",\"name\":\"Lo viste en Los Pol\u00edticos\",\"image\":{\"@type\":\"ImageObject\",\"inLanguage\":\"es\",\"@id\":\"https:\\\/\\\/secure.gravatar.com\\\/avatar\\\/3a8de04a2656d44082be478bd6c086daa447c4651605818287b9532d3d0bd435?s=96&d=mm&r=g\",\"url\":\"https:\\\/\\\/secure.gravatar.com\\\/avatar\\\/3a8de04a2656d44082be478bd6c086daa447c4651605818287b9532d3d0bd435?s=96&d=mm&r=g\",\"contentUrl\":\"https:\\\/\\\/secure.gravatar.com\\\/avatar\\\/3a8de04a2656d44082be478bd6c086daa447c4651605818287b9532d3d0bd435?s=96&d=mm&r=g\",\"caption\":\"Lo viste en Los Pol\u00edticos\"},\"url\":\"https:\\\/\\\/lospoliticosveracruz.com\\\/?author=2\"}]}<\/script>\n<!-- \/ Yoast SEO plugin. -->","yoast_head_json":{"title":"Ayuntamiento denuncia a prima de Duarte - Los pol\u00edticos Veracruz","robots":{"index":"index","follow":"follow","max-snippet":"max-snippet:-1","max-image-preview":"max-image-preview:large","max-video-preview":"max-video-preview:-1"},"canonical":"https:\/\/lospoliticosveracruz.com\/?p=19157","og_locale":"es_ES","og_type":"article","og_title":"Ayuntamiento denuncia a prima de Duarte - Los pol\u00edticos Veracruz","og_description":"Por construcci\u00f3n irregular de edificio en Indeco-\u00c1nimas Vecinos afectados podr\u00edan proceder igual\u00a0contra Heidi Zurita El incumplimiento del mandato municipal de detener la construcci\u00f3n de un edificio en el Fraccionamiento Indeco-\u00c1nimas traer\u00e1 consecuencias legales en instancias estatales y federales, en caso de que los propietarios mantengan dicho desacato, advirti\u00f3 el Director de Desarrollo Urbano y Medio [&hellip;]","og_url":"https:\/\/lospoliticosveracruz.com\/?p=19157","og_site_name":"Los pol\u00edticos Veracruz","article_publisher":"https:\/\/www.facebook.com\/people\/Notimemes-de-los-Polticos\/61565672886568\/","article_published_time":"2015-11-18T04:05:38+00:00","og_image":[{"url":"http:\/\/www.lospoliticosveracruz.com.mx\/wp-content\/uploads\/2015\/11\/Ayuntamiento1-300x169.jpg","type":"","width":"","height":""}],"author":"Lo viste en Los Pol\u00edticos","twitter_card":"summary_large_image","twitter_creator":"@LosPoliticosVer","twitter_site":"@LosPoliticosVer","twitter_misc":{"Escrito por":"Lo viste en Los Pol\u00edticos","Tiempo de lectura":"3 minutos"},"schema":{"@context":"https:\/\/schema.org","@graph":[{"@type":"Article","@id":"https:\/\/lospoliticosveracruz.com\/?p=19157#article","isPartOf":{"@id":"https:\/\/lospoliticosveracruz.com\/?p=19157"},"author":{"name":"Lo viste en Los Pol\u00edticos","@id":"https:\/\/lospoliticosveracruz.com\/#\/schema\/person\/b8702bb0e538456e6efd07080bf2a4a2"},"headline":"Ayuntamiento denuncia a prima de Duarte","datePublished":"2015-11-18T04:05:38+00:00","mainEntityOfPage":{"@id":"https:\/\/lospoliticosveracruz.com\/?p=19157"},"wordCount":527,"commentCount":0,"publisher":{"@id":"https:\/\/lospoliticosveracruz.com\/#organization"},"image":{"@id":"https:\/\/lospoliticosveracruz.com\/?p=19157#primaryimage"},"thumbnailUrl":"http:\/\/www.lospoliticosveracruz.com.mx\/wp-content\/uploads\/2015\/11\/Ayuntamiento1-300x169.jpg","keywords":["demanda","Heidi Zurita Duarte","Indeco-\u00c1nimas","Ram\u00f3n Hern\u00e1ndez Salas","Xalapa"],"articleSection":["De Boleto"],"inLanguage":"es","potentialAction":[{"@type":"CommentAction","name":"Comment","target":["https:\/\/lospoliticosveracruz.com\/?p=19157#respond"]}]},{"@type":"WebPage","@id":"https:\/\/lospoliticosveracruz.com\/?p=19157","url":"https:\/\/lospoliticosveracruz.com\/?p=19157","name":"Ayuntamiento denuncia a prima de Duarte - Los pol\u00edticos Veracruz","isPartOf":{"@id":"https:\/\/lospoliticosveracruz.com\/#website"},"primaryImageOfPage":{"@id":"https:\/\/lospoliticosveracruz.com\/?p=19157#primaryimage"},"image":{"@id":"https:\/\/lospoliticosveracruz.com\/?p=19157#primaryimage"},"thumbnailUrl":"http:\/\/www.lospoliticosveracruz.com.mx\/wp-content\/uploads\/2015\/11\/Ayuntamiento1-300x169.jpg","datePublished":"2015-11-18T04:05:38+00:00","breadcrumb":{"@id":"https:\/\/lospoliticosveracruz.com\/?p=19157#breadcrumb"},"inLanguage":"es","potentialAction":[{"@type":"ReadAction","target":["https:\/\/lospoliticosveracruz.com\/?p=19157"]}]},{"@type":"ImageObject","inLanguage":"es","@id":"https:\/\/lospoliticosveracruz.com\/?p=19157#primaryimage","url":"http:\/\/www.lospoliticosveracruz.com.mx\/wp-content\/uploads\/2015\/11\/Ayuntamiento1-300x169.jpg","contentUrl":"http:\/\/www.lospoliticosveracruz.com.mx\/wp-content\/uploads\/2015\/11\/Ayuntamiento1-300x169.jpg"},{"@type":"BreadcrumbList","@id":"https:\/\/lospoliticosveracruz.com\/?p=19157#breadcrumb","itemListElement":[{"@type":"ListItem","position":1,"name":"Portada","item":"https:\/\/lospoliticosveracruz.com\/"},{"@type":"ListItem","position":2,"name":"Ayuntamiento denuncia a prima de Duarte"}]},{"@type":"WebSite","@id":"https:\/\/lospoliticosveracruz.com\/#website","url":"https:\/\/lospoliticosveracruz.com\/","name":"Los pol\u00edticos Veracruz","description":"","publisher":{"@id":"https:\/\/lospoliticosveracruz.com\/#organization"},"potentialAction":[{"@type":"SearchAction","target":{"@type":"EntryPoint","urlTemplate":"https:\/\/lospoliticosveracruz.com\/?s={search_term_string}"},"query-input":{"@type":"PropertyValueSpecification","valueRequired":true,"valueName":"search_term_string"}}],"inLanguage":"es"},{"@type":"Organization","@id":"https:\/\/lospoliticosveracruz.com\/#organization","name":"Los pol\u00edticos Veracruz","url":"https:\/\/lospoliticosveracruz.com\/","logo":{"@type":"ImageObject","inLanguage":"es","@id":"https:\/\/lospoliticosveracruz.com\/#\/schema\/logo\/image\/","url":"https:\/\/lospoliticosveracruz.com\/wp-content\/uploads\/2025\/12\/Logo-Nuevo-LOS-POLITICOS-1.jpg","contentUrl":"https:\/\/lospoliticosveracruz.com\/wp-content\/uploads\/2025\/12\/Logo-Nuevo-LOS-POLITICOS-1.jpg","width":260,"height":70,"caption":"Los pol\u00edticos Veracruz"},"image":{"@id":"https:\/\/lospoliticosveracruz.com\/#\/schema\/logo\/image\/"},"sameAs":["https:\/\/www.facebook.com\/people\/Notimemes-de-los-Polticos\/61565672886568\/","https:\/\/x.com\/LosPoliticosVer"]},{"@type":"Person","@id":"https:\/\/lospoliticosveracruz.com\/#\/schema\/person\/b8702bb0e538456e6efd07080bf2a4a2","name":"Lo viste en Los Pol\u00edticos","image":{"@type":"ImageObject","inLanguage":"es","@id":"https:\/\/secure.gravatar.com\/avatar\/3a8de04a2656d44082be478bd6c086daa447c4651605818287b9532d3d0bd435?s=96&d=mm&r=g","url":"https:\/\/secure.gravatar.com\/avatar\/3a8de04a2656d44082be478bd6c086daa447c4651605818287b9532d3d0bd435?s=96&d=mm&r=g","contentUrl":"https:\/\/secure.gravatar.com\/avatar\/3a8de04a2656d44082be478bd6c086daa447c4651605818287b9532d3d0bd435?s=96&d=mm&r=g","caption":"Lo viste en Los Pol\u00edticos"},"url":"https:\/\/lospoliticosveracruz.com\/?author=2"}]}},"_links":{"self":[{"href":"https:\/\/lospoliticosveracruz.com\/index.php?rest_route=\/wp\/v2\/posts\/19157","targetHints":{"allow":["GET"]}}],"collection":[{"href":"https:\/\/lospoliticosveracruz.com\/index.php?rest_route=\/wp\/v2\/posts"}],"about":[{"href":"https:\/\/lospoliticosveracruz.com\/index.php?rest_route=\/wp\/v2\/types\/post"}],"author":[{"embeddable":true,"href":"https:\/\/lospoliticosveracruz.com\/index.php?rest_route=\/wp\/v2\/users\/2"}],"replies":[{"embeddable":true,"href":"https:\/\/lospoliticosveracruz.com\/index.php?rest_route=%2Fwp%2Fv2%2Fcomments&post=19157"}],"version-history":[{"count":1,"href":"https:\/\/lospoliticosveracruz.com\/index.php?rest_route=\/wp\/v2\/posts\/19157\/revisions"}],"predecessor-version":[{"id":19159,"href":"https:\/\/lospoliticosveracruz.com\/index.php?rest_route=\/wp\/v2\/posts\/19157\/revisions\/19159"}],"wp:attachment":[{"href":"https:\/\/lospoliticosveracruz.com\/index.php?rest_route=%2Fwp%2Fv2%2Fmedia&parent=19157"}],"wp:term":[{"taxonomy":"category","embeddable":true,"href":"https:\/\/lospoliticosveracruz.com\/index.php?rest_route=%2Fwp%2Fv2%2Fcategories&post=19157"},{"taxonomy":"post_tag","embeddable":true,"href":"https:\/\/lospoliticosveracruz.com\/index.php?rest_route=%2Fwp%2Fv2%2Ftags&post=19157"}],"curies":[{"name":"wp","href":"https:\/\/api.w.org\/{rel}","templated":true}]}}