{"id":19160,"date":"2015-11-17T22:31:38","date_gmt":"2015-11-18T04:31:38","guid":{"rendered":"http:\/\/www.lospoliticosveracruz.com.mx\/?p=19160"},"modified":"2015-11-17T22:31:38","modified_gmt":"2015-11-18T04:31:38","slug":"alianza-opositora-en-cinco-estados","status":"publish","type":"post","link":"https:\/\/lospoliticosveracruz.com\/?p=19160","title":{"rendered":"Alianza opositora en cinco estados"},"content":{"rendered":"<p><a href=\"http:\/\/www.lospoliticosveracruz.com.mx\/wp-content\/uploads\/2015\/11\/PAN-PRD1.jpg\"><img loading=\"lazy\" decoding=\"async\" class=\"alignnone size-medium wp-image-19161\" src=\"http:\/\/www.lospoliticosveracruz.com.mx\/wp-content\/uploads\/2015\/11\/PAN-PRD1-300x197.jpg\" alt=\"PAN-PRD\" width=\"300\" height=\"197\" \/><\/a><br \/>\n<strong>Luis Alberto Romero<\/strong><\/p>\n<p><em>Hora Cero<\/em><\/p>\n<p>La alianza entre los partidos Acci\u00f3n Nacional y de la Revoluci\u00f3n Democr\u00e1tica podr\u00eda concretarse en cinco entidades del pa\u00eds, Durango, Hidalgo, Quintana Roo, Tamaulipas y Veracruz, donde habr\u00e1 elecciones para gobernador el pr\u00f3ximo a\u00f1o, al igual que en otros siete estados.<br \/>\nLuego de los exitosos experimentos de Puebla y Oaxaca, donde gobiernan Rafael Moreno Valle y Gabino Cu\u00e9 Monteagudo, panistas y perredistas saben que la suma de sus partidos, si no es garant\u00eda de victoria, al menos incrementa la posibilidad de \u00e9xito electoral.<br \/>\nEn esos estados, incluyendo Veracruz, las dirigencias estatales de PAN y PRD ya se han pronunciado a favor de la alianza y \u00fanicamente faltar\u00eda la determinaci\u00f3n y el aval de los comit\u00e9s nacionales, que encabezan Ricardo Anaya y Agust\u00edn Basave.<br \/>\nEn las c\u00fapulas de esos institutos pol\u00edticos se analizar\u00e1 y decidir\u00e1 la procedencia del proyecto en esos y otros estados; hasta hoy, en Acci\u00f3n Nacional han comentado que la m\u00e1xima dirigencia no observa con malos ojos ese ejercicio de suma de contrarios, en tanto que los acuerdos del reciente congreso extraordinario perredista de los pasados d\u00edas 18 y 19 de septiembre contemplan las coaliciones con otras fuerzas, exceptuando al PRI.<br \/>\nEn esos t\u00e9rminos, de ser aprobada la alianza por las dirigencias nacionales de PAN y PRD, \u00bfqu\u00e9 seguir\u00eda?; b\u00e1sicamente, despu\u00e9s de esta etapa continuar\u00eda la negociaci\u00f3n para ver qu\u00e9 partido decidir\u00eda candidato en cada uno de los estados mencionados; vienen despu\u00e9s los nombres de los aspirantes, as\u00ed como la discusi\u00f3n en torno a las posiciones en los distritos, las diputaciones locales, y los municipios, los alcaldes. Hay que recordar que de los 12 estados que celebrar\u00e1n elecciones en 2016, s\u00f3lo Puebla y Veracruz no renuevan presidencias municipales en la jornada del 5 de junio.<br \/>\nEl tema deber\u00e1 resolverse en poco m\u00e1s de dos meses, ya que en febrero vence el plazo para el registro de las alianzas ante el Instituto Nacional Electoral.<br \/>\nHabr\u00eda que mencionar que en los cinco estados en que se llevan a efecto negociaciones para concretar la alianza, el blanquiazul es segunda fuerza y el Sol Azteca se encuentra rezagado; en Durango, por ejemplo, PRI, PAN, Morena, Verde, Movimiento Ciudadano e incluso PT lograron m\u00e1s votos que el PRD en la elecci\u00f3n federal del presente a\u00f1o. En Hidalgo, los perredistas son tercera fuerza, despu\u00e9s del tricolor y del albiazul.<br \/>\nEn Quintana Roo, panistas y perredistas est\u00e1n muy lejos del PRI; ocuparon la cuarta y quinta posici\u00f3n, respectivamente. En Tamaulipas, PAN fue segundo y PRD, octavo; mientras que en Veracruz, el estado con la mayor lista nominal de los 12 en que habr\u00e1 procesos locales, esos partidos se ubicaron en el segundo y cuarto lugar en la elecci\u00f3n federal de 2015.<br \/>\nEn el tema de la selecci\u00f3n de candidatos, por supuesto, no s\u00f3lo cuentan las estad\u00edsticas, sino el nivel de posicionamiento de los aspirantes, factor que se podr\u00eda determinar con el m\u00e9todo de la encuesta. En este \u00faltimo punto, tambi\u00e9n parecen llevar ventaja los aspirantes panistas en Veracruz, Miguel \u00c1ngel Yunes Linares y Juan Bueno Torio.<\/p>\n<p><strong>La consigna, desplazar al PRI en Veracruz<\/strong><br \/>\nPor cierto, si revisamos el hist\u00f3rico de las elecciones en Veracruz, encontraremos que la suma de PAN y PRD arroja los votos suficientes para desplazar al PRI de la primera fuerza. Por supuesto, el tema no puede reducirse a una simple operaci\u00f3n aritm\u00e9tica; sin embargo, el impacto, en t\u00e9rminos de opini\u00f3n p\u00fablica, puede convertirse en un factor a favor de esa alianza.<br \/>\nAl interior de PAN se comenta que de las cinco entidades citadas, Veracruz es la que representa m\u00e1s en n\u00famero de electores e importancia pol\u00edtica; curiosamente, este estado es el que registra los mayores avances en ese proceso. Por ello, los panistas sienten, hoy m\u00e1s que nunca, que hay condiciones para propinar al PRI su primera derrota; huelen la victoria, acarician la gubernatura y ya casi sonr\u00eden cuando miran al edificio de la calle Enr\u00edquez.<br \/>\nEl tema de la alianza con PRD hace pensar a la c\u00fapula panista nacional panista que las probabilidades de \u00e9xito electoral en Veracruz son mayores que en 2004 y 2010, cuando, con Gerardo Buganza y Miguel \u00c1ngel Yunes, respectivamente, el blanquiazul se qued\u00f3 muy cerca de la victoria.<\/p>\n<p><strong>La reacci\u00f3n tricolor<\/strong><br \/>\nEn Veracruz, la reacci\u00f3n del partido en el gobierno se observa en dos sentidos: primero, un intento por frenar o al menos desalentar y desestimar la alianza PAN-PRD; por otro lado, agrupar una coalici\u00f3n con otras fuerzas: Verde, Nueva Alianza, Encuentro Social y Alternativa Veracruzana.<br \/>\nEn el PRD se quejan por una operaci\u00f3n priista para reclutar, bajo promesas o amenazas, a los alcaldes del Sol Azteca; de igual forma, se\u00f1alan que hubo intentos del PRI para boicotear el tema de la alianza, mediante la compra de conciencias.<br \/>\nEvidentemente, hasta hoy, las llamadas fracciones rojas de PAN y PRD han sido insuficientes para echar abajo las negociaciones.<br \/>\nEl tricolor desestim\u00f3 la suma de panistas y perredistas, pero por otro lado, su dirigencia estatal anunci\u00f3 que integrar\u00eda un frente con Verde, Panal, PES y AVE.<br \/>\nAnte dicho escenario, en las boletas veracruzanas de 2016, los ciudadanos podr\u00edan encontrar s\u00f3lo las siguientes opciones: PAN-PRD; PRI-Verde-Panal-PES-AVE; Morena; y candidatos independientes. @luisromero85<\/p>\n","protected":false},"excerpt":{"rendered":"<p>Luis Alberto Romero Hora Cero La alianza entre los partidos Acci\u00f3n Nacional y de la Revoluci\u00f3n Democr\u00e1tica podr\u00eda concretarse en cinco entidades del pa\u00eds, Durango, Hidalgo, Quintana Roo, Tamaulipas y Veracruz, donde habr\u00e1 elecciones para gobernador el pr\u00f3ximo a\u00f1o, al igual que en otros siete estados. Luego de los exitosos experimentos de Puebla y Oaxaca, [&hellip;]<\/p>\n","protected":false},"author":2,"featured_media":0,"comment_status":"open","ping_status":"open","sticky":false,"template":"","format":"standard","meta":{"tdm_status":"","tdm_grid_status":"","footnotes":""},"categories":[70],"tags":[4108,4109,3156,1215,3132,3970,3736,2850,380,195],"class_list":{"0":"post-19160","1":"post","2":"type-post","3":"status-publish","4":"format-standard","6":"category-de-opinion","7":"tag-durango","8":"tag-gabino-cue-monteagudo","9":"tag-hidalgo","10":"tag-oaxaca","11":"tag-puebla","12":"tag-quintana-roo","13":"tag-rafael-moreno-valle","14":"tag-ricardo-anaya","15":"tag-tamaulipas","16":"tag-veracruz"},"yoast_head":"<!-- This site is optimized with the Yoast SEO plugin v27.4 - https:\/\/yoast.com\/product\/yoast-seo-wordpress\/ -->\n<title>Alianza opositora en cinco estados - Los pol\u00edticos Veracruz<\/title>\n<meta name=\"robots\" content=\"index, follow, max-snippet:-1, max-image-preview:large, max-video-preview:-1\" \/>\n<link rel=\"canonical\" href=\"https:\/\/lospoliticosveracruz.com\/?p=19160\" \/>\n<meta property=\"og:locale\" content=\"es_ES\" \/>\n<meta property=\"og:type\" content=\"article\" \/>\n<meta property=\"og:title\" content=\"Alianza opositora en cinco estados - Los pol\u00edticos Veracruz\" \/>\n<meta property=\"og:description\" content=\"Luis Alberto Romero Hora Cero La alianza entre los partidos Acci\u00f3n Nacional y de la Revoluci\u00f3n Democr\u00e1tica podr\u00eda concretarse en cinco entidades del pa\u00eds, Durango, Hidalgo, Quintana Roo, Tamaulipas y Veracruz, donde habr\u00e1 elecciones para gobernador el pr\u00f3ximo a\u00f1o, al igual que en otros siete estados. Luego de los exitosos experimentos de Puebla y Oaxaca, [&hellip;]\" \/>\n<meta property=\"og:url\" content=\"https:\/\/lospoliticosveracruz.com\/?p=19160\" \/>\n<meta property=\"og:site_name\" content=\"Los pol\u00edticos Veracruz\" \/>\n<meta property=\"article:publisher\" content=\"https:\/\/www.facebook.com\/people\/Notimemes-de-los-Polticos\/61565672886568\/\" \/>\n<meta property=\"article:published_time\" content=\"2015-11-18T04:31:38+00:00\" \/>\n<meta property=\"og:image\" content=\"http:\/\/www.lospoliticosveracruz.com.mx\/wp-content\/uploads\/2015\/11\/PAN-PRD1-300x197.jpg\" \/>\n<meta name=\"author\" content=\"Lo viste en Los Pol\u00edticos\" \/>\n<meta name=\"twitter:card\" content=\"summary_large_image\" \/>\n<meta name=\"twitter:creator\" content=\"@LosPoliticosVer\" \/>\n<meta name=\"twitter:site\" content=\"@LosPoliticosVer\" \/>\n<meta name=\"twitter:label1\" content=\"Escrito por\" \/>\n\t<meta name=\"twitter:data1\" content=\"Lo viste en Los Pol\u00edticos\" \/>\n\t<meta name=\"twitter:label2\" content=\"Tiempo de lectura\" \/>\n\t<meta name=\"twitter:data2\" content=\"5 minutos\" \/>\n<script type=\"application\/ld+json\" class=\"yoast-schema-graph\">{\"@context\":\"https:\\\/\\\/schema.org\",\"@graph\":[{\"@type\":\"Article\",\"@id\":\"https:\\\/\\\/lospoliticosveracruz.com\\\/?p=19160#article\",\"isPartOf\":{\"@id\":\"https:\\\/\\\/lospoliticosveracruz.com\\\/?p=19160\"},\"author\":{\"name\":\"Lo viste en Los Pol\u00edticos\",\"@id\":\"https:\\\/\\\/lospoliticosveracruz.com\\\/#\\\/schema\\\/person\\\/b8702bb0e538456e6efd07080bf2a4a2\"},\"headline\":\"Alianza opositora en cinco estados\",\"datePublished\":\"2015-11-18T04:31:38+00:00\",\"mainEntityOfPage\":{\"@id\":\"https:\\\/\\\/lospoliticosveracruz.com\\\/?p=19160\"},\"wordCount\":917,\"commentCount\":0,\"publisher\":{\"@id\":\"https:\\\/\\\/lospoliticosveracruz.com\\\/#organization\"},\"image\":{\"@id\":\"https:\\\/\\\/lospoliticosveracruz.com\\\/?p=19160#primaryimage\"},\"thumbnailUrl\":\"http:\\\/\\\/www.lospoliticosveracruz.com.mx\\\/wp-content\\\/uploads\\\/2015\\\/11\\\/PAN-PRD1-300x197.jpg\",\"keywords\":[\"Durango\",\"Gabino Cu\u00e9 Monteagudo\",\"Hidalgo\",\"Oaxaca\",\"Puebla\",\"Quintana Roo\",\"Rafael Moreno Valle\",\"Ricardo Anaya\",\"Tamaulipas\",\"Veracruz\"],\"articleSection\":[\"De Opini\u00f3n\"],\"inLanguage\":\"es\",\"potentialAction\":[{\"@type\":\"CommentAction\",\"name\":\"Comment\",\"target\":[\"https:\\\/\\\/lospoliticosveracruz.com\\\/?p=19160#respond\"]}]},{\"@type\":\"WebPage\",\"@id\":\"https:\\\/\\\/lospoliticosveracruz.com\\\/?p=19160\",\"url\":\"https:\\\/\\\/lospoliticosveracruz.com\\\/?p=19160\",\"name\":\"Alianza opositora en cinco estados - Los pol\u00edticos Veracruz\",\"isPartOf\":{\"@id\":\"https:\\\/\\\/lospoliticosveracruz.com\\\/#website\"},\"primaryImageOfPage\":{\"@id\":\"https:\\\/\\\/lospoliticosveracruz.com\\\/?p=19160#primaryimage\"},\"image\":{\"@id\":\"https:\\\/\\\/lospoliticosveracruz.com\\\/?p=19160#primaryimage\"},\"thumbnailUrl\":\"http:\\\/\\\/www.lospoliticosveracruz.com.mx\\\/wp-content\\\/uploads\\\/2015\\\/11\\\/PAN-PRD1-300x197.jpg\",\"datePublished\":\"2015-11-18T04:31:38+00:00\",\"breadcrumb\":{\"@id\":\"https:\\\/\\\/lospoliticosveracruz.com\\\/?p=19160#breadcrumb\"},\"inLanguage\":\"es\",\"potentialAction\":[{\"@type\":\"ReadAction\",\"target\":[\"https:\\\/\\\/lospoliticosveracruz.com\\\/?p=19160\"]}]},{\"@type\":\"ImageObject\",\"inLanguage\":\"es\",\"@id\":\"https:\\\/\\\/lospoliticosveracruz.com\\\/?p=19160#primaryimage\",\"url\":\"http:\\\/\\\/www.lospoliticosveracruz.com.mx\\\/wp-content\\\/uploads\\\/2015\\\/11\\\/PAN-PRD1-300x197.jpg\",\"contentUrl\":\"http:\\\/\\\/www.lospoliticosveracruz.com.mx\\\/wp-content\\\/uploads\\\/2015\\\/11\\\/PAN-PRD1-300x197.jpg\"},{\"@type\":\"BreadcrumbList\",\"@id\":\"https:\\\/\\\/lospoliticosveracruz.com\\\/?p=19160#breadcrumb\",\"itemListElement\":[{\"@type\":\"ListItem\",\"position\":1,\"name\":\"Portada\",\"item\":\"https:\\\/\\\/lospoliticosveracruz.com\\\/\"},{\"@type\":\"ListItem\",\"position\":2,\"name\":\"Alianza opositora en cinco estados\"}]},{\"@type\":\"WebSite\",\"@id\":\"https:\\\/\\\/lospoliticosveracruz.com\\\/#website\",\"url\":\"https:\\\/\\\/lospoliticosveracruz.com\\\/\",\"name\":\"Los pol\u00edticos Veracruz\",\"description\":\"\",\"publisher\":{\"@id\":\"https:\\\/\\\/lospoliticosveracruz.com\\\/#organization\"},\"potentialAction\":[{\"@type\":\"SearchAction\",\"target\":{\"@type\":\"EntryPoint\",\"urlTemplate\":\"https:\\\/\\\/lospoliticosveracruz.com\\\/?s={search_term_string}\"},\"query-input\":{\"@type\":\"PropertyValueSpecification\",\"valueRequired\":true,\"valueName\":\"search_term_string\"}}],\"inLanguage\":\"es\"},{\"@type\":\"Organization\",\"@id\":\"https:\\\/\\\/lospoliticosveracruz.com\\\/#organization\",\"name\":\"Los pol\u00edticos Veracruz\",\"url\":\"https:\\\/\\\/lospoliticosveracruz.com\\\/\",\"logo\":{\"@type\":\"ImageObject\",\"inLanguage\":\"es\",\"@id\":\"https:\\\/\\\/lospoliticosveracruz.com\\\/#\\\/schema\\\/logo\\\/image\\\/\",\"url\":\"https:\\\/\\\/lospoliticosveracruz.com\\\/wp-content\\\/uploads\\\/2025\\\/12\\\/Logo-Nuevo-LOS-POLITICOS-1.jpg\",\"contentUrl\":\"https:\\\/\\\/lospoliticosveracruz.com\\\/wp-content\\\/uploads\\\/2025\\\/12\\\/Logo-Nuevo-LOS-POLITICOS-1.jpg\",\"width\":260,\"height\":70,\"caption\":\"Los pol\u00edticos Veracruz\"},\"image\":{\"@id\":\"https:\\\/\\\/lospoliticosveracruz.com\\\/#\\\/schema\\\/logo\\\/image\\\/\"},\"sameAs\":[\"https:\\\/\\\/www.facebook.com\\\/people\\\/Notimemes-de-los-Polticos\\\/61565672886568\\\/\",\"https:\\\/\\\/x.com\\\/LosPoliticosVer\"]},{\"@type\":\"Person\",\"@id\":\"https:\\\/\\\/lospoliticosveracruz.com\\\/#\\\/schema\\\/person\\\/b8702bb0e538456e6efd07080bf2a4a2\",\"name\":\"Lo viste en Los Pol\u00edticos\",\"image\":{\"@type\":\"ImageObject\",\"inLanguage\":\"es\",\"@id\":\"https:\\\/\\\/secure.gravatar.com\\\/avatar\\\/3a8de04a2656d44082be478bd6c086daa447c4651605818287b9532d3d0bd435?s=96&d=mm&r=g\",\"url\":\"https:\\\/\\\/secure.gravatar.com\\\/avatar\\\/3a8de04a2656d44082be478bd6c086daa447c4651605818287b9532d3d0bd435?s=96&d=mm&r=g\",\"contentUrl\":\"https:\\\/\\\/secure.gravatar.com\\\/avatar\\\/3a8de04a2656d44082be478bd6c086daa447c4651605818287b9532d3d0bd435?s=96&d=mm&r=g\",\"caption\":\"Lo viste en Los Pol\u00edticos\"},\"url\":\"https:\\\/\\\/lospoliticosveracruz.com\\\/?author=2\"}]}<\/script>\n<!-- \/ Yoast SEO plugin. -->","yoast_head_json":{"title":"Alianza opositora en cinco estados - Los pol\u00edticos Veracruz","robots":{"index":"index","follow":"follow","max-snippet":"max-snippet:-1","max-image-preview":"max-image-preview:large","max-video-preview":"max-video-preview:-1"},"canonical":"https:\/\/lospoliticosveracruz.com\/?p=19160","og_locale":"es_ES","og_type":"article","og_title":"Alianza opositora en cinco estados - Los pol\u00edticos Veracruz","og_description":"Luis Alberto Romero Hora Cero La alianza entre los partidos Acci\u00f3n Nacional y de la Revoluci\u00f3n Democr\u00e1tica podr\u00eda concretarse en cinco entidades del pa\u00eds, Durango, Hidalgo, Quintana Roo, Tamaulipas y Veracruz, donde habr\u00e1 elecciones para gobernador el pr\u00f3ximo a\u00f1o, al igual que en otros siete estados. Luego de los exitosos experimentos de Puebla y Oaxaca, [&hellip;]","og_url":"https:\/\/lospoliticosveracruz.com\/?p=19160","og_site_name":"Los pol\u00edticos Veracruz","article_publisher":"https:\/\/www.facebook.com\/people\/Notimemes-de-los-Polticos\/61565672886568\/","article_published_time":"2015-11-18T04:31:38+00:00","og_image":[{"url":"http:\/\/www.lospoliticosveracruz.com.mx\/wp-content\/uploads\/2015\/11\/PAN-PRD1-300x197.jpg","type":"","width":"","height":""}],"author":"Lo viste en Los Pol\u00edticos","twitter_card":"summary_large_image","twitter_creator":"@LosPoliticosVer","twitter_site":"@LosPoliticosVer","twitter_misc":{"Escrito por":"Lo viste en Los Pol\u00edticos","Tiempo de lectura":"5 minutos"},"schema":{"@context":"https:\/\/schema.org","@graph":[{"@type":"Article","@id":"https:\/\/lospoliticosveracruz.com\/?p=19160#article","isPartOf":{"@id":"https:\/\/lospoliticosveracruz.com\/?p=19160"},"author":{"name":"Lo viste en Los Pol\u00edticos","@id":"https:\/\/lospoliticosveracruz.com\/#\/schema\/person\/b8702bb0e538456e6efd07080bf2a4a2"},"headline":"Alianza opositora en cinco estados","datePublished":"2015-11-18T04:31:38+00:00","mainEntityOfPage":{"@id":"https:\/\/lospoliticosveracruz.com\/?p=19160"},"wordCount":917,"commentCount":0,"publisher":{"@id":"https:\/\/lospoliticosveracruz.com\/#organization"},"image":{"@id":"https:\/\/lospoliticosveracruz.com\/?p=19160#primaryimage"},"thumbnailUrl":"http:\/\/www.lospoliticosveracruz.com.mx\/wp-content\/uploads\/2015\/11\/PAN-PRD1-300x197.jpg","keywords":["Durango","Gabino Cu\u00e9 Monteagudo","Hidalgo","Oaxaca","Puebla","Quintana Roo","Rafael Moreno Valle","Ricardo Anaya","Tamaulipas","Veracruz"],"articleSection":["De Opini\u00f3n"],"inLanguage":"es","potentialAction":[{"@type":"CommentAction","name":"Comment","target":["https:\/\/lospoliticosveracruz.com\/?p=19160#respond"]}]},{"@type":"WebPage","@id":"https:\/\/lospoliticosveracruz.com\/?p=19160","url":"https:\/\/lospoliticosveracruz.com\/?p=19160","name":"Alianza opositora en cinco estados - Los pol\u00edticos Veracruz","isPartOf":{"@id":"https:\/\/lospoliticosveracruz.com\/#website"},"primaryImageOfPage":{"@id":"https:\/\/lospoliticosveracruz.com\/?p=19160#primaryimage"},"image":{"@id":"https:\/\/lospoliticosveracruz.com\/?p=19160#primaryimage"},"thumbnailUrl":"http:\/\/www.lospoliticosveracruz.com.mx\/wp-content\/uploads\/2015\/11\/PAN-PRD1-300x197.jpg","datePublished":"2015-11-18T04:31:38+00:00","breadcrumb":{"@id":"https:\/\/lospoliticosveracruz.com\/?p=19160#breadcrumb"},"inLanguage":"es","potentialAction":[{"@type":"ReadAction","target":["https:\/\/lospoliticosveracruz.com\/?p=19160"]}]},{"@type":"ImageObject","inLanguage":"es","@id":"https:\/\/lospoliticosveracruz.com\/?p=19160#primaryimage","url":"http:\/\/www.lospoliticosveracruz.com.mx\/wp-content\/uploads\/2015\/11\/PAN-PRD1-300x197.jpg","contentUrl":"http:\/\/www.lospoliticosveracruz.com.mx\/wp-content\/uploads\/2015\/11\/PAN-PRD1-300x197.jpg"},{"@type":"BreadcrumbList","@id":"https:\/\/lospoliticosveracruz.com\/?p=19160#breadcrumb","itemListElement":[{"@type":"ListItem","position":1,"name":"Portada","item":"https:\/\/lospoliticosveracruz.com\/"},{"@type":"ListItem","position":2,"name":"Alianza opositora en cinco estados"}]},{"@type":"WebSite","@id":"https:\/\/lospoliticosveracruz.com\/#website","url":"https:\/\/lospoliticosveracruz.com\/","name":"Los pol\u00edticos Veracruz","description":"","publisher":{"@id":"https:\/\/lospoliticosveracruz.com\/#organization"},"potentialAction":[{"@type":"SearchAction","target":{"@type":"EntryPoint","urlTemplate":"https:\/\/lospoliticosveracruz.com\/?s={search_term_string}"},"query-input":{"@type":"PropertyValueSpecification","valueRequired":true,"valueName":"search_term_string"}}],"inLanguage":"es"},{"@type":"Organization","@id":"https:\/\/lospoliticosveracruz.com\/#organization","name":"Los pol\u00edticos Veracruz","url":"https:\/\/lospoliticosveracruz.com\/","logo":{"@type":"ImageObject","inLanguage":"es","@id":"https:\/\/lospoliticosveracruz.com\/#\/schema\/logo\/image\/","url":"https:\/\/lospoliticosveracruz.com\/wp-content\/uploads\/2025\/12\/Logo-Nuevo-LOS-POLITICOS-1.jpg","contentUrl":"https:\/\/lospoliticosveracruz.com\/wp-content\/uploads\/2025\/12\/Logo-Nuevo-LOS-POLITICOS-1.jpg","width":260,"height":70,"caption":"Los pol\u00edticos Veracruz"},"image":{"@id":"https:\/\/lospoliticosveracruz.com\/#\/schema\/logo\/image\/"},"sameAs":["https:\/\/www.facebook.com\/people\/Notimemes-de-los-Polticos\/61565672886568\/","https:\/\/x.com\/LosPoliticosVer"]},{"@type":"Person","@id":"https:\/\/lospoliticosveracruz.com\/#\/schema\/person\/b8702bb0e538456e6efd07080bf2a4a2","name":"Lo viste en Los Pol\u00edticos","image":{"@type":"ImageObject","inLanguage":"es","@id":"https:\/\/secure.gravatar.com\/avatar\/3a8de04a2656d44082be478bd6c086daa447c4651605818287b9532d3d0bd435?s=96&d=mm&r=g","url":"https:\/\/secure.gravatar.com\/avatar\/3a8de04a2656d44082be478bd6c086daa447c4651605818287b9532d3d0bd435?s=96&d=mm&r=g","contentUrl":"https:\/\/secure.gravatar.com\/avatar\/3a8de04a2656d44082be478bd6c086daa447c4651605818287b9532d3d0bd435?s=96&d=mm&r=g","caption":"Lo viste en Los Pol\u00edticos"},"url":"https:\/\/lospoliticosveracruz.com\/?author=2"}]}},"_links":{"self":[{"href":"https:\/\/lospoliticosveracruz.com\/index.php?rest_route=\/wp\/v2\/posts\/19160","targetHints":{"allow":["GET"]}}],"collection":[{"href":"https:\/\/lospoliticosveracruz.com\/index.php?rest_route=\/wp\/v2\/posts"}],"about":[{"href":"https:\/\/lospoliticosveracruz.com\/index.php?rest_route=\/wp\/v2\/types\/post"}],"author":[{"embeddable":true,"href":"https:\/\/lospoliticosveracruz.com\/index.php?rest_route=\/wp\/v2\/users\/2"}],"replies":[{"embeddable":true,"href":"https:\/\/lospoliticosveracruz.com\/index.php?rest_route=%2Fwp%2Fv2%2Fcomments&post=19160"}],"version-history":[{"count":1,"href":"https:\/\/lospoliticosveracruz.com\/index.php?rest_route=\/wp\/v2\/posts\/19160\/revisions"}],"predecessor-version":[{"id":19162,"href":"https:\/\/lospoliticosveracruz.com\/index.php?rest_route=\/wp\/v2\/posts\/19160\/revisions\/19162"}],"wp:attachment":[{"href":"https:\/\/lospoliticosveracruz.com\/index.php?rest_route=%2Fwp%2Fv2%2Fmedia&parent=19160"}],"wp:term":[{"taxonomy":"category","embeddable":true,"href":"https:\/\/lospoliticosveracruz.com\/index.php?rest_route=%2Fwp%2Fv2%2Fcategories&post=19160"},{"taxonomy":"post_tag","embeddable":true,"href":"https:\/\/lospoliticosveracruz.com\/index.php?rest_route=%2Fwp%2Fv2%2Ftags&post=19160"}],"curies":[{"name":"wp","href":"https:\/\/api.w.org\/{rel}","templated":true}]}}