{"id":19169,"date":"2015-11-17T23:08:41","date_gmt":"2015-11-18T05:08:41","guid":{"rendered":"http:\/\/www.lospoliticosveracruz.com.mx\/?p=19169"},"modified":"2015-11-17T23:08:41","modified_gmt":"2015-11-18T05:08:41","slug":"comparecencias","status":"publish","type":"post","link":"https:\/\/lospoliticosveracruz.com\/?p=19169","title":{"rendered":"Comparecencias"},"content":{"rendered":"<p><a href=\"http:\/\/www.lospoliticosveracruz.com.mx\/wp-content\/uploads\/2015\/11\/Sefiplan.jpg\"><img loading=\"lazy\" decoding=\"async\" class=\"alignnone size-medium wp-image-19170\" src=\"http:\/\/www.lospoliticosveracruz.com.mx\/wp-content\/uploads\/2015\/11\/Sefiplan-300x144.jpg\" alt=\"Sefiplan\" width=\"300\" height=\"144\" \/><\/a><br \/>\n<strong>Salvador Mu\u00f1oz<\/strong><\/p>\n<p><em>Los Pol\u00edticos<\/em><\/p>\n<p>\u201cAs\u00ed ha sido siempre, y no va a cambiar\u201d.<br \/>\nDe esa manera se expres\u00f3 Julen Rementer\u00eda del Puerto, respecto a la primera comparecencia, en este caso del titular de Sefiplan, Antonio G\u00f3mez Pelegr\u00edn.<br \/>\nSu expresi\u00f3n me lleva a pensar en una cosa: Entonces, \u00bfpara qu\u00e9 sirven las comparecencias?<br \/>\nII<br \/>\nLas \u00faltimas que recuerdo, sirven para el lucimiento del titular de cualquier dependencia. Hasta es una forma de mostrar m\u00fasculo pol\u00edtico.<br \/>\nOtros, atiborran las instalaciones del Congreso en aras de que, por precauci\u00f3n, se limite la entrada de p\u00fablico para evitar alg\u00fan percance. Baste recordar aquella ocasi\u00f3n en que lleg\u00f3 el entonces secretario de Gobierno, Erick Lagos Hern\u00e1ndez, con un grupo de acarreados, seguidores, paleros, borregos, o como quiera llamarles, \u201cacuerp\u00e1ndolo\u201d y provocando que entre empujones, embestidas y apretones, le agarraran con una puerta la mano a la diputada Gabriela Arango Gibb.<br \/>\nIII<br \/>\nCuando era titular de Sedesol, Jorge Carvallo Delf\u00edn tuvo la ocurrencia de llevar brujos, curanderos, magos, hechiceros o como quiera llamarles, a su comparecencia. Previo a pasar ante los diputados, le hicieron una \u201climpia\u201d para las \u201cmalas vibras\u201d. Por supuesto, no fue m\u00e1s que show, en aras de generar un distractivo ajeno totalmente a la esencia de su presencia en aquel recinto donde alguna vez era el pap\u00e1 de los pollitos. Vamos, tan le funcion\u00f3, que la an\u00e9cdota es lo que m\u00e1s se recuerda y no su labor al frente de la dependencia citada.<br \/>\nIV<br \/>\n\u201cNo traigo invitados porque aqu\u00ed, el invitado soy yo\u201d, palabras m\u00e1s, palabras menos dec\u00eda el entonces Coordinador de Comunicaci\u00f3n Social, Alberto Silva Ramos durante su comparecencia.<br \/>\nCierto. Fue la que menos asistentes tuvo, pero la que deber\u00eda marcar la pauta a los diputados despu\u00e9s de que los empresarios adheridos a Canacintra se quejaran de que se les neg\u00f3 el acceso a la comparecencia del titular de Finanzas, Antonio G\u00f3mez Pelegr\u00edn.<br \/>\nA Javier T\u00e9llez, secretario general de esta c\u00e1mara, le resulta parad\u00f3jico que el titular de Sefiplan siempre reciba a los empresarios en sus oficinas y que en lo que algunas veces se le llama pomposamente \u201cCasa del Pueblo\u201d, el Palacio Legislativo, les nieguen el acceso.<br \/>\nV<br \/>\nPero volvemos a la pregunta inicial\u2026 \u00bfpara qu\u00e9 sirven las comparecencias? Al grueso de la poblaci\u00f3n no les sirve de nada\u2026 \u00bfausencia de cultura pol\u00edtica? \u00bfdesinter\u00e9s por la administraci\u00f3n p\u00fablica? \u00a1lo que sea! A la mayor\u00eda de la gente no les sirven de nada\u2026 a los diputados, creo que tampoco, porque si tienen dudas, se quejan de que \u00e9stas no se las despejan; para el titular de la dependencia, puede pasar como el motivo para hacer una gran fiesta; o para el comprometido con su labor, como un d\u00eda perdido.<br \/>\nSi nuestros diputados, no refiri\u00e9ndome a esta Legislatura en exclusivo, quisieran hacer algo, deber\u00edan generar las condiciones para que en lugar de comparecencias se hicieran mejor Mesas de Trabajo donde dudas, pendientes, problemas, se discutieran en serio y lo mejor de ello, se resolvieran\u2026 as\u00ed, ambos, tanto legisladores como funcionarios, lejos de tener un debate est\u00e9ril entre dimes y diretes, dar\u00edan respuestas satisfactorias a una sociedad\u2026 aunque, claro, es mucho pedir.<\/p>\n<p>La pol\u00e9mica XL<br \/>\nLa marca XL que lanz\u00f3 el Ayuntamiento de Xalapa fue criticada, para bien o para mal\u2026 hubo de inmediato quienes pensaron en la marca M, de Melbourne (Australia)&#8230; otros, en la camisa de Javier Duarte de Ochoa\u2026 extra gande. Los m\u00e1s optimistas pensaron en algo as\u00ed como si algo ya es grande, \u00a1Xalapa lo es m\u00e1s!<br \/>\nHay quienes piensan que debieron integrar la \u201cA\u201d entre la \u201cX\u201d y la \u201cL\u201d, para ubicarla como la ponen en los anuncios de centrales de autobuses: \u201cXAL\u201d porque as\u00ed se identifica m\u00e1s f\u00e1cil Xalapa, pues a nivel internacional todo mundo reconoce a la \u201cX\u201d y a la \u201cL\u201d como \u201cExtragrande\u201d.<br \/>\nAl final, cada quien piensa lo que quiere y guste de la \u201cXL\u201d. En lo particular, aun con su pinche tr\u00e1fico que creo que es el mal m\u00e1s terrible que vive la capital, me sigue pareciendo una ciudad Extra Grande, en cualquiera de las categor\u00edas que quiera\u2026 de baches extra grandes, de inseguridad extra grande, de tr\u00e1fico extra grande, pero tambi\u00e9n de gente extra grande que quiere cambiar estas cosas, no s\u00f3lo criticando, sino participando en el cambio, porque Veracruz \u00a1ya cambi\u00f3! (jajajaja no es cierto), pero les juro que Xalapa no la cambio por nada porque coincido con quienes piensan que si algo ya es grande, \u00a1Xalapa lo es m\u00e1s!<\/p>\n<p>H\u00e9ctor Yunes: Casa Veracruz<br \/>\nEs hasta la noche cuando me entero que H\u00e9ctor Yunes Landa anduvo por Xalapa.<br \/>\nVeo que asisti\u00f3 a una primaria, despu\u00e9s a una universidad y culmin\u00f3 con una reuni\u00f3n con mujeres l\u00edderes, comisariados ejidales, agentes municipales y l\u00edderes ganaderos. Pero la noticia no es lo que hizo en Xalapa, sino lo que hizo en Los \u00c1ngeles, California.<br \/>\nEl portal Hoy Los Angeles, en su edici\u00f3n del pasado 16, da la noticia de la inauguraci\u00f3n de la Casa Veracruz en Huntington Park, que funcionar\u00e1 como un punto de conexi\u00f3n de la comunidad jarocha en el Sur de California, con su lugar de origen.<br \/>\n\u201cEste centro comunitario servir\u00e1 para que los veracruzanos acudan por tr\u00e1mites como actas de nacimiento y poderes; asimismo, se convertir\u00e1 en un espacio para actividades culturales, educativas y de encuentro entre migrantes oriundos de esta entidad\u201d.<br \/>\nAraceli Zaghoul, directora de relaciones p\u00fablicas de la Federaci\u00f3n Veracruzana, dijo que la Casa Veracruz no cuenta con financiamiento del gobierno de Veracruz, sino que es resultado del apoyo del senador H\u00e9ctor Yunes Landa, quien donar\u00e1 1 mil d\u00f3lares para renta del local cada mes. \u201cEs un sue\u00f1o hecho realidad por el que hemos luchado varios a\u00f1os, lamentablemente fue una promesa de muchos gobernadores y nadie cumpli\u00f3. El senador Yunes Landa s\u00ed atendi\u00f3 nuestra necesidad\u201d.<br \/>\nAs\u00ed las cosas, es m\u00e1s f\u00e1cil enterarse de lo que hace H\u00e9ctor Yunes Landa en el extranjero que saber que anduvo por Xalapa, lo que implica que es posible que el Senador tenga un problema de comunicaci\u00f3n o simplemente carezca de \u00e9sta.<\/p>\n<p>smcainito@gmail.com<\/p>\n","protected":false},"excerpt":{"rendered":"<p>Salvador Mu\u00f1oz Los Pol\u00edticos \u201cAs\u00ed ha sido siempre, y no va a cambiar\u201d. De esa manera se expres\u00f3 Julen Rementer\u00eda del Puerto, respecto a la primera comparecencia, en este caso del titular de Sefiplan, Antonio G\u00f3mez Pelegr\u00edn. Su expresi\u00f3n me lleva a pensar en una cosa: Entonces, \u00bfpara qu\u00e9 sirven las comparecencias? II Las \u00faltimas [&hellip;]<\/p>\n","protected":false},"author":2,"featured_media":0,"comment_status":"open","ping_status":"open","sticky":false,"template":"","format":"standard","meta":{"tdm_status":"","tdm_grid_status":"","footnotes":""},"categories":[70],"tags":[830,852,851,1569,2646],"class_list":{"0":"post-19169","1":"post","2":"type-post","3":"status-publish","4":"format-standard","6":"category-de-opinion","7":"tag-comparecencias","8":"tag-erick-lagos-hernandez","9":"tag-jorge-carvallo-delfin","10":"tag-julen-rementeria-del-puerto","11":"tag-salvador-munoz"},"yoast_head":"<!-- This site is optimized with the Yoast SEO plugin v27.4 - https:\/\/yoast.com\/product\/yoast-seo-wordpress\/ -->\n<title>Comparecencias - Los pol\u00edticos Veracruz<\/title>\n<meta name=\"robots\" content=\"index, follow, max-snippet:-1, max-image-preview:large, max-video-preview:-1\" \/>\n<link rel=\"canonical\" href=\"https:\/\/lospoliticosveracruz.com\/?p=19169\" \/>\n<meta property=\"og:locale\" content=\"es_ES\" \/>\n<meta property=\"og:type\" content=\"article\" \/>\n<meta property=\"og:title\" content=\"Comparecencias - Los pol\u00edticos Veracruz\" \/>\n<meta property=\"og:description\" content=\"Salvador Mu\u00f1oz Los Pol\u00edticos \u201cAs\u00ed ha sido siempre, y no va a cambiar\u201d. De esa manera se expres\u00f3 Julen Rementer\u00eda del Puerto, respecto a la primera comparecencia, en este caso del titular de Sefiplan, Antonio G\u00f3mez Pelegr\u00edn. Su expresi\u00f3n me lleva a pensar en una cosa: Entonces, \u00bfpara qu\u00e9 sirven las comparecencias? II Las \u00faltimas [&hellip;]\" \/>\n<meta property=\"og:url\" content=\"https:\/\/lospoliticosveracruz.com\/?p=19169\" \/>\n<meta property=\"og:site_name\" content=\"Los pol\u00edticos Veracruz\" \/>\n<meta property=\"article:publisher\" content=\"https:\/\/www.facebook.com\/people\/Notimemes-de-los-Polticos\/61565672886568\/\" \/>\n<meta property=\"article:published_time\" content=\"2015-11-18T05:08:41+00:00\" \/>\n<meta property=\"og:image\" content=\"http:\/\/www.lospoliticosveracruz.com.mx\/wp-content\/uploads\/2015\/11\/Sefiplan-300x144.jpg\" \/>\n<meta name=\"author\" content=\"Lo viste en Los Pol\u00edticos\" \/>\n<meta name=\"twitter:card\" content=\"summary_large_image\" \/>\n<meta name=\"twitter:creator\" content=\"@LosPoliticosVer\" \/>\n<meta name=\"twitter:site\" content=\"@LosPoliticosVer\" \/>\n<meta name=\"twitter:label1\" content=\"Escrito por\" \/>\n\t<meta name=\"twitter:data1\" content=\"Lo viste en Los Pol\u00edticos\" \/>\n\t<meta name=\"twitter:label2\" content=\"Tiempo de lectura\" \/>\n\t<meta name=\"twitter:data2\" content=\"5 minutos\" \/>\n<script type=\"application\/ld+json\" class=\"yoast-schema-graph\">{\"@context\":\"https:\\\/\\\/schema.org\",\"@graph\":[{\"@type\":\"Article\",\"@id\":\"https:\\\/\\\/lospoliticosveracruz.com\\\/?p=19169#article\",\"isPartOf\":{\"@id\":\"https:\\\/\\\/lospoliticosveracruz.com\\\/?p=19169\"},\"author\":{\"name\":\"Lo viste en Los Pol\u00edticos\",\"@id\":\"https:\\\/\\\/lospoliticosveracruz.com\\\/#\\\/schema\\\/person\\\/b8702bb0e538456e6efd07080bf2a4a2\"},\"headline\":\"Comparecencias\",\"datePublished\":\"2015-11-18T05:08:41+00:00\",\"mainEntityOfPage\":{\"@id\":\"https:\\\/\\\/lospoliticosveracruz.com\\\/?p=19169\"},\"wordCount\":1070,\"commentCount\":0,\"publisher\":{\"@id\":\"https:\\\/\\\/lospoliticosveracruz.com\\\/#organization\"},\"image\":{\"@id\":\"https:\\\/\\\/lospoliticosveracruz.com\\\/?p=19169#primaryimage\"},\"thumbnailUrl\":\"http:\\\/\\\/www.lospoliticosveracruz.com.mx\\\/wp-content\\\/uploads\\\/2015\\\/11\\\/Sefiplan-300x144.jpg\",\"keywords\":[\"comparecencias\",\"Erick Lagos Hern\u00e1ndez\",\"Jorge Carvallo Delf\u00edn\",\"Julen Rementer\u00eda del Puerto\",\"Salvador Mu\u00f1oz\"],\"articleSection\":[\"De Opini\u00f3n\"],\"inLanguage\":\"es\",\"potentialAction\":[{\"@type\":\"CommentAction\",\"name\":\"Comment\",\"target\":[\"https:\\\/\\\/lospoliticosveracruz.com\\\/?p=19169#respond\"]}]},{\"@type\":\"WebPage\",\"@id\":\"https:\\\/\\\/lospoliticosveracruz.com\\\/?p=19169\",\"url\":\"https:\\\/\\\/lospoliticosveracruz.com\\\/?p=19169\",\"name\":\"Comparecencias - Los pol\u00edticos Veracruz\",\"isPartOf\":{\"@id\":\"https:\\\/\\\/lospoliticosveracruz.com\\\/#website\"},\"primaryImageOfPage\":{\"@id\":\"https:\\\/\\\/lospoliticosveracruz.com\\\/?p=19169#primaryimage\"},\"image\":{\"@id\":\"https:\\\/\\\/lospoliticosveracruz.com\\\/?p=19169#primaryimage\"},\"thumbnailUrl\":\"http:\\\/\\\/www.lospoliticosveracruz.com.mx\\\/wp-content\\\/uploads\\\/2015\\\/11\\\/Sefiplan-300x144.jpg\",\"datePublished\":\"2015-11-18T05:08:41+00:00\",\"breadcrumb\":{\"@id\":\"https:\\\/\\\/lospoliticosveracruz.com\\\/?p=19169#breadcrumb\"},\"inLanguage\":\"es\",\"potentialAction\":[{\"@type\":\"ReadAction\",\"target\":[\"https:\\\/\\\/lospoliticosveracruz.com\\\/?p=19169\"]}]},{\"@type\":\"ImageObject\",\"inLanguage\":\"es\",\"@id\":\"https:\\\/\\\/lospoliticosveracruz.com\\\/?p=19169#primaryimage\",\"url\":\"http:\\\/\\\/www.lospoliticosveracruz.com.mx\\\/wp-content\\\/uploads\\\/2015\\\/11\\\/Sefiplan-300x144.jpg\",\"contentUrl\":\"http:\\\/\\\/www.lospoliticosveracruz.com.mx\\\/wp-content\\\/uploads\\\/2015\\\/11\\\/Sefiplan-300x144.jpg\"},{\"@type\":\"BreadcrumbList\",\"@id\":\"https:\\\/\\\/lospoliticosveracruz.com\\\/?p=19169#breadcrumb\",\"itemListElement\":[{\"@type\":\"ListItem\",\"position\":1,\"name\":\"Portada\",\"item\":\"https:\\\/\\\/lospoliticosveracruz.com\\\/\"},{\"@type\":\"ListItem\",\"position\":2,\"name\":\"Comparecencias\"}]},{\"@type\":\"WebSite\",\"@id\":\"https:\\\/\\\/lospoliticosveracruz.com\\\/#website\",\"url\":\"https:\\\/\\\/lospoliticosveracruz.com\\\/\",\"name\":\"Los pol\u00edticos Veracruz\",\"description\":\"\",\"publisher\":{\"@id\":\"https:\\\/\\\/lospoliticosveracruz.com\\\/#organization\"},\"potentialAction\":[{\"@type\":\"SearchAction\",\"target\":{\"@type\":\"EntryPoint\",\"urlTemplate\":\"https:\\\/\\\/lospoliticosveracruz.com\\\/?s={search_term_string}\"},\"query-input\":{\"@type\":\"PropertyValueSpecification\",\"valueRequired\":true,\"valueName\":\"search_term_string\"}}],\"inLanguage\":\"es\"},{\"@type\":\"Organization\",\"@id\":\"https:\\\/\\\/lospoliticosveracruz.com\\\/#organization\",\"name\":\"Los pol\u00edticos Veracruz\",\"url\":\"https:\\\/\\\/lospoliticosveracruz.com\\\/\",\"logo\":{\"@type\":\"ImageObject\",\"inLanguage\":\"es\",\"@id\":\"https:\\\/\\\/lospoliticosveracruz.com\\\/#\\\/schema\\\/logo\\\/image\\\/\",\"url\":\"https:\\\/\\\/lospoliticosveracruz.com\\\/wp-content\\\/uploads\\\/2025\\\/12\\\/Logo-Nuevo-LOS-POLITICOS-1.jpg\",\"contentUrl\":\"https:\\\/\\\/lospoliticosveracruz.com\\\/wp-content\\\/uploads\\\/2025\\\/12\\\/Logo-Nuevo-LOS-POLITICOS-1.jpg\",\"width\":260,\"height\":70,\"caption\":\"Los pol\u00edticos Veracruz\"},\"image\":{\"@id\":\"https:\\\/\\\/lospoliticosveracruz.com\\\/#\\\/schema\\\/logo\\\/image\\\/\"},\"sameAs\":[\"https:\\\/\\\/www.facebook.com\\\/people\\\/Notimemes-de-los-Polticos\\\/61565672886568\\\/\",\"https:\\\/\\\/x.com\\\/LosPoliticosVer\"]},{\"@type\":\"Person\",\"@id\":\"https:\\\/\\\/lospoliticosveracruz.com\\\/#\\\/schema\\\/person\\\/b8702bb0e538456e6efd07080bf2a4a2\",\"name\":\"Lo viste en Los Pol\u00edticos\",\"image\":{\"@type\":\"ImageObject\",\"inLanguage\":\"es\",\"@id\":\"https:\\\/\\\/secure.gravatar.com\\\/avatar\\\/3a8de04a2656d44082be478bd6c086daa447c4651605818287b9532d3d0bd435?s=96&d=mm&r=g\",\"url\":\"https:\\\/\\\/secure.gravatar.com\\\/avatar\\\/3a8de04a2656d44082be478bd6c086daa447c4651605818287b9532d3d0bd435?s=96&d=mm&r=g\",\"contentUrl\":\"https:\\\/\\\/secure.gravatar.com\\\/avatar\\\/3a8de04a2656d44082be478bd6c086daa447c4651605818287b9532d3d0bd435?s=96&d=mm&r=g\",\"caption\":\"Lo viste en Los Pol\u00edticos\"},\"url\":\"https:\\\/\\\/lospoliticosveracruz.com\\\/?author=2\"}]}<\/script>\n<!-- \/ Yoast SEO plugin. -->","yoast_head_json":{"title":"Comparecencias - Los pol\u00edticos Veracruz","robots":{"index":"index","follow":"follow","max-snippet":"max-snippet:-1","max-image-preview":"max-image-preview:large","max-video-preview":"max-video-preview:-1"},"canonical":"https:\/\/lospoliticosveracruz.com\/?p=19169","og_locale":"es_ES","og_type":"article","og_title":"Comparecencias - Los pol\u00edticos Veracruz","og_description":"Salvador Mu\u00f1oz Los Pol\u00edticos \u201cAs\u00ed ha sido siempre, y no va a cambiar\u201d. De esa manera se expres\u00f3 Julen Rementer\u00eda del Puerto, respecto a la primera comparecencia, en este caso del titular de Sefiplan, Antonio G\u00f3mez Pelegr\u00edn. Su expresi\u00f3n me lleva a pensar en una cosa: Entonces, \u00bfpara qu\u00e9 sirven las comparecencias? II Las \u00faltimas [&hellip;]","og_url":"https:\/\/lospoliticosveracruz.com\/?p=19169","og_site_name":"Los pol\u00edticos Veracruz","article_publisher":"https:\/\/www.facebook.com\/people\/Notimemes-de-los-Polticos\/61565672886568\/","article_published_time":"2015-11-18T05:08:41+00:00","og_image":[{"url":"http:\/\/www.lospoliticosveracruz.com.mx\/wp-content\/uploads\/2015\/11\/Sefiplan-300x144.jpg","type":"","width":"","height":""}],"author":"Lo viste en Los Pol\u00edticos","twitter_card":"summary_large_image","twitter_creator":"@LosPoliticosVer","twitter_site":"@LosPoliticosVer","twitter_misc":{"Escrito por":"Lo viste en Los Pol\u00edticos","Tiempo de lectura":"5 minutos"},"schema":{"@context":"https:\/\/schema.org","@graph":[{"@type":"Article","@id":"https:\/\/lospoliticosveracruz.com\/?p=19169#article","isPartOf":{"@id":"https:\/\/lospoliticosveracruz.com\/?p=19169"},"author":{"name":"Lo viste en Los Pol\u00edticos","@id":"https:\/\/lospoliticosveracruz.com\/#\/schema\/person\/b8702bb0e538456e6efd07080bf2a4a2"},"headline":"Comparecencias","datePublished":"2015-11-18T05:08:41+00:00","mainEntityOfPage":{"@id":"https:\/\/lospoliticosveracruz.com\/?p=19169"},"wordCount":1070,"commentCount":0,"publisher":{"@id":"https:\/\/lospoliticosveracruz.com\/#organization"},"image":{"@id":"https:\/\/lospoliticosveracruz.com\/?p=19169#primaryimage"},"thumbnailUrl":"http:\/\/www.lospoliticosveracruz.com.mx\/wp-content\/uploads\/2015\/11\/Sefiplan-300x144.jpg","keywords":["comparecencias","Erick Lagos Hern\u00e1ndez","Jorge Carvallo Delf\u00edn","Julen Rementer\u00eda del Puerto","Salvador Mu\u00f1oz"],"articleSection":["De Opini\u00f3n"],"inLanguage":"es","potentialAction":[{"@type":"CommentAction","name":"Comment","target":["https:\/\/lospoliticosveracruz.com\/?p=19169#respond"]}]},{"@type":"WebPage","@id":"https:\/\/lospoliticosveracruz.com\/?p=19169","url":"https:\/\/lospoliticosveracruz.com\/?p=19169","name":"Comparecencias - Los pol\u00edticos Veracruz","isPartOf":{"@id":"https:\/\/lospoliticosveracruz.com\/#website"},"primaryImageOfPage":{"@id":"https:\/\/lospoliticosveracruz.com\/?p=19169#primaryimage"},"image":{"@id":"https:\/\/lospoliticosveracruz.com\/?p=19169#primaryimage"},"thumbnailUrl":"http:\/\/www.lospoliticosveracruz.com.mx\/wp-content\/uploads\/2015\/11\/Sefiplan-300x144.jpg","datePublished":"2015-11-18T05:08:41+00:00","breadcrumb":{"@id":"https:\/\/lospoliticosveracruz.com\/?p=19169#breadcrumb"},"inLanguage":"es","potentialAction":[{"@type":"ReadAction","target":["https:\/\/lospoliticosveracruz.com\/?p=19169"]}]},{"@type":"ImageObject","inLanguage":"es","@id":"https:\/\/lospoliticosveracruz.com\/?p=19169#primaryimage","url":"http:\/\/www.lospoliticosveracruz.com.mx\/wp-content\/uploads\/2015\/11\/Sefiplan-300x144.jpg","contentUrl":"http:\/\/www.lospoliticosveracruz.com.mx\/wp-content\/uploads\/2015\/11\/Sefiplan-300x144.jpg"},{"@type":"BreadcrumbList","@id":"https:\/\/lospoliticosveracruz.com\/?p=19169#breadcrumb","itemListElement":[{"@type":"ListItem","position":1,"name":"Portada","item":"https:\/\/lospoliticosveracruz.com\/"},{"@type":"ListItem","position":2,"name":"Comparecencias"}]},{"@type":"WebSite","@id":"https:\/\/lospoliticosveracruz.com\/#website","url":"https:\/\/lospoliticosveracruz.com\/","name":"Los pol\u00edticos Veracruz","description":"","publisher":{"@id":"https:\/\/lospoliticosveracruz.com\/#organization"},"potentialAction":[{"@type":"SearchAction","target":{"@type":"EntryPoint","urlTemplate":"https:\/\/lospoliticosveracruz.com\/?s={search_term_string}"},"query-input":{"@type":"PropertyValueSpecification","valueRequired":true,"valueName":"search_term_string"}}],"inLanguage":"es"},{"@type":"Organization","@id":"https:\/\/lospoliticosveracruz.com\/#organization","name":"Los pol\u00edticos Veracruz","url":"https:\/\/lospoliticosveracruz.com\/","logo":{"@type":"ImageObject","inLanguage":"es","@id":"https:\/\/lospoliticosveracruz.com\/#\/schema\/logo\/image\/","url":"https:\/\/lospoliticosveracruz.com\/wp-content\/uploads\/2025\/12\/Logo-Nuevo-LOS-POLITICOS-1.jpg","contentUrl":"https:\/\/lospoliticosveracruz.com\/wp-content\/uploads\/2025\/12\/Logo-Nuevo-LOS-POLITICOS-1.jpg","width":260,"height":70,"caption":"Los pol\u00edticos Veracruz"},"image":{"@id":"https:\/\/lospoliticosveracruz.com\/#\/schema\/logo\/image\/"},"sameAs":["https:\/\/www.facebook.com\/people\/Notimemes-de-los-Polticos\/61565672886568\/","https:\/\/x.com\/LosPoliticosVer"]},{"@type":"Person","@id":"https:\/\/lospoliticosveracruz.com\/#\/schema\/person\/b8702bb0e538456e6efd07080bf2a4a2","name":"Lo viste en Los Pol\u00edticos","image":{"@type":"ImageObject","inLanguage":"es","@id":"https:\/\/secure.gravatar.com\/avatar\/3a8de04a2656d44082be478bd6c086daa447c4651605818287b9532d3d0bd435?s=96&d=mm&r=g","url":"https:\/\/secure.gravatar.com\/avatar\/3a8de04a2656d44082be478bd6c086daa447c4651605818287b9532d3d0bd435?s=96&d=mm&r=g","contentUrl":"https:\/\/secure.gravatar.com\/avatar\/3a8de04a2656d44082be478bd6c086daa447c4651605818287b9532d3d0bd435?s=96&d=mm&r=g","caption":"Lo viste en Los Pol\u00edticos"},"url":"https:\/\/lospoliticosveracruz.com\/?author=2"}]}},"_links":{"self":[{"href":"https:\/\/lospoliticosveracruz.com\/index.php?rest_route=\/wp\/v2\/posts\/19169","targetHints":{"allow":["GET"]}}],"collection":[{"href":"https:\/\/lospoliticosveracruz.com\/index.php?rest_route=\/wp\/v2\/posts"}],"about":[{"href":"https:\/\/lospoliticosveracruz.com\/index.php?rest_route=\/wp\/v2\/types\/post"}],"author":[{"embeddable":true,"href":"https:\/\/lospoliticosveracruz.com\/index.php?rest_route=\/wp\/v2\/users\/2"}],"replies":[{"embeddable":true,"href":"https:\/\/lospoliticosveracruz.com\/index.php?rest_route=%2Fwp%2Fv2%2Fcomments&post=19169"}],"version-history":[{"count":1,"href":"https:\/\/lospoliticosveracruz.com\/index.php?rest_route=\/wp\/v2\/posts\/19169\/revisions"}],"predecessor-version":[{"id":19171,"href":"https:\/\/lospoliticosveracruz.com\/index.php?rest_route=\/wp\/v2\/posts\/19169\/revisions\/19171"}],"wp:attachment":[{"href":"https:\/\/lospoliticosveracruz.com\/index.php?rest_route=%2Fwp%2Fv2%2Fmedia&parent=19169"}],"wp:term":[{"taxonomy":"category","embeddable":true,"href":"https:\/\/lospoliticosveracruz.com\/index.php?rest_route=%2Fwp%2Fv2%2Fcategories&post=19169"},{"taxonomy":"post_tag","embeddable":true,"href":"https:\/\/lospoliticosveracruz.com\/index.php?rest_route=%2Fwp%2Fv2%2Ftags&post=19169"}],"curies":[{"name":"wp","href":"https:\/\/api.w.org\/{rel}","templated":true}]}}