{"id":19186,"date":"2015-11-18T21:45:31","date_gmt":"2015-11-19T03:45:31","guid":{"rendered":"http:\/\/www.lospoliticosveracruz.com.mx\/?p=19186"},"modified":"2015-11-18T21:45:31","modified_gmt":"2015-11-19T03:45:31","slug":"combate-a-la-pobreza-compromiso-permanente","status":"publish","type":"post","link":"https:\/\/lospoliticosveracruz.com\/?p=19186","title":{"rendered":"Combate a la pobreza, compromiso permanente"},"content":{"rendered":"<p><a href=\"http:\/\/www.lospoliticosveracruz.com.mx\/wp-content\/uploads\/2015\/11\/Am\u00e9rico-Meade-Javier.jpg\"><img loading=\"lazy\" decoding=\"async\" class=\"alignnone size-medium wp-image-19187\" src=\"http:\/\/www.lospoliticosveracruz.com.mx\/wp-content\/uploads\/2015\/11\/Am\u00e9rico-Meade-Javier-300x202.jpg\" alt=\"Am\u00e9rico Meade Javier\" width=\"300\" height=\"202\" \/><\/a><\/p>\n<p><strong>Rodrigo Montoya Rivera<\/strong><br \/>\n<em>Ideas<\/em><br \/>\n\u201cVeracruz es un estado en el que se ha avanzado mucho en muchos indicadores, notablemente en salud y calidad en la vivienda, y tiene retos importantes en otras carencias, as\u00ed como los tiene en materia de ingresos\u201d, comentaba el Secretario de Desarrollo Social del Gobierno Federal, Jos\u00e9 Antonio Meade Kuribre\u00f1a, en su gira por Veracruz y en su participaci\u00f3n en Xalapa, durante el recorrido realizado por el titular de Sedesol\u00a0por el Banco de Alimentos Man\u00e1 A.C. el pasado 17 de noviembre del presente a\u00f1o. Ah\u00ed la llevamos<br \/>\nTuve la oportunidad de saludarlo y decirle que admiro mucho su trabajo y labor como servidor p\u00fablico, a lo que simplemente me contest\u00f3 \u201cah\u00ed la llevamos, agradezco mucho tus palabras\u201d. Dotado de una peculiar sencillez, coment\u00f3 a los presentes que un estado tan pr\u00f3spero como lo es Veracruz, el rezago alimenticio no deber\u00eda ser un problema, por lo que se comprometi\u00f3 a trabajar de manera conjunta y estrecha con los tres niveles de Gobierno, a efecto de mantener una retroalimentaci\u00f3n efectiva y una colaboraci\u00f3n institucional eficaz, dando a los veracruzanos, la posibilidad de fortalecerse desde el seno familiar, y teniendo como punto de partida una muy buena alimentaci\u00f3n.<br \/>\nCabe resaltar que el funcionario federal tuvo la capacidad para reconocer que el combate a la pobreza, es una lucha que contempla varios rostros y facetas, por ello el avance para contrarrestarla no es de forma conjunta, es necesario fortalecer cada uno de los indicadores, y conjuntando los beneficios de cada uno, permitiendo as\u00ed hacer una medici\u00f3n de estad\u00edstica y una valoraci\u00f3n para realizar los ajustes necesarios a efecto de eficientar este camino hacia la buena alimentaci\u00f3n familiar.<br \/>\nRecordemos que en d\u00edas pasados, se inaugur\u00f3 el Cl\u00faster Cient\u00edfico en la ciudad de Xalapa, demostrando el compromiso que existe por parte de nuestra capital con la iniciativa federal, con la visita del titular de la Sedesol, Xalapa construye lazos con los niveles de gobierno superiores, con el \u00fanico objetivo de fortalecer la calidad de vida para los xalape\u00f1os, fortaleciendo as\u00ed el desarrollo municipal de nuestra ciudad.<br \/>\nCon las peticiones adecuadas y con los trabajos necesarios, el Secretario Meade Kuribre\u00f1a, se estableci\u00f3 el compromiso de adelantar las entregas de algunos programas que se meter\u00e1n conforme al calendario, involucrando a la ciudadan\u00eda, donde la Sedesol\u00a0podr\u00e1 firmar un convenio de colaboraci\u00f3n con otras entidades federales, a efecto de blindar los programas de desarrollo social as\u00ed como vigilar el perfecto uso y destino de su operaci\u00f3n.<br \/>\nDebo resaltar, que el titular de la Sedesol ha sido en ocasiones anteriores Secretario de Energ\u00eda, Secretario de Hacienda y Cr\u00e9dito P\u00fablico, as\u00ed como el responsable de la diplomacia internacional desde la Secretar\u00eda de Relaciones exteriores, por lo que es uno de los prospectos que pudiera seguir enarbolando las grandes necesidades de los grandes retos que no s\u00f3lo Veracruz, sino tambi\u00e9n M\u00e9xico tiene.<br \/>\nDe los alcaldes que ah\u00ed estaban presentes, Meade Kuribre\u00f1a, tuvo a bien reconocer p\u00fablicamente con nombre y apellido, el compromiso que el Presidente Municipal de Xalapa, Am\u00e9rico Z\u00fa\u00f1iga Mart\u00ednez, tiene por combatir y erradicar la pobreza en la ciudad, y que est\u00e1 sumado a los esfuerzos y acciones que el Presidente de la Rep\u00fablica, Enrique Pe\u00f1a Nieto, ha impulsado desde el inicio de su administraci\u00f3n, pues es la suma de esfuerzos coordinada con los niveles de gobierno, la que podr\u00eda fortalecer este combate conjunto.<\/p>\n<p>NOTA 1: Victor Rodr\u00edguez Gallegos, representa a un movimiento territorial renovado. El dirigente pol\u00edtico de esta organizaci\u00f3n adherida al Revolucionario Institucional ha venido demostrando, capacidad y talento en la conformaci\u00f3n de los comit\u00e9s de base que ya se encuentran trabajando en los diferentes distritos y municipios de esta entidad, la visita de la senadora Ana Lilia Herrera Anzaldo, no es casualidad, el MT de Veracruz sin lugar a dudas dar\u00e1 de los mejores resultados entre los dem\u00e1s comit\u00e9s directivos estatales. Hay presente, se augura futuro.<br \/>\nNOTA 2: Rento Alarc\u00f3n Guevara, un pol\u00edtico joven con mucho que aportar a Xalapa y Veracruz, como actualmente lo hace desde su labor en la Delegaci\u00f3n del ISSSTE. Renato es parte de esa generaci\u00f3n que d\u00eda con d\u00eda aporta sus buenos oficios para el mejoramiento de los servicios que merecen los habitantes de la entidad, demostrando su gran compromiso con los veracruzanos con su extraordinaria labor al frente de esa entidad. Bien por Renato.<\/p>\n","protected":false},"excerpt":{"rendered":"<p>Rodrigo Montoya Rivera Ideas \u201cVeracruz es un estado en el que se ha avanzado mucho en muchos indicadores, notablemente en salud y calidad en la vivienda, y tiene retos importantes en otras carencias, as\u00ed como los tiene en materia de ingresos\u201d, comentaba el Secretario de Desarrollo Social del Gobierno Federal, Jos\u00e9 Antonio Meade Kuribre\u00f1a, en [&hellip;]<\/p>\n","protected":false},"author":2,"featured_media":0,"comment_status":"open","ping_status":"open","sticky":false,"template":"","format":"standard","meta":{"tdm_status":"","tdm_grid_status":"","footnotes":""},"categories":[70],"tags":[539,4122,715,195,96],"class_list":{"0":"post-19186","1":"post","2":"type-post","3":"status-publish","4":"format-standard","6":"category-de-opinion","7":"tag-americo-zuniga-martinez","8":"tag-jose-antonio-meade-kuribrena","9":"tag-sedesol","10":"tag-veracruz","11":"tag-xalapa"},"yoast_head":"<!-- This site is optimized with the Yoast SEO plugin v27.4 - https:\/\/yoast.com\/product\/yoast-seo-wordpress\/ -->\n<title>Combate a la pobreza, compromiso permanente - Los pol\u00edticos Veracruz<\/title>\n<meta name=\"robots\" content=\"index, follow, max-snippet:-1, max-image-preview:large, max-video-preview:-1\" \/>\n<link rel=\"canonical\" href=\"https:\/\/lospoliticosveracruz.com\/?p=19186\" \/>\n<meta property=\"og:locale\" content=\"es_ES\" \/>\n<meta property=\"og:type\" content=\"article\" \/>\n<meta property=\"og:title\" content=\"Combate a la pobreza, compromiso permanente - Los pol\u00edticos Veracruz\" \/>\n<meta property=\"og:description\" content=\"Rodrigo Montoya Rivera Ideas \u201cVeracruz es un estado en el que se ha avanzado mucho en muchos indicadores, notablemente en salud y calidad en la vivienda, y tiene retos importantes en otras carencias, as\u00ed como los tiene en materia de ingresos\u201d, comentaba el Secretario de Desarrollo Social del Gobierno Federal, Jos\u00e9 Antonio Meade Kuribre\u00f1a, en [&hellip;]\" \/>\n<meta property=\"og:url\" content=\"https:\/\/lospoliticosveracruz.com\/?p=19186\" \/>\n<meta property=\"og:site_name\" content=\"Los pol\u00edticos Veracruz\" \/>\n<meta property=\"article:publisher\" content=\"https:\/\/www.facebook.com\/people\/Notimemes-de-los-Polticos\/61565672886568\/\" \/>\n<meta property=\"article:published_time\" content=\"2015-11-19T03:45:31+00:00\" \/>\n<meta property=\"og:image\" content=\"https:\/\/lospoliticosveracruz.com\/wp-content\/uploads\/2016\/07\/Logo-Dor.jpg\" \/>\n\t<meta property=\"og:image:width\" content=\"200\" \/>\n\t<meta property=\"og:image:height\" content=\"200\" \/>\n\t<meta property=\"og:image:type\" content=\"image\/jpeg\" \/>\n<meta name=\"author\" content=\"Lo viste en Los Pol\u00edticos\" \/>\n<meta name=\"twitter:card\" content=\"summary_large_image\" \/>\n<meta name=\"twitter:creator\" content=\"@LosPoliticosVer\" \/>\n<meta name=\"twitter:site\" content=\"@LosPoliticosVer\" \/>\n<meta name=\"twitter:label1\" content=\"Escrito por\" \/>\n\t<meta name=\"twitter:data1\" content=\"Lo viste en Los Pol\u00edticos\" \/>\n\t<meta name=\"twitter:label2\" content=\"Tiempo de lectura\" \/>\n\t<meta name=\"twitter:data2\" content=\"4 minutos\" \/>\n<script type=\"application\/ld+json\" class=\"yoast-schema-graph\">{\"@context\":\"https:\\\/\\\/schema.org\",\"@graph\":[{\"@type\":\"Article\",\"@id\":\"https:\\\/\\\/lospoliticosveracruz.com\\\/?p=19186#article\",\"isPartOf\":{\"@id\":\"https:\\\/\\\/lospoliticosveracruz.com\\\/?p=19186\"},\"author\":{\"name\":\"Lo viste en Los Pol\u00edticos\",\"@id\":\"https:\\\/\\\/lospoliticosveracruz.com\\\/#\\\/schema\\\/person\\\/b8702bb0e538456e6efd07080bf2a4a2\"},\"headline\":\"Combate a la pobreza, compromiso permanente\",\"datePublished\":\"2015-11-19T03:45:31+00:00\",\"mainEntityOfPage\":{\"@id\":\"https:\\\/\\\/lospoliticosveracruz.com\\\/?p=19186\"},\"wordCount\":773,\"commentCount\":0,\"publisher\":{\"@id\":\"https:\\\/\\\/lospoliticosveracruz.com\\\/#organization\"},\"keywords\":[\"Am\u00e9rico Z\u00fa\u00f1iga Mart\u00ednez\",\"Jos\u00e9 Antonio Meade Kuribre\u00f1a\",\"Sedesol\",\"Veracruz\",\"Xalapa\"],\"articleSection\":[\"De Opini\u00f3n\"],\"inLanguage\":\"es\",\"potentialAction\":[{\"@type\":\"CommentAction\",\"name\":\"Comment\",\"target\":[\"https:\\\/\\\/lospoliticosveracruz.com\\\/?p=19186#respond\"]}]},{\"@type\":\"WebPage\",\"@id\":\"https:\\\/\\\/lospoliticosveracruz.com\\\/?p=19186\",\"url\":\"https:\\\/\\\/lospoliticosveracruz.com\\\/?p=19186\",\"name\":\"Combate a la pobreza, compromiso permanente - Los pol\u00edticos Veracruz\",\"isPartOf\":{\"@id\":\"https:\\\/\\\/lospoliticosveracruz.com\\\/#website\"},\"datePublished\":\"2015-11-19T03:45:31+00:00\",\"breadcrumb\":{\"@id\":\"https:\\\/\\\/lospoliticosveracruz.com\\\/?p=19186#breadcrumb\"},\"inLanguage\":\"es\",\"potentialAction\":[{\"@type\":\"ReadAction\",\"target\":[\"https:\\\/\\\/lospoliticosveracruz.com\\\/?p=19186\"]}]},{\"@type\":\"BreadcrumbList\",\"@id\":\"https:\\\/\\\/lospoliticosveracruz.com\\\/?p=19186#breadcrumb\",\"itemListElement\":[{\"@type\":\"ListItem\",\"position\":1,\"name\":\"Portada\",\"item\":\"https:\\\/\\\/lospoliticosveracruz.com\\\/\"},{\"@type\":\"ListItem\",\"position\":2,\"name\":\"Combate a la pobreza, compromiso permanente\"}]},{\"@type\":\"WebSite\",\"@id\":\"https:\\\/\\\/lospoliticosveracruz.com\\\/#website\",\"url\":\"https:\\\/\\\/lospoliticosveracruz.com\\\/\",\"name\":\"Los pol\u00edticos Veracruz\",\"description\":\"\",\"publisher\":{\"@id\":\"https:\\\/\\\/lospoliticosveracruz.com\\\/#organization\"},\"potentialAction\":[{\"@type\":\"SearchAction\",\"target\":{\"@type\":\"EntryPoint\",\"urlTemplate\":\"https:\\\/\\\/lospoliticosveracruz.com\\\/?s={search_term_string}\"},\"query-input\":{\"@type\":\"PropertyValueSpecification\",\"valueRequired\":true,\"valueName\":\"search_term_string\"}}],\"inLanguage\":\"es\"},{\"@type\":\"Organization\",\"@id\":\"https:\\\/\\\/lospoliticosveracruz.com\\\/#organization\",\"name\":\"Los pol\u00edticos Veracruz\",\"url\":\"https:\\\/\\\/lospoliticosveracruz.com\\\/\",\"logo\":{\"@type\":\"ImageObject\",\"inLanguage\":\"es\",\"@id\":\"https:\\\/\\\/lospoliticosveracruz.com\\\/#\\\/schema\\\/logo\\\/image\\\/\",\"url\":\"https:\\\/\\\/lospoliticosveracruz.com\\\/wp-content\\\/uploads\\\/2025\\\/12\\\/Logo-Nuevo-LOS-POLITICOS-1.jpg\",\"contentUrl\":\"https:\\\/\\\/lospoliticosveracruz.com\\\/wp-content\\\/uploads\\\/2025\\\/12\\\/Logo-Nuevo-LOS-POLITICOS-1.jpg\",\"width\":260,\"height\":70,\"caption\":\"Los pol\u00edticos Veracruz\"},\"image\":{\"@id\":\"https:\\\/\\\/lospoliticosveracruz.com\\\/#\\\/schema\\\/logo\\\/image\\\/\"},\"sameAs\":[\"https:\\\/\\\/www.facebook.com\\\/people\\\/Notimemes-de-los-Polticos\\\/61565672886568\\\/\",\"https:\\\/\\\/x.com\\\/LosPoliticosVer\"]},{\"@type\":\"Person\",\"@id\":\"https:\\\/\\\/lospoliticosveracruz.com\\\/#\\\/schema\\\/person\\\/b8702bb0e538456e6efd07080bf2a4a2\",\"name\":\"Lo viste en Los Pol\u00edticos\",\"image\":{\"@type\":\"ImageObject\",\"inLanguage\":\"es\",\"@id\":\"https:\\\/\\\/secure.gravatar.com\\\/avatar\\\/3a8de04a2656d44082be478bd6c086daa447c4651605818287b9532d3d0bd435?s=96&d=mm&r=g\",\"url\":\"https:\\\/\\\/secure.gravatar.com\\\/avatar\\\/3a8de04a2656d44082be478bd6c086daa447c4651605818287b9532d3d0bd435?s=96&d=mm&r=g\",\"contentUrl\":\"https:\\\/\\\/secure.gravatar.com\\\/avatar\\\/3a8de04a2656d44082be478bd6c086daa447c4651605818287b9532d3d0bd435?s=96&d=mm&r=g\",\"caption\":\"Lo viste en Los Pol\u00edticos\"},\"url\":\"https:\\\/\\\/lospoliticosveracruz.com\\\/?author=2\"}]}<\/script>\n<!-- \/ Yoast SEO plugin. -->","yoast_head_json":{"title":"Combate a la pobreza, compromiso permanente - Los pol\u00edticos Veracruz","robots":{"index":"index","follow":"follow","max-snippet":"max-snippet:-1","max-image-preview":"max-image-preview:large","max-video-preview":"max-video-preview:-1"},"canonical":"https:\/\/lospoliticosveracruz.com\/?p=19186","og_locale":"es_ES","og_type":"article","og_title":"Combate a la pobreza, compromiso permanente - Los pol\u00edticos Veracruz","og_description":"Rodrigo Montoya Rivera Ideas \u201cVeracruz es un estado en el que se ha avanzado mucho en muchos indicadores, notablemente en salud y calidad en la vivienda, y tiene retos importantes en otras carencias, as\u00ed como los tiene en materia de ingresos\u201d, comentaba el Secretario de Desarrollo Social del Gobierno Federal, Jos\u00e9 Antonio Meade Kuribre\u00f1a, en [&hellip;]","og_url":"https:\/\/lospoliticosveracruz.com\/?p=19186","og_site_name":"Los pol\u00edticos Veracruz","article_publisher":"https:\/\/www.facebook.com\/people\/Notimemes-de-los-Polticos\/61565672886568\/","article_published_time":"2015-11-19T03:45:31+00:00","og_image":[{"width":200,"height":200,"url":"https:\/\/lospoliticosveracruz.com\/wp-content\/uploads\/2016\/07\/Logo-Dor.jpg","type":"image\/jpeg"}],"author":"Lo viste en Los Pol\u00edticos","twitter_card":"summary_large_image","twitter_creator":"@LosPoliticosVer","twitter_site":"@LosPoliticosVer","twitter_misc":{"Escrito por":"Lo viste en Los Pol\u00edticos","Tiempo de lectura":"4 minutos"},"schema":{"@context":"https:\/\/schema.org","@graph":[{"@type":"Article","@id":"https:\/\/lospoliticosveracruz.com\/?p=19186#article","isPartOf":{"@id":"https:\/\/lospoliticosveracruz.com\/?p=19186"},"author":{"name":"Lo viste en Los Pol\u00edticos","@id":"https:\/\/lospoliticosveracruz.com\/#\/schema\/person\/b8702bb0e538456e6efd07080bf2a4a2"},"headline":"Combate a la pobreza, compromiso permanente","datePublished":"2015-11-19T03:45:31+00:00","mainEntityOfPage":{"@id":"https:\/\/lospoliticosveracruz.com\/?p=19186"},"wordCount":773,"commentCount":0,"publisher":{"@id":"https:\/\/lospoliticosveracruz.com\/#organization"},"keywords":["Am\u00e9rico Z\u00fa\u00f1iga Mart\u00ednez","Jos\u00e9 Antonio Meade Kuribre\u00f1a","Sedesol","Veracruz","Xalapa"],"articleSection":["De Opini\u00f3n"],"inLanguage":"es","potentialAction":[{"@type":"CommentAction","name":"Comment","target":["https:\/\/lospoliticosveracruz.com\/?p=19186#respond"]}]},{"@type":"WebPage","@id":"https:\/\/lospoliticosveracruz.com\/?p=19186","url":"https:\/\/lospoliticosveracruz.com\/?p=19186","name":"Combate a la pobreza, compromiso permanente - Los pol\u00edticos Veracruz","isPartOf":{"@id":"https:\/\/lospoliticosveracruz.com\/#website"},"datePublished":"2015-11-19T03:45:31+00:00","breadcrumb":{"@id":"https:\/\/lospoliticosveracruz.com\/?p=19186#breadcrumb"},"inLanguage":"es","potentialAction":[{"@type":"ReadAction","target":["https:\/\/lospoliticosveracruz.com\/?p=19186"]}]},{"@type":"BreadcrumbList","@id":"https:\/\/lospoliticosveracruz.com\/?p=19186#breadcrumb","itemListElement":[{"@type":"ListItem","position":1,"name":"Portada","item":"https:\/\/lospoliticosveracruz.com\/"},{"@type":"ListItem","position":2,"name":"Combate a la pobreza, compromiso permanente"}]},{"@type":"WebSite","@id":"https:\/\/lospoliticosveracruz.com\/#website","url":"https:\/\/lospoliticosveracruz.com\/","name":"Los pol\u00edticos Veracruz","description":"","publisher":{"@id":"https:\/\/lospoliticosveracruz.com\/#organization"},"potentialAction":[{"@type":"SearchAction","target":{"@type":"EntryPoint","urlTemplate":"https:\/\/lospoliticosveracruz.com\/?s={search_term_string}"},"query-input":{"@type":"PropertyValueSpecification","valueRequired":true,"valueName":"search_term_string"}}],"inLanguage":"es"},{"@type":"Organization","@id":"https:\/\/lospoliticosveracruz.com\/#organization","name":"Los pol\u00edticos Veracruz","url":"https:\/\/lospoliticosveracruz.com\/","logo":{"@type":"ImageObject","inLanguage":"es","@id":"https:\/\/lospoliticosveracruz.com\/#\/schema\/logo\/image\/","url":"https:\/\/lospoliticosveracruz.com\/wp-content\/uploads\/2025\/12\/Logo-Nuevo-LOS-POLITICOS-1.jpg","contentUrl":"https:\/\/lospoliticosveracruz.com\/wp-content\/uploads\/2025\/12\/Logo-Nuevo-LOS-POLITICOS-1.jpg","width":260,"height":70,"caption":"Los pol\u00edticos Veracruz"},"image":{"@id":"https:\/\/lospoliticosveracruz.com\/#\/schema\/logo\/image\/"},"sameAs":["https:\/\/www.facebook.com\/people\/Notimemes-de-los-Polticos\/61565672886568\/","https:\/\/x.com\/LosPoliticosVer"]},{"@type":"Person","@id":"https:\/\/lospoliticosveracruz.com\/#\/schema\/person\/b8702bb0e538456e6efd07080bf2a4a2","name":"Lo viste en Los Pol\u00edticos","image":{"@type":"ImageObject","inLanguage":"es","@id":"https:\/\/secure.gravatar.com\/avatar\/3a8de04a2656d44082be478bd6c086daa447c4651605818287b9532d3d0bd435?s=96&d=mm&r=g","url":"https:\/\/secure.gravatar.com\/avatar\/3a8de04a2656d44082be478bd6c086daa447c4651605818287b9532d3d0bd435?s=96&d=mm&r=g","contentUrl":"https:\/\/secure.gravatar.com\/avatar\/3a8de04a2656d44082be478bd6c086daa447c4651605818287b9532d3d0bd435?s=96&d=mm&r=g","caption":"Lo viste en Los Pol\u00edticos"},"url":"https:\/\/lospoliticosveracruz.com\/?author=2"}]}},"_links":{"self":[{"href":"https:\/\/lospoliticosveracruz.com\/index.php?rest_route=\/wp\/v2\/posts\/19186","targetHints":{"allow":["GET"]}}],"collection":[{"href":"https:\/\/lospoliticosveracruz.com\/index.php?rest_route=\/wp\/v2\/posts"}],"about":[{"href":"https:\/\/lospoliticosveracruz.com\/index.php?rest_route=\/wp\/v2\/types\/post"}],"author":[{"embeddable":true,"href":"https:\/\/lospoliticosveracruz.com\/index.php?rest_route=\/wp\/v2\/users\/2"}],"replies":[{"embeddable":true,"href":"https:\/\/lospoliticosveracruz.com\/index.php?rest_route=%2Fwp%2Fv2%2Fcomments&post=19186"}],"version-history":[{"count":1,"href":"https:\/\/lospoliticosveracruz.com\/index.php?rest_route=\/wp\/v2\/posts\/19186\/revisions"}],"predecessor-version":[{"id":19188,"href":"https:\/\/lospoliticosveracruz.com\/index.php?rest_route=\/wp\/v2\/posts\/19186\/revisions\/19188"}],"wp:attachment":[{"href":"https:\/\/lospoliticosveracruz.com\/index.php?rest_route=%2Fwp%2Fv2%2Fmedia&parent=19186"}],"wp:term":[{"taxonomy":"category","embeddable":true,"href":"https:\/\/lospoliticosveracruz.com\/index.php?rest_route=%2Fwp%2Fv2%2Fcategories&post=19186"},{"taxonomy":"post_tag","embeddable":true,"href":"https:\/\/lospoliticosveracruz.com\/index.php?rest_route=%2Fwp%2Fv2%2Ftags&post=19186"}],"curies":[{"name":"wp","href":"https:\/\/api.w.org\/{rel}","templated":true}]}}