{"id":19190,"date":"2015-11-18T21:55:49","date_gmt":"2015-11-19T03:55:49","guid":{"rendered":"http:\/\/www.lospoliticosveracruz.com.mx\/?p=19190"},"modified":"2015-11-18T21:55:49","modified_gmt":"2015-11-19T03:55:49","slug":"ni-voceros-ni-jefes-de-prensa-tengo-pepe-yunes","status":"publish","type":"post","link":"https:\/\/lospoliticosveracruz.com\/?p=19190","title":{"rendered":"\u201cNi voceros ni jefes de prensa tengo\u201d: Pepe Yunes"},"content":{"rendered":"<p><a href=\"http:\/\/www.lospoliticosveracruz.com.mx\/wp-content\/uploads\/2014\/10\/Pepe-Yunes4.jpg\"><img loading=\"lazy\" decoding=\"async\" class=\"alignnone size-medium wp-image-12949\" src=\"http:\/\/www.lospoliticosveracruz.com.mx\/wp-content\/uploads\/2014\/10\/Pepe-Yunes4-300x166.jpg\" alt=\"Pepe-Yunes\" width=\"300\" height=\"166\" \/><\/a><br \/>\n<strong>Miriam Gracia Maga\u00f1a<\/strong><\/p>\n<p><em>Pasillos y Antesalas \/\u00a0Ciudad de M\u00e9xico<\/em><\/p>\n<p>Jos\u00e9 Yunes Zorrilla, asegura que no tiene ni voceros y mucho menos jefes de prensa, refiri\u00e9ndose a algunos columnistas que ponen declaraciones que ni ha hecho ni har\u00eda pues siempre ha sido muy respetuoso de las instituciones. El senador se dice sorprendido de muchos periodistas que inventan entrevistas que nunca ocurren. Se mostr\u00f3 tranquilo en su firme aspiraci\u00f3n por la candidatura del PRI a la gubernatura en 2016 ya que hay que esperar los tiempos de la convocatoria y ser el candidato que el partido necesite para ganar.<\/p>\n<p>Ni declina, ni renuncia y lo deja bien clarito como para que no haya dudas. Y esto es un hecho pues los otros posibles candidatos no cuentan con el suficiente capital pol\u00edtico del perote\u00f1o para asegurar el triunfo.<\/p>\n<p>Por ejemplo a H\u00e9ctor Yunes Landa le dicen el \u201cdesinfle\u201d en referencia a la canci\u00f3n que el inolvidable Pedro Infante interpretara en la pel\u00edcula \u201cGitana ten\u00edas que ser\u201d, aqu\u00ed parte de la letra: \u201cLleg\u00f3 el desinfle que me esperaba, ya no te quiero verdad de Dios, ya me hacen circo tus moner\u00edas y me endemonia escuchar tu voz. Es el destino pa qu\u00e9 negarlo, lo que ahora sirve ma\u00f1ana no, antes te quise por tus encantos, pero eso chato se desinfl\u00f3&#8230;\u201d<\/p>\n<p>Y es que a decir de la militancia del Revolucionario Institucional, el legislador se desinfl\u00f3 ante la falta de congruencia y de jugar al filo de la navaja, pues tanto dios como el diablo ya se dieron cuenta de su jueguito y simplemente ya ni caso le hacen a sus moner\u00edas\u2026<\/p>\n<p>Alberto Silva, era el candidato pero s\u00f3lo dur\u00f3 un d\u00eda como tal, su chiste le vali\u00f3 que la Secretaria General del tricolor, Carolina Monroy del Mazo quien no hab\u00eda asomado la cabeza para nada desde su llegada al CEN de la mano de Manlio Fabio Beltrones y hab\u00eda estado calladita, saliera a la palestra nacional y pusiera como camote al Presidente del CDE del PRI con la venia por supuesto de su primo, el primer priista del pa\u00eds\u2026<\/p>\n<p>Y del flamante Coordinador de la bancada veracruzana en el Congreso de la Uni\u00f3n, Erick Lagos Hern\u00e1ndez pues qu\u00e9 podemos decir, de todos es sabido que C\u00e9sar Camacho Quiroz, le encarga importantes comisiones: ir a dejar algunos documentos, recibir a algunos alcaldes de municipios peque\u00f1os o bien traerle el caf\u00e9, eso s\u00ed, muy caliente\u2026<\/p>\n<p>Correo electr\u00f3nico: labrujatuxtleca@gmail.com<br \/>\nTwitter: @miriamgrissel<br \/>\nFacebook: miriam.graciamagana.3<\/p>\n","protected":false},"excerpt":{"rendered":"<p>Miriam Gracia Maga\u00f1a Pasillos y Antesalas \/\u00a0Ciudad de M\u00e9xico Jos\u00e9 Yunes Zorrilla, asegura que no tiene ni voceros y mucho menos jefes de prensa, refiri\u00e9ndose a algunos columnistas que ponen declaraciones que ni ha hecho ni har\u00eda pues siempre ha sido muy respetuoso de las instituciones. El senador se dice sorprendido de muchos periodistas que [&hellip;]<\/p>\n","protected":false},"author":2,"featured_media":0,"comment_status":"open","ping_status":"open","sticky":false,"template":"","format":"standard","meta":{"tdm_status":"","tdm_grid_status":"","footnotes":""},"categories":[70],"tags":[852,348,246],"class_list":{"0":"post-19190","1":"post","2":"type-post","3":"status-publish","4":"format-standard","6":"category-de-opinion","7":"tag-erick-lagos-hernandez","8":"tag-hector-yunes-landa","9":"tag-pepe-yunes-zorrilla"},"yoast_head":"<!-- This site is optimized with the Yoast SEO plugin v27.4 - https:\/\/yoast.com\/product\/yoast-seo-wordpress\/ -->\n<title>\u201cNi voceros ni jefes de prensa tengo\u201d: Pepe Yunes - Los pol\u00edticos Veracruz<\/title>\n<meta name=\"robots\" content=\"index, follow, max-snippet:-1, max-image-preview:large, max-video-preview:-1\" \/>\n<link rel=\"canonical\" href=\"https:\/\/lospoliticosveracruz.com\/?p=19190\" \/>\n<meta property=\"og:locale\" content=\"es_ES\" \/>\n<meta property=\"og:type\" content=\"article\" \/>\n<meta property=\"og:title\" content=\"\u201cNi voceros ni jefes de prensa tengo\u201d: Pepe Yunes - Los pol\u00edticos Veracruz\" \/>\n<meta property=\"og:description\" content=\"Miriam Gracia Maga\u00f1a Pasillos y Antesalas \/\u00a0Ciudad de M\u00e9xico Jos\u00e9 Yunes Zorrilla, asegura que no tiene ni voceros y mucho menos jefes de prensa, refiri\u00e9ndose a algunos columnistas que ponen declaraciones que ni ha hecho ni har\u00eda pues siempre ha sido muy respetuoso de las instituciones. El senador se dice sorprendido de muchos periodistas que [&hellip;]\" \/>\n<meta property=\"og:url\" content=\"https:\/\/lospoliticosveracruz.com\/?p=19190\" \/>\n<meta property=\"og:site_name\" content=\"Los pol\u00edticos Veracruz\" \/>\n<meta property=\"article:publisher\" content=\"https:\/\/www.facebook.com\/people\/Notimemes-de-los-Polticos\/61565672886568\/\" \/>\n<meta property=\"article:published_time\" content=\"2015-11-19T03:55:49+00:00\" \/>\n<meta property=\"og:image\" content=\"http:\/\/www.lospoliticosveracruz.com.mx\/wp-content\/uploads\/2014\/10\/Pepe-Yunes4-300x166.jpg\" \/>\n<meta name=\"author\" content=\"Lo viste en Los Pol\u00edticos\" \/>\n<meta name=\"twitter:card\" content=\"summary_large_image\" \/>\n<meta name=\"twitter:creator\" content=\"@LosPoliticosVer\" \/>\n<meta name=\"twitter:site\" content=\"@LosPoliticosVer\" \/>\n<meta name=\"twitter:label1\" content=\"Escrito por\" \/>\n\t<meta name=\"twitter:data1\" content=\"Lo viste en Los Pol\u00edticos\" \/>\n\t<meta name=\"twitter:label2\" content=\"Tiempo de lectura\" \/>\n\t<meta name=\"twitter:data2\" content=\"2 minutos\" \/>\n<script type=\"application\/ld+json\" class=\"yoast-schema-graph\">{\"@context\":\"https:\\\/\\\/schema.org\",\"@graph\":[{\"@type\":\"Article\",\"@id\":\"https:\\\/\\\/lospoliticosveracruz.com\\\/?p=19190#article\",\"isPartOf\":{\"@id\":\"https:\\\/\\\/lospoliticosveracruz.com\\\/?p=19190\"},\"author\":{\"name\":\"Lo viste en Los Pol\u00edticos\",\"@id\":\"https:\\\/\\\/lospoliticosveracruz.com\\\/#\\\/schema\\\/person\\\/b8702bb0e538456e6efd07080bf2a4a2\"},\"headline\":\"\u201cNi voceros ni jefes de prensa tengo\u201d: Pepe Yunes\",\"datePublished\":\"2015-11-19T03:55:49+00:00\",\"mainEntityOfPage\":{\"@id\":\"https:\\\/\\\/lospoliticosveracruz.com\\\/?p=19190\"},\"wordCount\":441,\"commentCount\":0,\"publisher\":{\"@id\":\"https:\\\/\\\/lospoliticosveracruz.com\\\/#organization\"},\"image\":{\"@id\":\"https:\\\/\\\/lospoliticosveracruz.com\\\/?p=19190#primaryimage\"},\"thumbnailUrl\":\"http:\\\/\\\/www.lospoliticosveracruz.com.mx\\\/wp-content\\\/uploads\\\/2014\\\/10\\\/Pepe-Yunes4-300x166.jpg\",\"keywords\":[\"Erick Lagos Hern\u00e1ndez\",\"H\u00e9ctor Yunes Landa\",\"Pepe Yunes Zorrilla\"],\"articleSection\":[\"De Opini\u00f3n\"],\"inLanguage\":\"es\",\"potentialAction\":[{\"@type\":\"CommentAction\",\"name\":\"Comment\",\"target\":[\"https:\\\/\\\/lospoliticosveracruz.com\\\/?p=19190#respond\"]}]},{\"@type\":\"WebPage\",\"@id\":\"https:\\\/\\\/lospoliticosveracruz.com\\\/?p=19190\",\"url\":\"https:\\\/\\\/lospoliticosveracruz.com\\\/?p=19190\",\"name\":\"\u201cNi voceros ni jefes de prensa tengo\u201d: Pepe Yunes - Los pol\u00edticos Veracruz\",\"isPartOf\":{\"@id\":\"https:\\\/\\\/lospoliticosveracruz.com\\\/#website\"},\"primaryImageOfPage\":{\"@id\":\"https:\\\/\\\/lospoliticosveracruz.com\\\/?p=19190#primaryimage\"},\"image\":{\"@id\":\"https:\\\/\\\/lospoliticosveracruz.com\\\/?p=19190#primaryimage\"},\"thumbnailUrl\":\"http:\\\/\\\/www.lospoliticosveracruz.com.mx\\\/wp-content\\\/uploads\\\/2014\\\/10\\\/Pepe-Yunes4-300x166.jpg\",\"datePublished\":\"2015-11-19T03:55:49+00:00\",\"breadcrumb\":{\"@id\":\"https:\\\/\\\/lospoliticosveracruz.com\\\/?p=19190#breadcrumb\"},\"inLanguage\":\"es\",\"potentialAction\":[{\"@type\":\"ReadAction\",\"target\":[\"https:\\\/\\\/lospoliticosveracruz.com\\\/?p=19190\"]}]},{\"@type\":\"ImageObject\",\"inLanguage\":\"es\",\"@id\":\"https:\\\/\\\/lospoliticosveracruz.com\\\/?p=19190#primaryimage\",\"url\":\"http:\\\/\\\/www.lospoliticosveracruz.com.mx\\\/wp-content\\\/uploads\\\/2014\\\/10\\\/Pepe-Yunes4-300x166.jpg\",\"contentUrl\":\"http:\\\/\\\/www.lospoliticosveracruz.com.mx\\\/wp-content\\\/uploads\\\/2014\\\/10\\\/Pepe-Yunes4-300x166.jpg\"},{\"@type\":\"BreadcrumbList\",\"@id\":\"https:\\\/\\\/lospoliticosveracruz.com\\\/?p=19190#breadcrumb\",\"itemListElement\":[{\"@type\":\"ListItem\",\"position\":1,\"name\":\"Portada\",\"item\":\"https:\\\/\\\/lospoliticosveracruz.com\\\/\"},{\"@type\":\"ListItem\",\"position\":2,\"name\":\"\u201cNi voceros ni jefes de prensa tengo\u201d: Pepe Yunes\"}]},{\"@type\":\"WebSite\",\"@id\":\"https:\\\/\\\/lospoliticosveracruz.com\\\/#website\",\"url\":\"https:\\\/\\\/lospoliticosveracruz.com\\\/\",\"name\":\"Los pol\u00edticos Veracruz\",\"description\":\"\",\"publisher\":{\"@id\":\"https:\\\/\\\/lospoliticosveracruz.com\\\/#organization\"},\"potentialAction\":[{\"@type\":\"SearchAction\",\"target\":{\"@type\":\"EntryPoint\",\"urlTemplate\":\"https:\\\/\\\/lospoliticosveracruz.com\\\/?s={search_term_string}\"},\"query-input\":{\"@type\":\"PropertyValueSpecification\",\"valueRequired\":true,\"valueName\":\"search_term_string\"}}],\"inLanguage\":\"es\"},{\"@type\":\"Organization\",\"@id\":\"https:\\\/\\\/lospoliticosveracruz.com\\\/#organization\",\"name\":\"Los pol\u00edticos Veracruz\",\"url\":\"https:\\\/\\\/lospoliticosveracruz.com\\\/\",\"logo\":{\"@type\":\"ImageObject\",\"inLanguage\":\"es\",\"@id\":\"https:\\\/\\\/lospoliticosveracruz.com\\\/#\\\/schema\\\/logo\\\/image\\\/\",\"url\":\"https:\\\/\\\/lospoliticosveracruz.com\\\/wp-content\\\/uploads\\\/2025\\\/12\\\/Logo-Nuevo-LOS-POLITICOS-1.jpg\",\"contentUrl\":\"https:\\\/\\\/lospoliticosveracruz.com\\\/wp-content\\\/uploads\\\/2025\\\/12\\\/Logo-Nuevo-LOS-POLITICOS-1.jpg\",\"width\":260,\"height\":70,\"caption\":\"Los pol\u00edticos Veracruz\"},\"image\":{\"@id\":\"https:\\\/\\\/lospoliticosveracruz.com\\\/#\\\/schema\\\/logo\\\/image\\\/\"},\"sameAs\":[\"https:\\\/\\\/www.facebook.com\\\/people\\\/Notimemes-de-los-Polticos\\\/61565672886568\\\/\",\"https:\\\/\\\/x.com\\\/LosPoliticosVer\"]},{\"@type\":\"Person\",\"@id\":\"https:\\\/\\\/lospoliticosveracruz.com\\\/#\\\/schema\\\/person\\\/b8702bb0e538456e6efd07080bf2a4a2\",\"name\":\"Lo viste en Los Pol\u00edticos\",\"image\":{\"@type\":\"ImageObject\",\"inLanguage\":\"es\",\"@id\":\"https:\\\/\\\/secure.gravatar.com\\\/avatar\\\/3a8de04a2656d44082be478bd6c086daa447c4651605818287b9532d3d0bd435?s=96&d=mm&r=g\",\"url\":\"https:\\\/\\\/secure.gravatar.com\\\/avatar\\\/3a8de04a2656d44082be478bd6c086daa447c4651605818287b9532d3d0bd435?s=96&d=mm&r=g\",\"contentUrl\":\"https:\\\/\\\/secure.gravatar.com\\\/avatar\\\/3a8de04a2656d44082be478bd6c086daa447c4651605818287b9532d3d0bd435?s=96&d=mm&r=g\",\"caption\":\"Lo viste en Los Pol\u00edticos\"},\"url\":\"https:\\\/\\\/lospoliticosveracruz.com\\\/?author=2\"}]}<\/script>\n<!-- \/ Yoast SEO plugin. -->","yoast_head_json":{"title":"\u201cNi voceros ni jefes de prensa tengo\u201d: Pepe Yunes - Los pol\u00edticos Veracruz","robots":{"index":"index","follow":"follow","max-snippet":"max-snippet:-1","max-image-preview":"max-image-preview:large","max-video-preview":"max-video-preview:-1"},"canonical":"https:\/\/lospoliticosveracruz.com\/?p=19190","og_locale":"es_ES","og_type":"article","og_title":"\u201cNi voceros ni jefes de prensa tengo\u201d: Pepe Yunes - Los pol\u00edticos Veracruz","og_description":"Miriam Gracia Maga\u00f1a Pasillos y Antesalas \/\u00a0Ciudad de M\u00e9xico Jos\u00e9 Yunes Zorrilla, asegura que no tiene ni voceros y mucho menos jefes de prensa, refiri\u00e9ndose a algunos columnistas que ponen declaraciones que ni ha hecho ni har\u00eda pues siempre ha sido muy respetuoso de las instituciones. El senador se dice sorprendido de muchos periodistas que [&hellip;]","og_url":"https:\/\/lospoliticosveracruz.com\/?p=19190","og_site_name":"Los pol\u00edticos Veracruz","article_publisher":"https:\/\/www.facebook.com\/people\/Notimemes-de-los-Polticos\/61565672886568\/","article_published_time":"2015-11-19T03:55:49+00:00","og_image":[{"url":"http:\/\/www.lospoliticosveracruz.com.mx\/wp-content\/uploads\/2014\/10\/Pepe-Yunes4-300x166.jpg","type":"","width":"","height":""}],"author":"Lo viste en Los Pol\u00edticos","twitter_card":"summary_large_image","twitter_creator":"@LosPoliticosVer","twitter_site":"@LosPoliticosVer","twitter_misc":{"Escrito por":"Lo viste en Los Pol\u00edticos","Tiempo de lectura":"2 minutos"},"schema":{"@context":"https:\/\/schema.org","@graph":[{"@type":"Article","@id":"https:\/\/lospoliticosveracruz.com\/?p=19190#article","isPartOf":{"@id":"https:\/\/lospoliticosveracruz.com\/?p=19190"},"author":{"name":"Lo viste en Los Pol\u00edticos","@id":"https:\/\/lospoliticosveracruz.com\/#\/schema\/person\/b8702bb0e538456e6efd07080bf2a4a2"},"headline":"\u201cNi voceros ni jefes de prensa tengo\u201d: Pepe Yunes","datePublished":"2015-11-19T03:55:49+00:00","mainEntityOfPage":{"@id":"https:\/\/lospoliticosveracruz.com\/?p=19190"},"wordCount":441,"commentCount":0,"publisher":{"@id":"https:\/\/lospoliticosveracruz.com\/#organization"},"image":{"@id":"https:\/\/lospoliticosveracruz.com\/?p=19190#primaryimage"},"thumbnailUrl":"http:\/\/www.lospoliticosveracruz.com.mx\/wp-content\/uploads\/2014\/10\/Pepe-Yunes4-300x166.jpg","keywords":["Erick Lagos Hern\u00e1ndez","H\u00e9ctor Yunes Landa","Pepe Yunes Zorrilla"],"articleSection":["De Opini\u00f3n"],"inLanguage":"es","potentialAction":[{"@type":"CommentAction","name":"Comment","target":["https:\/\/lospoliticosveracruz.com\/?p=19190#respond"]}]},{"@type":"WebPage","@id":"https:\/\/lospoliticosveracruz.com\/?p=19190","url":"https:\/\/lospoliticosveracruz.com\/?p=19190","name":"\u201cNi voceros ni jefes de prensa tengo\u201d: Pepe Yunes - Los pol\u00edticos Veracruz","isPartOf":{"@id":"https:\/\/lospoliticosveracruz.com\/#website"},"primaryImageOfPage":{"@id":"https:\/\/lospoliticosveracruz.com\/?p=19190#primaryimage"},"image":{"@id":"https:\/\/lospoliticosveracruz.com\/?p=19190#primaryimage"},"thumbnailUrl":"http:\/\/www.lospoliticosveracruz.com.mx\/wp-content\/uploads\/2014\/10\/Pepe-Yunes4-300x166.jpg","datePublished":"2015-11-19T03:55:49+00:00","breadcrumb":{"@id":"https:\/\/lospoliticosveracruz.com\/?p=19190#breadcrumb"},"inLanguage":"es","potentialAction":[{"@type":"ReadAction","target":["https:\/\/lospoliticosveracruz.com\/?p=19190"]}]},{"@type":"ImageObject","inLanguage":"es","@id":"https:\/\/lospoliticosveracruz.com\/?p=19190#primaryimage","url":"http:\/\/www.lospoliticosveracruz.com.mx\/wp-content\/uploads\/2014\/10\/Pepe-Yunes4-300x166.jpg","contentUrl":"http:\/\/www.lospoliticosveracruz.com.mx\/wp-content\/uploads\/2014\/10\/Pepe-Yunes4-300x166.jpg"},{"@type":"BreadcrumbList","@id":"https:\/\/lospoliticosveracruz.com\/?p=19190#breadcrumb","itemListElement":[{"@type":"ListItem","position":1,"name":"Portada","item":"https:\/\/lospoliticosveracruz.com\/"},{"@type":"ListItem","position":2,"name":"\u201cNi voceros ni jefes de prensa tengo\u201d: Pepe Yunes"}]},{"@type":"WebSite","@id":"https:\/\/lospoliticosveracruz.com\/#website","url":"https:\/\/lospoliticosveracruz.com\/","name":"Los pol\u00edticos Veracruz","description":"","publisher":{"@id":"https:\/\/lospoliticosveracruz.com\/#organization"},"potentialAction":[{"@type":"SearchAction","target":{"@type":"EntryPoint","urlTemplate":"https:\/\/lospoliticosveracruz.com\/?s={search_term_string}"},"query-input":{"@type":"PropertyValueSpecification","valueRequired":true,"valueName":"search_term_string"}}],"inLanguage":"es"},{"@type":"Organization","@id":"https:\/\/lospoliticosveracruz.com\/#organization","name":"Los pol\u00edticos Veracruz","url":"https:\/\/lospoliticosveracruz.com\/","logo":{"@type":"ImageObject","inLanguage":"es","@id":"https:\/\/lospoliticosveracruz.com\/#\/schema\/logo\/image\/","url":"https:\/\/lospoliticosveracruz.com\/wp-content\/uploads\/2025\/12\/Logo-Nuevo-LOS-POLITICOS-1.jpg","contentUrl":"https:\/\/lospoliticosveracruz.com\/wp-content\/uploads\/2025\/12\/Logo-Nuevo-LOS-POLITICOS-1.jpg","width":260,"height":70,"caption":"Los pol\u00edticos Veracruz"},"image":{"@id":"https:\/\/lospoliticosveracruz.com\/#\/schema\/logo\/image\/"},"sameAs":["https:\/\/www.facebook.com\/people\/Notimemes-de-los-Polticos\/61565672886568\/","https:\/\/x.com\/LosPoliticosVer"]},{"@type":"Person","@id":"https:\/\/lospoliticosveracruz.com\/#\/schema\/person\/b8702bb0e538456e6efd07080bf2a4a2","name":"Lo viste en Los Pol\u00edticos","image":{"@type":"ImageObject","inLanguage":"es","@id":"https:\/\/secure.gravatar.com\/avatar\/3a8de04a2656d44082be478bd6c086daa447c4651605818287b9532d3d0bd435?s=96&d=mm&r=g","url":"https:\/\/secure.gravatar.com\/avatar\/3a8de04a2656d44082be478bd6c086daa447c4651605818287b9532d3d0bd435?s=96&d=mm&r=g","contentUrl":"https:\/\/secure.gravatar.com\/avatar\/3a8de04a2656d44082be478bd6c086daa447c4651605818287b9532d3d0bd435?s=96&d=mm&r=g","caption":"Lo viste en Los Pol\u00edticos"},"url":"https:\/\/lospoliticosveracruz.com\/?author=2"}]}},"_links":{"self":[{"href":"https:\/\/lospoliticosveracruz.com\/index.php?rest_route=\/wp\/v2\/posts\/19190","targetHints":{"allow":["GET"]}}],"collection":[{"href":"https:\/\/lospoliticosveracruz.com\/index.php?rest_route=\/wp\/v2\/posts"}],"about":[{"href":"https:\/\/lospoliticosveracruz.com\/index.php?rest_route=\/wp\/v2\/types\/post"}],"author":[{"embeddable":true,"href":"https:\/\/lospoliticosveracruz.com\/index.php?rest_route=\/wp\/v2\/users\/2"}],"replies":[{"embeddable":true,"href":"https:\/\/lospoliticosveracruz.com\/index.php?rest_route=%2Fwp%2Fv2%2Fcomments&post=19190"}],"version-history":[{"count":1,"href":"https:\/\/lospoliticosveracruz.com\/index.php?rest_route=\/wp\/v2\/posts\/19190\/revisions"}],"predecessor-version":[{"id":19191,"href":"https:\/\/lospoliticosveracruz.com\/index.php?rest_route=\/wp\/v2\/posts\/19190\/revisions\/19191"}],"wp:attachment":[{"href":"https:\/\/lospoliticosveracruz.com\/index.php?rest_route=%2Fwp%2Fv2%2Fmedia&parent=19190"}],"wp:term":[{"taxonomy":"category","embeddable":true,"href":"https:\/\/lospoliticosveracruz.com\/index.php?rest_route=%2Fwp%2Fv2%2Fcategories&post=19190"},{"taxonomy":"post_tag","embeddable":true,"href":"https:\/\/lospoliticosveracruz.com\/index.php?rest_route=%2Fwp%2Fv2%2Ftags&post=19190"}],"curies":[{"name":"wp","href":"https:\/\/api.w.org\/{rel}","templated":true}]}}