{"id":19205,"date":"2015-11-19T13:18:40","date_gmt":"2015-11-19T19:18:40","guid":{"rendered":"http:\/\/www.lospoliticosveracruz.com.mx\/?p=19205"},"modified":"2015-11-19T13:18:40","modified_gmt":"2015-11-19T19:18:40","slug":"los-angelitos-sagrados-de-maria-sabina","status":"publish","type":"post","link":"https:\/\/lospoliticosveracruz.com\/?p=19205","title":{"rendered":"Los \u201cangelitos\u201d sagrados de Mar\u00eda Sabina"},"content":{"rendered":"<p><a href=\"http:\/\/www.lospoliticosveracruz.com.mx\/wp-content\/uploads\/2015\/11\/Mar\u00eda-Sabina.jpg\"><img loading=\"lazy\" decoding=\"async\" class=\"alignnone size-medium wp-image-19207\" src=\"http:\/\/www.lospoliticosveracruz.com.mx\/wp-content\/uploads\/2015\/11\/Mar\u00eda-Sabina-300x195.jpg\" alt=\"Mar\u00eda Sabina\" width=\"300\" height=\"195\" \/><\/a><\/p>\n<p><strong>Gustavo Avila Maldonado<\/strong><\/p>\n<p><em>Ruizcortinadas<\/em><br \/>\n\u201cEn cierto tiempo vinieron a verme muchos j\u00f3venes de uno y otro sexo, de todos los lugares, del norte y del sur. Llegaron a verme estos j\u00f3venes con largas cabelleras, con vestiduras de colores y flores que siempre llevaban, muchos con collares de ellas que me regalaban, vinieron muchos: -Venimos a buscar a Dios- dec\u00edan. Para m\u00ed era dif\u00edcil explicarles que las veladas no se hac\u00edan con el \u00fanico fin de encontrar a Dios, sino que se hac\u00edan primero con el prop\u00f3sito \u00fanico de curar enfermedades, de ayudar a quien necesitaba ayuda real\u201d.<br \/>\n\u00bfSaben qui\u00e9n dijo lo anterior? Los que tienen cierta edad lo podr\u00edan adivinar. Se trata de Mar\u00eda Sabina Magdalena Garc\u00eda, quien curiosamente naci\u00f3 un d\u00eda 22 de julio 1894 y muri\u00f3 otro d\u00eda 22, pero de noviembre de 1985. Sin siquiera propon\u00e9rselo, Mar\u00eda Sabina se convirti\u00f3 en una celebridad nacional e internacional, debido a su extenso conocimiento en el uso ceremonial y curativo de los hongos alucin\u00f3genos que usualmente crecen en su tierra, Huautla de Jim\u00e9nez, peque\u00f1o poblado ubicado en la Sierra Mazateca de Oaxaca.<br \/>\nCuando sal\u00ed de la prepa, unos amigos y yo organizamos una excursi\u00f3n para ir a buscarla, era la \u00e9poca en que busc\u00e1bamos nuevas experiencias, en Oaxaca encontramos a un gu\u00eda que nos llevar\u00e1 hasta donde viv\u00eda la chamana, caminamos cerca de dos d\u00edas por caminos en la sierra que solo \u00e9l conoc\u00eda y por fin llegamos al anochecer a Huautla, ah\u00ed nos quedamos esa noche, pues Sabina ten\u00eda mucha gente gente que atender, sobre todo extranjeros; cenamos unos huevos con frijoles de la olla, los m\u00e1s sabrosos que recuerdo, o ser\u00eda \u00e9l hambre que le da un sabor especial a todos los alimentos, al otro d\u00eda fuimos al r\u00edo a ba\u00f1arnos y por la tarde nos recibi\u00f3 Sabina en su choza con piso de tierra, una mujer chaparrita, de pelo cano y con arrugas por todos lados, pero impresionante, vest\u00eda un huipil limp\u00edsimo bordado con flores rojas, nos pregunt\u00f3 si alguien estaba enfermo y le dijimos que nada m\u00e1s quer\u00edamos hongos o peyote, todos escogieron los hongos, yo me abstuve, pues en aquel tiempo, aunque usaba el pelo largo, era muy fresa. Mis amigos se pusieron muy nerviosos y luego muy locos. Nunca supe si la euforia fue aut\u00e9ntica o fingida. Despu\u00e9s me arrepent\u00ed de no haber probado los hongos pues para haber caminado tanto para unos pinches huevos con frijoles mejor me hubiera quedado en casa.<br \/>\nMar\u00eda Sabina fue conocida como una mujer sabia en todo el mundo, y se convirti\u00f3 en un icono para muchos j\u00f3venes y celebridades, ya que fue visitada por los Beatles, Bob Dylan, los Rolling Stones, Aldous Huxley y hasta Walt Disney. Pero antes que nada, fue una curandera, cham\u00e1n o Chjota Chjine (la que sabe), por sus conocimientos, basados principalmente en su interacci\u00f3n con los hongos sagrados, los \u201cDerrumbe\u201d, \u201cSan Isidro\u201d y \u201cPajarito\u201d, a los cuales ella los llamaba cari\u00f1osamente \u201cangelitos\u201d o \u201cni\u00f1itos\u201d.<br \/>\nSin embargo, no naci\u00f3 con ese don, m\u00e1s bien lo busc\u00f3, lo arrebat\u00f3 a los Seres Principales, ante una imperiosa necesidad: \u201cVarios a\u00f1os, no s\u00e9 cu\u00e1ntos, mi hermana Mar\u00eda Ana se enferm\u00f3. Sent\u00eda dolores en el vientre que hac\u00edan que se doblara y gimiera de dolor. Cada vez, yo la ve\u00eda m\u00e1s grave. Llam\u00e9 a varios curanderos, pero fue in\u00fatil, ellos no pod\u00edan curar a mi hermana. Vi\u00e9ndola as\u00ed tendida, la imagin\u00e9 muerta. No, eso no deb\u00eda ser. Ella no deb\u00eda morir. Yo sab\u00eda que los angelitos ten\u00edan el poder. Yo los hab\u00eda comido de ni\u00f1a y recordaba que no hac\u00edan mal. Yo sab\u00eda que nuestra gente los com\u00eda para sanar sus enfermedades. Entonces, decid\u00ed: en esa misma noche yo tomar\u00eda los hongos santos. As\u00ed lo hice. A ella le di tres pares. Yo com\u00ed muchos, para que me dieran poder inmenso. No puedo mentir: habr\u00e9 comido treinta pares de \u00abderrumbe\u00bb. Cuando los angelitos estaban trabajando dentro de mi cuerpo, rec\u00e9 y le ped\u00ed a Dios que me ayudara a curar a Mar\u00eda Ana. Me acerqu\u00e9 a la enferma. Los angelitos guiaron mis manos para apretarle las caderas. Suavemente le fui dando masaje donde ella dec\u00eda que le dol\u00eda. Yo le hablaba y comenc\u00e9 a cantarle; sent\u00ed que hablaba cada vez con mayor facilidad y sent\u00ed que le cantaba bonito. Dec\u00eda lo que los angelitos me obligaban a decir. Segu\u00ed apretando a mi hermana, en su vientre y en sus caderas; finalmente le sobrevino mucha sangre. Agua y sangre como si estuviese pariendo. Nunca me asust\u00e9 porque sab\u00eda que Dios la estaba curando a trav\u00e9s de m\u00ed. Los angelitos aconsejaban y yo ejecutaba. Atend\u00ed a mi hermana hasta que la sangre dej\u00f3 de salir. Luego dej\u00f3 de gemir y durmi\u00f3\u201d.<br \/>\nNadie mejor que Elena Poniatowska para describir un poco a la \u201csacerdotisa de los hongos\u201d: \u201ccuando Mar\u00eda Sabina oficia el rito de los hongos alucinantes all\u00e1 en la monta\u00f1a de Huautla de Jim\u00e9nez, dice una letan\u00eda. Es un canto antiguo que parece venir del centro de la tierra, parece venir desde el fondo de las edades como si fuera de fuego y aire, como si fuera la tierra la que hablara y no esta mujer peque\u00f1\u00edsima. Mar\u00eda Sabina es la diosa de un oficio muy antiguo y muy secreto, el del conocimiento de s\u00ed mismo, el principio del arte\u201d.<br \/>\nSe dice que Mar\u00eda Sabina se fue de este mundo seg\u00fan los usos y costumbres: le torcieron el pescuezo a un gallo que deb\u00eda morir junto a su cad\u00e1ver. Y vino el velorio, donde los familiares colocaron jarritos de agua junto a su cabeza sin vida. Es el agua que deb\u00eda acompa\u00f1arla en su viaje al m\u00e1s all\u00e1. Dentro de su ata\u00fad pusieron siete semillas de calabaza, quintoniles y fruta en abundancia, todo junto en una bolsa de trapo: para que no la molestara el hambre en su viaje devolvi\u00e9ndose a la distancia. Las mujeres que asistieron al velorio hicieron tezmole con la carne del gallo sacrificado: el tezmole s\u00f3lo lo comieron el rezandero y las personas que cavaron su fosa en el Cerro de la Adoraci\u00f3n. Las otras madres de la Hermandad encendieron velas sagradas en su honor, la vistieron con un huipil limpio y su mejor rebozo. Entre sus manos colocaron una cruz tejida de palma bendita. Y, tal como se esperaba, el canto del gallo se escuch\u00f3 cuatro d\u00edas despu\u00e9s que fue enterrada. Y todos supieron que el esp\u00edritu del gallo acompa\u00f1ar\u00eda al esp\u00edritu de Mar\u00eda Sabina, que entonces despert\u00f3 y se fue para siempre al Ampadad, el lugar de sus mayores, all\u00e1 donde las flores. Yo la recuerdo a\u00fan&#8230;<\/p>\n","protected":false},"excerpt":{"rendered":"<p>Gustavo Avila Maldonado Ruizcortinadas \u201cEn cierto tiempo vinieron a verme muchos j\u00f3venes de uno y otro sexo, de todos los lugares, del norte y del sur. Llegaron a verme estos j\u00f3venes con largas cabelleras, con vestiduras de colores y flores que siempre llevaban, muchos con collares de ellas que me regalaban, vinieron muchos: -Venimos a [&hellip;]<\/p>\n","protected":false},"author":2,"featured_media":0,"comment_status":"open","ping_status":"open","sticky":false,"template":"","format":"standard","meta":{"tdm_status":"","tdm_grid_status":"","footnotes":""},"categories":[75],"tags":[4137,4138,4136,1215,4139],"class_list":{"0":"post-19205","1":"post","2":"type-post","3":"status-publish","4":"format-standard","6":"category-cine-libros-y-mas","7":"tag-hongos-alucinogenos","8":"tag-huautla-de-jimenez","9":"tag-maria-sabina","10":"tag-oaxaca","11":"tag-peyote"},"yoast_head":"<!-- This site is optimized with the Yoast SEO plugin v27.4 - https:\/\/yoast.com\/product\/yoast-seo-wordpress\/ -->\n<title>Los \u201cangelitos\u201d sagrados de Mar\u00eda Sabina - Los pol\u00edticos Veracruz<\/title>\n<meta name=\"robots\" content=\"index, follow, max-snippet:-1, max-image-preview:large, max-video-preview:-1\" \/>\n<link rel=\"canonical\" href=\"https:\/\/lospoliticosveracruz.com\/?p=19205\" \/>\n<meta property=\"og:locale\" content=\"es_ES\" \/>\n<meta property=\"og:type\" content=\"article\" \/>\n<meta property=\"og:title\" content=\"Los \u201cangelitos\u201d sagrados de Mar\u00eda Sabina - Los pol\u00edticos Veracruz\" \/>\n<meta property=\"og:description\" content=\"Gustavo Avila Maldonado Ruizcortinadas \u201cEn cierto tiempo vinieron a verme muchos j\u00f3venes de uno y otro sexo, de todos los lugares, del norte y del sur. Llegaron a verme estos j\u00f3venes con largas cabelleras, con vestiduras de colores y flores que siempre llevaban, muchos con collares de ellas que me regalaban, vinieron muchos: -Venimos a [&hellip;]\" \/>\n<meta property=\"og:url\" content=\"https:\/\/lospoliticosveracruz.com\/?p=19205\" \/>\n<meta property=\"og:site_name\" content=\"Los pol\u00edticos Veracruz\" \/>\n<meta property=\"article:publisher\" content=\"https:\/\/www.facebook.com\/people\/Notimemes-de-los-Polticos\/61565672886568\/\" \/>\n<meta property=\"article:published_time\" content=\"2015-11-19T19:18:40+00:00\" \/>\n<meta property=\"og:image\" content=\"https:\/\/lospoliticosveracruz.com\/wp-content\/uploads\/2016\/07\/Logo-Dor.jpg\" \/>\n\t<meta property=\"og:image:width\" content=\"200\" \/>\n\t<meta property=\"og:image:height\" content=\"200\" \/>\n\t<meta property=\"og:image:type\" content=\"image\/jpeg\" \/>\n<meta name=\"author\" content=\"Lo viste en Los Pol\u00edticos\" \/>\n<meta name=\"twitter:card\" content=\"summary_large_image\" \/>\n<meta name=\"twitter:creator\" content=\"@LosPoliticosVer\" \/>\n<meta name=\"twitter:site\" content=\"@LosPoliticosVer\" \/>\n<meta name=\"twitter:label1\" content=\"Escrito por\" \/>\n\t<meta name=\"twitter:data1\" content=\"Lo viste en Los Pol\u00edticos\" \/>\n\t<meta name=\"twitter:label2\" content=\"Tiempo de lectura\" \/>\n\t<meta name=\"twitter:data2\" content=\"6 minutos\" \/>\n<script type=\"application\/ld+json\" class=\"yoast-schema-graph\">{\"@context\":\"https:\\\/\\\/schema.org\",\"@graph\":[{\"@type\":\"Article\",\"@id\":\"https:\\\/\\\/lospoliticosveracruz.com\\\/?p=19205#article\",\"isPartOf\":{\"@id\":\"https:\\\/\\\/lospoliticosveracruz.com\\\/?p=19205\"},\"author\":{\"name\":\"Lo viste en Los Pol\u00edticos\",\"@id\":\"https:\\\/\\\/lospoliticosveracruz.com\\\/#\\\/schema\\\/person\\\/b8702bb0e538456e6efd07080bf2a4a2\"},\"headline\":\"Los \u201cangelitos\u201d sagrados de Mar\u00eda Sabina\",\"datePublished\":\"2015-11-19T19:18:40+00:00\",\"mainEntityOfPage\":{\"@id\":\"https:\\\/\\\/lospoliticosveracruz.com\\\/?p=19205\"},\"wordCount\":1191,\"commentCount\":0,\"publisher\":{\"@id\":\"https:\\\/\\\/lospoliticosveracruz.com\\\/#organization\"},\"keywords\":[\"hongos alucin\u00f3genos\",\"Huautla de Jim\u00e9nez\",\"Mar\u00eda Sabina\",\"Oaxaca\",\"peyote\"],\"articleSection\":[\"Cine, Libros y m\u00e1s\"],\"inLanguage\":\"es\",\"potentialAction\":[{\"@type\":\"CommentAction\",\"name\":\"Comment\",\"target\":[\"https:\\\/\\\/lospoliticosveracruz.com\\\/?p=19205#respond\"]}]},{\"@type\":\"WebPage\",\"@id\":\"https:\\\/\\\/lospoliticosveracruz.com\\\/?p=19205\",\"url\":\"https:\\\/\\\/lospoliticosveracruz.com\\\/?p=19205\",\"name\":\"Los \u201cangelitos\u201d sagrados de Mar\u00eda Sabina - Los pol\u00edticos Veracruz\",\"isPartOf\":{\"@id\":\"https:\\\/\\\/lospoliticosveracruz.com\\\/#website\"},\"datePublished\":\"2015-11-19T19:18:40+00:00\",\"breadcrumb\":{\"@id\":\"https:\\\/\\\/lospoliticosveracruz.com\\\/?p=19205#breadcrumb\"},\"inLanguage\":\"es\",\"potentialAction\":[{\"@type\":\"ReadAction\",\"target\":[\"https:\\\/\\\/lospoliticosveracruz.com\\\/?p=19205\"]}]},{\"@type\":\"BreadcrumbList\",\"@id\":\"https:\\\/\\\/lospoliticosveracruz.com\\\/?p=19205#breadcrumb\",\"itemListElement\":[{\"@type\":\"ListItem\",\"position\":1,\"name\":\"Portada\",\"item\":\"https:\\\/\\\/lospoliticosveracruz.com\\\/\"},{\"@type\":\"ListItem\",\"position\":2,\"name\":\"Los \u201cangelitos\u201d sagrados de Mar\u00eda Sabina\"}]},{\"@type\":\"WebSite\",\"@id\":\"https:\\\/\\\/lospoliticosveracruz.com\\\/#website\",\"url\":\"https:\\\/\\\/lospoliticosveracruz.com\\\/\",\"name\":\"Los pol\u00edticos Veracruz\",\"description\":\"\",\"publisher\":{\"@id\":\"https:\\\/\\\/lospoliticosveracruz.com\\\/#organization\"},\"potentialAction\":[{\"@type\":\"SearchAction\",\"target\":{\"@type\":\"EntryPoint\",\"urlTemplate\":\"https:\\\/\\\/lospoliticosveracruz.com\\\/?s={search_term_string}\"},\"query-input\":{\"@type\":\"PropertyValueSpecification\",\"valueRequired\":true,\"valueName\":\"search_term_string\"}}],\"inLanguage\":\"es\"},{\"@type\":\"Organization\",\"@id\":\"https:\\\/\\\/lospoliticosveracruz.com\\\/#organization\",\"name\":\"Los pol\u00edticos Veracruz\",\"url\":\"https:\\\/\\\/lospoliticosveracruz.com\\\/\",\"logo\":{\"@type\":\"ImageObject\",\"inLanguage\":\"es\",\"@id\":\"https:\\\/\\\/lospoliticosveracruz.com\\\/#\\\/schema\\\/logo\\\/image\\\/\",\"url\":\"https:\\\/\\\/lospoliticosveracruz.com\\\/wp-content\\\/uploads\\\/2025\\\/12\\\/Logo-Nuevo-LOS-POLITICOS-1.jpg\",\"contentUrl\":\"https:\\\/\\\/lospoliticosveracruz.com\\\/wp-content\\\/uploads\\\/2025\\\/12\\\/Logo-Nuevo-LOS-POLITICOS-1.jpg\",\"width\":260,\"height\":70,\"caption\":\"Los pol\u00edticos Veracruz\"},\"image\":{\"@id\":\"https:\\\/\\\/lospoliticosveracruz.com\\\/#\\\/schema\\\/logo\\\/image\\\/\"},\"sameAs\":[\"https:\\\/\\\/www.facebook.com\\\/people\\\/Notimemes-de-los-Polticos\\\/61565672886568\\\/\",\"https:\\\/\\\/x.com\\\/LosPoliticosVer\"]},{\"@type\":\"Person\",\"@id\":\"https:\\\/\\\/lospoliticosveracruz.com\\\/#\\\/schema\\\/person\\\/b8702bb0e538456e6efd07080bf2a4a2\",\"name\":\"Lo viste en Los Pol\u00edticos\",\"image\":{\"@type\":\"ImageObject\",\"inLanguage\":\"es\",\"@id\":\"https:\\\/\\\/secure.gravatar.com\\\/avatar\\\/3a8de04a2656d44082be478bd6c086daa447c4651605818287b9532d3d0bd435?s=96&d=mm&r=g\",\"url\":\"https:\\\/\\\/secure.gravatar.com\\\/avatar\\\/3a8de04a2656d44082be478bd6c086daa447c4651605818287b9532d3d0bd435?s=96&d=mm&r=g\",\"contentUrl\":\"https:\\\/\\\/secure.gravatar.com\\\/avatar\\\/3a8de04a2656d44082be478bd6c086daa447c4651605818287b9532d3d0bd435?s=96&d=mm&r=g\",\"caption\":\"Lo viste en Los Pol\u00edticos\"},\"url\":\"https:\\\/\\\/lospoliticosveracruz.com\\\/?author=2\"}]}<\/script>\n<!-- \/ Yoast SEO plugin. -->","yoast_head_json":{"title":"Los \u201cangelitos\u201d sagrados de Mar\u00eda Sabina - Los pol\u00edticos Veracruz","robots":{"index":"index","follow":"follow","max-snippet":"max-snippet:-1","max-image-preview":"max-image-preview:large","max-video-preview":"max-video-preview:-1"},"canonical":"https:\/\/lospoliticosveracruz.com\/?p=19205","og_locale":"es_ES","og_type":"article","og_title":"Los \u201cangelitos\u201d sagrados de Mar\u00eda Sabina - Los pol\u00edticos Veracruz","og_description":"Gustavo Avila Maldonado Ruizcortinadas \u201cEn cierto tiempo vinieron a verme muchos j\u00f3venes de uno y otro sexo, de todos los lugares, del norte y del sur. Llegaron a verme estos j\u00f3venes con largas cabelleras, con vestiduras de colores y flores que siempre llevaban, muchos con collares de ellas que me regalaban, vinieron muchos: -Venimos a [&hellip;]","og_url":"https:\/\/lospoliticosveracruz.com\/?p=19205","og_site_name":"Los pol\u00edticos Veracruz","article_publisher":"https:\/\/www.facebook.com\/people\/Notimemes-de-los-Polticos\/61565672886568\/","article_published_time":"2015-11-19T19:18:40+00:00","og_image":[{"width":200,"height":200,"url":"https:\/\/lospoliticosveracruz.com\/wp-content\/uploads\/2016\/07\/Logo-Dor.jpg","type":"image\/jpeg"}],"author":"Lo viste en Los Pol\u00edticos","twitter_card":"summary_large_image","twitter_creator":"@LosPoliticosVer","twitter_site":"@LosPoliticosVer","twitter_misc":{"Escrito por":"Lo viste en Los Pol\u00edticos","Tiempo de lectura":"6 minutos"},"schema":{"@context":"https:\/\/schema.org","@graph":[{"@type":"Article","@id":"https:\/\/lospoliticosveracruz.com\/?p=19205#article","isPartOf":{"@id":"https:\/\/lospoliticosveracruz.com\/?p=19205"},"author":{"name":"Lo viste en Los Pol\u00edticos","@id":"https:\/\/lospoliticosveracruz.com\/#\/schema\/person\/b8702bb0e538456e6efd07080bf2a4a2"},"headline":"Los \u201cangelitos\u201d sagrados de Mar\u00eda Sabina","datePublished":"2015-11-19T19:18:40+00:00","mainEntityOfPage":{"@id":"https:\/\/lospoliticosveracruz.com\/?p=19205"},"wordCount":1191,"commentCount":0,"publisher":{"@id":"https:\/\/lospoliticosveracruz.com\/#organization"},"keywords":["hongos alucin\u00f3genos","Huautla de Jim\u00e9nez","Mar\u00eda Sabina","Oaxaca","peyote"],"articleSection":["Cine, Libros y m\u00e1s"],"inLanguage":"es","potentialAction":[{"@type":"CommentAction","name":"Comment","target":["https:\/\/lospoliticosveracruz.com\/?p=19205#respond"]}]},{"@type":"WebPage","@id":"https:\/\/lospoliticosveracruz.com\/?p=19205","url":"https:\/\/lospoliticosveracruz.com\/?p=19205","name":"Los \u201cangelitos\u201d sagrados de Mar\u00eda Sabina - Los pol\u00edticos Veracruz","isPartOf":{"@id":"https:\/\/lospoliticosveracruz.com\/#website"},"datePublished":"2015-11-19T19:18:40+00:00","breadcrumb":{"@id":"https:\/\/lospoliticosveracruz.com\/?p=19205#breadcrumb"},"inLanguage":"es","potentialAction":[{"@type":"ReadAction","target":["https:\/\/lospoliticosveracruz.com\/?p=19205"]}]},{"@type":"BreadcrumbList","@id":"https:\/\/lospoliticosveracruz.com\/?p=19205#breadcrumb","itemListElement":[{"@type":"ListItem","position":1,"name":"Portada","item":"https:\/\/lospoliticosveracruz.com\/"},{"@type":"ListItem","position":2,"name":"Los \u201cangelitos\u201d sagrados de Mar\u00eda Sabina"}]},{"@type":"WebSite","@id":"https:\/\/lospoliticosveracruz.com\/#website","url":"https:\/\/lospoliticosveracruz.com\/","name":"Los pol\u00edticos Veracruz","description":"","publisher":{"@id":"https:\/\/lospoliticosveracruz.com\/#organization"},"potentialAction":[{"@type":"SearchAction","target":{"@type":"EntryPoint","urlTemplate":"https:\/\/lospoliticosveracruz.com\/?s={search_term_string}"},"query-input":{"@type":"PropertyValueSpecification","valueRequired":true,"valueName":"search_term_string"}}],"inLanguage":"es"},{"@type":"Organization","@id":"https:\/\/lospoliticosveracruz.com\/#organization","name":"Los pol\u00edticos Veracruz","url":"https:\/\/lospoliticosveracruz.com\/","logo":{"@type":"ImageObject","inLanguage":"es","@id":"https:\/\/lospoliticosveracruz.com\/#\/schema\/logo\/image\/","url":"https:\/\/lospoliticosveracruz.com\/wp-content\/uploads\/2025\/12\/Logo-Nuevo-LOS-POLITICOS-1.jpg","contentUrl":"https:\/\/lospoliticosveracruz.com\/wp-content\/uploads\/2025\/12\/Logo-Nuevo-LOS-POLITICOS-1.jpg","width":260,"height":70,"caption":"Los pol\u00edticos Veracruz"},"image":{"@id":"https:\/\/lospoliticosveracruz.com\/#\/schema\/logo\/image\/"},"sameAs":["https:\/\/www.facebook.com\/people\/Notimemes-de-los-Polticos\/61565672886568\/","https:\/\/x.com\/LosPoliticosVer"]},{"@type":"Person","@id":"https:\/\/lospoliticosveracruz.com\/#\/schema\/person\/b8702bb0e538456e6efd07080bf2a4a2","name":"Lo viste en Los Pol\u00edticos","image":{"@type":"ImageObject","inLanguage":"es","@id":"https:\/\/secure.gravatar.com\/avatar\/3a8de04a2656d44082be478bd6c086daa447c4651605818287b9532d3d0bd435?s=96&d=mm&r=g","url":"https:\/\/secure.gravatar.com\/avatar\/3a8de04a2656d44082be478bd6c086daa447c4651605818287b9532d3d0bd435?s=96&d=mm&r=g","contentUrl":"https:\/\/secure.gravatar.com\/avatar\/3a8de04a2656d44082be478bd6c086daa447c4651605818287b9532d3d0bd435?s=96&d=mm&r=g","caption":"Lo viste en Los Pol\u00edticos"},"url":"https:\/\/lospoliticosveracruz.com\/?author=2"}]}},"_links":{"self":[{"href":"https:\/\/lospoliticosveracruz.com\/index.php?rest_route=\/wp\/v2\/posts\/19205","targetHints":{"allow":["GET"]}}],"collection":[{"href":"https:\/\/lospoliticosveracruz.com\/index.php?rest_route=\/wp\/v2\/posts"}],"about":[{"href":"https:\/\/lospoliticosveracruz.com\/index.php?rest_route=\/wp\/v2\/types\/post"}],"author":[{"embeddable":true,"href":"https:\/\/lospoliticosveracruz.com\/index.php?rest_route=\/wp\/v2\/users\/2"}],"replies":[{"embeddable":true,"href":"https:\/\/lospoliticosveracruz.com\/index.php?rest_route=%2Fwp%2Fv2%2Fcomments&post=19205"}],"version-history":[{"count":1,"href":"https:\/\/lospoliticosveracruz.com\/index.php?rest_route=\/wp\/v2\/posts\/19205\/revisions"}],"predecessor-version":[{"id":19208,"href":"https:\/\/lospoliticosveracruz.com\/index.php?rest_route=\/wp\/v2\/posts\/19205\/revisions\/19208"}],"wp:attachment":[{"href":"https:\/\/lospoliticosveracruz.com\/index.php?rest_route=%2Fwp%2Fv2%2Fmedia&parent=19205"}],"wp:term":[{"taxonomy":"category","embeddable":true,"href":"https:\/\/lospoliticosveracruz.com\/index.php?rest_route=%2Fwp%2Fv2%2Fcategories&post=19205"},{"taxonomy":"post_tag","embeddable":true,"href":"https:\/\/lospoliticosveracruz.com\/index.php?rest_route=%2Fwp%2Fv2%2Ftags&post=19205"}],"curies":[{"name":"wp","href":"https:\/\/api.w.org\/{rel}","templated":true}]}}