{"id":19224,"date":"2015-11-20T08:09:35","date_gmt":"2015-11-20T14:09:35","guid":{"rendered":"http:\/\/www.lospoliticosveracruz.com.mx\/?p=19224"},"modified":"2015-11-20T08:09:35","modified_gmt":"2015-11-20T14:09:35","slug":"el-ladron-y-el-roba-carteras","status":"publish","type":"post","link":"https:\/\/lospoliticosveracruz.com\/?p=19224","title":{"rendered":"\u201cEl ladr\u00f3n\u201d y el roba-carteras"},"content":{"rendered":"<p><a href=\"http:\/\/www.lospoliticosveracruz.com.mx\/wp-content\/uploads\/2015\/11\/Cuitl\u00e1huac-y-Peje.jpg\"><img loading=\"lazy\" decoding=\"async\" class=\"alignnone size-medium wp-image-19225\" src=\"http:\/\/www.lospoliticosveracruz.com.mx\/wp-content\/uploads\/2015\/11\/Cuitl\u00e1huac-y-Peje-300x220.jpg\" alt=\"Cuitl\u00e1huac y Peje\" width=\"300\" height=\"220\" \/><\/a><\/p>\n<p><strong>Jos\u00e9 Ortiz Medina<\/strong><\/p>\n<p><em>En Corto&#8230; sin Cortes<\/em><\/p>\n<p>El que anduvo por la zona norte del estado fue el l\u00edder del Movimiento de Regeneraci\u00f3n Nacional (Morena), Andr\u00e9s Manuel L\u00f3pez Obrador, quien reiter\u00f3 sus cr\u00edticas a las alianzas entre PAN y PRD, y lament\u00f3 los altos \u00edndices de desempleo e inseguridad del estado, donde \u201cel pueblo es mucho para tan pocos pol\u00edticos\u201d. El \u201cPeje\u201d estuvo en Coatzintla, Castillo de Teayo, Cazones de Herrera y Tihuatl\u00e1n, donde se dio tiempo de descalificar al aspirante panista a la gubernatura Miguel \u00c1ngel Yunes Linares, a quien llam\u00f3 \u201cladr\u00f3n\u201d, as\u00ed como al ex gobernador Fidel Herrera Beltr\u00e1n. \u201cFidel Herrera fue premiado, pero ahora que se cuiden los espa\u00f1oles, porque en las reuniones en donde est\u00e9 pueden hasta perder la cartera\u201d, se\u00f1al\u00f3 con sorna. Y para quien a\u00fan no lo quiere ver, L\u00f3pez Obrador se hizo acompa\u00f1ar en esta gira por el diputado federal por Xalapa urbano Cuitl\u00e1huac Garc\u00eda, su \u201cgallo\u201d para la candidatura de Morena a la gubernatura. As\u00ed que quienes a\u00fan guardaban esperanzas de incluir a Morena en una alianza opositora, pueden ir despidi\u00e9ndose de la idea.<\/p>\n<p>ESTE VIERNES estar\u00e1 en Xalapa Mar\u00eda de los \u00c1ngeles Fromow Rangel, secretaria t\u00e9cnica del Consejo de Coordinaci\u00f3n para la Implementaci\u00f3n del Sistema de Justicia Penal. Fromow Rangel es una especialista en Derecho; cuenta con estudios de Maestr\u00eda en Tributaci\u00f3n Fiscal por el Centro de Estudios Financieros de Madrid y doctorado en Derecho Administrativo por la Complutense. Fue titular de la Fiscal\u00eda Especializada en Delitos Electorales de la Procuradur\u00eda General de la Rep\u00fablica y actualmente es responsable de la implementaci\u00f3n del nuevo Sistema de Justicia Penal. Estar\u00e1 en Xalapa para participar en el Foro Iberoamericano de Defensor\u00edas Sociales, que organiza la Casa de Cultura Jur\u00eddica \u201cMinistro Mario Guillermo Rebolledo Fern\u00e1ndez\u201d, que se ubica en la avenida L\u00e1zaro C\u00e1rdenas de la capital veracruzana.<br \/>\nEl foro citado, por cierto, se lleva a efecto del 18 al 21 del presente mes y cuenta con la participaci\u00f3n de representantes de Bolivia, Costa Rica, Ecuador, Honduras, Paraguay, Per\u00fa y M\u00e9xico.<\/p>\n<p>EL COLEGIO DE Veracruz inaugur\u00f3 el primer Ciclo de Cr\u00f3nicas de Veracruz, que lleva el nombre del notable cronista de la ciudad de Xalapa, Jos\u00e9 Zayd\u00e9n Dom\u00ednguez. Bajo la premisa de que \u201cno se puede querer lo que no se conoce\u201d, el Colver, bajo la direcci\u00f3n de Eugenio V\u00e1squez, encabeza este gran esfuerzo de recrear la historia de los pueblos de Veracruz. Las cr\u00f3nicas correr\u00e1n a cargo de personalidades destacadas de cada municipio, quienes hablar\u00e1n de su historia, an\u00e9cdotas y sucesos notables de cada lugar. En su primera edici\u00f3n, este ciclo abri\u00f3 con la del municipio de Guti\u00e9rrez Zamora, a cargo de su cronista, Fernando Chagoya C\u00e1rcamo. De esta manera, El Colegio de Veracruz promueve el rescate de la historia de todos los rincones de Veracruz.<\/p>\n<p>RESULTA QUE HASTA en la elecci\u00f3n de los monarcas de las fiestas carnestolendas hay \u201cdados cargados\u201d con fines pol\u00edticos. Y es que de acuerdo con lo que publica el diario porte\u00f1o Notiver, la renuncia del periodista de sociales Paco Morales a su aspiraci\u00f3n por convertirse en Rey Feo del Carnaval de Veracruz se debe a que no hay equidad en la contienda, pues todo est\u00e1 puesto para que sea el boxeador Tom\u00e1s \u201cGusano\u201d Rojas quien gane la nominaci\u00f3n, para lo cual cuenta con todo el apoyo, en especie y en cash, del secretario de Turismo Harry Grappa Guzm\u00e1n. Seg\u00fan esto, Grappa quiere al \u201cGusano\u201d en su campa\u00f1a por la diputaci\u00f3n local de Veracruz urbano el a\u00f1o entrante, ya que la popularidad del pugilista podr\u00eda compensar la animadversi\u00f3n que existe en la zona conurbada en contra del empresario devenido en pol\u00edtico. Adem\u00e1s, como el \u201cGusano\u201d es protegido del l\u00edder ferrocarrilero V\u00edctor Flores Morales, a Harry no le caer\u00edan mal algunos de los billetes que \u00e9ste reparte como tortibonos por donde quiera que se para. Aunque dicen que ni con eso gana. Se tendr\u00e1 que comer su \u201cgusanito\u201d.<\/p>\n<p>EN LA COLUMNA \u201cFrentes Pol\u00edticos\u201d que se publica en Exc\u00e9lsior se destaca que Alberto Silva tiene todo para llegar a ser candidato del PRI a la gubernatura. A continuaci\u00f3n, el texto en menci\u00f3n: \u201cEn la efervescencia pol\u00edtica que vive Veracruz en v\u00edsperas del relevo del Ejecutivo estatal y otros cargos de elecci\u00f3n popular, el a\u00f1o pr\u00f3ximo, Alberto Silva Ramos, el dirigente estatal del PRI en la entidad, asegur\u00f3 que en su partido no habr\u00e1 fisuras en el proceso de selecci\u00f3n de candidato a la gubernatura de la entidad. `Vamos a tener en Veracruz mucha pasi\u00f3n, mucha discusi\u00f3n, pero al final va a privar la unidad y al final Veracruz seguir\u00e1 siendo priista\u00b4, sentenci\u00f3. Respecto a la posibilidad de que abandere al PRI estatal dijo claramente: `yo no puedo descartarme, porque no me he encartado\u00b4. No se hagan. Tiene los merecimientos para ser el candidato. No le den muchas vueltas\u201d.<\/p>\n<p>SORPRENDENTE ha sido el ritmo de trabajo y volumen de obra que en estos casi dos a\u00f1os ha conseguido hacer el alcalde Am\u00e9rico Z\u00fa\u00f1iga Mart\u00ednez, quien lejos de ponerse l\u00edmites va por m\u00e1s en el 2016. Acaba de anunciar que Xalapa es el municipio veracruzano que m\u00e1s recursos logr\u00f3 etiquetar dentro del Presupuesto de Egresos de la Federaci\u00f3n (PEF) 2016, registrando obras por m\u00e1s de 95 millones de pesos. Y si en la actualidad en estos momentos se ejecutan 300 obras publicas en todo el municipio, es previsible que para el a\u00f1o siguiente la capital veracruzana continuar\u00e1 en la \u201cola de la transformaci\u00f3n\u201d como ya la reconocen muchas voces.<\/p>\n","protected":false},"excerpt":{"rendered":"<p>Jos\u00e9 Ortiz Medina En Corto&#8230; sin Cortes El que anduvo por la zona norte del estado fue el l\u00edder del Movimiento de Regeneraci\u00f3n Nacional (Morena), Andr\u00e9s Manuel L\u00f3pez Obrador, quien reiter\u00f3 sus cr\u00edticas a las alianzas entre PAN y PRD, y lament\u00f3 los altos \u00edndices de desempleo e inseguridad del estado, donde \u201cel pueblo es [&hellip;]<\/p>\n","protected":false},"author":2,"featured_media":0,"comment_status":"open","ping_status":"open","sticky":false,"template":"","format":"standard","meta":{"tdm_status":"","tdm_grid_status":"","footnotes":""},"categories":[70],"tags":[539,618,594,4152,572,1681,410,428,1026,4153],"class_list":{"0":"post-19224","1":"post","2":"type-post","3":"status-publish","4":"format-standard","6":"category-de-opinion","7":"tag-americo-zuniga-martinez","8":"tag-andres-manuel-lopez-obrador","9":"tag-castillo-de-teayo","10":"tag-cazones-de-herrera","11":"tag-coatzintla","12":"tag-cuitlahuac-garcia","13":"tag-fidel-herrera-beltran","14":"tag-miguel-angel-yunes-linares","15":"tag-morena","16":"tag-tihuatlan"},"yoast_head":"<!-- This site is optimized with the Yoast SEO plugin v27.4 - https:\/\/yoast.com\/product\/yoast-seo-wordpress\/ -->\n<title>\u201cEl ladr\u00f3n\u201d y el roba-carteras - Los pol\u00edticos Veracruz<\/title>\n<meta name=\"robots\" content=\"index, follow, max-snippet:-1, max-image-preview:large, max-video-preview:-1\" \/>\n<link rel=\"canonical\" href=\"https:\/\/lospoliticosveracruz.com\/?p=19224\" \/>\n<meta property=\"og:locale\" content=\"es_ES\" \/>\n<meta property=\"og:type\" content=\"article\" \/>\n<meta property=\"og:title\" content=\"\u201cEl ladr\u00f3n\u201d y el roba-carteras - Los pol\u00edticos Veracruz\" \/>\n<meta property=\"og:description\" content=\"Jos\u00e9 Ortiz Medina En Corto&#8230; sin Cortes El que anduvo por la zona norte del estado fue el l\u00edder del Movimiento de Regeneraci\u00f3n Nacional (Morena), Andr\u00e9s Manuel L\u00f3pez Obrador, quien reiter\u00f3 sus cr\u00edticas a las alianzas entre PAN y PRD, y lament\u00f3 los altos \u00edndices de desempleo e inseguridad del estado, donde \u201cel pueblo es [&hellip;]\" \/>\n<meta property=\"og:url\" content=\"https:\/\/lospoliticosveracruz.com\/?p=19224\" \/>\n<meta property=\"og:site_name\" content=\"Los pol\u00edticos Veracruz\" \/>\n<meta property=\"article:publisher\" content=\"https:\/\/www.facebook.com\/people\/Notimemes-de-los-Polticos\/61565672886568\/\" \/>\n<meta property=\"article:published_time\" content=\"2015-11-20T14:09:35+00:00\" \/>\n<meta property=\"og:image\" content=\"https:\/\/lospoliticosveracruz.com\/wp-content\/uploads\/2016\/07\/Logo-Dor.jpg\" \/>\n\t<meta property=\"og:image:width\" content=\"200\" \/>\n\t<meta property=\"og:image:height\" content=\"200\" \/>\n\t<meta property=\"og:image:type\" content=\"image\/jpeg\" \/>\n<meta name=\"author\" content=\"Lo viste en Los Pol\u00edticos\" \/>\n<meta name=\"twitter:card\" content=\"summary_large_image\" \/>\n<meta name=\"twitter:creator\" content=\"@LosPoliticosVer\" \/>\n<meta name=\"twitter:site\" content=\"@LosPoliticosVer\" \/>\n<meta name=\"twitter:label1\" content=\"Escrito por\" \/>\n\t<meta name=\"twitter:data1\" content=\"Lo viste en Los Pol\u00edticos\" \/>\n\t<meta name=\"twitter:label2\" content=\"Tiempo de lectura\" \/>\n\t<meta name=\"twitter:data2\" content=\"5 minutos\" \/>\n<script type=\"application\/ld+json\" class=\"yoast-schema-graph\">{\"@context\":\"https:\\\/\\\/schema.org\",\"@graph\":[{\"@type\":\"Article\",\"@id\":\"https:\\\/\\\/lospoliticosveracruz.com\\\/?p=19224#article\",\"isPartOf\":{\"@id\":\"https:\\\/\\\/lospoliticosveracruz.com\\\/?p=19224\"},\"author\":{\"name\":\"Lo viste en Los Pol\u00edticos\",\"@id\":\"https:\\\/\\\/lospoliticosveracruz.com\\\/#\\\/schema\\\/person\\\/b8702bb0e538456e6efd07080bf2a4a2\"},\"headline\":\"\u201cEl ladr\u00f3n\u201d y el roba-carteras\",\"datePublished\":\"2015-11-20T14:09:35+00:00\",\"mainEntityOfPage\":{\"@id\":\"https:\\\/\\\/lospoliticosveracruz.com\\\/?p=19224\"},\"wordCount\":994,\"commentCount\":0,\"publisher\":{\"@id\":\"https:\\\/\\\/lospoliticosveracruz.com\\\/#organization\"},\"keywords\":[\"Am\u00e9rico Z\u00fa\u00f1iga Mart\u00ednez\",\"Andr\u00e9s Manuel L\u00f3pez Obrador\",\"Castillo de Teayo\",\"Cazones de Herrera\",\"Coatzintla\",\"Cuitl\u00e1huac Garc\u00eda\",\"Fidel Herrera Beltr\u00e1n\",\"Miguel Angel Yunes Linares\",\"Morena\",\"Tihuatl\u00e1n\"],\"articleSection\":[\"De Opini\u00f3n\"],\"inLanguage\":\"es\",\"potentialAction\":[{\"@type\":\"CommentAction\",\"name\":\"Comment\",\"target\":[\"https:\\\/\\\/lospoliticosveracruz.com\\\/?p=19224#respond\"]}]},{\"@type\":\"WebPage\",\"@id\":\"https:\\\/\\\/lospoliticosveracruz.com\\\/?p=19224\",\"url\":\"https:\\\/\\\/lospoliticosveracruz.com\\\/?p=19224\",\"name\":\"\u201cEl ladr\u00f3n\u201d y el roba-carteras - Los pol\u00edticos Veracruz\",\"isPartOf\":{\"@id\":\"https:\\\/\\\/lospoliticosveracruz.com\\\/#website\"},\"datePublished\":\"2015-11-20T14:09:35+00:00\",\"breadcrumb\":{\"@id\":\"https:\\\/\\\/lospoliticosveracruz.com\\\/?p=19224#breadcrumb\"},\"inLanguage\":\"es\",\"potentialAction\":[{\"@type\":\"ReadAction\",\"target\":[\"https:\\\/\\\/lospoliticosveracruz.com\\\/?p=19224\"]}]},{\"@type\":\"BreadcrumbList\",\"@id\":\"https:\\\/\\\/lospoliticosveracruz.com\\\/?p=19224#breadcrumb\",\"itemListElement\":[{\"@type\":\"ListItem\",\"position\":1,\"name\":\"Portada\",\"item\":\"https:\\\/\\\/lospoliticosveracruz.com\\\/\"},{\"@type\":\"ListItem\",\"position\":2,\"name\":\"\u201cEl ladr\u00f3n\u201d y el roba-carteras\"}]},{\"@type\":\"WebSite\",\"@id\":\"https:\\\/\\\/lospoliticosveracruz.com\\\/#website\",\"url\":\"https:\\\/\\\/lospoliticosveracruz.com\\\/\",\"name\":\"Los pol\u00edticos Veracruz\",\"description\":\"\",\"publisher\":{\"@id\":\"https:\\\/\\\/lospoliticosveracruz.com\\\/#organization\"},\"potentialAction\":[{\"@type\":\"SearchAction\",\"target\":{\"@type\":\"EntryPoint\",\"urlTemplate\":\"https:\\\/\\\/lospoliticosveracruz.com\\\/?s={search_term_string}\"},\"query-input\":{\"@type\":\"PropertyValueSpecification\",\"valueRequired\":true,\"valueName\":\"search_term_string\"}}],\"inLanguage\":\"es\"},{\"@type\":\"Organization\",\"@id\":\"https:\\\/\\\/lospoliticosveracruz.com\\\/#organization\",\"name\":\"Los pol\u00edticos Veracruz\",\"url\":\"https:\\\/\\\/lospoliticosveracruz.com\\\/\",\"logo\":{\"@type\":\"ImageObject\",\"inLanguage\":\"es\",\"@id\":\"https:\\\/\\\/lospoliticosveracruz.com\\\/#\\\/schema\\\/logo\\\/image\\\/\",\"url\":\"https:\\\/\\\/lospoliticosveracruz.com\\\/wp-content\\\/uploads\\\/2025\\\/12\\\/Logo-Nuevo-LOS-POLITICOS-1.jpg\",\"contentUrl\":\"https:\\\/\\\/lospoliticosveracruz.com\\\/wp-content\\\/uploads\\\/2025\\\/12\\\/Logo-Nuevo-LOS-POLITICOS-1.jpg\",\"width\":260,\"height\":70,\"caption\":\"Los pol\u00edticos Veracruz\"},\"image\":{\"@id\":\"https:\\\/\\\/lospoliticosveracruz.com\\\/#\\\/schema\\\/logo\\\/image\\\/\"},\"sameAs\":[\"https:\\\/\\\/www.facebook.com\\\/people\\\/Notimemes-de-los-Polticos\\\/61565672886568\\\/\",\"https:\\\/\\\/x.com\\\/LosPoliticosVer\"]},{\"@type\":\"Person\",\"@id\":\"https:\\\/\\\/lospoliticosveracruz.com\\\/#\\\/schema\\\/person\\\/b8702bb0e538456e6efd07080bf2a4a2\",\"name\":\"Lo viste en Los Pol\u00edticos\",\"image\":{\"@type\":\"ImageObject\",\"inLanguage\":\"es\",\"@id\":\"https:\\\/\\\/secure.gravatar.com\\\/avatar\\\/3a8de04a2656d44082be478bd6c086daa447c4651605818287b9532d3d0bd435?s=96&d=mm&r=g\",\"url\":\"https:\\\/\\\/secure.gravatar.com\\\/avatar\\\/3a8de04a2656d44082be478bd6c086daa447c4651605818287b9532d3d0bd435?s=96&d=mm&r=g\",\"contentUrl\":\"https:\\\/\\\/secure.gravatar.com\\\/avatar\\\/3a8de04a2656d44082be478bd6c086daa447c4651605818287b9532d3d0bd435?s=96&d=mm&r=g\",\"caption\":\"Lo viste en Los Pol\u00edticos\"},\"url\":\"https:\\\/\\\/lospoliticosveracruz.com\\\/?author=2\"}]}<\/script>\n<!-- \/ Yoast SEO plugin. -->","yoast_head_json":{"title":"\u201cEl ladr\u00f3n\u201d y el roba-carteras - Los pol\u00edticos Veracruz","robots":{"index":"index","follow":"follow","max-snippet":"max-snippet:-1","max-image-preview":"max-image-preview:large","max-video-preview":"max-video-preview:-1"},"canonical":"https:\/\/lospoliticosveracruz.com\/?p=19224","og_locale":"es_ES","og_type":"article","og_title":"\u201cEl ladr\u00f3n\u201d y el roba-carteras - Los pol\u00edticos Veracruz","og_description":"Jos\u00e9 Ortiz Medina En Corto&#8230; sin Cortes El que anduvo por la zona norte del estado fue el l\u00edder del Movimiento de Regeneraci\u00f3n Nacional (Morena), Andr\u00e9s Manuel L\u00f3pez Obrador, quien reiter\u00f3 sus cr\u00edticas a las alianzas entre PAN y PRD, y lament\u00f3 los altos \u00edndices de desempleo e inseguridad del estado, donde \u201cel pueblo es [&hellip;]","og_url":"https:\/\/lospoliticosveracruz.com\/?p=19224","og_site_name":"Los pol\u00edticos Veracruz","article_publisher":"https:\/\/www.facebook.com\/people\/Notimemes-de-los-Polticos\/61565672886568\/","article_published_time":"2015-11-20T14:09:35+00:00","og_image":[{"width":200,"height":200,"url":"https:\/\/lospoliticosveracruz.com\/wp-content\/uploads\/2016\/07\/Logo-Dor.jpg","type":"image\/jpeg"}],"author":"Lo viste en Los Pol\u00edticos","twitter_card":"summary_large_image","twitter_creator":"@LosPoliticosVer","twitter_site":"@LosPoliticosVer","twitter_misc":{"Escrito por":"Lo viste en Los Pol\u00edticos","Tiempo de lectura":"5 minutos"},"schema":{"@context":"https:\/\/schema.org","@graph":[{"@type":"Article","@id":"https:\/\/lospoliticosveracruz.com\/?p=19224#article","isPartOf":{"@id":"https:\/\/lospoliticosveracruz.com\/?p=19224"},"author":{"name":"Lo viste en Los Pol\u00edticos","@id":"https:\/\/lospoliticosveracruz.com\/#\/schema\/person\/b8702bb0e538456e6efd07080bf2a4a2"},"headline":"\u201cEl ladr\u00f3n\u201d y el roba-carteras","datePublished":"2015-11-20T14:09:35+00:00","mainEntityOfPage":{"@id":"https:\/\/lospoliticosveracruz.com\/?p=19224"},"wordCount":994,"commentCount":0,"publisher":{"@id":"https:\/\/lospoliticosveracruz.com\/#organization"},"keywords":["Am\u00e9rico Z\u00fa\u00f1iga Mart\u00ednez","Andr\u00e9s Manuel L\u00f3pez Obrador","Castillo de Teayo","Cazones de Herrera","Coatzintla","Cuitl\u00e1huac Garc\u00eda","Fidel Herrera Beltr\u00e1n","Miguel Angel Yunes Linares","Morena","Tihuatl\u00e1n"],"articleSection":["De Opini\u00f3n"],"inLanguage":"es","potentialAction":[{"@type":"CommentAction","name":"Comment","target":["https:\/\/lospoliticosveracruz.com\/?p=19224#respond"]}]},{"@type":"WebPage","@id":"https:\/\/lospoliticosveracruz.com\/?p=19224","url":"https:\/\/lospoliticosveracruz.com\/?p=19224","name":"\u201cEl ladr\u00f3n\u201d y el roba-carteras - Los pol\u00edticos Veracruz","isPartOf":{"@id":"https:\/\/lospoliticosveracruz.com\/#website"},"datePublished":"2015-11-20T14:09:35+00:00","breadcrumb":{"@id":"https:\/\/lospoliticosveracruz.com\/?p=19224#breadcrumb"},"inLanguage":"es","potentialAction":[{"@type":"ReadAction","target":["https:\/\/lospoliticosveracruz.com\/?p=19224"]}]},{"@type":"BreadcrumbList","@id":"https:\/\/lospoliticosveracruz.com\/?p=19224#breadcrumb","itemListElement":[{"@type":"ListItem","position":1,"name":"Portada","item":"https:\/\/lospoliticosveracruz.com\/"},{"@type":"ListItem","position":2,"name":"\u201cEl ladr\u00f3n\u201d y el roba-carteras"}]},{"@type":"WebSite","@id":"https:\/\/lospoliticosveracruz.com\/#website","url":"https:\/\/lospoliticosveracruz.com\/","name":"Los pol\u00edticos Veracruz","description":"","publisher":{"@id":"https:\/\/lospoliticosveracruz.com\/#organization"},"potentialAction":[{"@type":"SearchAction","target":{"@type":"EntryPoint","urlTemplate":"https:\/\/lospoliticosveracruz.com\/?s={search_term_string}"},"query-input":{"@type":"PropertyValueSpecification","valueRequired":true,"valueName":"search_term_string"}}],"inLanguage":"es"},{"@type":"Organization","@id":"https:\/\/lospoliticosveracruz.com\/#organization","name":"Los pol\u00edticos Veracruz","url":"https:\/\/lospoliticosveracruz.com\/","logo":{"@type":"ImageObject","inLanguage":"es","@id":"https:\/\/lospoliticosveracruz.com\/#\/schema\/logo\/image\/","url":"https:\/\/lospoliticosveracruz.com\/wp-content\/uploads\/2025\/12\/Logo-Nuevo-LOS-POLITICOS-1.jpg","contentUrl":"https:\/\/lospoliticosveracruz.com\/wp-content\/uploads\/2025\/12\/Logo-Nuevo-LOS-POLITICOS-1.jpg","width":260,"height":70,"caption":"Los pol\u00edticos Veracruz"},"image":{"@id":"https:\/\/lospoliticosveracruz.com\/#\/schema\/logo\/image\/"},"sameAs":["https:\/\/www.facebook.com\/people\/Notimemes-de-los-Polticos\/61565672886568\/","https:\/\/x.com\/LosPoliticosVer"]},{"@type":"Person","@id":"https:\/\/lospoliticosveracruz.com\/#\/schema\/person\/b8702bb0e538456e6efd07080bf2a4a2","name":"Lo viste en Los Pol\u00edticos","image":{"@type":"ImageObject","inLanguage":"es","@id":"https:\/\/secure.gravatar.com\/avatar\/3a8de04a2656d44082be478bd6c086daa447c4651605818287b9532d3d0bd435?s=96&d=mm&r=g","url":"https:\/\/secure.gravatar.com\/avatar\/3a8de04a2656d44082be478bd6c086daa447c4651605818287b9532d3d0bd435?s=96&d=mm&r=g","contentUrl":"https:\/\/secure.gravatar.com\/avatar\/3a8de04a2656d44082be478bd6c086daa447c4651605818287b9532d3d0bd435?s=96&d=mm&r=g","caption":"Lo viste en Los Pol\u00edticos"},"url":"https:\/\/lospoliticosveracruz.com\/?author=2"}]}},"_links":{"self":[{"href":"https:\/\/lospoliticosveracruz.com\/index.php?rest_route=\/wp\/v2\/posts\/19224","targetHints":{"allow":["GET"]}}],"collection":[{"href":"https:\/\/lospoliticosveracruz.com\/index.php?rest_route=\/wp\/v2\/posts"}],"about":[{"href":"https:\/\/lospoliticosveracruz.com\/index.php?rest_route=\/wp\/v2\/types\/post"}],"author":[{"embeddable":true,"href":"https:\/\/lospoliticosveracruz.com\/index.php?rest_route=\/wp\/v2\/users\/2"}],"replies":[{"embeddable":true,"href":"https:\/\/lospoliticosveracruz.com\/index.php?rest_route=%2Fwp%2Fv2%2Fcomments&post=19224"}],"version-history":[{"count":1,"href":"https:\/\/lospoliticosveracruz.com\/index.php?rest_route=\/wp\/v2\/posts\/19224\/revisions"}],"predecessor-version":[{"id":19226,"href":"https:\/\/lospoliticosveracruz.com\/index.php?rest_route=\/wp\/v2\/posts\/19224\/revisions\/19226"}],"wp:attachment":[{"href":"https:\/\/lospoliticosveracruz.com\/index.php?rest_route=%2Fwp%2Fv2%2Fmedia&parent=19224"}],"wp:term":[{"taxonomy":"category","embeddable":true,"href":"https:\/\/lospoliticosveracruz.com\/index.php?rest_route=%2Fwp%2Fv2%2Fcategories&post=19224"},{"taxonomy":"post_tag","embeddable":true,"href":"https:\/\/lospoliticosveracruz.com\/index.php?rest_route=%2Fwp%2Fv2%2Ftags&post=19224"}],"curies":[{"name":"wp","href":"https:\/\/api.w.org\/{rel}","templated":true}]}}