{"id":19243,"date":"2015-11-22T19:50:36","date_gmt":"2015-11-23T01:50:36","guid":{"rendered":"http:\/\/www.lospoliticosveracruz.com.mx\/?p=19243"},"modified":"2015-11-22T19:50:36","modified_gmt":"2015-11-23T01:50:36","slug":"abusos-policiacos-en-la-legislatura","status":"publish","type":"post","link":"https:\/\/lospoliticosveracruz.com\/?p=19243","title":{"rendered":"Abusos policiacos en la Legislatura"},"content":{"rendered":"<p><a href=\"http:\/\/www.lospoliticosveracruz.com.mx\/wp-content\/uploads\/2015\/11\/Berm\u00fadez-Comparecencia.jpg\"><img loading=\"lazy\" decoding=\"async\" class=\"alignnone size-medium wp-image-19246\" src=\"http:\/\/www.lospoliticosveracruz.com.mx\/wp-content\/uploads\/2015\/11\/Berm\u00fadez-Comparecencia-300x200.jpg\" alt=\"Berm\u00fadez Comparecencia\" width=\"300\" height=\"200\" \/><\/a><br \/>\n<strong>Luis Alberto Romero<\/strong><\/p>\n<p><em>Hora Cero<\/em><\/p>\n<p>M\u00e1s all\u00e1 de los incidentes que podr\u00edan calificarse como anecd\u00f3ticos, la comparecencia de Arturo Berm\u00fadez Zurita, secretario de Seguridad P\u00fablica del gobierno estatal, ante el Congreso de Veracruz no destac\u00f3 por los n\u00fameros, las estad\u00edsticas o el reporte del funcionario, sino por los excesos cometidos en un operativo de vigilancia que termin\u00f3 por convertirse en una falta de respeto a los diputados locales y al poder legislativo en general.<br \/>\nEl operativo de seguridad fue montado desde muy temprano y no s\u00f3lo incluy\u00f3 al recinto parlamentario, sino que se extendi\u00f3 a las calles aleda\u00f1as, obstruyendo la circulaci\u00f3n vehicular y afectando a quienes tienen la necesidad de transitar por ese lugar, como si en vez de la comparecencia de un funcionario estatal, se tratara de la visita de un jefe de Estado.<br \/>\nLos incidentes entre polic\u00edas y prensa pasaron a segundo t\u00e9rmino porque la revisi\u00f3n podr\u00eda considerarse normal en estos casos, exagerada y desproporcionada, como casi siempre; fot\u00f3grafos y reporteros ya est\u00e1n curtidos en estas lides y hasta acostumbrados a los abusos; el problema es que los diputados locales tambi\u00e9n fueron objeto de un trato indigno por parte de los elementos de Berm\u00fadez, por lo que las quejas fueron inmediatas.<br \/>\nA Heber Carballo Salazar, por ejemplo, legislador por el distrito de Misantla, no le permitieron el acceso al recinto; no lo conoc\u00edan.<br \/>\nNo fue el \u00fanico: un incidente similar ocurri\u00f3 cuando el l\u00edder de la fracci\u00f3n priista y presidente de la Junta de Coordinaci\u00f3n Pol\u00edtica, Juan Nicol\u00e1s Callejas Arroyo, intent\u00f3 ingresar, lo que literalmente le result\u00f3 imposible; los polic\u00edas le pidieron que se identificara, ignorando que se trataba de la cabeza del Congreso veracruzano, uno de los actores principales en el funcionamiento del poder legislativo, cuya sede fue tomada por la polic\u00eda el pasado viernes.<br \/>\nAnte esos atropellos, la comprensible queja, la indignaci\u00f3n de los diputados, fue inmediata y el secretario de Seguridad tuvo que ofrecer disculpas, bajarle dos rayas al abuso disfrazado de control, y retirar el cerco en las calles cercanas.<br \/>\nBerm\u00fadez iba a comparecer y termin\u00f3 tomando, a fuerza de uniforme, charola y macana, la sede del legislativo; es algo que resulta censurable e inadmisible, y que ocurre generalmente cuando el orden est\u00e1 en manos de elementos con deficiente formaci\u00f3n, sin criterio ni sentido com\u00fan, y con evidente desconocimiento de la vida p\u00fablica y de los representantes de los poderes.<br \/>\nPor otro lado, ser\u00eda injusto lanzar la piedra contra los uniformados, que son el eslab\u00f3n m\u00e1s d\u00e9bil en la cadena de la dependencia, y que \u00fanicamente cumplieron las \u00f3rdenes de sus superiores, a quienes los diputados s\u00ed deber\u00edan exigir cuentas.<\/p>\n<p><strong>Mujeres, 60 homicidios que requieren respuesta: M\u00f3nica Robles<\/strong><br \/>\nA unos d\u00edas de conmemorarse el D\u00eda Internacional para la Eliminaci\u00f3n de la Violencia Contra las mujeres (25 de noviembre), la diputada del Verde Ecologista de M\u00e9xico, M\u00f3nica Robles Barajas, pregunt\u00f3 al secretario de Seguridad P\u00fablica, Arturo Berm\u00fadez Zurita, en su comparecencia, sobre las acciones con perspectivas de g\u00e9nero que realizan en la instituci\u00f3n.<br \/>\nM\u00f3nica Robles, quien es la presidenta de la Comisi\u00f3n de Equidad, G\u00e9nero y Familia del Congreso Local, d\u00edas atr\u00e1s hab\u00eda dado a conocer cifras bastantes lamentables en lo que respecta a Veracruz: 60 mujeres asesinadas s\u00f3lo de enero a la fecha.<br \/>\nLa diputada representante del Distrito XXIX de Coatzacoalcos, ha reiterado en diversas participaciones que la violencia contra las mujeres es considerada como \u201cla m\u00e1s extendida y sistem\u00e1tica violaci\u00f3n a los derechos humanos\u201d.<br \/>\nCon esas cifras, fue importante que Robles Barajas le pidiera al secretario de Seguridad P\u00fablica que informara sobre las acciones y medidas de reinserci\u00f3n social de las personas que agreden a las mujeres.<br \/>\nLa preocupaci\u00f3n de la diputada del Verde Ecologista se extiende a todas las mujeres y ni\u00f1as veracruzanas, que en alg\u00fan momento han sido agredidas o discriminadas, y los responsables libres, sin culpa alguna. Eso es muy reprobable.<\/p>\n<p><strong>Xalapa XL<\/strong><br \/>\nEn pocos d\u00edas se ha ido posicionando bien la marca de ciudad XL, que lanz\u00f3 el Ayuntamiento de Xalapa a trav\u00e9s de la Direcci\u00f3n de Desarrollo Econ\u00f3mico.<br \/>\nHay que decir que nunca una administraci\u00f3n municipal se hab\u00eda preocupado por darle atenci\u00f3n a este tema, sobre todo cuando cada vez m\u00e1s ciudades se han involucrado en esa estrategia de \u00abmarca\u00bb.<br \/>\nXL, nos dicen, fue estudiada a detalle y sometida a los estudios fon\u00e9ticos, semi\u00f3ticos, gr\u00e1ficos, ling\u00fc\u00edsticos y legales del Instituto Mexicano de la Propiedad Industrial (IMPI).<br \/>\nLa decisi\u00f3n no fue improvisada, al contrario, se estudi\u00f3 a detalle y adem\u00e1s se dej\u00f3 un esquema abierto para que utilizando la misma tipograf\u00eda, los xalape\u00f1os se apropien de la misma, ya sea con su rostro o con elementos de sus gustos o de sus negocios en el caso de los comercios.<br \/>\nDurante este fin de semana, empresarios del club nocturno Rep\u00fablica Xalapa, hicieron una presentaci\u00f3n a j\u00f3venes xalape\u00f1os, con gran aceptaci\u00f3n.<br \/>\nTambi\u00e9n se not\u00f3 la favorable reacci\u00f3n en una encuesta que realiz\u00f3 la cuenta de Twitter @xalapaa en donde la mayor\u00eda de los votantes dijo que le gustaba. Ah\u00ed va pues, en una semana, ganando el gusto de los xalape\u00f1os la marca XL, Xalapa. @luisromero85<\/p>\n","protected":false},"excerpt":{"rendered":"<p>Luis Alberto Romero Hora Cero M\u00e1s all\u00e1 de los incidentes que podr\u00edan calificarse como anecd\u00f3ticos, la comparecencia de Arturo Berm\u00fadez Zurita, secretario de Seguridad P\u00fablica del gobierno estatal, ante el Congreso de Veracruz no destac\u00f3 por los n\u00fameros, las estad\u00edsticas o el reporte del funcionario, sino por los excesos cometidos en un operativo de vigilancia [&hellip;]<\/p>\n","protected":false},"author":2,"featured_media":0,"comment_status":"open","ping_status":"open","sticky":false,"template":"","format":"standard","meta":{"tdm_status":"","tdm_grid_status":"","footnotes":""},"categories":[70],"tags":[483,960,953,1270,377,96],"class_list":{"0":"post-19243","1":"post","2":"type-post","3":"status-publish","4":"format-standard","6":"category-de-opinion","7":"tag-americo-zuniga","8":"tag-arturo-bermudez-zurita","9":"tag-comparecencia","10":"tag-heber-carballo-salazar","11":"tag-juan-nicolas-callejas-arroyo","12":"tag-xalapa"},"yoast_head":"<!-- This site is optimized with the Yoast SEO plugin v27.4 - https:\/\/yoast.com\/product\/yoast-seo-wordpress\/ -->\n<title>Abusos policiacos en la Legislatura - Los pol\u00edticos Veracruz<\/title>\n<meta name=\"robots\" content=\"index, follow, max-snippet:-1, max-image-preview:large, max-video-preview:-1\" \/>\n<link rel=\"canonical\" href=\"https:\/\/lospoliticosveracruz.com\/?p=19243\" \/>\n<meta property=\"og:locale\" content=\"es_ES\" \/>\n<meta property=\"og:type\" content=\"article\" \/>\n<meta property=\"og:title\" content=\"Abusos policiacos en la Legislatura - Los pol\u00edticos Veracruz\" \/>\n<meta property=\"og:description\" content=\"Luis Alberto Romero Hora Cero M\u00e1s all\u00e1 de los incidentes que podr\u00edan calificarse como anecd\u00f3ticos, la comparecencia de Arturo Berm\u00fadez Zurita, secretario de Seguridad P\u00fablica del gobierno estatal, ante el Congreso de Veracruz no destac\u00f3 por los n\u00fameros, las estad\u00edsticas o el reporte del funcionario, sino por los excesos cometidos en un operativo de vigilancia [&hellip;]\" \/>\n<meta property=\"og:url\" content=\"https:\/\/lospoliticosveracruz.com\/?p=19243\" \/>\n<meta property=\"og:site_name\" content=\"Los pol\u00edticos Veracruz\" \/>\n<meta property=\"article:publisher\" content=\"https:\/\/www.facebook.com\/people\/Notimemes-de-los-Polticos\/61565672886568\/\" \/>\n<meta property=\"article:published_time\" content=\"2015-11-23T01:50:36+00:00\" \/>\n<meta property=\"og:image\" content=\"https:\/\/lospoliticosveracruz.com\/wp-content\/uploads\/2016\/07\/Logo-Dor.jpg\" \/>\n\t<meta property=\"og:image:width\" content=\"200\" \/>\n\t<meta property=\"og:image:height\" content=\"200\" \/>\n\t<meta property=\"og:image:type\" content=\"image\/jpeg\" \/>\n<meta name=\"author\" content=\"Lo viste en Los Pol\u00edticos\" \/>\n<meta name=\"twitter:card\" content=\"summary_large_image\" \/>\n<meta name=\"twitter:creator\" content=\"@LosPoliticosVer\" \/>\n<meta name=\"twitter:site\" content=\"@LosPoliticosVer\" \/>\n<meta name=\"twitter:label1\" content=\"Escrito por\" \/>\n\t<meta name=\"twitter:data1\" content=\"Lo viste en Los Pol\u00edticos\" \/>\n\t<meta name=\"twitter:label2\" content=\"Tiempo de lectura\" \/>\n\t<meta name=\"twitter:data2\" content=\"5 minutos\" \/>\n<script type=\"application\/ld+json\" class=\"yoast-schema-graph\">{\"@context\":\"https:\\\/\\\/schema.org\",\"@graph\":[{\"@type\":\"Article\",\"@id\":\"https:\\\/\\\/lospoliticosveracruz.com\\\/?p=19243#article\",\"isPartOf\":{\"@id\":\"https:\\\/\\\/lospoliticosveracruz.com\\\/?p=19243\"},\"author\":{\"name\":\"Lo viste en Los Pol\u00edticos\",\"@id\":\"https:\\\/\\\/lospoliticosveracruz.com\\\/#\\\/schema\\\/person\\\/b8702bb0e538456e6efd07080bf2a4a2\"},\"headline\":\"Abusos policiacos en la Legislatura\",\"datePublished\":\"2015-11-23T01:50:36+00:00\",\"mainEntityOfPage\":{\"@id\":\"https:\\\/\\\/lospoliticosveracruz.com\\\/?p=19243\"},\"wordCount\":932,\"commentCount\":0,\"publisher\":{\"@id\":\"https:\\\/\\\/lospoliticosveracruz.com\\\/#organization\"},\"keywords\":[\"Am\u00e9rico Z\u00fa\u00f1iga\",\"Arturo Berm\u00fadez Zurita\",\"comparecencia\",\"Heber Carballo Salazar\",\"Juan Nicol\u00e1s Callejas Arroyo\",\"Xalapa\"],\"articleSection\":[\"De Opini\u00f3n\"],\"inLanguage\":\"es\",\"potentialAction\":[{\"@type\":\"CommentAction\",\"name\":\"Comment\",\"target\":[\"https:\\\/\\\/lospoliticosveracruz.com\\\/?p=19243#respond\"]}]},{\"@type\":\"WebPage\",\"@id\":\"https:\\\/\\\/lospoliticosveracruz.com\\\/?p=19243\",\"url\":\"https:\\\/\\\/lospoliticosveracruz.com\\\/?p=19243\",\"name\":\"Abusos policiacos en la Legislatura - Los pol\u00edticos Veracruz\",\"isPartOf\":{\"@id\":\"https:\\\/\\\/lospoliticosveracruz.com\\\/#website\"},\"datePublished\":\"2015-11-23T01:50:36+00:00\",\"breadcrumb\":{\"@id\":\"https:\\\/\\\/lospoliticosveracruz.com\\\/?p=19243#breadcrumb\"},\"inLanguage\":\"es\",\"potentialAction\":[{\"@type\":\"ReadAction\",\"target\":[\"https:\\\/\\\/lospoliticosveracruz.com\\\/?p=19243\"]}]},{\"@type\":\"BreadcrumbList\",\"@id\":\"https:\\\/\\\/lospoliticosveracruz.com\\\/?p=19243#breadcrumb\",\"itemListElement\":[{\"@type\":\"ListItem\",\"position\":1,\"name\":\"Portada\",\"item\":\"https:\\\/\\\/lospoliticosveracruz.com\\\/\"},{\"@type\":\"ListItem\",\"position\":2,\"name\":\"Abusos policiacos en la Legislatura\"}]},{\"@type\":\"WebSite\",\"@id\":\"https:\\\/\\\/lospoliticosveracruz.com\\\/#website\",\"url\":\"https:\\\/\\\/lospoliticosveracruz.com\\\/\",\"name\":\"Los pol\u00edticos Veracruz\",\"description\":\"\",\"publisher\":{\"@id\":\"https:\\\/\\\/lospoliticosveracruz.com\\\/#organization\"},\"potentialAction\":[{\"@type\":\"SearchAction\",\"target\":{\"@type\":\"EntryPoint\",\"urlTemplate\":\"https:\\\/\\\/lospoliticosveracruz.com\\\/?s={search_term_string}\"},\"query-input\":{\"@type\":\"PropertyValueSpecification\",\"valueRequired\":true,\"valueName\":\"search_term_string\"}}],\"inLanguage\":\"es\"},{\"@type\":\"Organization\",\"@id\":\"https:\\\/\\\/lospoliticosveracruz.com\\\/#organization\",\"name\":\"Los pol\u00edticos Veracruz\",\"url\":\"https:\\\/\\\/lospoliticosveracruz.com\\\/\",\"logo\":{\"@type\":\"ImageObject\",\"inLanguage\":\"es\",\"@id\":\"https:\\\/\\\/lospoliticosveracruz.com\\\/#\\\/schema\\\/logo\\\/image\\\/\",\"url\":\"https:\\\/\\\/lospoliticosveracruz.com\\\/wp-content\\\/uploads\\\/2025\\\/12\\\/Logo-Nuevo-LOS-POLITICOS-1.jpg\",\"contentUrl\":\"https:\\\/\\\/lospoliticosveracruz.com\\\/wp-content\\\/uploads\\\/2025\\\/12\\\/Logo-Nuevo-LOS-POLITICOS-1.jpg\",\"width\":260,\"height\":70,\"caption\":\"Los pol\u00edticos Veracruz\"},\"image\":{\"@id\":\"https:\\\/\\\/lospoliticosveracruz.com\\\/#\\\/schema\\\/logo\\\/image\\\/\"},\"sameAs\":[\"https:\\\/\\\/www.facebook.com\\\/people\\\/Notimemes-de-los-Polticos\\\/61565672886568\\\/\",\"https:\\\/\\\/x.com\\\/LosPoliticosVer\"]},{\"@type\":\"Person\",\"@id\":\"https:\\\/\\\/lospoliticosveracruz.com\\\/#\\\/schema\\\/person\\\/b8702bb0e538456e6efd07080bf2a4a2\",\"name\":\"Lo viste en Los Pol\u00edticos\",\"image\":{\"@type\":\"ImageObject\",\"inLanguage\":\"es\",\"@id\":\"https:\\\/\\\/secure.gravatar.com\\\/avatar\\\/3a8de04a2656d44082be478bd6c086daa447c4651605818287b9532d3d0bd435?s=96&d=mm&r=g\",\"url\":\"https:\\\/\\\/secure.gravatar.com\\\/avatar\\\/3a8de04a2656d44082be478bd6c086daa447c4651605818287b9532d3d0bd435?s=96&d=mm&r=g\",\"contentUrl\":\"https:\\\/\\\/secure.gravatar.com\\\/avatar\\\/3a8de04a2656d44082be478bd6c086daa447c4651605818287b9532d3d0bd435?s=96&d=mm&r=g\",\"caption\":\"Lo viste en Los Pol\u00edticos\"},\"url\":\"https:\\\/\\\/lospoliticosveracruz.com\\\/?author=2\"}]}<\/script>\n<!-- \/ Yoast SEO plugin. -->","yoast_head_json":{"title":"Abusos policiacos en la Legislatura - Los pol\u00edticos Veracruz","robots":{"index":"index","follow":"follow","max-snippet":"max-snippet:-1","max-image-preview":"max-image-preview:large","max-video-preview":"max-video-preview:-1"},"canonical":"https:\/\/lospoliticosveracruz.com\/?p=19243","og_locale":"es_ES","og_type":"article","og_title":"Abusos policiacos en la Legislatura - Los pol\u00edticos Veracruz","og_description":"Luis Alberto Romero Hora Cero M\u00e1s all\u00e1 de los incidentes que podr\u00edan calificarse como anecd\u00f3ticos, la comparecencia de Arturo Berm\u00fadez Zurita, secretario de Seguridad P\u00fablica del gobierno estatal, ante el Congreso de Veracruz no destac\u00f3 por los n\u00fameros, las estad\u00edsticas o el reporte del funcionario, sino por los excesos cometidos en un operativo de vigilancia [&hellip;]","og_url":"https:\/\/lospoliticosveracruz.com\/?p=19243","og_site_name":"Los pol\u00edticos Veracruz","article_publisher":"https:\/\/www.facebook.com\/people\/Notimemes-de-los-Polticos\/61565672886568\/","article_published_time":"2015-11-23T01:50:36+00:00","og_image":[{"width":200,"height":200,"url":"https:\/\/lospoliticosveracruz.com\/wp-content\/uploads\/2016\/07\/Logo-Dor.jpg","type":"image\/jpeg"}],"author":"Lo viste en Los Pol\u00edticos","twitter_card":"summary_large_image","twitter_creator":"@LosPoliticosVer","twitter_site":"@LosPoliticosVer","twitter_misc":{"Escrito por":"Lo viste en Los Pol\u00edticos","Tiempo de lectura":"5 minutos"},"schema":{"@context":"https:\/\/schema.org","@graph":[{"@type":"Article","@id":"https:\/\/lospoliticosveracruz.com\/?p=19243#article","isPartOf":{"@id":"https:\/\/lospoliticosveracruz.com\/?p=19243"},"author":{"name":"Lo viste en Los Pol\u00edticos","@id":"https:\/\/lospoliticosveracruz.com\/#\/schema\/person\/b8702bb0e538456e6efd07080bf2a4a2"},"headline":"Abusos policiacos en la Legislatura","datePublished":"2015-11-23T01:50:36+00:00","mainEntityOfPage":{"@id":"https:\/\/lospoliticosveracruz.com\/?p=19243"},"wordCount":932,"commentCount":0,"publisher":{"@id":"https:\/\/lospoliticosveracruz.com\/#organization"},"keywords":["Am\u00e9rico Z\u00fa\u00f1iga","Arturo Berm\u00fadez Zurita","comparecencia","Heber Carballo Salazar","Juan Nicol\u00e1s Callejas Arroyo","Xalapa"],"articleSection":["De Opini\u00f3n"],"inLanguage":"es","potentialAction":[{"@type":"CommentAction","name":"Comment","target":["https:\/\/lospoliticosveracruz.com\/?p=19243#respond"]}]},{"@type":"WebPage","@id":"https:\/\/lospoliticosveracruz.com\/?p=19243","url":"https:\/\/lospoliticosveracruz.com\/?p=19243","name":"Abusos policiacos en la Legislatura - Los pol\u00edticos Veracruz","isPartOf":{"@id":"https:\/\/lospoliticosveracruz.com\/#website"},"datePublished":"2015-11-23T01:50:36+00:00","breadcrumb":{"@id":"https:\/\/lospoliticosveracruz.com\/?p=19243#breadcrumb"},"inLanguage":"es","potentialAction":[{"@type":"ReadAction","target":["https:\/\/lospoliticosveracruz.com\/?p=19243"]}]},{"@type":"BreadcrumbList","@id":"https:\/\/lospoliticosveracruz.com\/?p=19243#breadcrumb","itemListElement":[{"@type":"ListItem","position":1,"name":"Portada","item":"https:\/\/lospoliticosveracruz.com\/"},{"@type":"ListItem","position":2,"name":"Abusos policiacos en la Legislatura"}]},{"@type":"WebSite","@id":"https:\/\/lospoliticosveracruz.com\/#website","url":"https:\/\/lospoliticosveracruz.com\/","name":"Los pol\u00edticos Veracruz","description":"","publisher":{"@id":"https:\/\/lospoliticosveracruz.com\/#organization"},"potentialAction":[{"@type":"SearchAction","target":{"@type":"EntryPoint","urlTemplate":"https:\/\/lospoliticosveracruz.com\/?s={search_term_string}"},"query-input":{"@type":"PropertyValueSpecification","valueRequired":true,"valueName":"search_term_string"}}],"inLanguage":"es"},{"@type":"Organization","@id":"https:\/\/lospoliticosveracruz.com\/#organization","name":"Los pol\u00edticos Veracruz","url":"https:\/\/lospoliticosveracruz.com\/","logo":{"@type":"ImageObject","inLanguage":"es","@id":"https:\/\/lospoliticosveracruz.com\/#\/schema\/logo\/image\/","url":"https:\/\/lospoliticosveracruz.com\/wp-content\/uploads\/2025\/12\/Logo-Nuevo-LOS-POLITICOS-1.jpg","contentUrl":"https:\/\/lospoliticosveracruz.com\/wp-content\/uploads\/2025\/12\/Logo-Nuevo-LOS-POLITICOS-1.jpg","width":260,"height":70,"caption":"Los pol\u00edticos Veracruz"},"image":{"@id":"https:\/\/lospoliticosveracruz.com\/#\/schema\/logo\/image\/"},"sameAs":["https:\/\/www.facebook.com\/people\/Notimemes-de-los-Polticos\/61565672886568\/","https:\/\/x.com\/LosPoliticosVer"]},{"@type":"Person","@id":"https:\/\/lospoliticosveracruz.com\/#\/schema\/person\/b8702bb0e538456e6efd07080bf2a4a2","name":"Lo viste en Los Pol\u00edticos","image":{"@type":"ImageObject","inLanguage":"es","@id":"https:\/\/secure.gravatar.com\/avatar\/3a8de04a2656d44082be478bd6c086daa447c4651605818287b9532d3d0bd435?s=96&d=mm&r=g","url":"https:\/\/secure.gravatar.com\/avatar\/3a8de04a2656d44082be478bd6c086daa447c4651605818287b9532d3d0bd435?s=96&d=mm&r=g","contentUrl":"https:\/\/secure.gravatar.com\/avatar\/3a8de04a2656d44082be478bd6c086daa447c4651605818287b9532d3d0bd435?s=96&d=mm&r=g","caption":"Lo viste en Los Pol\u00edticos"},"url":"https:\/\/lospoliticosveracruz.com\/?author=2"}]}},"_links":{"self":[{"href":"https:\/\/lospoliticosveracruz.com\/index.php?rest_route=\/wp\/v2\/posts\/19243","targetHints":{"allow":["GET"]}}],"collection":[{"href":"https:\/\/lospoliticosveracruz.com\/index.php?rest_route=\/wp\/v2\/posts"}],"about":[{"href":"https:\/\/lospoliticosveracruz.com\/index.php?rest_route=\/wp\/v2\/types\/post"}],"author":[{"embeddable":true,"href":"https:\/\/lospoliticosveracruz.com\/index.php?rest_route=\/wp\/v2\/users\/2"}],"replies":[{"embeddable":true,"href":"https:\/\/lospoliticosveracruz.com\/index.php?rest_route=%2Fwp%2Fv2%2Fcomments&post=19243"}],"version-history":[{"count":1,"href":"https:\/\/lospoliticosveracruz.com\/index.php?rest_route=\/wp\/v2\/posts\/19243\/revisions"}],"predecessor-version":[{"id":19247,"href":"https:\/\/lospoliticosveracruz.com\/index.php?rest_route=\/wp\/v2\/posts\/19243\/revisions\/19247"}],"wp:attachment":[{"href":"https:\/\/lospoliticosveracruz.com\/index.php?rest_route=%2Fwp%2Fv2%2Fmedia&parent=19243"}],"wp:term":[{"taxonomy":"category","embeddable":true,"href":"https:\/\/lospoliticosveracruz.com\/index.php?rest_route=%2Fwp%2Fv2%2Fcategories&post=19243"},{"taxonomy":"post_tag","embeddable":true,"href":"https:\/\/lospoliticosveracruz.com\/index.php?rest_route=%2Fwp%2Fv2%2Ftags&post=19243"}],"curies":[{"name":"wp","href":"https:\/\/api.w.org\/{rel}","templated":true}]}}