{"id":19248,"date":"2015-11-22T20:01:16","date_gmt":"2015-11-23T02:01:16","guid":{"rendered":"http:\/\/www.lospoliticosveracruz.com.mx\/?p=19248"},"modified":"2015-11-22T20:01:16","modified_gmt":"2015-11-23T02:01:16","slug":"el-candidato-de-morena-para-2016","status":"publish","type":"post","link":"https:\/\/lospoliticosveracruz.com\/?p=19248","title":{"rendered":"El candidato de Morena para 2016"},"content":{"rendered":"<p><a href=\"http:\/\/www.lospoliticosveracruz.com.mx\/wp-content\/uploads\/2015\/11\/Cuitl\u00e1huac-Garcia.jpg\"><img loading=\"lazy\" decoding=\"async\" class=\"alignnone size-medium wp-image-19249\" src=\"http:\/\/www.lospoliticosveracruz.com.mx\/wp-content\/uploads\/2015\/11\/Cuitl\u00e1huac-Garcia-300x180.jpg\" alt=\"Cuitl\u00e1huac Garcia\" width=\"300\" height=\"180\" \/><\/a><\/p>\n<p><strong>\u00c1lvaro Belin Andrade<\/strong><\/p>\n<p><em>Hora Libre<\/em><\/p>\n<p>Desconocido m\u00e1s all\u00e1 de los c\u00edrculos universitarios en que se ha movido como docente y del m\u00e1s \u00edntimo c\u00edrculo del partido que lo llev\u00f3 como candidato a la diputaci\u00f3n federal por Xalapa, Morena, Cuitl\u00e1huac Garc\u00eda Jim\u00e9nez ha sido el centro de atenci\u00f3n en la \u00faltima semana, tanto por sumarse a las protestas del magisterio disidente que buscaron impedir la realizaci\u00f3n de la evaluaci\u00f3n de maestros en Xalapa, como por sus declaraciones en torno a lo que \u00e9l considera debe ser su trabajo como representante popular.<br \/>\nLo primero tiene mucho sentido. El suspirante presidencial de Morena, Andr\u00e9s Manuel L\u00f3pez Obrador, ha encontrado una veta de votos en su acercamiento con (y abanderamiento pol\u00edtico de) el movimiento magisterial. Lo ha hecho proponiendo alianzas de su partido con las diferentes expresiones disidentes, como la CNTE, en los estados de Oaxaca, Guerrero y Chiapas.<br \/>\nEn el caso de Veracruz, la incorporaci\u00f3n del diputado federal a las manifestaciones ha buscado acercar su partido con el Movimiento Magisterial Popular Veracruzano (MMPV), que ha cobrado una creciente fuerza y este fin de semana puso en entredicho una evaluaci\u00f3n que, seg\u00fan las cifras oficiales, alcanz\u00f3 solo al 70 por ciento de los maestros que estaban inscritos para realizarlo, mientras el restante ni siquiera pudo acceder a las instalaciones ante el temor de ser atropellados por la enjundia represora de las fuerzas policiacas de la Secretar\u00eda de Seguridad P\u00fablica, que no sab\u00edan distinguir entre opositores, periodistas y maestros prestos a ser evaluados.<br \/>\nAl diputado federal Cuitl\u00e1huac Garc\u00eda Jim\u00e9nez, por lo visto, le han ordenado colocarse en paralelo con el magisterio disidente en Veracruz. Aunque su compa\u00f1era de partido, Roc\u00edo Nahle Garc\u00eda, es la \u00fanica diputada federal veracruzana que ha tenido un trabajo realmente trascendente en el Palacio Legislativo de San L\u00e1zaro, al punto de constituirse en la coordinadora de la fracci\u00f3n del Movimiento Regeneraci\u00f3n Nacional (Morena), lo cierto es que los planes de L\u00f3pez Obrador para los comicios locales de 2016 pasan por considerar al xalape\u00f1o como el m\u00e1s viable candidato a la Gubernatura de dos a\u00f1os.<br \/>\nDe ah\u00ed el inter\u00e9s de Morena por elevar sus niveles de protagonismo en aquellos sectores que pueden generar corrientes de confianza y respaldo pol\u00edtico para un cuadro que logr\u00f3 vencer a los dos partidos hegem\u00f3nicos en Xalapa, el PRI y el PRD, m\u00e1s por haber sido lanzado por Morena que por su propio liderazgo social.<\/p>\n<p><strong>La insolencia de los punteros<\/strong><\/p>\n<p>El problema es que Cuitl\u00e1huac no est\u00e1 pudiendo manejar su s\u00fabita fama; tampoco ha podido calibrar la importancia y repercusi\u00f3n de sus palabras en un contexto en que su partido, hoy por hoy, cuenta con la mayor preferencia con miras a los comicios federales de 2018, por la permanente campa\u00f1a electoral que despliega Andr\u00e9s Manuel L\u00f3pez Obrador, que hace unos d\u00edas fue electo \u201cpor aclamaci\u00f3n\u201d como nuevo presidente de su partido, en una maniobra para evitar que la instancia electoral lo castigue por desplegar actos anticipados de campa\u00f1a.<br \/>\nY esto lo digo por la suficiencia y soberbia con que este catedr\u00e1tico universitario se refiri\u00f3 la semana pasada a una de las tareas que m\u00e1s importancia han cobrado para el caso de los legisladores, el de la gesti\u00f3n ante instancias federales y estatales para llevar beneficios a la poblaci\u00f3n del distrito al que representa. Aunque no es una tarea considerada legalmente como parte de las responsabilidades de los diputados y senadores, ni duda cabe que es una forma de orientar las pol\u00edticas presupuestales en favor de la gente.<br \/>\nEs cierto que las enormes partidas consideradas en el presupuesto federal para que los legisladores tramiten obras y servicios en favor de quienes hipot\u00e9ticamente los eligieron, se han prestado a la corrupci\u00f3n; varios legisladores han encontrado en este rubro una manera vergonzosa de enriquecerse, al cobrar ilegalmente moches a las autoridades estatales y municipales que reciben recursos presupuestales frescos e, incluso, beneficiando a empresas ligadas a ellos o que pagan por adjudicarse esas obras.<br \/>\nLa diferencia, sin embargo, es c\u00f3mo un diputado opositor como \u00e9l puede atraer recursos para obras que beneficien a sus representados sin mediar actos de corrupci\u00f3n. El ejemplo m\u00e1s claro en este sentido fue el del anterior diputado federal por Xalapa, Uriel Flores Aguayo, electo bajo las siglas del PRD, quien logr\u00f3 derivar fondos federales al ayuntamiento de Xalapa para obra p\u00fablica, de la que los beneficiarios supieron claramente qui\u00e9n fue el benefactor. La extraordinaria coincidencia en este prop\u00f3sito con el alcalde Am\u00e9rico Z\u00fa\u00f1iga Mart\u00ednez permiti\u00f3 que los xalape\u00f1os de colonias marginadas sintieran la acci\u00f3n concertada de su diputado federal y su alcalde en favor de sus necesidades m\u00e1s sentidas.<br \/>\n\u00bfQu\u00e9 imagen deja Cuitl\u00e1huac Garc\u00eda Jim\u00e9nez al se\u00f1alar que \u00e9l nunca se comprometi\u00f3 a gestionar recursos federales para aplicarlo en obra p\u00fablica en su distrito, y que solo se comprometi\u00f3 a un cambio de gobierno? Por supuesto, la de que los dirigentes de Morena solo est\u00e1n interesados en la pol\u00edtica y no en los beneficios que la pol\u00edtica puede brindar a quienes les respaldan en las urnas.<br \/>\nLos xalape\u00f1os no lograron para 2016 un solo quinto para obra p\u00fablica, pese a que estaban disponibles con la m\u00ednima gesti\u00f3n de su diputado federal. \u201cYo no tengo ese compromiso, esta versi\u00f3n de las obras no me toca, nosotros estamos para legislar y para decidir los votos de los presupuestos, pero nada m\u00e1s\u201d, confes\u00f3 a un medio el diputado federal, y se justific\u00f3 con el hecho de que los legisladores de Morena pelearon para que hubiera obras pero dentro del presupuesto, no a trav\u00e9s de recursos extraordinarios.<br \/>\nSeg\u00fan \u00e9l, la Secretar\u00eda de Hacienda y Cr\u00e9dito P\u00fablico determinar\u00e1 junto con los ediles de cada municipio del pa\u00eds c\u00f3mo aplicar los recursos del presupuesto de Egresos de 2016. \u201cCada municipio que se rasque como pueda, yo no voy a solicitarle ni al presidente municipal ni una obra, lo que s\u00ed le voy a solicitar es que haga transparente el recurso que le llegue, ya que es una exigencia del pueblo xalape\u00f1o; tiene que decir c\u00f3mo se va a aplicar y c\u00f3mo se va a gastar\u201d.<br \/>\nSolo debe recordar que los electores piden m\u00e1s acciones concretas y no est\u00e1n precisamente en el \u00e1nimo de solo esperar hipot\u00e9ticos cambios en el gobierno.<\/p>\n","protected":false},"excerpt":{"rendered":"<p>\u00c1lvaro Belin Andrade Hora Libre Desconocido m\u00e1s all\u00e1 de los c\u00edrculos universitarios en que se ha movido como docente y del m\u00e1s \u00edntimo c\u00edrculo del partido que lo llev\u00f3 como candidato a la diputaci\u00f3n federal por Xalapa, Morena, Cuitl\u00e1huac Garc\u00eda Jim\u00e9nez ha sido el centro de atenci\u00f3n en la \u00faltima semana, tanto por sumarse a [&hellip;]<\/p>\n","protected":false},"author":2,"featured_media":0,"comment_status":"open","ping_status":"open","sticky":false,"template":"","format":"standard","meta":{"tdm_status":"","tdm_grid_status":"","footnotes":""},"categories":[70],"tags":[618,3062,1563,3884,1026,96],"class_list":{"0":"post-19248","1":"post","2":"type-post","3":"status-publish","4":"format-standard","6":"category-de-opinion","7":"tag-andres-manuel-lopez-obrador","8":"tag-cnte","9":"tag-cuitlahuac-garcia-jimenez","10":"tag-mmpv","11":"tag-morena","12":"tag-xalapa"},"yoast_head":"<!-- This site is optimized with the Yoast SEO plugin v27.4 - https:\/\/yoast.com\/product\/yoast-seo-wordpress\/ -->\n<title>El candidato de Morena para 2016 - Los pol\u00edticos Veracruz<\/title>\n<meta name=\"robots\" content=\"index, follow, max-snippet:-1, max-image-preview:large, max-video-preview:-1\" \/>\n<link rel=\"canonical\" href=\"https:\/\/lospoliticosveracruz.com\/?p=19248\" \/>\n<meta property=\"og:locale\" content=\"es_ES\" \/>\n<meta property=\"og:type\" content=\"article\" \/>\n<meta property=\"og:title\" content=\"El candidato de Morena para 2016 - Los pol\u00edticos Veracruz\" \/>\n<meta property=\"og:description\" content=\"\u00c1lvaro Belin Andrade Hora Libre Desconocido m\u00e1s all\u00e1 de los c\u00edrculos universitarios en que se ha movido como docente y del m\u00e1s \u00edntimo c\u00edrculo del partido que lo llev\u00f3 como candidato a la diputaci\u00f3n federal por Xalapa, Morena, Cuitl\u00e1huac Garc\u00eda Jim\u00e9nez ha sido el centro de atenci\u00f3n en la \u00faltima semana, tanto por sumarse a [&hellip;]\" \/>\n<meta property=\"og:url\" content=\"https:\/\/lospoliticosveracruz.com\/?p=19248\" \/>\n<meta property=\"og:site_name\" content=\"Los pol\u00edticos Veracruz\" \/>\n<meta property=\"article:publisher\" content=\"https:\/\/www.facebook.com\/people\/Notimemes-de-los-Polticos\/61565672886568\/\" \/>\n<meta property=\"article:published_time\" content=\"2015-11-23T02:01:16+00:00\" \/>\n<meta property=\"og:image\" content=\"https:\/\/lospoliticosveracruz.com\/wp-content\/uploads\/2016\/07\/Logo-Dor.jpg\" \/>\n\t<meta property=\"og:image:width\" content=\"200\" \/>\n\t<meta property=\"og:image:height\" content=\"200\" \/>\n\t<meta property=\"og:image:type\" content=\"image\/jpeg\" \/>\n<meta name=\"author\" content=\"Lo viste en Los Pol\u00edticos\" \/>\n<meta name=\"twitter:card\" content=\"summary_large_image\" \/>\n<meta name=\"twitter:creator\" content=\"@LosPoliticosVer\" \/>\n<meta name=\"twitter:site\" content=\"@LosPoliticosVer\" \/>\n<meta name=\"twitter:label1\" content=\"Escrito por\" \/>\n\t<meta name=\"twitter:data1\" content=\"Lo viste en Los Pol\u00edticos\" \/>\n\t<meta name=\"twitter:label2\" content=\"Tiempo de lectura\" \/>\n\t<meta name=\"twitter:data2\" content=\"6 minutos\" \/>\n<script type=\"application\/ld+json\" class=\"yoast-schema-graph\">{\"@context\":\"https:\\\/\\\/schema.org\",\"@graph\":[{\"@type\":\"Article\",\"@id\":\"https:\\\/\\\/lospoliticosveracruz.com\\\/?p=19248#article\",\"isPartOf\":{\"@id\":\"https:\\\/\\\/lospoliticosveracruz.com\\\/?p=19248\"},\"author\":{\"name\":\"Lo viste en Los Pol\u00edticos\",\"@id\":\"https:\\\/\\\/lospoliticosveracruz.com\\\/#\\\/schema\\\/person\\\/b8702bb0e538456e6efd07080bf2a4a2\"},\"headline\":\"El candidato de Morena para 2016\",\"datePublished\":\"2015-11-23T02:01:16+00:00\",\"mainEntityOfPage\":{\"@id\":\"https:\\\/\\\/lospoliticosveracruz.com\\\/?p=19248\"},\"wordCount\":1121,\"commentCount\":0,\"publisher\":{\"@id\":\"https:\\\/\\\/lospoliticosveracruz.com\\\/#organization\"},\"keywords\":[\"Andr\u00e9s Manuel L\u00f3pez Obrador\",\"CNTE\",\"Cuitl\u00e1huac Garc\u00eda Jim\u00e9nez\",\"MMPV\",\"Morena\",\"Xalapa\"],\"articleSection\":[\"De Opini\u00f3n\"],\"inLanguage\":\"es\",\"potentialAction\":[{\"@type\":\"CommentAction\",\"name\":\"Comment\",\"target\":[\"https:\\\/\\\/lospoliticosveracruz.com\\\/?p=19248#respond\"]}]},{\"@type\":\"WebPage\",\"@id\":\"https:\\\/\\\/lospoliticosveracruz.com\\\/?p=19248\",\"url\":\"https:\\\/\\\/lospoliticosveracruz.com\\\/?p=19248\",\"name\":\"El candidato de Morena para 2016 - Los pol\u00edticos Veracruz\",\"isPartOf\":{\"@id\":\"https:\\\/\\\/lospoliticosveracruz.com\\\/#website\"},\"datePublished\":\"2015-11-23T02:01:16+00:00\",\"breadcrumb\":{\"@id\":\"https:\\\/\\\/lospoliticosveracruz.com\\\/?p=19248#breadcrumb\"},\"inLanguage\":\"es\",\"potentialAction\":[{\"@type\":\"ReadAction\",\"target\":[\"https:\\\/\\\/lospoliticosveracruz.com\\\/?p=19248\"]}]},{\"@type\":\"BreadcrumbList\",\"@id\":\"https:\\\/\\\/lospoliticosveracruz.com\\\/?p=19248#breadcrumb\",\"itemListElement\":[{\"@type\":\"ListItem\",\"position\":1,\"name\":\"Portada\",\"item\":\"https:\\\/\\\/lospoliticosveracruz.com\\\/\"},{\"@type\":\"ListItem\",\"position\":2,\"name\":\"El candidato de Morena para 2016\"}]},{\"@type\":\"WebSite\",\"@id\":\"https:\\\/\\\/lospoliticosveracruz.com\\\/#website\",\"url\":\"https:\\\/\\\/lospoliticosveracruz.com\\\/\",\"name\":\"Los pol\u00edticos Veracruz\",\"description\":\"\",\"publisher\":{\"@id\":\"https:\\\/\\\/lospoliticosveracruz.com\\\/#organization\"},\"potentialAction\":[{\"@type\":\"SearchAction\",\"target\":{\"@type\":\"EntryPoint\",\"urlTemplate\":\"https:\\\/\\\/lospoliticosveracruz.com\\\/?s={search_term_string}\"},\"query-input\":{\"@type\":\"PropertyValueSpecification\",\"valueRequired\":true,\"valueName\":\"search_term_string\"}}],\"inLanguage\":\"es\"},{\"@type\":\"Organization\",\"@id\":\"https:\\\/\\\/lospoliticosveracruz.com\\\/#organization\",\"name\":\"Los pol\u00edticos Veracruz\",\"url\":\"https:\\\/\\\/lospoliticosveracruz.com\\\/\",\"logo\":{\"@type\":\"ImageObject\",\"inLanguage\":\"es\",\"@id\":\"https:\\\/\\\/lospoliticosveracruz.com\\\/#\\\/schema\\\/logo\\\/image\\\/\",\"url\":\"https:\\\/\\\/lospoliticosveracruz.com\\\/wp-content\\\/uploads\\\/2025\\\/12\\\/Logo-Nuevo-LOS-POLITICOS-1.jpg\",\"contentUrl\":\"https:\\\/\\\/lospoliticosveracruz.com\\\/wp-content\\\/uploads\\\/2025\\\/12\\\/Logo-Nuevo-LOS-POLITICOS-1.jpg\",\"width\":260,\"height\":70,\"caption\":\"Los pol\u00edticos Veracruz\"},\"image\":{\"@id\":\"https:\\\/\\\/lospoliticosveracruz.com\\\/#\\\/schema\\\/logo\\\/image\\\/\"},\"sameAs\":[\"https:\\\/\\\/www.facebook.com\\\/people\\\/Notimemes-de-los-Polticos\\\/61565672886568\\\/\",\"https:\\\/\\\/x.com\\\/LosPoliticosVer\"]},{\"@type\":\"Person\",\"@id\":\"https:\\\/\\\/lospoliticosveracruz.com\\\/#\\\/schema\\\/person\\\/b8702bb0e538456e6efd07080bf2a4a2\",\"name\":\"Lo viste en Los Pol\u00edticos\",\"image\":{\"@type\":\"ImageObject\",\"inLanguage\":\"es\",\"@id\":\"https:\\\/\\\/secure.gravatar.com\\\/avatar\\\/3a8de04a2656d44082be478bd6c086daa447c4651605818287b9532d3d0bd435?s=96&d=mm&r=g\",\"url\":\"https:\\\/\\\/secure.gravatar.com\\\/avatar\\\/3a8de04a2656d44082be478bd6c086daa447c4651605818287b9532d3d0bd435?s=96&d=mm&r=g\",\"contentUrl\":\"https:\\\/\\\/secure.gravatar.com\\\/avatar\\\/3a8de04a2656d44082be478bd6c086daa447c4651605818287b9532d3d0bd435?s=96&d=mm&r=g\",\"caption\":\"Lo viste en Los Pol\u00edticos\"},\"url\":\"https:\\\/\\\/lospoliticosveracruz.com\\\/?author=2\"}]}<\/script>\n<!-- \/ Yoast SEO plugin. -->","yoast_head_json":{"title":"El candidato de Morena para 2016 - Los pol\u00edticos Veracruz","robots":{"index":"index","follow":"follow","max-snippet":"max-snippet:-1","max-image-preview":"max-image-preview:large","max-video-preview":"max-video-preview:-1"},"canonical":"https:\/\/lospoliticosveracruz.com\/?p=19248","og_locale":"es_ES","og_type":"article","og_title":"El candidato de Morena para 2016 - Los pol\u00edticos Veracruz","og_description":"\u00c1lvaro Belin Andrade Hora Libre Desconocido m\u00e1s all\u00e1 de los c\u00edrculos universitarios en que se ha movido como docente y del m\u00e1s \u00edntimo c\u00edrculo del partido que lo llev\u00f3 como candidato a la diputaci\u00f3n federal por Xalapa, Morena, Cuitl\u00e1huac Garc\u00eda Jim\u00e9nez ha sido el centro de atenci\u00f3n en la \u00faltima semana, tanto por sumarse a [&hellip;]","og_url":"https:\/\/lospoliticosveracruz.com\/?p=19248","og_site_name":"Los pol\u00edticos Veracruz","article_publisher":"https:\/\/www.facebook.com\/people\/Notimemes-de-los-Polticos\/61565672886568\/","article_published_time":"2015-11-23T02:01:16+00:00","og_image":[{"width":200,"height":200,"url":"https:\/\/lospoliticosveracruz.com\/wp-content\/uploads\/2016\/07\/Logo-Dor.jpg","type":"image\/jpeg"}],"author":"Lo viste en Los Pol\u00edticos","twitter_card":"summary_large_image","twitter_creator":"@LosPoliticosVer","twitter_site":"@LosPoliticosVer","twitter_misc":{"Escrito por":"Lo viste en Los Pol\u00edticos","Tiempo de lectura":"6 minutos"},"schema":{"@context":"https:\/\/schema.org","@graph":[{"@type":"Article","@id":"https:\/\/lospoliticosveracruz.com\/?p=19248#article","isPartOf":{"@id":"https:\/\/lospoliticosveracruz.com\/?p=19248"},"author":{"name":"Lo viste en Los Pol\u00edticos","@id":"https:\/\/lospoliticosveracruz.com\/#\/schema\/person\/b8702bb0e538456e6efd07080bf2a4a2"},"headline":"El candidato de Morena para 2016","datePublished":"2015-11-23T02:01:16+00:00","mainEntityOfPage":{"@id":"https:\/\/lospoliticosveracruz.com\/?p=19248"},"wordCount":1121,"commentCount":0,"publisher":{"@id":"https:\/\/lospoliticosveracruz.com\/#organization"},"keywords":["Andr\u00e9s Manuel L\u00f3pez Obrador","CNTE","Cuitl\u00e1huac Garc\u00eda Jim\u00e9nez","MMPV","Morena","Xalapa"],"articleSection":["De Opini\u00f3n"],"inLanguage":"es","potentialAction":[{"@type":"CommentAction","name":"Comment","target":["https:\/\/lospoliticosveracruz.com\/?p=19248#respond"]}]},{"@type":"WebPage","@id":"https:\/\/lospoliticosveracruz.com\/?p=19248","url":"https:\/\/lospoliticosveracruz.com\/?p=19248","name":"El candidato de Morena para 2016 - Los pol\u00edticos Veracruz","isPartOf":{"@id":"https:\/\/lospoliticosveracruz.com\/#website"},"datePublished":"2015-11-23T02:01:16+00:00","breadcrumb":{"@id":"https:\/\/lospoliticosveracruz.com\/?p=19248#breadcrumb"},"inLanguage":"es","potentialAction":[{"@type":"ReadAction","target":["https:\/\/lospoliticosveracruz.com\/?p=19248"]}]},{"@type":"BreadcrumbList","@id":"https:\/\/lospoliticosveracruz.com\/?p=19248#breadcrumb","itemListElement":[{"@type":"ListItem","position":1,"name":"Portada","item":"https:\/\/lospoliticosveracruz.com\/"},{"@type":"ListItem","position":2,"name":"El candidato de Morena para 2016"}]},{"@type":"WebSite","@id":"https:\/\/lospoliticosveracruz.com\/#website","url":"https:\/\/lospoliticosveracruz.com\/","name":"Los pol\u00edticos Veracruz","description":"","publisher":{"@id":"https:\/\/lospoliticosveracruz.com\/#organization"},"potentialAction":[{"@type":"SearchAction","target":{"@type":"EntryPoint","urlTemplate":"https:\/\/lospoliticosveracruz.com\/?s={search_term_string}"},"query-input":{"@type":"PropertyValueSpecification","valueRequired":true,"valueName":"search_term_string"}}],"inLanguage":"es"},{"@type":"Organization","@id":"https:\/\/lospoliticosveracruz.com\/#organization","name":"Los pol\u00edticos Veracruz","url":"https:\/\/lospoliticosveracruz.com\/","logo":{"@type":"ImageObject","inLanguage":"es","@id":"https:\/\/lospoliticosveracruz.com\/#\/schema\/logo\/image\/","url":"https:\/\/lospoliticosveracruz.com\/wp-content\/uploads\/2025\/12\/Logo-Nuevo-LOS-POLITICOS-1.jpg","contentUrl":"https:\/\/lospoliticosveracruz.com\/wp-content\/uploads\/2025\/12\/Logo-Nuevo-LOS-POLITICOS-1.jpg","width":260,"height":70,"caption":"Los pol\u00edticos Veracruz"},"image":{"@id":"https:\/\/lospoliticosveracruz.com\/#\/schema\/logo\/image\/"},"sameAs":["https:\/\/www.facebook.com\/people\/Notimemes-de-los-Polticos\/61565672886568\/","https:\/\/x.com\/LosPoliticosVer"]},{"@type":"Person","@id":"https:\/\/lospoliticosveracruz.com\/#\/schema\/person\/b8702bb0e538456e6efd07080bf2a4a2","name":"Lo viste en Los Pol\u00edticos","image":{"@type":"ImageObject","inLanguage":"es","@id":"https:\/\/secure.gravatar.com\/avatar\/3a8de04a2656d44082be478bd6c086daa447c4651605818287b9532d3d0bd435?s=96&d=mm&r=g","url":"https:\/\/secure.gravatar.com\/avatar\/3a8de04a2656d44082be478bd6c086daa447c4651605818287b9532d3d0bd435?s=96&d=mm&r=g","contentUrl":"https:\/\/secure.gravatar.com\/avatar\/3a8de04a2656d44082be478bd6c086daa447c4651605818287b9532d3d0bd435?s=96&d=mm&r=g","caption":"Lo viste en Los Pol\u00edticos"},"url":"https:\/\/lospoliticosveracruz.com\/?author=2"}]}},"_links":{"self":[{"href":"https:\/\/lospoliticosveracruz.com\/index.php?rest_route=\/wp\/v2\/posts\/19248","targetHints":{"allow":["GET"]}}],"collection":[{"href":"https:\/\/lospoliticosveracruz.com\/index.php?rest_route=\/wp\/v2\/posts"}],"about":[{"href":"https:\/\/lospoliticosveracruz.com\/index.php?rest_route=\/wp\/v2\/types\/post"}],"author":[{"embeddable":true,"href":"https:\/\/lospoliticosveracruz.com\/index.php?rest_route=\/wp\/v2\/users\/2"}],"replies":[{"embeddable":true,"href":"https:\/\/lospoliticosveracruz.com\/index.php?rest_route=%2Fwp%2Fv2%2Fcomments&post=19248"}],"version-history":[{"count":1,"href":"https:\/\/lospoliticosveracruz.com\/index.php?rest_route=\/wp\/v2\/posts\/19248\/revisions"}],"predecessor-version":[{"id":19250,"href":"https:\/\/lospoliticosveracruz.com\/index.php?rest_route=\/wp\/v2\/posts\/19248\/revisions\/19250"}],"wp:attachment":[{"href":"https:\/\/lospoliticosveracruz.com\/index.php?rest_route=%2Fwp%2Fv2%2Fmedia&parent=19248"}],"wp:term":[{"taxonomy":"category","embeddable":true,"href":"https:\/\/lospoliticosveracruz.com\/index.php?rest_route=%2Fwp%2Fv2%2Fcategories&post=19248"},{"taxonomy":"post_tag","embeddable":true,"href":"https:\/\/lospoliticosveracruz.com\/index.php?rest_route=%2Fwp%2Fv2%2Ftags&post=19248"}],"curies":[{"name":"wp","href":"https:\/\/api.w.org\/{rel}","templated":true}]}}