{"id":19303,"date":"2015-11-24T08:51:08","date_gmt":"2015-11-24T14:51:08","guid":{"rendered":"http:\/\/www.lospoliticosveracruz.com.mx\/?p=19303"},"modified":"2015-11-24T08:51:08","modified_gmt":"2015-11-24T14:51:08","slug":"el-abrazo-de-beto-y-hector","status":"publish","type":"post","link":"https:\/\/lospoliticosveracruz.com\/?p=19303","title":{"rendered":"El abrazo de Beto y H\u00e9ctor"},"content":{"rendered":"<p><a href=\"http:\/\/www.lospoliticosveracruz.com.mx\/wp-content\/uploads\/2015\/11\/Alberto-Silva-H\u00e9ctor-Yunes1.jpg\"><img loading=\"lazy\" decoding=\"async\" class=\"alignnone size-medium wp-image-19305\" src=\"http:\/\/www.lospoliticosveracruz.com.mx\/wp-content\/uploads\/2015\/11\/Alberto-Silva-H\u00e9ctor-Yunes1-300x204.jpg\" alt=\"Alberto Silva H\u00e9ctor Yunes\" width=\"300\" height=\"204\" \/><\/a><\/p>\n<p><strong>Jos\u00e9 Ortiz Medina<\/strong><\/p>\n<p><em>En Corto&#8230; sin Cortes<\/em><\/p>\n<p>Realmente preocupante lo dado a conocer por el Observatorio Ciudadano de Coatzacoalcos, en el sentido de que j\u00f3venes menores a 22 a\u00f1os son los nuevos \u201ccapos\u201d del crimen organizado.<br \/>\nDe acuerdo con el titular del Observatorio, Luis Fajardo V\u00e1zquez, \u201cla juventud es el sector m\u00e1s vulnerable\u201d a este fen\u00f3meno, ya que 75 por ciento de los delincuentes tienen entre 16 y 25 a\u00f1os.<br \/>\nEsto s\u00f3lo tiene una explicaci\u00f3n: la p\u00e9rdida de valores provocada por las deficiencias del sistema educativo del pa\u00eds, que no est\u00e1 formando ciudadanos de bien, con bases s\u00f3lidas en el respeto a los dem\u00e1s.<br \/>\nY por supuesto, en la ausencia de oportunidades para un desarrollo humano pleno y digno.<br \/>\nVerdaderamente tr\u00e1gico que sea as\u00ed.<\/p>\n<p>NO LE HA IDO muy bien al diputado federal por Xalapa urbano Cuitl\u00e1huac Garc\u00eda en los \u00faltimos d\u00edas, pues sus declaraciones y acciones le han acarreado cr\u00edticas de parte de los ciudadanos. En primer t\u00e9rmino, caus\u00f3 molestia que se desentendiera de la gesti\u00f3n de recursos para Xalapa en la negociaci\u00f3n del Presupuesto de Egresos de la Federaci\u00f3n, diciendo que \u00e9l no se comprometi\u00f3 a eso en campa\u00f1a ni es su chamba, sino del Ayuntamiento. Y entonces, \u00bfcu\u00e1l cree que es su chamba como representante popular? Y luego vino el acto de protagonismo al participar en primera fila en el bloqueo del complejo Omega el primer d\u00eda de la evaluaci\u00f3n magisterial, lo que hasta una \u201czarandeada\u201d de la polic\u00eda le vali\u00f3. \u00bfA poco los xalape\u00f1os lo eligieron para hacer activismo pol\u00edtico? Muy pronto ha demostrado el diputado de Morena que est\u00e1 muy verde para las lides pol\u00edticas. Si de verdad quiere ser el candidato de su partido a la gubernatura el a\u00f1o entrante, como lo ha perfilado su dirigente Andr\u00e9s Manuel L\u00f3pez Obrador, va a tener que madurar bastante. Y tiempo no le sobra.<\/p>\n<p>SIN DUDA UNA excelente noticia para la zona sur de Veracruz es que este mes de diciembre entrar\u00e1 en operaciones el complejo petroqu\u00edmico Etileno XXI, la mayor obra sectorial a nivel regional desde los a\u00f1os 80. Esta planta, construida y operada por Braskem Idesa \u2013una sociedad conformada por la firma brasile\u00f1a Braskem, que posee 75 por ciento de las acciones, y por el grupo mexicano Idesa, que dispone del 25 por ciento\u2013, ser\u00e1 capaz de producir un mill\u00f3n de toneladas anuales de etileno y polietileno, lo que reducir\u00e1 a la mitad las importaciones de resinas de M\u00e9xico. Esta obra capt\u00f3 una inversi\u00f3n total de cinco mil 200 millones de d\u00f3lares, el mayor desembolso privado de toda la actividad industrial mexicana en los \u00faltimos 20 a\u00f1os, y tan s\u00f3lo su construcci\u00f3n dio trabajo a cerca de 17 mil trabajadores en la zona sur de Veracruz. Una vez en funcionamiento, generar\u00e1 alrededor de tres mil empleos permanentes, 700 directos y dos mil 300 indirectos, entre proveedores de log\u00edstica, transporte, comunicaci\u00f3n, entre otros. Al parecer se vienen buenos tiempos para la zona sur. Ojal\u00e1 se sepa aprovechar esta gran oportunidad.<\/p>\n<p>EN EL MARCO de la visita del presidente Enrique Pe\u00f1a Nieto a Veracruz, efectuada este lunes, fue muy comentado el abrazo de dos aspirantes a la candidatura priista al gobierno del estado, el senador H\u00e9ctor Yunes Landa y el dirigente del partido en la entidad, Alberto Silva Ramos. Como se sabe, Pe\u00f1a Nieto estuvo en el Puerto para abanderar dos embarcaciones, y para inaugurar las nuevas instalaciones de la Zona Naval, ubicadas en la antigua aduana de Veracruz. En ese lugar, los aspirantes a la candidatura del tricolor se encontraron. Los periodistas presentes se apresuraron a sacar las c\u00e1maras y en ese momento, senador y diputado federal se dieron un fuerte abrazo, como muestra de la cordialidad que prevalece entre ellos. Por lo visto, H\u00e9ctor y Beto pueden tener diferencias pol\u00edticas, pero eso no impide que muestren su educaci\u00f3n y camarader\u00eda porque, finalmente, se trata de dos legisladores federales (c\u00e1mara alta y baja, respectivamente) y compa\u00f1eros del mismo partido. Por cierto, H\u00e9ctor Yunes no descart\u00f3 la candidatura por Alternativa Veracruzana, AVE, aunque dijo que ello ocurrir\u00e1 si antes lo postula el Revolucionario Institucional.<\/p>\n<p>LUEGO DE QUE el gobernador Javier Duarte de Ochoa dijera que en ning\u00fan momento se les proh\u00edbe o indica a los secretarios de despacho qu\u00e9 escribir en sus redes sociales, se desprenden varias aristas en referencia al video que el titular de la Secretar\u00eda de Infraestructura y Obras P\u00fablicas (SIOP), Tom\u00e1s Ruiz Gonz\u00e1lez public\u00f3 el fin de semana. Y es que el gobernador se dijo respetuoso de las acciones de sus funcionarios siempre que no afecten sus actividades como funcionarios p\u00fablicos. Primero se observa que no se infringe norma alguna al moverse en redes sociales; segundo, el mandatario reconoci\u00f3 el trabajo del secretario como integrante de su gabinete y, tercero, Duarte de Ochoa sabe perfectamente de las aspiraciones de Tom\u00e1s Ruiz a la gubernatura, por lo que no se opone a que se \u201cmueva\u201d como opci\u00f3n.<\/p>\n<p>NO SE PIERDAN este martes a las 9 de la noche la entrevista con el aspirante panista a la gubernatura, Juan Bueno Torio, quien estar\u00e1 en el programa de TV Polaca a la veracruzana. La cita es trav\u00e9s de formato7.com, versiones.com.mx, adem\u00e1s de otros nueve portales. Como siempre, se contar\u00e1 con los destacados panelistas Raymundo Jim\u00e9nez, Manuel Rosete y quien esto escribe.<\/p>\n","protected":false},"excerpt":{"rendered":"<p>Jos\u00e9 Ortiz Medina En Corto&#8230; sin Cortes Realmente preocupante lo dado a conocer por el Observatorio Ciudadano de Coatzacoalcos, en el sentido de que j\u00f3venes menores a 22 a\u00f1os son los nuevos \u201ccapos\u201d del crimen organizado. De acuerdo con el titular del Observatorio, Luis Fajardo V\u00e1zquez, \u201cla juventud es el sector m\u00e1s vulnerable\u201d a este [&hellip;]<\/p>\n","protected":false},"author":2,"featured_media":0,"comment_status":"open","ping_status":"open","sticky":false,"template":"","format":"standard","meta":{"tdm_status":"","tdm_grid_status":"","footnotes":""},"categories":[70],"tags":[371,1681,348,4180,1026,4181],"class_list":{"0":"post-19303","1":"post","2":"type-post","3":"status-publish","4":"format-standard","6":"category-de-opinion","7":"tag-coatzacoalcos","8":"tag-cuitlahuac-garcia","9":"tag-hector-yunes-landa","10":"tag-luis-fajardo-vazquez","11":"tag-morena","12":"tag-observatorio-ciudadano"},"yoast_head":"<!-- This site is optimized with the Yoast SEO plugin v27.4 - https:\/\/yoast.com\/product\/yoast-seo-wordpress\/ -->\n<title>El abrazo de Beto y H\u00e9ctor - Los pol\u00edticos Veracruz<\/title>\n<meta name=\"robots\" content=\"index, follow, max-snippet:-1, max-image-preview:large, max-video-preview:-1\" \/>\n<link rel=\"canonical\" href=\"https:\/\/lospoliticosveracruz.com\/?p=19303\" \/>\n<meta property=\"og:locale\" content=\"es_ES\" \/>\n<meta property=\"og:type\" content=\"article\" \/>\n<meta property=\"og:title\" content=\"El abrazo de Beto y H\u00e9ctor - Los pol\u00edticos Veracruz\" \/>\n<meta property=\"og:description\" content=\"Jos\u00e9 Ortiz Medina En Corto&#8230; sin Cortes Realmente preocupante lo dado a conocer por el Observatorio Ciudadano de Coatzacoalcos, en el sentido de que j\u00f3venes menores a 22 a\u00f1os son los nuevos \u201ccapos\u201d del crimen organizado. De acuerdo con el titular del Observatorio, Luis Fajardo V\u00e1zquez, \u201cla juventud es el sector m\u00e1s vulnerable\u201d a este [&hellip;]\" \/>\n<meta property=\"og:url\" content=\"https:\/\/lospoliticosveracruz.com\/?p=19303\" \/>\n<meta property=\"og:site_name\" content=\"Los pol\u00edticos Veracruz\" \/>\n<meta property=\"article:publisher\" content=\"https:\/\/www.facebook.com\/people\/Notimemes-de-los-Polticos\/61565672886568\/\" \/>\n<meta property=\"article:published_time\" content=\"2015-11-24T14:51:08+00:00\" \/>\n<meta property=\"og:image\" content=\"https:\/\/lospoliticosveracruz.com\/wp-content\/uploads\/2016\/07\/Logo-Dor.jpg\" \/>\n\t<meta property=\"og:image:width\" content=\"200\" \/>\n\t<meta property=\"og:image:height\" content=\"200\" \/>\n\t<meta property=\"og:image:type\" content=\"image\/jpeg\" \/>\n<meta name=\"author\" content=\"Lo viste en Los Pol\u00edticos\" \/>\n<meta name=\"twitter:card\" content=\"summary_large_image\" \/>\n<meta name=\"twitter:creator\" content=\"@LosPoliticosVer\" \/>\n<meta name=\"twitter:site\" content=\"@LosPoliticosVer\" \/>\n<meta name=\"twitter:label1\" content=\"Escrito por\" \/>\n\t<meta name=\"twitter:data1\" content=\"Lo viste en Los Pol\u00edticos\" \/>\n\t<meta name=\"twitter:label2\" content=\"Tiempo de lectura\" \/>\n\t<meta name=\"twitter:data2\" content=\"5 minutos\" \/>\n<script type=\"application\/ld+json\" class=\"yoast-schema-graph\">{\"@context\":\"https:\\\/\\\/schema.org\",\"@graph\":[{\"@type\":\"Article\",\"@id\":\"https:\\\/\\\/lospoliticosveracruz.com\\\/?p=19303#article\",\"isPartOf\":{\"@id\":\"https:\\\/\\\/lospoliticosveracruz.com\\\/?p=19303\"},\"author\":{\"name\":\"Lo viste en Los Pol\u00edticos\",\"@id\":\"https:\\\/\\\/lospoliticosveracruz.com\\\/#\\\/schema\\\/person\\\/b8702bb0e538456e6efd07080bf2a4a2\"},\"headline\":\"El abrazo de Beto y H\u00e9ctor\",\"datePublished\":\"2015-11-24T14:51:08+00:00\",\"mainEntityOfPage\":{\"@id\":\"https:\\\/\\\/lospoliticosveracruz.com\\\/?p=19303\"},\"wordCount\":939,\"commentCount\":0,\"publisher\":{\"@id\":\"https:\\\/\\\/lospoliticosveracruz.com\\\/#organization\"},\"keywords\":[\"Coatzacoalcos\",\"Cuitl\u00e1huac Garc\u00eda\",\"H\u00e9ctor Yunes Landa\",\"Luis Fajardo V\u00e1zquez\",\"Morena\",\"Observatorio Ciudadano\"],\"articleSection\":[\"De Opini\u00f3n\"],\"inLanguage\":\"es\",\"potentialAction\":[{\"@type\":\"CommentAction\",\"name\":\"Comment\",\"target\":[\"https:\\\/\\\/lospoliticosveracruz.com\\\/?p=19303#respond\"]}]},{\"@type\":\"WebPage\",\"@id\":\"https:\\\/\\\/lospoliticosveracruz.com\\\/?p=19303\",\"url\":\"https:\\\/\\\/lospoliticosveracruz.com\\\/?p=19303\",\"name\":\"El abrazo de Beto y H\u00e9ctor - Los pol\u00edticos Veracruz\",\"isPartOf\":{\"@id\":\"https:\\\/\\\/lospoliticosveracruz.com\\\/#website\"},\"datePublished\":\"2015-11-24T14:51:08+00:00\",\"breadcrumb\":{\"@id\":\"https:\\\/\\\/lospoliticosveracruz.com\\\/?p=19303#breadcrumb\"},\"inLanguage\":\"es\",\"potentialAction\":[{\"@type\":\"ReadAction\",\"target\":[\"https:\\\/\\\/lospoliticosveracruz.com\\\/?p=19303\"]}]},{\"@type\":\"BreadcrumbList\",\"@id\":\"https:\\\/\\\/lospoliticosveracruz.com\\\/?p=19303#breadcrumb\",\"itemListElement\":[{\"@type\":\"ListItem\",\"position\":1,\"name\":\"Portada\",\"item\":\"https:\\\/\\\/lospoliticosveracruz.com\\\/\"},{\"@type\":\"ListItem\",\"position\":2,\"name\":\"El abrazo de Beto y H\u00e9ctor\"}]},{\"@type\":\"WebSite\",\"@id\":\"https:\\\/\\\/lospoliticosveracruz.com\\\/#website\",\"url\":\"https:\\\/\\\/lospoliticosveracruz.com\\\/\",\"name\":\"Los pol\u00edticos Veracruz\",\"description\":\"\",\"publisher\":{\"@id\":\"https:\\\/\\\/lospoliticosveracruz.com\\\/#organization\"},\"potentialAction\":[{\"@type\":\"SearchAction\",\"target\":{\"@type\":\"EntryPoint\",\"urlTemplate\":\"https:\\\/\\\/lospoliticosveracruz.com\\\/?s={search_term_string}\"},\"query-input\":{\"@type\":\"PropertyValueSpecification\",\"valueRequired\":true,\"valueName\":\"search_term_string\"}}],\"inLanguage\":\"es\"},{\"@type\":\"Organization\",\"@id\":\"https:\\\/\\\/lospoliticosveracruz.com\\\/#organization\",\"name\":\"Los pol\u00edticos Veracruz\",\"url\":\"https:\\\/\\\/lospoliticosveracruz.com\\\/\",\"logo\":{\"@type\":\"ImageObject\",\"inLanguage\":\"es\",\"@id\":\"https:\\\/\\\/lospoliticosveracruz.com\\\/#\\\/schema\\\/logo\\\/image\\\/\",\"url\":\"https:\\\/\\\/lospoliticosveracruz.com\\\/wp-content\\\/uploads\\\/2025\\\/12\\\/Logo-Nuevo-LOS-POLITICOS-1.jpg\",\"contentUrl\":\"https:\\\/\\\/lospoliticosveracruz.com\\\/wp-content\\\/uploads\\\/2025\\\/12\\\/Logo-Nuevo-LOS-POLITICOS-1.jpg\",\"width\":260,\"height\":70,\"caption\":\"Los pol\u00edticos Veracruz\"},\"image\":{\"@id\":\"https:\\\/\\\/lospoliticosveracruz.com\\\/#\\\/schema\\\/logo\\\/image\\\/\"},\"sameAs\":[\"https:\\\/\\\/www.facebook.com\\\/people\\\/Notimemes-de-los-Polticos\\\/61565672886568\\\/\",\"https:\\\/\\\/x.com\\\/LosPoliticosVer\"]},{\"@type\":\"Person\",\"@id\":\"https:\\\/\\\/lospoliticosveracruz.com\\\/#\\\/schema\\\/person\\\/b8702bb0e538456e6efd07080bf2a4a2\",\"name\":\"Lo viste en Los Pol\u00edticos\",\"image\":{\"@type\":\"ImageObject\",\"inLanguage\":\"es\",\"@id\":\"https:\\\/\\\/secure.gravatar.com\\\/avatar\\\/3a8de04a2656d44082be478bd6c086daa447c4651605818287b9532d3d0bd435?s=96&d=mm&r=g\",\"url\":\"https:\\\/\\\/secure.gravatar.com\\\/avatar\\\/3a8de04a2656d44082be478bd6c086daa447c4651605818287b9532d3d0bd435?s=96&d=mm&r=g\",\"contentUrl\":\"https:\\\/\\\/secure.gravatar.com\\\/avatar\\\/3a8de04a2656d44082be478bd6c086daa447c4651605818287b9532d3d0bd435?s=96&d=mm&r=g\",\"caption\":\"Lo viste en Los Pol\u00edticos\"},\"url\":\"https:\\\/\\\/lospoliticosveracruz.com\\\/?author=2\"}]}<\/script>\n<!-- \/ Yoast SEO plugin. -->","yoast_head_json":{"title":"El abrazo de Beto y H\u00e9ctor - Los pol\u00edticos Veracruz","robots":{"index":"index","follow":"follow","max-snippet":"max-snippet:-1","max-image-preview":"max-image-preview:large","max-video-preview":"max-video-preview:-1"},"canonical":"https:\/\/lospoliticosveracruz.com\/?p=19303","og_locale":"es_ES","og_type":"article","og_title":"El abrazo de Beto y H\u00e9ctor - Los pol\u00edticos Veracruz","og_description":"Jos\u00e9 Ortiz Medina En Corto&#8230; sin Cortes Realmente preocupante lo dado a conocer por el Observatorio Ciudadano de Coatzacoalcos, en el sentido de que j\u00f3venes menores a 22 a\u00f1os son los nuevos \u201ccapos\u201d del crimen organizado. De acuerdo con el titular del Observatorio, Luis Fajardo V\u00e1zquez, \u201cla juventud es el sector m\u00e1s vulnerable\u201d a este [&hellip;]","og_url":"https:\/\/lospoliticosveracruz.com\/?p=19303","og_site_name":"Los pol\u00edticos Veracruz","article_publisher":"https:\/\/www.facebook.com\/people\/Notimemes-de-los-Polticos\/61565672886568\/","article_published_time":"2015-11-24T14:51:08+00:00","og_image":[{"width":200,"height":200,"url":"https:\/\/lospoliticosveracruz.com\/wp-content\/uploads\/2016\/07\/Logo-Dor.jpg","type":"image\/jpeg"}],"author":"Lo viste en Los Pol\u00edticos","twitter_card":"summary_large_image","twitter_creator":"@LosPoliticosVer","twitter_site":"@LosPoliticosVer","twitter_misc":{"Escrito por":"Lo viste en Los Pol\u00edticos","Tiempo de lectura":"5 minutos"},"schema":{"@context":"https:\/\/schema.org","@graph":[{"@type":"Article","@id":"https:\/\/lospoliticosveracruz.com\/?p=19303#article","isPartOf":{"@id":"https:\/\/lospoliticosveracruz.com\/?p=19303"},"author":{"name":"Lo viste en Los Pol\u00edticos","@id":"https:\/\/lospoliticosveracruz.com\/#\/schema\/person\/b8702bb0e538456e6efd07080bf2a4a2"},"headline":"El abrazo de Beto y H\u00e9ctor","datePublished":"2015-11-24T14:51:08+00:00","mainEntityOfPage":{"@id":"https:\/\/lospoliticosveracruz.com\/?p=19303"},"wordCount":939,"commentCount":0,"publisher":{"@id":"https:\/\/lospoliticosveracruz.com\/#organization"},"keywords":["Coatzacoalcos","Cuitl\u00e1huac Garc\u00eda","H\u00e9ctor Yunes Landa","Luis Fajardo V\u00e1zquez","Morena","Observatorio Ciudadano"],"articleSection":["De Opini\u00f3n"],"inLanguage":"es","potentialAction":[{"@type":"CommentAction","name":"Comment","target":["https:\/\/lospoliticosveracruz.com\/?p=19303#respond"]}]},{"@type":"WebPage","@id":"https:\/\/lospoliticosveracruz.com\/?p=19303","url":"https:\/\/lospoliticosveracruz.com\/?p=19303","name":"El abrazo de Beto y H\u00e9ctor - Los pol\u00edticos Veracruz","isPartOf":{"@id":"https:\/\/lospoliticosveracruz.com\/#website"},"datePublished":"2015-11-24T14:51:08+00:00","breadcrumb":{"@id":"https:\/\/lospoliticosveracruz.com\/?p=19303#breadcrumb"},"inLanguage":"es","potentialAction":[{"@type":"ReadAction","target":["https:\/\/lospoliticosveracruz.com\/?p=19303"]}]},{"@type":"BreadcrumbList","@id":"https:\/\/lospoliticosveracruz.com\/?p=19303#breadcrumb","itemListElement":[{"@type":"ListItem","position":1,"name":"Portada","item":"https:\/\/lospoliticosveracruz.com\/"},{"@type":"ListItem","position":2,"name":"El abrazo de Beto y H\u00e9ctor"}]},{"@type":"WebSite","@id":"https:\/\/lospoliticosveracruz.com\/#website","url":"https:\/\/lospoliticosveracruz.com\/","name":"Los pol\u00edticos Veracruz","description":"","publisher":{"@id":"https:\/\/lospoliticosveracruz.com\/#organization"},"potentialAction":[{"@type":"SearchAction","target":{"@type":"EntryPoint","urlTemplate":"https:\/\/lospoliticosveracruz.com\/?s={search_term_string}"},"query-input":{"@type":"PropertyValueSpecification","valueRequired":true,"valueName":"search_term_string"}}],"inLanguage":"es"},{"@type":"Organization","@id":"https:\/\/lospoliticosveracruz.com\/#organization","name":"Los pol\u00edticos Veracruz","url":"https:\/\/lospoliticosveracruz.com\/","logo":{"@type":"ImageObject","inLanguage":"es","@id":"https:\/\/lospoliticosveracruz.com\/#\/schema\/logo\/image\/","url":"https:\/\/lospoliticosveracruz.com\/wp-content\/uploads\/2025\/12\/Logo-Nuevo-LOS-POLITICOS-1.jpg","contentUrl":"https:\/\/lospoliticosveracruz.com\/wp-content\/uploads\/2025\/12\/Logo-Nuevo-LOS-POLITICOS-1.jpg","width":260,"height":70,"caption":"Los pol\u00edticos Veracruz"},"image":{"@id":"https:\/\/lospoliticosveracruz.com\/#\/schema\/logo\/image\/"},"sameAs":["https:\/\/www.facebook.com\/people\/Notimemes-de-los-Polticos\/61565672886568\/","https:\/\/x.com\/LosPoliticosVer"]},{"@type":"Person","@id":"https:\/\/lospoliticosveracruz.com\/#\/schema\/person\/b8702bb0e538456e6efd07080bf2a4a2","name":"Lo viste en Los Pol\u00edticos","image":{"@type":"ImageObject","inLanguage":"es","@id":"https:\/\/secure.gravatar.com\/avatar\/3a8de04a2656d44082be478bd6c086daa447c4651605818287b9532d3d0bd435?s=96&d=mm&r=g","url":"https:\/\/secure.gravatar.com\/avatar\/3a8de04a2656d44082be478bd6c086daa447c4651605818287b9532d3d0bd435?s=96&d=mm&r=g","contentUrl":"https:\/\/secure.gravatar.com\/avatar\/3a8de04a2656d44082be478bd6c086daa447c4651605818287b9532d3d0bd435?s=96&d=mm&r=g","caption":"Lo viste en Los Pol\u00edticos"},"url":"https:\/\/lospoliticosveracruz.com\/?author=2"}]}},"_links":{"self":[{"href":"https:\/\/lospoliticosveracruz.com\/index.php?rest_route=\/wp\/v2\/posts\/19303","targetHints":{"allow":["GET"]}}],"collection":[{"href":"https:\/\/lospoliticosveracruz.com\/index.php?rest_route=\/wp\/v2\/posts"}],"about":[{"href":"https:\/\/lospoliticosveracruz.com\/index.php?rest_route=\/wp\/v2\/types\/post"}],"author":[{"embeddable":true,"href":"https:\/\/lospoliticosveracruz.com\/index.php?rest_route=\/wp\/v2\/users\/2"}],"replies":[{"embeddable":true,"href":"https:\/\/lospoliticosveracruz.com\/index.php?rest_route=%2Fwp%2Fv2%2Fcomments&post=19303"}],"version-history":[{"count":1,"href":"https:\/\/lospoliticosveracruz.com\/index.php?rest_route=\/wp\/v2\/posts\/19303\/revisions"}],"predecessor-version":[{"id":19306,"href":"https:\/\/lospoliticosveracruz.com\/index.php?rest_route=\/wp\/v2\/posts\/19303\/revisions\/19306"}],"wp:attachment":[{"href":"https:\/\/lospoliticosveracruz.com\/index.php?rest_route=%2Fwp%2Fv2%2Fmedia&parent=19303"}],"wp:term":[{"taxonomy":"category","embeddable":true,"href":"https:\/\/lospoliticosveracruz.com\/index.php?rest_route=%2Fwp%2Fv2%2Fcategories&post=19303"},{"taxonomy":"post_tag","embeddable":true,"href":"https:\/\/lospoliticosveracruz.com\/index.php?rest_route=%2Fwp%2Fv2%2Ftags&post=19303"}],"curies":[{"name":"wp","href":"https:\/\/api.w.org\/{rel}","templated":true}]}}