{"id":19396,"date":"2015-11-26T08:51:41","date_gmt":"2015-11-26T14:51:41","guid":{"rendered":"http:\/\/www.lospoliticosveracruz.com.mx\/violencia-de-genero-imparable\/"},"modified":"2015-11-26T08:51:41","modified_gmt":"2015-11-26T14:51:41","slug":"violencia-de-genero-imparable","status":"publish","type":"post","link":"https:\/\/lospoliticosveracruz.com\/?p=19396","title":{"rendered":"Violencia de G\u00e9nero: Imparable"},"content":{"rendered":"<p><a href=\"http:\/\/www.lospoliticosveracruz.com.mx\/wp-content\/uploads\/2015\/11\/Antonio-Luna-Andrade.jpg\"><img loading=\"lazy\" decoding=\"async\" class=\"alignnone size-medium wp-image-19397\" src=\"http:\/\/www.lospoliticosveracruz.com.mx\/wp-content\/uploads\/2015\/11\/Antonio-Luna-Andrade-300x200.jpg\" alt=\"Antonio Luna Andrade\" width=\"300\" height=\"200\" \/><\/a><\/p>\n<p><strong>Claudia Guerrero Mart\u00ednez<\/strong><br \/>\n<em>Entre lo ut\u00f3pico y lo verdadero<\/em><\/p>\n<p>De cada diez mujeres, seis sufren violencia de g\u00e9nero en M\u00e9xico\u2026 Seg\u00fan el INEGI, en su apartado sobre Encuesta Nacional sobre la Din\u00e1mica de las Relaciones en los Hogares, en la cual, asegura que mayores de 15 a\u00f1os han padecido distintos tipos de violencia, seg\u00fan datos arrojados en el 2011\u2026 Y lamentablemente, la cifra va en aumento\u2026<\/p>\n<p>Y es que las mujeres, gracias a los usos y costumbres, creen que deben soportar la violencia y maltrato, por su condici\u00f3n de ceder y tolerar\u2026 Y peor, cuando perteneces a una familia disfuncional, caracter\u00edstica primordial en M\u00e9xico, como una constante desde hace 50 a\u00f1os\u2026 Nuestros h\u00e1bitos y la contracultura han influido enormemente a este incremento, sin olvidar si provienes de familias, con madres y abuelas golpeadas\u2026 Maltratadas f\u00edsica y psicol\u00f3gicamente\u2026<\/p>\n<p>Seg\u00fan el Peri\u00f3dico El Financiero, se tienen registrados 7 mil 411 casos de violencia contra las mujeres, durante el 2014, con base al Banco Nacional de Datos e Informaci\u00f3n sobre Violencia contra las Mujeres\u2026 Los ataques van desde lo psicol\u00f3gico, emocional, f\u00edsico y sexual\u2026Seg\u00fan Amnist\u00eda Internacional M\u00e9xico, siete mujeres son asesinadas cada d\u00eda en nuestro pa\u00eds\u2026 Y hace hincapi\u00e9 en esto: \u201cCon frecuencia los casos de feminicidio no se investigan como tales y no son atendidos por la justicia adecuadamente, generando un patr\u00f3n de impunidad. Aunado a ello, la respuesta de las autoridades ante la incidencia de estos cr\u00edmenes se ha caracterizado por la minimizaci\u00f3n e invisibilizaci\u00f3n de los hechos y la falta de reconocimiento de las causas de g\u00e9nero que subyacen detr\u00e1s de los mismos\u201d\u2026 Ejemplos de esto, es el multihomicidio en la Colonia Narvarte, donde murieron varias mujeres y el fotoperiodista Rub\u00e9n Espinoza\u2026 Este horrendo suceso, jam\u00e1s fue tipificado como feminicidio, cuando cubre todas las especificaciones\u2026 A las autoridades federales y estatales les asusta \u00e9sta denominaci\u00f3n y evaden el uso legal de la denominaci\u00f3n Feminicidio\u2026<\/p>\n<p>Por lo pronto, la administraci\u00f3n de Javier Duarte, realiza omisi\u00f3n al reclamo de grupos y activistas en pro de defender la equidad de g\u00e9nero, as\u00ed como a las familias con la exigencia de justicia para sus madres, esposas, hijas, hermanas y amigas desaparecidas o asesinadas\u2026.<\/p>\n<p>Este 25 de noviembre, en Redes Sociales se convocaba a una manifestaci\u00f3n pac\u00edfica sobre Feminicidios en Veracruz y Alerta de Violencia de G\u00e9nero, la cual, se realizar\u00eda en la Plaza Lerdo, en la capital del estado, a las 19:00\u2026 Y para variar, desde temprano, el Gobierno de Javier Duarte contrat\u00f3 los servicios del extorsionador Antonio Luna y militantes de su Partido sat\u00e9lite Frente Cardenista, para exigir cumplimiento de promesas y ya de plus, una despensa\u2026Indignante, utilizar a estos mercenarios, quienes se venden al mejor postor y hasta por veinte pesos, para ocupar la Plaza e impedir dicha manifestaci\u00f3n\u2026Y les podemos asegurar, que muchos de los cardenistas, no tienen ni la m\u00e1s remota idea, a qu\u00e9 van a estos m\u00edtines manipulados\u2026. S\u00f3lo les prometen pago y terrenos irregulares, as\u00ed como materiales para construcci\u00f3n\u2026 Y el evento, hasta \u00e9sta entrega, no se pudo realizar\u2026<\/p>\n<p>Vergonzosa, a actitud del Gobierno de Javier Duarte de censurar la manifestaci\u00f3n pac\u00edfica sobre un tema coyuntural, que se incrementa cada d\u00eda\u2026 Las agresiones a mujeres y feminicidios en Veracruz, tal parece son un deporte, as\u00ed como la explotaci\u00f3n de mujeres, como es el caso del delincuente y l\u00edder del Movimiento 400 Pueblos, C\u00e9sar del \u00c1ngel Fuentes, quien recluta hasta menores de edad para sus manifestaciones at\u00edpicas, de desnudo y llenas de ambici\u00f3n de un vetusto mantenido por el sistema gubernamental\u2026<\/p>\n<p>Los \u00f3rganos de defensor\u00eda del DIF Estatal y el Instituto de la Mujer, son meramente adornos para cumplir con la normatividad federal en la Comisi\u00f3n Nacional de los Derechos Humanos, tratados con los Derechos Humanos Interamericanos y los convenios de colaboraci\u00f3n con la PGR y la Secretar\u00eda de Gobernaci\u00f3n\u2026 Aqu\u00ed en Veracruz, si matan a una mujer de manera despiadada, los \u00fanicos que se indignan son los medios de comunicaci\u00f3n y las Redes Sociales\u2026 Las autoridades gubernamentales, extra\u00f1amente, hacen silencio\u2026<\/p>\n<p>Hay mucho por hacer\u2026 Los trabajos de Equidad de G\u00e9nero son importantes y el Congreso de Veracruz deber\u00e1 intervenir, exigiendo a los \u00f3rganos estatales hagan su trabajo y no sirvan, s\u00f3lo para cortar listones, ni para asistir a eventos como piezas decorativas\u2026 A su servidora, han agredido, intimidado y hasta amenazado en nuestra condici\u00f3n de periodista, pero tambi\u00e9n, soy mujer como cualquier otra, mereciendo tener derecho a que se nos brinden las garant\u00edas, para que las autoridades vigilen y eviten m\u00e1s agravios a nuestra persona\u2026 No por ser mujer, se permita tanta impunidad gubernamental\u2026<\/p>\n","protected":false},"excerpt":{"rendered":"<p>Claudia Guerrero Mart\u00ednez Entre lo ut\u00f3pico y lo verdadero De cada diez mujeres, seis sufren violencia de g\u00e9nero en M\u00e9xico\u2026 Seg\u00fan el INEGI, en su apartado sobre Encuesta Nacional sobre la Din\u00e1mica de las Relaciones en los Hogares, en la cual, asegura que mayores de 15 a\u00f1os han padecido distintos tipos de violencia, seg\u00fan datos [&hellip;]<\/p>\n","protected":false},"author":2,"featured_media":0,"comment_status":"open","ping_status":"open","sticky":false,"template":"","format":"standard","meta":{"tdm_status":"","tdm_grid_status":"","footnotes":""},"categories":[70],"tags":[4204,987,4203],"class_list":{"0":"post-19396","1":"post","2":"type-post","3":"status-publish","4":"format-standard","6":"category-de-opinion","7":"tag-cardenista","8":"tag-equidad-de-genero","9":"tag-instituto-de-la-mujer"},"yoast_head":"<!-- This site is optimized with the Yoast SEO plugin v27.4 - https:\/\/yoast.com\/product\/yoast-seo-wordpress\/ -->\n<title>Violencia de G\u00e9nero: Imparable - Los pol\u00edticos Veracruz<\/title>\n<meta name=\"robots\" content=\"index, follow, max-snippet:-1, max-image-preview:large, max-video-preview:-1\" \/>\n<link rel=\"canonical\" href=\"https:\/\/lospoliticosveracruz.com\/?p=19396\" \/>\n<meta property=\"og:locale\" content=\"es_ES\" \/>\n<meta property=\"og:type\" content=\"article\" \/>\n<meta property=\"og:title\" content=\"Violencia de G\u00e9nero: Imparable - Los pol\u00edticos Veracruz\" \/>\n<meta property=\"og:description\" content=\"Claudia Guerrero Mart\u00ednez Entre lo ut\u00f3pico y lo verdadero De cada diez mujeres, seis sufren violencia de g\u00e9nero en M\u00e9xico\u2026 Seg\u00fan el INEGI, en su apartado sobre Encuesta Nacional sobre la Din\u00e1mica de las Relaciones en los Hogares, en la cual, asegura que mayores de 15 a\u00f1os han padecido distintos tipos de violencia, seg\u00fan datos [&hellip;]\" \/>\n<meta property=\"og:url\" content=\"https:\/\/lospoliticosveracruz.com\/?p=19396\" \/>\n<meta property=\"og:site_name\" content=\"Los pol\u00edticos Veracruz\" \/>\n<meta property=\"article:publisher\" content=\"https:\/\/www.facebook.com\/people\/Notimemes-de-los-Polticos\/61565672886568\/\" \/>\n<meta property=\"article:published_time\" content=\"2015-11-26T14:51:41+00:00\" \/>\n<meta property=\"og:image\" content=\"http:\/\/www.lospoliticosveracruz.com.mx\/wp-content\/uploads\/2015\/11\/Antonio-Luna-Andrade-300x200.jpg\" \/>\n<meta name=\"author\" content=\"Lo viste en Los Pol\u00edticos\" \/>\n<meta name=\"twitter:card\" content=\"summary_large_image\" \/>\n<meta name=\"twitter:creator\" content=\"@LosPoliticosVer\" \/>\n<meta name=\"twitter:site\" content=\"@LosPoliticosVer\" \/>\n<meta name=\"twitter:label1\" content=\"Escrito por\" \/>\n\t<meta name=\"twitter:data1\" content=\"Lo viste en Los Pol\u00edticos\" \/>\n\t<meta name=\"twitter:label2\" content=\"Tiempo de lectura\" \/>\n\t<meta name=\"twitter:data2\" content=\"4 minutos\" \/>\n<script type=\"application\/ld+json\" class=\"yoast-schema-graph\">{\"@context\":\"https:\\\/\\\/schema.org\",\"@graph\":[{\"@type\":\"Article\",\"@id\":\"https:\\\/\\\/lospoliticosveracruz.com\\\/?p=19396#article\",\"isPartOf\":{\"@id\":\"https:\\\/\\\/lospoliticosveracruz.com\\\/?p=19396\"},\"author\":{\"name\":\"Lo viste en Los Pol\u00edticos\",\"@id\":\"https:\\\/\\\/lospoliticosveracruz.com\\\/#\\\/schema\\\/person\\\/b8702bb0e538456e6efd07080bf2a4a2\"},\"headline\":\"Violencia de G\u00e9nero: Imparable\",\"datePublished\":\"2015-11-26T14:51:41+00:00\",\"mainEntityOfPage\":{\"@id\":\"https:\\\/\\\/lospoliticosveracruz.com\\\/?p=19396\"},\"wordCount\":824,\"commentCount\":0,\"publisher\":{\"@id\":\"https:\\\/\\\/lospoliticosveracruz.com\\\/#organization\"},\"image\":{\"@id\":\"https:\\\/\\\/lospoliticosveracruz.com\\\/?p=19396#primaryimage\"},\"thumbnailUrl\":\"http:\\\/\\\/www.lospoliticosveracruz.com.mx\\\/wp-content\\\/uploads\\\/2015\\\/11\\\/Antonio-Luna-Andrade-300x200.jpg\",\"keywords\":[\"Cardenista\",\"Equidad de G\u00e9nero\",\"Instituto de la Mujer\"],\"articleSection\":[\"De Opini\u00f3n\"],\"inLanguage\":\"es\",\"potentialAction\":[{\"@type\":\"CommentAction\",\"name\":\"Comment\",\"target\":[\"https:\\\/\\\/lospoliticosveracruz.com\\\/?p=19396#respond\"]}]},{\"@type\":\"WebPage\",\"@id\":\"https:\\\/\\\/lospoliticosveracruz.com\\\/?p=19396\",\"url\":\"https:\\\/\\\/lospoliticosveracruz.com\\\/?p=19396\",\"name\":\"Violencia de G\u00e9nero: Imparable - Los pol\u00edticos Veracruz\",\"isPartOf\":{\"@id\":\"https:\\\/\\\/lospoliticosveracruz.com\\\/#website\"},\"primaryImageOfPage\":{\"@id\":\"https:\\\/\\\/lospoliticosveracruz.com\\\/?p=19396#primaryimage\"},\"image\":{\"@id\":\"https:\\\/\\\/lospoliticosveracruz.com\\\/?p=19396#primaryimage\"},\"thumbnailUrl\":\"http:\\\/\\\/www.lospoliticosveracruz.com.mx\\\/wp-content\\\/uploads\\\/2015\\\/11\\\/Antonio-Luna-Andrade-300x200.jpg\",\"datePublished\":\"2015-11-26T14:51:41+00:00\",\"breadcrumb\":{\"@id\":\"https:\\\/\\\/lospoliticosveracruz.com\\\/?p=19396#breadcrumb\"},\"inLanguage\":\"es\",\"potentialAction\":[{\"@type\":\"ReadAction\",\"target\":[\"https:\\\/\\\/lospoliticosveracruz.com\\\/?p=19396\"]}]},{\"@type\":\"ImageObject\",\"inLanguage\":\"es\",\"@id\":\"https:\\\/\\\/lospoliticosveracruz.com\\\/?p=19396#primaryimage\",\"url\":\"http:\\\/\\\/www.lospoliticosveracruz.com.mx\\\/wp-content\\\/uploads\\\/2015\\\/11\\\/Antonio-Luna-Andrade-300x200.jpg\",\"contentUrl\":\"http:\\\/\\\/www.lospoliticosveracruz.com.mx\\\/wp-content\\\/uploads\\\/2015\\\/11\\\/Antonio-Luna-Andrade-300x200.jpg\"},{\"@type\":\"BreadcrumbList\",\"@id\":\"https:\\\/\\\/lospoliticosveracruz.com\\\/?p=19396#breadcrumb\",\"itemListElement\":[{\"@type\":\"ListItem\",\"position\":1,\"name\":\"Portada\",\"item\":\"https:\\\/\\\/lospoliticosveracruz.com\\\/\"},{\"@type\":\"ListItem\",\"position\":2,\"name\":\"Violencia de G\u00e9nero: Imparable\"}]},{\"@type\":\"WebSite\",\"@id\":\"https:\\\/\\\/lospoliticosveracruz.com\\\/#website\",\"url\":\"https:\\\/\\\/lospoliticosveracruz.com\\\/\",\"name\":\"Los pol\u00edticos Veracruz\",\"description\":\"\",\"publisher\":{\"@id\":\"https:\\\/\\\/lospoliticosveracruz.com\\\/#organization\"},\"potentialAction\":[{\"@type\":\"SearchAction\",\"target\":{\"@type\":\"EntryPoint\",\"urlTemplate\":\"https:\\\/\\\/lospoliticosveracruz.com\\\/?s={search_term_string}\"},\"query-input\":{\"@type\":\"PropertyValueSpecification\",\"valueRequired\":true,\"valueName\":\"search_term_string\"}}],\"inLanguage\":\"es\"},{\"@type\":\"Organization\",\"@id\":\"https:\\\/\\\/lospoliticosveracruz.com\\\/#organization\",\"name\":\"Los pol\u00edticos Veracruz\",\"url\":\"https:\\\/\\\/lospoliticosveracruz.com\\\/\",\"logo\":{\"@type\":\"ImageObject\",\"inLanguage\":\"es\",\"@id\":\"https:\\\/\\\/lospoliticosveracruz.com\\\/#\\\/schema\\\/logo\\\/image\\\/\",\"url\":\"https:\\\/\\\/lospoliticosveracruz.com\\\/wp-content\\\/uploads\\\/2025\\\/12\\\/Logo-Nuevo-LOS-POLITICOS-1.jpg\",\"contentUrl\":\"https:\\\/\\\/lospoliticosveracruz.com\\\/wp-content\\\/uploads\\\/2025\\\/12\\\/Logo-Nuevo-LOS-POLITICOS-1.jpg\",\"width\":260,\"height\":70,\"caption\":\"Los pol\u00edticos Veracruz\"},\"image\":{\"@id\":\"https:\\\/\\\/lospoliticosveracruz.com\\\/#\\\/schema\\\/logo\\\/image\\\/\"},\"sameAs\":[\"https:\\\/\\\/www.facebook.com\\\/people\\\/Notimemes-de-los-Polticos\\\/61565672886568\\\/\",\"https:\\\/\\\/x.com\\\/LosPoliticosVer\"]},{\"@type\":\"Person\",\"@id\":\"https:\\\/\\\/lospoliticosveracruz.com\\\/#\\\/schema\\\/person\\\/b8702bb0e538456e6efd07080bf2a4a2\",\"name\":\"Lo viste en Los Pol\u00edticos\",\"image\":{\"@type\":\"ImageObject\",\"inLanguage\":\"es\",\"@id\":\"https:\\\/\\\/secure.gravatar.com\\\/avatar\\\/3a8de04a2656d44082be478bd6c086daa447c4651605818287b9532d3d0bd435?s=96&d=mm&r=g\",\"url\":\"https:\\\/\\\/secure.gravatar.com\\\/avatar\\\/3a8de04a2656d44082be478bd6c086daa447c4651605818287b9532d3d0bd435?s=96&d=mm&r=g\",\"contentUrl\":\"https:\\\/\\\/secure.gravatar.com\\\/avatar\\\/3a8de04a2656d44082be478bd6c086daa447c4651605818287b9532d3d0bd435?s=96&d=mm&r=g\",\"caption\":\"Lo viste en Los Pol\u00edticos\"},\"url\":\"https:\\\/\\\/lospoliticosveracruz.com\\\/?author=2\"}]}<\/script>\n<!-- \/ Yoast SEO plugin. -->","yoast_head_json":{"title":"Violencia de G\u00e9nero: Imparable - Los pol\u00edticos Veracruz","robots":{"index":"index","follow":"follow","max-snippet":"max-snippet:-1","max-image-preview":"max-image-preview:large","max-video-preview":"max-video-preview:-1"},"canonical":"https:\/\/lospoliticosveracruz.com\/?p=19396","og_locale":"es_ES","og_type":"article","og_title":"Violencia de G\u00e9nero: Imparable - Los pol\u00edticos Veracruz","og_description":"Claudia Guerrero Mart\u00ednez Entre lo ut\u00f3pico y lo verdadero De cada diez mujeres, seis sufren violencia de g\u00e9nero en M\u00e9xico\u2026 Seg\u00fan el INEGI, en su apartado sobre Encuesta Nacional sobre la Din\u00e1mica de las Relaciones en los Hogares, en la cual, asegura que mayores de 15 a\u00f1os han padecido distintos tipos de violencia, seg\u00fan datos [&hellip;]","og_url":"https:\/\/lospoliticosveracruz.com\/?p=19396","og_site_name":"Los pol\u00edticos Veracruz","article_publisher":"https:\/\/www.facebook.com\/people\/Notimemes-de-los-Polticos\/61565672886568\/","article_published_time":"2015-11-26T14:51:41+00:00","og_image":[{"url":"http:\/\/www.lospoliticosveracruz.com.mx\/wp-content\/uploads\/2015\/11\/Antonio-Luna-Andrade-300x200.jpg","type":"","width":"","height":""}],"author":"Lo viste en Los Pol\u00edticos","twitter_card":"summary_large_image","twitter_creator":"@LosPoliticosVer","twitter_site":"@LosPoliticosVer","twitter_misc":{"Escrito por":"Lo viste en Los Pol\u00edticos","Tiempo de lectura":"4 minutos"},"schema":{"@context":"https:\/\/schema.org","@graph":[{"@type":"Article","@id":"https:\/\/lospoliticosveracruz.com\/?p=19396#article","isPartOf":{"@id":"https:\/\/lospoliticosveracruz.com\/?p=19396"},"author":{"name":"Lo viste en Los Pol\u00edticos","@id":"https:\/\/lospoliticosveracruz.com\/#\/schema\/person\/b8702bb0e538456e6efd07080bf2a4a2"},"headline":"Violencia de G\u00e9nero: Imparable","datePublished":"2015-11-26T14:51:41+00:00","mainEntityOfPage":{"@id":"https:\/\/lospoliticosveracruz.com\/?p=19396"},"wordCount":824,"commentCount":0,"publisher":{"@id":"https:\/\/lospoliticosveracruz.com\/#organization"},"image":{"@id":"https:\/\/lospoliticosveracruz.com\/?p=19396#primaryimage"},"thumbnailUrl":"http:\/\/www.lospoliticosveracruz.com.mx\/wp-content\/uploads\/2015\/11\/Antonio-Luna-Andrade-300x200.jpg","keywords":["Cardenista","Equidad de G\u00e9nero","Instituto de la Mujer"],"articleSection":["De Opini\u00f3n"],"inLanguage":"es","potentialAction":[{"@type":"CommentAction","name":"Comment","target":["https:\/\/lospoliticosveracruz.com\/?p=19396#respond"]}]},{"@type":"WebPage","@id":"https:\/\/lospoliticosveracruz.com\/?p=19396","url":"https:\/\/lospoliticosveracruz.com\/?p=19396","name":"Violencia de G\u00e9nero: Imparable - Los pol\u00edticos Veracruz","isPartOf":{"@id":"https:\/\/lospoliticosveracruz.com\/#website"},"primaryImageOfPage":{"@id":"https:\/\/lospoliticosveracruz.com\/?p=19396#primaryimage"},"image":{"@id":"https:\/\/lospoliticosveracruz.com\/?p=19396#primaryimage"},"thumbnailUrl":"http:\/\/www.lospoliticosveracruz.com.mx\/wp-content\/uploads\/2015\/11\/Antonio-Luna-Andrade-300x200.jpg","datePublished":"2015-11-26T14:51:41+00:00","breadcrumb":{"@id":"https:\/\/lospoliticosveracruz.com\/?p=19396#breadcrumb"},"inLanguage":"es","potentialAction":[{"@type":"ReadAction","target":["https:\/\/lospoliticosveracruz.com\/?p=19396"]}]},{"@type":"ImageObject","inLanguage":"es","@id":"https:\/\/lospoliticosveracruz.com\/?p=19396#primaryimage","url":"http:\/\/www.lospoliticosveracruz.com.mx\/wp-content\/uploads\/2015\/11\/Antonio-Luna-Andrade-300x200.jpg","contentUrl":"http:\/\/www.lospoliticosveracruz.com.mx\/wp-content\/uploads\/2015\/11\/Antonio-Luna-Andrade-300x200.jpg"},{"@type":"BreadcrumbList","@id":"https:\/\/lospoliticosveracruz.com\/?p=19396#breadcrumb","itemListElement":[{"@type":"ListItem","position":1,"name":"Portada","item":"https:\/\/lospoliticosveracruz.com\/"},{"@type":"ListItem","position":2,"name":"Violencia de G\u00e9nero: Imparable"}]},{"@type":"WebSite","@id":"https:\/\/lospoliticosveracruz.com\/#website","url":"https:\/\/lospoliticosveracruz.com\/","name":"Los pol\u00edticos Veracruz","description":"","publisher":{"@id":"https:\/\/lospoliticosveracruz.com\/#organization"},"potentialAction":[{"@type":"SearchAction","target":{"@type":"EntryPoint","urlTemplate":"https:\/\/lospoliticosveracruz.com\/?s={search_term_string}"},"query-input":{"@type":"PropertyValueSpecification","valueRequired":true,"valueName":"search_term_string"}}],"inLanguage":"es"},{"@type":"Organization","@id":"https:\/\/lospoliticosveracruz.com\/#organization","name":"Los pol\u00edticos Veracruz","url":"https:\/\/lospoliticosveracruz.com\/","logo":{"@type":"ImageObject","inLanguage":"es","@id":"https:\/\/lospoliticosveracruz.com\/#\/schema\/logo\/image\/","url":"https:\/\/lospoliticosveracruz.com\/wp-content\/uploads\/2025\/12\/Logo-Nuevo-LOS-POLITICOS-1.jpg","contentUrl":"https:\/\/lospoliticosveracruz.com\/wp-content\/uploads\/2025\/12\/Logo-Nuevo-LOS-POLITICOS-1.jpg","width":260,"height":70,"caption":"Los pol\u00edticos Veracruz"},"image":{"@id":"https:\/\/lospoliticosveracruz.com\/#\/schema\/logo\/image\/"},"sameAs":["https:\/\/www.facebook.com\/people\/Notimemes-de-los-Polticos\/61565672886568\/","https:\/\/x.com\/LosPoliticosVer"]},{"@type":"Person","@id":"https:\/\/lospoliticosveracruz.com\/#\/schema\/person\/b8702bb0e538456e6efd07080bf2a4a2","name":"Lo viste en Los Pol\u00edticos","image":{"@type":"ImageObject","inLanguage":"es","@id":"https:\/\/secure.gravatar.com\/avatar\/3a8de04a2656d44082be478bd6c086daa447c4651605818287b9532d3d0bd435?s=96&d=mm&r=g","url":"https:\/\/secure.gravatar.com\/avatar\/3a8de04a2656d44082be478bd6c086daa447c4651605818287b9532d3d0bd435?s=96&d=mm&r=g","contentUrl":"https:\/\/secure.gravatar.com\/avatar\/3a8de04a2656d44082be478bd6c086daa447c4651605818287b9532d3d0bd435?s=96&d=mm&r=g","caption":"Lo viste en Los Pol\u00edticos"},"url":"https:\/\/lospoliticosveracruz.com\/?author=2"}]}},"_links":{"self":[{"href":"https:\/\/lospoliticosveracruz.com\/index.php?rest_route=\/wp\/v2\/posts\/19396","targetHints":{"allow":["GET"]}}],"collection":[{"href":"https:\/\/lospoliticosveracruz.com\/index.php?rest_route=\/wp\/v2\/posts"}],"about":[{"href":"https:\/\/lospoliticosveracruz.com\/index.php?rest_route=\/wp\/v2\/types\/post"}],"author":[{"embeddable":true,"href":"https:\/\/lospoliticosveracruz.com\/index.php?rest_route=\/wp\/v2\/users\/2"}],"replies":[{"embeddable":true,"href":"https:\/\/lospoliticosveracruz.com\/index.php?rest_route=%2Fwp%2Fv2%2Fcomments&post=19396"}],"version-history":[{"count":1,"href":"https:\/\/lospoliticosveracruz.com\/index.php?rest_route=\/wp\/v2\/posts\/19396\/revisions"}],"predecessor-version":[{"id":19398,"href":"https:\/\/lospoliticosveracruz.com\/index.php?rest_route=\/wp\/v2\/posts\/19396\/revisions\/19398"}],"wp:attachment":[{"href":"https:\/\/lospoliticosveracruz.com\/index.php?rest_route=%2Fwp%2Fv2%2Fmedia&parent=19396"}],"wp:term":[{"taxonomy":"category","embeddable":true,"href":"https:\/\/lospoliticosveracruz.com\/index.php?rest_route=%2Fwp%2Fv2%2Fcategories&post=19396"},{"taxonomy":"post_tag","embeddable":true,"href":"https:\/\/lospoliticosveracruz.com\/index.php?rest_route=%2Fwp%2Fv2%2Ftags&post=19396"}],"curies":[{"name":"wp","href":"https:\/\/api.w.org\/{rel}","templated":true}]}}